{"id":49010,"date":"2024-01-27T21:31:28","date_gmt":"2024-01-27T20:31:28","guid":{"rendered":"https:\/\/lasentinelle.dz\/?p=49010"},"modified":"2024-01-27T21:31:29","modified_gmt":"2024-01-27T20:31:29","slug":"projet-phosphate-integre-un-nouveau-quai-mineralier-au-port-dannaba","status":"publish","type":"post","link":"https:\/\/lasentinelle.dz\/index.php\/2024\/01\/27\/projet-phosphate-integre-un-nouveau-quai-mineralier-au-port-dannaba\/","title":{"rendered":"Projet phosphate int\u00e9gr\u00e9\u00a0: Un nouveau quai min\u00e9ralier au port d\u2019Annaba"},"content":{"rendered":"\n<p>Le Conseil des ministres a, lors de sa r\u00e9union mercredi pr\u00e9sid\u00e9e par le pr\u00e9sident de la R\u00e9publique, M. Abdelmadjid Tebboune,&nbsp; donn\u00e9 son aval \u00e0 la faveur d\u2019un march\u00e9 de gr\u00e9 \u00e0 gr\u00e9 pour l\u2019expansion du port d\u2019Annaba et la r\u00e9alisation d\u2019une voie ferr\u00e9e reliant le quai min\u00e9ralier \u00e0 la ligne mini\u00e8re.<\/p>\n\n\n\n<p>Le port d\u2019Annaba est l\u2019un des cinq ports strat\u00e9giques du pays et qui fait partie \u00e9galement du plan du gouvernement pour la r\u00e9alisation du m\u00e9gaprojet du phosphate int\u00e9gr\u00e9 de T\u00e9bessa.&nbsp; Ainsi, le projet de l\u2019expansion port se greffe au projet&nbsp; du d\u00e9doublement et modernisation de la voie ferr\u00e9e Djebel Onk dans la wilaya de T\u00e9bessa&nbsp; reliant le port d\u2019Annaba en passant par Dr\u00e9an \u00e0 El Tarf.&nbsp; Parall\u00e8lement \u00e0 ce projet d\u00e9j\u00e0 en cours de r\u00e9alisation, le pr\u00e9sident de la R\u00e9publique \u00e0 lors dudit conseil donn\u00e9 son accord&nbsp; pour la r\u00e9alisation, dans le port commercial de la wilaya Annaba, d&rsquo;un&nbsp; nouveau terminal min\u00e9ralier&nbsp; qui sera connect\u00e9 \u00e0 la voie ferr\u00e9e, dont les travaux seront lanc\u00e9s avant fin f\u00e9vrier prochain et ce, dans le cadre du projet d\u2019expansion du port qui inclut une partie du Projet Phosphates int\u00e9gr\u00e9, a expliqu\u00e9 dans ce sens le directeur de l\u2019Agence nationale d\u2019\u00e9tudes et de r\u00e9alisation d\u2019infrastructures portuaires, Amar Grine, dans une d\u00e9claration \u00e0 l\u2019APS. Il convient de souligner que le projet phosphate int\u00e9gr\u00e9 concerne quatre wilayas de la r\u00e9gion Est du pays, \u00e0 savoir T\u00e9bessa, Souk Ahras, Skikda et Annaba. Les travaux d\u2019expansion du port consistent en&nbsp; la r\u00e9alisation d\u2019un quai min\u00e9ralier d\u2019une longueur de 1.600 m\u00e8tres et d\u2019une profondeur de 16 m\u00e8tres qui permettra l\u2019accostage de navires de transport de phosphate et de cargos de taille importante, pr\u00e9cise Amar Grine. Pour un d\u00e9lai de r\u00e9alisation de 24 mois, le quai sera&nbsp; r\u00e9alis\u00e9 dans la partie Est du port et couvrira une superficie de 82 hectares sur la terre ferme, ajoute-il, soulignant que l\u2019am\u00e9nagement du quai et son \u00e9quipement en vue de l\u2019activit\u00e9 d\u2019exportation seront \u00ab\u00a0pris en charge par la soci\u00e9t\u00e9 devant exploiter et valoriser le phosphate dans le cadre du Projet Phosphates int\u00e9gr\u00e9\u00a0\u00bb. Occupant&nbsp; actuellement 1 30 hectares, en termes d\u2019activit\u00e9s d\u2019exportation hors hydrocarbures, le port d\u2019Annaba est l\u2019un des plus importantes structures portuaires d\u2019Alg\u00e9rie. Il&nbsp; comprend 22 postes \u00e0 quai, il&nbsp; a r\u00e9alis\u00e9 en 2023, un volume total d\u2019exportations hors hydrocarbures de plus de 4 millions de tonnes de marchandises diverses (produits sid\u00e9rurgiques, engrais phosphat\u00e9s, clinker et produits de l\u2019agriculture et de la p\u00eache). Des exportations effectu\u00e9es par des op\u00e9rateurs \u00e9conomiques publics et priv\u00e9s activant dans plus de 17 wilayas de l\u2019est du pays. Avec la concr\u00e9tisation du m\u00e9ga Projet Phosphates int\u00e9gr\u00e9, plus grand projet d\u2019investissement dans le domaine des engrais, consolidera l\u2019importance \u00e9conomique du port d\u2019Annaba en mati\u00e8re d\u2019exportations hors hydrocarbures. Dans ce sens, M. Grine souligne que le projet d\u2019expansion du port d\u2019Annaba \u00ab\u00a0repr\u00e9sente une partie strat\u00e9gique\u00a0\u00bb.<\/p>\n\n\n\n<p>En effet, le caract\u00e8re urgent de ce projet d\u2019accompagnement du d\u00e9veloppement de la mine de phosphate de T\u00e9bessa motive l\u2019expansion dont les travaux de r\u00e9alisation seront r\u00e9alis\u00e9s par des entreprises sp\u00e9cialis\u00e9es dans les travaux maritimes et la r\u00e9alisation de ports.&nbsp; L\u2019am\u00e9nagement du quai et son \u00e9quipement en vue de l\u2019activit\u00e9 d\u2019exportation seront pris en charge par la soci\u00e9t\u00e9 devant exploiter et valoriser le phosphate dans le cadre du Projet Phosphates int\u00e9gr\u00e9.&nbsp; Au mois de juillet de l\u2019ann\u00e9e derni\u00e8re et \u00e0 l\u2019occasion de la visite d\u2019Abdelmadjid Tebboune en Chine, le pr\u00e9sident chinois avait affich\u00e9 l\u2019int\u00e9r\u00eat de son pays pour le projet d\u2019extension du port d\u2019Annaba. En effet, avant l\u2019entr\u00e9e en exploitation du m\u00e9gaprojet de phosphate int\u00e9gr\u00e9, \u00e0 l\u2019est du pays, pr\u00e9vue pour 2025, les pouvoirs publics se lancent dans une course contre la montre pour la mise en place d\u2019infrastructures n\u00e9cessaires pour le d\u00e9veloppement de ce gigantesque gisement de phosphate dans le pays dans les plus brefs d\u00e9lais. Apr\u00e8s le lancement des travaux de r\u00e9alisation de la liaison ferroviaire entre le port d\u2019Annaba et les sites miniers dont les travaux sont en cours, il est donc question de pr\u00e9parer l\u2019infrastructure portuaire pour recevoir les produits miniers en provenance des diff\u00e9rentes unit\u00e9s de production et de traitement. En d\u2019autres termes, il s\u2019agit de l\u2019entr\u00e9e en phase 2 de la r\u00e9alisation de ce m\u00e9gaprojet de phosphate, dont la date de r\u00e9ception est pr\u00e9vue pour l\u2019ann\u00e9e prochaine. Cette infrastructure est d\u2019une importance cruciale dans le d\u00e9veloppement de la mine de phosphate de T\u00e9bessa, puisqu\u2019il s\u2019agit du portail pour l\u2019exportation \u00e0 la fois de la mati\u00e8re premi\u00e8re et du produit fini. Le m\u00e9gaprojet de phosphate int\u00e9gr\u00e9, dont les travaux d\u2019extraction ont \u00e9t\u00e9 entam\u00e9 le mois de juillet 2022, a \u00e9t\u00e9 lanc\u00e9 en partenariat entre les groupes alg\u00e9riens Asmidal (filiale de Sonatrach) et Manadjim El-Djazair (Manal) d\u2019une part, et les soci\u00e9t\u00e9s chinoises Wuhuan et Tian\u2019an d\u2019autre part, pour un montant d\u2019investissement de 6 milliards de dollars. Il consiste en&nbsp; l\u2019extraction de la mati\u00e8re premi\u00e8re au niveau des gisements de T\u00e9bessa et de Bled El-Hadba, et la transformation de la mati\u00e8re premi\u00e8re au niveau des sites \u00e0 Skikda, Annaba, Souk Ahras et d\u2019autres pour une production de plus de 5 millions de tonnes d\u2019engrais azot\u00e9s, des fertilisants et d\u2019autres produits chimiques.<\/p>\n\n\n\n<p><strong>Sofia Chahine<\/strong><\/p>\n","protected":false},"excerpt":{"rendered":"<p>Le Conseil des ministres a, lors de sa r\u00e9union mercredi pr\u00e9sid\u00e9e par le pr\u00e9sident de la R\u00e9publique, M. Abdelmadjid Tebboune,&nbsp;<\/p>\n","protected":false},"author":3,"featured_media":49011,"comment_status":"open","ping_status":"closed","sticky":false,"template":"","format":"standard","meta":{"colormag_page_container_layout":"default_layout","colormag_page_sidebar_layout":"default_layout","om_disable_all_campaigns":false,"_monsterinsights_skip_tracking":false,"_monsterinsights_sitenote_active":false,"_monsterinsights_sitenote_note":"","_monsterinsights_sitenote_category":0,"footnotes":"","_wpscppro_dont_share_socialmedia":false,"_wpscppro_custom_social_share_image":0,"_facebook_share_type":"","_twitter_share_type":"","_linkedin_share_type":"","_pinterest_share_type":"","_linkedin_share_type_page":"","_instagram_share_type":"","_medium_share_type":"","_threads_share_type":"","_google_business_share_type":"","_selected_social_profile":[],"_wpsp_enable_custom_social_template":false,"_wpsp_social_scheduling":{"enabled":false,"datetime":null,"platforms":[],"status":"template_only","dateOption":"today","timeOption":"now","customDays":"","customHours":"","customDate":"","customTime":"","schedulingType":"absolute"},"_wpsp_active_default_template":true},"categories":[52,29],"tags":[],"class_list":["post-49010","post","type-post","status-publish","format-standard","has-post-thumbnail","hentry","category-a-la-une","category-economie"],"aioseo_notices":[],"yoast_head":"<!-- This site is optimized with the Yoast SEO plugin v27.5 - https:\/\/yoast.com\/product\/yoast-seo-wordpress\/ -->\n<title>Projet phosphate int\u00e9gr\u00e9\u00a0: Un nouveau quai min\u00e9ralier au port d\u2019Annaba - La Sentinelle<\/title>\n<meta name=\"robots\" content=\"index, follow, max-snippet:-1, max-image-preview:large, max-video-preview:-1\" \/>\n<link rel=\"canonical\" href=\"https:\/\/lasentinelle.dz\/index.php\/2024\/01\/27\/projet-phosphate-integre-un-nouveau-quai-mineralier-au-port-dannaba\/\" \/>\n<meta property=\"og:locale\" content=\"fr_FR\" \/>\n<meta property=\"og:type\" content=\"article\" \/>\n<meta property=\"og:title\" content=\"Projet phosphate int\u00e9gr\u00e9\u00a0: Un nouveau quai min\u00e9ralier au port d\u2019Annaba - La Sentinelle\" \/>\n<meta property=\"og:description\" content=\"Le Conseil des ministres a, lors de sa r\u00e9union mercredi pr\u00e9sid\u00e9e par le pr\u00e9sident de la R\u00e9publique, M. Abdelmadjid Tebboune,&nbsp;\" \/>\n<meta property=\"og:url\" content=\"https:\/\/lasentinelle.dz\/index.php\/2024\/01\/27\/projet-phosphate-integre-un-nouveau-quai-mineralier-au-port-dannaba\/\" \/>\n<meta property=\"og:site_name\" content=\"La Sentinelle\" \/>\n<meta property=\"article:publisher\" content=\"https:\/\/www.facebook.com\/La-Sentinelle-104059864394773\" \/>\n<meta property=\"article:published_time\" content=\"2024-01-27T20:31:28+00:00\" \/>\n<meta property=\"article:modified_time\" content=\"2024-01-27T20:31:29+00:00\" \/>\n<meta property=\"og:image\" content=\"https:\/\/lasentinelle.dz\/wp-content\/uploads\/2024\/01\/port-dannaba.jpeg\" \/>\n\t<meta property=\"og:image:width\" content=\"1000\" \/>\n\t<meta property=\"og:image:height\" content=\"695\" \/>\n\t<meta property=\"og:image:type\" content=\"image\/jpeg\" \/>\n<meta name=\"author\" content=\"La Sentinelle\" \/>\n<meta name=\"twitter:card\" content=\"summary_large_image\" \/>\n<meta name=\"twitter:label1\" content=\"\u00c9crit par\" \/>\n\t<meta name=\"twitter:data1\" content=\"La Sentinelle\" \/>\n\t<meta name=\"twitter:label2\" content=\"Dur\u00e9e de lecture estim\u00e9e\" \/>\n\t<meta name=\"twitter:data2\" content=\"5 minutes\" \/>\n<script type=\"application\/ld+json\" class=\"yoast-schema-graph\">{\"@context\":\"https:\\\/\\\/schema.org\",\"@graph\":[{\"@type\":\"Article\",\"@id\":\"https:\\\/\\\/lasentinelle.dz\\\/index.php\\\/2024\\\/01\\\/27\\\/projet-phosphate-integre-un-nouveau-quai-mineralier-au-port-dannaba\\\/#article\",\"isPartOf\":{\"@id\":\"https:\\\/\\\/lasentinelle.dz\\\/index.php\\\/2024\\\/01\\\/27\\\/projet-phosphate-integre-un-nouveau-quai-mineralier-au-port-dannaba\\\/\"},\"author\":{\"name\":\"La Sentinelle\",\"@id\":\"https:\\\/\\\/lasentinelle.dz\\\/#\\\/schema\\\/person\\\/d865044e22e70a75174ce8bcad3acfb3\"},\"headline\":\"Projet phosphate int\u00e9gr\u00e9\u00a0: Un nouveau quai min\u00e9ralier au port d\u2019Annaba\",\"datePublished\":\"2024-01-27T20:31:28+00:00\",\"dateModified\":\"2024-01-27T20:31:29+00:00\",\"mainEntityOfPage\":{\"@id\":\"https:\\\/\\\/lasentinelle.dz\\\/index.php\\\/2024\\\/01\\\/27\\\/projet-phosphate-integre-un-nouveau-quai-mineralier-au-port-dannaba\\\/\"},\"wordCount\":1022,\"commentCount\":0,\"publisher\":{\"@id\":\"https:\\\/\\\/lasentinelle.dz\\\/#organization\"},\"image\":{\"@id\":\"https:\\\/\\\/lasentinelle.dz\\\/index.php\\\/2024\\\/01\\\/27\\\/projet-phosphate-integre-un-nouveau-quai-mineralier-au-port-dannaba\\\/#primaryimage\"},\"thumbnailUrl\":\"https:\\\/\\\/lasentinelle.dz\\\/wp-content\\\/uploads\\\/2024\\\/01\\\/port-dannaba.jpeg\",\"articleSection\":[\"\u00c0 la Une\",\"\u00c9conomie\"],\"inLanguage\":\"fr-FR\",\"potentialAction\":[{\"@type\":\"CommentAction\",\"name\":\"Comment\",\"target\":[\"https:\\\/\\\/lasentinelle.dz\\\/index.php\\\/2024\\\/01\\\/27\\\/projet-phosphate-integre-un-nouveau-quai-mineralier-au-port-dannaba\\\/#respond\"]}]},{\"@type\":\"WebPage\",\"@id\":\"https:\\\/\\\/lasentinelle.dz\\\/index.php\\\/2024\\\/01\\\/27\\\/projet-phosphate-integre-un-nouveau-quai-mineralier-au-port-dannaba\\\/\",\"url\":\"https:\\\/\\\/lasentinelle.dz\\\/index.php\\\/2024\\\/01\\\/27\\\/projet-phosphate-integre-un-nouveau-quai-mineralier-au-port-dannaba\\\/\",\"name\":\"Projet phosphate int\u00e9gr\u00e9\u00a0: Un nouveau quai min\u00e9ralier au port d\u2019Annaba - La Sentinelle\",\"isPartOf\":{\"@id\":\"https:\\\/\\\/lasentinelle.dz\\\/#website\"},\"primaryImageOfPage\":{\"@id\":\"https:\\\/\\\/lasentinelle.dz\\\/index.php\\\/2024\\\/01\\\/27\\\/projet-phosphate-integre-un-nouveau-quai-mineralier-au-port-dannaba\\\/#primaryimage\"},\"image\":{\"@id\":\"https:\\\/\\\/lasentinelle.dz\\\/index.php\\\/2024\\\/01\\\/27\\\/projet-phosphate-integre-un-nouveau-quai-mineralier-au-port-dannaba\\\/#primaryimage\"},\"thumbnailUrl\":\"https:\\\/\\\/lasentinelle.dz\\\/wp-content\\\/uploads\\\/2024\\\/01\\\/port-dannaba.jpeg\",\"datePublished\":\"2024-01-27T20:31:28+00:00\",\"dateModified\":\"2024-01-27T20:31:29+00:00\",\"breadcrumb\":{\"@id\":\"https:\\\/\\\/lasentinelle.dz\\\/index.php\\\/2024\\\/01\\\/27\\\/projet-phosphate-integre-un-nouveau-quai-mineralier-au-port-dannaba\\\/#breadcrumb\"},\"inLanguage\":\"fr-FR\",\"potentialAction\":[{\"@type\":\"ReadAction\",\"target\":[\"https:\\\/\\\/lasentinelle.dz\\\/index.php\\\/2024\\\/01\\\/27\\\/projet-phosphate-integre-un-nouveau-quai-mineralier-au-port-dannaba\\\/\"]}]},{\"@type\":\"ImageObject\",\"inLanguage\":\"fr-FR\",\"@id\":\"https:\\\/\\\/lasentinelle.dz\\\/index.php\\\/2024\\\/01\\\/27\\\/projet-phosphate-integre-un-nouveau-quai-mineralier-au-port-dannaba\\\/#primaryimage\",\"url\":\"https:\\\/\\\/lasentinelle.dz\\\/wp-content\\\/uploads\\\/2024\\\/01\\\/port-dannaba.jpeg\",\"contentUrl\":\"https:\\\/\\\/lasentinelle.dz\\\/wp-content\\\/uploads\\\/2024\\\/01\\\/port-dannaba.jpeg\",\"width\":1000,\"height\":695},{\"@type\":\"BreadcrumbList\",\"@id\":\"https:\\\/\\\/lasentinelle.dz\\\/index.php\\\/2024\\\/01\\\/27\\\/projet-phosphate-integre-un-nouveau-quai-mineralier-au-port-dannaba\\\/#breadcrumb\",\"itemListElement\":[{\"@type\":\"ListItem\",\"position\":1,\"name\":\"Accueil\",\"item\":\"https:\\\/\\\/lasentinelle.dz\\\/\"},{\"@type\":\"ListItem\",\"position\":2,\"name\":\"Projet phosphate int\u00e9gr\u00e9\u00a0: Un nouveau quai min\u00e9ralier au port d\u2019Annaba\"}]},{\"@type\":\"WebSite\",\"@id\":\"https:\\\/\\\/lasentinelle.dz\\\/#website\",\"url\":\"https:\\\/\\\/lasentinelle.dz\\\/\",\"name\":\"La Sentinelle\",\"description\":\"Quotidien national d&#039;information\",\"publisher\":{\"@id\":\"https:\\\/\\\/lasentinelle.dz\\\/#organization\"},\"potentialAction\":[{\"@type\":\"SearchAction\",\"target\":{\"@type\":\"EntryPoint\",\"urlTemplate\":\"https:\\\/\\\/lasentinelle.dz\\\/?s={search_term_string}\"},\"query-input\":{\"@type\":\"PropertyValueSpecification\",\"valueRequired\":true,\"valueName\":\"search_term_string\"}}],\"inLanguage\":\"fr-FR\"},{\"@type\":\"Organization\",\"@id\":\"https:\\\/\\\/lasentinelle.dz\\\/#organization\",\"name\":\"Quotidien La Sentinelle\",\"url\":\"https:\\\/\\\/lasentinelle.dz\\\/\",\"logo\":{\"@type\":\"ImageObject\",\"inLanguage\":\"fr-FR\",\"@id\":\"https:\\\/\\\/lasentinelle.dz\\\/#\\\/schema\\\/logo\\\/image\\\/\",\"url\":\"https:\\\/\\\/lasentinelle.dz\\\/wp-content\\\/uploads\\\/2021\\\/09\\\/logo-sentinelleSLOGAN-1.png\",\"contentUrl\":\"https:\\\/\\\/lasentinelle.dz\\\/wp-content\\\/uploads\\\/2021\\\/09\\\/logo-sentinelleSLOGAN-1.png\",\"width\":615,\"height\":142,\"caption\":\"Quotidien La Sentinelle\"},\"image\":{\"@id\":\"https:\\\/\\\/lasentinelle.dz\\\/#\\\/schema\\\/logo\\\/image\\\/\"},\"sameAs\":[\"https:\\\/\\\/www.facebook.com\\\/La-Sentinelle-104059864394773\"]},{\"@type\":\"Person\",\"@id\":\"https:\\\/\\\/lasentinelle.dz\\\/#\\\/schema\\\/person\\\/d865044e22e70a75174ce8bcad3acfb3\",\"name\":\"La Sentinelle\",\"image\":{\"@type\":\"ImageObject\",\"inLanguage\":\"fr-FR\",\"@id\":\"https:\\\/\\\/secure.gravatar.com\\\/avatar\\\/57de8e5d4b15d43fb361a71fbb36338450fe67865b528a43dd10ef7c51a20392?s=96&d=mm&r=g\",\"url\":\"https:\\\/\\\/secure.gravatar.com\\\/avatar\\\/57de8e5d4b15d43fb361a71fbb36338450fe67865b528a43dd10ef7c51a20392?s=96&d=mm&r=g\",\"contentUrl\":\"https:\\\/\\\/secure.gravatar.com\\\/avatar\\\/57de8e5d4b15d43fb361a71fbb36338450fe67865b528a43dd10ef7c51a20392?s=96&d=mm&r=g\",\"caption\":\"La Sentinelle\"},\"sameAs\":[\"http:\\\/\\\/www.lasentinelle.dz\"],\"url\":\"https:\\\/\\\/lasentinelle.dz\\\/author\\\/redaction\\\/\"}]}<\/script>\n<!-- \/ Yoast SEO plugin. -->","yoast_head_json":{"title":"Projet phosphate int\u00e9gr\u00e9\u00a0: Un nouveau quai min\u00e9ralier au port d\u2019Annaba - La Sentinelle","robots":{"index":"index","follow":"follow","max-snippet":"max-snippet:-1","max-image-preview":"max-image-preview:large","max-video-preview":"max-video-preview:-1"},"canonical":"https:\/\/lasentinelle.dz\/index.php\/2024\/01\/27\/projet-phosphate-integre-un-nouveau-quai-mineralier-au-port-dannaba\/","og_locale":"fr_FR","og_type":"article","og_title":"Projet phosphate int\u00e9gr\u00e9\u00a0: Un nouveau quai min\u00e9ralier au port d\u2019Annaba - La Sentinelle","og_description":"Le Conseil des ministres a, lors de sa r\u00e9union mercredi pr\u00e9sid\u00e9e par le pr\u00e9sident de la R\u00e9publique, M. Abdelmadjid Tebboune,&nbsp;","og_url":"https:\/\/lasentinelle.dz\/index.php\/2024\/01\/27\/projet-phosphate-integre-un-nouveau-quai-mineralier-au-port-dannaba\/","og_site_name":"La Sentinelle","article_publisher":"https:\/\/www.facebook.com\/La-Sentinelle-104059864394773","article_published_time":"2024-01-27T20:31:28+00:00","article_modified_time":"2024-01-27T20:31:29+00:00","og_image":[{"width":1000,"height":695,"url":"https:\/\/lasentinelle.dz\/wp-content\/uploads\/2024\/01\/port-dannaba.jpeg","type":"image\/jpeg"}],"author":"La Sentinelle","twitter_card":"summary_large_image","twitter_misc":{"\u00c9crit par":"La Sentinelle","Dur\u00e9e de lecture estim\u00e9e":"5 minutes"},"schema":{"@context":"https:\/\/schema.org","@graph":[{"@type":"Article","@id":"https:\/\/lasentinelle.dz\/index.php\/2024\/01\/27\/projet-phosphate-integre-un-nouveau-quai-mineralier-au-port-dannaba\/#article","isPartOf":{"@id":"https:\/\/lasentinelle.dz\/index.php\/2024\/01\/27\/projet-phosphate-integre-un-nouveau-quai-mineralier-au-port-dannaba\/"},"author":{"name":"La Sentinelle","@id":"https:\/\/lasentinelle.dz\/#\/schema\/person\/d865044e22e70a75174ce8bcad3acfb3"},"headline":"Projet phosphate int\u00e9gr\u00e9\u00a0: Un nouveau quai min\u00e9ralier au port d\u2019Annaba","datePublished":"2024-01-27T20:31:28+00:00","dateModified":"2024-01-27T20:31:29+00:00","mainEntityOfPage":{"@id":"https:\/\/lasentinelle.dz\/index.php\/2024\/01\/27\/projet-phosphate-integre-un-nouveau-quai-mineralier-au-port-dannaba\/"},"wordCount":1022,"commentCount":0,"publisher":{"@id":"https:\/\/lasentinelle.dz\/#organization"},"image":{"@id":"https:\/\/lasentinelle.dz\/index.php\/2024\/01\/27\/projet-phosphate-integre-un-nouveau-quai-mineralier-au-port-dannaba\/#primaryimage"},"thumbnailUrl":"https:\/\/lasentinelle.dz\/wp-content\/uploads\/2024\/01\/port-dannaba.jpeg","articleSection":["\u00c0 la Une","\u00c9conomie"],"inLanguage":"fr-FR","potentialAction":[{"@type":"CommentAction","name":"Comment","target":["https:\/\/lasentinelle.dz\/index.php\/2024\/01\/27\/projet-phosphate-integre-un-nouveau-quai-mineralier-au-port-dannaba\/#respond"]}]},{"@type":"WebPage","@id":"https:\/\/lasentinelle.dz\/index.php\/2024\/01\/27\/projet-phosphate-integre-un-nouveau-quai-mineralier-au-port-dannaba\/","url":"https:\/\/lasentinelle.dz\/index.php\/2024\/01\/27\/projet-phosphate-integre-un-nouveau-quai-mineralier-au-port-dannaba\/","name":"Projet phosphate int\u00e9gr\u00e9\u00a0: Un nouveau quai min\u00e9ralier au port d\u2019Annaba - La Sentinelle","isPartOf":{"@id":"https:\/\/lasentinelle.dz\/#website"},"primaryImageOfPage":{"@id":"https:\/\/lasentinelle.dz\/index.php\/2024\/01\/27\/projet-phosphate-integre-un-nouveau-quai-mineralier-au-port-dannaba\/#primaryimage"},"image":{"@id":"https:\/\/lasentinelle.dz\/index.php\/2024\/01\/27\/projet-phosphate-integre-un-nouveau-quai-mineralier-au-port-dannaba\/#primaryimage"},"thumbnailUrl":"https:\/\/lasentinelle.dz\/wp-content\/uploads\/2024\/01\/port-dannaba.jpeg","datePublished":"2024-01-27T20:31:28+00:00","dateModified":"2024-01-27T20:31:29+00:00","breadcrumb":{"@id":"https:\/\/lasentinelle.dz\/index.php\/2024\/01\/27\/projet-phosphate-integre-un-nouveau-quai-mineralier-au-port-dannaba\/#breadcrumb"},"inLanguage":"fr-FR","potentialAction":[{"@type":"ReadAction","target":["https:\/\/lasentinelle.dz\/index.php\/2024\/01\/27\/projet-phosphate-integre-un-nouveau-quai-mineralier-au-port-dannaba\/"]}]},{"@type":"ImageObject","inLanguage":"fr-FR","@id":"https:\/\/lasentinelle.dz\/index.php\/2024\/01\/27\/projet-phosphate-integre-un-nouveau-quai-mineralier-au-port-dannaba\/#primaryimage","url":"https:\/\/lasentinelle.dz\/wp-content\/uploads\/2024\/01\/port-dannaba.jpeg","contentUrl":"https:\/\/lasentinelle.dz\/wp-content\/uploads\/2024\/01\/port-dannaba.jpeg","width":1000,"height":695},{"@type":"BreadcrumbList","@id":"https:\/\/lasentinelle.dz\/index.php\/2024\/01\/27\/projet-phosphate-integre-un-nouveau-quai-mineralier-au-port-dannaba\/#breadcrumb","itemListElement":[{"@type":"ListItem","position":1,"name":"Accueil","item":"https:\/\/lasentinelle.dz\/"},{"@type":"ListItem","position":2,"name":"Projet phosphate int\u00e9gr\u00e9\u00a0: Un nouveau quai min\u00e9ralier au port d\u2019Annaba"}]},{"@type":"WebSite","@id":"https:\/\/lasentinelle.dz\/#website","url":"https:\/\/lasentinelle.dz\/","name":"La Sentinelle","description":"Quotidien national d&#039;information","publisher":{"@id":"https:\/\/lasentinelle.dz\/#organization"},"potentialAction":[{"@type":"SearchAction","target":{"@type":"EntryPoint","urlTemplate":"https:\/\/lasentinelle.dz\/?s={search_term_string}"},"query-input":{"@type":"PropertyValueSpecification","valueRequired":true,"valueName":"search_term_string"}}],"inLanguage":"fr-FR"},{"@type":"Organization","@id":"https:\/\/lasentinelle.dz\/#organization","name":"Quotidien La Sentinelle","url":"https:\/\/lasentinelle.dz\/","logo":{"@type":"ImageObject","inLanguage":"fr-FR","@id":"https:\/\/lasentinelle.dz\/#\/schema\/logo\/image\/","url":"https:\/\/lasentinelle.dz\/wp-content\/uploads\/2021\/09\/logo-sentinelleSLOGAN-1.png","contentUrl":"https:\/\/lasentinelle.dz\/wp-content\/uploads\/2021\/09\/logo-sentinelleSLOGAN-1.png","width":615,"height":142,"caption":"Quotidien La Sentinelle"},"image":{"@id":"https:\/\/lasentinelle.dz\/#\/schema\/logo\/image\/"},"sameAs":["https:\/\/www.facebook.com\/La-Sentinelle-104059864394773"]},{"@type":"Person","@id":"https:\/\/lasentinelle.dz\/#\/schema\/person\/d865044e22e70a75174ce8bcad3acfb3","name":"La Sentinelle","image":{"@type":"ImageObject","inLanguage":"fr-FR","@id":"https:\/\/secure.gravatar.com\/avatar\/57de8e5d4b15d43fb361a71fbb36338450fe67865b528a43dd10ef7c51a20392?s=96&d=mm&r=g","url":"https:\/\/secure.gravatar.com\/avatar\/57de8e5d4b15d43fb361a71fbb36338450fe67865b528a43dd10ef7c51a20392?s=96&d=mm&r=g","contentUrl":"https:\/\/secure.gravatar.com\/avatar\/57de8e5d4b15d43fb361a71fbb36338450fe67865b528a43dd10ef7c51a20392?s=96&d=mm&r=g","caption":"La Sentinelle"},"sameAs":["http:\/\/www.lasentinelle.dz"],"url":"https:\/\/lasentinelle.dz\/author\/redaction\/"}]}},"_links":{"self":[{"href":"https:\/\/lasentinelle.dz\/index.php\/wp-json\/wp\/v2\/posts\/49010","targetHints":{"allow":["GET"]}}],"collection":[{"href":"https:\/\/lasentinelle.dz\/index.php\/wp-json\/wp\/v2\/posts"}],"about":[{"href":"https:\/\/lasentinelle.dz\/index.php\/wp-json\/wp\/v2\/types\/post"}],"author":[{"embeddable":true,"href":"https:\/\/lasentinelle.dz\/index.php\/wp-json\/wp\/v2\/users\/3"}],"replies":[{"embeddable":true,"href":"https:\/\/lasentinelle.dz\/index.php\/wp-json\/wp\/v2\/comments?post=49010"}],"version-history":[{"count":1,"href":"https:\/\/lasentinelle.dz\/index.php\/wp-json\/wp\/v2\/posts\/49010\/revisions"}],"predecessor-version":[{"id":49012,"href":"https:\/\/lasentinelle.dz\/index.php\/wp-json\/wp\/v2\/posts\/49010\/revisions\/49012"}],"wp:featuredmedia":[{"embeddable":true,"href":"https:\/\/lasentinelle.dz\/index.php\/wp-json\/wp\/v2\/media\/49011"}],"wp:attachment":[{"href":"https:\/\/lasentinelle.dz\/index.php\/wp-json\/wp\/v2\/media?parent=49010"}],"wp:term":[{"taxonomy":"category","embeddable":true,"href":"https:\/\/lasentinelle.dz\/index.php\/wp-json\/wp\/v2\/categories?post=49010"},{"taxonomy":"post_tag","embeddable":true,"href":"https:\/\/lasentinelle.dz\/index.php\/wp-json\/wp\/v2\/tags?post=49010"}],"curies":[{"name":"wp","href":"https:\/\/api.w.org\/{rel}","templated":true}]}}