{"id":49036,"date":"2024-01-26T16:47:00","date_gmt":"2024-01-26T15:47:00","guid":{"rendered":"https:\/\/lasentinelle.dz\/?p=49036"},"modified":"2024-01-27T21:48:38","modified_gmt":"2024-01-27T20:48:38","slug":"denonciation-par-les-autorites-maliennes-de-laccord-de-paix-lalgerie-prend-acte-avec-regrets-et-preoccupation","status":"publish","type":"post","link":"https:\/\/lasentinelle.dz\/index.php\/2024\/01\/26\/denonciation-par-les-autorites-maliennes-de-laccord-de-paix-lalgerie-prend-acte-avec-regrets-et-preoccupation\/","title":{"rendered":"D\u00e9nonciation par les autorit\u00e9s maliennes de l\u2019Accord de Paix : l\u2019Alg\u00e9rie prend acte avec regrets et pr\u00e9occupation"},"content":{"rendered":"\n<p>L&rsquo;Alg\u00e9rie a pris connaissance, avec beaucoup de regrets et une profonde pr\u00e9occupation, de la d\u00e9nonciation par les autorit\u00e9s maliennes de l&rsquo;Accord pour la Paix et la R\u00e9conciliation au Mali, issu du processus d&rsquo;Alger, indique vendredi le minist\u00e8re des Affaires \u00e9trang\u00e8res et de la Communaut\u00e9 nationale \u00e0 l&rsquo;\u00e9tranger dans un communiqu\u00e9.<\/p>\n\n\n\n<p>L&rsquo;Alg\u00e9rie \u00abprend acte de cette d\u00e9cision dont elle tient \u00e0 relever la gravit\u00e9 particuli\u00e8re pour le Mali lui-m\u00eame, pour toute la r\u00e9gion qui aspire \u00e0 la paix et \u00e0 la s\u00e9curit\u00e9, et pour l&rsquo;ensemble de la communaut\u00e9 internationale qui a mis tout son poids et beaucoup de moyens pour aider le Mali \u00e0 renouer avec la stabilit\u00e9 par la r\u00e9conciliation nationale\u00bb, note la m\u00eame source.<\/p>\n\n\n\n<p>L&rsquo;Alg\u00e9rie \u00aba un devoir d&rsquo;information envers le peuple malien fr\u00e8re. Ce dernier sait que l&rsquo;Alg\u00e9rie n&rsquo;a jamais failli \u00e0 travailler \u00e0 la mise en \u0153uvre de l&rsquo;Accord pour la Paix et la R\u00e9conciliation au Mali, issu du processus d&rsquo;Alger, avec sinc\u00e9rit\u00e9, bonne foi et solidarit\u00e9 ind\u00e9fectible envers le Mali fr\u00e8re\u00bb.<\/p>\n\n\n\n<p>Le peuple malien \u00abdoit aussi savoir et doit se convaincre que la longue liste des raisons invoqu\u00e9es \u00e0 l&rsquo;appui de la d\u00e9nonciation de l&rsquo;Accord ne correspond absolument ni de pr\u00e8s ni de loin \u00e0 la v\u00e9rit\u00e9 ou \u00e0 la r\u00e9alit\u00e9\u00bb, rel\u00e8ve le communiqu\u00e9.<\/p>\n\n\n\n<p>En effet, \u00abil n&rsquo;a \u00e9chapp\u00e9 \u00e0 personne que les autorit\u00e9s maliennes pr\u00e9paraient cette d\u00e9cision depuis bien longtemps. Les signes avant-coureurs depuis deux ans en ont \u00e9t\u00e9 leur retrait quasi-total de la mise en \u0153uvre de l&rsquo;Accord, leur refus quasi-syst\u00e9matique de toute initiative tendant \u00e0 relancer la mise en \u0153uvre de cet Accord, leur contestation de l&rsquo;int\u00e9grit\u00e9 de la m\u00e9diation internationale, leur d\u00e9signation de signataires de l&rsquo;Accord, d\u00fbment reconnus, comme dirigeants terroristes, leur demande de retrait de la MINUSMA, l&rsquo;intensification r\u00e9cente de leurs programmes d&rsquo;armement financ\u00e9s par des pays tiers et leur recours \u00e0 des mercenaires internationaux. Toutes ces mesures syst\u00e9matiquement mises en \u0153uvre ont soigneusement pr\u00e9par\u00e9 le terrain \u00e0 l&rsquo;abandon de l&rsquo;option politique au profit de l&rsquo;option militaire comme moyen de r\u00e8glement de la crise malienne\u00bb, affirme la m\u00eame source.<\/p>\n\n\n\n<p>\u00abLe peuple malien fr\u00e8re doit savoir que des d\u00e9cisions aussi malheureuses et aussi malvenues ont prouv\u00e9 par le pass\u00e9 que l&rsquo;option militaire est la premi\u00e8re menace \u00e0 l&rsquo;unit\u00e9 et \u00e0 l&rsquo;int\u00e9grit\u00e9 territoriale du Mali, qu&rsquo;elle porte en elle les germes d&rsquo;une guerre civile au Mali, qu&rsquo;elle diff\u00e8re la r\u00e9conciliation nationale au lieu de la rapprocher et qu&rsquo;elle constitue enfin une source de menace r\u00e9elle pour la paix et la stabilit\u00e9 r\u00e9gionales\u00bb, affirme-t-on.<\/p>\n\n\n\n<p>Le Mali \u00aba toujours besoin de paix et de r\u00e9conciliation. Il n&rsquo;a aucun besoin de solutions qui ne lui ont apport\u00e9 par le pass\u00e9 que d\u00e9chirements, destructions et d\u00e9solations\u00bb.<\/p>\n\n\n\n<p>\u00abR\u00e9p\u00e9ter ces erreurs du pass\u00e9, c&rsquo;est prolonger ind\u00fbment la trag\u00e9die et les malheurs pour le Mali et pour le peuple malien fr\u00e8re\u00bb, souligne le communiqu\u00e9.<\/p>\n","protected":false},"excerpt":{"rendered":"<p>L&rsquo;Alg\u00e9rie a pris connaissance, avec beaucoup de regrets et une profonde pr\u00e9occupation, de la d\u00e9nonciation par les autorit\u00e9s maliennes de<\/p>\n","protected":false},"author":3,"featured_media":17988,"comment_status":"open","ping_status":"closed","sticky":false,"template":"","format":"standard","meta":{"colormag_page_container_layout":"default_layout","colormag_page_sidebar_layout":"default_layout","om_disable_all_campaigns":false,"_monsterinsights_skip_tracking":false,"_monsterinsights_sitenote_active":false,"_monsterinsights_sitenote_note":"","_monsterinsights_sitenote_category":0,"footnotes":"","_wpscppro_dont_share_socialmedia":false,"_wpscppro_custom_social_share_image":0,"_facebook_share_type":"","_twitter_share_type":"","_linkedin_share_type":"","_pinterest_share_type":"","_linkedin_share_type_page":"","_instagram_share_type":"","_medium_share_type":"","_threads_share_type":"","_google_business_share_type":"","_selected_social_profile":[],"_wpsp_enable_custom_social_template":false,"_wpsp_social_scheduling":{"enabled":false,"datetime":null,"platforms":[],"status":"template_only","dateOption":"today","timeOption":"now","customDays":"","customHours":"","customDate":"","customTime":"","schedulingType":"absolute"},"_wpsp_active_default_template":true},"categories":[52,27],"tags":[],"class_list":["post-49036","post","type-post","status-publish","format-standard","has-post-thumbnail","hentry","category-a-la-une","category-actualite"],"aioseo_notices":[],"yoast_head":"<!-- This site is optimized with the Yoast SEO plugin v27.5 - https:\/\/yoast.com\/product\/yoast-seo-wordpress\/ -->\n<title>D\u00e9nonciation par les autorit\u00e9s maliennes de l\u2019Accord de Paix : l\u2019Alg\u00e9rie prend acte avec regrets et pr\u00e9occupation - La Sentinelle<\/title>\n<meta name=\"robots\" content=\"index, follow, max-snippet:-1, max-image-preview:large, max-video-preview:-1\" \/>\n<link rel=\"canonical\" href=\"https:\/\/lasentinelle.dz\/index.php\/2024\/01\/26\/denonciation-par-les-autorites-maliennes-de-laccord-de-paix-lalgerie-prend-acte-avec-regrets-et-preoccupation\/\" \/>\n<meta property=\"og:locale\" content=\"fr_FR\" \/>\n<meta property=\"og:type\" content=\"article\" \/>\n<meta property=\"og:title\" content=\"D\u00e9nonciation par les autorit\u00e9s maliennes de l\u2019Accord de Paix : l\u2019Alg\u00e9rie prend acte avec regrets et pr\u00e9occupation - La Sentinelle\" \/>\n<meta property=\"og:description\" content=\"L&rsquo;Alg\u00e9rie a pris connaissance, avec beaucoup de regrets et une profonde pr\u00e9occupation, de la d\u00e9nonciation par les autorit\u00e9s maliennes de\" \/>\n<meta property=\"og:url\" content=\"https:\/\/lasentinelle.dz\/index.php\/2024\/01\/26\/denonciation-par-les-autorites-maliennes-de-laccord-de-paix-lalgerie-prend-acte-avec-regrets-et-preoccupation\/\" \/>\n<meta property=\"og:site_name\" content=\"La Sentinelle\" \/>\n<meta property=\"article:publisher\" content=\"https:\/\/www.facebook.com\/La-Sentinelle-104059864394773\" \/>\n<meta property=\"article:published_time\" content=\"2024-01-26T15:47:00+00:00\" \/>\n<meta property=\"article:modified_time\" content=\"2024-01-27T20:48:38+00:00\" \/>\n<meta property=\"og:image\" content=\"https:\/\/lasentinelle.dz\/wp-content\/uploads\/2022\/03\/MAE.png\" \/>\n\t<meta property=\"og:image:width\" content=\"1354\" \/>\n\t<meta property=\"og:image:height\" content=\"900\" \/>\n\t<meta property=\"og:image:type\" content=\"image\/png\" \/>\n<meta name=\"author\" content=\"La Sentinelle\" \/>\n<meta name=\"twitter:card\" content=\"summary_large_image\" \/>\n<meta name=\"twitter:label1\" content=\"\u00c9crit par\" \/>\n\t<meta name=\"twitter:data1\" content=\"La Sentinelle\" \/>\n\t<meta name=\"twitter:label2\" content=\"Dur\u00e9e de lecture estim\u00e9e\" \/>\n\t<meta name=\"twitter:data2\" content=\"3 minutes\" \/>\n<script type=\"application\/ld+json\" class=\"yoast-schema-graph\">{\"@context\":\"https:\\\/\\\/schema.org\",\"@graph\":[{\"@type\":\"Article\",\"@id\":\"https:\\\/\\\/lasentinelle.dz\\\/index.php\\\/2024\\\/01\\\/26\\\/denonciation-par-les-autorites-maliennes-de-laccord-de-paix-lalgerie-prend-acte-avec-regrets-et-preoccupation\\\/#article\",\"isPartOf\":{\"@id\":\"https:\\\/\\\/lasentinelle.dz\\\/index.php\\\/2024\\\/01\\\/26\\\/denonciation-par-les-autorites-maliennes-de-laccord-de-paix-lalgerie-prend-acte-avec-regrets-et-preoccupation\\\/\"},\"author\":{\"name\":\"La Sentinelle\",\"@id\":\"https:\\\/\\\/lasentinelle.dz\\\/#\\\/schema\\\/person\\\/d865044e22e70a75174ce8bcad3acfb3\"},\"headline\":\"D\u00e9nonciation par les autorit\u00e9s maliennes de l\u2019Accord de Paix : l\u2019Alg\u00e9rie prend acte avec regrets et pr\u00e9occupation\",\"datePublished\":\"2024-01-26T15:47:00+00:00\",\"dateModified\":\"2024-01-27T20:48:38+00:00\",\"mainEntityOfPage\":{\"@id\":\"https:\\\/\\\/lasentinelle.dz\\\/index.php\\\/2024\\\/01\\\/26\\\/denonciation-par-les-autorites-maliennes-de-laccord-de-paix-lalgerie-prend-acte-avec-regrets-et-preoccupation\\\/\"},\"wordCount\":560,\"commentCount\":0,\"publisher\":{\"@id\":\"https:\\\/\\\/lasentinelle.dz\\\/#organization\"},\"image\":{\"@id\":\"https:\\\/\\\/lasentinelle.dz\\\/index.php\\\/2024\\\/01\\\/26\\\/denonciation-par-les-autorites-maliennes-de-laccord-de-paix-lalgerie-prend-acte-avec-regrets-et-preoccupation\\\/#primaryimage\"},\"thumbnailUrl\":\"https:\\\/\\\/lasentinelle.dz\\\/wp-content\\\/uploads\\\/2022\\\/03\\\/MAE.png\",\"articleSection\":[\"\u00c0 la Une\",\"Actualit\u00e9\"],\"inLanguage\":\"fr-FR\",\"potentialAction\":[{\"@type\":\"CommentAction\",\"name\":\"Comment\",\"target\":[\"https:\\\/\\\/lasentinelle.dz\\\/index.php\\\/2024\\\/01\\\/26\\\/denonciation-par-les-autorites-maliennes-de-laccord-de-paix-lalgerie-prend-acte-avec-regrets-et-preoccupation\\\/#respond\"]}]},{\"@type\":\"WebPage\",\"@id\":\"https:\\\/\\\/lasentinelle.dz\\\/index.php\\\/2024\\\/01\\\/26\\\/denonciation-par-les-autorites-maliennes-de-laccord-de-paix-lalgerie-prend-acte-avec-regrets-et-preoccupation\\\/\",\"url\":\"https:\\\/\\\/lasentinelle.dz\\\/index.php\\\/2024\\\/01\\\/26\\\/denonciation-par-les-autorites-maliennes-de-laccord-de-paix-lalgerie-prend-acte-avec-regrets-et-preoccupation\\\/\",\"name\":\"D\u00e9nonciation par les autorit\u00e9s maliennes de l\u2019Accord de Paix : l\u2019Alg\u00e9rie prend acte avec regrets et pr\u00e9occupation - La Sentinelle\",\"isPartOf\":{\"@id\":\"https:\\\/\\\/lasentinelle.dz\\\/#website\"},\"primaryImageOfPage\":{\"@id\":\"https:\\\/\\\/lasentinelle.dz\\\/index.php\\\/2024\\\/01\\\/26\\\/denonciation-par-les-autorites-maliennes-de-laccord-de-paix-lalgerie-prend-acte-avec-regrets-et-preoccupation\\\/#primaryimage\"},\"image\":{\"@id\":\"https:\\\/\\\/lasentinelle.dz\\\/index.php\\\/2024\\\/01\\\/26\\\/denonciation-par-les-autorites-maliennes-de-laccord-de-paix-lalgerie-prend-acte-avec-regrets-et-preoccupation\\\/#primaryimage\"},\"thumbnailUrl\":\"https:\\\/\\\/lasentinelle.dz\\\/wp-content\\\/uploads\\\/2022\\\/03\\\/MAE.png\",\"datePublished\":\"2024-01-26T15:47:00+00:00\",\"dateModified\":\"2024-01-27T20:48:38+00:00\",\"breadcrumb\":{\"@id\":\"https:\\\/\\\/lasentinelle.dz\\\/index.php\\\/2024\\\/01\\\/26\\\/denonciation-par-les-autorites-maliennes-de-laccord-de-paix-lalgerie-prend-acte-avec-regrets-et-preoccupation\\\/#breadcrumb\"},\"inLanguage\":\"fr-FR\",\"potentialAction\":[{\"@type\":\"ReadAction\",\"target\":[\"https:\\\/\\\/lasentinelle.dz\\\/index.php\\\/2024\\\/01\\\/26\\\/denonciation-par-les-autorites-maliennes-de-laccord-de-paix-lalgerie-prend-acte-avec-regrets-et-preoccupation\\\/\"]}]},{\"@type\":\"ImageObject\",\"inLanguage\":\"fr-FR\",\"@id\":\"https:\\\/\\\/lasentinelle.dz\\\/index.php\\\/2024\\\/01\\\/26\\\/denonciation-par-les-autorites-maliennes-de-laccord-de-paix-lalgerie-prend-acte-avec-regrets-et-preoccupation\\\/#primaryimage\",\"url\":\"https:\\\/\\\/lasentinelle.dz\\\/wp-content\\\/uploads\\\/2022\\\/03\\\/MAE.png\",\"contentUrl\":\"https:\\\/\\\/lasentinelle.dz\\\/wp-content\\\/uploads\\\/2022\\\/03\\\/MAE.png\",\"width\":1354,\"height\":900},{\"@type\":\"BreadcrumbList\",\"@id\":\"https:\\\/\\\/lasentinelle.dz\\\/index.php\\\/2024\\\/01\\\/26\\\/denonciation-par-les-autorites-maliennes-de-laccord-de-paix-lalgerie-prend-acte-avec-regrets-et-preoccupation\\\/#breadcrumb\",\"itemListElement\":[{\"@type\":\"ListItem\",\"position\":1,\"name\":\"Accueil\",\"item\":\"https:\\\/\\\/lasentinelle.dz\\\/\"},{\"@type\":\"ListItem\",\"position\":2,\"name\":\"D\u00e9nonciation par les autorit\u00e9s maliennes de l\u2019Accord de Paix : l\u2019Alg\u00e9rie prend acte avec regrets et pr\u00e9occupation\"}]},{\"@type\":\"WebSite\",\"@id\":\"https:\\\/\\\/lasentinelle.dz\\\/#website\",\"url\":\"https:\\\/\\\/lasentinelle.dz\\\/\",\"name\":\"La Sentinelle\",\"description\":\"Quotidien national d&#039;information\",\"publisher\":{\"@id\":\"https:\\\/\\\/lasentinelle.dz\\\/#organization\"},\"potentialAction\":[{\"@type\":\"SearchAction\",\"target\":{\"@type\":\"EntryPoint\",\"urlTemplate\":\"https:\\\/\\\/lasentinelle.dz\\\/?s={search_term_string}\"},\"query-input\":{\"@type\":\"PropertyValueSpecification\",\"valueRequired\":true,\"valueName\":\"search_term_string\"}}],\"inLanguage\":\"fr-FR\"},{\"@type\":\"Organization\",\"@id\":\"https:\\\/\\\/lasentinelle.dz\\\/#organization\",\"name\":\"Quotidien La Sentinelle\",\"url\":\"https:\\\/\\\/lasentinelle.dz\\\/\",\"logo\":{\"@type\":\"ImageObject\",\"inLanguage\":\"fr-FR\",\"@id\":\"https:\\\/\\\/lasentinelle.dz\\\/#\\\/schema\\\/logo\\\/image\\\/\",\"url\":\"https:\\\/\\\/lasentinelle.dz\\\/wp-content\\\/uploads\\\/2021\\\/09\\\/logo-sentinelleSLOGAN-1.png\",\"contentUrl\":\"https:\\\/\\\/lasentinelle.dz\\\/wp-content\\\/uploads\\\/2021\\\/09\\\/logo-sentinelleSLOGAN-1.png\",\"width\":615,\"height\":142,\"caption\":\"Quotidien La Sentinelle\"},\"image\":{\"@id\":\"https:\\\/\\\/lasentinelle.dz\\\/#\\\/schema\\\/logo\\\/image\\\/\"},\"sameAs\":[\"https:\\\/\\\/www.facebook.com\\\/La-Sentinelle-104059864394773\"]},{\"@type\":\"Person\",\"@id\":\"https:\\\/\\\/lasentinelle.dz\\\/#\\\/schema\\\/person\\\/d865044e22e70a75174ce8bcad3acfb3\",\"name\":\"La Sentinelle\",\"image\":{\"@type\":\"ImageObject\",\"inLanguage\":\"fr-FR\",\"@id\":\"https:\\\/\\\/secure.gravatar.com\\\/avatar\\\/57de8e5d4b15d43fb361a71fbb36338450fe67865b528a43dd10ef7c51a20392?s=96&d=mm&r=g\",\"url\":\"https:\\\/\\\/secure.gravatar.com\\\/avatar\\\/57de8e5d4b15d43fb361a71fbb36338450fe67865b528a43dd10ef7c51a20392?s=96&d=mm&r=g\",\"contentUrl\":\"https:\\\/\\\/secure.gravatar.com\\\/avatar\\\/57de8e5d4b15d43fb361a71fbb36338450fe67865b528a43dd10ef7c51a20392?s=96&d=mm&r=g\",\"caption\":\"La Sentinelle\"},\"sameAs\":[\"http:\\\/\\\/www.lasentinelle.dz\"],\"url\":\"https:\\\/\\\/lasentinelle.dz\\\/author\\\/redaction\\\/\"}]}<\/script>\n<!-- \/ Yoast SEO plugin. -->","yoast_head_json":{"title":"D\u00e9nonciation par les autorit\u00e9s maliennes de l\u2019Accord de Paix : l\u2019Alg\u00e9rie prend acte avec regrets et pr\u00e9occupation - La Sentinelle","robots":{"index":"index","follow":"follow","max-snippet":"max-snippet:-1","max-image-preview":"max-image-preview:large","max-video-preview":"max-video-preview:-1"},"canonical":"https:\/\/lasentinelle.dz\/index.php\/2024\/01\/26\/denonciation-par-les-autorites-maliennes-de-laccord-de-paix-lalgerie-prend-acte-avec-regrets-et-preoccupation\/","og_locale":"fr_FR","og_type":"article","og_title":"D\u00e9nonciation par les autorit\u00e9s maliennes de l\u2019Accord de Paix : l\u2019Alg\u00e9rie prend acte avec regrets et pr\u00e9occupation - La Sentinelle","og_description":"L&rsquo;Alg\u00e9rie a pris connaissance, avec beaucoup de regrets et une profonde pr\u00e9occupation, de la d\u00e9nonciation par les autorit\u00e9s maliennes de","og_url":"https:\/\/lasentinelle.dz\/index.php\/2024\/01\/26\/denonciation-par-les-autorites-maliennes-de-laccord-de-paix-lalgerie-prend-acte-avec-regrets-et-preoccupation\/","og_site_name":"La Sentinelle","article_publisher":"https:\/\/www.facebook.com\/La-Sentinelle-104059864394773","article_published_time":"2024-01-26T15:47:00+00:00","article_modified_time":"2024-01-27T20:48:38+00:00","og_image":[{"width":1354,"height":900,"url":"https:\/\/lasentinelle.dz\/wp-content\/uploads\/2022\/03\/MAE.png","type":"image\/png"}],"author":"La Sentinelle","twitter_card":"summary_large_image","twitter_misc":{"\u00c9crit par":"La Sentinelle","Dur\u00e9e de lecture estim\u00e9e":"3 minutes"},"schema":{"@context":"https:\/\/schema.org","@graph":[{"@type":"Article","@id":"https:\/\/lasentinelle.dz\/index.php\/2024\/01\/26\/denonciation-par-les-autorites-maliennes-de-laccord-de-paix-lalgerie-prend-acte-avec-regrets-et-preoccupation\/#article","isPartOf":{"@id":"https:\/\/lasentinelle.dz\/index.php\/2024\/01\/26\/denonciation-par-les-autorites-maliennes-de-laccord-de-paix-lalgerie-prend-acte-avec-regrets-et-preoccupation\/"},"author":{"name":"La Sentinelle","@id":"https:\/\/lasentinelle.dz\/#\/schema\/person\/d865044e22e70a75174ce8bcad3acfb3"},"headline":"D\u00e9nonciation par les autorit\u00e9s maliennes de l\u2019Accord de Paix : l\u2019Alg\u00e9rie prend acte avec regrets et pr\u00e9occupation","datePublished":"2024-01-26T15:47:00+00:00","dateModified":"2024-01-27T20:48:38+00:00","mainEntityOfPage":{"@id":"https:\/\/lasentinelle.dz\/index.php\/2024\/01\/26\/denonciation-par-les-autorites-maliennes-de-laccord-de-paix-lalgerie-prend-acte-avec-regrets-et-preoccupation\/"},"wordCount":560,"commentCount":0,"publisher":{"@id":"https:\/\/lasentinelle.dz\/#organization"},"image":{"@id":"https:\/\/lasentinelle.dz\/index.php\/2024\/01\/26\/denonciation-par-les-autorites-maliennes-de-laccord-de-paix-lalgerie-prend-acte-avec-regrets-et-preoccupation\/#primaryimage"},"thumbnailUrl":"https:\/\/lasentinelle.dz\/wp-content\/uploads\/2022\/03\/MAE.png","articleSection":["\u00c0 la Une","Actualit\u00e9"],"inLanguage":"fr-FR","potentialAction":[{"@type":"CommentAction","name":"Comment","target":["https:\/\/lasentinelle.dz\/index.php\/2024\/01\/26\/denonciation-par-les-autorites-maliennes-de-laccord-de-paix-lalgerie-prend-acte-avec-regrets-et-preoccupation\/#respond"]}]},{"@type":"WebPage","@id":"https:\/\/lasentinelle.dz\/index.php\/2024\/01\/26\/denonciation-par-les-autorites-maliennes-de-laccord-de-paix-lalgerie-prend-acte-avec-regrets-et-preoccupation\/","url":"https:\/\/lasentinelle.dz\/index.php\/2024\/01\/26\/denonciation-par-les-autorites-maliennes-de-laccord-de-paix-lalgerie-prend-acte-avec-regrets-et-preoccupation\/","name":"D\u00e9nonciation par les autorit\u00e9s maliennes de l\u2019Accord de Paix : l\u2019Alg\u00e9rie prend acte avec regrets et pr\u00e9occupation - La Sentinelle","isPartOf":{"@id":"https:\/\/lasentinelle.dz\/#website"},"primaryImageOfPage":{"@id":"https:\/\/lasentinelle.dz\/index.php\/2024\/01\/26\/denonciation-par-les-autorites-maliennes-de-laccord-de-paix-lalgerie-prend-acte-avec-regrets-et-preoccupation\/#primaryimage"},"image":{"@id":"https:\/\/lasentinelle.dz\/index.php\/2024\/01\/26\/denonciation-par-les-autorites-maliennes-de-laccord-de-paix-lalgerie-prend-acte-avec-regrets-et-preoccupation\/#primaryimage"},"thumbnailUrl":"https:\/\/lasentinelle.dz\/wp-content\/uploads\/2022\/03\/MAE.png","datePublished":"2024-01-26T15:47:00+00:00","dateModified":"2024-01-27T20:48:38+00:00","breadcrumb":{"@id":"https:\/\/lasentinelle.dz\/index.php\/2024\/01\/26\/denonciation-par-les-autorites-maliennes-de-laccord-de-paix-lalgerie-prend-acte-avec-regrets-et-preoccupation\/#breadcrumb"},"inLanguage":"fr-FR","potentialAction":[{"@type":"ReadAction","target":["https:\/\/lasentinelle.dz\/index.php\/2024\/01\/26\/denonciation-par-les-autorites-maliennes-de-laccord-de-paix-lalgerie-prend-acte-avec-regrets-et-preoccupation\/"]}]},{"@type":"ImageObject","inLanguage":"fr-FR","@id":"https:\/\/lasentinelle.dz\/index.php\/2024\/01\/26\/denonciation-par-les-autorites-maliennes-de-laccord-de-paix-lalgerie-prend-acte-avec-regrets-et-preoccupation\/#primaryimage","url":"https:\/\/lasentinelle.dz\/wp-content\/uploads\/2022\/03\/MAE.png","contentUrl":"https:\/\/lasentinelle.dz\/wp-content\/uploads\/2022\/03\/MAE.png","width":1354,"height":900},{"@type":"BreadcrumbList","@id":"https:\/\/lasentinelle.dz\/index.php\/2024\/01\/26\/denonciation-par-les-autorites-maliennes-de-laccord-de-paix-lalgerie-prend-acte-avec-regrets-et-preoccupation\/#breadcrumb","itemListElement":[{"@type":"ListItem","position":1,"name":"Accueil","item":"https:\/\/lasentinelle.dz\/"},{"@type":"ListItem","position":2,"name":"D\u00e9nonciation par les autorit\u00e9s maliennes de l\u2019Accord de Paix : l\u2019Alg\u00e9rie prend acte avec regrets et pr\u00e9occupation"}]},{"@type":"WebSite","@id":"https:\/\/lasentinelle.dz\/#website","url":"https:\/\/lasentinelle.dz\/","name":"La Sentinelle","description":"Quotidien national d&#039;information","publisher":{"@id":"https:\/\/lasentinelle.dz\/#organization"},"potentialAction":[{"@type":"SearchAction","target":{"@type":"EntryPoint","urlTemplate":"https:\/\/lasentinelle.dz\/?s={search_term_string}"},"query-input":{"@type":"PropertyValueSpecification","valueRequired":true,"valueName":"search_term_string"}}],"inLanguage":"fr-FR"},{"@type":"Organization","@id":"https:\/\/lasentinelle.dz\/#organization","name":"Quotidien La Sentinelle","url":"https:\/\/lasentinelle.dz\/","logo":{"@type":"ImageObject","inLanguage":"fr-FR","@id":"https:\/\/lasentinelle.dz\/#\/schema\/logo\/image\/","url":"https:\/\/lasentinelle.dz\/wp-content\/uploads\/2021\/09\/logo-sentinelleSLOGAN-1.png","contentUrl":"https:\/\/lasentinelle.dz\/wp-content\/uploads\/2021\/09\/logo-sentinelleSLOGAN-1.png","width":615,"height":142,"caption":"Quotidien La Sentinelle"},"image":{"@id":"https:\/\/lasentinelle.dz\/#\/schema\/logo\/image\/"},"sameAs":["https:\/\/www.facebook.com\/La-Sentinelle-104059864394773"]},{"@type":"Person","@id":"https:\/\/lasentinelle.dz\/#\/schema\/person\/d865044e22e70a75174ce8bcad3acfb3","name":"La Sentinelle","image":{"@type":"ImageObject","inLanguage":"fr-FR","@id":"https:\/\/secure.gravatar.com\/avatar\/57de8e5d4b15d43fb361a71fbb36338450fe67865b528a43dd10ef7c51a20392?s=96&d=mm&r=g","url":"https:\/\/secure.gravatar.com\/avatar\/57de8e5d4b15d43fb361a71fbb36338450fe67865b528a43dd10ef7c51a20392?s=96&d=mm&r=g","contentUrl":"https:\/\/secure.gravatar.com\/avatar\/57de8e5d4b15d43fb361a71fbb36338450fe67865b528a43dd10ef7c51a20392?s=96&d=mm&r=g","caption":"La Sentinelle"},"sameAs":["http:\/\/www.lasentinelle.dz"],"url":"https:\/\/lasentinelle.dz\/author\/redaction\/"}]}},"_links":{"self":[{"href":"https:\/\/lasentinelle.dz\/index.php\/wp-json\/wp\/v2\/posts\/49036","targetHints":{"allow":["GET"]}}],"collection":[{"href":"https:\/\/lasentinelle.dz\/index.php\/wp-json\/wp\/v2\/posts"}],"about":[{"href":"https:\/\/lasentinelle.dz\/index.php\/wp-json\/wp\/v2\/types\/post"}],"author":[{"embeddable":true,"href":"https:\/\/lasentinelle.dz\/index.php\/wp-json\/wp\/v2\/users\/3"}],"replies":[{"embeddable":true,"href":"https:\/\/lasentinelle.dz\/index.php\/wp-json\/wp\/v2\/comments?post=49036"}],"version-history":[{"count":1,"href":"https:\/\/lasentinelle.dz\/index.php\/wp-json\/wp\/v2\/posts\/49036\/revisions"}],"predecessor-version":[{"id":49037,"href":"https:\/\/lasentinelle.dz\/index.php\/wp-json\/wp\/v2\/posts\/49036\/revisions\/49037"}],"wp:featuredmedia":[{"embeddable":true,"href":"https:\/\/lasentinelle.dz\/index.php\/wp-json\/wp\/v2\/media\/17988"}],"wp:attachment":[{"href":"https:\/\/lasentinelle.dz\/index.php\/wp-json\/wp\/v2\/media?parent=49036"}],"wp:term":[{"taxonomy":"category","embeddable":true,"href":"https:\/\/lasentinelle.dz\/index.php\/wp-json\/wp\/v2\/categories?post=49036"},{"taxonomy":"post_tag","embeddable":true,"href":"https:\/\/lasentinelle.dz\/index.php\/wp-json\/wp\/v2\/tags?post=49036"}],"curies":[{"name":"wp","href":"https:\/\/api.w.org\/{rel}","templated":true}]}}