{"id":49042,"date":"2024-01-29T09:56:00","date_gmt":"2024-01-29T08:56:00","guid":{"rendered":"https:\/\/lasentinelle.dz\/?p=49042"},"modified":"2024-01-29T14:59:26","modified_gmt":"2024-01-29T13:59:26","slug":"burkina-mali-niger-se-retirent-de-la-cedeao","status":"publish","type":"post","link":"https:\/\/lasentinelle.dz\/index.php\/2024\/01\/29\/burkina-mali-niger-se-retirent-de-la-cedeao\/","title":{"rendered":"Burkina, Mali, Niger se retirent de la C\u00e9d\u00e9ao"},"content":{"rendered":"\n<p>Les dirigeants du Burkina Faso, du Mali et du Niger ont d\u00e9cid\u00e9 de retirer leur pays, avec effet imm\u00e9diat, de la Communaut\u00e9 \u00e9conomique des Etats de l&rsquo;Afrique de l&rsquo;Ouest (Cedeao), organisation sous-r\u00e9gionale de 15 membres, ont-ils annonc\u00e9 dimanche dans un communiqu\u00e9 conjoint.<\/p>\n\n\n\n<p>Les dirigeants respectifs des trois Etats sah\u00e9liens, \u00ab\u00a0prenant toutes leurs responsabilit\u00e9s devant l\u2019histoire et r\u00e9pondant aux attentes, pr\u00e9occupations et aspirations de leurs populations, d\u00e9cident en toute souverainet\u00e9 du retrait sans d\u00e9lai du Burkina Faso, du Mali et du Niger de la Communaut\u00e9 \u00e9conomique des Etats d\u2019Afrique de l\u2019Ouest\u00a0\u00bb, dit le communiqu\u00e9 lu sur les m\u00e9dias d&rsquo;Etat de ces pays. Les trois pays, confront\u00e9s \u00e0 des probl\u00e9matiques similaires d&rsquo;ins\u00e9curit\u00e9, de terrorisme et de pauvret\u00e9, ont des relations tendues avec la Cedeao depuis les coups d\u2019\u00c9tats, en 2020 au Mali, en 2022 au Burkina Faso et en 2023 au Niger. La Cedeao a pris de lourdes sanctions contre le Mali et le Niger. Elle a suspendu les trois pays de ses instances. La Cedeao, \u00ab\u00a0sous l\u2019influence de puissances \u00e9trang\u00e8res, trahissant ses principes fondateurs, est devenue une menace pour ses \u00e9tats membres et ses populations\u00a0\u00bb, dit le communiqu\u00e9 conjoint. Le retrait de la Cedeao est le dernier acte de rupture en date de leur part. \u00ab\u00a0Apr\u00e8s 49 ans d\u2019existence, les vaillants peuples du Burkina, du Mali et du Niger constatent avec beaucoup de regret, d\u2019amertume et une grande d\u00e9ception que leur organisation s\u2019est \u00e9loign\u00e9e des id\u00e9aux de ses p\u00e8res fondateurs et du panafricanisme\u00a0\u00bb, disent-ils. Ils accusent l&rsquo;organisation de ne pas les avoir aid\u00e9s face aux terroristes qui s\u00e9vissent depuis 2012, au Mali d&rsquo;abord, puis aussi chez ses deux voisins, faisant des milliers de morts, combattants et civils, et provoquant le d\u00e9placement de millions de personnes. Les sanctions prises contre leur pays ont repr\u00e9sent\u00e9 \u00ab\u00a0une posture irrationnelle et inacceptable\u00a0\u00bb, au moment o\u00f9 \u00ab\u00a0ces Etats ont d\u00e9cid\u00e9 de prendre leur destin en main\u00a0\u00bb, disent-ils en faisant r\u00e9f\u00e9rence aux putschs qui ont renvers\u00e9 les r\u00e9gimes civils en place. Les mesures de r\u00e9torsion prises par la Cedeao ont produit peu d&rsquo;effets \u00e0 ce jour sur le retour des civils \u00e0 la t\u00eate de leur pays. Au Mali, les militaires au pouvoir depuis bient\u00f4t quatre ans sous la conduite du colonel Assimi Go\u00efta s&rsquo;\u00e9taient engag\u00e9s \u00e0 organiser des \u00e9lections en f\u00e9vrier 2024. Mais ils ont repouss\u00e9 l&rsquo;\u00e9ch\u00e9ance \u00e0 une date inconnue. Au Burkina, le capitaine Ibrahim Traor\u00e9 avait affirm\u00e9 apr\u00e8s sa prise de pouvoir le 30 septembre 2022 qu\u2019il tiendrait les engagements pris aupr\u00e8s de la Cedeao par son pr\u00e9d\u00e9cesseur, le lieutenant-colonel Paul Henri Damiba, de tenir des \u00e9lections \u00e0 l\u2019\u00e9t\u00e9 2024. Depuis, le r\u00e9gime a indiqu\u00e9 que la lutte contre les groupes terroristes \u00e9tait la priorit\u00e9. Aucune sanction n\u2019a \u00e9t\u00e9 prise contre le Burkina, autre que la suspension des instances de la Cedeao. Au Niger, le blocus commercial a fait grimper le prix des denr\u00e9es alimentaires et cr\u00e9\u00e9 une p\u00e9nurie de produits essentiels, notamment de m\u00e9dicaments. Quelques jours apr\u00e8s le coup d\u2019Etat, le g\u00e9n\u00e9ral Abdourahamane Tiani a d\u00e9clar\u00e9 que la p\u00e9riode de transition avant le retour des civils n\u2019exc\u00e9derait pas trois ans. La dur\u00e9e exacte de la transition doit \u00eatre fix\u00e9e lors d\u2019un \u00ab\u00a0dialogue national\u00a0\u00bb qui n\u2019a pas encore d\u00e9but\u00e9.<\/p>\n\n\n\n<p>R.I. avec agences<\/p>\n","protected":false},"excerpt":{"rendered":"<p>Les dirigeants du Burkina Faso, du Mali et du Niger ont d\u00e9cid\u00e9 de retirer leur pays, avec effet imm\u00e9diat, de<\/p>\n","protected":false},"author":3,"featured_media":44245,"comment_status":"open","ping_status":"closed","sticky":false,"template":"","format":"standard","meta":{"colormag_page_container_layout":"default_layout","colormag_page_sidebar_layout":"default_layout","om_disable_all_campaigns":false,"_monsterinsights_skip_tracking":false,"_monsterinsights_sitenote_active":false,"_monsterinsights_sitenote_note":"","_monsterinsights_sitenote_category":0,"footnotes":"","_wpscppro_dont_share_socialmedia":false,"_wpscppro_custom_social_share_image":0,"_facebook_share_type":"","_twitter_share_type":"","_linkedin_share_type":"","_pinterest_share_type":"","_linkedin_share_type_page":"","_instagram_share_type":"","_medium_share_type":"","_threads_share_type":"","_google_business_share_type":"","_selected_social_profile":[],"_wpsp_enable_custom_social_template":false,"_wpsp_social_scheduling":{"enabled":false,"datetime":null,"platforms":[],"status":"template_only","dateOption":"today","timeOption":"now","customDays":"","customHours":"","customDate":"","customTime":"","schedulingType":"absolute"},"_wpsp_active_default_template":true},"categories":[52,37],"tags":[],"class_list":["post-49042","post","type-post","status-publish","format-standard","has-post-thumbnail","hentry","category-a-la-une","category-monde"],"aioseo_notices":[],"yoast_head":"<!-- This site is optimized with the Yoast SEO plugin v27.5 - https:\/\/yoast.com\/product\/yoast-seo-wordpress\/ -->\n<title>Burkina, Mali, Niger se retirent de la C\u00e9d\u00e9ao - La Sentinelle<\/title>\n<meta name=\"robots\" content=\"index, follow, max-snippet:-1, max-image-preview:large, max-video-preview:-1\" \/>\n<link rel=\"canonical\" href=\"https:\/\/lasentinelle.dz\/index.php\/2024\/01\/29\/burkina-mali-niger-se-retirent-de-la-cedeao\/\" \/>\n<meta property=\"og:locale\" content=\"fr_FR\" \/>\n<meta property=\"og:type\" content=\"article\" \/>\n<meta property=\"og:title\" content=\"Burkina, Mali, Niger se retirent de la C\u00e9d\u00e9ao - La Sentinelle\" \/>\n<meta property=\"og:description\" content=\"Les dirigeants du Burkina Faso, du Mali et du Niger ont d\u00e9cid\u00e9 de retirer leur pays, avec effet imm\u00e9diat, de\" \/>\n<meta property=\"og:url\" content=\"https:\/\/lasentinelle.dz\/index.php\/2024\/01\/29\/burkina-mali-niger-se-retirent-de-la-cedeao\/\" \/>\n<meta property=\"og:site_name\" content=\"La Sentinelle\" \/>\n<meta property=\"article:publisher\" content=\"https:\/\/www.facebook.com\/La-Sentinelle-104059864394773\" \/>\n<meta property=\"article:published_time\" content=\"2024-01-29T08:56:00+00:00\" \/>\n<meta property=\"article:modified_time\" content=\"2024-01-29T13:59:26+00:00\" \/>\n<meta property=\"og:image\" content=\"https:\/\/lasentinelle.dz\/wp-content\/uploads\/2023\/08\/cedeao.jpeg\" \/>\n\t<meta property=\"og:image:width\" content=\"223\" \/>\n\t<meta property=\"og:image:height\" content=\"226\" \/>\n\t<meta property=\"og:image:type\" content=\"image\/jpeg\" \/>\n<meta name=\"author\" content=\"La Sentinelle\" \/>\n<meta name=\"twitter:card\" content=\"summary_large_image\" \/>\n<meta name=\"twitter:label1\" content=\"\u00c9crit par\" \/>\n\t<meta name=\"twitter:data1\" content=\"La Sentinelle\" \/>\n\t<meta name=\"twitter:label2\" content=\"Dur\u00e9e de lecture estim\u00e9e\" \/>\n\t<meta name=\"twitter:data2\" content=\"3 minutes\" \/>\n<script type=\"application\/ld+json\" class=\"yoast-schema-graph\">{\"@context\":\"https:\\\/\\\/schema.org\",\"@graph\":[{\"@type\":\"Article\",\"@id\":\"https:\\\/\\\/lasentinelle.dz\\\/index.php\\\/2024\\\/01\\\/29\\\/burkina-mali-niger-se-retirent-de-la-cedeao\\\/#article\",\"isPartOf\":{\"@id\":\"https:\\\/\\\/lasentinelle.dz\\\/index.php\\\/2024\\\/01\\\/29\\\/burkina-mali-niger-se-retirent-de-la-cedeao\\\/\"},\"author\":{\"name\":\"La Sentinelle\",\"@id\":\"https:\\\/\\\/lasentinelle.dz\\\/#\\\/schema\\\/person\\\/d865044e22e70a75174ce8bcad3acfb3\"},\"headline\":\"Burkina, Mali, Niger se retirent de la C\u00e9d\u00e9ao\",\"datePublished\":\"2024-01-29T08:56:00+00:00\",\"dateModified\":\"2024-01-29T13:59:26+00:00\",\"mainEntityOfPage\":{\"@id\":\"https:\\\/\\\/lasentinelle.dz\\\/index.php\\\/2024\\\/01\\\/29\\\/burkina-mali-niger-se-retirent-de-la-cedeao\\\/\"},\"wordCount\":598,\"commentCount\":0,\"publisher\":{\"@id\":\"https:\\\/\\\/lasentinelle.dz\\\/#organization\"},\"image\":{\"@id\":\"https:\\\/\\\/lasentinelle.dz\\\/index.php\\\/2024\\\/01\\\/29\\\/burkina-mali-niger-se-retirent-de-la-cedeao\\\/#primaryimage\"},\"thumbnailUrl\":\"https:\\\/\\\/lasentinelle.dz\\\/wp-content\\\/uploads\\\/2023\\\/08\\\/cedeao.jpeg\",\"articleSection\":[\"\u00c0 la Une\",\"Monde\"],\"inLanguage\":\"fr-FR\",\"potentialAction\":[{\"@type\":\"CommentAction\",\"name\":\"Comment\",\"target\":[\"https:\\\/\\\/lasentinelle.dz\\\/index.php\\\/2024\\\/01\\\/29\\\/burkina-mali-niger-se-retirent-de-la-cedeao\\\/#respond\"]}]},{\"@type\":\"WebPage\",\"@id\":\"https:\\\/\\\/lasentinelle.dz\\\/index.php\\\/2024\\\/01\\\/29\\\/burkina-mali-niger-se-retirent-de-la-cedeao\\\/\",\"url\":\"https:\\\/\\\/lasentinelle.dz\\\/index.php\\\/2024\\\/01\\\/29\\\/burkina-mali-niger-se-retirent-de-la-cedeao\\\/\",\"name\":\"Burkina, Mali, Niger se retirent de la C\u00e9d\u00e9ao - La Sentinelle\",\"isPartOf\":{\"@id\":\"https:\\\/\\\/lasentinelle.dz\\\/#website\"},\"primaryImageOfPage\":{\"@id\":\"https:\\\/\\\/lasentinelle.dz\\\/index.php\\\/2024\\\/01\\\/29\\\/burkina-mali-niger-se-retirent-de-la-cedeao\\\/#primaryimage\"},\"image\":{\"@id\":\"https:\\\/\\\/lasentinelle.dz\\\/index.php\\\/2024\\\/01\\\/29\\\/burkina-mali-niger-se-retirent-de-la-cedeao\\\/#primaryimage\"},\"thumbnailUrl\":\"https:\\\/\\\/lasentinelle.dz\\\/wp-content\\\/uploads\\\/2023\\\/08\\\/cedeao.jpeg\",\"datePublished\":\"2024-01-29T08:56:00+00:00\",\"dateModified\":\"2024-01-29T13:59:26+00:00\",\"breadcrumb\":{\"@id\":\"https:\\\/\\\/lasentinelle.dz\\\/index.php\\\/2024\\\/01\\\/29\\\/burkina-mali-niger-se-retirent-de-la-cedeao\\\/#breadcrumb\"},\"inLanguage\":\"fr-FR\",\"potentialAction\":[{\"@type\":\"ReadAction\",\"target\":[\"https:\\\/\\\/lasentinelle.dz\\\/index.php\\\/2024\\\/01\\\/29\\\/burkina-mali-niger-se-retirent-de-la-cedeao\\\/\"]}]},{\"@type\":\"ImageObject\",\"inLanguage\":\"fr-FR\",\"@id\":\"https:\\\/\\\/lasentinelle.dz\\\/index.php\\\/2024\\\/01\\\/29\\\/burkina-mali-niger-se-retirent-de-la-cedeao\\\/#primaryimage\",\"url\":\"https:\\\/\\\/lasentinelle.dz\\\/wp-content\\\/uploads\\\/2023\\\/08\\\/cedeao.jpeg\",\"contentUrl\":\"https:\\\/\\\/lasentinelle.dz\\\/wp-content\\\/uploads\\\/2023\\\/08\\\/cedeao.jpeg\",\"width\":223,\"height\":226},{\"@type\":\"BreadcrumbList\",\"@id\":\"https:\\\/\\\/lasentinelle.dz\\\/index.php\\\/2024\\\/01\\\/29\\\/burkina-mali-niger-se-retirent-de-la-cedeao\\\/#breadcrumb\",\"itemListElement\":[{\"@type\":\"ListItem\",\"position\":1,\"name\":\"Accueil\",\"item\":\"https:\\\/\\\/lasentinelle.dz\\\/\"},{\"@type\":\"ListItem\",\"position\":2,\"name\":\"Burkina, Mali, Niger se retirent de la C\u00e9d\u00e9ao\"}]},{\"@type\":\"WebSite\",\"@id\":\"https:\\\/\\\/lasentinelle.dz\\\/#website\",\"url\":\"https:\\\/\\\/lasentinelle.dz\\\/\",\"name\":\"La Sentinelle\",\"description\":\"Quotidien national d&#039;information\",\"publisher\":{\"@id\":\"https:\\\/\\\/lasentinelle.dz\\\/#organization\"},\"potentialAction\":[{\"@type\":\"SearchAction\",\"target\":{\"@type\":\"EntryPoint\",\"urlTemplate\":\"https:\\\/\\\/lasentinelle.dz\\\/?s={search_term_string}\"},\"query-input\":{\"@type\":\"PropertyValueSpecification\",\"valueRequired\":true,\"valueName\":\"search_term_string\"}}],\"inLanguage\":\"fr-FR\"},{\"@type\":\"Organization\",\"@id\":\"https:\\\/\\\/lasentinelle.dz\\\/#organization\",\"name\":\"Quotidien La Sentinelle\",\"url\":\"https:\\\/\\\/lasentinelle.dz\\\/\",\"logo\":{\"@type\":\"ImageObject\",\"inLanguage\":\"fr-FR\",\"@id\":\"https:\\\/\\\/lasentinelle.dz\\\/#\\\/schema\\\/logo\\\/image\\\/\",\"url\":\"https:\\\/\\\/lasentinelle.dz\\\/wp-content\\\/uploads\\\/2021\\\/09\\\/logo-sentinelleSLOGAN-1.png\",\"contentUrl\":\"https:\\\/\\\/lasentinelle.dz\\\/wp-content\\\/uploads\\\/2021\\\/09\\\/logo-sentinelleSLOGAN-1.png\",\"width\":615,\"height\":142,\"caption\":\"Quotidien La Sentinelle\"},\"image\":{\"@id\":\"https:\\\/\\\/lasentinelle.dz\\\/#\\\/schema\\\/logo\\\/image\\\/\"},\"sameAs\":[\"https:\\\/\\\/www.facebook.com\\\/La-Sentinelle-104059864394773\"]},{\"@type\":\"Person\",\"@id\":\"https:\\\/\\\/lasentinelle.dz\\\/#\\\/schema\\\/person\\\/d865044e22e70a75174ce8bcad3acfb3\",\"name\":\"La Sentinelle\",\"image\":{\"@type\":\"ImageObject\",\"inLanguage\":\"fr-FR\",\"@id\":\"https:\\\/\\\/secure.gravatar.com\\\/avatar\\\/57de8e5d4b15d43fb361a71fbb36338450fe67865b528a43dd10ef7c51a20392?s=96&d=mm&r=g\",\"url\":\"https:\\\/\\\/secure.gravatar.com\\\/avatar\\\/57de8e5d4b15d43fb361a71fbb36338450fe67865b528a43dd10ef7c51a20392?s=96&d=mm&r=g\",\"contentUrl\":\"https:\\\/\\\/secure.gravatar.com\\\/avatar\\\/57de8e5d4b15d43fb361a71fbb36338450fe67865b528a43dd10ef7c51a20392?s=96&d=mm&r=g\",\"caption\":\"La Sentinelle\"},\"sameAs\":[\"http:\\\/\\\/www.lasentinelle.dz\"],\"url\":\"https:\\\/\\\/lasentinelle.dz\\\/author\\\/redaction\\\/\"}]}<\/script>\n<!-- \/ Yoast SEO plugin. -->","yoast_head_json":{"title":"Burkina, Mali, Niger se retirent de la C\u00e9d\u00e9ao - La Sentinelle","robots":{"index":"index","follow":"follow","max-snippet":"max-snippet:-1","max-image-preview":"max-image-preview:large","max-video-preview":"max-video-preview:-1"},"canonical":"https:\/\/lasentinelle.dz\/index.php\/2024\/01\/29\/burkina-mali-niger-se-retirent-de-la-cedeao\/","og_locale":"fr_FR","og_type":"article","og_title":"Burkina, Mali, Niger se retirent de la C\u00e9d\u00e9ao - La Sentinelle","og_description":"Les dirigeants du Burkina Faso, du Mali et du Niger ont d\u00e9cid\u00e9 de retirer leur pays, avec effet imm\u00e9diat, de","og_url":"https:\/\/lasentinelle.dz\/index.php\/2024\/01\/29\/burkina-mali-niger-se-retirent-de-la-cedeao\/","og_site_name":"La Sentinelle","article_publisher":"https:\/\/www.facebook.com\/La-Sentinelle-104059864394773","article_published_time":"2024-01-29T08:56:00+00:00","article_modified_time":"2024-01-29T13:59:26+00:00","og_image":[{"width":223,"height":226,"url":"https:\/\/lasentinelle.dz\/wp-content\/uploads\/2023\/08\/cedeao.jpeg","type":"image\/jpeg"}],"author":"La Sentinelle","twitter_card":"summary_large_image","twitter_misc":{"\u00c9crit par":"La Sentinelle","Dur\u00e9e de lecture estim\u00e9e":"3 minutes"},"schema":{"@context":"https:\/\/schema.org","@graph":[{"@type":"Article","@id":"https:\/\/lasentinelle.dz\/index.php\/2024\/01\/29\/burkina-mali-niger-se-retirent-de-la-cedeao\/#article","isPartOf":{"@id":"https:\/\/lasentinelle.dz\/index.php\/2024\/01\/29\/burkina-mali-niger-se-retirent-de-la-cedeao\/"},"author":{"name":"La Sentinelle","@id":"https:\/\/lasentinelle.dz\/#\/schema\/person\/d865044e22e70a75174ce8bcad3acfb3"},"headline":"Burkina, Mali, Niger se retirent de la C\u00e9d\u00e9ao","datePublished":"2024-01-29T08:56:00+00:00","dateModified":"2024-01-29T13:59:26+00:00","mainEntityOfPage":{"@id":"https:\/\/lasentinelle.dz\/index.php\/2024\/01\/29\/burkina-mali-niger-se-retirent-de-la-cedeao\/"},"wordCount":598,"commentCount":0,"publisher":{"@id":"https:\/\/lasentinelle.dz\/#organization"},"image":{"@id":"https:\/\/lasentinelle.dz\/index.php\/2024\/01\/29\/burkina-mali-niger-se-retirent-de-la-cedeao\/#primaryimage"},"thumbnailUrl":"https:\/\/lasentinelle.dz\/wp-content\/uploads\/2023\/08\/cedeao.jpeg","articleSection":["\u00c0 la Une","Monde"],"inLanguage":"fr-FR","potentialAction":[{"@type":"CommentAction","name":"Comment","target":["https:\/\/lasentinelle.dz\/index.php\/2024\/01\/29\/burkina-mali-niger-se-retirent-de-la-cedeao\/#respond"]}]},{"@type":"WebPage","@id":"https:\/\/lasentinelle.dz\/index.php\/2024\/01\/29\/burkina-mali-niger-se-retirent-de-la-cedeao\/","url":"https:\/\/lasentinelle.dz\/index.php\/2024\/01\/29\/burkina-mali-niger-se-retirent-de-la-cedeao\/","name":"Burkina, Mali, Niger se retirent de la C\u00e9d\u00e9ao - La Sentinelle","isPartOf":{"@id":"https:\/\/lasentinelle.dz\/#website"},"primaryImageOfPage":{"@id":"https:\/\/lasentinelle.dz\/index.php\/2024\/01\/29\/burkina-mali-niger-se-retirent-de-la-cedeao\/#primaryimage"},"image":{"@id":"https:\/\/lasentinelle.dz\/index.php\/2024\/01\/29\/burkina-mali-niger-se-retirent-de-la-cedeao\/#primaryimage"},"thumbnailUrl":"https:\/\/lasentinelle.dz\/wp-content\/uploads\/2023\/08\/cedeao.jpeg","datePublished":"2024-01-29T08:56:00+00:00","dateModified":"2024-01-29T13:59:26+00:00","breadcrumb":{"@id":"https:\/\/lasentinelle.dz\/index.php\/2024\/01\/29\/burkina-mali-niger-se-retirent-de-la-cedeao\/#breadcrumb"},"inLanguage":"fr-FR","potentialAction":[{"@type":"ReadAction","target":["https:\/\/lasentinelle.dz\/index.php\/2024\/01\/29\/burkina-mali-niger-se-retirent-de-la-cedeao\/"]}]},{"@type":"ImageObject","inLanguage":"fr-FR","@id":"https:\/\/lasentinelle.dz\/index.php\/2024\/01\/29\/burkina-mali-niger-se-retirent-de-la-cedeao\/#primaryimage","url":"https:\/\/lasentinelle.dz\/wp-content\/uploads\/2023\/08\/cedeao.jpeg","contentUrl":"https:\/\/lasentinelle.dz\/wp-content\/uploads\/2023\/08\/cedeao.jpeg","width":223,"height":226},{"@type":"BreadcrumbList","@id":"https:\/\/lasentinelle.dz\/index.php\/2024\/01\/29\/burkina-mali-niger-se-retirent-de-la-cedeao\/#breadcrumb","itemListElement":[{"@type":"ListItem","position":1,"name":"Accueil","item":"https:\/\/lasentinelle.dz\/"},{"@type":"ListItem","position":2,"name":"Burkina, Mali, Niger se retirent de la C\u00e9d\u00e9ao"}]},{"@type":"WebSite","@id":"https:\/\/lasentinelle.dz\/#website","url":"https:\/\/lasentinelle.dz\/","name":"La Sentinelle","description":"Quotidien national d&#039;information","publisher":{"@id":"https:\/\/lasentinelle.dz\/#organization"},"potentialAction":[{"@type":"SearchAction","target":{"@type":"EntryPoint","urlTemplate":"https:\/\/lasentinelle.dz\/?s={search_term_string}"},"query-input":{"@type":"PropertyValueSpecification","valueRequired":true,"valueName":"search_term_string"}}],"inLanguage":"fr-FR"},{"@type":"Organization","@id":"https:\/\/lasentinelle.dz\/#organization","name":"Quotidien La Sentinelle","url":"https:\/\/lasentinelle.dz\/","logo":{"@type":"ImageObject","inLanguage":"fr-FR","@id":"https:\/\/lasentinelle.dz\/#\/schema\/logo\/image\/","url":"https:\/\/lasentinelle.dz\/wp-content\/uploads\/2021\/09\/logo-sentinelleSLOGAN-1.png","contentUrl":"https:\/\/lasentinelle.dz\/wp-content\/uploads\/2021\/09\/logo-sentinelleSLOGAN-1.png","width":615,"height":142,"caption":"Quotidien La Sentinelle"},"image":{"@id":"https:\/\/lasentinelle.dz\/#\/schema\/logo\/image\/"},"sameAs":["https:\/\/www.facebook.com\/La-Sentinelle-104059864394773"]},{"@type":"Person","@id":"https:\/\/lasentinelle.dz\/#\/schema\/person\/d865044e22e70a75174ce8bcad3acfb3","name":"La Sentinelle","image":{"@type":"ImageObject","inLanguage":"fr-FR","@id":"https:\/\/secure.gravatar.com\/avatar\/57de8e5d4b15d43fb361a71fbb36338450fe67865b528a43dd10ef7c51a20392?s=96&d=mm&r=g","url":"https:\/\/secure.gravatar.com\/avatar\/57de8e5d4b15d43fb361a71fbb36338450fe67865b528a43dd10ef7c51a20392?s=96&d=mm&r=g","contentUrl":"https:\/\/secure.gravatar.com\/avatar\/57de8e5d4b15d43fb361a71fbb36338450fe67865b528a43dd10ef7c51a20392?s=96&d=mm&r=g","caption":"La Sentinelle"},"sameAs":["http:\/\/www.lasentinelle.dz"],"url":"https:\/\/lasentinelle.dz\/author\/redaction\/"}]}},"_links":{"self":[{"href":"https:\/\/lasentinelle.dz\/index.php\/wp-json\/wp\/v2\/posts\/49042","targetHints":{"allow":["GET"]}}],"collection":[{"href":"https:\/\/lasentinelle.dz\/index.php\/wp-json\/wp\/v2\/posts"}],"about":[{"href":"https:\/\/lasentinelle.dz\/index.php\/wp-json\/wp\/v2\/types\/post"}],"author":[{"embeddable":true,"href":"https:\/\/lasentinelle.dz\/index.php\/wp-json\/wp\/v2\/users\/3"}],"replies":[{"embeddable":true,"href":"https:\/\/lasentinelle.dz\/index.php\/wp-json\/wp\/v2\/comments?post=49042"}],"version-history":[{"count":1,"href":"https:\/\/lasentinelle.dz\/index.php\/wp-json\/wp\/v2\/posts\/49042\/revisions"}],"predecessor-version":[{"id":49043,"href":"https:\/\/lasentinelle.dz\/index.php\/wp-json\/wp\/v2\/posts\/49042\/revisions\/49043"}],"wp:featuredmedia":[{"embeddable":true,"href":"https:\/\/lasentinelle.dz\/index.php\/wp-json\/wp\/v2\/media\/44245"}],"wp:attachment":[{"href":"https:\/\/lasentinelle.dz\/index.php\/wp-json\/wp\/v2\/media?parent=49042"}],"wp:term":[{"taxonomy":"category","embeddable":true,"href":"https:\/\/lasentinelle.dz\/index.php\/wp-json\/wp\/v2\/categories?post=49042"},{"taxonomy":"post_tag","embeddable":true,"href":"https:\/\/lasentinelle.dz\/index.php\/wp-json\/wp\/v2\/tags?post=49042"}],"curies":[{"name":"wp","href":"https:\/\/api.w.org\/{rel}","templated":true}]}}