{"id":49047,"date":"2024-01-29T10:01:00","date_gmt":"2024-01-29T09:01:00","guid":{"rendered":"https:\/\/lasentinelle.dz\/?p=49047"},"modified":"2024-01-29T15:03:25","modified_gmt":"2024-01-29T14:03:25","slug":"annaba-vers-la-numerisation-de-la-gestion-des-dechets","status":"publish","type":"post","link":"https:\/\/lasentinelle.dz\/index.php\/2024\/01\/29\/annaba-vers-la-numerisation-de-la-gestion-des-dechets\/","title":{"rendered":"Annaba\u00a0: Vers la num\u00e9risation de la gestion des d\u00e9chets"},"content":{"rendered":"\n<p>Des dispositifs \u00e9lectroniques alg\u00e9riens ont \u00e9t\u00e9 int\u00e9gr\u00e9s pour am\u00e9liorer l\u2019efficacit\u00e9 de la gestion des d\u00e9chets dans la wilaya d\u2019Annaba. C\u2019est ce qu\u2019a fait savoir Toufik Foughali, directeur du centre d\u2019enfouissement technique de la wilaya d\u2019Annaba. La d\u00e9marche s\u2019inscrit dans le cadre de l\u2019am\u00e9lioration de la gestion des d\u00e9chets sur l\u2019ensemble du territoire de&nbsp; la wilaya d\u2019Annaba. \u00c0 cet effet,&nbsp; le Centre d\u2019enfouissement technique (CET) intercommunal Berka Zerga, dans la commune d\u2019El Bouni a conclu, ce jeudi,&nbsp; un accord avec le Centre de Recherches en Environnement (CRE) d\u2019Annaba. L\u2019accord concerne la gestion intelligente des d\u00e9chets, avec l\u2019utilisation d\u2019une application d\u00e9velopp\u00e9e en collaboration avec les chercheurs du CRE. Cet accord vient marquer, comme soulign\u00e9 par le directeur du CRE, une transition num\u00e9rique dans la gestion intelligente des d\u00e9chets par&nbsp; le centre d\u2019enfouissement technique de Berka Zarga. Ce dernier qui rappelons-le,&nbsp; traite plus de 200 camions par jour de d\u00e9chets m\u00e9nagers.&nbsp; Par ailleurs, il est \u00e0 rappeler qu\u2019un autre projet est en voie de r\u00e9alisation pour un 6e casier d\u2019enfouissement des d\u00e9chets au niveau du centre d\u2019enfouissement technique&nbsp; intercommunal Berka Zerga, initi\u00e9 par l\u2019Agence Nationale des D\u00e9chets (AND). D\u2019un volume total de 300.000 m3, le casier n\u00b05, qui re\u00e7oit quotidiennement 530 tonnes de d\u00e9chets des 600.000 habitants des da\u00efras d\u2019Annaba, El Bouni, Berrahal et El Hadjar, sera ferm\u00e9 apr\u00e8s la r\u00e9alisation et la r\u00e9ception du nouveau casier n\u00b06 par l\u2019\u00c9tablissement public de wilaya de gestion des CET-Annaba (EPIC EPWG-CET). L\u2019am\u00e9lioration relative de la situation environnementale est due, majoritairement, \u00e0 l\u2019implication des collectivit\u00e9s locales, du mouvement associatif et des administrations publiques dans des campagnes de nettoiement et de collecte d\u2019ordures. Ces op\u00e9rations d\u2019envergure ont permis au centre d\u2019enfouissement technique intercommunal de Berka Zerga de recevoir une quantit\u00e9&nbsp; de plus de 41.000 tonnes de d\u00e9chets. \u00c0 l\u2019image de Sidi Amar, qui enregistre \u00e0 elle seule, une collecte quotidienne de 6 tonnes d\u2019ordures. Bien que l\u2019am\u00e9lioration du cadre de vie s\u2019est nettement am\u00e9lior\u00e9e, mais l\u2019incivisme citoyen est toujours point\u00e9 du doigt.&nbsp; D\u2019o\u00f9, les appels aux habitants pour plus de respect des horaires de passage des camions de ramassage d&rsquo;ordures fix\u00e9s de 18h \u00e0 23h. Remarquons tout de m\u00eame que les quantit\u00e9s de d\u00e9chets m\u00e9nagers collect\u00e9s par les entreprises en charge du ramassage&nbsp; a relativement baiss\u00e9, passant de plus de 1700 tonnes d\u2019ordures \u00e0 1100. Ce constat d\u2019am\u00e9lioration est retenu \u00e0 l\u2019actif des campagnes de volontariat initi\u00e9es depuis plusieurs mois, par les autorit\u00e9s locales de la wilaya&nbsp; pour le nettoyage des quartiers et cit\u00e9s \u00e0 travers toutes les communes de la wilaya. Une op\u00e9ration salutaire fortement lou\u00e9e par les habitants de la wilaya, notamment ceux du chef-lieu de la wilaya &nbsp;d\u2019Annaba, dont la d\u00e9gradation du cadre de vie, occasionn\u00e9 par l\u2019indiff\u00e9rence et le laisser \u2013aller des services de l&rsquo;APC, pris dans le tourbillon des gu\u00e9guerres, a transform\u00e9 la ville en une d\u00e9charge \u00e0 ciel ouvert.<\/p>\n\n\n\n<p><strong>S<\/strong><strong>. Chahine<\/strong><\/p>\n","protected":false},"excerpt":{"rendered":"<p>Des dispositifs \u00e9lectroniques alg\u00e9riens ont \u00e9t\u00e9 int\u00e9gr\u00e9s pour am\u00e9liorer l\u2019efficacit\u00e9 de la gestion des d\u00e9chets dans la wilaya d\u2019Annaba. C\u2019est<\/p>\n","protected":false},"author":3,"featured_media":49048,"comment_status":"open","ping_status":"closed","sticky":false,"template":"","format":"standard","meta":{"colormag_page_container_layout":"default_layout","colormag_page_sidebar_layout":"default_layout","om_disable_all_campaigns":false,"_monsterinsights_skip_tracking":false,"_monsterinsights_sitenote_active":false,"_monsterinsights_sitenote_note":"","_monsterinsights_sitenote_category":0,"footnotes":"","_wpscppro_dont_share_socialmedia":false,"_wpscppro_custom_social_share_image":0,"_facebook_share_type":"","_twitter_share_type":"","_linkedin_share_type":"","_pinterest_share_type":"","_linkedin_share_type_page":"","_instagram_share_type":"","_medium_share_type":"","_threads_share_type":"","_google_business_share_type":"","_selected_social_profile":[],"_wpsp_enable_custom_social_template":false,"_wpsp_social_scheduling":{"enabled":false,"datetime":null,"platforms":[],"status":"template_only","dateOption":"today","timeOption":"now","customDays":"","customHours":"","customDate":"","customTime":"","schedulingType":"absolute"},"_wpsp_active_default_template":true},"categories":[31],"tags":[],"class_list":["post-49047","post","type-post","status-publish","format-standard","has-post-thumbnail","hentry","category-regions"],"aioseo_notices":[],"yoast_head":"<!-- This site is optimized with the Yoast SEO plugin v27.5 - https:\/\/yoast.com\/product\/yoast-seo-wordpress\/ -->\n<title>Annaba\u00a0: Vers la num\u00e9risation de la gestion des d\u00e9chets - La Sentinelle<\/title>\n<meta name=\"robots\" content=\"index, follow, max-snippet:-1, max-image-preview:large, max-video-preview:-1\" \/>\n<link rel=\"canonical\" href=\"https:\/\/lasentinelle.dz\/index.php\/2024\/01\/29\/annaba-vers-la-numerisation-de-la-gestion-des-dechets\/\" \/>\n<meta property=\"og:locale\" content=\"fr_FR\" \/>\n<meta property=\"og:type\" content=\"article\" \/>\n<meta property=\"og:title\" content=\"Annaba\u00a0: Vers la num\u00e9risation de la gestion des d\u00e9chets - La Sentinelle\" \/>\n<meta property=\"og:description\" content=\"Des dispositifs \u00e9lectroniques alg\u00e9riens ont \u00e9t\u00e9 int\u00e9gr\u00e9s pour am\u00e9liorer l\u2019efficacit\u00e9 de la gestion des d\u00e9chets dans la wilaya d\u2019Annaba. C\u2019est\" \/>\n<meta property=\"og:url\" content=\"https:\/\/lasentinelle.dz\/index.php\/2024\/01\/29\/annaba-vers-la-numerisation-de-la-gestion-des-dechets\/\" \/>\n<meta property=\"og:site_name\" content=\"La Sentinelle\" \/>\n<meta property=\"article:publisher\" content=\"https:\/\/www.facebook.com\/La-Sentinelle-104059864394773\" \/>\n<meta property=\"article:published_time\" content=\"2024-01-29T09:01:00+00:00\" \/>\n<meta property=\"article:modified_time\" content=\"2024-01-29T14:03:25+00:00\" \/>\n<meta property=\"og:image\" content=\"https:\/\/lasentinelle.dz\/wp-content\/uploads\/2024\/01\/dechets.jpeg\" \/>\n\t<meta property=\"og:image:width\" content=\"580\" \/>\n\t<meta property=\"og:image:height\" content=\"350\" \/>\n\t<meta property=\"og:image:type\" content=\"image\/jpeg\" \/>\n<meta name=\"author\" content=\"La Sentinelle\" \/>\n<meta name=\"twitter:card\" content=\"summary_large_image\" \/>\n<meta name=\"twitter:label1\" content=\"\u00c9crit par\" \/>\n\t<meta name=\"twitter:data1\" content=\"La Sentinelle\" \/>\n\t<meta name=\"twitter:label2\" content=\"Dur\u00e9e de lecture estim\u00e9e\" \/>\n\t<meta name=\"twitter:data2\" content=\"3 minutes\" \/>\n<script type=\"application\/ld+json\" class=\"yoast-schema-graph\">{\"@context\":\"https:\\\/\\\/schema.org\",\"@graph\":[{\"@type\":\"Article\",\"@id\":\"https:\\\/\\\/lasentinelle.dz\\\/index.php\\\/2024\\\/01\\\/29\\\/annaba-vers-la-numerisation-de-la-gestion-des-dechets\\\/#article\",\"isPartOf\":{\"@id\":\"https:\\\/\\\/lasentinelle.dz\\\/index.php\\\/2024\\\/01\\\/29\\\/annaba-vers-la-numerisation-de-la-gestion-des-dechets\\\/\"},\"author\":{\"name\":\"La Sentinelle\",\"@id\":\"https:\\\/\\\/lasentinelle.dz\\\/#\\\/schema\\\/person\\\/d865044e22e70a75174ce8bcad3acfb3\"},\"headline\":\"Annaba\u00a0: Vers la num\u00e9risation de la gestion des d\u00e9chets\",\"datePublished\":\"2024-01-29T09:01:00+00:00\",\"dateModified\":\"2024-01-29T14:03:25+00:00\",\"mainEntityOfPage\":{\"@id\":\"https:\\\/\\\/lasentinelle.dz\\\/index.php\\\/2024\\\/01\\\/29\\\/annaba-vers-la-numerisation-de-la-gestion-des-dechets\\\/\"},\"wordCount\":564,\"commentCount\":0,\"publisher\":{\"@id\":\"https:\\\/\\\/lasentinelle.dz\\\/#organization\"},\"image\":{\"@id\":\"https:\\\/\\\/lasentinelle.dz\\\/index.php\\\/2024\\\/01\\\/29\\\/annaba-vers-la-numerisation-de-la-gestion-des-dechets\\\/#primaryimage\"},\"thumbnailUrl\":\"https:\\\/\\\/lasentinelle.dz\\\/wp-content\\\/uploads\\\/2024\\\/01\\\/dechets.jpeg\",\"articleSection\":[\"R\u00e9gions\"],\"inLanguage\":\"fr-FR\",\"potentialAction\":[{\"@type\":\"CommentAction\",\"name\":\"Comment\",\"target\":[\"https:\\\/\\\/lasentinelle.dz\\\/index.php\\\/2024\\\/01\\\/29\\\/annaba-vers-la-numerisation-de-la-gestion-des-dechets\\\/#respond\"]}]},{\"@type\":\"WebPage\",\"@id\":\"https:\\\/\\\/lasentinelle.dz\\\/index.php\\\/2024\\\/01\\\/29\\\/annaba-vers-la-numerisation-de-la-gestion-des-dechets\\\/\",\"url\":\"https:\\\/\\\/lasentinelle.dz\\\/index.php\\\/2024\\\/01\\\/29\\\/annaba-vers-la-numerisation-de-la-gestion-des-dechets\\\/\",\"name\":\"Annaba\u00a0: Vers la num\u00e9risation de la gestion des d\u00e9chets - La Sentinelle\",\"isPartOf\":{\"@id\":\"https:\\\/\\\/lasentinelle.dz\\\/#website\"},\"primaryImageOfPage\":{\"@id\":\"https:\\\/\\\/lasentinelle.dz\\\/index.php\\\/2024\\\/01\\\/29\\\/annaba-vers-la-numerisation-de-la-gestion-des-dechets\\\/#primaryimage\"},\"image\":{\"@id\":\"https:\\\/\\\/lasentinelle.dz\\\/index.php\\\/2024\\\/01\\\/29\\\/annaba-vers-la-numerisation-de-la-gestion-des-dechets\\\/#primaryimage\"},\"thumbnailUrl\":\"https:\\\/\\\/lasentinelle.dz\\\/wp-content\\\/uploads\\\/2024\\\/01\\\/dechets.jpeg\",\"datePublished\":\"2024-01-29T09:01:00+00:00\",\"dateModified\":\"2024-01-29T14:03:25+00:00\",\"breadcrumb\":{\"@id\":\"https:\\\/\\\/lasentinelle.dz\\\/index.php\\\/2024\\\/01\\\/29\\\/annaba-vers-la-numerisation-de-la-gestion-des-dechets\\\/#breadcrumb\"},\"inLanguage\":\"fr-FR\",\"potentialAction\":[{\"@type\":\"ReadAction\",\"target\":[\"https:\\\/\\\/lasentinelle.dz\\\/index.php\\\/2024\\\/01\\\/29\\\/annaba-vers-la-numerisation-de-la-gestion-des-dechets\\\/\"]}]},{\"@type\":\"ImageObject\",\"inLanguage\":\"fr-FR\",\"@id\":\"https:\\\/\\\/lasentinelle.dz\\\/index.php\\\/2024\\\/01\\\/29\\\/annaba-vers-la-numerisation-de-la-gestion-des-dechets\\\/#primaryimage\",\"url\":\"https:\\\/\\\/lasentinelle.dz\\\/wp-content\\\/uploads\\\/2024\\\/01\\\/dechets.jpeg\",\"contentUrl\":\"https:\\\/\\\/lasentinelle.dz\\\/wp-content\\\/uploads\\\/2024\\\/01\\\/dechets.jpeg\",\"width\":580,\"height\":350},{\"@type\":\"BreadcrumbList\",\"@id\":\"https:\\\/\\\/lasentinelle.dz\\\/index.php\\\/2024\\\/01\\\/29\\\/annaba-vers-la-numerisation-de-la-gestion-des-dechets\\\/#breadcrumb\",\"itemListElement\":[{\"@type\":\"ListItem\",\"position\":1,\"name\":\"Accueil\",\"item\":\"https:\\\/\\\/lasentinelle.dz\\\/\"},{\"@type\":\"ListItem\",\"position\":2,\"name\":\"Annaba\u00a0: Vers la num\u00e9risation de la gestion des d\u00e9chets\"}]},{\"@type\":\"WebSite\",\"@id\":\"https:\\\/\\\/lasentinelle.dz\\\/#website\",\"url\":\"https:\\\/\\\/lasentinelle.dz\\\/\",\"name\":\"La Sentinelle\",\"description\":\"Quotidien national d&#039;information\",\"publisher\":{\"@id\":\"https:\\\/\\\/lasentinelle.dz\\\/#organization\"},\"potentialAction\":[{\"@type\":\"SearchAction\",\"target\":{\"@type\":\"EntryPoint\",\"urlTemplate\":\"https:\\\/\\\/lasentinelle.dz\\\/?s={search_term_string}\"},\"query-input\":{\"@type\":\"PropertyValueSpecification\",\"valueRequired\":true,\"valueName\":\"search_term_string\"}}],\"inLanguage\":\"fr-FR\"},{\"@type\":\"Organization\",\"@id\":\"https:\\\/\\\/lasentinelle.dz\\\/#organization\",\"name\":\"Quotidien La Sentinelle\",\"url\":\"https:\\\/\\\/lasentinelle.dz\\\/\",\"logo\":{\"@type\":\"ImageObject\",\"inLanguage\":\"fr-FR\",\"@id\":\"https:\\\/\\\/lasentinelle.dz\\\/#\\\/schema\\\/logo\\\/image\\\/\",\"url\":\"https:\\\/\\\/lasentinelle.dz\\\/wp-content\\\/uploads\\\/2021\\\/09\\\/logo-sentinelleSLOGAN-1.png\",\"contentUrl\":\"https:\\\/\\\/lasentinelle.dz\\\/wp-content\\\/uploads\\\/2021\\\/09\\\/logo-sentinelleSLOGAN-1.png\",\"width\":615,\"height\":142,\"caption\":\"Quotidien La Sentinelle\"},\"image\":{\"@id\":\"https:\\\/\\\/lasentinelle.dz\\\/#\\\/schema\\\/logo\\\/image\\\/\"},\"sameAs\":[\"https:\\\/\\\/www.facebook.com\\\/La-Sentinelle-104059864394773\"]},{\"@type\":\"Person\",\"@id\":\"https:\\\/\\\/lasentinelle.dz\\\/#\\\/schema\\\/person\\\/d865044e22e70a75174ce8bcad3acfb3\",\"name\":\"La Sentinelle\",\"image\":{\"@type\":\"ImageObject\",\"inLanguage\":\"fr-FR\",\"@id\":\"https:\\\/\\\/secure.gravatar.com\\\/avatar\\\/57de8e5d4b15d43fb361a71fbb36338450fe67865b528a43dd10ef7c51a20392?s=96&d=mm&r=g\",\"url\":\"https:\\\/\\\/secure.gravatar.com\\\/avatar\\\/57de8e5d4b15d43fb361a71fbb36338450fe67865b528a43dd10ef7c51a20392?s=96&d=mm&r=g\",\"contentUrl\":\"https:\\\/\\\/secure.gravatar.com\\\/avatar\\\/57de8e5d4b15d43fb361a71fbb36338450fe67865b528a43dd10ef7c51a20392?s=96&d=mm&r=g\",\"caption\":\"La Sentinelle\"},\"sameAs\":[\"http:\\\/\\\/www.lasentinelle.dz\"],\"url\":\"https:\\\/\\\/lasentinelle.dz\\\/author\\\/redaction\\\/\"}]}<\/script>\n<!-- \/ Yoast SEO plugin. -->","yoast_head_json":{"title":"Annaba\u00a0: Vers la num\u00e9risation de la gestion des d\u00e9chets - La Sentinelle","robots":{"index":"index","follow":"follow","max-snippet":"max-snippet:-1","max-image-preview":"max-image-preview:large","max-video-preview":"max-video-preview:-1"},"canonical":"https:\/\/lasentinelle.dz\/index.php\/2024\/01\/29\/annaba-vers-la-numerisation-de-la-gestion-des-dechets\/","og_locale":"fr_FR","og_type":"article","og_title":"Annaba\u00a0: Vers la num\u00e9risation de la gestion des d\u00e9chets - La Sentinelle","og_description":"Des dispositifs \u00e9lectroniques alg\u00e9riens ont \u00e9t\u00e9 int\u00e9gr\u00e9s pour am\u00e9liorer l\u2019efficacit\u00e9 de la gestion des d\u00e9chets dans la wilaya d\u2019Annaba. C\u2019est","og_url":"https:\/\/lasentinelle.dz\/index.php\/2024\/01\/29\/annaba-vers-la-numerisation-de-la-gestion-des-dechets\/","og_site_name":"La Sentinelle","article_publisher":"https:\/\/www.facebook.com\/La-Sentinelle-104059864394773","article_published_time":"2024-01-29T09:01:00+00:00","article_modified_time":"2024-01-29T14:03:25+00:00","og_image":[{"width":580,"height":350,"url":"https:\/\/lasentinelle.dz\/wp-content\/uploads\/2024\/01\/dechets.jpeg","type":"image\/jpeg"}],"author":"La Sentinelle","twitter_card":"summary_large_image","twitter_misc":{"\u00c9crit par":"La Sentinelle","Dur\u00e9e de lecture estim\u00e9e":"3 minutes"},"schema":{"@context":"https:\/\/schema.org","@graph":[{"@type":"Article","@id":"https:\/\/lasentinelle.dz\/index.php\/2024\/01\/29\/annaba-vers-la-numerisation-de-la-gestion-des-dechets\/#article","isPartOf":{"@id":"https:\/\/lasentinelle.dz\/index.php\/2024\/01\/29\/annaba-vers-la-numerisation-de-la-gestion-des-dechets\/"},"author":{"name":"La Sentinelle","@id":"https:\/\/lasentinelle.dz\/#\/schema\/person\/d865044e22e70a75174ce8bcad3acfb3"},"headline":"Annaba\u00a0: Vers la num\u00e9risation de la gestion des d\u00e9chets","datePublished":"2024-01-29T09:01:00+00:00","dateModified":"2024-01-29T14:03:25+00:00","mainEntityOfPage":{"@id":"https:\/\/lasentinelle.dz\/index.php\/2024\/01\/29\/annaba-vers-la-numerisation-de-la-gestion-des-dechets\/"},"wordCount":564,"commentCount":0,"publisher":{"@id":"https:\/\/lasentinelle.dz\/#organization"},"image":{"@id":"https:\/\/lasentinelle.dz\/index.php\/2024\/01\/29\/annaba-vers-la-numerisation-de-la-gestion-des-dechets\/#primaryimage"},"thumbnailUrl":"https:\/\/lasentinelle.dz\/wp-content\/uploads\/2024\/01\/dechets.jpeg","articleSection":["R\u00e9gions"],"inLanguage":"fr-FR","potentialAction":[{"@type":"CommentAction","name":"Comment","target":["https:\/\/lasentinelle.dz\/index.php\/2024\/01\/29\/annaba-vers-la-numerisation-de-la-gestion-des-dechets\/#respond"]}]},{"@type":"WebPage","@id":"https:\/\/lasentinelle.dz\/index.php\/2024\/01\/29\/annaba-vers-la-numerisation-de-la-gestion-des-dechets\/","url":"https:\/\/lasentinelle.dz\/index.php\/2024\/01\/29\/annaba-vers-la-numerisation-de-la-gestion-des-dechets\/","name":"Annaba\u00a0: Vers la num\u00e9risation de la gestion des d\u00e9chets - La Sentinelle","isPartOf":{"@id":"https:\/\/lasentinelle.dz\/#website"},"primaryImageOfPage":{"@id":"https:\/\/lasentinelle.dz\/index.php\/2024\/01\/29\/annaba-vers-la-numerisation-de-la-gestion-des-dechets\/#primaryimage"},"image":{"@id":"https:\/\/lasentinelle.dz\/index.php\/2024\/01\/29\/annaba-vers-la-numerisation-de-la-gestion-des-dechets\/#primaryimage"},"thumbnailUrl":"https:\/\/lasentinelle.dz\/wp-content\/uploads\/2024\/01\/dechets.jpeg","datePublished":"2024-01-29T09:01:00+00:00","dateModified":"2024-01-29T14:03:25+00:00","breadcrumb":{"@id":"https:\/\/lasentinelle.dz\/index.php\/2024\/01\/29\/annaba-vers-la-numerisation-de-la-gestion-des-dechets\/#breadcrumb"},"inLanguage":"fr-FR","potentialAction":[{"@type":"ReadAction","target":["https:\/\/lasentinelle.dz\/index.php\/2024\/01\/29\/annaba-vers-la-numerisation-de-la-gestion-des-dechets\/"]}]},{"@type":"ImageObject","inLanguage":"fr-FR","@id":"https:\/\/lasentinelle.dz\/index.php\/2024\/01\/29\/annaba-vers-la-numerisation-de-la-gestion-des-dechets\/#primaryimage","url":"https:\/\/lasentinelle.dz\/wp-content\/uploads\/2024\/01\/dechets.jpeg","contentUrl":"https:\/\/lasentinelle.dz\/wp-content\/uploads\/2024\/01\/dechets.jpeg","width":580,"height":350},{"@type":"BreadcrumbList","@id":"https:\/\/lasentinelle.dz\/index.php\/2024\/01\/29\/annaba-vers-la-numerisation-de-la-gestion-des-dechets\/#breadcrumb","itemListElement":[{"@type":"ListItem","position":1,"name":"Accueil","item":"https:\/\/lasentinelle.dz\/"},{"@type":"ListItem","position":2,"name":"Annaba\u00a0: Vers la num\u00e9risation de la gestion des d\u00e9chets"}]},{"@type":"WebSite","@id":"https:\/\/lasentinelle.dz\/#website","url":"https:\/\/lasentinelle.dz\/","name":"La Sentinelle","description":"Quotidien national d&#039;information","publisher":{"@id":"https:\/\/lasentinelle.dz\/#organization"},"potentialAction":[{"@type":"SearchAction","target":{"@type":"EntryPoint","urlTemplate":"https:\/\/lasentinelle.dz\/?s={search_term_string}"},"query-input":{"@type":"PropertyValueSpecification","valueRequired":true,"valueName":"search_term_string"}}],"inLanguage":"fr-FR"},{"@type":"Organization","@id":"https:\/\/lasentinelle.dz\/#organization","name":"Quotidien La Sentinelle","url":"https:\/\/lasentinelle.dz\/","logo":{"@type":"ImageObject","inLanguage":"fr-FR","@id":"https:\/\/lasentinelle.dz\/#\/schema\/logo\/image\/","url":"https:\/\/lasentinelle.dz\/wp-content\/uploads\/2021\/09\/logo-sentinelleSLOGAN-1.png","contentUrl":"https:\/\/lasentinelle.dz\/wp-content\/uploads\/2021\/09\/logo-sentinelleSLOGAN-1.png","width":615,"height":142,"caption":"Quotidien La Sentinelle"},"image":{"@id":"https:\/\/lasentinelle.dz\/#\/schema\/logo\/image\/"},"sameAs":["https:\/\/www.facebook.com\/La-Sentinelle-104059864394773"]},{"@type":"Person","@id":"https:\/\/lasentinelle.dz\/#\/schema\/person\/d865044e22e70a75174ce8bcad3acfb3","name":"La Sentinelle","image":{"@type":"ImageObject","inLanguage":"fr-FR","@id":"https:\/\/secure.gravatar.com\/avatar\/57de8e5d4b15d43fb361a71fbb36338450fe67865b528a43dd10ef7c51a20392?s=96&d=mm&r=g","url":"https:\/\/secure.gravatar.com\/avatar\/57de8e5d4b15d43fb361a71fbb36338450fe67865b528a43dd10ef7c51a20392?s=96&d=mm&r=g","contentUrl":"https:\/\/secure.gravatar.com\/avatar\/57de8e5d4b15d43fb361a71fbb36338450fe67865b528a43dd10ef7c51a20392?s=96&d=mm&r=g","caption":"La Sentinelle"},"sameAs":["http:\/\/www.lasentinelle.dz"],"url":"https:\/\/lasentinelle.dz\/author\/redaction\/"}]}},"_links":{"self":[{"href":"https:\/\/lasentinelle.dz\/index.php\/wp-json\/wp\/v2\/posts\/49047","targetHints":{"allow":["GET"]}}],"collection":[{"href":"https:\/\/lasentinelle.dz\/index.php\/wp-json\/wp\/v2\/posts"}],"about":[{"href":"https:\/\/lasentinelle.dz\/index.php\/wp-json\/wp\/v2\/types\/post"}],"author":[{"embeddable":true,"href":"https:\/\/lasentinelle.dz\/index.php\/wp-json\/wp\/v2\/users\/3"}],"replies":[{"embeddable":true,"href":"https:\/\/lasentinelle.dz\/index.php\/wp-json\/wp\/v2\/comments?post=49047"}],"version-history":[{"count":1,"href":"https:\/\/lasentinelle.dz\/index.php\/wp-json\/wp\/v2\/posts\/49047\/revisions"}],"predecessor-version":[{"id":49049,"href":"https:\/\/lasentinelle.dz\/index.php\/wp-json\/wp\/v2\/posts\/49047\/revisions\/49049"}],"wp:featuredmedia":[{"embeddable":true,"href":"https:\/\/lasentinelle.dz\/index.php\/wp-json\/wp\/v2\/media\/49048"}],"wp:attachment":[{"href":"https:\/\/lasentinelle.dz\/index.php\/wp-json\/wp\/v2\/media?parent=49047"}],"wp:term":[{"taxonomy":"category","embeddable":true,"href":"https:\/\/lasentinelle.dz\/index.php\/wp-json\/wp\/v2\/categories?post=49047"},{"taxonomy":"post_tag","embeddable":true,"href":"https:\/\/lasentinelle.dz\/index.php\/wp-json\/wp\/v2\/tags?post=49047"}],"curies":[{"name":"wp","href":"https:\/\/api.w.org\/{rel}","templated":true}]}}