{"id":4906,"date":"2021-08-23T00:01:00","date_gmt":"2021-08-22T23:01:00","guid":{"rendered":"https:\/\/lasentinelle.dz\/?p=4906"},"modified":"2021-08-22T16:34:49","modified_gmt":"2021-08-22T15:34:49","slug":"afghanistan-le-chaos-a-laeroport-de-kaboul-fait-ses-premiers-morts","status":"publish","type":"post","link":"https:\/\/lasentinelle.dz\/index.php\/2021\/08\/23\/afghanistan-le-chaos-a-laeroport-de-kaboul-fait-ses-premiers-morts\/","title":{"rendered":"Afghanistan : Le chaos \u00e0 l&rsquo;a\u00e9roport de Kaboul fait ses premiers morts"},"content":{"rendered":"\n<p>Le chaos qui r\u00e8gne \u00e0 l&rsquo;a\u00e9roport de Kaboul, o\u00f9 des milliers d&rsquo;Afghans tentent d\u00e9sesp\u00e9r\u00e9ment de monter dans un avion pour fuir le pays, a provoqu\u00e9 ses premiers morts samedi, au moment o\u00f9 la direction des talibans se r\u00e9unissait pour d\u00e9finir les contours d&rsquo;un gouvernement \u00ab\u00a0inclusif\u00a0\u00bb.Des images tourn\u00e9es par Sky News montrent les corps d&rsquo;au moins trois personnes, vraisemblablement \u00e9cras\u00e9es par la foule qui se presse contre les portes de l&rsquo;a\u00e9roport. Samedi, les routes menant \u00e0 l&rsquo;a\u00e9roport de Kaboul continuaient d&rsquo;\u00eatre congestionn\u00e9es. Des milliers de familles se massaient encore devant l&rsquo;a\u00e9rodrome, esp\u00e9rant monter par miracle dans un avion. Devant elles, des militaires am\u00e9ricains et une brigade des forces sp\u00e9ciales afghanes se tenaient aux aguets pour les dissuader d&rsquo;envahir les lieux.<\/p>\n\n\n\n<p>Samedi, l&rsquo;ambassade am\u00e9ricaine \u00e0 Kaboul a appel\u00e9 ses ressortissants \u00e0 \u00e9viter de s&rsquo;approcher de l&rsquo;a\u00e9roport pour cause de \u00ab\u00a0potentielles menaces de s\u00e9curit\u00e9\u00a0\u00bb.\u00a0\u00bbNous conseillons aux citoyens am\u00e9ricains d&rsquo;\u00e9viter de se d\u00e9placer vers l&rsquo;a\u00e9roport et d&rsquo;\u00e9viter les portes de l&rsquo;a\u00e9roport pour le moment, \u00e0 moins que vous ne receviez des instructions individuelles d&rsquo;un repr\u00e9sentant du gouvernement am\u00e9ricain pour ce faire\u00a0\u00bb, d\u00e9taille le bulletin publi\u00e9 sur le site internet de l&rsquo;ambassade.<\/p>\n\n\n\n<p>Pour le chef de la diplomatie europ\u00e9enne Josep Borrell, il va \u00eatre \u00ab\u00a0impossible\u00a0\u00bb d&rsquo;\u00e9vacuer tous les collaborateurs afghans des pouvoirs occidentaux avant le 31 ao\u00fbt.L&rsquo;administration am\u00e9ricaine a fix\u00e9 \u00e0 cette date le retrait d\u00e9finitif de ses forces d&rsquo;Afghanistan, et esp\u00e8re \u00e9vacuer d&rsquo;ici l\u00e0 tous les Am\u00e9ricains (entre 10.000 et 15.000 personnes), et faire de m\u00eame pour leurs alli\u00e9s Afghans et leurs familles (entre 50.000 et 65.000 personnes).\u00a0\u00bbNous nous battons \u00e0 la fois contre le temps et l&rsquo;espace\u00a0\u00bb, a reconnu samedi le porte-parole du Pentagone, John Kirby. Depuis le 14 ao\u00fbt, quelque 17.000 personnes ont \u00e9t\u00e9 \u00e9vacu\u00e9es par les Etats-Unis, dont 2.500 Am\u00e9ricains. Des milliers d&rsquo;autres ont \u00e9t\u00e9 exfiltr\u00e9es \u00e0 bord d&rsquo;avions militaires \u00e9trangers.<\/p>\n\n\n\n<p>Les talibans ont reproch\u00e9 hier aux \u00c9tats-Unis d&rsquo;\u00eatre responsables du chaos \u00e0 l&rsquo;a\u00e9roport de Kaboul.Face \u00e0 cette situation, les dirigeants du G7 vont tenir une r\u00e9union virtuelle demain, a annonc\u00e9 le&nbsp; Premier ministre britannique Boris Johnson, dont le pays assure actuellement la pr\u00e9sidence du groupe.Pendant que les \u00e9vacuations se poursuivent, le cofondateur et num\u00e9ro deux des talibans, Abdul Ghani Baradar, est arriv\u00e9 samedi \u00e0 Kaboul apr\u00e8s avoir pass\u00e9 deux jours \u00e0 Kandahar, berceau du mouvement.Depuis l&rsquo;arriv\u00e9e d&rsquo;Abdul Ghani Baradar sur le sol afghan, les talibans ont assur\u00e9 que leur r\u00e8gne serait \u00ab\u00a0diff\u00e9rent\u00a0\u00bb du pr\u00e9c\u00e9dent (1996-2001)\/ Ils ont r\u00e9p\u00e9t\u00e9 vouloir former un gouvernement \u00ab\u00a0inclusif\u00a0\u00bb, sans toutefois l&rsquo;expliciter.Les talibans ont dit vouloir \u00e9tablir de \u00ab\u00a0bonnes relations diplomatiques\u00a0\u00bb avec tous les pays, mais pr\u00e9venu qu&rsquo;ils ne feraient aucun compromis sur leurs principes religieux.<\/p>\n\n\n\n<p>R.I. avec AFP<\/p>\n","protected":false},"excerpt":{"rendered":"<p>Le chaos qui r\u00e8gne \u00e0 l&rsquo;a\u00e9roport de Kaboul, o\u00f9 des milliers d&rsquo;Afghans tentent d\u00e9sesp\u00e9r\u00e9ment de monter dans un avion pour<\/p>\n","protected":false},"author":3,"featured_media":4956,"comment_status":"open","ping_status":"closed","sticky":false,"template":"","format":"standard","meta":{"colormag_page_container_layout":"default_layout","colormag_page_sidebar_layout":"default_layout","om_disable_all_campaigns":false,"_monsterinsights_skip_tracking":false,"_monsterinsights_sitenote_active":false,"_monsterinsights_sitenote_note":"","_monsterinsights_sitenote_category":0,"footnotes":"","_wpscppro_dont_share_socialmedia":false,"_wpscppro_custom_social_share_image":0,"_facebook_share_type":"","_twitter_share_type":"","_linkedin_share_type":"","_pinterest_share_type":"","_linkedin_share_type_page":"","_instagram_share_type":"","_medium_share_type":"","_threads_share_type":"","_google_business_share_type":"","_selected_social_profile":[],"_wpsp_enable_custom_social_template":false,"_wpsp_social_scheduling":{"enabled":false,"datetime":null,"platforms":[],"status":"template_only","dateOption":"today","timeOption":"now","customDays":"","customHours":"","customDate":"","customTime":"","schedulingType":"absolute"},"_wpsp_active_default_template":true},"categories":[37],"tags":[],"class_list":["post-4906","post","type-post","status-publish","format-standard","has-post-thumbnail","hentry","category-monde"],"aioseo_notices":[],"yoast_head":"<!-- This site is optimized with the Yoast SEO plugin v27.5 - https:\/\/yoast.com\/product\/yoast-seo-wordpress\/ -->\n<title>Afghanistan : Le chaos \u00e0 l&#039;a\u00e9roport de Kaboul fait ses premiers morts - La Sentinelle<\/title>\n<meta name=\"robots\" content=\"index, follow, max-snippet:-1, max-image-preview:large, max-video-preview:-1\" \/>\n<link rel=\"canonical\" href=\"https:\/\/lasentinelle.dz\/index.php\/2021\/08\/23\/afghanistan-le-chaos-a-laeroport-de-kaboul-fait-ses-premiers-morts\/\" \/>\n<meta property=\"og:locale\" content=\"fr_FR\" \/>\n<meta property=\"og:type\" content=\"article\" \/>\n<meta property=\"og:title\" content=\"Afghanistan : Le chaos \u00e0 l&#039;a\u00e9roport de Kaboul fait ses premiers morts - La Sentinelle\" \/>\n<meta property=\"og:description\" content=\"Le chaos qui r\u00e8gne \u00e0 l&rsquo;a\u00e9roport de Kaboul, o\u00f9 des milliers d&rsquo;Afghans tentent d\u00e9sesp\u00e9r\u00e9ment de monter dans un avion pour\" \/>\n<meta property=\"og:url\" content=\"https:\/\/lasentinelle.dz\/index.php\/2021\/08\/23\/afghanistan-le-chaos-a-laeroport-de-kaboul-fait-ses-premiers-morts\/\" \/>\n<meta property=\"og:site_name\" content=\"La Sentinelle\" \/>\n<meta property=\"article:publisher\" content=\"https:\/\/www.facebook.com\/La-Sentinelle-104059864394773\" \/>\n<meta property=\"article:published_time\" content=\"2021-08-22T23:01:00+00:00\" \/>\n<meta property=\"og:image\" content=\"https:\/\/lasentinelle.dz\/wp-content\/uploads\/2021\/08\/image_2021-08-22_163427.png\" \/>\n\t<meta property=\"og:image:width\" content=\"1920\" \/>\n\t<meta property=\"og:image:height\" content=\"960\" \/>\n\t<meta property=\"og:image:type\" content=\"image\/png\" \/>\n<meta name=\"author\" content=\"La Sentinelle\" \/>\n<meta name=\"twitter:card\" content=\"summary_large_image\" \/>\n<meta name=\"twitter:label1\" content=\"\u00c9crit par\" \/>\n\t<meta name=\"twitter:data1\" content=\"La Sentinelle\" \/>\n\t<meta name=\"twitter:label2\" content=\"Dur\u00e9e de lecture estim\u00e9e\" \/>\n\t<meta name=\"twitter:data2\" content=\"2 minutes\" \/>\n<script type=\"application\/ld+json\" class=\"yoast-schema-graph\">{\"@context\":\"https:\\\/\\\/schema.org\",\"@graph\":[{\"@type\":\"Article\",\"@id\":\"https:\\\/\\\/lasentinelle.dz\\\/index.php\\\/2021\\\/08\\\/23\\\/afghanistan-le-chaos-a-laeroport-de-kaboul-fait-ses-premiers-morts\\\/#article\",\"isPartOf\":{\"@id\":\"https:\\\/\\\/lasentinelle.dz\\\/index.php\\\/2021\\\/08\\\/23\\\/afghanistan-le-chaos-a-laeroport-de-kaboul-fait-ses-premiers-morts\\\/\"},\"author\":{\"name\":\"La Sentinelle\",\"@id\":\"https:\\\/\\\/lasentinelle.dz\\\/#\\\/schema\\\/person\\\/d865044e22e70a75174ce8bcad3acfb3\"},\"headline\":\"Afghanistan : Le chaos \u00e0 l&rsquo;a\u00e9roport de Kaboul fait ses premiers morts\",\"datePublished\":\"2021-08-22T23:01:00+00:00\",\"mainEntityOfPage\":{\"@id\":\"https:\\\/\\\/lasentinelle.dz\\\/index.php\\\/2021\\\/08\\\/23\\\/afghanistan-le-chaos-a-laeroport-de-kaboul-fait-ses-premiers-morts\\\/\"},\"wordCount\":517,\"commentCount\":0,\"publisher\":{\"@id\":\"https:\\\/\\\/lasentinelle.dz\\\/#organization\"},\"image\":{\"@id\":\"https:\\\/\\\/lasentinelle.dz\\\/index.php\\\/2021\\\/08\\\/23\\\/afghanistan-le-chaos-a-laeroport-de-kaboul-fait-ses-premiers-morts\\\/#primaryimage\"},\"thumbnailUrl\":\"https:\\\/\\\/lasentinelle.dz\\\/wp-content\\\/uploads\\\/2021\\\/08\\\/image_2021-08-22_163427.png\",\"articleSection\":[\"Monde\"],\"inLanguage\":\"fr-FR\",\"potentialAction\":[{\"@type\":\"CommentAction\",\"name\":\"Comment\",\"target\":[\"https:\\\/\\\/lasentinelle.dz\\\/index.php\\\/2021\\\/08\\\/23\\\/afghanistan-le-chaos-a-laeroport-de-kaboul-fait-ses-premiers-morts\\\/#respond\"]}]},{\"@type\":\"WebPage\",\"@id\":\"https:\\\/\\\/lasentinelle.dz\\\/index.php\\\/2021\\\/08\\\/23\\\/afghanistan-le-chaos-a-laeroport-de-kaboul-fait-ses-premiers-morts\\\/\",\"url\":\"https:\\\/\\\/lasentinelle.dz\\\/index.php\\\/2021\\\/08\\\/23\\\/afghanistan-le-chaos-a-laeroport-de-kaboul-fait-ses-premiers-morts\\\/\",\"name\":\"Afghanistan : Le chaos \u00e0 l'a\u00e9roport de Kaboul fait ses premiers morts - La Sentinelle\",\"isPartOf\":{\"@id\":\"https:\\\/\\\/lasentinelle.dz\\\/#website\"},\"primaryImageOfPage\":{\"@id\":\"https:\\\/\\\/lasentinelle.dz\\\/index.php\\\/2021\\\/08\\\/23\\\/afghanistan-le-chaos-a-laeroport-de-kaboul-fait-ses-premiers-morts\\\/#primaryimage\"},\"image\":{\"@id\":\"https:\\\/\\\/lasentinelle.dz\\\/index.php\\\/2021\\\/08\\\/23\\\/afghanistan-le-chaos-a-laeroport-de-kaboul-fait-ses-premiers-morts\\\/#primaryimage\"},\"thumbnailUrl\":\"https:\\\/\\\/lasentinelle.dz\\\/wp-content\\\/uploads\\\/2021\\\/08\\\/image_2021-08-22_163427.png\",\"datePublished\":\"2021-08-22T23:01:00+00:00\",\"breadcrumb\":{\"@id\":\"https:\\\/\\\/lasentinelle.dz\\\/index.php\\\/2021\\\/08\\\/23\\\/afghanistan-le-chaos-a-laeroport-de-kaboul-fait-ses-premiers-morts\\\/#breadcrumb\"},\"inLanguage\":\"fr-FR\",\"potentialAction\":[{\"@type\":\"ReadAction\",\"target\":[\"https:\\\/\\\/lasentinelle.dz\\\/index.php\\\/2021\\\/08\\\/23\\\/afghanistan-le-chaos-a-laeroport-de-kaboul-fait-ses-premiers-morts\\\/\"]}]},{\"@type\":\"ImageObject\",\"inLanguage\":\"fr-FR\",\"@id\":\"https:\\\/\\\/lasentinelle.dz\\\/index.php\\\/2021\\\/08\\\/23\\\/afghanistan-le-chaos-a-laeroport-de-kaboul-fait-ses-premiers-morts\\\/#primaryimage\",\"url\":\"https:\\\/\\\/lasentinelle.dz\\\/wp-content\\\/uploads\\\/2021\\\/08\\\/image_2021-08-22_163427.png\",\"contentUrl\":\"https:\\\/\\\/lasentinelle.dz\\\/wp-content\\\/uploads\\\/2021\\\/08\\\/image_2021-08-22_163427.png\",\"width\":1920,\"height\":960},{\"@type\":\"BreadcrumbList\",\"@id\":\"https:\\\/\\\/lasentinelle.dz\\\/index.php\\\/2021\\\/08\\\/23\\\/afghanistan-le-chaos-a-laeroport-de-kaboul-fait-ses-premiers-morts\\\/#breadcrumb\",\"itemListElement\":[{\"@type\":\"ListItem\",\"position\":1,\"name\":\"Accueil\",\"item\":\"https:\\\/\\\/lasentinelle.dz\\\/\"},{\"@type\":\"ListItem\",\"position\":2,\"name\":\"Afghanistan : Le chaos \u00e0 l&rsquo;a\u00e9roport de Kaboul fait ses premiers morts\"}]},{\"@type\":\"WebSite\",\"@id\":\"https:\\\/\\\/lasentinelle.dz\\\/#website\",\"url\":\"https:\\\/\\\/lasentinelle.dz\\\/\",\"name\":\"La Sentinelle\",\"description\":\"Quotidien national d&#039;information\",\"publisher\":{\"@id\":\"https:\\\/\\\/lasentinelle.dz\\\/#organization\"},\"potentialAction\":[{\"@type\":\"SearchAction\",\"target\":{\"@type\":\"EntryPoint\",\"urlTemplate\":\"https:\\\/\\\/lasentinelle.dz\\\/?s={search_term_string}\"},\"query-input\":{\"@type\":\"PropertyValueSpecification\",\"valueRequired\":true,\"valueName\":\"search_term_string\"}}],\"inLanguage\":\"fr-FR\"},{\"@type\":\"Organization\",\"@id\":\"https:\\\/\\\/lasentinelle.dz\\\/#organization\",\"name\":\"Quotidien La Sentinelle\",\"url\":\"https:\\\/\\\/lasentinelle.dz\\\/\",\"logo\":{\"@type\":\"ImageObject\",\"inLanguage\":\"fr-FR\",\"@id\":\"https:\\\/\\\/lasentinelle.dz\\\/#\\\/schema\\\/logo\\\/image\\\/\",\"url\":\"https:\\\/\\\/lasentinelle.dz\\\/wp-content\\\/uploads\\\/2021\\\/09\\\/logo-sentinelleSLOGAN-1.png\",\"contentUrl\":\"https:\\\/\\\/lasentinelle.dz\\\/wp-content\\\/uploads\\\/2021\\\/09\\\/logo-sentinelleSLOGAN-1.png\",\"width\":615,\"height\":142,\"caption\":\"Quotidien La Sentinelle\"},\"image\":{\"@id\":\"https:\\\/\\\/lasentinelle.dz\\\/#\\\/schema\\\/logo\\\/image\\\/\"},\"sameAs\":[\"https:\\\/\\\/www.facebook.com\\\/La-Sentinelle-104059864394773\"]},{\"@type\":\"Person\",\"@id\":\"https:\\\/\\\/lasentinelle.dz\\\/#\\\/schema\\\/person\\\/d865044e22e70a75174ce8bcad3acfb3\",\"name\":\"La Sentinelle\",\"image\":{\"@type\":\"ImageObject\",\"inLanguage\":\"fr-FR\",\"@id\":\"https:\\\/\\\/secure.gravatar.com\\\/avatar\\\/57de8e5d4b15d43fb361a71fbb36338450fe67865b528a43dd10ef7c51a20392?s=96&d=mm&r=g\",\"url\":\"https:\\\/\\\/secure.gravatar.com\\\/avatar\\\/57de8e5d4b15d43fb361a71fbb36338450fe67865b528a43dd10ef7c51a20392?s=96&d=mm&r=g\",\"contentUrl\":\"https:\\\/\\\/secure.gravatar.com\\\/avatar\\\/57de8e5d4b15d43fb361a71fbb36338450fe67865b528a43dd10ef7c51a20392?s=96&d=mm&r=g\",\"caption\":\"La Sentinelle\"},\"sameAs\":[\"http:\\\/\\\/www.lasentinelle.dz\"],\"url\":\"https:\\\/\\\/lasentinelle.dz\\\/author\\\/redaction\\\/\"}]}<\/script>\n<!-- \/ Yoast SEO plugin. -->","yoast_head_json":{"title":"Afghanistan : Le chaos \u00e0 l'a\u00e9roport de Kaboul fait ses premiers morts - La Sentinelle","robots":{"index":"index","follow":"follow","max-snippet":"max-snippet:-1","max-image-preview":"max-image-preview:large","max-video-preview":"max-video-preview:-1"},"canonical":"https:\/\/lasentinelle.dz\/index.php\/2021\/08\/23\/afghanistan-le-chaos-a-laeroport-de-kaboul-fait-ses-premiers-morts\/","og_locale":"fr_FR","og_type":"article","og_title":"Afghanistan : Le chaos \u00e0 l'a\u00e9roport de Kaboul fait ses premiers morts - La Sentinelle","og_description":"Le chaos qui r\u00e8gne \u00e0 l&rsquo;a\u00e9roport de Kaboul, o\u00f9 des milliers d&rsquo;Afghans tentent d\u00e9sesp\u00e9r\u00e9ment de monter dans un avion pour","og_url":"https:\/\/lasentinelle.dz\/index.php\/2021\/08\/23\/afghanistan-le-chaos-a-laeroport-de-kaboul-fait-ses-premiers-morts\/","og_site_name":"La Sentinelle","article_publisher":"https:\/\/www.facebook.com\/La-Sentinelle-104059864394773","article_published_time":"2021-08-22T23:01:00+00:00","og_image":[{"width":1920,"height":960,"url":"https:\/\/lasentinelle.dz\/wp-content\/uploads\/2021\/08\/image_2021-08-22_163427.png","type":"image\/png"}],"author":"La Sentinelle","twitter_card":"summary_large_image","twitter_misc":{"\u00c9crit par":"La Sentinelle","Dur\u00e9e de lecture estim\u00e9e":"2 minutes"},"schema":{"@context":"https:\/\/schema.org","@graph":[{"@type":"Article","@id":"https:\/\/lasentinelle.dz\/index.php\/2021\/08\/23\/afghanistan-le-chaos-a-laeroport-de-kaboul-fait-ses-premiers-morts\/#article","isPartOf":{"@id":"https:\/\/lasentinelle.dz\/index.php\/2021\/08\/23\/afghanistan-le-chaos-a-laeroport-de-kaboul-fait-ses-premiers-morts\/"},"author":{"name":"La Sentinelle","@id":"https:\/\/lasentinelle.dz\/#\/schema\/person\/d865044e22e70a75174ce8bcad3acfb3"},"headline":"Afghanistan : Le chaos \u00e0 l&rsquo;a\u00e9roport de Kaboul fait ses premiers morts","datePublished":"2021-08-22T23:01:00+00:00","mainEntityOfPage":{"@id":"https:\/\/lasentinelle.dz\/index.php\/2021\/08\/23\/afghanistan-le-chaos-a-laeroport-de-kaboul-fait-ses-premiers-morts\/"},"wordCount":517,"commentCount":0,"publisher":{"@id":"https:\/\/lasentinelle.dz\/#organization"},"image":{"@id":"https:\/\/lasentinelle.dz\/index.php\/2021\/08\/23\/afghanistan-le-chaos-a-laeroport-de-kaboul-fait-ses-premiers-morts\/#primaryimage"},"thumbnailUrl":"https:\/\/lasentinelle.dz\/wp-content\/uploads\/2021\/08\/image_2021-08-22_163427.png","articleSection":["Monde"],"inLanguage":"fr-FR","potentialAction":[{"@type":"CommentAction","name":"Comment","target":["https:\/\/lasentinelle.dz\/index.php\/2021\/08\/23\/afghanistan-le-chaos-a-laeroport-de-kaboul-fait-ses-premiers-morts\/#respond"]}]},{"@type":"WebPage","@id":"https:\/\/lasentinelle.dz\/index.php\/2021\/08\/23\/afghanistan-le-chaos-a-laeroport-de-kaboul-fait-ses-premiers-morts\/","url":"https:\/\/lasentinelle.dz\/index.php\/2021\/08\/23\/afghanistan-le-chaos-a-laeroport-de-kaboul-fait-ses-premiers-morts\/","name":"Afghanistan : Le chaos \u00e0 l'a\u00e9roport de Kaboul fait ses premiers morts - La Sentinelle","isPartOf":{"@id":"https:\/\/lasentinelle.dz\/#website"},"primaryImageOfPage":{"@id":"https:\/\/lasentinelle.dz\/index.php\/2021\/08\/23\/afghanistan-le-chaos-a-laeroport-de-kaboul-fait-ses-premiers-morts\/#primaryimage"},"image":{"@id":"https:\/\/lasentinelle.dz\/index.php\/2021\/08\/23\/afghanistan-le-chaos-a-laeroport-de-kaboul-fait-ses-premiers-morts\/#primaryimage"},"thumbnailUrl":"https:\/\/lasentinelle.dz\/wp-content\/uploads\/2021\/08\/image_2021-08-22_163427.png","datePublished":"2021-08-22T23:01:00+00:00","breadcrumb":{"@id":"https:\/\/lasentinelle.dz\/index.php\/2021\/08\/23\/afghanistan-le-chaos-a-laeroport-de-kaboul-fait-ses-premiers-morts\/#breadcrumb"},"inLanguage":"fr-FR","potentialAction":[{"@type":"ReadAction","target":["https:\/\/lasentinelle.dz\/index.php\/2021\/08\/23\/afghanistan-le-chaos-a-laeroport-de-kaboul-fait-ses-premiers-morts\/"]}]},{"@type":"ImageObject","inLanguage":"fr-FR","@id":"https:\/\/lasentinelle.dz\/index.php\/2021\/08\/23\/afghanistan-le-chaos-a-laeroport-de-kaboul-fait-ses-premiers-morts\/#primaryimage","url":"https:\/\/lasentinelle.dz\/wp-content\/uploads\/2021\/08\/image_2021-08-22_163427.png","contentUrl":"https:\/\/lasentinelle.dz\/wp-content\/uploads\/2021\/08\/image_2021-08-22_163427.png","width":1920,"height":960},{"@type":"BreadcrumbList","@id":"https:\/\/lasentinelle.dz\/index.php\/2021\/08\/23\/afghanistan-le-chaos-a-laeroport-de-kaboul-fait-ses-premiers-morts\/#breadcrumb","itemListElement":[{"@type":"ListItem","position":1,"name":"Accueil","item":"https:\/\/lasentinelle.dz\/"},{"@type":"ListItem","position":2,"name":"Afghanistan : Le chaos \u00e0 l&rsquo;a\u00e9roport de Kaboul fait ses premiers morts"}]},{"@type":"WebSite","@id":"https:\/\/lasentinelle.dz\/#website","url":"https:\/\/lasentinelle.dz\/","name":"La Sentinelle","description":"Quotidien national d&#039;information","publisher":{"@id":"https:\/\/lasentinelle.dz\/#organization"},"potentialAction":[{"@type":"SearchAction","target":{"@type":"EntryPoint","urlTemplate":"https:\/\/lasentinelle.dz\/?s={search_term_string}"},"query-input":{"@type":"PropertyValueSpecification","valueRequired":true,"valueName":"search_term_string"}}],"inLanguage":"fr-FR"},{"@type":"Organization","@id":"https:\/\/lasentinelle.dz\/#organization","name":"Quotidien La Sentinelle","url":"https:\/\/lasentinelle.dz\/","logo":{"@type":"ImageObject","inLanguage":"fr-FR","@id":"https:\/\/lasentinelle.dz\/#\/schema\/logo\/image\/","url":"https:\/\/lasentinelle.dz\/wp-content\/uploads\/2021\/09\/logo-sentinelleSLOGAN-1.png","contentUrl":"https:\/\/lasentinelle.dz\/wp-content\/uploads\/2021\/09\/logo-sentinelleSLOGAN-1.png","width":615,"height":142,"caption":"Quotidien La Sentinelle"},"image":{"@id":"https:\/\/lasentinelle.dz\/#\/schema\/logo\/image\/"},"sameAs":["https:\/\/www.facebook.com\/La-Sentinelle-104059864394773"]},{"@type":"Person","@id":"https:\/\/lasentinelle.dz\/#\/schema\/person\/d865044e22e70a75174ce8bcad3acfb3","name":"La Sentinelle","image":{"@type":"ImageObject","inLanguage":"fr-FR","@id":"https:\/\/secure.gravatar.com\/avatar\/57de8e5d4b15d43fb361a71fbb36338450fe67865b528a43dd10ef7c51a20392?s=96&d=mm&r=g","url":"https:\/\/secure.gravatar.com\/avatar\/57de8e5d4b15d43fb361a71fbb36338450fe67865b528a43dd10ef7c51a20392?s=96&d=mm&r=g","contentUrl":"https:\/\/secure.gravatar.com\/avatar\/57de8e5d4b15d43fb361a71fbb36338450fe67865b528a43dd10ef7c51a20392?s=96&d=mm&r=g","caption":"La Sentinelle"},"sameAs":["http:\/\/www.lasentinelle.dz"],"url":"https:\/\/lasentinelle.dz\/author\/redaction\/"}]}},"_links":{"self":[{"href":"https:\/\/lasentinelle.dz\/index.php\/wp-json\/wp\/v2\/posts\/4906","targetHints":{"allow":["GET"]}}],"collection":[{"href":"https:\/\/lasentinelle.dz\/index.php\/wp-json\/wp\/v2\/posts"}],"about":[{"href":"https:\/\/lasentinelle.dz\/index.php\/wp-json\/wp\/v2\/types\/post"}],"author":[{"embeddable":true,"href":"https:\/\/lasentinelle.dz\/index.php\/wp-json\/wp\/v2\/users\/3"}],"replies":[{"embeddable":true,"href":"https:\/\/lasentinelle.dz\/index.php\/wp-json\/wp\/v2\/comments?post=4906"}],"version-history":[{"count":1,"href":"https:\/\/lasentinelle.dz\/index.php\/wp-json\/wp\/v2\/posts\/4906\/revisions"}],"predecessor-version":[{"id":4957,"href":"https:\/\/lasentinelle.dz\/index.php\/wp-json\/wp\/v2\/posts\/4906\/revisions\/4957"}],"wp:featuredmedia":[{"embeddable":true,"href":"https:\/\/lasentinelle.dz\/index.php\/wp-json\/wp\/v2\/media\/4956"}],"wp:attachment":[{"href":"https:\/\/lasentinelle.dz\/index.php\/wp-json\/wp\/v2\/media?parent=4906"}],"wp:term":[{"taxonomy":"category","embeddable":true,"href":"https:\/\/lasentinelle.dz\/index.php\/wp-json\/wp\/v2\/categories?post=4906"},{"taxonomy":"post_tag","embeddable":true,"href":"https:\/\/lasentinelle.dz\/index.php\/wp-json\/wp\/v2\/tags?post=4906"}],"curies":[{"name":"wp","href":"https:\/\/api.w.org\/{rel}","templated":true}]}}