{"id":49064,"date":"2024-01-29T10:12:00","date_gmt":"2024-01-29T09:12:00","guid":{"rendered":"https:\/\/lasentinelle.dz\/?p=49064"},"modified":"2024-01-29T15:14:07","modified_gmt":"2024-01-29T14:14:07","slug":"reunion-du-conseil-de-securite-sur-la-decision-de-la-cij-linitiative-de-lalgerie-saluee","status":"publish","type":"post","link":"https:\/\/lasentinelle.dz\/index.php\/2024\/01\/29\/reunion-du-conseil-de-securite-sur-la-decision-de-la-cij-linitiative-de-lalgerie-saluee\/","title":{"rendered":"R\u00e9union du Conseil de s\u00e9curit\u00e9 sur la d\u00e9cision de la CIJ\u00a0: L\u2019initiative de l\u2019Alg\u00e9rie salu\u00e9e"},"content":{"rendered":"\n<p>L&rsquo;Ambassade de l&rsquo;Etat de Palestine en Alg\u00e9rie a salu\u00e9 hier les instructions du pr\u00e9sident de la R\u00e9publique, M. Abdelmadjid Tebboune, donn\u00e9es \u00e0 la mission permanente de l&rsquo;Alg\u00e9rie aupr\u00e8s des Nations Unies (ONU) pour demander la tenue d&rsquo;une r\u00e9union urgente du Conseil de s\u00e9curit\u00e9 de l&rsquo;ONU afin de donner un effet ex\u00e9cutoire aux r\u00e9solutions de la Cour internationale de Justice (CIJ) concernant la saisine d\u00e9pos\u00e9e par l&rsquo;Afrique du Sud contre l&rsquo;entit\u00e9 sioniste, se f\u00e9licitant du r\u00f4le majeur de l&rsquo;Alg\u00e9rie dans le soutien au droit palestinien, ce qui consacre ses positions inali\u00e9nables et historiques vis-\u00e0-vis de la Cause palestinienne. \u00ab\u00a0L&rsquo;Ambassade de l&rsquo;Etat de Palestine en Alg\u00e9rie salue solennellement les hautes instructions du pr\u00e9sident de la R\u00e9publique, M. Abdelmadjid Tebboune donn\u00e9es \u00e0 la mission permanente de l&rsquo;Alg\u00e9rie aupr\u00e8s des Nations Unies pour demander la tenue d&rsquo;une r\u00e9union urgente du Conseil de s\u00e9curit\u00e9 international afin de donner un effet ex\u00e9cutoire aux r\u00e9solutions de la CIJ, relatives aux crimes de guerre et au g\u00e9nocide commis par l&rsquo;entit\u00e9 sioniste \u00e0 l&rsquo;encontre du peuple palestinien\u00a0\u00bb, lit-on dans le communiqu\u00e9 de l&rsquo;Ambassade. De surcro\u00eet, l&rsquo;Ambassade a estim\u00e9 que le suivi du Pr\u00e9sident Tebboune de la mise en \u0153uvre des r\u00e9solutions de la CIJ \u00ab\u00a0t\u00e9moigne de l&rsquo;int\u00e9r\u00eat particulier qu&rsquo;il accorde \u00e0 la cause palestinienne\u00a0\u00bb. La repr\u00e9sentation diplomatique de l&rsquo;Etat de Palestine s&rsquo;est, en outre, f\u00e9licit\u00e9e du \u00ab\u00a0r\u00f4le majeur\u00a0\u00bb jou\u00e9 par le minist\u00e8re des Affaires \u00e9trang\u00e8res et de la Communaut\u00e9 nationale \u00e0 l&rsquo;\u00e9tranger \u00e0 travers les ambassades d&rsquo;Alg\u00e9rie dans les quatre coins du monde, \u00ab\u00a0en soutien au droit palestinien et en cons\u00e9cration des positions inali\u00e9nables et historiques de l&rsquo;Alg\u00e9rie \u00e0 l&rsquo;\u00e9gard de la cause palestinienne\u00a0\u00bb, note le communiqu\u00e9.<\/p>\n\n\n\n<p>Le Mouvement palestinien de la r\u00e9sistance islamique (Hamas) a l&rsquo;appel de la mission alg\u00e9rienne aupr\u00e8s de l&rsquo;ONU \u00ab\u00a0sur instruction du pr\u00e9sident de la R\u00e9publique, M. Abdelmadjid Tebboune, au Conseil de s\u00e9curit\u00e9, pour la tenue d&rsquo;une r\u00e9union afin de donner un effet ex\u00e9cutoire aux d\u00e9cisions de la CIJ, impos\u00e9es \u00e0 l&rsquo;ennemi sioniste et l&rsquo;obliger \u00e0 arr\u00eater son g\u00e9nocide contre notre peuple palestinien \u00e0 Ghaza\u00a0\u00bb.Le Mouvement a en outre appel\u00e9 le Conseil de s\u00e9curit\u00e9, \u00ab\u00a0au regard de ses responsabilit\u00e9s juridiques et politiques, \u00e0 prendre les mesures n\u00e9cessaires, pour mettre fin \u00e0 ce crime g\u00e9nocidaire et \u00e0 l&rsquo;injustice que subit le peuple palestinien depuis des d\u00e9cennies, et soutenir la cause palestinienne juste\u00a0\u00bb. Pour rappel, l&rsquo;Alg\u00e9rie avait demand\u00e9 une r\u00e9union d&rsquo;urgence du Conseil de s\u00e9curit\u00e9, mercredi prochain, afin de donner un effet ex\u00e9cutoire \u00e0 la d\u00e9cision de la Cour internationale de justice (CIJ), concernant les mesures provisoires impos\u00e9es \u00e0 l&rsquo;occupation sioniste pour ses attaques contre le peuple palestinien dans la bande de Ghaza, et ce, en application des instructions du pr\u00e9sident de la R\u00e9publique, M. Abdelmadjid Tebboune.Imm\u00e9diatement apr\u00e8s avoir re\u00e7u les instructions du pr\u00e9sident de la R\u00e9publique, la mission alg\u00e9rienne&nbsp; \u00e0 New York a entam\u00e9 d&rsquo;intenses consultations pour pr\u00e9parer la r\u00e9union du Conseil de s\u00e9curit\u00e9 concernant la d\u00e9cision de la CIJ. Une r\u00e9union restreinte a \u00e9t\u00e9 tenue, vendredi, \u00e0 la mission alg\u00e9rienne, en pr\u00e9sence du repr\u00e9sentant permanent de l&rsquo;Alg\u00e9rie aupr\u00e8s des Nations Unies, et des repr\u00e9sentants de la Palestine et de l&rsquo;Afrique du Sud. A l&rsquo;issue de cette r\u00e9union, le repr\u00e9sentant permanent de l&rsquo;Alg\u00e9rie aupr\u00e8s des Nations unies, Amar Bendjama, a particip\u00e9 \u00e0 une r\u00e9union d&rsquo;urgence du Groupe arabe \u00e0 New York, o\u00f9 il a inform\u00e9 ses homologues du Groupe arabe de l&rsquo;intention de l&rsquo;Alg\u00e9rie de demander la r\u00e9union du Conseil de s\u00e9curit\u00e9 mercredi prochain \u00e0 ce sujet. La d\u00e9marche de la mission alg\u00e9rienne intervient apr\u00e8s la d\u00e9cision de la CIJ lors d&rsquo;une s\u00e9ance tenue vendredi, sommant l&rsquo;occupation sioniste de prendre des mesures interdisant les actes de g\u00e9nocide contre les Palestiniens et permettant d&rsquo;am\u00e9liorer la situation humanitaire dans la bande de Gaza en assurant les besoins humanitaires urgents et massifs des populations.<\/p>\n\n\n\n<p>R.N.<\/p>\n","protected":false},"excerpt":{"rendered":"<p>L&rsquo;Ambassade de l&rsquo;Etat de Palestine en Alg\u00e9rie a salu\u00e9 hier les instructions du pr\u00e9sident de la R\u00e9publique, M. Abdelmadjid Tebboune,<\/p>\n","protected":false},"author":3,"featured_media":46712,"comment_status":"open","ping_status":"closed","sticky":false,"template":"","format":"standard","meta":{"colormag_page_container_layout":"default_layout","colormag_page_sidebar_layout":"default_layout","om_disable_all_campaigns":false,"_monsterinsights_skip_tracking":false,"_monsterinsights_sitenote_active":false,"_monsterinsights_sitenote_note":"","_monsterinsights_sitenote_category":0,"footnotes":"","_wpscppro_dont_share_socialmedia":false,"_wpscppro_custom_social_share_image":0,"_facebook_share_type":"","_twitter_share_type":"","_linkedin_share_type":"","_pinterest_share_type":"","_linkedin_share_type_page":"","_instagram_share_type":"","_medium_share_type":"","_threads_share_type":"","_google_business_share_type":"","_selected_social_profile":[],"_wpsp_enable_custom_social_template":false,"_wpsp_social_scheduling":{"enabled":false,"datetime":null,"platforms":[],"status":"template_only","dateOption":"today","timeOption":"now","customDays":"","customHours":"","customDate":"","customTime":"","schedulingType":"absolute"},"_wpsp_active_default_template":true},"categories":[27],"tags":[],"class_list":["post-49064","post","type-post","status-publish","format-standard","has-post-thumbnail","hentry","category-actualite"],"aioseo_notices":[],"yoast_head":"<!-- This site is optimized with the Yoast SEO plugin v27.5 - https:\/\/yoast.com\/product\/yoast-seo-wordpress\/ -->\n<title>R\u00e9union du Conseil de s\u00e9curit\u00e9 sur la d\u00e9cision de la CIJ\u00a0: L\u2019initiative de l\u2019Alg\u00e9rie salu\u00e9e - La Sentinelle<\/title>\n<meta name=\"robots\" content=\"index, follow, max-snippet:-1, max-image-preview:large, max-video-preview:-1\" \/>\n<link rel=\"canonical\" href=\"https:\/\/lasentinelle.dz\/index.php\/2024\/01\/29\/reunion-du-conseil-de-securite-sur-la-decision-de-la-cij-linitiative-de-lalgerie-saluee\/\" \/>\n<meta property=\"og:locale\" content=\"fr_FR\" \/>\n<meta property=\"og:type\" content=\"article\" \/>\n<meta property=\"og:title\" content=\"R\u00e9union du Conseil de s\u00e9curit\u00e9 sur la d\u00e9cision de la CIJ\u00a0: L\u2019initiative de l\u2019Alg\u00e9rie salu\u00e9e - La Sentinelle\" \/>\n<meta property=\"og:description\" content=\"L&rsquo;Ambassade de l&rsquo;Etat de Palestine en Alg\u00e9rie a salu\u00e9 hier les instructions du pr\u00e9sident de la R\u00e9publique, M. Abdelmadjid Tebboune,\" \/>\n<meta property=\"og:url\" content=\"https:\/\/lasentinelle.dz\/index.php\/2024\/01\/29\/reunion-du-conseil-de-securite-sur-la-decision-de-la-cij-linitiative-de-lalgerie-saluee\/\" \/>\n<meta property=\"og:site_name\" content=\"La Sentinelle\" \/>\n<meta property=\"article:publisher\" content=\"https:\/\/www.facebook.com\/La-Sentinelle-104059864394773\" \/>\n<meta property=\"article:published_time\" content=\"2024-01-29T09:12:00+00:00\" \/>\n<meta property=\"article:modified_time\" content=\"2024-01-29T14:14:07+00:00\" \/>\n<meta property=\"og:image\" content=\"https:\/\/lasentinelle.dz\/wp-content\/uploads\/2023\/10\/Conseil-de-securite.webp\" \/>\n\t<meta property=\"og:image:width\" content=\"1656\" \/>\n\t<meta property=\"og:image:height\" content=\"1060\" \/>\n\t<meta property=\"og:image:type\" content=\"image\/webp\" \/>\n<meta name=\"author\" content=\"La Sentinelle\" \/>\n<meta name=\"twitter:card\" content=\"summary_large_image\" \/>\n<meta name=\"twitter:label1\" content=\"\u00c9crit par\" \/>\n\t<meta name=\"twitter:data1\" content=\"La Sentinelle\" \/>\n\t<meta name=\"twitter:label2\" content=\"Dur\u00e9e de lecture estim\u00e9e\" \/>\n\t<meta name=\"twitter:data2\" content=\"4 minutes\" \/>\n<script type=\"application\/ld+json\" class=\"yoast-schema-graph\">{\"@context\":\"https:\\\/\\\/schema.org\",\"@graph\":[{\"@type\":\"Article\",\"@id\":\"https:\\\/\\\/lasentinelle.dz\\\/index.php\\\/2024\\\/01\\\/29\\\/reunion-du-conseil-de-securite-sur-la-decision-de-la-cij-linitiative-de-lalgerie-saluee\\\/#article\",\"isPartOf\":{\"@id\":\"https:\\\/\\\/lasentinelle.dz\\\/index.php\\\/2024\\\/01\\\/29\\\/reunion-du-conseil-de-securite-sur-la-decision-de-la-cij-linitiative-de-lalgerie-saluee\\\/\"},\"author\":{\"name\":\"La Sentinelle\",\"@id\":\"https:\\\/\\\/lasentinelle.dz\\\/#\\\/schema\\\/person\\\/d865044e22e70a75174ce8bcad3acfb3\"},\"headline\":\"R\u00e9union du Conseil de s\u00e9curit\u00e9 sur la d\u00e9cision de la CIJ\u00a0: L\u2019initiative de l\u2019Alg\u00e9rie salu\u00e9e\",\"datePublished\":\"2024-01-29T09:12:00+00:00\",\"dateModified\":\"2024-01-29T14:14:07+00:00\",\"mainEntityOfPage\":{\"@id\":\"https:\\\/\\\/lasentinelle.dz\\\/index.php\\\/2024\\\/01\\\/29\\\/reunion-du-conseil-de-securite-sur-la-decision-de-la-cij-linitiative-de-lalgerie-saluee\\\/\"},\"wordCount\":768,\"commentCount\":0,\"publisher\":{\"@id\":\"https:\\\/\\\/lasentinelle.dz\\\/#organization\"},\"image\":{\"@id\":\"https:\\\/\\\/lasentinelle.dz\\\/index.php\\\/2024\\\/01\\\/29\\\/reunion-du-conseil-de-securite-sur-la-decision-de-la-cij-linitiative-de-lalgerie-saluee\\\/#primaryimage\"},\"thumbnailUrl\":\"https:\\\/\\\/lasentinelle.dz\\\/wp-content\\\/uploads\\\/2023\\\/10\\\/Conseil-de-securite.webp\",\"articleSection\":[\"Actualit\u00e9\"],\"inLanguage\":\"fr-FR\",\"potentialAction\":[{\"@type\":\"CommentAction\",\"name\":\"Comment\",\"target\":[\"https:\\\/\\\/lasentinelle.dz\\\/index.php\\\/2024\\\/01\\\/29\\\/reunion-du-conseil-de-securite-sur-la-decision-de-la-cij-linitiative-de-lalgerie-saluee\\\/#respond\"]}]},{\"@type\":\"WebPage\",\"@id\":\"https:\\\/\\\/lasentinelle.dz\\\/index.php\\\/2024\\\/01\\\/29\\\/reunion-du-conseil-de-securite-sur-la-decision-de-la-cij-linitiative-de-lalgerie-saluee\\\/\",\"url\":\"https:\\\/\\\/lasentinelle.dz\\\/index.php\\\/2024\\\/01\\\/29\\\/reunion-du-conseil-de-securite-sur-la-decision-de-la-cij-linitiative-de-lalgerie-saluee\\\/\",\"name\":\"R\u00e9union du Conseil de s\u00e9curit\u00e9 sur la d\u00e9cision de la CIJ\u00a0: L\u2019initiative de l\u2019Alg\u00e9rie salu\u00e9e - La Sentinelle\",\"isPartOf\":{\"@id\":\"https:\\\/\\\/lasentinelle.dz\\\/#website\"},\"primaryImageOfPage\":{\"@id\":\"https:\\\/\\\/lasentinelle.dz\\\/index.php\\\/2024\\\/01\\\/29\\\/reunion-du-conseil-de-securite-sur-la-decision-de-la-cij-linitiative-de-lalgerie-saluee\\\/#primaryimage\"},\"image\":{\"@id\":\"https:\\\/\\\/lasentinelle.dz\\\/index.php\\\/2024\\\/01\\\/29\\\/reunion-du-conseil-de-securite-sur-la-decision-de-la-cij-linitiative-de-lalgerie-saluee\\\/#primaryimage\"},\"thumbnailUrl\":\"https:\\\/\\\/lasentinelle.dz\\\/wp-content\\\/uploads\\\/2023\\\/10\\\/Conseil-de-securite.webp\",\"datePublished\":\"2024-01-29T09:12:00+00:00\",\"dateModified\":\"2024-01-29T14:14:07+00:00\",\"breadcrumb\":{\"@id\":\"https:\\\/\\\/lasentinelle.dz\\\/index.php\\\/2024\\\/01\\\/29\\\/reunion-du-conseil-de-securite-sur-la-decision-de-la-cij-linitiative-de-lalgerie-saluee\\\/#breadcrumb\"},\"inLanguage\":\"fr-FR\",\"potentialAction\":[{\"@type\":\"ReadAction\",\"target\":[\"https:\\\/\\\/lasentinelle.dz\\\/index.php\\\/2024\\\/01\\\/29\\\/reunion-du-conseil-de-securite-sur-la-decision-de-la-cij-linitiative-de-lalgerie-saluee\\\/\"]}]},{\"@type\":\"ImageObject\",\"inLanguage\":\"fr-FR\",\"@id\":\"https:\\\/\\\/lasentinelle.dz\\\/index.php\\\/2024\\\/01\\\/29\\\/reunion-du-conseil-de-securite-sur-la-decision-de-la-cij-linitiative-de-lalgerie-saluee\\\/#primaryimage\",\"url\":\"https:\\\/\\\/lasentinelle.dz\\\/wp-content\\\/uploads\\\/2023\\\/10\\\/Conseil-de-securite.webp\",\"contentUrl\":\"https:\\\/\\\/lasentinelle.dz\\\/wp-content\\\/uploads\\\/2023\\\/10\\\/Conseil-de-securite.webp\",\"width\":1656,\"height\":1060},{\"@type\":\"BreadcrumbList\",\"@id\":\"https:\\\/\\\/lasentinelle.dz\\\/index.php\\\/2024\\\/01\\\/29\\\/reunion-du-conseil-de-securite-sur-la-decision-de-la-cij-linitiative-de-lalgerie-saluee\\\/#breadcrumb\",\"itemListElement\":[{\"@type\":\"ListItem\",\"position\":1,\"name\":\"Accueil\",\"item\":\"https:\\\/\\\/lasentinelle.dz\\\/\"},{\"@type\":\"ListItem\",\"position\":2,\"name\":\"R\u00e9union du Conseil de s\u00e9curit\u00e9 sur la d\u00e9cision de la CIJ\u00a0: L\u2019initiative de l\u2019Alg\u00e9rie salu\u00e9e\"}]},{\"@type\":\"WebSite\",\"@id\":\"https:\\\/\\\/lasentinelle.dz\\\/#website\",\"url\":\"https:\\\/\\\/lasentinelle.dz\\\/\",\"name\":\"La Sentinelle\",\"description\":\"Quotidien national d&#039;information\",\"publisher\":{\"@id\":\"https:\\\/\\\/lasentinelle.dz\\\/#organization\"},\"potentialAction\":[{\"@type\":\"SearchAction\",\"target\":{\"@type\":\"EntryPoint\",\"urlTemplate\":\"https:\\\/\\\/lasentinelle.dz\\\/?s={search_term_string}\"},\"query-input\":{\"@type\":\"PropertyValueSpecification\",\"valueRequired\":true,\"valueName\":\"search_term_string\"}}],\"inLanguage\":\"fr-FR\"},{\"@type\":\"Organization\",\"@id\":\"https:\\\/\\\/lasentinelle.dz\\\/#organization\",\"name\":\"Quotidien La Sentinelle\",\"url\":\"https:\\\/\\\/lasentinelle.dz\\\/\",\"logo\":{\"@type\":\"ImageObject\",\"inLanguage\":\"fr-FR\",\"@id\":\"https:\\\/\\\/lasentinelle.dz\\\/#\\\/schema\\\/logo\\\/image\\\/\",\"url\":\"https:\\\/\\\/lasentinelle.dz\\\/wp-content\\\/uploads\\\/2021\\\/09\\\/logo-sentinelleSLOGAN-1.png\",\"contentUrl\":\"https:\\\/\\\/lasentinelle.dz\\\/wp-content\\\/uploads\\\/2021\\\/09\\\/logo-sentinelleSLOGAN-1.png\",\"width\":615,\"height\":142,\"caption\":\"Quotidien La Sentinelle\"},\"image\":{\"@id\":\"https:\\\/\\\/lasentinelle.dz\\\/#\\\/schema\\\/logo\\\/image\\\/\"},\"sameAs\":[\"https:\\\/\\\/www.facebook.com\\\/La-Sentinelle-104059864394773\"]},{\"@type\":\"Person\",\"@id\":\"https:\\\/\\\/lasentinelle.dz\\\/#\\\/schema\\\/person\\\/d865044e22e70a75174ce8bcad3acfb3\",\"name\":\"La Sentinelle\",\"image\":{\"@type\":\"ImageObject\",\"inLanguage\":\"fr-FR\",\"@id\":\"https:\\\/\\\/secure.gravatar.com\\\/avatar\\\/57de8e5d4b15d43fb361a71fbb36338450fe67865b528a43dd10ef7c51a20392?s=96&d=mm&r=g\",\"url\":\"https:\\\/\\\/secure.gravatar.com\\\/avatar\\\/57de8e5d4b15d43fb361a71fbb36338450fe67865b528a43dd10ef7c51a20392?s=96&d=mm&r=g\",\"contentUrl\":\"https:\\\/\\\/secure.gravatar.com\\\/avatar\\\/57de8e5d4b15d43fb361a71fbb36338450fe67865b528a43dd10ef7c51a20392?s=96&d=mm&r=g\",\"caption\":\"La Sentinelle\"},\"sameAs\":[\"http:\\\/\\\/www.lasentinelle.dz\"],\"url\":\"https:\\\/\\\/lasentinelle.dz\\\/author\\\/redaction\\\/\"}]}<\/script>\n<!-- \/ Yoast SEO plugin. -->","yoast_head_json":{"title":"R\u00e9union du Conseil de s\u00e9curit\u00e9 sur la d\u00e9cision de la CIJ\u00a0: L\u2019initiative de l\u2019Alg\u00e9rie salu\u00e9e - La Sentinelle","robots":{"index":"index","follow":"follow","max-snippet":"max-snippet:-1","max-image-preview":"max-image-preview:large","max-video-preview":"max-video-preview:-1"},"canonical":"https:\/\/lasentinelle.dz\/index.php\/2024\/01\/29\/reunion-du-conseil-de-securite-sur-la-decision-de-la-cij-linitiative-de-lalgerie-saluee\/","og_locale":"fr_FR","og_type":"article","og_title":"R\u00e9union du Conseil de s\u00e9curit\u00e9 sur la d\u00e9cision de la CIJ\u00a0: L\u2019initiative de l\u2019Alg\u00e9rie salu\u00e9e - La Sentinelle","og_description":"L&rsquo;Ambassade de l&rsquo;Etat de Palestine en Alg\u00e9rie a salu\u00e9 hier les instructions du pr\u00e9sident de la R\u00e9publique, M. Abdelmadjid Tebboune,","og_url":"https:\/\/lasentinelle.dz\/index.php\/2024\/01\/29\/reunion-du-conseil-de-securite-sur-la-decision-de-la-cij-linitiative-de-lalgerie-saluee\/","og_site_name":"La Sentinelle","article_publisher":"https:\/\/www.facebook.com\/La-Sentinelle-104059864394773","article_published_time":"2024-01-29T09:12:00+00:00","article_modified_time":"2024-01-29T14:14:07+00:00","og_image":[{"width":1656,"height":1060,"url":"https:\/\/lasentinelle.dz\/wp-content\/uploads\/2023\/10\/Conseil-de-securite.webp","type":"image\/webp"}],"author":"La Sentinelle","twitter_card":"summary_large_image","twitter_misc":{"\u00c9crit par":"La Sentinelle","Dur\u00e9e de lecture estim\u00e9e":"4 minutes"},"schema":{"@context":"https:\/\/schema.org","@graph":[{"@type":"Article","@id":"https:\/\/lasentinelle.dz\/index.php\/2024\/01\/29\/reunion-du-conseil-de-securite-sur-la-decision-de-la-cij-linitiative-de-lalgerie-saluee\/#article","isPartOf":{"@id":"https:\/\/lasentinelle.dz\/index.php\/2024\/01\/29\/reunion-du-conseil-de-securite-sur-la-decision-de-la-cij-linitiative-de-lalgerie-saluee\/"},"author":{"name":"La Sentinelle","@id":"https:\/\/lasentinelle.dz\/#\/schema\/person\/d865044e22e70a75174ce8bcad3acfb3"},"headline":"R\u00e9union du Conseil de s\u00e9curit\u00e9 sur la d\u00e9cision de la CIJ\u00a0: L\u2019initiative de l\u2019Alg\u00e9rie salu\u00e9e","datePublished":"2024-01-29T09:12:00+00:00","dateModified":"2024-01-29T14:14:07+00:00","mainEntityOfPage":{"@id":"https:\/\/lasentinelle.dz\/index.php\/2024\/01\/29\/reunion-du-conseil-de-securite-sur-la-decision-de-la-cij-linitiative-de-lalgerie-saluee\/"},"wordCount":768,"commentCount":0,"publisher":{"@id":"https:\/\/lasentinelle.dz\/#organization"},"image":{"@id":"https:\/\/lasentinelle.dz\/index.php\/2024\/01\/29\/reunion-du-conseil-de-securite-sur-la-decision-de-la-cij-linitiative-de-lalgerie-saluee\/#primaryimage"},"thumbnailUrl":"https:\/\/lasentinelle.dz\/wp-content\/uploads\/2023\/10\/Conseil-de-securite.webp","articleSection":["Actualit\u00e9"],"inLanguage":"fr-FR","potentialAction":[{"@type":"CommentAction","name":"Comment","target":["https:\/\/lasentinelle.dz\/index.php\/2024\/01\/29\/reunion-du-conseil-de-securite-sur-la-decision-de-la-cij-linitiative-de-lalgerie-saluee\/#respond"]}]},{"@type":"WebPage","@id":"https:\/\/lasentinelle.dz\/index.php\/2024\/01\/29\/reunion-du-conseil-de-securite-sur-la-decision-de-la-cij-linitiative-de-lalgerie-saluee\/","url":"https:\/\/lasentinelle.dz\/index.php\/2024\/01\/29\/reunion-du-conseil-de-securite-sur-la-decision-de-la-cij-linitiative-de-lalgerie-saluee\/","name":"R\u00e9union du Conseil de s\u00e9curit\u00e9 sur la d\u00e9cision de la CIJ\u00a0: L\u2019initiative de l\u2019Alg\u00e9rie salu\u00e9e - La Sentinelle","isPartOf":{"@id":"https:\/\/lasentinelle.dz\/#website"},"primaryImageOfPage":{"@id":"https:\/\/lasentinelle.dz\/index.php\/2024\/01\/29\/reunion-du-conseil-de-securite-sur-la-decision-de-la-cij-linitiative-de-lalgerie-saluee\/#primaryimage"},"image":{"@id":"https:\/\/lasentinelle.dz\/index.php\/2024\/01\/29\/reunion-du-conseil-de-securite-sur-la-decision-de-la-cij-linitiative-de-lalgerie-saluee\/#primaryimage"},"thumbnailUrl":"https:\/\/lasentinelle.dz\/wp-content\/uploads\/2023\/10\/Conseil-de-securite.webp","datePublished":"2024-01-29T09:12:00+00:00","dateModified":"2024-01-29T14:14:07+00:00","breadcrumb":{"@id":"https:\/\/lasentinelle.dz\/index.php\/2024\/01\/29\/reunion-du-conseil-de-securite-sur-la-decision-de-la-cij-linitiative-de-lalgerie-saluee\/#breadcrumb"},"inLanguage":"fr-FR","potentialAction":[{"@type":"ReadAction","target":["https:\/\/lasentinelle.dz\/index.php\/2024\/01\/29\/reunion-du-conseil-de-securite-sur-la-decision-de-la-cij-linitiative-de-lalgerie-saluee\/"]}]},{"@type":"ImageObject","inLanguage":"fr-FR","@id":"https:\/\/lasentinelle.dz\/index.php\/2024\/01\/29\/reunion-du-conseil-de-securite-sur-la-decision-de-la-cij-linitiative-de-lalgerie-saluee\/#primaryimage","url":"https:\/\/lasentinelle.dz\/wp-content\/uploads\/2023\/10\/Conseil-de-securite.webp","contentUrl":"https:\/\/lasentinelle.dz\/wp-content\/uploads\/2023\/10\/Conseil-de-securite.webp","width":1656,"height":1060},{"@type":"BreadcrumbList","@id":"https:\/\/lasentinelle.dz\/index.php\/2024\/01\/29\/reunion-du-conseil-de-securite-sur-la-decision-de-la-cij-linitiative-de-lalgerie-saluee\/#breadcrumb","itemListElement":[{"@type":"ListItem","position":1,"name":"Accueil","item":"https:\/\/lasentinelle.dz\/"},{"@type":"ListItem","position":2,"name":"R\u00e9union du Conseil de s\u00e9curit\u00e9 sur la d\u00e9cision de la CIJ\u00a0: L\u2019initiative de l\u2019Alg\u00e9rie salu\u00e9e"}]},{"@type":"WebSite","@id":"https:\/\/lasentinelle.dz\/#website","url":"https:\/\/lasentinelle.dz\/","name":"La Sentinelle","description":"Quotidien national d&#039;information","publisher":{"@id":"https:\/\/lasentinelle.dz\/#organization"},"potentialAction":[{"@type":"SearchAction","target":{"@type":"EntryPoint","urlTemplate":"https:\/\/lasentinelle.dz\/?s={search_term_string}"},"query-input":{"@type":"PropertyValueSpecification","valueRequired":true,"valueName":"search_term_string"}}],"inLanguage":"fr-FR"},{"@type":"Organization","@id":"https:\/\/lasentinelle.dz\/#organization","name":"Quotidien La Sentinelle","url":"https:\/\/lasentinelle.dz\/","logo":{"@type":"ImageObject","inLanguage":"fr-FR","@id":"https:\/\/lasentinelle.dz\/#\/schema\/logo\/image\/","url":"https:\/\/lasentinelle.dz\/wp-content\/uploads\/2021\/09\/logo-sentinelleSLOGAN-1.png","contentUrl":"https:\/\/lasentinelle.dz\/wp-content\/uploads\/2021\/09\/logo-sentinelleSLOGAN-1.png","width":615,"height":142,"caption":"Quotidien La Sentinelle"},"image":{"@id":"https:\/\/lasentinelle.dz\/#\/schema\/logo\/image\/"},"sameAs":["https:\/\/www.facebook.com\/La-Sentinelle-104059864394773"]},{"@type":"Person","@id":"https:\/\/lasentinelle.dz\/#\/schema\/person\/d865044e22e70a75174ce8bcad3acfb3","name":"La Sentinelle","image":{"@type":"ImageObject","inLanguage":"fr-FR","@id":"https:\/\/secure.gravatar.com\/avatar\/57de8e5d4b15d43fb361a71fbb36338450fe67865b528a43dd10ef7c51a20392?s=96&d=mm&r=g","url":"https:\/\/secure.gravatar.com\/avatar\/57de8e5d4b15d43fb361a71fbb36338450fe67865b528a43dd10ef7c51a20392?s=96&d=mm&r=g","contentUrl":"https:\/\/secure.gravatar.com\/avatar\/57de8e5d4b15d43fb361a71fbb36338450fe67865b528a43dd10ef7c51a20392?s=96&d=mm&r=g","caption":"La Sentinelle"},"sameAs":["http:\/\/www.lasentinelle.dz"],"url":"https:\/\/lasentinelle.dz\/author\/redaction\/"}]}},"_links":{"self":[{"href":"https:\/\/lasentinelle.dz\/index.php\/wp-json\/wp\/v2\/posts\/49064","targetHints":{"allow":["GET"]}}],"collection":[{"href":"https:\/\/lasentinelle.dz\/index.php\/wp-json\/wp\/v2\/posts"}],"about":[{"href":"https:\/\/lasentinelle.dz\/index.php\/wp-json\/wp\/v2\/types\/post"}],"author":[{"embeddable":true,"href":"https:\/\/lasentinelle.dz\/index.php\/wp-json\/wp\/v2\/users\/3"}],"replies":[{"embeddable":true,"href":"https:\/\/lasentinelle.dz\/index.php\/wp-json\/wp\/v2\/comments?post=49064"}],"version-history":[{"count":1,"href":"https:\/\/lasentinelle.dz\/index.php\/wp-json\/wp\/v2\/posts\/49064\/revisions"}],"predecessor-version":[{"id":49065,"href":"https:\/\/lasentinelle.dz\/index.php\/wp-json\/wp\/v2\/posts\/49064\/revisions\/49065"}],"wp:featuredmedia":[{"embeddable":true,"href":"https:\/\/lasentinelle.dz\/index.php\/wp-json\/wp\/v2\/media\/46712"}],"wp:attachment":[{"href":"https:\/\/lasentinelle.dz\/index.php\/wp-json\/wp\/v2\/media?parent=49064"}],"wp:term":[{"taxonomy":"category","embeddable":true,"href":"https:\/\/lasentinelle.dz\/index.php\/wp-json\/wp\/v2\/categories?post=49064"},{"taxonomy":"post_tag","embeddable":true,"href":"https:\/\/lasentinelle.dz\/index.php\/wp-json\/wp\/v2\/tags?post=49064"}],"curies":[{"name":"wp","href":"https:\/\/api.w.org\/{rel}","templated":true}]}}