{"id":49066,"date":"2024-01-29T10:15:00","date_gmt":"2024-01-29T09:15:00","guid":{"rendered":"https:\/\/lasentinelle.dz\/?p=49066"},"modified":"2024-01-29T15:16:03","modified_gmt":"2024-01-29T14:16:03","slug":"les-medias-particulierement-cibles-par-les-attaques-de-larmee-sioniste-120-journalistes-tues-a-ghaza","status":"publish","type":"post","link":"https:\/\/lasentinelle.dz\/index.php\/2024\/01\/29\/les-medias-particulierement-cibles-par-les-attaques-de-larmee-sioniste-120-journalistes-tues-a-ghaza\/","title":{"rendered":"Les m\u00e9dias particuli\u00e8rement cibl\u00e9s par les attaques de l\u2019arm\u00e9e sioniste\u00a0: 120 journalistes tu\u00e9s \u00e0 Ghaza"},"content":{"rendered":"\n<p>\u00ab&nbsp;La premi\u00e8re victime d\u2019une guerre, c\u2019est toujours la v\u00e9rit\u00e9&nbsp;\u00bb. La citation de Rudyard Kipling n\u2019a jamais \u00e9t\u00e9 aussi vraie qu\u2019en Palestine occup\u00e9e. Au-del\u00e0 des mensonges de la propagande prosioniste et relay\u00e9s \u00e0 souhait par les m\u00e9dias mainstream dans le seul objectif de justifier le g\u00e9nocide en cours dans la Bande de Ghaza et de dissimuler les exactions commises en Cisjordanie occup\u00e9e, jamais dans l\u2019histoire r\u00e9cente les journalistes n\u2019auront la cible d\u2019assassinats pr\u00e9m\u00e9dit\u00e9s par une arm\u00e9e pr\u00e9sent\u00e9e par la propagande comme \u00ab&nbsp;la plus morale&nbsp;\u00bb du monde&nbsp;!<\/p>\n\n\n\n<p>Le bilan des victimes fait froid dans le dos&nbsp;: 120 journalistes et hommes et femmes de presse ont \u00e9t\u00e9 tu\u00e9s dans la seule Bande de Ghaza depuis le 7 octobre. En effet, le bureau des m\u00e9dias \u00e0 Ghaza a annonc\u00e9, samedi, que \u00ab\u00a0le nombre de journalistes tomb\u00e9s en martyre depuis le d\u00e9but de l&rsquo;agression sioniste contre la bande de Ghaza (le 7 octobre 2023), s\u2019est alourdi \u00e0 120 apr\u00e8s qu\u2019Iyad Ahmad al-Rawag, pr\u00e9sentateur de la radio locale Sawt al-Aqsa est tomb\u00e9 en martyr dans un raid des forces d&rsquo;occupation sur le camp de r\u00e9fugi\u00e9s de Nuseirat\u00a0\u00bb. A plusieurs reprises, le bureau des m\u00e9dias \u00e0 Ghaza et les organisations palestiniennes de d\u00e9fense des droits humains ont accus\u00e9 l\u2019arm\u00e9e d\u2019occupation sioniste d\u2019avoir d\u00e9lib\u00e9r\u00e9ment pris pour cible les journalistes palestiniens pendant cette agression, pour \u00e9touffer la v\u00e9rit\u00e9 sur les crimes commis par les forces d&rsquo;occupation dans l&rsquo;enclave palestinienne. Le ciblage syst\u00e9matique des m\u00e9dias dans le seul objectif de dissimuler les crimes de l\u2019occupation est clair. D\u2019ailleurs, d\u00e8s le premier jour de l\u2019agression contre la Bande de Ghaza, les forces d\u2019occupation ont cibl\u00e9 et d\u00e9truit la Tour Palestine qui abrite les locaux des m\u00e9dias et \u00e0 partir de laquelle les journalistes des m\u00e9dias internationaux op\u00e8rent des directs. L\u2019intention est bien l\u00e0&nbsp;: perp\u00e9trer un g\u00e9nocide et tout faire pour dissimuler la v\u00e9rit\u00e9. Le apr\u00e8s plus de 100 jours de guerre, le bilan est d\u2019ailleurs in\u00e9dit dans l\u2019histoire r\u00e9cente et est terrifiant. Les autorit\u00e9s sanitaires palestiniennes ont indiqu\u00e9 hier que 26.422 palestiniens ont \u00e9t\u00e9 tu\u00e9s, en majorit\u00e9 des femmes<\/p>\n\n\n\n<p>et des enfants et 65.087 autres &nbsp;bless\u00e9s,. Selon les m\u00eames sources, 165 personnes sont tomb\u00e9es en martyres au cours des derni\u00e8res 24 heures.<\/p>\n\n\n\n<p>Des dizaines de Palestiniens sont tomb\u00e9s en martyrs et plusieurs autres ont \u00e9t\u00e9 bless\u00e9s hier \u00e0 la suite du bombardement par l&rsquo;artillerie de l&rsquo;occupation sioniste contre une \u00e9cole abritant des d\u00e9plac\u00e9s \u00e0 l&rsquo;ouest de Khan Younes. Des sources m\u00e9dicales ont rapport\u00e9 qu&rsquo;un bon nombre de d\u00e9plac\u00e9s sont tomb\u00e9s en martyrs et des dizaines d&rsquo;autres bless\u00e9s, apr\u00e8s que l&rsquo;occupation a bombard\u00e9 une \u00e9cole abritant des personnes d\u00e9plac\u00e9es dans le quartier d&rsquo;Al-Amal, \u00e0 l&rsquo;ouest de Khan Younes, dans le sud de la bande de Ghaza, indique l&rsquo;agence de presse palestinienne (Wafa). Les avions de l&rsquo;occupation sionistes ont bombard\u00e9 une maison dans le camp de Nuseirat, dans le centre de la bande de Ghaza. L&rsquo;occupation sioniste a commis 19 massacres contre des familles dans la bande de Ghaza, et les corps de nombreuses victimes sont toujours sous les d\u00e9combres et sur les routes. L&rsquo;occupation emp\u00eache les ambulances et les \u00e9quipes de la protection civile de les atteindre.<\/p>\n\n\n\n<p>Par ailleurs, 150 Palestiniens sont tomb\u00e9s en martyrs lors du si\u00e8ge sioniste de l&rsquo;h\u00f4pital Nasser \u00e0 Khan Youn\u00e8s, la deuxi\u00e8me plus grande ville de la bande de Ghaza.\u00a0\u00bbNous avons encore 30 cadavres non identifi\u00e9s \u00e0 la morgue de l&rsquo;h\u00f4pital Nasser\u00a0\u00bb, a indiqu\u00e9 samedi Ashraf al-Qedra, porte-parole de l&rsquo;autorit\u00e9 sanitaire \u00e0 Ghaza.&nbsp;&nbsp; &nbsp;Les Palestiniens ont \u00e9t\u00e9 contraints d&rsquo;enterrer les morts dans la cour de l&rsquo;h\u00f4pital, a d\u00e9plor\u00e9 M. Qedra, ajoutant que \u00ab\u00a0l&rsquo;h\u00f4pital Nasser est confront\u00e9 \u00e0 une grave et dangereuse p\u00e9nurie de sang, tandis que de nombreux m\u00e9dicaments d&rsquo;anesth\u00e9sie ont \u00e9t\u00e9 \u00e9puis\u00e9s\u00a0\u00bb.<\/p>\n\n\n\n<p>Le complexe m\u00e9dical \u00e9tait \u00e0 court de m\u00e9dicaments en raison du si\u00e8ge qui lui est impos\u00e9 pour le sixi\u00e8me jour cons\u00e9cutif, par l&rsquo;arm\u00e9e sioniste, selon les autorit\u00e9s sanitaires palestiniennes. Ashraf Al-Qudra a \u00e9crit dans une s\u00e9rie de messages post\u00e9s samedi sur Facebook: \u00ab\u00a0De nombreux m\u00e9dicaments d&rsquo;anesth\u00e9sie et de soins intensifs sont \u00e9puis\u00e9s dans le complexe m\u00e9dical Nasser assi\u00e9g\u00e9, et il existe une p\u00e9nurie aigu\u00eb et dangereuse d&rsquo;unit\u00e9s de sang\u00a0\u00bb. Al-Qudra a averti que \u00ab\u00a0les g\u00e9n\u00e9rateurs \u00e9lectriques du complexe cesseront de fonctionner au cours des quatre prochains jours en raison de la p\u00e9nurie de carburant\u00a0\u00bb. Il a soulign\u00e9 aussi que \u00ab\u00a0les r\u00e9servoirs d&rsquo;eau \u00e0 l&rsquo;int\u00e9rieur du complexe ont \u00e9t\u00e9 endommag\u00e9s suite aux tirs d&rsquo;obus et de drones (sionistes)\u00a0\u00bb. L&rsquo;arm\u00e9e d\u2019occupation sioniste continue d&rsquo;imposer son si\u00e8ge \u00e0 l&rsquo;h\u00f4pital Al-Amal, affili\u00e9 au Croissant-Rouge palestinien, pour le sixi\u00e8me jour, au milieu de raids visant ses environs. Depuis lundi, l&rsquo;arm\u00e9e d&rsquo;occupation a lanc\u00e9 une s\u00e9rie de raids a\u00e9riens et d&rsquo;artillerie intenses sur Khan Yunis et \u00e0 proximit\u00e9 des h\u00f4pitaux qui s&rsquo;y trouvent, sur fond d&rsquo;avanc\u00e9es terrestres de ses v\u00e9hicules dans les r\u00e9gions du sud et de l&rsquo;ouest de la ville. Environ 85 % de la population de Ghaza est d\u00e9plac\u00e9e et expos\u00e9e \u00e0 de graves p\u00e9nuries de nourriture, d&rsquo;eau potable et de m\u00e9dicaments, tandis que 60 % des infrastructures de l&rsquo;enclave ont \u00e9t\u00e9 endommag\u00e9es ou d\u00e9truites, selon l&rsquo;ONU.<\/p>\n\n\n\n<p><strong>Ly\u00e8s Sa\u00efdi<\/strong><\/p>\n","protected":false},"excerpt":{"rendered":"<p>\u00ab&nbsp;La premi\u00e8re victime d\u2019une guerre, c\u2019est toujours la v\u00e9rit\u00e9&nbsp;\u00bb. La citation de Rudyard Kipling n\u2019a jamais \u00e9t\u00e9 aussi vraie qu\u2019en<\/p>\n","protected":false},"author":3,"featured_media":48582,"comment_status":"open","ping_status":"closed","sticky":false,"template":"","format":"standard","meta":{"colormag_page_container_layout":"default_layout","colormag_page_sidebar_layout":"default_layout","om_disable_all_campaigns":false,"_monsterinsights_skip_tracking":false,"_monsterinsights_sitenote_active":false,"_monsterinsights_sitenote_note":"","_monsterinsights_sitenote_category":0,"footnotes":"","_wpscppro_dont_share_socialmedia":false,"_wpscppro_custom_social_share_image":0,"_facebook_share_type":"","_twitter_share_type":"","_linkedin_share_type":"","_pinterest_share_type":"","_linkedin_share_type_page":"","_instagram_share_type":"","_medium_share_type":"","_threads_share_type":"","_google_business_share_type":"","_selected_social_profile":[],"_wpsp_enable_custom_social_template":false,"_wpsp_social_scheduling":{"enabled":false,"datetime":null,"platforms":[],"status":"template_only","dateOption":"today","timeOption":"now","customDays":"","customHours":"","customDate":"","customTime":"","schedulingType":"absolute"},"_wpsp_active_default_template":true},"categories":[52,27],"tags":[],"class_list":["post-49066","post","type-post","status-publish","format-standard","has-post-thumbnail","hentry","category-a-la-une","category-actualite"],"aioseo_notices":[],"yoast_head":"<!-- This site is optimized with the Yoast SEO plugin v27.5 - https:\/\/yoast.com\/product\/yoast-seo-wordpress\/ -->\n<title>Les m\u00e9dias particuli\u00e8rement cibl\u00e9s par les attaques de l\u2019arm\u00e9e sioniste\u00a0: 120 journalistes tu\u00e9s \u00e0 Ghaza - La Sentinelle<\/title>\n<meta name=\"robots\" content=\"index, follow, max-snippet:-1, max-image-preview:large, max-video-preview:-1\" \/>\n<link rel=\"canonical\" href=\"https:\/\/lasentinelle.dz\/index.php\/2024\/01\/29\/les-medias-particulierement-cibles-par-les-attaques-de-larmee-sioniste-120-journalistes-tues-a-ghaza\/\" \/>\n<meta property=\"og:locale\" content=\"fr_FR\" \/>\n<meta property=\"og:type\" content=\"article\" \/>\n<meta property=\"og:title\" content=\"Les m\u00e9dias particuli\u00e8rement cibl\u00e9s par les attaques de l\u2019arm\u00e9e sioniste\u00a0: 120 journalistes tu\u00e9s \u00e0 Ghaza - La Sentinelle\" \/>\n<meta property=\"og:description\" content=\"\u00ab&nbsp;La premi\u00e8re victime d\u2019une guerre, c\u2019est toujours la v\u00e9rit\u00e9&nbsp;\u00bb. La citation de Rudyard Kipling n\u2019a jamais \u00e9t\u00e9 aussi vraie qu\u2019en\" \/>\n<meta property=\"og:url\" content=\"https:\/\/lasentinelle.dz\/index.php\/2024\/01\/29\/les-medias-particulierement-cibles-par-les-attaques-de-larmee-sioniste-120-journalistes-tues-a-ghaza\/\" \/>\n<meta property=\"og:site_name\" content=\"La Sentinelle\" \/>\n<meta property=\"article:publisher\" content=\"https:\/\/www.facebook.com\/La-Sentinelle-104059864394773\" \/>\n<meta property=\"article:published_time\" content=\"2024-01-29T09:15:00+00:00\" \/>\n<meta property=\"article:modified_time\" content=\"2024-01-29T14:16:03+00:00\" \/>\n<meta property=\"og:image\" content=\"https:\/\/lasentinelle.dz\/wp-content\/uploads\/2024\/01\/press.jpeg\" \/>\n\t<meta property=\"og:image:width\" content=\"864\" \/>\n\t<meta property=\"og:image:height\" content=\"486\" \/>\n\t<meta property=\"og:image:type\" content=\"image\/jpeg\" \/>\n<meta name=\"author\" content=\"La Sentinelle\" \/>\n<meta name=\"twitter:card\" content=\"summary_large_image\" \/>\n<meta name=\"twitter:label1\" content=\"\u00c9crit par\" \/>\n\t<meta name=\"twitter:data1\" content=\"La Sentinelle\" \/>\n\t<meta name=\"twitter:label2\" content=\"Dur\u00e9e de lecture estim\u00e9e\" \/>\n\t<meta name=\"twitter:data2\" content=\"5 minutes\" \/>\n<script type=\"application\/ld+json\" class=\"yoast-schema-graph\">{\"@context\":\"https:\\\/\\\/schema.org\",\"@graph\":[{\"@type\":\"Article\",\"@id\":\"https:\\\/\\\/lasentinelle.dz\\\/index.php\\\/2024\\\/01\\\/29\\\/les-medias-particulierement-cibles-par-les-attaques-de-larmee-sioniste-120-journalistes-tues-a-ghaza\\\/#article\",\"isPartOf\":{\"@id\":\"https:\\\/\\\/lasentinelle.dz\\\/index.php\\\/2024\\\/01\\\/29\\\/les-medias-particulierement-cibles-par-les-attaques-de-larmee-sioniste-120-journalistes-tues-a-ghaza\\\/\"},\"author\":{\"name\":\"La Sentinelle\",\"@id\":\"https:\\\/\\\/lasentinelle.dz\\\/#\\\/schema\\\/person\\\/d865044e22e70a75174ce8bcad3acfb3\"},\"headline\":\"Les m\u00e9dias particuli\u00e8rement cibl\u00e9s par les attaques de l\u2019arm\u00e9e sioniste\u00a0: 120 journalistes tu\u00e9s \u00e0 Ghaza\",\"datePublished\":\"2024-01-29T09:15:00+00:00\",\"dateModified\":\"2024-01-29T14:16:03+00:00\",\"mainEntityOfPage\":{\"@id\":\"https:\\\/\\\/lasentinelle.dz\\\/index.php\\\/2024\\\/01\\\/29\\\/les-medias-particulierement-cibles-par-les-attaques-de-larmee-sioniste-120-journalistes-tues-a-ghaza\\\/\"},\"wordCount\":1007,\"commentCount\":0,\"publisher\":{\"@id\":\"https:\\\/\\\/lasentinelle.dz\\\/#organization\"},\"image\":{\"@id\":\"https:\\\/\\\/lasentinelle.dz\\\/index.php\\\/2024\\\/01\\\/29\\\/les-medias-particulierement-cibles-par-les-attaques-de-larmee-sioniste-120-journalistes-tues-a-ghaza\\\/#primaryimage\"},\"thumbnailUrl\":\"https:\\\/\\\/lasentinelle.dz\\\/wp-content\\\/uploads\\\/2024\\\/01\\\/press.jpeg\",\"articleSection\":[\"\u00c0 la Une\",\"Actualit\u00e9\"],\"inLanguage\":\"fr-FR\",\"potentialAction\":[{\"@type\":\"CommentAction\",\"name\":\"Comment\",\"target\":[\"https:\\\/\\\/lasentinelle.dz\\\/index.php\\\/2024\\\/01\\\/29\\\/les-medias-particulierement-cibles-par-les-attaques-de-larmee-sioniste-120-journalistes-tues-a-ghaza\\\/#respond\"]}]},{\"@type\":\"WebPage\",\"@id\":\"https:\\\/\\\/lasentinelle.dz\\\/index.php\\\/2024\\\/01\\\/29\\\/les-medias-particulierement-cibles-par-les-attaques-de-larmee-sioniste-120-journalistes-tues-a-ghaza\\\/\",\"url\":\"https:\\\/\\\/lasentinelle.dz\\\/index.php\\\/2024\\\/01\\\/29\\\/les-medias-particulierement-cibles-par-les-attaques-de-larmee-sioniste-120-journalistes-tues-a-ghaza\\\/\",\"name\":\"Les m\u00e9dias particuli\u00e8rement cibl\u00e9s par les attaques de l\u2019arm\u00e9e sioniste\u00a0: 120 journalistes tu\u00e9s \u00e0 Ghaza - La Sentinelle\",\"isPartOf\":{\"@id\":\"https:\\\/\\\/lasentinelle.dz\\\/#website\"},\"primaryImageOfPage\":{\"@id\":\"https:\\\/\\\/lasentinelle.dz\\\/index.php\\\/2024\\\/01\\\/29\\\/les-medias-particulierement-cibles-par-les-attaques-de-larmee-sioniste-120-journalistes-tues-a-ghaza\\\/#primaryimage\"},\"image\":{\"@id\":\"https:\\\/\\\/lasentinelle.dz\\\/index.php\\\/2024\\\/01\\\/29\\\/les-medias-particulierement-cibles-par-les-attaques-de-larmee-sioniste-120-journalistes-tues-a-ghaza\\\/#primaryimage\"},\"thumbnailUrl\":\"https:\\\/\\\/lasentinelle.dz\\\/wp-content\\\/uploads\\\/2024\\\/01\\\/press.jpeg\",\"datePublished\":\"2024-01-29T09:15:00+00:00\",\"dateModified\":\"2024-01-29T14:16:03+00:00\",\"breadcrumb\":{\"@id\":\"https:\\\/\\\/lasentinelle.dz\\\/index.php\\\/2024\\\/01\\\/29\\\/les-medias-particulierement-cibles-par-les-attaques-de-larmee-sioniste-120-journalistes-tues-a-ghaza\\\/#breadcrumb\"},\"inLanguage\":\"fr-FR\",\"potentialAction\":[{\"@type\":\"ReadAction\",\"target\":[\"https:\\\/\\\/lasentinelle.dz\\\/index.php\\\/2024\\\/01\\\/29\\\/les-medias-particulierement-cibles-par-les-attaques-de-larmee-sioniste-120-journalistes-tues-a-ghaza\\\/\"]}]},{\"@type\":\"ImageObject\",\"inLanguage\":\"fr-FR\",\"@id\":\"https:\\\/\\\/lasentinelle.dz\\\/index.php\\\/2024\\\/01\\\/29\\\/les-medias-particulierement-cibles-par-les-attaques-de-larmee-sioniste-120-journalistes-tues-a-ghaza\\\/#primaryimage\",\"url\":\"https:\\\/\\\/lasentinelle.dz\\\/wp-content\\\/uploads\\\/2024\\\/01\\\/press.jpeg\",\"contentUrl\":\"https:\\\/\\\/lasentinelle.dz\\\/wp-content\\\/uploads\\\/2024\\\/01\\\/press.jpeg\",\"width\":864,\"height\":486},{\"@type\":\"BreadcrumbList\",\"@id\":\"https:\\\/\\\/lasentinelle.dz\\\/index.php\\\/2024\\\/01\\\/29\\\/les-medias-particulierement-cibles-par-les-attaques-de-larmee-sioniste-120-journalistes-tues-a-ghaza\\\/#breadcrumb\",\"itemListElement\":[{\"@type\":\"ListItem\",\"position\":1,\"name\":\"Accueil\",\"item\":\"https:\\\/\\\/lasentinelle.dz\\\/\"},{\"@type\":\"ListItem\",\"position\":2,\"name\":\"Les m\u00e9dias particuli\u00e8rement cibl\u00e9s par les attaques de l\u2019arm\u00e9e sioniste\u00a0: 120 journalistes tu\u00e9s \u00e0 Ghaza\"}]},{\"@type\":\"WebSite\",\"@id\":\"https:\\\/\\\/lasentinelle.dz\\\/#website\",\"url\":\"https:\\\/\\\/lasentinelle.dz\\\/\",\"name\":\"La Sentinelle\",\"description\":\"Quotidien national d&#039;information\",\"publisher\":{\"@id\":\"https:\\\/\\\/lasentinelle.dz\\\/#organization\"},\"potentialAction\":[{\"@type\":\"SearchAction\",\"target\":{\"@type\":\"EntryPoint\",\"urlTemplate\":\"https:\\\/\\\/lasentinelle.dz\\\/?s={search_term_string}\"},\"query-input\":{\"@type\":\"PropertyValueSpecification\",\"valueRequired\":true,\"valueName\":\"search_term_string\"}}],\"inLanguage\":\"fr-FR\"},{\"@type\":\"Organization\",\"@id\":\"https:\\\/\\\/lasentinelle.dz\\\/#organization\",\"name\":\"Quotidien La Sentinelle\",\"url\":\"https:\\\/\\\/lasentinelle.dz\\\/\",\"logo\":{\"@type\":\"ImageObject\",\"inLanguage\":\"fr-FR\",\"@id\":\"https:\\\/\\\/lasentinelle.dz\\\/#\\\/schema\\\/logo\\\/image\\\/\",\"url\":\"https:\\\/\\\/lasentinelle.dz\\\/wp-content\\\/uploads\\\/2021\\\/09\\\/logo-sentinelleSLOGAN-1.png\",\"contentUrl\":\"https:\\\/\\\/lasentinelle.dz\\\/wp-content\\\/uploads\\\/2021\\\/09\\\/logo-sentinelleSLOGAN-1.png\",\"width\":615,\"height\":142,\"caption\":\"Quotidien La Sentinelle\"},\"image\":{\"@id\":\"https:\\\/\\\/lasentinelle.dz\\\/#\\\/schema\\\/logo\\\/image\\\/\"},\"sameAs\":[\"https:\\\/\\\/www.facebook.com\\\/La-Sentinelle-104059864394773\"]},{\"@type\":\"Person\",\"@id\":\"https:\\\/\\\/lasentinelle.dz\\\/#\\\/schema\\\/person\\\/d865044e22e70a75174ce8bcad3acfb3\",\"name\":\"La Sentinelle\",\"image\":{\"@type\":\"ImageObject\",\"inLanguage\":\"fr-FR\",\"@id\":\"https:\\\/\\\/secure.gravatar.com\\\/avatar\\\/57de8e5d4b15d43fb361a71fbb36338450fe67865b528a43dd10ef7c51a20392?s=96&d=mm&r=g\",\"url\":\"https:\\\/\\\/secure.gravatar.com\\\/avatar\\\/57de8e5d4b15d43fb361a71fbb36338450fe67865b528a43dd10ef7c51a20392?s=96&d=mm&r=g\",\"contentUrl\":\"https:\\\/\\\/secure.gravatar.com\\\/avatar\\\/57de8e5d4b15d43fb361a71fbb36338450fe67865b528a43dd10ef7c51a20392?s=96&d=mm&r=g\",\"caption\":\"La Sentinelle\"},\"sameAs\":[\"http:\\\/\\\/www.lasentinelle.dz\"],\"url\":\"https:\\\/\\\/lasentinelle.dz\\\/author\\\/redaction\\\/\"}]}<\/script>\n<!-- \/ Yoast SEO plugin. -->","yoast_head_json":{"title":"Les m\u00e9dias particuli\u00e8rement cibl\u00e9s par les attaques de l\u2019arm\u00e9e sioniste\u00a0: 120 journalistes tu\u00e9s \u00e0 Ghaza - La Sentinelle","robots":{"index":"index","follow":"follow","max-snippet":"max-snippet:-1","max-image-preview":"max-image-preview:large","max-video-preview":"max-video-preview:-1"},"canonical":"https:\/\/lasentinelle.dz\/index.php\/2024\/01\/29\/les-medias-particulierement-cibles-par-les-attaques-de-larmee-sioniste-120-journalistes-tues-a-ghaza\/","og_locale":"fr_FR","og_type":"article","og_title":"Les m\u00e9dias particuli\u00e8rement cibl\u00e9s par les attaques de l\u2019arm\u00e9e sioniste\u00a0: 120 journalistes tu\u00e9s \u00e0 Ghaza - La Sentinelle","og_description":"\u00ab&nbsp;La premi\u00e8re victime d\u2019une guerre, c\u2019est toujours la v\u00e9rit\u00e9&nbsp;\u00bb. La citation de Rudyard Kipling n\u2019a jamais \u00e9t\u00e9 aussi vraie qu\u2019en","og_url":"https:\/\/lasentinelle.dz\/index.php\/2024\/01\/29\/les-medias-particulierement-cibles-par-les-attaques-de-larmee-sioniste-120-journalistes-tues-a-ghaza\/","og_site_name":"La Sentinelle","article_publisher":"https:\/\/www.facebook.com\/La-Sentinelle-104059864394773","article_published_time":"2024-01-29T09:15:00+00:00","article_modified_time":"2024-01-29T14:16:03+00:00","og_image":[{"width":864,"height":486,"url":"https:\/\/lasentinelle.dz\/wp-content\/uploads\/2024\/01\/press.jpeg","type":"image\/jpeg"}],"author":"La Sentinelle","twitter_card":"summary_large_image","twitter_misc":{"\u00c9crit par":"La Sentinelle","Dur\u00e9e de lecture estim\u00e9e":"5 minutes"},"schema":{"@context":"https:\/\/schema.org","@graph":[{"@type":"Article","@id":"https:\/\/lasentinelle.dz\/index.php\/2024\/01\/29\/les-medias-particulierement-cibles-par-les-attaques-de-larmee-sioniste-120-journalistes-tues-a-ghaza\/#article","isPartOf":{"@id":"https:\/\/lasentinelle.dz\/index.php\/2024\/01\/29\/les-medias-particulierement-cibles-par-les-attaques-de-larmee-sioniste-120-journalistes-tues-a-ghaza\/"},"author":{"name":"La Sentinelle","@id":"https:\/\/lasentinelle.dz\/#\/schema\/person\/d865044e22e70a75174ce8bcad3acfb3"},"headline":"Les m\u00e9dias particuli\u00e8rement cibl\u00e9s par les attaques de l\u2019arm\u00e9e sioniste\u00a0: 120 journalistes tu\u00e9s \u00e0 Ghaza","datePublished":"2024-01-29T09:15:00+00:00","dateModified":"2024-01-29T14:16:03+00:00","mainEntityOfPage":{"@id":"https:\/\/lasentinelle.dz\/index.php\/2024\/01\/29\/les-medias-particulierement-cibles-par-les-attaques-de-larmee-sioniste-120-journalistes-tues-a-ghaza\/"},"wordCount":1007,"commentCount":0,"publisher":{"@id":"https:\/\/lasentinelle.dz\/#organization"},"image":{"@id":"https:\/\/lasentinelle.dz\/index.php\/2024\/01\/29\/les-medias-particulierement-cibles-par-les-attaques-de-larmee-sioniste-120-journalistes-tues-a-ghaza\/#primaryimage"},"thumbnailUrl":"https:\/\/lasentinelle.dz\/wp-content\/uploads\/2024\/01\/press.jpeg","articleSection":["\u00c0 la Une","Actualit\u00e9"],"inLanguage":"fr-FR","potentialAction":[{"@type":"CommentAction","name":"Comment","target":["https:\/\/lasentinelle.dz\/index.php\/2024\/01\/29\/les-medias-particulierement-cibles-par-les-attaques-de-larmee-sioniste-120-journalistes-tues-a-ghaza\/#respond"]}]},{"@type":"WebPage","@id":"https:\/\/lasentinelle.dz\/index.php\/2024\/01\/29\/les-medias-particulierement-cibles-par-les-attaques-de-larmee-sioniste-120-journalistes-tues-a-ghaza\/","url":"https:\/\/lasentinelle.dz\/index.php\/2024\/01\/29\/les-medias-particulierement-cibles-par-les-attaques-de-larmee-sioniste-120-journalistes-tues-a-ghaza\/","name":"Les m\u00e9dias particuli\u00e8rement cibl\u00e9s par les attaques de l\u2019arm\u00e9e sioniste\u00a0: 120 journalistes tu\u00e9s \u00e0 Ghaza - La Sentinelle","isPartOf":{"@id":"https:\/\/lasentinelle.dz\/#website"},"primaryImageOfPage":{"@id":"https:\/\/lasentinelle.dz\/index.php\/2024\/01\/29\/les-medias-particulierement-cibles-par-les-attaques-de-larmee-sioniste-120-journalistes-tues-a-ghaza\/#primaryimage"},"image":{"@id":"https:\/\/lasentinelle.dz\/index.php\/2024\/01\/29\/les-medias-particulierement-cibles-par-les-attaques-de-larmee-sioniste-120-journalistes-tues-a-ghaza\/#primaryimage"},"thumbnailUrl":"https:\/\/lasentinelle.dz\/wp-content\/uploads\/2024\/01\/press.jpeg","datePublished":"2024-01-29T09:15:00+00:00","dateModified":"2024-01-29T14:16:03+00:00","breadcrumb":{"@id":"https:\/\/lasentinelle.dz\/index.php\/2024\/01\/29\/les-medias-particulierement-cibles-par-les-attaques-de-larmee-sioniste-120-journalistes-tues-a-ghaza\/#breadcrumb"},"inLanguage":"fr-FR","potentialAction":[{"@type":"ReadAction","target":["https:\/\/lasentinelle.dz\/index.php\/2024\/01\/29\/les-medias-particulierement-cibles-par-les-attaques-de-larmee-sioniste-120-journalistes-tues-a-ghaza\/"]}]},{"@type":"ImageObject","inLanguage":"fr-FR","@id":"https:\/\/lasentinelle.dz\/index.php\/2024\/01\/29\/les-medias-particulierement-cibles-par-les-attaques-de-larmee-sioniste-120-journalistes-tues-a-ghaza\/#primaryimage","url":"https:\/\/lasentinelle.dz\/wp-content\/uploads\/2024\/01\/press.jpeg","contentUrl":"https:\/\/lasentinelle.dz\/wp-content\/uploads\/2024\/01\/press.jpeg","width":864,"height":486},{"@type":"BreadcrumbList","@id":"https:\/\/lasentinelle.dz\/index.php\/2024\/01\/29\/les-medias-particulierement-cibles-par-les-attaques-de-larmee-sioniste-120-journalistes-tues-a-ghaza\/#breadcrumb","itemListElement":[{"@type":"ListItem","position":1,"name":"Accueil","item":"https:\/\/lasentinelle.dz\/"},{"@type":"ListItem","position":2,"name":"Les m\u00e9dias particuli\u00e8rement cibl\u00e9s par les attaques de l\u2019arm\u00e9e sioniste\u00a0: 120 journalistes tu\u00e9s \u00e0 Ghaza"}]},{"@type":"WebSite","@id":"https:\/\/lasentinelle.dz\/#website","url":"https:\/\/lasentinelle.dz\/","name":"La Sentinelle","description":"Quotidien national d&#039;information","publisher":{"@id":"https:\/\/lasentinelle.dz\/#organization"},"potentialAction":[{"@type":"SearchAction","target":{"@type":"EntryPoint","urlTemplate":"https:\/\/lasentinelle.dz\/?s={search_term_string}"},"query-input":{"@type":"PropertyValueSpecification","valueRequired":true,"valueName":"search_term_string"}}],"inLanguage":"fr-FR"},{"@type":"Organization","@id":"https:\/\/lasentinelle.dz\/#organization","name":"Quotidien La Sentinelle","url":"https:\/\/lasentinelle.dz\/","logo":{"@type":"ImageObject","inLanguage":"fr-FR","@id":"https:\/\/lasentinelle.dz\/#\/schema\/logo\/image\/","url":"https:\/\/lasentinelle.dz\/wp-content\/uploads\/2021\/09\/logo-sentinelleSLOGAN-1.png","contentUrl":"https:\/\/lasentinelle.dz\/wp-content\/uploads\/2021\/09\/logo-sentinelleSLOGAN-1.png","width":615,"height":142,"caption":"Quotidien La Sentinelle"},"image":{"@id":"https:\/\/lasentinelle.dz\/#\/schema\/logo\/image\/"},"sameAs":["https:\/\/www.facebook.com\/La-Sentinelle-104059864394773"]},{"@type":"Person","@id":"https:\/\/lasentinelle.dz\/#\/schema\/person\/d865044e22e70a75174ce8bcad3acfb3","name":"La Sentinelle","image":{"@type":"ImageObject","inLanguage":"fr-FR","@id":"https:\/\/secure.gravatar.com\/avatar\/57de8e5d4b15d43fb361a71fbb36338450fe67865b528a43dd10ef7c51a20392?s=96&d=mm&r=g","url":"https:\/\/secure.gravatar.com\/avatar\/57de8e5d4b15d43fb361a71fbb36338450fe67865b528a43dd10ef7c51a20392?s=96&d=mm&r=g","contentUrl":"https:\/\/secure.gravatar.com\/avatar\/57de8e5d4b15d43fb361a71fbb36338450fe67865b528a43dd10ef7c51a20392?s=96&d=mm&r=g","caption":"La Sentinelle"},"sameAs":["http:\/\/www.lasentinelle.dz"],"url":"https:\/\/lasentinelle.dz\/author\/redaction\/"}]}},"_links":{"self":[{"href":"https:\/\/lasentinelle.dz\/index.php\/wp-json\/wp\/v2\/posts\/49066","targetHints":{"allow":["GET"]}}],"collection":[{"href":"https:\/\/lasentinelle.dz\/index.php\/wp-json\/wp\/v2\/posts"}],"about":[{"href":"https:\/\/lasentinelle.dz\/index.php\/wp-json\/wp\/v2\/types\/post"}],"author":[{"embeddable":true,"href":"https:\/\/lasentinelle.dz\/index.php\/wp-json\/wp\/v2\/users\/3"}],"replies":[{"embeddable":true,"href":"https:\/\/lasentinelle.dz\/index.php\/wp-json\/wp\/v2\/comments?post=49066"}],"version-history":[{"count":1,"href":"https:\/\/lasentinelle.dz\/index.php\/wp-json\/wp\/v2\/posts\/49066\/revisions"}],"predecessor-version":[{"id":49067,"href":"https:\/\/lasentinelle.dz\/index.php\/wp-json\/wp\/v2\/posts\/49066\/revisions\/49067"}],"wp:featuredmedia":[{"embeddable":true,"href":"https:\/\/lasentinelle.dz\/index.php\/wp-json\/wp\/v2\/media\/48582"}],"wp:attachment":[{"href":"https:\/\/lasentinelle.dz\/index.php\/wp-json\/wp\/v2\/media?parent=49066"}],"wp:term":[{"taxonomy":"category","embeddable":true,"href":"https:\/\/lasentinelle.dz\/index.php\/wp-json\/wp\/v2\/categories?post=49066"},{"taxonomy":"post_tag","embeddable":true,"href":"https:\/\/lasentinelle.dz\/index.php\/wp-json\/wp\/v2\/tags?post=49066"}],"curies":[{"name":"wp","href":"https:\/\/api.w.org\/{rel}","templated":true}]}}