{"id":49077,"date":"2024-01-31T12:30:05","date_gmt":"2024-01-31T11:30:05","guid":{"rendered":"https:\/\/lasentinelle.dz\/?p=49077"},"modified":"2024-01-31T12:30:08","modified_gmt":"2024-01-31T11:30:08","slug":"college-technique-national-la-priorite-au-renouveau-du-football-national","status":"publish","type":"post","link":"https:\/\/lasentinelle.dz\/index.php\/2024\/01\/31\/college-technique-national-la-priorite-au-renouveau-du-football-national\/","title":{"rendered":"Coll\u00e8ge technique national\u00a0: La priorit\u00e9 au\u00a0renouveau du football national"},"content":{"rendered":"\n<p>Le DTN&nbsp;qui pr\u00e9side \u00e9galement le Coll\u00e8ge Technique National,&nbsp;a indiqu\u00e9 que&nbsp;les experts auxquels compte faire appelle football alg\u00e9rien seront r\u00e9partis en plusieurs commissions, dont chacune s&rsquo;occupera d&rsquo;un volet bien d\u00e9fini.<\/p>\n\n\n\n<p>Le Directeur technique national Ameur Mansoul, a assur\u00e9 lundi, lors d\u2019une&nbsp;conf\u00e9rence de presse au Centre technique national de Sidi-Moussa qu&rsquo;il ne se contentera pas de jouer \u00ab\u00a0le r\u00f4le d&rsquo;un simple conseiller\u00a0\u00bb, mais qu&rsquo;il \u00ab\u00a0participera activement\u00a0\u00bb \u00e0 la relance du sport-roi, en proposant notamment \u00ab\u00a0des solutions fiables\u00a0\u00bb, qui contribueront \u00e9troitement \u00e0 ce renouveau.\u00a0\u00bbNos ambitions d\u00e9passent largement le r\u00f4le de simples conseillers. Bien au contraire, nous \u0153uvrons pour \u00eatre d&rsquo;importants contributeurs dans la relance du football alg\u00e9rien, gr\u00e2ce notamment \u00e0 l&rsquo;apports d&rsquo;experts dignes de ce noms, qui soutiendront ce projet \u00e0 travers la proposition de solutions ad\u00e9quates\u00a0\u00bb a indiqu\u00e9 Mansoul.<\/p>\n\n\n\n<p>Le DTN&nbsp;qui pr\u00e9side \u00e9galement le Coll\u00e8ge Technique National,&nbsp;a indiqu\u00e9 que&nbsp;les experts auxquels compte faire appelle football alg\u00e9rien seront r\u00e9partis en plusieurs commissions, dont chacune s&rsquo;occupera d&rsquo;un volet bien d\u00e9fini.&nbsp;Une fois le travail de chacune d&rsquo;entre elles accompli, il sera transmis au Bureau f\u00e9d\u00e9ral pour approbation, avant d&rsquo;\u00eatre adopt\u00e9 comme solution \u00e9ventuelle dans le plan d&rsquo;action.&nbsp;\u00ab\u00a0Pour arriver aux solutions qui nous int\u00e9ressent, nous devons faire appel non seulement aux comp\u00e9tences de grands experts en la mati\u00e8re, mais aussi aux anciens internationaux, et leur \u00e9troite connaissance du terrain, car susceptibles de donner eux aussi une importante impulsion au projet\u00a0\u00bb a-t-il ajout\u00e9.&nbsp;A ce propos, Mansoul a tenu \u00e0 insister sur le fait que \u00ab\u00a0la porte de la DTN restera ouverte\u00a0\u00bb \u00e0 toute personne susceptible d&rsquo;apporter une pierre \u00e0 l&rsquo;\u00e9difice. Le pr\u00e9sident de la FAF, Walid Sadi, conform\u00e9ment au d\u00e9cret-loi 330-14, r\u00e9gissant la gestion et le fonctionnement des f\u00e9d\u00e9rations sportives, avait proc\u00e9d\u00e9 \u00e0 l&rsquo;installation du coll\u00e8ge technique national le 12 d\u00e9cembre dernier. Le coll\u00e8ge technique national se compose de diff\u00e9rents Directeurs techniques, sportifs et r\u00e9gionaux, ainsi que des entra\u00eeneurs et directeurs de la m\u00e9thodologie au sein de la DTN, a d\u00e9taill\u00e9 Mansoul, en qualifiant l&rsquo;installation de cette commission de \u00ab\u00a0grand acquis\u00a0\u00bb pour le football national.\u00a0\u00bbNous tiendrons notre premi\u00e8re r\u00e9union officielle au mois de mars prochain\u00a0\u00bb a encore annonc\u00e9, en cl\u00f4ture de son intervention, le successeur de Mustapha Biskri \u00e0 la t\u00eate de la DTN.<\/p>\n\n\n\n<p>Ameur Mansoul, a&nbsp;\u00e9galement indiqu\u00e9 que&nbsp;20 entraineurs alg\u00e9riens b\u00e9n\u00e9ficieront d&rsquo;une formation pour l&rsquo;obtention d&rsquo;une licence CAF Pro chaque ann\u00e9e, apr\u00e8s la premi\u00e8re session entam\u00e9e en d\u00e9cembre 2023 \u00e0 Alger.&nbsp;\u00ab\u00a0Chaque ann\u00e9e 20 entraineurs alg\u00e9riens b\u00e9n\u00e9ficieront d&rsquo;une formation pour l&rsquo;obtention d&rsquo;une licence CAF Pro, qui leur ouvrira les portes pour une exp\u00e9rience professionnelle dans le coaching\u00a0\u00bb, a d\u00e9clar\u00e9 Ameur Mansoul&nbsp;&nbsp;. \u00a0\u00bb Nous avons entam\u00e9 cette op\u00e9ration avec la premi\u00e8re session entam\u00e9e en d\u00e9cembre dernier \u00e0 Alger et qui s&rsquo;\u00e9talera sur toute l&rsquo;ann\u00e9e en cours, avec la participation de 26 techniciens alg\u00e9riens et \u00e9trangers. Cette op\u00e9ration entre dans le cadre de la politique de la FAFw, qui \u0153uvre sur l&rsquo;ouverture de l&rsquo;Alg\u00e9rie sur le continent africain et les pays arabes\u00a0\u00bb, a-t-il ajout\u00e9.&nbsp;&nbsp;Dans le m\u00eame sillage, le DTN a indiqu\u00e9 que l&rsquo;instance f\u00e9d\u00e9rale a programm\u00e9 le lancement de neuf sessions de formation sur tous le territoire national pour l&rsquo;obtention de licence CAF-C, 9 autres pour la licence CAF-B et 4 pour la licence CAF-A, sous la conduite de la Direction technique nationale.&nbsp;&nbsp;&nbsp;\u00a0\u00bb Dans son programme de formation en continue, la DTN a organis\u00e9 113 sessions de formation au profit de 3060 techniciens\u00a0\u00bb, a pr\u00e9cis\u00e9 le DTN.&nbsp;Pour rappel, Ameur Mansoul avait \u00e9t\u00e9 intronis\u00e9 \u00e0 la t\u00eate de la Direction technique nationale (DTN) le 21 septembre 2023, lors de la premi\u00e8re r\u00e9union du nouveau Bureau f\u00e9d\u00e9ral de la FAF, sous la direction de Walid Sadi, qui venait de succ\u00e9der \u00e0 Djahid Zefizef.&nbsp;<\/p>\n\n\n\n<p>R.S.<\/p>\n","protected":false},"excerpt":{"rendered":"<p>Le DTN&nbsp;qui pr\u00e9side \u00e9galement le Coll\u00e8ge Technique National,&nbsp;a indiqu\u00e9 que&nbsp;les experts auxquels compte faire appelle football alg\u00e9rien seront r\u00e9partis en<\/p>\n","protected":false},"author":3,"featured_media":49078,"comment_status":"open","ping_status":"closed","sticky":false,"template":"","format":"standard","meta":{"colormag_page_container_layout":"default_layout","colormag_page_sidebar_layout":"default_layout","om_disable_all_campaigns":false,"_monsterinsights_skip_tracking":false,"_monsterinsights_sitenote_active":false,"_monsterinsights_sitenote_note":"","_monsterinsights_sitenote_category":0,"footnotes":"","_wpscppro_dont_share_socialmedia":false,"_wpscppro_custom_social_share_image":0,"_facebook_share_type":"","_twitter_share_type":"","_linkedin_share_type":"","_pinterest_share_type":"","_linkedin_share_type_page":"","_instagram_share_type":"","_medium_share_type":"","_threads_share_type":"","_google_business_share_type":"","_selected_social_profile":[],"_wpsp_enable_custom_social_template":false,"_wpsp_social_scheduling":{"enabled":false,"datetime":null,"platforms":[],"status":"template_only","dateOption":"today","timeOption":"now","customDays":"","customHours":"","customDate":"","customTime":"","schedulingType":"absolute"},"_wpsp_active_default_template":true},"categories":[33],"tags":[],"class_list":["post-49077","post","type-post","status-publish","format-standard","has-post-thumbnail","hentry","category-sports"],"aioseo_notices":[],"yoast_head":"<!-- This site is optimized with the Yoast SEO plugin v27.5 - https:\/\/yoast.com\/product\/yoast-seo-wordpress\/ -->\n<title>Coll\u00e8ge technique national\u00a0: La priorit\u00e9 au\u00a0renouveau du football national - La Sentinelle<\/title>\n<meta name=\"robots\" content=\"index, follow, max-snippet:-1, max-image-preview:large, max-video-preview:-1\" \/>\n<link rel=\"canonical\" href=\"https:\/\/lasentinelle.dz\/index.php\/2024\/01\/31\/college-technique-national-la-priorite-au-renouveau-du-football-national\/\" \/>\n<meta property=\"og:locale\" content=\"fr_FR\" \/>\n<meta property=\"og:type\" content=\"article\" \/>\n<meta property=\"og:title\" content=\"Coll\u00e8ge technique national\u00a0: La priorit\u00e9 au\u00a0renouveau du football national - La Sentinelle\" \/>\n<meta property=\"og:description\" content=\"Le DTN&nbsp;qui pr\u00e9side \u00e9galement le Coll\u00e8ge Technique National,&nbsp;a indiqu\u00e9 que&nbsp;les experts auxquels compte faire appelle football alg\u00e9rien seront r\u00e9partis en\" \/>\n<meta property=\"og:url\" content=\"https:\/\/lasentinelle.dz\/index.php\/2024\/01\/31\/college-technique-national-la-priorite-au-renouveau-du-football-national\/\" \/>\n<meta property=\"og:site_name\" content=\"La Sentinelle\" \/>\n<meta property=\"article:publisher\" content=\"https:\/\/www.facebook.com\/La-Sentinelle-104059864394773\" \/>\n<meta property=\"article:published_time\" content=\"2024-01-31T11:30:05+00:00\" \/>\n<meta property=\"article:modified_time\" content=\"2024-01-31T11:30:08+00:00\" \/>\n<meta property=\"og:image\" content=\"https:\/\/lasentinelle.dz\/wp-content\/uploads\/2024\/01\/mansoul.jpeg\" \/>\n\t<meta property=\"og:image:width\" content=\"2000\" \/>\n\t<meta property=\"og:image:height\" content=\"1333\" \/>\n\t<meta property=\"og:image:type\" content=\"image\/jpeg\" \/>\n<meta name=\"author\" content=\"La Sentinelle\" \/>\n<meta name=\"twitter:card\" content=\"summary_large_image\" \/>\n<meta name=\"twitter:label1\" content=\"\u00c9crit par\" \/>\n\t<meta name=\"twitter:data1\" content=\"La Sentinelle\" \/>\n\t<meta name=\"twitter:label2\" content=\"Dur\u00e9e de lecture estim\u00e9e\" \/>\n\t<meta name=\"twitter:data2\" content=\"4 minutes\" \/>\n<script type=\"application\/ld+json\" class=\"yoast-schema-graph\">{\"@context\":\"https:\\\/\\\/schema.org\",\"@graph\":[{\"@type\":\"Article\",\"@id\":\"https:\\\/\\\/lasentinelle.dz\\\/index.php\\\/2024\\\/01\\\/31\\\/college-technique-national-la-priorite-au-renouveau-du-football-national\\\/#article\",\"isPartOf\":{\"@id\":\"https:\\\/\\\/lasentinelle.dz\\\/index.php\\\/2024\\\/01\\\/31\\\/college-technique-national-la-priorite-au-renouveau-du-football-national\\\/\"},\"author\":{\"name\":\"La Sentinelle\",\"@id\":\"https:\\\/\\\/lasentinelle.dz\\\/#\\\/schema\\\/person\\\/d865044e22e70a75174ce8bcad3acfb3\"},\"headline\":\"Coll\u00e8ge technique national\u00a0: La priorit\u00e9 au\u00a0renouveau du football national\",\"datePublished\":\"2024-01-31T11:30:05+00:00\",\"dateModified\":\"2024-01-31T11:30:08+00:00\",\"mainEntityOfPage\":{\"@id\":\"https:\\\/\\\/lasentinelle.dz\\\/index.php\\\/2024\\\/01\\\/31\\\/college-technique-national-la-priorite-au-renouveau-du-football-national\\\/\"},\"wordCount\":722,\"commentCount\":0,\"publisher\":{\"@id\":\"https:\\\/\\\/lasentinelle.dz\\\/#organization\"},\"image\":{\"@id\":\"https:\\\/\\\/lasentinelle.dz\\\/index.php\\\/2024\\\/01\\\/31\\\/college-technique-national-la-priorite-au-renouveau-du-football-national\\\/#primaryimage\"},\"thumbnailUrl\":\"https:\\\/\\\/lasentinelle.dz\\\/wp-content\\\/uploads\\\/2024\\\/01\\\/mansoul.jpeg\",\"articleSection\":[\"Sports\"],\"inLanguage\":\"fr-FR\",\"potentialAction\":[{\"@type\":\"CommentAction\",\"name\":\"Comment\",\"target\":[\"https:\\\/\\\/lasentinelle.dz\\\/index.php\\\/2024\\\/01\\\/31\\\/college-technique-national-la-priorite-au-renouveau-du-football-national\\\/#respond\"]}]},{\"@type\":\"WebPage\",\"@id\":\"https:\\\/\\\/lasentinelle.dz\\\/index.php\\\/2024\\\/01\\\/31\\\/college-technique-national-la-priorite-au-renouveau-du-football-national\\\/\",\"url\":\"https:\\\/\\\/lasentinelle.dz\\\/index.php\\\/2024\\\/01\\\/31\\\/college-technique-national-la-priorite-au-renouveau-du-football-national\\\/\",\"name\":\"Coll\u00e8ge technique national\u00a0: La priorit\u00e9 au\u00a0renouveau du football national - La Sentinelle\",\"isPartOf\":{\"@id\":\"https:\\\/\\\/lasentinelle.dz\\\/#website\"},\"primaryImageOfPage\":{\"@id\":\"https:\\\/\\\/lasentinelle.dz\\\/index.php\\\/2024\\\/01\\\/31\\\/college-technique-national-la-priorite-au-renouveau-du-football-national\\\/#primaryimage\"},\"image\":{\"@id\":\"https:\\\/\\\/lasentinelle.dz\\\/index.php\\\/2024\\\/01\\\/31\\\/college-technique-national-la-priorite-au-renouveau-du-football-national\\\/#primaryimage\"},\"thumbnailUrl\":\"https:\\\/\\\/lasentinelle.dz\\\/wp-content\\\/uploads\\\/2024\\\/01\\\/mansoul.jpeg\",\"datePublished\":\"2024-01-31T11:30:05+00:00\",\"dateModified\":\"2024-01-31T11:30:08+00:00\",\"breadcrumb\":{\"@id\":\"https:\\\/\\\/lasentinelle.dz\\\/index.php\\\/2024\\\/01\\\/31\\\/college-technique-national-la-priorite-au-renouveau-du-football-national\\\/#breadcrumb\"},\"inLanguage\":\"fr-FR\",\"potentialAction\":[{\"@type\":\"ReadAction\",\"target\":[\"https:\\\/\\\/lasentinelle.dz\\\/index.php\\\/2024\\\/01\\\/31\\\/college-technique-national-la-priorite-au-renouveau-du-football-national\\\/\"]}]},{\"@type\":\"ImageObject\",\"inLanguage\":\"fr-FR\",\"@id\":\"https:\\\/\\\/lasentinelle.dz\\\/index.php\\\/2024\\\/01\\\/31\\\/college-technique-national-la-priorite-au-renouveau-du-football-national\\\/#primaryimage\",\"url\":\"https:\\\/\\\/lasentinelle.dz\\\/wp-content\\\/uploads\\\/2024\\\/01\\\/mansoul.jpeg\",\"contentUrl\":\"https:\\\/\\\/lasentinelle.dz\\\/wp-content\\\/uploads\\\/2024\\\/01\\\/mansoul.jpeg\",\"width\":2000,\"height\":1333},{\"@type\":\"BreadcrumbList\",\"@id\":\"https:\\\/\\\/lasentinelle.dz\\\/index.php\\\/2024\\\/01\\\/31\\\/college-technique-national-la-priorite-au-renouveau-du-football-national\\\/#breadcrumb\",\"itemListElement\":[{\"@type\":\"ListItem\",\"position\":1,\"name\":\"Accueil\",\"item\":\"https:\\\/\\\/lasentinelle.dz\\\/\"},{\"@type\":\"ListItem\",\"position\":2,\"name\":\"Coll\u00e8ge technique national\u00a0: La priorit\u00e9 au\u00a0renouveau du football national\"}]},{\"@type\":\"WebSite\",\"@id\":\"https:\\\/\\\/lasentinelle.dz\\\/#website\",\"url\":\"https:\\\/\\\/lasentinelle.dz\\\/\",\"name\":\"La Sentinelle\",\"description\":\"Quotidien national d&#039;information\",\"publisher\":{\"@id\":\"https:\\\/\\\/lasentinelle.dz\\\/#organization\"},\"potentialAction\":[{\"@type\":\"SearchAction\",\"target\":{\"@type\":\"EntryPoint\",\"urlTemplate\":\"https:\\\/\\\/lasentinelle.dz\\\/?s={search_term_string}\"},\"query-input\":{\"@type\":\"PropertyValueSpecification\",\"valueRequired\":true,\"valueName\":\"search_term_string\"}}],\"inLanguage\":\"fr-FR\"},{\"@type\":\"Organization\",\"@id\":\"https:\\\/\\\/lasentinelle.dz\\\/#organization\",\"name\":\"Quotidien La Sentinelle\",\"url\":\"https:\\\/\\\/lasentinelle.dz\\\/\",\"logo\":{\"@type\":\"ImageObject\",\"inLanguage\":\"fr-FR\",\"@id\":\"https:\\\/\\\/lasentinelle.dz\\\/#\\\/schema\\\/logo\\\/image\\\/\",\"url\":\"https:\\\/\\\/lasentinelle.dz\\\/wp-content\\\/uploads\\\/2021\\\/09\\\/logo-sentinelleSLOGAN-1.png\",\"contentUrl\":\"https:\\\/\\\/lasentinelle.dz\\\/wp-content\\\/uploads\\\/2021\\\/09\\\/logo-sentinelleSLOGAN-1.png\",\"width\":615,\"height\":142,\"caption\":\"Quotidien La Sentinelle\"},\"image\":{\"@id\":\"https:\\\/\\\/lasentinelle.dz\\\/#\\\/schema\\\/logo\\\/image\\\/\"},\"sameAs\":[\"https:\\\/\\\/www.facebook.com\\\/La-Sentinelle-104059864394773\"]},{\"@type\":\"Person\",\"@id\":\"https:\\\/\\\/lasentinelle.dz\\\/#\\\/schema\\\/person\\\/d865044e22e70a75174ce8bcad3acfb3\",\"name\":\"La Sentinelle\",\"image\":{\"@type\":\"ImageObject\",\"inLanguage\":\"fr-FR\",\"@id\":\"https:\\\/\\\/secure.gravatar.com\\\/avatar\\\/57de8e5d4b15d43fb361a71fbb36338450fe67865b528a43dd10ef7c51a20392?s=96&d=mm&r=g\",\"url\":\"https:\\\/\\\/secure.gravatar.com\\\/avatar\\\/57de8e5d4b15d43fb361a71fbb36338450fe67865b528a43dd10ef7c51a20392?s=96&d=mm&r=g\",\"contentUrl\":\"https:\\\/\\\/secure.gravatar.com\\\/avatar\\\/57de8e5d4b15d43fb361a71fbb36338450fe67865b528a43dd10ef7c51a20392?s=96&d=mm&r=g\",\"caption\":\"La Sentinelle\"},\"sameAs\":[\"http:\\\/\\\/www.lasentinelle.dz\"],\"url\":\"https:\\\/\\\/lasentinelle.dz\\\/author\\\/redaction\\\/\"}]}<\/script>\n<!-- \/ Yoast SEO plugin. -->","yoast_head_json":{"title":"Coll\u00e8ge technique national\u00a0: La priorit\u00e9 au\u00a0renouveau du football national - La Sentinelle","robots":{"index":"index","follow":"follow","max-snippet":"max-snippet:-1","max-image-preview":"max-image-preview:large","max-video-preview":"max-video-preview:-1"},"canonical":"https:\/\/lasentinelle.dz\/index.php\/2024\/01\/31\/college-technique-national-la-priorite-au-renouveau-du-football-national\/","og_locale":"fr_FR","og_type":"article","og_title":"Coll\u00e8ge technique national\u00a0: La priorit\u00e9 au\u00a0renouveau du football national - La Sentinelle","og_description":"Le DTN&nbsp;qui pr\u00e9side \u00e9galement le Coll\u00e8ge Technique National,&nbsp;a indiqu\u00e9 que&nbsp;les experts auxquels compte faire appelle football alg\u00e9rien seront r\u00e9partis en","og_url":"https:\/\/lasentinelle.dz\/index.php\/2024\/01\/31\/college-technique-national-la-priorite-au-renouveau-du-football-national\/","og_site_name":"La Sentinelle","article_publisher":"https:\/\/www.facebook.com\/La-Sentinelle-104059864394773","article_published_time":"2024-01-31T11:30:05+00:00","article_modified_time":"2024-01-31T11:30:08+00:00","og_image":[{"width":2000,"height":1333,"url":"https:\/\/lasentinelle.dz\/wp-content\/uploads\/2024\/01\/mansoul.jpeg","type":"image\/jpeg"}],"author":"La Sentinelle","twitter_card":"summary_large_image","twitter_misc":{"\u00c9crit par":"La Sentinelle","Dur\u00e9e de lecture estim\u00e9e":"4 minutes"},"schema":{"@context":"https:\/\/schema.org","@graph":[{"@type":"Article","@id":"https:\/\/lasentinelle.dz\/index.php\/2024\/01\/31\/college-technique-national-la-priorite-au-renouveau-du-football-national\/#article","isPartOf":{"@id":"https:\/\/lasentinelle.dz\/index.php\/2024\/01\/31\/college-technique-national-la-priorite-au-renouveau-du-football-national\/"},"author":{"name":"La Sentinelle","@id":"https:\/\/lasentinelle.dz\/#\/schema\/person\/d865044e22e70a75174ce8bcad3acfb3"},"headline":"Coll\u00e8ge technique national\u00a0: La priorit\u00e9 au\u00a0renouveau du football national","datePublished":"2024-01-31T11:30:05+00:00","dateModified":"2024-01-31T11:30:08+00:00","mainEntityOfPage":{"@id":"https:\/\/lasentinelle.dz\/index.php\/2024\/01\/31\/college-technique-national-la-priorite-au-renouveau-du-football-national\/"},"wordCount":722,"commentCount":0,"publisher":{"@id":"https:\/\/lasentinelle.dz\/#organization"},"image":{"@id":"https:\/\/lasentinelle.dz\/index.php\/2024\/01\/31\/college-technique-national-la-priorite-au-renouveau-du-football-national\/#primaryimage"},"thumbnailUrl":"https:\/\/lasentinelle.dz\/wp-content\/uploads\/2024\/01\/mansoul.jpeg","articleSection":["Sports"],"inLanguage":"fr-FR","potentialAction":[{"@type":"CommentAction","name":"Comment","target":["https:\/\/lasentinelle.dz\/index.php\/2024\/01\/31\/college-technique-national-la-priorite-au-renouveau-du-football-national\/#respond"]}]},{"@type":"WebPage","@id":"https:\/\/lasentinelle.dz\/index.php\/2024\/01\/31\/college-technique-national-la-priorite-au-renouveau-du-football-national\/","url":"https:\/\/lasentinelle.dz\/index.php\/2024\/01\/31\/college-technique-national-la-priorite-au-renouveau-du-football-national\/","name":"Coll\u00e8ge technique national\u00a0: La priorit\u00e9 au\u00a0renouveau du football national - La Sentinelle","isPartOf":{"@id":"https:\/\/lasentinelle.dz\/#website"},"primaryImageOfPage":{"@id":"https:\/\/lasentinelle.dz\/index.php\/2024\/01\/31\/college-technique-national-la-priorite-au-renouveau-du-football-national\/#primaryimage"},"image":{"@id":"https:\/\/lasentinelle.dz\/index.php\/2024\/01\/31\/college-technique-national-la-priorite-au-renouveau-du-football-national\/#primaryimage"},"thumbnailUrl":"https:\/\/lasentinelle.dz\/wp-content\/uploads\/2024\/01\/mansoul.jpeg","datePublished":"2024-01-31T11:30:05+00:00","dateModified":"2024-01-31T11:30:08+00:00","breadcrumb":{"@id":"https:\/\/lasentinelle.dz\/index.php\/2024\/01\/31\/college-technique-national-la-priorite-au-renouveau-du-football-national\/#breadcrumb"},"inLanguage":"fr-FR","potentialAction":[{"@type":"ReadAction","target":["https:\/\/lasentinelle.dz\/index.php\/2024\/01\/31\/college-technique-national-la-priorite-au-renouveau-du-football-national\/"]}]},{"@type":"ImageObject","inLanguage":"fr-FR","@id":"https:\/\/lasentinelle.dz\/index.php\/2024\/01\/31\/college-technique-national-la-priorite-au-renouveau-du-football-national\/#primaryimage","url":"https:\/\/lasentinelle.dz\/wp-content\/uploads\/2024\/01\/mansoul.jpeg","contentUrl":"https:\/\/lasentinelle.dz\/wp-content\/uploads\/2024\/01\/mansoul.jpeg","width":2000,"height":1333},{"@type":"BreadcrumbList","@id":"https:\/\/lasentinelle.dz\/index.php\/2024\/01\/31\/college-technique-national-la-priorite-au-renouveau-du-football-national\/#breadcrumb","itemListElement":[{"@type":"ListItem","position":1,"name":"Accueil","item":"https:\/\/lasentinelle.dz\/"},{"@type":"ListItem","position":2,"name":"Coll\u00e8ge technique national\u00a0: La priorit\u00e9 au\u00a0renouveau du football national"}]},{"@type":"WebSite","@id":"https:\/\/lasentinelle.dz\/#website","url":"https:\/\/lasentinelle.dz\/","name":"La Sentinelle","description":"Quotidien national d&#039;information","publisher":{"@id":"https:\/\/lasentinelle.dz\/#organization"},"potentialAction":[{"@type":"SearchAction","target":{"@type":"EntryPoint","urlTemplate":"https:\/\/lasentinelle.dz\/?s={search_term_string}"},"query-input":{"@type":"PropertyValueSpecification","valueRequired":true,"valueName":"search_term_string"}}],"inLanguage":"fr-FR"},{"@type":"Organization","@id":"https:\/\/lasentinelle.dz\/#organization","name":"Quotidien La Sentinelle","url":"https:\/\/lasentinelle.dz\/","logo":{"@type":"ImageObject","inLanguage":"fr-FR","@id":"https:\/\/lasentinelle.dz\/#\/schema\/logo\/image\/","url":"https:\/\/lasentinelle.dz\/wp-content\/uploads\/2021\/09\/logo-sentinelleSLOGAN-1.png","contentUrl":"https:\/\/lasentinelle.dz\/wp-content\/uploads\/2021\/09\/logo-sentinelleSLOGAN-1.png","width":615,"height":142,"caption":"Quotidien La Sentinelle"},"image":{"@id":"https:\/\/lasentinelle.dz\/#\/schema\/logo\/image\/"},"sameAs":["https:\/\/www.facebook.com\/La-Sentinelle-104059864394773"]},{"@type":"Person","@id":"https:\/\/lasentinelle.dz\/#\/schema\/person\/d865044e22e70a75174ce8bcad3acfb3","name":"La Sentinelle","image":{"@type":"ImageObject","inLanguage":"fr-FR","@id":"https:\/\/secure.gravatar.com\/avatar\/57de8e5d4b15d43fb361a71fbb36338450fe67865b528a43dd10ef7c51a20392?s=96&d=mm&r=g","url":"https:\/\/secure.gravatar.com\/avatar\/57de8e5d4b15d43fb361a71fbb36338450fe67865b528a43dd10ef7c51a20392?s=96&d=mm&r=g","contentUrl":"https:\/\/secure.gravatar.com\/avatar\/57de8e5d4b15d43fb361a71fbb36338450fe67865b528a43dd10ef7c51a20392?s=96&d=mm&r=g","caption":"La Sentinelle"},"sameAs":["http:\/\/www.lasentinelle.dz"],"url":"https:\/\/lasentinelle.dz\/author\/redaction\/"}]}},"_links":{"self":[{"href":"https:\/\/lasentinelle.dz\/index.php\/wp-json\/wp\/v2\/posts\/49077","targetHints":{"allow":["GET"]}}],"collection":[{"href":"https:\/\/lasentinelle.dz\/index.php\/wp-json\/wp\/v2\/posts"}],"about":[{"href":"https:\/\/lasentinelle.dz\/index.php\/wp-json\/wp\/v2\/types\/post"}],"author":[{"embeddable":true,"href":"https:\/\/lasentinelle.dz\/index.php\/wp-json\/wp\/v2\/users\/3"}],"replies":[{"embeddable":true,"href":"https:\/\/lasentinelle.dz\/index.php\/wp-json\/wp\/v2\/comments?post=49077"}],"version-history":[{"count":1,"href":"https:\/\/lasentinelle.dz\/index.php\/wp-json\/wp\/v2\/posts\/49077\/revisions"}],"predecessor-version":[{"id":49079,"href":"https:\/\/lasentinelle.dz\/index.php\/wp-json\/wp\/v2\/posts\/49077\/revisions\/49079"}],"wp:featuredmedia":[{"embeddable":true,"href":"https:\/\/lasentinelle.dz\/index.php\/wp-json\/wp\/v2\/media\/49078"}],"wp:attachment":[{"href":"https:\/\/lasentinelle.dz\/index.php\/wp-json\/wp\/v2\/media?parent=49077"}],"wp:term":[{"taxonomy":"category","embeddable":true,"href":"https:\/\/lasentinelle.dz\/index.php\/wp-json\/wp\/v2\/categories?post=49077"},{"taxonomy":"post_tag","embeddable":true,"href":"https:\/\/lasentinelle.dz\/index.php\/wp-json\/wp\/v2\/tags?post=49077"}],"curies":[{"name":"wp","href":"https:\/\/api.w.org\/{rel}","templated":true}]}}