{"id":49105,"date":"2024-01-31T13:35:21","date_gmt":"2024-01-31T12:35:21","guid":{"rendered":"https:\/\/lasentinelle.dz\/?p=49105"},"modified":"2024-01-31T13:35:24","modified_gmt":"2024-01-31T12:35:24","slug":"une-production-dagrumes-record-le-ministre-de-lagriculture-appelle-a-se-tourner-vers-lexportation","status":"publish","type":"post","link":"https:\/\/lasentinelle.dz\/index.php\/2024\/01\/31\/une-production-dagrumes-record-le-ministre-de-lagriculture-appelle-a-se-tourner-vers-lexportation\/","title":{"rendered":"Une production d\u2019agrumes record\u00a0: Le ministre de l\u2019Agriculture appelle \u00e0 se tourner vers l\u2019exportation"},"content":{"rendered":"\n<p>La production d\u2019agrumes a atteint un record cette ann\u00e9e. Une abondance qui favoriser, selon le ministre de l\u2019Agriculture et du D\u00e9veloppement rural de se tourner vers les march\u00e9s \u00e0 l\u2019export, afin d\u2019\u00e9couler les surplus de production et valoriser le produit national. Au cours de l\u2019ouverture du&nbsp;Salon r\u00e9gional des agrumes -r\u00e9gion Centre- organis\u00e9 par la Chambre nationale d&rsquo;agriculture (CNA),&nbsp;Youcef&nbsp;Cherfa s&rsquo;est f\u00e9licit\u00e9 des op\u00e9rations intensives dans les exploitations agricoles d\u00e9di\u00e9es aux agrumes, ayant justement permis de r\u00e9aliser une production de plus de 15 millions de quintaux sur une surface de 80.000 hectares durant les saisons 2022 et 2023, soulignant que ce Salon a permis d&rsquo;\u00e9laborer une feuille de route avec les capacit\u00e9s de l&rsquo;Alg\u00e9rie en mati\u00e8re de production d&rsquo;agrumes.&nbsp;Le d\u00e9veloppement qu&rsquo;a connu la fili\u00e8re agrumes, a ajout\u00e9 M. Cherfa, de par la production et la qualit\u00e9 requiert l&rsquo;accompagnement des producteurs dans le domaine de la transformation industrielle et l&rsquo;\u00e9laboration d&rsquo;une feuille de route d\u00e9di\u00e9e \u00e0 l&rsquo;exportation.&nbsp;Il a, \u00e9galement, soulign\u00e9 que cette fili\u00e8re pr\u00e9voit une importante saison de production, notamment apr\u00e8s la mise en exploitation des arbustes plant\u00e9s durant la saison 2018-2019, appelant les investisseurs \u00e0 se lancer dans le domaine de la transformation qui apportera une plus-value au produit national.&nbsp;Pour les op\u00e9rateurs souhaitant investir dans ce domaine, le ministre a rappel\u00e9 la promulgation r\u00e9cente de la nouvelle loi dont les textes r\u00e8glementaires ont \u00e9t\u00e9 publi\u00e9s, invitant ces derniers \u00e0 prendre attache avec l&rsquo;Agence alg\u00e9rienne de promotion de l&rsquo;investissement (AAPI).Il a appel\u00e9, en outre, les agriculteurs \u00e0 cr\u00e9er des coop\u00e9ratives d&rsquo;exportation et \u00e0 faciliter les t\u00e2ches des exportateurs pour acc\u00e9der au march\u00e9 international.<\/p>\n\n\n\n<p>Le ministre a&nbsp;\u00e9galement&nbsp;soulign\u00e9 l&rsquo;importance de pr\u00e9server les vari\u00e9t\u00e9s nationales d&rsquo;agrumes et de d\u00e9velopper leur culture. Au stand de la Banque d&rsquo;agriculture et de d\u00e9veloppement rural (BADR), il a ordonn\u00e9 l&rsquo;indemnisation de tous les agriculteurs touch\u00e9s par la s\u00e9cheresse dont les dossiers ont \u00e9t\u00e9 trait\u00e9s, et \u00e0 mettre en place un programme de pr\u00eats dans la fili\u00e8re des l\u00e9gumineuses et des c\u00e9r\u00e9ales de saison.<\/p>\n\n\n\n<p>Au stand de \u00ab\u00a0Asmidal\u00a0\u00bb, le ministre a insist\u00e9 sur la n\u00e9cessit\u00e9 de fournir&nbsp;&nbsp;les quantit\u00e9s n\u00e9cessaires d&rsquo;engrais d\u00e8s le d\u00e9but de la saison et de continuer \u00e0 travailler de la m\u00eame mani\u00e8re que la pr\u00e9c\u00e9dente campagne labours-semailles.<\/p>\n\n\n\n<p>De son c\u00f4t\u00e9, le ministre du Commerce et de la Promotion des exportations a soulign\u00e9 l&rsquo;importance d&rsquo;investir en tant qu&rsquo;activit\u00e9 \u00e9conomique libre initi\u00e9e par l&rsquo;investisseur pour d\u00e9velopper et valoriser ce secteur.\u00a0\u00bbAujourd&rsquo;hui, nous sommes contraints de nous tourner vers l&rsquo;industrie de transformation qui donne une valeur ajout\u00e9e au produit national et facilite sa diffusion sur les march\u00e9s internationaux, apr\u00e8s avoir acc\u00e9d\u00e9 aux march\u00e9s europ\u00e9en et asiatique, en particulier en ce qui concerne les produits organiques\u00a0\u00bb, a-t-il d\u00e9clar\u00e9.<\/p>\n\n\n\n<p><strong>Des espaces de commercialisation pour lutter contre l\u2019informel<\/strong><\/p>\n\n\n\n<p>Selon M. Zitouni, ce d\u00e9veloppement en termes de production et de superficie exploit\u00e9e incite \u00e0 parler des espaces de commercialisation afinde prot\u00e9ger les agriculteurs contre les pratiques des interm\u00e9diaires, en lan\u00e7ant \u00e0 travers l&rsquo;entreprise de gestion des march\u00e9s de gros de produits agricoles \u00ab\u00a0MAGRO\u00a0\u00bb l&rsquo;octroi d&rsquo;espaces aux agriculteurs leur permettant de pr\u00e9senter leurs produits \u00e0 des prix raisonnables.<\/p>\n\n\n\n<p>Lundi,&nbsp;le pr\u00e9sident du Conseil interprofessionnel de la fili\u00e8re agrumes&nbsp;a indiqu\u00e9 que la&nbsp;production d&rsquo;agrumes a&nbsp;atteint&nbsp;durant la saison agricole en cours 2023-2024, plus de 18 millions de quintaux,&nbsp;contre 16 millions de quintaux lors de la saison agricole pr\u00e9c\u00e9dente.&nbsp;Les superficies consacr\u00e9es \u00e0 la production d&rsquo;agrumes connaissent une expansion de 5.000 hectares par an ces derni\u00e8res ann\u00e9es.<\/p>\n\n\n\n<p>Les agriculteurs \u0153uvrent \u00e0 augmenter la production \u00e0 travers l&rsquo;adoption del&rsquo;agriculture intensive (700 arbustes par hectare), mais cela n\u00e9cessite de les accompagner par la signature de contrats avec des unit\u00e9s de transformation (production de jus, confitures et mati\u00e8res premi\u00e8res y relatives), avec l&rsquo;\u00e9largissement du r\u00e9seau de commercialisation et l&rsquo;ouverture de nouvelles voies d&rsquo;exportation, notamment vers les pays africains, a-t-il ajout\u00e9.<\/p>\n\n\n\n<p>D&rsquo;apr\u00e8s les chiffres avanc\u00e9s, l&rsquo;orange s&rsquo;est taill\u00e9e une surface de 54.227 hectares (67,77%), suivie par la cl\u00e9mentine avec 17.263 hectares (21,57%), le citron 5.833 hectares (7,28%) et la mandarine 2.577 hectares (3,22%).La wilaya de Blida vient en t\u00eate du classement en mati\u00e8re de production avec 4 millions qx, suivie par Chlef (1,7 millions qx), et Mostaganem \u00e0 la troisi\u00e8me place avec 1,5 millions qx<\/p>\n\n\n\n<p><strong>Chokri Hafed<\/strong><\/p>\n","protected":false},"excerpt":{"rendered":"<p>La production d\u2019agrumes a atteint un record cette ann\u00e9e. Une abondance qui favoriser, selon le ministre de l\u2019Agriculture et du<\/p>\n","protected":false},"author":3,"featured_media":49106,"comment_status":"open","ping_status":"closed","sticky":false,"template":"","format":"standard","meta":{"colormag_page_container_layout":"default_layout","colormag_page_sidebar_layout":"default_layout","om_disable_all_campaigns":false,"_monsterinsights_skip_tracking":false,"_monsterinsights_sitenote_active":false,"_monsterinsights_sitenote_note":"","_monsterinsights_sitenote_category":0,"footnotes":"","_wpscppro_dont_share_socialmedia":false,"_wpscppro_custom_social_share_image":0,"_facebook_share_type":"","_twitter_share_type":"","_linkedin_share_type":"","_pinterest_share_type":"","_linkedin_share_type_page":"","_instagram_share_type":"","_medium_share_type":"","_threads_share_type":"","_google_business_share_type":"","_selected_social_profile":[],"_wpsp_enable_custom_social_template":false,"_wpsp_social_scheduling":{"enabled":false,"datetime":null,"platforms":[],"status":"template_only","dateOption":"today","timeOption":"now","customDays":"","customHours":"","customDate":"","customTime":"","schedulingType":"absolute"},"_wpsp_active_default_template":true},"categories":[29],"tags":[],"class_list":["post-49105","post","type-post","status-publish","format-standard","has-post-thumbnail","hentry","category-economie"],"aioseo_notices":[],"yoast_head":"<!-- This site is optimized with the Yoast SEO plugin v27.5 - https:\/\/yoast.com\/product\/yoast-seo-wordpress\/ -->\n<title>Une production d\u2019agrumes record\u00a0: Le ministre de l\u2019Agriculture appelle \u00e0 se tourner vers l\u2019exportation - La Sentinelle<\/title>\n<meta name=\"robots\" content=\"index, follow, max-snippet:-1, max-image-preview:large, max-video-preview:-1\" \/>\n<link rel=\"canonical\" href=\"https:\/\/lasentinelle.dz\/index.php\/2024\/01\/31\/une-production-dagrumes-record-le-ministre-de-lagriculture-appelle-a-se-tourner-vers-lexportation\/\" \/>\n<meta property=\"og:locale\" content=\"fr_FR\" \/>\n<meta property=\"og:type\" content=\"article\" \/>\n<meta property=\"og:title\" content=\"Une production d\u2019agrumes record\u00a0: Le ministre de l\u2019Agriculture appelle \u00e0 se tourner vers l\u2019exportation - La Sentinelle\" \/>\n<meta property=\"og:description\" content=\"La production d\u2019agrumes a atteint un record cette ann\u00e9e. Une abondance qui favoriser, selon le ministre de l\u2019Agriculture et du\" \/>\n<meta property=\"og:url\" content=\"https:\/\/lasentinelle.dz\/index.php\/2024\/01\/31\/une-production-dagrumes-record-le-ministre-de-lagriculture-appelle-a-se-tourner-vers-lexportation\/\" \/>\n<meta property=\"og:site_name\" content=\"La Sentinelle\" \/>\n<meta property=\"article:publisher\" content=\"https:\/\/www.facebook.com\/La-Sentinelle-104059864394773\" \/>\n<meta property=\"article:published_time\" content=\"2024-01-31T12:35:21+00:00\" \/>\n<meta property=\"article:modified_time\" content=\"2024-01-31T12:35:24+00:00\" \/>\n<meta property=\"og:image\" content=\"https:\/\/lasentinelle.dz\/wp-content\/uploads\/2024\/01\/agrumes.jpeg\" \/>\n\t<meta property=\"og:image:width\" content=\"580\" \/>\n\t<meta property=\"og:image:height\" content=\"350\" \/>\n\t<meta property=\"og:image:type\" content=\"image\/jpeg\" \/>\n<meta name=\"author\" content=\"La Sentinelle\" \/>\n<meta name=\"twitter:card\" content=\"summary_large_image\" \/>\n<meta name=\"twitter:label1\" content=\"\u00c9crit par\" \/>\n\t<meta name=\"twitter:data1\" content=\"La Sentinelle\" \/>\n\t<meta name=\"twitter:label2\" content=\"Dur\u00e9e de lecture estim\u00e9e\" \/>\n\t<meta name=\"twitter:data2\" content=\"4 minutes\" \/>\n<script type=\"application\/ld+json\" class=\"yoast-schema-graph\">{\"@context\":\"https:\\\/\\\/schema.org\",\"@graph\":[{\"@type\":\"Article\",\"@id\":\"https:\\\/\\\/lasentinelle.dz\\\/index.php\\\/2024\\\/01\\\/31\\\/une-production-dagrumes-record-le-ministre-de-lagriculture-appelle-a-se-tourner-vers-lexportation\\\/#article\",\"isPartOf\":{\"@id\":\"https:\\\/\\\/lasentinelle.dz\\\/index.php\\\/2024\\\/01\\\/31\\\/une-production-dagrumes-record-le-ministre-de-lagriculture-appelle-a-se-tourner-vers-lexportation\\\/\"},\"author\":{\"name\":\"La Sentinelle\",\"@id\":\"https:\\\/\\\/lasentinelle.dz\\\/#\\\/schema\\\/person\\\/d865044e22e70a75174ce8bcad3acfb3\"},\"headline\":\"Une production d\u2019agrumes record\u00a0: Le ministre de l\u2019Agriculture appelle \u00e0 se tourner vers l\u2019exportation\",\"datePublished\":\"2024-01-31T12:35:21+00:00\",\"dateModified\":\"2024-01-31T12:35:24+00:00\",\"mainEntityOfPage\":{\"@id\":\"https:\\\/\\\/lasentinelle.dz\\\/index.php\\\/2024\\\/01\\\/31\\\/une-production-dagrumes-record-le-ministre-de-lagriculture-appelle-a-se-tourner-vers-lexportation\\\/\"},\"wordCount\":829,\"commentCount\":0,\"publisher\":{\"@id\":\"https:\\\/\\\/lasentinelle.dz\\\/#organization\"},\"image\":{\"@id\":\"https:\\\/\\\/lasentinelle.dz\\\/index.php\\\/2024\\\/01\\\/31\\\/une-production-dagrumes-record-le-ministre-de-lagriculture-appelle-a-se-tourner-vers-lexportation\\\/#primaryimage\"},\"thumbnailUrl\":\"https:\\\/\\\/lasentinelle.dz\\\/wp-content\\\/uploads\\\/2024\\\/01\\\/agrumes.jpeg\",\"articleSection\":[\"\u00c9conomie\"],\"inLanguage\":\"fr-FR\",\"potentialAction\":[{\"@type\":\"CommentAction\",\"name\":\"Comment\",\"target\":[\"https:\\\/\\\/lasentinelle.dz\\\/index.php\\\/2024\\\/01\\\/31\\\/une-production-dagrumes-record-le-ministre-de-lagriculture-appelle-a-se-tourner-vers-lexportation\\\/#respond\"]}]},{\"@type\":\"WebPage\",\"@id\":\"https:\\\/\\\/lasentinelle.dz\\\/index.php\\\/2024\\\/01\\\/31\\\/une-production-dagrumes-record-le-ministre-de-lagriculture-appelle-a-se-tourner-vers-lexportation\\\/\",\"url\":\"https:\\\/\\\/lasentinelle.dz\\\/index.php\\\/2024\\\/01\\\/31\\\/une-production-dagrumes-record-le-ministre-de-lagriculture-appelle-a-se-tourner-vers-lexportation\\\/\",\"name\":\"Une production d\u2019agrumes record\u00a0: Le ministre de l\u2019Agriculture appelle \u00e0 se tourner vers l\u2019exportation - La Sentinelle\",\"isPartOf\":{\"@id\":\"https:\\\/\\\/lasentinelle.dz\\\/#website\"},\"primaryImageOfPage\":{\"@id\":\"https:\\\/\\\/lasentinelle.dz\\\/index.php\\\/2024\\\/01\\\/31\\\/une-production-dagrumes-record-le-ministre-de-lagriculture-appelle-a-se-tourner-vers-lexportation\\\/#primaryimage\"},\"image\":{\"@id\":\"https:\\\/\\\/lasentinelle.dz\\\/index.php\\\/2024\\\/01\\\/31\\\/une-production-dagrumes-record-le-ministre-de-lagriculture-appelle-a-se-tourner-vers-lexportation\\\/#primaryimage\"},\"thumbnailUrl\":\"https:\\\/\\\/lasentinelle.dz\\\/wp-content\\\/uploads\\\/2024\\\/01\\\/agrumes.jpeg\",\"datePublished\":\"2024-01-31T12:35:21+00:00\",\"dateModified\":\"2024-01-31T12:35:24+00:00\",\"breadcrumb\":{\"@id\":\"https:\\\/\\\/lasentinelle.dz\\\/index.php\\\/2024\\\/01\\\/31\\\/une-production-dagrumes-record-le-ministre-de-lagriculture-appelle-a-se-tourner-vers-lexportation\\\/#breadcrumb\"},\"inLanguage\":\"fr-FR\",\"potentialAction\":[{\"@type\":\"ReadAction\",\"target\":[\"https:\\\/\\\/lasentinelle.dz\\\/index.php\\\/2024\\\/01\\\/31\\\/une-production-dagrumes-record-le-ministre-de-lagriculture-appelle-a-se-tourner-vers-lexportation\\\/\"]}]},{\"@type\":\"ImageObject\",\"inLanguage\":\"fr-FR\",\"@id\":\"https:\\\/\\\/lasentinelle.dz\\\/index.php\\\/2024\\\/01\\\/31\\\/une-production-dagrumes-record-le-ministre-de-lagriculture-appelle-a-se-tourner-vers-lexportation\\\/#primaryimage\",\"url\":\"https:\\\/\\\/lasentinelle.dz\\\/wp-content\\\/uploads\\\/2024\\\/01\\\/agrumes.jpeg\",\"contentUrl\":\"https:\\\/\\\/lasentinelle.dz\\\/wp-content\\\/uploads\\\/2024\\\/01\\\/agrumes.jpeg\",\"width\":580,\"height\":350},{\"@type\":\"BreadcrumbList\",\"@id\":\"https:\\\/\\\/lasentinelle.dz\\\/index.php\\\/2024\\\/01\\\/31\\\/une-production-dagrumes-record-le-ministre-de-lagriculture-appelle-a-se-tourner-vers-lexportation\\\/#breadcrumb\",\"itemListElement\":[{\"@type\":\"ListItem\",\"position\":1,\"name\":\"Accueil\",\"item\":\"https:\\\/\\\/lasentinelle.dz\\\/\"},{\"@type\":\"ListItem\",\"position\":2,\"name\":\"Une production d\u2019agrumes record\u00a0: Le ministre de l\u2019Agriculture appelle \u00e0 se tourner vers l\u2019exportation\"}]},{\"@type\":\"WebSite\",\"@id\":\"https:\\\/\\\/lasentinelle.dz\\\/#website\",\"url\":\"https:\\\/\\\/lasentinelle.dz\\\/\",\"name\":\"La Sentinelle\",\"description\":\"Quotidien national d&#039;information\",\"publisher\":{\"@id\":\"https:\\\/\\\/lasentinelle.dz\\\/#organization\"},\"potentialAction\":[{\"@type\":\"SearchAction\",\"target\":{\"@type\":\"EntryPoint\",\"urlTemplate\":\"https:\\\/\\\/lasentinelle.dz\\\/?s={search_term_string}\"},\"query-input\":{\"@type\":\"PropertyValueSpecification\",\"valueRequired\":true,\"valueName\":\"search_term_string\"}}],\"inLanguage\":\"fr-FR\"},{\"@type\":\"Organization\",\"@id\":\"https:\\\/\\\/lasentinelle.dz\\\/#organization\",\"name\":\"Quotidien La Sentinelle\",\"url\":\"https:\\\/\\\/lasentinelle.dz\\\/\",\"logo\":{\"@type\":\"ImageObject\",\"inLanguage\":\"fr-FR\",\"@id\":\"https:\\\/\\\/lasentinelle.dz\\\/#\\\/schema\\\/logo\\\/image\\\/\",\"url\":\"https:\\\/\\\/lasentinelle.dz\\\/wp-content\\\/uploads\\\/2021\\\/09\\\/logo-sentinelleSLOGAN-1.png\",\"contentUrl\":\"https:\\\/\\\/lasentinelle.dz\\\/wp-content\\\/uploads\\\/2021\\\/09\\\/logo-sentinelleSLOGAN-1.png\",\"width\":615,\"height\":142,\"caption\":\"Quotidien La Sentinelle\"},\"image\":{\"@id\":\"https:\\\/\\\/lasentinelle.dz\\\/#\\\/schema\\\/logo\\\/image\\\/\"},\"sameAs\":[\"https:\\\/\\\/www.facebook.com\\\/La-Sentinelle-104059864394773\"]},{\"@type\":\"Person\",\"@id\":\"https:\\\/\\\/lasentinelle.dz\\\/#\\\/schema\\\/person\\\/d865044e22e70a75174ce8bcad3acfb3\",\"name\":\"La Sentinelle\",\"image\":{\"@type\":\"ImageObject\",\"inLanguage\":\"fr-FR\",\"@id\":\"https:\\\/\\\/secure.gravatar.com\\\/avatar\\\/57de8e5d4b15d43fb361a71fbb36338450fe67865b528a43dd10ef7c51a20392?s=96&d=mm&r=g\",\"url\":\"https:\\\/\\\/secure.gravatar.com\\\/avatar\\\/57de8e5d4b15d43fb361a71fbb36338450fe67865b528a43dd10ef7c51a20392?s=96&d=mm&r=g\",\"contentUrl\":\"https:\\\/\\\/secure.gravatar.com\\\/avatar\\\/57de8e5d4b15d43fb361a71fbb36338450fe67865b528a43dd10ef7c51a20392?s=96&d=mm&r=g\",\"caption\":\"La Sentinelle\"},\"sameAs\":[\"http:\\\/\\\/www.lasentinelle.dz\"],\"url\":\"https:\\\/\\\/lasentinelle.dz\\\/author\\\/redaction\\\/\"}]}<\/script>\n<!-- \/ Yoast SEO plugin. -->","yoast_head_json":{"title":"Une production d\u2019agrumes record\u00a0: Le ministre de l\u2019Agriculture appelle \u00e0 se tourner vers l\u2019exportation - La Sentinelle","robots":{"index":"index","follow":"follow","max-snippet":"max-snippet:-1","max-image-preview":"max-image-preview:large","max-video-preview":"max-video-preview:-1"},"canonical":"https:\/\/lasentinelle.dz\/index.php\/2024\/01\/31\/une-production-dagrumes-record-le-ministre-de-lagriculture-appelle-a-se-tourner-vers-lexportation\/","og_locale":"fr_FR","og_type":"article","og_title":"Une production d\u2019agrumes record\u00a0: Le ministre de l\u2019Agriculture appelle \u00e0 se tourner vers l\u2019exportation - La Sentinelle","og_description":"La production d\u2019agrumes a atteint un record cette ann\u00e9e. Une abondance qui favoriser, selon le ministre de l\u2019Agriculture et du","og_url":"https:\/\/lasentinelle.dz\/index.php\/2024\/01\/31\/une-production-dagrumes-record-le-ministre-de-lagriculture-appelle-a-se-tourner-vers-lexportation\/","og_site_name":"La Sentinelle","article_publisher":"https:\/\/www.facebook.com\/La-Sentinelle-104059864394773","article_published_time":"2024-01-31T12:35:21+00:00","article_modified_time":"2024-01-31T12:35:24+00:00","og_image":[{"width":580,"height":350,"url":"https:\/\/lasentinelle.dz\/wp-content\/uploads\/2024\/01\/agrumes.jpeg","type":"image\/jpeg"}],"author":"La Sentinelle","twitter_card":"summary_large_image","twitter_misc":{"\u00c9crit par":"La Sentinelle","Dur\u00e9e de lecture estim\u00e9e":"4 minutes"},"schema":{"@context":"https:\/\/schema.org","@graph":[{"@type":"Article","@id":"https:\/\/lasentinelle.dz\/index.php\/2024\/01\/31\/une-production-dagrumes-record-le-ministre-de-lagriculture-appelle-a-se-tourner-vers-lexportation\/#article","isPartOf":{"@id":"https:\/\/lasentinelle.dz\/index.php\/2024\/01\/31\/une-production-dagrumes-record-le-ministre-de-lagriculture-appelle-a-se-tourner-vers-lexportation\/"},"author":{"name":"La Sentinelle","@id":"https:\/\/lasentinelle.dz\/#\/schema\/person\/d865044e22e70a75174ce8bcad3acfb3"},"headline":"Une production d\u2019agrumes record\u00a0: Le ministre de l\u2019Agriculture appelle \u00e0 se tourner vers l\u2019exportation","datePublished":"2024-01-31T12:35:21+00:00","dateModified":"2024-01-31T12:35:24+00:00","mainEntityOfPage":{"@id":"https:\/\/lasentinelle.dz\/index.php\/2024\/01\/31\/une-production-dagrumes-record-le-ministre-de-lagriculture-appelle-a-se-tourner-vers-lexportation\/"},"wordCount":829,"commentCount":0,"publisher":{"@id":"https:\/\/lasentinelle.dz\/#organization"},"image":{"@id":"https:\/\/lasentinelle.dz\/index.php\/2024\/01\/31\/une-production-dagrumes-record-le-ministre-de-lagriculture-appelle-a-se-tourner-vers-lexportation\/#primaryimage"},"thumbnailUrl":"https:\/\/lasentinelle.dz\/wp-content\/uploads\/2024\/01\/agrumes.jpeg","articleSection":["\u00c9conomie"],"inLanguage":"fr-FR","potentialAction":[{"@type":"CommentAction","name":"Comment","target":["https:\/\/lasentinelle.dz\/index.php\/2024\/01\/31\/une-production-dagrumes-record-le-ministre-de-lagriculture-appelle-a-se-tourner-vers-lexportation\/#respond"]}]},{"@type":"WebPage","@id":"https:\/\/lasentinelle.dz\/index.php\/2024\/01\/31\/une-production-dagrumes-record-le-ministre-de-lagriculture-appelle-a-se-tourner-vers-lexportation\/","url":"https:\/\/lasentinelle.dz\/index.php\/2024\/01\/31\/une-production-dagrumes-record-le-ministre-de-lagriculture-appelle-a-se-tourner-vers-lexportation\/","name":"Une production d\u2019agrumes record\u00a0: Le ministre de l\u2019Agriculture appelle \u00e0 se tourner vers l\u2019exportation - La Sentinelle","isPartOf":{"@id":"https:\/\/lasentinelle.dz\/#website"},"primaryImageOfPage":{"@id":"https:\/\/lasentinelle.dz\/index.php\/2024\/01\/31\/une-production-dagrumes-record-le-ministre-de-lagriculture-appelle-a-se-tourner-vers-lexportation\/#primaryimage"},"image":{"@id":"https:\/\/lasentinelle.dz\/index.php\/2024\/01\/31\/une-production-dagrumes-record-le-ministre-de-lagriculture-appelle-a-se-tourner-vers-lexportation\/#primaryimage"},"thumbnailUrl":"https:\/\/lasentinelle.dz\/wp-content\/uploads\/2024\/01\/agrumes.jpeg","datePublished":"2024-01-31T12:35:21+00:00","dateModified":"2024-01-31T12:35:24+00:00","breadcrumb":{"@id":"https:\/\/lasentinelle.dz\/index.php\/2024\/01\/31\/une-production-dagrumes-record-le-ministre-de-lagriculture-appelle-a-se-tourner-vers-lexportation\/#breadcrumb"},"inLanguage":"fr-FR","potentialAction":[{"@type":"ReadAction","target":["https:\/\/lasentinelle.dz\/index.php\/2024\/01\/31\/une-production-dagrumes-record-le-ministre-de-lagriculture-appelle-a-se-tourner-vers-lexportation\/"]}]},{"@type":"ImageObject","inLanguage":"fr-FR","@id":"https:\/\/lasentinelle.dz\/index.php\/2024\/01\/31\/une-production-dagrumes-record-le-ministre-de-lagriculture-appelle-a-se-tourner-vers-lexportation\/#primaryimage","url":"https:\/\/lasentinelle.dz\/wp-content\/uploads\/2024\/01\/agrumes.jpeg","contentUrl":"https:\/\/lasentinelle.dz\/wp-content\/uploads\/2024\/01\/agrumes.jpeg","width":580,"height":350},{"@type":"BreadcrumbList","@id":"https:\/\/lasentinelle.dz\/index.php\/2024\/01\/31\/une-production-dagrumes-record-le-ministre-de-lagriculture-appelle-a-se-tourner-vers-lexportation\/#breadcrumb","itemListElement":[{"@type":"ListItem","position":1,"name":"Accueil","item":"https:\/\/lasentinelle.dz\/"},{"@type":"ListItem","position":2,"name":"Une production d\u2019agrumes record\u00a0: Le ministre de l\u2019Agriculture appelle \u00e0 se tourner vers l\u2019exportation"}]},{"@type":"WebSite","@id":"https:\/\/lasentinelle.dz\/#website","url":"https:\/\/lasentinelle.dz\/","name":"La Sentinelle","description":"Quotidien national d&#039;information","publisher":{"@id":"https:\/\/lasentinelle.dz\/#organization"},"potentialAction":[{"@type":"SearchAction","target":{"@type":"EntryPoint","urlTemplate":"https:\/\/lasentinelle.dz\/?s={search_term_string}"},"query-input":{"@type":"PropertyValueSpecification","valueRequired":true,"valueName":"search_term_string"}}],"inLanguage":"fr-FR"},{"@type":"Organization","@id":"https:\/\/lasentinelle.dz\/#organization","name":"Quotidien La Sentinelle","url":"https:\/\/lasentinelle.dz\/","logo":{"@type":"ImageObject","inLanguage":"fr-FR","@id":"https:\/\/lasentinelle.dz\/#\/schema\/logo\/image\/","url":"https:\/\/lasentinelle.dz\/wp-content\/uploads\/2021\/09\/logo-sentinelleSLOGAN-1.png","contentUrl":"https:\/\/lasentinelle.dz\/wp-content\/uploads\/2021\/09\/logo-sentinelleSLOGAN-1.png","width":615,"height":142,"caption":"Quotidien La Sentinelle"},"image":{"@id":"https:\/\/lasentinelle.dz\/#\/schema\/logo\/image\/"},"sameAs":["https:\/\/www.facebook.com\/La-Sentinelle-104059864394773"]},{"@type":"Person","@id":"https:\/\/lasentinelle.dz\/#\/schema\/person\/d865044e22e70a75174ce8bcad3acfb3","name":"La Sentinelle","image":{"@type":"ImageObject","inLanguage":"fr-FR","@id":"https:\/\/secure.gravatar.com\/avatar\/57de8e5d4b15d43fb361a71fbb36338450fe67865b528a43dd10ef7c51a20392?s=96&d=mm&r=g","url":"https:\/\/secure.gravatar.com\/avatar\/57de8e5d4b15d43fb361a71fbb36338450fe67865b528a43dd10ef7c51a20392?s=96&d=mm&r=g","contentUrl":"https:\/\/secure.gravatar.com\/avatar\/57de8e5d4b15d43fb361a71fbb36338450fe67865b528a43dd10ef7c51a20392?s=96&d=mm&r=g","caption":"La Sentinelle"},"sameAs":["http:\/\/www.lasentinelle.dz"],"url":"https:\/\/lasentinelle.dz\/author\/redaction\/"}]}},"_links":{"self":[{"href":"https:\/\/lasentinelle.dz\/index.php\/wp-json\/wp\/v2\/posts\/49105","targetHints":{"allow":["GET"]}}],"collection":[{"href":"https:\/\/lasentinelle.dz\/index.php\/wp-json\/wp\/v2\/posts"}],"about":[{"href":"https:\/\/lasentinelle.dz\/index.php\/wp-json\/wp\/v2\/types\/post"}],"author":[{"embeddable":true,"href":"https:\/\/lasentinelle.dz\/index.php\/wp-json\/wp\/v2\/users\/3"}],"replies":[{"embeddable":true,"href":"https:\/\/lasentinelle.dz\/index.php\/wp-json\/wp\/v2\/comments?post=49105"}],"version-history":[{"count":1,"href":"https:\/\/lasentinelle.dz\/index.php\/wp-json\/wp\/v2\/posts\/49105\/revisions"}],"predecessor-version":[{"id":49107,"href":"https:\/\/lasentinelle.dz\/index.php\/wp-json\/wp\/v2\/posts\/49105\/revisions\/49107"}],"wp:featuredmedia":[{"embeddable":true,"href":"https:\/\/lasentinelle.dz\/index.php\/wp-json\/wp\/v2\/media\/49106"}],"wp:attachment":[{"href":"https:\/\/lasentinelle.dz\/index.php\/wp-json\/wp\/v2\/media?parent=49105"}],"wp:term":[{"taxonomy":"category","embeddable":true,"href":"https:\/\/lasentinelle.dz\/index.php\/wp-json\/wp\/v2\/categories?post=49105"},{"taxonomy":"post_tag","embeddable":true,"href":"https:\/\/lasentinelle.dz\/index.php\/wp-json\/wp\/v2\/tags?post=49105"}],"curies":[{"name":"wp","href":"https:\/\/api.w.org\/{rel}","templated":true}]}}