{"id":49108,"date":"2024-01-31T13:40:29","date_gmt":"2024-01-31T12:40:29","guid":{"rendered":"https:\/\/lasentinelle.dz\/?p=49108"},"modified":"2024-01-31T13:40:31","modified_gmt":"2024-01-31T12:40:31","slug":"previsions-de-croissance-de-leconomie-mondiale-le-fmi-plus-optimiste","status":"publish","type":"post","link":"https:\/\/lasentinelle.dz\/index.php\/2024\/01\/31\/previsions-de-croissance-de-leconomie-mondiale-le-fmi-plus-optimiste\/","title":{"rendered":"Pr\u00e9visions de croissance de l\u2019\u00e9conomie mondiale\u00a0: Le FMI plus optimiste"},"content":{"rendered":"\n<p>Le Fonds mon\u00e9taire international a l\u00e9g\u00e8rement relev\u00e9, hier, ses pr\u00e9visions de croissance pour l\u2019\u00e9conomie mondiale pour 2024 et 2025. Le FMI estime que l\u2019\u00e9conomie mondiale est partie pour r\u00e9aliser une ann\u00e9e 2024 meilleure que pr\u00e9vue, gr\u00e2ce \u00e0 des perspectives de croissance plus favorable que pr\u00e9vue aux Etats-Unis et en Chine.<\/p>\n\n\n\n<p>L\u2019ann\u00e9e 2024 ne devrait \u00eatre aussi sombre sur le plan \u00e9conomique que ce que pensent les observateurs. Les Etats-Unis qui ont fini l\u2019ann\u00e9e 2023 avec une croissance sup\u00e9rieure que pr\u00e9vu et surpris les \u00e9conomistes ne devraient pas conna\u00eetre de recul majeur ni r\u00e9cession cette ann\u00e9e, estime le FMI. Quant \u00e0 la Chine, locomotive de la croissance mondiale, elle devrait afficher un taux de croissance solide, meilleur qu\u2019anticip\u00e9, m\u00eame si ce dernier reste tr\u00e8s en-de\u00e7\u00e0 des taux de croissance extraordinaires que l\u2019Empire du milieu a connu. Le fait est que le climat \u00e9conomique reste compliqu\u00e9 et la menace de d\u00e9flation persiste, souligne le FMI.<\/p>\n\n\n\n<p>Le FMI a indiqu\u00e9 dans la derni\u00e8re mise-\u00e0-jour de ses perspectives de l\u2019\u00e9conomie mondiale s\u2019attendre,&nbsp;\u00e0 une croissance mondiale de 3,1% pour 2024, contre 2,9% lors de son estimation pr\u00e9c\u00e9dente en octobre, et \u00e0 une croissance tr\u00e8s l\u00e9g\u00e8rement acc\u00e9l\u00e9r\u00e9e \u00e0 3,2% en 2025, sans changement cette fois par rapport \u00e0 l&rsquo;estimation pr\u00e9c\u00e9dente.&nbsp;Si l&rsquo;\u00e9conomie mondiale semble partie pour r\u00e9aliser une meilleure ann\u00e9e 2024 qu&rsquo;envisag\u00e9 initialement, la croissance devrait rester sensiblement inf\u00e9rieure \u00e0 la tendance historique observ\u00e9e entre 2000 et 2019, de 3,8% en moyenne.Les Etats-Unis devraient, une nouvelle fois, conna\u00eetre en 2024 une croissance sup\u00e9rieure \u00e0 2% (2,1%), une donn\u00e9e importante pour le pr\u00e9sident sortant, Joe Biden, en pleine ann\u00e9e \u00e9lectorale et alors que l&rsquo;\u00e9conomie sera un des th\u00e8mes majeurs de la campagne.La premi\u00e8re puissance mondiale, longtemps attendue en r\u00e9cession, a finalement termin\u00e9 l&rsquo;ann\u00e9e en force, avec une croissance de 2,5%.<\/p>\n\n\n\n<p>Du c\u00f4t\u00e9 des pays \u00e9mergents, les pr\u00e9cisions de croissance de l&rsquo;\u00e9conomie chinoise s&rsquo;am\u00e9liorent (4,6% contre 4,2% attendu initialement) malgr\u00e9 un climat \u00e9conomique qui reste compliqu\u00e9, alors que pointe un risque persistant de d\u00e9flation dans le pays.\u00a0\u00bbLa r\u00e9vision concernant la Chine n&rsquo;a pas \u00e9t\u00e9 aussi importante que nous l&rsquo;envisagions, du fait des difficult\u00e9s du secteur immobilier et malgr\u00e9 le soutien budg\u00e9taire significatif de la part des autorit\u00e9s\u00a0\u00bb, a soulign\u00e9 le chef \u00e9conomiste du FMI.&nbsp;L&rsquo;Inde devrait de son c\u00f4t\u00e9 continuer \u00e0 conna\u00eetre une croissance sup\u00e9rieure \u00e0 6% (\u00e0 6,5%), alors que les principales \u00e9conomies d&rsquo;Am\u00e9rique latine profitent d&rsquo;une demande int\u00e9rieure plus forte qu&rsquo;anticip\u00e9e qui leur permettent d&rsquo;esp\u00e9rer de bonnes performances.&nbsp;Seule exception, l&rsquo;Argentine, qui voit ses pr\u00e9visions \u00eatre largement r\u00e9vis\u00e9es (-5,6 points de pourcentage) et est d\u00e9sormais attendue en r\u00e9cession (-2,8%) cette ann\u00e9e, alors que les pr\u00e9visions d&rsquo;octobre anticipaient une croissance de 2,8%.<\/p>\n\n\n\n<p>La zone euro ne devrait pas d\u00e9passer le 1% (0,9%) de croissance, une nouvelle fois plomb\u00e9e par l&rsquo;Allemagne, dont l&rsquo;\u00e9conomie va continuer \u00e0 tourner au ralenti (0,5% attendu), avec une correction assez importante par rapport \u00e0 la derni\u00e8re estimation (-0,4 point de pourcentage).&nbsp;Si l&rsquo;Italie devrait faire \u00e0 peine mieux que l&rsquo;Allemagne (0,7% en 2024), la France et surtout l&rsquo;Espagne peuvent esp\u00e9rer mieux, respectivement 1% et 1,5% de croissance pour l&rsquo;ann\u00e9e en cours, alors que, hors Union europ\u00e9enne, le Royaume-Uni devrait rester \u00e0 la peine (0,6%).<\/p>\n\n\n\n<p>La Russie est, comme en 2023, le pays voyant ses pr\u00e9visions s&rsquo;am\u00e9liorer le plus fortement, avec une correction de +1,5 point de pourcentage par rapport \u00e0 octobre, et une croissance attendue \u00e0 2,6%, toujours soutenue par le volume de d\u00e9penses publiques.&nbsp;<\/p>\n\n\n\n<p>Quant aux risques qui p\u00e8sent sur 2024, notamment la situation au Moyen Orient, le chef \u00e9conomiste du Fonds,&nbsp;Pierre-Olivier Gourinchas a d\u00e9clar\u00e9 que les perspectives mondiales int\u00e9graient un meilleur \u00e9quilibre des risques, le risque d&rsquo;un conflit plus large au Moyen-Orient \u00e9tant compens\u00e9 par la perspective que la baisse des prix des carburants pourrait aider \u00e0 r\u00e9duire l&rsquo;inflation plus rapidement que pr\u00e9vu.\u00a0\u00bbNous consid\u00e9rons les risques comme globalement \u00e9quilibr\u00e9s \u00e0 ce stade\u00a0\u00bb, a-t-il d\u00e9clar\u00e9.<\/p>\n\n\n\n<p>Par ailleurs et selon le FMI, la croissance dans la r\u00e9gion du Moyen Orient et de l&rsquo;Afrique du nord (MENA) devrait passer de 2% en 2023 \u00e0 2,9% en 2024 avant de progresser \u00e0 4,2% en 2025.&nbsp;Des pr\u00e9visions revues \u00e0 la baisse de 0,5% par rapport \u00e0 celle d\u2019octobre&nbsp;<\/p>\n\n\n\n<p><strong>Sabrina Aziouez<\/strong><\/p>\n","protected":false},"excerpt":{"rendered":"<p>Le Fonds mon\u00e9taire international a l\u00e9g\u00e8rement relev\u00e9, hier, ses pr\u00e9visions de croissance pour l\u2019\u00e9conomie mondiale pour 2024 et 2025. Le<\/p>\n","protected":false},"author":3,"featured_media":24849,"comment_status":"open","ping_status":"closed","sticky":false,"template":"","format":"standard","meta":{"colormag_page_container_layout":"default_layout","colormag_page_sidebar_layout":"default_layout","om_disable_all_campaigns":false,"_monsterinsights_skip_tracking":false,"_monsterinsights_sitenote_active":false,"_monsterinsights_sitenote_note":"","_monsterinsights_sitenote_category":0,"footnotes":"","_wpscppro_dont_share_socialmedia":false,"_wpscppro_custom_social_share_image":0,"_facebook_share_type":"","_twitter_share_type":"","_linkedin_share_type":"","_pinterest_share_type":"","_linkedin_share_type_page":"","_instagram_share_type":"","_medium_share_type":"","_threads_share_type":"","_google_business_share_type":"","_selected_social_profile":[],"_wpsp_enable_custom_social_template":false,"_wpsp_social_scheduling":{"enabled":false,"datetime":null,"platforms":[],"status":"template_only","dateOption":"today","timeOption":"now","customDays":"","customHours":"","customDate":"","customTime":"","schedulingType":"absolute"},"_wpsp_active_default_template":true},"categories":[52,29],"tags":[],"class_list":["post-49108","post","type-post","status-publish","format-standard","has-post-thumbnail","hentry","category-a-la-une","category-economie"],"aioseo_notices":[],"yoast_head":"<!-- This site is optimized with the Yoast SEO plugin v27.5 - https:\/\/yoast.com\/product\/yoast-seo-wordpress\/ -->\n<title>Pr\u00e9visions de croissance de l\u2019\u00e9conomie mondiale\u00a0: Le FMI plus optimiste - La Sentinelle<\/title>\n<meta name=\"robots\" content=\"index, follow, max-snippet:-1, max-image-preview:large, max-video-preview:-1\" \/>\n<link rel=\"canonical\" href=\"https:\/\/lasentinelle.dz\/index.php\/2024\/01\/31\/previsions-de-croissance-de-leconomie-mondiale-le-fmi-plus-optimiste\/\" \/>\n<meta property=\"og:locale\" content=\"fr_FR\" \/>\n<meta property=\"og:type\" content=\"article\" \/>\n<meta property=\"og:title\" content=\"Pr\u00e9visions de croissance de l\u2019\u00e9conomie mondiale\u00a0: Le FMI plus optimiste - La Sentinelle\" \/>\n<meta property=\"og:description\" content=\"Le Fonds mon\u00e9taire international a l\u00e9g\u00e8rement relev\u00e9, hier, ses pr\u00e9visions de croissance pour l\u2019\u00e9conomie mondiale pour 2024 et 2025. Le\" \/>\n<meta property=\"og:url\" content=\"https:\/\/lasentinelle.dz\/index.php\/2024\/01\/31\/previsions-de-croissance-de-leconomie-mondiale-le-fmi-plus-optimiste\/\" \/>\n<meta property=\"og:site_name\" content=\"La Sentinelle\" \/>\n<meta property=\"article:publisher\" content=\"https:\/\/www.facebook.com\/La-Sentinelle-104059864394773\" \/>\n<meta property=\"article:published_time\" content=\"2024-01-31T12:40:29+00:00\" \/>\n<meta property=\"article:modified_time\" content=\"2024-01-31T12:40:31+00:00\" \/>\n<meta property=\"og:image\" content=\"https:\/\/lasentinelle.dz\/wp-content\/uploads\/2022\/07\/FMI-1024x576.png\" \/>\n\t<meta property=\"og:image:width\" content=\"1024\" \/>\n\t<meta property=\"og:image:height\" content=\"576\" \/>\n\t<meta property=\"og:image:type\" content=\"image\/png\" \/>\n<meta name=\"author\" content=\"La Sentinelle\" \/>\n<meta name=\"twitter:card\" content=\"summary_large_image\" \/>\n<meta name=\"twitter:label1\" content=\"\u00c9crit par\" \/>\n\t<meta name=\"twitter:data1\" content=\"La Sentinelle\" \/>\n\t<meta name=\"twitter:label2\" content=\"Dur\u00e9e de lecture estim\u00e9e\" \/>\n\t<meta name=\"twitter:data2\" content=\"4 minutes\" \/>\n<script type=\"application\/ld+json\" class=\"yoast-schema-graph\">{\"@context\":\"https:\\\/\\\/schema.org\",\"@graph\":[{\"@type\":\"Article\",\"@id\":\"https:\\\/\\\/lasentinelle.dz\\\/index.php\\\/2024\\\/01\\\/31\\\/previsions-de-croissance-de-leconomie-mondiale-le-fmi-plus-optimiste\\\/#article\",\"isPartOf\":{\"@id\":\"https:\\\/\\\/lasentinelle.dz\\\/index.php\\\/2024\\\/01\\\/31\\\/previsions-de-croissance-de-leconomie-mondiale-le-fmi-plus-optimiste\\\/\"},\"author\":{\"name\":\"La Sentinelle\",\"@id\":\"https:\\\/\\\/lasentinelle.dz\\\/#\\\/schema\\\/person\\\/d865044e22e70a75174ce8bcad3acfb3\"},\"headline\":\"Pr\u00e9visions de croissance de l\u2019\u00e9conomie mondiale\u00a0: Le FMI plus optimiste\",\"datePublished\":\"2024-01-31T12:40:29+00:00\",\"dateModified\":\"2024-01-31T12:40:31+00:00\",\"mainEntityOfPage\":{\"@id\":\"https:\\\/\\\/lasentinelle.dz\\\/index.php\\\/2024\\\/01\\\/31\\\/previsions-de-croissance-de-leconomie-mondiale-le-fmi-plus-optimiste\\\/\"},\"wordCount\":767,\"commentCount\":0,\"publisher\":{\"@id\":\"https:\\\/\\\/lasentinelle.dz\\\/#organization\"},\"image\":{\"@id\":\"https:\\\/\\\/lasentinelle.dz\\\/index.php\\\/2024\\\/01\\\/31\\\/previsions-de-croissance-de-leconomie-mondiale-le-fmi-plus-optimiste\\\/#primaryimage\"},\"thumbnailUrl\":\"https:\\\/\\\/lasentinelle.dz\\\/wp-content\\\/uploads\\\/2022\\\/07\\\/FMI.png\",\"articleSection\":[\"\u00c0 la Une\",\"\u00c9conomie\"],\"inLanguage\":\"fr-FR\",\"potentialAction\":[{\"@type\":\"CommentAction\",\"name\":\"Comment\",\"target\":[\"https:\\\/\\\/lasentinelle.dz\\\/index.php\\\/2024\\\/01\\\/31\\\/previsions-de-croissance-de-leconomie-mondiale-le-fmi-plus-optimiste\\\/#respond\"]}]},{\"@type\":\"WebPage\",\"@id\":\"https:\\\/\\\/lasentinelle.dz\\\/index.php\\\/2024\\\/01\\\/31\\\/previsions-de-croissance-de-leconomie-mondiale-le-fmi-plus-optimiste\\\/\",\"url\":\"https:\\\/\\\/lasentinelle.dz\\\/index.php\\\/2024\\\/01\\\/31\\\/previsions-de-croissance-de-leconomie-mondiale-le-fmi-plus-optimiste\\\/\",\"name\":\"Pr\u00e9visions de croissance de l\u2019\u00e9conomie mondiale\u00a0: Le FMI plus optimiste - La Sentinelle\",\"isPartOf\":{\"@id\":\"https:\\\/\\\/lasentinelle.dz\\\/#website\"},\"primaryImageOfPage\":{\"@id\":\"https:\\\/\\\/lasentinelle.dz\\\/index.php\\\/2024\\\/01\\\/31\\\/previsions-de-croissance-de-leconomie-mondiale-le-fmi-plus-optimiste\\\/#primaryimage\"},\"image\":{\"@id\":\"https:\\\/\\\/lasentinelle.dz\\\/index.php\\\/2024\\\/01\\\/31\\\/previsions-de-croissance-de-leconomie-mondiale-le-fmi-plus-optimiste\\\/#primaryimage\"},\"thumbnailUrl\":\"https:\\\/\\\/lasentinelle.dz\\\/wp-content\\\/uploads\\\/2022\\\/07\\\/FMI.png\",\"datePublished\":\"2024-01-31T12:40:29+00:00\",\"dateModified\":\"2024-01-31T12:40:31+00:00\",\"breadcrumb\":{\"@id\":\"https:\\\/\\\/lasentinelle.dz\\\/index.php\\\/2024\\\/01\\\/31\\\/previsions-de-croissance-de-leconomie-mondiale-le-fmi-plus-optimiste\\\/#breadcrumb\"},\"inLanguage\":\"fr-FR\",\"potentialAction\":[{\"@type\":\"ReadAction\",\"target\":[\"https:\\\/\\\/lasentinelle.dz\\\/index.php\\\/2024\\\/01\\\/31\\\/previsions-de-croissance-de-leconomie-mondiale-le-fmi-plus-optimiste\\\/\"]}]},{\"@type\":\"ImageObject\",\"inLanguage\":\"fr-FR\",\"@id\":\"https:\\\/\\\/lasentinelle.dz\\\/index.php\\\/2024\\\/01\\\/31\\\/previsions-de-croissance-de-leconomie-mondiale-le-fmi-plus-optimiste\\\/#primaryimage\",\"url\":\"https:\\\/\\\/lasentinelle.dz\\\/wp-content\\\/uploads\\\/2022\\\/07\\\/FMI.png\",\"contentUrl\":\"https:\\\/\\\/lasentinelle.dz\\\/wp-content\\\/uploads\\\/2022\\\/07\\\/FMI.png\",\"width\":1600,\"height\":900},{\"@type\":\"BreadcrumbList\",\"@id\":\"https:\\\/\\\/lasentinelle.dz\\\/index.php\\\/2024\\\/01\\\/31\\\/previsions-de-croissance-de-leconomie-mondiale-le-fmi-plus-optimiste\\\/#breadcrumb\",\"itemListElement\":[{\"@type\":\"ListItem\",\"position\":1,\"name\":\"Accueil\",\"item\":\"https:\\\/\\\/lasentinelle.dz\\\/\"},{\"@type\":\"ListItem\",\"position\":2,\"name\":\"Pr\u00e9visions de croissance de l\u2019\u00e9conomie mondiale\u00a0: Le FMI plus optimiste\"}]},{\"@type\":\"WebSite\",\"@id\":\"https:\\\/\\\/lasentinelle.dz\\\/#website\",\"url\":\"https:\\\/\\\/lasentinelle.dz\\\/\",\"name\":\"La Sentinelle\",\"description\":\"Quotidien national d&#039;information\",\"publisher\":{\"@id\":\"https:\\\/\\\/lasentinelle.dz\\\/#organization\"},\"potentialAction\":[{\"@type\":\"SearchAction\",\"target\":{\"@type\":\"EntryPoint\",\"urlTemplate\":\"https:\\\/\\\/lasentinelle.dz\\\/?s={search_term_string}\"},\"query-input\":{\"@type\":\"PropertyValueSpecification\",\"valueRequired\":true,\"valueName\":\"search_term_string\"}}],\"inLanguage\":\"fr-FR\"},{\"@type\":\"Organization\",\"@id\":\"https:\\\/\\\/lasentinelle.dz\\\/#organization\",\"name\":\"Quotidien La Sentinelle\",\"url\":\"https:\\\/\\\/lasentinelle.dz\\\/\",\"logo\":{\"@type\":\"ImageObject\",\"inLanguage\":\"fr-FR\",\"@id\":\"https:\\\/\\\/lasentinelle.dz\\\/#\\\/schema\\\/logo\\\/image\\\/\",\"url\":\"https:\\\/\\\/lasentinelle.dz\\\/wp-content\\\/uploads\\\/2021\\\/09\\\/logo-sentinelleSLOGAN-1.png\",\"contentUrl\":\"https:\\\/\\\/lasentinelle.dz\\\/wp-content\\\/uploads\\\/2021\\\/09\\\/logo-sentinelleSLOGAN-1.png\",\"width\":615,\"height\":142,\"caption\":\"Quotidien La Sentinelle\"},\"image\":{\"@id\":\"https:\\\/\\\/lasentinelle.dz\\\/#\\\/schema\\\/logo\\\/image\\\/\"},\"sameAs\":[\"https:\\\/\\\/www.facebook.com\\\/La-Sentinelle-104059864394773\"]},{\"@type\":\"Person\",\"@id\":\"https:\\\/\\\/lasentinelle.dz\\\/#\\\/schema\\\/person\\\/d865044e22e70a75174ce8bcad3acfb3\",\"name\":\"La Sentinelle\",\"image\":{\"@type\":\"ImageObject\",\"inLanguage\":\"fr-FR\",\"@id\":\"https:\\\/\\\/secure.gravatar.com\\\/avatar\\\/57de8e5d4b15d43fb361a71fbb36338450fe67865b528a43dd10ef7c51a20392?s=96&d=mm&r=g\",\"url\":\"https:\\\/\\\/secure.gravatar.com\\\/avatar\\\/57de8e5d4b15d43fb361a71fbb36338450fe67865b528a43dd10ef7c51a20392?s=96&d=mm&r=g\",\"contentUrl\":\"https:\\\/\\\/secure.gravatar.com\\\/avatar\\\/57de8e5d4b15d43fb361a71fbb36338450fe67865b528a43dd10ef7c51a20392?s=96&d=mm&r=g\",\"caption\":\"La Sentinelle\"},\"sameAs\":[\"http:\\\/\\\/www.lasentinelle.dz\"],\"url\":\"https:\\\/\\\/lasentinelle.dz\\\/author\\\/redaction\\\/\"}]}<\/script>\n<!-- \/ Yoast SEO plugin. -->","yoast_head_json":{"title":"Pr\u00e9visions de croissance de l\u2019\u00e9conomie mondiale\u00a0: Le FMI plus optimiste - La Sentinelle","robots":{"index":"index","follow":"follow","max-snippet":"max-snippet:-1","max-image-preview":"max-image-preview:large","max-video-preview":"max-video-preview:-1"},"canonical":"https:\/\/lasentinelle.dz\/index.php\/2024\/01\/31\/previsions-de-croissance-de-leconomie-mondiale-le-fmi-plus-optimiste\/","og_locale":"fr_FR","og_type":"article","og_title":"Pr\u00e9visions de croissance de l\u2019\u00e9conomie mondiale\u00a0: Le FMI plus optimiste - La Sentinelle","og_description":"Le Fonds mon\u00e9taire international a l\u00e9g\u00e8rement relev\u00e9, hier, ses pr\u00e9visions de croissance pour l\u2019\u00e9conomie mondiale pour 2024 et 2025. Le","og_url":"https:\/\/lasentinelle.dz\/index.php\/2024\/01\/31\/previsions-de-croissance-de-leconomie-mondiale-le-fmi-plus-optimiste\/","og_site_name":"La Sentinelle","article_publisher":"https:\/\/www.facebook.com\/La-Sentinelle-104059864394773","article_published_time":"2024-01-31T12:40:29+00:00","article_modified_time":"2024-01-31T12:40:31+00:00","og_image":[{"width":1024,"height":576,"url":"https:\/\/lasentinelle.dz\/wp-content\/uploads\/2022\/07\/FMI-1024x576.png","type":"image\/png"}],"author":"La Sentinelle","twitter_card":"summary_large_image","twitter_misc":{"\u00c9crit par":"La Sentinelle","Dur\u00e9e de lecture estim\u00e9e":"4 minutes"},"schema":{"@context":"https:\/\/schema.org","@graph":[{"@type":"Article","@id":"https:\/\/lasentinelle.dz\/index.php\/2024\/01\/31\/previsions-de-croissance-de-leconomie-mondiale-le-fmi-plus-optimiste\/#article","isPartOf":{"@id":"https:\/\/lasentinelle.dz\/index.php\/2024\/01\/31\/previsions-de-croissance-de-leconomie-mondiale-le-fmi-plus-optimiste\/"},"author":{"name":"La Sentinelle","@id":"https:\/\/lasentinelle.dz\/#\/schema\/person\/d865044e22e70a75174ce8bcad3acfb3"},"headline":"Pr\u00e9visions de croissance de l\u2019\u00e9conomie mondiale\u00a0: Le FMI plus optimiste","datePublished":"2024-01-31T12:40:29+00:00","dateModified":"2024-01-31T12:40:31+00:00","mainEntityOfPage":{"@id":"https:\/\/lasentinelle.dz\/index.php\/2024\/01\/31\/previsions-de-croissance-de-leconomie-mondiale-le-fmi-plus-optimiste\/"},"wordCount":767,"commentCount":0,"publisher":{"@id":"https:\/\/lasentinelle.dz\/#organization"},"image":{"@id":"https:\/\/lasentinelle.dz\/index.php\/2024\/01\/31\/previsions-de-croissance-de-leconomie-mondiale-le-fmi-plus-optimiste\/#primaryimage"},"thumbnailUrl":"https:\/\/lasentinelle.dz\/wp-content\/uploads\/2022\/07\/FMI.png","articleSection":["\u00c0 la Une","\u00c9conomie"],"inLanguage":"fr-FR","potentialAction":[{"@type":"CommentAction","name":"Comment","target":["https:\/\/lasentinelle.dz\/index.php\/2024\/01\/31\/previsions-de-croissance-de-leconomie-mondiale-le-fmi-plus-optimiste\/#respond"]}]},{"@type":"WebPage","@id":"https:\/\/lasentinelle.dz\/index.php\/2024\/01\/31\/previsions-de-croissance-de-leconomie-mondiale-le-fmi-plus-optimiste\/","url":"https:\/\/lasentinelle.dz\/index.php\/2024\/01\/31\/previsions-de-croissance-de-leconomie-mondiale-le-fmi-plus-optimiste\/","name":"Pr\u00e9visions de croissance de l\u2019\u00e9conomie mondiale\u00a0: Le FMI plus optimiste - La Sentinelle","isPartOf":{"@id":"https:\/\/lasentinelle.dz\/#website"},"primaryImageOfPage":{"@id":"https:\/\/lasentinelle.dz\/index.php\/2024\/01\/31\/previsions-de-croissance-de-leconomie-mondiale-le-fmi-plus-optimiste\/#primaryimage"},"image":{"@id":"https:\/\/lasentinelle.dz\/index.php\/2024\/01\/31\/previsions-de-croissance-de-leconomie-mondiale-le-fmi-plus-optimiste\/#primaryimage"},"thumbnailUrl":"https:\/\/lasentinelle.dz\/wp-content\/uploads\/2022\/07\/FMI.png","datePublished":"2024-01-31T12:40:29+00:00","dateModified":"2024-01-31T12:40:31+00:00","breadcrumb":{"@id":"https:\/\/lasentinelle.dz\/index.php\/2024\/01\/31\/previsions-de-croissance-de-leconomie-mondiale-le-fmi-plus-optimiste\/#breadcrumb"},"inLanguage":"fr-FR","potentialAction":[{"@type":"ReadAction","target":["https:\/\/lasentinelle.dz\/index.php\/2024\/01\/31\/previsions-de-croissance-de-leconomie-mondiale-le-fmi-plus-optimiste\/"]}]},{"@type":"ImageObject","inLanguage":"fr-FR","@id":"https:\/\/lasentinelle.dz\/index.php\/2024\/01\/31\/previsions-de-croissance-de-leconomie-mondiale-le-fmi-plus-optimiste\/#primaryimage","url":"https:\/\/lasentinelle.dz\/wp-content\/uploads\/2022\/07\/FMI.png","contentUrl":"https:\/\/lasentinelle.dz\/wp-content\/uploads\/2022\/07\/FMI.png","width":1600,"height":900},{"@type":"BreadcrumbList","@id":"https:\/\/lasentinelle.dz\/index.php\/2024\/01\/31\/previsions-de-croissance-de-leconomie-mondiale-le-fmi-plus-optimiste\/#breadcrumb","itemListElement":[{"@type":"ListItem","position":1,"name":"Accueil","item":"https:\/\/lasentinelle.dz\/"},{"@type":"ListItem","position":2,"name":"Pr\u00e9visions de croissance de l\u2019\u00e9conomie mondiale\u00a0: Le FMI plus optimiste"}]},{"@type":"WebSite","@id":"https:\/\/lasentinelle.dz\/#website","url":"https:\/\/lasentinelle.dz\/","name":"La Sentinelle","description":"Quotidien national d&#039;information","publisher":{"@id":"https:\/\/lasentinelle.dz\/#organization"},"potentialAction":[{"@type":"SearchAction","target":{"@type":"EntryPoint","urlTemplate":"https:\/\/lasentinelle.dz\/?s={search_term_string}"},"query-input":{"@type":"PropertyValueSpecification","valueRequired":true,"valueName":"search_term_string"}}],"inLanguage":"fr-FR"},{"@type":"Organization","@id":"https:\/\/lasentinelle.dz\/#organization","name":"Quotidien La Sentinelle","url":"https:\/\/lasentinelle.dz\/","logo":{"@type":"ImageObject","inLanguage":"fr-FR","@id":"https:\/\/lasentinelle.dz\/#\/schema\/logo\/image\/","url":"https:\/\/lasentinelle.dz\/wp-content\/uploads\/2021\/09\/logo-sentinelleSLOGAN-1.png","contentUrl":"https:\/\/lasentinelle.dz\/wp-content\/uploads\/2021\/09\/logo-sentinelleSLOGAN-1.png","width":615,"height":142,"caption":"Quotidien La Sentinelle"},"image":{"@id":"https:\/\/lasentinelle.dz\/#\/schema\/logo\/image\/"},"sameAs":["https:\/\/www.facebook.com\/La-Sentinelle-104059864394773"]},{"@type":"Person","@id":"https:\/\/lasentinelle.dz\/#\/schema\/person\/d865044e22e70a75174ce8bcad3acfb3","name":"La Sentinelle","image":{"@type":"ImageObject","inLanguage":"fr-FR","@id":"https:\/\/secure.gravatar.com\/avatar\/57de8e5d4b15d43fb361a71fbb36338450fe67865b528a43dd10ef7c51a20392?s=96&d=mm&r=g","url":"https:\/\/secure.gravatar.com\/avatar\/57de8e5d4b15d43fb361a71fbb36338450fe67865b528a43dd10ef7c51a20392?s=96&d=mm&r=g","contentUrl":"https:\/\/secure.gravatar.com\/avatar\/57de8e5d4b15d43fb361a71fbb36338450fe67865b528a43dd10ef7c51a20392?s=96&d=mm&r=g","caption":"La Sentinelle"},"sameAs":["http:\/\/www.lasentinelle.dz"],"url":"https:\/\/lasentinelle.dz\/author\/redaction\/"}]}},"_links":{"self":[{"href":"https:\/\/lasentinelle.dz\/index.php\/wp-json\/wp\/v2\/posts\/49108","targetHints":{"allow":["GET"]}}],"collection":[{"href":"https:\/\/lasentinelle.dz\/index.php\/wp-json\/wp\/v2\/posts"}],"about":[{"href":"https:\/\/lasentinelle.dz\/index.php\/wp-json\/wp\/v2\/types\/post"}],"author":[{"embeddable":true,"href":"https:\/\/lasentinelle.dz\/index.php\/wp-json\/wp\/v2\/users\/3"}],"replies":[{"embeddable":true,"href":"https:\/\/lasentinelle.dz\/index.php\/wp-json\/wp\/v2\/comments?post=49108"}],"version-history":[{"count":1,"href":"https:\/\/lasentinelle.dz\/index.php\/wp-json\/wp\/v2\/posts\/49108\/revisions"}],"predecessor-version":[{"id":49109,"href":"https:\/\/lasentinelle.dz\/index.php\/wp-json\/wp\/v2\/posts\/49108\/revisions\/49109"}],"wp:featuredmedia":[{"embeddable":true,"href":"https:\/\/lasentinelle.dz\/index.php\/wp-json\/wp\/v2\/media\/24849"}],"wp:attachment":[{"href":"https:\/\/lasentinelle.dz\/index.php\/wp-json\/wp\/v2\/media?parent=49108"}],"wp:term":[{"taxonomy":"category","embeddable":true,"href":"https:\/\/lasentinelle.dz\/index.php\/wp-json\/wp\/v2\/categories?post=49108"},{"taxonomy":"post_tag","embeddable":true,"href":"https:\/\/lasentinelle.dz\/index.php\/wp-json\/wp\/v2\/tags?post=49108"}],"curies":[{"name":"wp","href":"https:\/\/api.w.org\/{rel}","templated":true}]}}