{"id":4913,"date":"2021-08-23T00:01:00","date_gmt":"2021-08-22T23:01:00","guid":{"rendered":"https:\/\/lasentinelle.dz\/?p=4913"},"modified":"2021-08-22T16:15:22","modified_gmt":"2021-08-22T15:15:22","slug":"jeux-paralympiques-tokyo-2020-lheure-de-verite-approche-pour-les-algeriens","status":"publish","type":"post","link":"https:\/\/lasentinelle.dz\/index.php\/2021\/08\/23\/jeux-paralympiques-tokyo-2020-lheure-de-verite-approche-pour-les-algeriens\/","title":{"rendered":"Jeux Paralympiques Tokyo 2020 : L\u2019heure de v\u00e9rit\u00e9 approche pour les Alg\u00e9riens"},"content":{"rendered":"\n<p><strong>La d\u00e9l\u00e9gation alg\u00e9rienne, compos\u00e9e dans sa totalit\u00e9 de 85 personnes, s&rsquo;est d\u00e9plac\u00e9e, jeudi dernier, \u00e0 Tokyo, pour le rendez-vous plan\u00e9taire qui d\u00e9butera mardi. &nbsp;<\/strong><\/p>\n\n\n\n<p>L&rsquo;Alg\u00e9rie sera pr\u00e9sente dans cinq disciplines \u00e0 la 16<sup>e<\/sup>&nbsp;\u00e9dition des Jeux Paralympiques Tokyo-2020, qui d\u00e9butera ce mardi, avec l&rsquo;ambition de r\u00e9aliser plusieurs podiums et honorer embl\u00e8me national. 27 athl\u00e8tes, dont 10 filles, sont engag\u00e9s en athl\u00e9tisme (21 athl\u00e8tes), judo (3) et powerlifting (3), en plus des deux s\u00e9lections de goal-ball messieurs (6 joueurs) et handi-basket masculin et f\u00e9minin (12 \u00e9l\u00e9ments pour chaque \u00e9quipe). La d\u00e9l\u00e9gation compos\u00e9e dans sa totalit\u00e9 de 85 personnes s&rsquo;est d\u00e9plac\u00e9e, jeudi dernier, \u00e0 Tokyo via Istanbul. L&rsquo;espoir de m\u00e9dailles et distinctions du c\u00f4t\u00e9 alg\u00e9rien repose principalement sur les sports individuels, essentiellement le para-athl\u00e9tisme, o\u00f9 les nouveaux athl\u00e8tes seront \u00e9paul\u00e9s par d&rsquo;autres plus habitu\u00e9s au haut niveau et qui ont \u00e0 chaque fois bien honor\u00e9 leur contrat. Parmi eux, quatre tenteront de d\u00e9fendre leur titre acquis \u00e0 Rio en 2016, \u00e0 savoir Abdellatif Baka et Samir Nouioua (1500m), Nassima Sa\u00effi (disque) et BoudjadarAsmahane (poids). S\u2019ajoutent \u00e0 ce quatuor, sept athl\u00e8tes qui \u00e9taient m\u00e9daill\u00e9s lors de la pr\u00e9c\u00e9dente \u00e9dition des Jeux Paralympiques, \u00e0 savoir Nadia Medjmedj (poids et javelot), Mounia Gasmi (club), Lynda Hamri (longueur), Mohamed Berrahal (100m), BahlazLahouari et Kamel Kardjena (poids) ainsi qu&rsquo;Abdellaoui Cherine en judo. Comme \u00e0 chaque \u00e9dition, la liste des athl\u00e8tes alg\u00e9riens qualifi\u00e9s pour le rendez-vous paralympique comprend de nouvelles figures sur lesquelles reposent de grands espoirs de m\u00e9dailles. Entre autres, l\u2019in retrouvera le sprinteur AthmaniSkander-Djamil (T13\/100 et 400m), Walid Ferhah (F32\/club), Salah Khelaifia (T13\/100m), Abdelkrim Krai (T38\/1500m) et Ahmed Mehideb (F32\/poids et club). En para-judo, les chances de m\u00e9dailles reposent sur Abdellaoui Cherine (-52 kg), en bronze \u00e0 Rio et 4e mondiale. Ses compatriotes IshakOuldkouider (-60 kg), 6<sup>e<\/sup>&nbsp;mondial et Abderrahmane Chetouane (-90 kg) effectueront leur bapt\u00eame du feu dans les Jeux. En para-powerlifting, une discipline qui marquera sa 3<sup>e<\/sup>&nbsp;participation paralympique, trois athl\u00e8tes d\u00e9fendront les couleurs nationales \u00e0 Tokyo. Il s\u2019agit de Hocine Bettir, Hadj Ahmed Beyor et Samira Guerioua. Si la qualification de Bettir (-65 kg) aux JP avait \u00e9t\u00e9 acquise en 2019, lors de la Coupe du monde (m\u00e9daille d\u2019argent), celles de Beyor (-49 kg) et Guerioua (-45 kg) avaient \u00e9t\u00e9 assur\u00e9es en 2021 lors du Grand Prix de Fazza \u00e0 Duba\u00ef. L\u2019optimisme relev\u00e9 en sports individuels ne sera certainement pas le m\u00eame en sports-co, avec la participation des \u00e9quipes nationales de handi-basket (messieurs et dames) et de goal-ball (messieurs) dont la mission ne sera pas de tout repos. Jouer les premiers r\u00f4les sera extr\u00eamement difficile face \u00e0 des adversaires plus aguerris. Il est \u00e0 rappeler que l\u2019Alg\u00e9rie a r\u00e9alis\u00e9 aux Jeux Paralympiques de Rio-2016 une moisson de 16 m\u00e9dailles (4 or, 5 argent et 7 bronze) et une 27e place sur 83 pays class\u00e9s. &nbsp;<\/p>\n\n\n\n<p><strong>R. S.&nbsp;<\/strong><\/p>\n","protected":false},"excerpt":{"rendered":"<p>La d\u00e9l\u00e9gation alg\u00e9rienne, compos\u00e9e dans sa totalit\u00e9 de 85 personnes, s&rsquo;est d\u00e9plac\u00e9e, jeudi dernier, \u00e0 Tokyo, pour le rendez-vous plan\u00e9taire<\/p>\n","protected":false},"author":3,"featured_media":4921,"comment_status":"open","ping_status":"closed","sticky":false,"template":"","format":"standard","meta":{"colormag_page_container_layout":"default_layout","colormag_page_sidebar_layout":"default_layout","om_disable_all_campaigns":false,"_monsterinsights_skip_tracking":false,"_monsterinsights_sitenote_active":false,"_monsterinsights_sitenote_note":"","_monsterinsights_sitenote_category":0,"footnotes":"","_wpscppro_dont_share_socialmedia":false,"_wpscppro_custom_social_share_image":0,"_facebook_share_type":"","_twitter_share_type":"","_linkedin_share_type":"","_pinterest_share_type":"","_linkedin_share_type_page":"","_instagram_share_type":"","_medium_share_type":"","_threads_share_type":"","_google_business_share_type":"","_selected_social_profile":[],"_wpsp_enable_custom_social_template":false,"_wpsp_social_scheduling":{"enabled":false,"datetime":null,"platforms":[],"status":"template_only","dateOption":"today","timeOption":"now","customDays":"","customHours":"","customDate":"","customTime":"","schedulingType":"absolute"},"_wpsp_active_default_template":true},"categories":[33],"tags":[],"class_list":["post-4913","post","type-post","status-publish","format-standard","has-post-thumbnail","hentry","category-sports"],"aioseo_notices":[],"yoast_head":"<!-- This site is optimized with the Yoast SEO plugin v27.5 - https:\/\/yoast.com\/product\/yoast-seo-wordpress\/ -->\n<title>Jeux Paralympiques Tokyo 2020 : L\u2019heure de v\u00e9rit\u00e9 approche pour les Alg\u00e9riens - La Sentinelle<\/title>\n<meta name=\"robots\" content=\"index, follow, max-snippet:-1, max-image-preview:large, max-video-preview:-1\" \/>\n<link rel=\"canonical\" href=\"https:\/\/lasentinelle.dz\/index.php\/2021\/08\/23\/jeux-paralympiques-tokyo-2020-lheure-de-verite-approche-pour-les-algeriens\/\" \/>\n<meta property=\"og:locale\" content=\"fr_FR\" \/>\n<meta property=\"og:type\" content=\"article\" \/>\n<meta property=\"og:title\" content=\"Jeux Paralympiques Tokyo 2020 : L\u2019heure de v\u00e9rit\u00e9 approche pour les Alg\u00e9riens - La Sentinelle\" \/>\n<meta property=\"og:description\" content=\"La d\u00e9l\u00e9gation alg\u00e9rienne, compos\u00e9e dans sa totalit\u00e9 de 85 personnes, s&rsquo;est d\u00e9plac\u00e9e, jeudi dernier, \u00e0 Tokyo, pour le rendez-vous plan\u00e9taire\" \/>\n<meta property=\"og:url\" content=\"https:\/\/lasentinelle.dz\/index.php\/2021\/08\/23\/jeux-paralympiques-tokyo-2020-lheure-de-verite-approche-pour-les-algeriens\/\" \/>\n<meta property=\"og:site_name\" content=\"La Sentinelle\" \/>\n<meta property=\"article:publisher\" content=\"https:\/\/www.facebook.com\/La-Sentinelle-104059864394773\" \/>\n<meta property=\"article:published_time\" content=\"2021-08-22T23:01:00+00:00\" \/>\n<meta property=\"og:image\" content=\"https:\/\/lasentinelle.dz\/wp-content\/uploads\/2021\/08\/Handi.png\" \/>\n\t<meta property=\"og:image:width\" content=\"1313\" \/>\n\t<meta property=\"og:image:height\" content=\"900\" \/>\n\t<meta property=\"og:image:type\" content=\"image\/png\" \/>\n<meta name=\"author\" content=\"La Sentinelle\" \/>\n<meta name=\"twitter:card\" content=\"summary_large_image\" \/>\n<meta name=\"twitter:label1\" content=\"\u00c9crit par\" \/>\n\t<meta name=\"twitter:data1\" content=\"La Sentinelle\" \/>\n\t<meta name=\"twitter:label2\" content=\"Dur\u00e9e de lecture estim\u00e9e\" \/>\n\t<meta name=\"twitter:data2\" content=\"3 minutes\" \/>\n<script type=\"application\/ld+json\" class=\"yoast-schema-graph\">{\"@context\":\"https:\\\/\\\/schema.org\",\"@graph\":[{\"@type\":\"Article\",\"@id\":\"https:\\\/\\\/lasentinelle.dz\\\/index.php\\\/2021\\\/08\\\/23\\\/jeux-paralympiques-tokyo-2020-lheure-de-verite-approche-pour-les-algeriens\\\/#article\",\"isPartOf\":{\"@id\":\"https:\\\/\\\/lasentinelle.dz\\\/index.php\\\/2021\\\/08\\\/23\\\/jeux-paralympiques-tokyo-2020-lheure-de-verite-approche-pour-les-algeriens\\\/\"},\"author\":{\"name\":\"La Sentinelle\",\"@id\":\"https:\\\/\\\/lasentinelle.dz\\\/#\\\/schema\\\/person\\\/d865044e22e70a75174ce8bcad3acfb3\"},\"headline\":\"Jeux Paralympiques Tokyo 2020 : L\u2019heure de v\u00e9rit\u00e9 approche pour les Alg\u00e9riens\",\"datePublished\":\"2021-08-22T23:01:00+00:00\",\"mainEntityOfPage\":{\"@id\":\"https:\\\/\\\/lasentinelle.dz\\\/index.php\\\/2021\\\/08\\\/23\\\/jeux-paralympiques-tokyo-2020-lheure-de-verite-approche-pour-les-algeriens\\\/\"},\"wordCount\":523,\"commentCount\":0,\"publisher\":{\"@id\":\"https:\\\/\\\/lasentinelle.dz\\\/#organization\"},\"image\":{\"@id\":\"https:\\\/\\\/lasentinelle.dz\\\/index.php\\\/2021\\\/08\\\/23\\\/jeux-paralympiques-tokyo-2020-lheure-de-verite-approche-pour-les-algeriens\\\/#primaryimage\"},\"thumbnailUrl\":\"https:\\\/\\\/lasentinelle.dz\\\/wp-content\\\/uploads\\\/2021\\\/08\\\/Handi.png\",\"articleSection\":[\"Sports\"],\"inLanguage\":\"fr-FR\",\"potentialAction\":[{\"@type\":\"CommentAction\",\"name\":\"Comment\",\"target\":[\"https:\\\/\\\/lasentinelle.dz\\\/index.php\\\/2021\\\/08\\\/23\\\/jeux-paralympiques-tokyo-2020-lheure-de-verite-approche-pour-les-algeriens\\\/#respond\"]}]},{\"@type\":\"WebPage\",\"@id\":\"https:\\\/\\\/lasentinelle.dz\\\/index.php\\\/2021\\\/08\\\/23\\\/jeux-paralympiques-tokyo-2020-lheure-de-verite-approche-pour-les-algeriens\\\/\",\"url\":\"https:\\\/\\\/lasentinelle.dz\\\/index.php\\\/2021\\\/08\\\/23\\\/jeux-paralympiques-tokyo-2020-lheure-de-verite-approche-pour-les-algeriens\\\/\",\"name\":\"Jeux Paralympiques Tokyo 2020 : L\u2019heure de v\u00e9rit\u00e9 approche pour les Alg\u00e9riens - La Sentinelle\",\"isPartOf\":{\"@id\":\"https:\\\/\\\/lasentinelle.dz\\\/#website\"},\"primaryImageOfPage\":{\"@id\":\"https:\\\/\\\/lasentinelle.dz\\\/index.php\\\/2021\\\/08\\\/23\\\/jeux-paralympiques-tokyo-2020-lheure-de-verite-approche-pour-les-algeriens\\\/#primaryimage\"},\"image\":{\"@id\":\"https:\\\/\\\/lasentinelle.dz\\\/index.php\\\/2021\\\/08\\\/23\\\/jeux-paralympiques-tokyo-2020-lheure-de-verite-approche-pour-les-algeriens\\\/#primaryimage\"},\"thumbnailUrl\":\"https:\\\/\\\/lasentinelle.dz\\\/wp-content\\\/uploads\\\/2021\\\/08\\\/Handi.png\",\"datePublished\":\"2021-08-22T23:01:00+00:00\",\"breadcrumb\":{\"@id\":\"https:\\\/\\\/lasentinelle.dz\\\/index.php\\\/2021\\\/08\\\/23\\\/jeux-paralympiques-tokyo-2020-lheure-de-verite-approche-pour-les-algeriens\\\/#breadcrumb\"},\"inLanguage\":\"fr-FR\",\"potentialAction\":[{\"@type\":\"ReadAction\",\"target\":[\"https:\\\/\\\/lasentinelle.dz\\\/index.php\\\/2021\\\/08\\\/23\\\/jeux-paralympiques-tokyo-2020-lheure-de-verite-approche-pour-les-algeriens\\\/\"]}]},{\"@type\":\"ImageObject\",\"inLanguage\":\"fr-FR\",\"@id\":\"https:\\\/\\\/lasentinelle.dz\\\/index.php\\\/2021\\\/08\\\/23\\\/jeux-paralympiques-tokyo-2020-lheure-de-verite-approche-pour-les-algeriens\\\/#primaryimage\",\"url\":\"https:\\\/\\\/lasentinelle.dz\\\/wp-content\\\/uploads\\\/2021\\\/08\\\/Handi.png\",\"contentUrl\":\"https:\\\/\\\/lasentinelle.dz\\\/wp-content\\\/uploads\\\/2021\\\/08\\\/Handi.png\",\"width\":1313,\"height\":900},{\"@type\":\"BreadcrumbList\",\"@id\":\"https:\\\/\\\/lasentinelle.dz\\\/index.php\\\/2021\\\/08\\\/23\\\/jeux-paralympiques-tokyo-2020-lheure-de-verite-approche-pour-les-algeriens\\\/#breadcrumb\",\"itemListElement\":[{\"@type\":\"ListItem\",\"position\":1,\"name\":\"Accueil\",\"item\":\"https:\\\/\\\/lasentinelle.dz\\\/\"},{\"@type\":\"ListItem\",\"position\":2,\"name\":\"Jeux Paralympiques Tokyo 2020 : L\u2019heure de v\u00e9rit\u00e9 approche pour les Alg\u00e9riens\"}]},{\"@type\":\"WebSite\",\"@id\":\"https:\\\/\\\/lasentinelle.dz\\\/#website\",\"url\":\"https:\\\/\\\/lasentinelle.dz\\\/\",\"name\":\"La Sentinelle\",\"description\":\"Quotidien national d&#039;information\",\"publisher\":{\"@id\":\"https:\\\/\\\/lasentinelle.dz\\\/#organization\"},\"potentialAction\":[{\"@type\":\"SearchAction\",\"target\":{\"@type\":\"EntryPoint\",\"urlTemplate\":\"https:\\\/\\\/lasentinelle.dz\\\/?s={search_term_string}\"},\"query-input\":{\"@type\":\"PropertyValueSpecification\",\"valueRequired\":true,\"valueName\":\"search_term_string\"}}],\"inLanguage\":\"fr-FR\"},{\"@type\":\"Organization\",\"@id\":\"https:\\\/\\\/lasentinelle.dz\\\/#organization\",\"name\":\"Quotidien La Sentinelle\",\"url\":\"https:\\\/\\\/lasentinelle.dz\\\/\",\"logo\":{\"@type\":\"ImageObject\",\"inLanguage\":\"fr-FR\",\"@id\":\"https:\\\/\\\/lasentinelle.dz\\\/#\\\/schema\\\/logo\\\/image\\\/\",\"url\":\"https:\\\/\\\/lasentinelle.dz\\\/wp-content\\\/uploads\\\/2021\\\/09\\\/logo-sentinelleSLOGAN-1.png\",\"contentUrl\":\"https:\\\/\\\/lasentinelle.dz\\\/wp-content\\\/uploads\\\/2021\\\/09\\\/logo-sentinelleSLOGAN-1.png\",\"width\":615,\"height\":142,\"caption\":\"Quotidien La Sentinelle\"},\"image\":{\"@id\":\"https:\\\/\\\/lasentinelle.dz\\\/#\\\/schema\\\/logo\\\/image\\\/\"},\"sameAs\":[\"https:\\\/\\\/www.facebook.com\\\/La-Sentinelle-104059864394773\"]},{\"@type\":\"Person\",\"@id\":\"https:\\\/\\\/lasentinelle.dz\\\/#\\\/schema\\\/person\\\/d865044e22e70a75174ce8bcad3acfb3\",\"name\":\"La Sentinelle\",\"image\":{\"@type\":\"ImageObject\",\"inLanguage\":\"fr-FR\",\"@id\":\"https:\\\/\\\/secure.gravatar.com\\\/avatar\\\/57de8e5d4b15d43fb361a71fbb36338450fe67865b528a43dd10ef7c51a20392?s=96&d=mm&r=g\",\"url\":\"https:\\\/\\\/secure.gravatar.com\\\/avatar\\\/57de8e5d4b15d43fb361a71fbb36338450fe67865b528a43dd10ef7c51a20392?s=96&d=mm&r=g\",\"contentUrl\":\"https:\\\/\\\/secure.gravatar.com\\\/avatar\\\/57de8e5d4b15d43fb361a71fbb36338450fe67865b528a43dd10ef7c51a20392?s=96&d=mm&r=g\",\"caption\":\"La Sentinelle\"},\"sameAs\":[\"http:\\\/\\\/www.lasentinelle.dz\"],\"url\":\"https:\\\/\\\/lasentinelle.dz\\\/author\\\/redaction\\\/\"}]}<\/script>\n<!-- \/ Yoast SEO plugin. -->","yoast_head_json":{"title":"Jeux Paralympiques Tokyo 2020 : L\u2019heure de v\u00e9rit\u00e9 approche pour les Alg\u00e9riens - La Sentinelle","robots":{"index":"index","follow":"follow","max-snippet":"max-snippet:-1","max-image-preview":"max-image-preview:large","max-video-preview":"max-video-preview:-1"},"canonical":"https:\/\/lasentinelle.dz\/index.php\/2021\/08\/23\/jeux-paralympiques-tokyo-2020-lheure-de-verite-approche-pour-les-algeriens\/","og_locale":"fr_FR","og_type":"article","og_title":"Jeux Paralympiques Tokyo 2020 : L\u2019heure de v\u00e9rit\u00e9 approche pour les Alg\u00e9riens - La Sentinelle","og_description":"La d\u00e9l\u00e9gation alg\u00e9rienne, compos\u00e9e dans sa totalit\u00e9 de 85 personnes, s&rsquo;est d\u00e9plac\u00e9e, jeudi dernier, \u00e0 Tokyo, pour le rendez-vous plan\u00e9taire","og_url":"https:\/\/lasentinelle.dz\/index.php\/2021\/08\/23\/jeux-paralympiques-tokyo-2020-lheure-de-verite-approche-pour-les-algeriens\/","og_site_name":"La Sentinelle","article_publisher":"https:\/\/www.facebook.com\/La-Sentinelle-104059864394773","article_published_time":"2021-08-22T23:01:00+00:00","og_image":[{"width":1313,"height":900,"url":"https:\/\/lasentinelle.dz\/wp-content\/uploads\/2021\/08\/Handi.png","type":"image\/png"}],"author":"La Sentinelle","twitter_card":"summary_large_image","twitter_misc":{"\u00c9crit par":"La Sentinelle","Dur\u00e9e de lecture estim\u00e9e":"3 minutes"},"schema":{"@context":"https:\/\/schema.org","@graph":[{"@type":"Article","@id":"https:\/\/lasentinelle.dz\/index.php\/2021\/08\/23\/jeux-paralympiques-tokyo-2020-lheure-de-verite-approche-pour-les-algeriens\/#article","isPartOf":{"@id":"https:\/\/lasentinelle.dz\/index.php\/2021\/08\/23\/jeux-paralympiques-tokyo-2020-lheure-de-verite-approche-pour-les-algeriens\/"},"author":{"name":"La Sentinelle","@id":"https:\/\/lasentinelle.dz\/#\/schema\/person\/d865044e22e70a75174ce8bcad3acfb3"},"headline":"Jeux Paralympiques Tokyo 2020 : L\u2019heure de v\u00e9rit\u00e9 approche pour les Alg\u00e9riens","datePublished":"2021-08-22T23:01:00+00:00","mainEntityOfPage":{"@id":"https:\/\/lasentinelle.dz\/index.php\/2021\/08\/23\/jeux-paralympiques-tokyo-2020-lheure-de-verite-approche-pour-les-algeriens\/"},"wordCount":523,"commentCount":0,"publisher":{"@id":"https:\/\/lasentinelle.dz\/#organization"},"image":{"@id":"https:\/\/lasentinelle.dz\/index.php\/2021\/08\/23\/jeux-paralympiques-tokyo-2020-lheure-de-verite-approche-pour-les-algeriens\/#primaryimage"},"thumbnailUrl":"https:\/\/lasentinelle.dz\/wp-content\/uploads\/2021\/08\/Handi.png","articleSection":["Sports"],"inLanguage":"fr-FR","potentialAction":[{"@type":"CommentAction","name":"Comment","target":["https:\/\/lasentinelle.dz\/index.php\/2021\/08\/23\/jeux-paralympiques-tokyo-2020-lheure-de-verite-approche-pour-les-algeriens\/#respond"]}]},{"@type":"WebPage","@id":"https:\/\/lasentinelle.dz\/index.php\/2021\/08\/23\/jeux-paralympiques-tokyo-2020-lheure-de-verite-approche-pour-les-algeriens\/","url":"https:\/\/lasentinelle.dz\/index.php\/2021\/08\/23\/jeux-paralympiques-tokyo-2020-lheure-de-verite-approche-pour-les-algeriens\/","name":"Jeux Paralympiques Tokyo 2020 : L\u2019heure de v\u00e9rit\u00e9 approche pour les Alg\u00e9riens - La Sentinelle","isPartOf":{"@id":"https:\/\/lasentinelle.dz\/#website"},"primaryImageOfPage":{"@id":"https:\/\/lasentinelle.dz\/index.php\/2021\/08\/23\/jeux-paralympiques-tokyo-2020-lheure-de-verite-approche-pour-les-algeriens\/#primaryimage"},"image":{"@id":"https:\/\/lasentinelle.dz\/index.php\/2021\/08\/23\/jeux-paralympiques-tokyo-2020-lheure-de-verite-approche-pour-les-algeriens\/#primaryimage"},"thumbnailUrl":"https:\/\/lasentinelle.dz\/wp-content\/uploads\/2021\/08\/Handi.png","datePublished":"2021-08-22T23:01:00+00:00","breadcrumb":{"@id":"https:\/\/lasentinelle.dz\/index.php\/2021\/08\/23\/jeux-paralympiques-tokyo-2020-lheure-de-verite-approche-pour-les-algeriens\/#breadcrumb"},"inLanguage":"fr-FR","potentialAction":[{"@type":"ReadAction","target":["https:\/\/lasentinelle.dz\/index.php\/2021\/08\/23\/jeux-paralympiques-tokyo-2020-lheure-de-verite-approche-pour-les-algeriens\/"]}]},{"@type":"ImageObject","inLanguage":"fr-FR","@id":"https:\/\/lasentinelle.dz\/index.php\/2021\/08\/23\/jeux-paralympiques-tokyo-2020-lheure-de-verite-approche-pour-les-algeriens\/#primaryimage","url":"https:\/\/lasentinelle.dz\/wp-content\/uploads\/2021\/08\/Handi.png","contentUrl":"https:\/\/lasentinelle.dz\/wp-content\/uploads\/2021\/08\/Handi.png","width":1313,"height":900},{"@type":"BreadcrumbList","@id":"https:\/\/lasentinelle.dz\/index.php\/2021\/08\/23\/jeux-paralympiques-tokyo-2020-lheure-de-verite-approche-pour-les-algeriens\/#breadcrumb","itemListElement":[{"@type":"ListItem","position":1,"name":"Accueil","item":"https:\/\/lasentinelle.dz\/"},{"@type":"ListItem","position":2,"name":"Jeux Paralympiques Tokyo 2020 : L\u2019heure de v\u00e9rit\u00e9 approche pour les Alg\u00e9riens"}]},{"@type":"WebSite","@id":"https:\/\/lasentinelle.dz\/#website","url":"https:\/\/lasentinelle.dz\/","name":"La Sentinelle","description":"Quotidien national d&#039;information","publisher":{"@id":"https:\/\/lasentinelle.dz\/#organization"},"potentialAction":[{"@type":"SearchAction","target":{"@type":"EntryPoint","urlTemplate":"https:\/\/lasentinelle.dz\/?s={search_term_string}"},"query-input":{"@type":"PropertyValueSpecification","valueRequired":true,"valueName":"search_term_string"}}],"inLanguage":"fr-FR"},{"@type":"Organization","@id":"https:\/\/lasentinelle.dz\/#organization","name":"Quotidien La Sentinelle","url":"https:\/\/lasentinelle.dz\/","logo":{"@type":"ImageObject","inLanguage":"fr-FR","@id":"https:\/\/lasentinelle.dz\/#\/schema\/logo\/image\/","url":"https:\/\/lasentinelle.dz\/wp-content\/uploads\/2021\/09\/logo-sentinelleSLOGAN-1.png","contentUrl":"https:\/\/lasentinelle.dz\/wp-content\/uploads\/2021\/09\/logo-sentinelleSLOGAN-1.png","width":615,"height":142,"caption":"Quotidien La Sentinelle"},"image":{"@id":"https:\/\/lasentinelle.dz\/#\/schema\/logo\/image\/"},"sameAs":["https:\/\/www.facebook.com\/La-Sentinelle-104059864394773"]},{"@type":"Person","@id":"https:\/\/lasentinelle.dz\/#\/schema\/person\/d865044e22e70a75174ce8bcad3acfb3","name":"La Sentinelle","image":{"@type":"ImageObject","inLanguage":"fr-FR","@id":"https:\/\/secure.gravatar.com\/avatar\/57de8e5d4b15d43fb361a71fbb36338450fe67865b528a43dd10ef7c51a20392?s=96&d=mm&r=g","url":"https:\/\/secure.gravatar.com\/avatar\/57de8e5d4b15d43fb361a71fbb36338450fe67865b528a43dd10ef7c51a20392?s=96&d=mm&r=g","contentUrl":"https:\/\/secure.gravatar.com\/avatar\/57de8e5d4b15d43fb361a71fbb36338450fe67865b528a43dd10ef7c51a20392?s=96&d=mm&r=g","caption":"La Sentinelle"},"sameAs":["http:\/\/www.lasentinelle.dz"],"url":"https:\/\/lasentinelle.dz\/author\/redaction\/"}]}},"_links":{"self":[{"href":"https:\/\/lasentinelle.dz\/index.php\/wp-json\/wp\/v2\/posts\/4913","targetHints":{"allow":["GET"]}}],"collection":[{"href":"https:\/\/lasentinelle.dz\/index.php\/wp-json\/wp\/v2\/posts"}],"about":[{"href":"https:\/\/lasentinelle.dz\/index.php\/wp-json\/wp\/v2\/types\/post"}],"author":[{"embeddable":true,"href":"https:\/\/lasentinelle.dz\/index.php\/wp-json\/wp\/v2\/users\/3"}],"replies":[{"embeddable":true,"href":"https:\/\/lasentinelle.dz\/index.php\/wp-json\/wp\/v2\/comments?post=4913"}],"version-history":[{"count":1,"href":"https:\/\/lasentinelle.dz\/index.php\/wp-json\/wp\/v2\/posts\/4913\/revisions"}],"predecessor-version":[{"id":4922,"href":"https:\/\/lasentinelle.dz\/index.php\/wp-json\/wp\/v2\/posts\/4913\/revisions\/4922"}],"wp:featuredmedia":[{"embeddable":true,"href":"https:\/\/lasentinelle.dz\/index.php\/wp-json\/wp\/v2\/media\/4921"}],"wp:attachment":[{"href":"https:\/\/lasentinelle.dz\/index.php\/wp-json\/wp\/v2\/media?parent=4913"}],"wp:term":[{"taxonomy":"category","embeddable":true,"href":"https:\/\/lasentinelle.dz\/index.php\/wp-json\/wp\/v2\/categories?post=4913"},{"taxonomy":"post_tag","embeddable":true,"href":"https:\/\/lasentinelle.dz\/index.php\/wp-json\/wp\/v2\/tags?post=4913"}],"curies":[{"name":"wp","href":"https:\/\/api.w.org\/{rel}","templated":true}]}}