{"id":49139,"date":"2024-01-31T21:37:20","date_gmt":"2024-01-31T20:37:20","guid":{"rendered":"https:\/\/lasentinelle.dz\/?p=49139"},"modified":"2024-01-31T21:37:21","modified_gmt":"2024-01-31T20:37:21","slug":"un-mercato-anime-pour-les-verts","status":"publish","type":"post","link":"https:\/\/lasentinelle.dz\/index.php\/2024\/01\/31\/un-mercato-anime-pour-les-verts\/","title":{"rendered":"Un mercato anim\u00e9 pour les Verts"},"content":{"rendered":"\n<p>\u00c0 la veille de la cl\u00f4ture du mercato hivernal en Europe, plusieurs internationaux alg\u00e9riens sont concern\u00e9s par des transferts. C\u2019est ainsi qu\u2019Islam Slimani signe son retour en Europe,&nbsp;Badreddine Bouanani&nbsp;quitte, lui la C\u00f4te d\u2019Azur pour le Nord de la France, tandis que Sad Benrahma devrait quitter la Premier League pour la Ligue 1 fran\u00e7aise.&nbsp;<\/p>\n\n\n\n<p>En effet, l&rsquo;attaquant international alg\u00e9rien Islam Slimani a r\u00e9sili\u00e9 son contrat avec le club br\u00e9silien de premi\u00e8re division Coritiba et trouve d\u00e9sormais un accord avec KV Mechelen (premi\u00e8re division belge), a rapport\u00e9&nbsp;hier&nbsp;la presse locale.&nbsp;Le club br\u00e9silien rel\u00e9gu\u00e9 \u00e0 la deuxi\u00e8me division br\u00e9silienne au terme du championnat qui s\u2019est achev\u00e9 le mois de d\u00e9cembre dernier, a annonc\u00e9 le d\u00e9part de l\u2019international alg\u00e9rien dans un communiqu\u00e9 officiel : \u00ab\u00a0Coritiba informe que l\u2019athl\u00e8te Islam Slimani ne fait plus partie de l\u2019\u00e9quipe professionnelle du club, en raison de la r\u00e9siliation anticip\u00e9e de son contrat de travail\u00a0\u00bb.&nbsp;Selon le journaliste Belge Sacha Tavolieri, le meilleur buteur de l\u2019histoire de l\u2019\u00e9quipe nationale est attendu aujourd\u2019hui (mercredi) en Belgique o\u00f9 il va passer la visite m\u00e9dicale avant d\u2019officialiser son arriv\u00e9e avec son futur club qui occupe la 8e place au classement du championnat belge de premi\u00e8re division.Pour rappel, l&rsquo;attaquant des Verts (36 ans) a d\u00e9j\u00e0 r\u00e9ussi son passage en Belgique avec Anderlecht, lors de la deuxi\u00e8me moiti\u00e9 de la saison \u00e9coul\u00e9e, en inscrivant 9 buts en 16 matchs.&nbsp;En 11 apparitions sous le maillot du club br\u00e9silien, Slimani a marqu\u00e9 2 buts et d\u00e9livr\u00e9 3 passes d\u00e9cisives.&nbsp;&nbsp;Pour sa part, le milieu offensif international alg\u00e9rien de l&rsquo;OGC Nice Badreddine Bouanani, s&rsquo;est engag\u00e9 \u00e0 titre de pr\u00eat jusqu&rsquo;\u00e0 la fin de la saison avec le FC Lorient, a annonc\u00e9 l&rsquo;actuel lanterne rouge de la Ligue 1 fran\u00e7aise de football&nbsp;hier&nbsp;sur son site officiel.&nbsp;\u00ab\u00a0Le FC Lorient est heureux de vous annoncer l&rsquo;arriv\u00e9e sous la forme d&rsquo;un pr\u00eat de Bouanani (19 ans), le milieu offensif de l\u2019OGC Nice, jusqu\u2019\u00e0 la fin de la saison. Form\u00e9 au Lille LOSC, Bouanani a rejoint l&rsquo;OGC Nice \u00e0 l&rsquo;\u00e9t\u00e9 2022. Il effectue ses premiers pas en Ligue 1 le 11 janvier 2023 lors d&rsquo;un succ\u00e8s ni\u00e7ois face \u00e0 Montpellier (6-1). Il d\u00e9livre, au cours de ce match, sa premi\u00e8re passe d\u00e9cisive\u00a0\u00bb, indique Lorient dans un communiqu\u00e9.&nbsp;Ayant honor\u00e9 sa premi\u00e8re convocation en \u00e9quipe alg\u00e9rienne en mars 2023, Bouanani qui compte 5 s\u00e9lections avec les \u00ab\u00a0Verts\u00a0\u00bb, n&rsquo;a pas \u00e9t\u00e9 retenu pour la CAN-2023 (report\u00e9e \u00e0 2024) qui se joue actuellement en C\u00f4te d&rsquo;Ivoire, marqu\u00e9e par une \u00e9limination&nbsp;&nbsp;des Alg\u00e9riens d\u00e8s le premier tour.\u00a0\u00bbLe challenge propos\u00e9 par les dirigeants lorientais est tr\u00e8s plaisant et j&rsquo;ai envie de le relever. Le discours du coach et le projet de jeu expos\u00e9 ont \u00e9t\u00e9 d\u00e9terminants dans mon choix. Le FC Lorient est un club qui m\u00e9rite sa place en Ligue 1 et je ferai tout mon possible pour l&rsquo;aider \u00e0 se maintenir. L&rsquo;effectif est de qualit\u00e9 et capable de d\u00e9crocher cet objectif\u00a0\u00bb, a r\u00e9agi Bouanani, qui a pris part \u00e0 7 rencontres de Ligue 1 cette saison.&nbsp;Bouanani portera le num\u00e9ro 10 et s&rsquo;entra\u00eenera d\u00e8s demain \u00e0 l\u2019Espace FCL avec ses nouveaux co\u00e9quipiers, conclut la m\u00eame source.&nbsp;Le FC Lorient, sans la moindre victoire depuis 11 matchs, toutes comp\u00e9titions confondues, occupe la 20e et derni\u00e8re place au classement avec 13 unit\u00e9s, \u00e0 trois points du premier non-rel\u00e9gable.&nbsp;<\/p>\n\n\n\n<p>Enfin et selon les informations du tablo\u00efd anglais The Sun, un accord a \u00e9t\u00e9 trouv\u00e9 avec West Ham pour le transfert de Sa\u00efd Benrahma. Le montant de l&rsquo;op\u00e9ration est estim\u00e9 \u00e0 17,5 millions d&rsquo;euros, mais il manque encore un d\u00e9tail pour boucler l&rsquo;op\u00e9ration : l&rsquo;accord du joueur qui n&rsquo;a pas encore d\u00e9cid\u00e9 s&rsquo;il allait d\u00e9m\u00e9nager ou non. Des discussions ont actuellement lieu entre les dirigeants du joueur et l&rsquo;Olympique Lyonnais.&nbsp;<\/p>\n\n\n\n<p>R.S.<\/p>\n","protected":false},"excerpt":{"rendered":"<p>\u00c0 la veille de la cl\u00f4ture du mercato hivernal en Europe, plusieurs internationaux alg\u00e9riens sont concern\u00e9s par des transferts. C\u2019est<\/p>\n","protected":false},"author":3,"featured_media":36093,"comment_status":"open","ping_status":"closed","sticky":false,"template":"","format":"standard","meta":{"colormag_page_container_layout":"default_layout","colormag_page_sidebar_layout":"default_layout","om_disable_all_campaigns":false,"_monsterinsights_skip_tracking":false,"_monsterinsights_sitenote_active":false,"_monsterinsights_sitenote_note":"","_monsterinsights_sitenote_category":0,"footnotes":"","_wpscppro_dont_share_socialmedia":false,"_wpscppro_custom_social_share_image":0,"_facebook_share_type":"","_twitter_share_type":"","_linkedin_share_type":"","_pinterest_share_type":"","_linkedin_share_type_page":"","_instagram_share_type":"","_medium_share_type":"","_threads_share_type":"","_google_business_share_type":"","_selected_social_profile":[],"_wpsp_enable_custom_social_template":false,"_wpsp_social_scheduling":{"enabled":false,"datetime":null,"platforms":[],"status":"template_only","dateOption":"today","timeOption":"now","customDays":"","customHours":"","customDate":"","customTime":"","schedulingType":"absolute"},"_wpsp_active_default_template":true},"categories":[33],"tags":[],"class_list":["post-49139","post","type-post","status-publish","format-standard","has-post-thumbnail","hentry","category-sports"],"aioseo_notices":[],"yoast_head":"<!-- This site is optimized with the Yoast SEO plugin v27.5 - https:\/\/yoast.com\/product\/yoast-seo-wordpress\/ -->\n<title>Un mercato anim\u00e9 pour les Verts - La Sentinelle<\/title>\n<meta name=\"robots\" content=\"index, follow, max-snippet:-1, max-image-preview:large, max-video-preview:-1\" \/>\n<link rel=\"canonical\" href=\"https:\/\/lasentinelle.dz\/index.php\/2024\/01\/31\/un-mercato-anime-pour-les-verts\/\" \/>\n<meta property=\"og:locale\" content=\"fr_FR\" \/>\n<meta property=\"og:type\" content=\"article\" \/>\n<meta property=\"og:title\" content=\"Un mercato anim\u00e9 pour les Verts - La Sentinelle\" \/>\n<meta property=\"og:description\" content=\"\u00c0 la veille de la cl\u00f4ture du mercato hivernal en Europe, plusieurs internationaux alg\u00e9riens sont concern\u00e9s par des transferts. C\u2019est\" \/>\n<meta property=\"og:url\" content=\"https:\/\/lasentinelle.dz\/index.php\/2024\/01\/31\/un-mercato-anime-pour-les-verts\/\" \/>\n<meta property=\"og:site_name\" content=\"La Sentinelle\" \/>\n<meta property=\"article:publisher\" content=\"https:\/\/www.facebook.com\/La-Sentinelle-104059864394773\" \/>\n<meta property=\"article:published_time\" content=\"2024-01-31T20:37:20+00:00\" \/>\n<meta property=\"article:modified_time\" content=\"2024-01-31T20:37:21+00:00\" \/>\n<meta property=\"og:image\" content=\"https:\/\/lasentinelle.dz\/wp-content\/uploads\/2023\/02\/slimani-1.png\" \/>\n\t<meta property=\"og:image:width\" content=\"1200\" \/>\n\t<meta property=\"og:image:height\" content=\"900\" \/>\n\t<meta property=\"og:image:type\" content=\"image\/png\" \/>\n<meta name=\"author\" content=\"La Sentinelle\" \/>\n<meta name=\"twitter:card\" content=\"summary_large_image\" \/>\n<meta name=\"twitter:label1\" content=\"\u00c9crit par\" \/>\n\t<meta name=\"twitter:data1\" content=\"La Sentinelle\" \/>\n\t<meta name=\"twitter:label2\" content=\"Dur\u00e9e de lecture estim\u00e9e\" \/>\n\t<meta name=\"twitter:data2\" content=\"4 minutes\" \/>\n<script type=\"application\/ld+json\" class=\"yoast-schema-graph\">{\"@context\":\"https:\\\/\\\/schema.org\",\"@graph\":[{\"@type\":\"Article\",\"@id\":\"https:\\\/\\\/lasentinelle.dz\\\/index.php\\\/2024\\\/01\\\/31\\\/un-mercato-anime-pour-les-verts\\\/#article\",\"isPartOf\":{\"@id\":\"https:\\\/\\\/lasentinelle.dz\\\/index.php\\\/2024\\\/01\\\/31\\\/un-mercato-anime-pour-les-verts\\\/\"},\"author\":{\"name\":\"La Sentinelle\",\"@id\":\"https:\\\/\\\/lasentinelle.dz\\\/#\\\/schema\\\/person\\\/d865044e22e70a75174ce8bcad3acfb3\"},\"headline\":\"Un mercato anim\u00e9 pour les Verts\",\"datePublished\":\"2024-01-31T20:37:20+00:00\",\"dateModified\":\"2024-01-31T20:37:21+00:00\",\"mainEntityOfPage\":{\"@id\":\"https:\\\/\\\/lasentinelle.dz\\\/index.php\\\/2024\\\/01\\\/31\\\/un-mercato-anime-pour-les-verts\\\/\"},\"wordCount\":719,\"commentCount\":0,\"publisher\":{\"@id\":\"https:\\\/\\\/lasentinelle.dz\\\/#organization\"},\"image\":{\"@id\":\"https:\\\/\\\/lasentinelle.dz\\\/index.php\\\/2024\\\/01\\\/31\\\/un-mercato-anime-pour-les-verts\\\/#primaryimage\"},\"thumbnailUrl\":\"https:\\\/\\\/lasentinelle.dz\\\/wp-content\\\/uploads\\\/2023\\\/02\\\/slimani-1.png\",\"articleSection\":[\"Sports\"],\"inLanguage\":\"fr-FR\",\"potentialAction\":[{\"@type\":\"CommentAction\",\"name\":\"Comment\",\"target\":[\"https:\\\/\\\/lasentinelle.dz\\\/index.php\\\/2024\\\/01\\\/31\\\/un-mercato-anime-pour-les-verts\\\/#respond\"]}]},{\"@type\":\"WebPage\",\"@id\":\"https:\\\/\\\/lasentinelle.dz\\\/index.php\\\/2024\\\/01\\\/31\\\/un-mercato-anime-pour-les-verts\\\/\",\"url\":\"https:\\\/\\\/lasentinelle.dz\\\/index.php\\\/2024\\\/01\\\/31\\\/un-mercato-anime-pour-les-verts\\\/\",\"name\":\"Un mercato anim\u00e9 pour les Verts - La Sentinelle\",\"isPartOf\":{\"@id\":\"https:\\\/\\\/lasentinelle.dz\\\/#website\"},\"primaryImageOfPage\":{\"@id\":\"https:\\\/\\\/lasentinelle.dz\\\/index.php\\\/2024\\\/01\\\/31\\\/un-mercato-anime-pour-les-verts\\\/#primaryimage\"},\"image\":{\"@id\":\"https:\\\/\\\/lasentinelle.dz\\\/index.php\\\/2024\\\/01\\\/31\\\/un-mercato-anime-pour-les-verts\\\/#primaryimage\"},\"thumbnailUrl\":\"https:\\\/\\\/lasentinelle.dz\\\/wp-content\\\/uploads\\\/2023\\\/02\\\/slimani-1.png\",\"datePublished\":\"2024-01-31T20:37:20+00:00\",\"dateModified\":\"2024-01-31T20:37:21+00:00\",\"breadcrumb\":{\"@id\":\"https:\\\/\\\/lasentinelle.dz\\\/index.php\\\/2024\\\/01\\\/31\\\/un-mercato-anime-pour-les-verts\\\/#breadcrumb\"},\"inLanguage\":\"fr-FR\",\"potentialAction\":[{\"@type\":\"ReadAction\",\"target\":[\"https:\\\/\\\/lasentinelle.dz\\\/index.php\\\/2024\\\/01\\\/31\\\/un-mercato-anime-pour-les-verts\\\/\"]}]},{\"@type\":\"ImageObject\",\"inLanguage\":\"fr-FR\",\"@id\":\"https:\\\/\\\/lasentinelle.dz\\\/index.php\\\/2024\\\/01\\\/31\\\/un-mercato-anime-pour-les-verts\\\/#primaryimage\",\"url\":\"https:\\\/\\\/lasentinelle.dz\\\/wp-content\\\/uploads\\\/2023\\\/02\\\/slimani-1.png\",\"contentUrl\":\"https:\\\/\\\/lasentinelle.dz\\\/wp-content\\\/uploads\\\/2023\\\/02\\\/slimani-1.png\",\"width\":1200,\"height\":900},{\"@type\":\"BreadcrumbList\",\"@id\":\"https:\\\/\\\/lasentinelle.dz\\\/index.php\\\/2024\\\/01\\\/31\\\/un-mercato-anime-pour-les-verts\\\/#breadcrumb\",\"itemListElement\":[{\"@type\":\"ListItem\",\"position\":1,\"name\":\"Accueil\",\"item\":\"https:\\\/\\\/lasentinelle.dz\\\/\"},{\"@type\":\"ListItem\",\"position\":2,\"name\":\"Un mercato anim\u00e9 pour les Verts\"}]},{\"@type\":\"WebSite\",\"@id\":\"https:\\\/\\\/lasentinelle.dz\\\/#website\",\"url\":\"https:\\\/\\\/lasentinelle.dz\\\/\",\"name\":\"La Sentinelle\",\"description\":\"Quotidien national d&#039;information\",\"publisher\":{\"@id\":\"https:\\\/\\\/lasentinelle.dz\\\/#organization\"},\"potentialAction\":[{\"@type\":\"SearchAction\",\"target\":{\"@type\":\"EntryPoint\",\"urlTemplate\":\"https:\\\/\\\/lasentinelle.dz\\\/?s={search_term_string}\"},\"query-input\":{\"@type\":\"PropertyValueSpecification\",\"valueRequired\":true,\"valueName\":\"search_term_string\"}}],\"inLanguage\":\"fr-FR\"},{\"@type\":\"Organization\",\"@id\":\"https:\\\/\\\/lasentinelle.dz\\\/#organization\",\"name\":\"Quotidien La Sentinelle\",\"url\":\"https:\\\/\\\/lasentinelle.dz\\\/\",\"logo\":{\"@type\":\"ImageObject\",\"inLanguage\":\"fr-FR\",\"@id\":\"https:\\\/\\\/lasentinelle.dz\\\/#\\\/schema\\\/logo\\\/image\\\/\",\"url\":\"https:\\\/\\\/lasentinelle.dz\\\/wp-content\\\/uploads\\\/2021\\\/09\\\/logo-sentinelleSLOGAN-1.png\",\"contentUrl\":\"https:\\\/\\\/lasentinelle.dz\\\/wp-content\\\/uploads\\\/2021\\\/09\\\/logo-sentinelleSLOGAN-1.png\",\"width\":615,\"height\":142,\"caption\":\"Quotidien La Sentinelle\"},\"image\":{\"@id\":\"https:\\\/\\\/lasentinelle.dz\\\/#\\\/schema\\\/logo\\\/image\\\/\"},\"sameAs\":[\"https:\\\/\\\/www.facebook.com\\\/La-Sentinelle-104059864394773\"]},{\"@type\":\"Person\",\"@id\":\"https:\\\/\\\/lasentinelle.dz\\\/#\\\/schema\\\/person\\\/d865044e22e70a75174ce8bcad3acfb3\",\"name\":\"La Sentinelle\",\"image\":{\"@type\":\"ImageObject\",\"inLanguage\":\"fr-FR\",\"@id\":\"https:\\\/\\\/secure.gravatar.com\\\/avatar\\\/57de8e5d4b15d43fb361a71fbb36338450fe67865b528a43dd10ef7c51a20392?s=96&d=mm&r=g\",\"url\":\"https:\\\/\\\/secure.gravatar.com\\\/avatar\\\/57de8e5d4b15d43fb361a71fbb36338450fe67865b528a43dd10ef7c51a20392?s=96&d=mm&r=g\",\"contentUrl\":\"https:\\\/\\\/secure.gravatar.com\\\/avatar\\\/57de8e5d4b15d43fb361a71fbb36338450fe67865b528a43dd10ef7c51a20392?s=96&d=mm&r=g\",\"caption\":\"La Sentinelle\"},\"sameAs\":[\"http:\\\/\\\/www.lasentinelle.dz\"],\"url\":\"https:\\\/\\\/lasentinelle.dz\\\/author\\\/redaction\\\/\"}]}<\/script>\n<!-- \/ Yoast SEO plugin. -->","yoast_head_json":{"title":"Un mercato anim\u00e9 pour les Verts - La Sentinelle","robots":{"index":"index","follow":"follow","max-snippet":"max-snippet:-1","max-image-preview":"max-image-preview:large","max-video-preview":"max-video-preview:-1"},"canonical":"https:\/\/lasentinelle.dz\/index.php\/2024\/01\/31\/un-mercato-anime-pour-les-verts\/","og_locale":"fr_FR","og_type":"article","og_title":"Un mercato anim\u00e9 pour les Verts - La Sentinelle","og_description":"\u00c0 la veille de la cl\u00f4ture du mercato hivernal en Europe, plusieurs internationaux alg\u00e9riens sont concern\u00e9s par des transferts. C\u2019est","og_url":"https:\/\/lasentinelle.dz\/index.php\/2024\/01\/31\/un-mercato-anime-pour-les-verts\/","og_site_name":"La Sentinelle","article_publisher":"https:\/\/www.facebook.com\/La-Sentinelle-104059864394773","article_published_time":"2024-01-31T20:37:20+00:00","article_modified_time":"2024-01-31T20:37:21+00:00","og_image":[{"width":1200,"height":900,"url":"https:\/\/lasentinelle.dz\/wp-content\/uploads\/2023\/02\/slimani-1.png","type":"image\/png"}],"author":"La Sentinelle","twitter_card":"summary_large_image","twitter_misc":{"\u00c9crit par":"La Sentinelle","Dur\u00e9e de lecture estim\u00e9e":"4 minutes"},"schema":{"@context":"https:\/\/schema.org","@graph":[{"@type":"Article","@id":"https:\/\/lasentinelle.dz\/index.php\/2024\/01\/31\/un-mercato-anime-pour-les-verts\/#article","isPartOf":{"@id":"https:\/\/lasentinelle.dz\/index.php\/2024\/01\/31\/un-mercato-anime-pour-les-verts\/"},"author":{"name":"La Sentinelle","@id":"https:\/\/lasentinelle.dz\/#\/schema\/person\/d865044e22e70a75174ce8bcad3acfb3"},"headline":"Un mercato anim\u00e9 pour les Verts","datePublished":"2024-01-31T20:37:20+00:00","dateModified":"2024-01-31T20:37:21+00:00","mainEntityOfPage":{"@id":"https:\/\/lasentinelle.dz\/index.php\/2024\/01\/31\/un-mercato-anime-pour-les-verts\/"},"wordCount":719,"commentCount":0,"publisher":{"@id":"https:\/\/lasentinelle.dz\/#organization"},"image":{"@id":"https:\/\/lasentinelle.dz\/index.php\/2024\/01\/31\/un-mercato-anime-pour-les-verts\/#primaryimage"},"thumbnailUrl":"https:\/\/lasentinelle.dz\/wp-content\/uploads\/2023\/02\/slimani-1.png","articleSection":["Sports"],"inLanguage":"fr-FR","potentialAction":[{"@type":"CommentAction","name":"Comment","target":["https:\/\/lasentinelle.dz\/index.php\/2024\/01\/31\/un-mercato-anime-pour-les-verts\/#respond"]}]},{"@type":"WebPage","@id":"https:\/\/lasentinelle.dz\/index.php\/2024\/01\/31\/un-mercato-anime-pour-les-verts\/","url":"https:\/\/lasentinelle.dz\/index.php\/2024\/01\/31\/un-mercato-anime-pour-les-verts\/","name":"Un mercato anim\u00e9 pour les Verts - La Sentinelle","isPartOf":{"@id":"https:\/\/lasentinelle.dz\/#website"},"primaryImageOfPage":{"@id":"https:\/\/lasentinelle.dz\/index.php\/2024\/01\/31\/un-mercato-anime-pour-les-verts\/#primaryimage"},"image":{"@id":"https:\/\/lasentinelle.dz\/index.php\/2024\/01\/31\/un-mercato-anime-pour-les-verts\/#primaryimage"},"thumbnailUrl":"https:\/\/lasentinelle.dz\/wp-content\/uploads\/2023\/02\/slimani-1.png","datePublished":"2024-01-31T20:37:20+00:00","dateModified":"2024-01-31T20:37:21+00:00","breadcrumb":{"@id":"https:\/\/lasentinelle.dz\/index.php\/2024\/01\/31\/un-mercato-anime-pour-les-verts\/#breadcrumb"},"inLanguage":"fr-FR","potentialAction":[{"@type":"ReadAction","target":["https:\/\/lasentinelle.dz\/index.php\/2024\/01\/31\/un-mercato-anime-pour-les-verts\/"]}]},{"@type":"ImageObject","inLanguage":"fr-FR","@id":"https:\/\/lasentinelle.dz\/index.php\/2024\/01\/31\/un-mercato-anime-pour-les-verts\/#primaryimage","url":"https:\/\/lasentinelle.dz\/wp-content\/uploads\/2023\/02\/slimani-1.png","contentUrl":"https:\/\/lasentinelle.dz\/wp-content\/uploads\/2023\/02\/slimani-1.png","width":1200,"height":900},{"@type":"BreadcrumbList","@id":"https:\/\/lasentinelle.dz\/index.php\/2024\/01\/31\/un-mercato-anime-pour-les-verts\/#breadcrumb","itemListElement":[{"@type":"ListItem","position":1,"name":"Accueil","item":"https:\/\/lasentinelle.dz\/"},{"@type":"ListItem","position":2,"name":"Un mercato anim\u00e9 pour les Verts"}]},{"@type":"WebSite","@id":"https:\/\/lasentinelle.dz\/#website","url":"https:\/\/lasentinelle.dz\/","name":"La Sentinelle","description":"Quotidien national d&#039;information","publisher":{"@id":"https:\/\/lasentinelle.dz\/#organization"},"potentialAction":[{"@type":"SearchAction","target":{"@type":"EntryPoint","urlTemplate":"https:\/\/lasentinelle.dz\/?s={search_term_string}"},"query-input":{"@type":"PropertyValueSpecification","valueRequired":true,"valueName":"search_term_string"}}],"inLanguage":"fr-FR"},{"@type":"Organization","@id":"https:\/\/lasentinelle.dz\/#organization","name":"Quotidien La Sentinelle","url":"https:\/\/lasentinelle.dz\/","logo":{"@type":"ImageObject","inLanguage":"fr-FR","@id":"https:\/\/lasentinelle.dz\/#\/schema\/logo\/image\/","url":"https:\/\/lasentinelle.dz\/wp-content\/uploads\/2021\/09\/logo-sentinelleSLOGAN-1.png","contentUrl":"https:\/\/lasentinelle.dz\/wp-content\/uploads\/2021\/09\/logo-sentinelleSLOGAN-1.png","width":615,"height":142,"caption":"Quotidien La Sentinelle"},"image":{"@id":"https:\/\/lasentinelle.dz\/#\/schema\/logo\/image\/"},"sameAs":["https:\/\/www.facebook.com\/La-Sentinelle-104059864394773"]},{"@type":"Person","@id":"https:\/\/lasentinelle.dz\/#\/schema\/person\/d865044e22e70a75174ce8bcad3acfb3","name":"La Sentinelle","image":{"@type":"ImageObject","inLanguage":"fr-FR","@id":"https:\/\/secure.gravatar.com\/avatar\/57de8e5d4b15d43fb361a71fbb36338450fe67865b528a43dd10ef7c51a20392?s=96&d=mm&r=g","url":"https:\/\/secure.gravatar.com\/avatar\/57de8e5d4b15d43fb361a71fbb36338450fe67865b528a43dd10ef7c51a20392?s=96&d=mm&r=g","contentUrl":"https:\/\/secure.gravatar.com\/avatar\/57de8e5d4b15d43fb361a71fbb36338450fe67865b528a43dd10ef7c51a20392?s=96&d=mm&r=g","caption":"La Sentinelle"},"sameAs":["http:\/\/www.lasentinelle.dz"],"url":"https:\/\/lasentinelle.dz\/author\/redaction\/"}]}},"_links":{"self":[{"href":"https:\/\/lasentinelle.dz\/index.php\/wp-json\/wp\/v2\/posts\/49139","targetHints":{"allow":["GET"]}}],"collection":[{"href":"https:\/\/lasentinelle.dz\/index.php\/wp-json\/wp\/v2\/posts"}],"about":[{"href":"https:\/\/lasentinelle.dz\/index.php\/wp-json\/wp\/v2\/types\/post"}],"author":[{"embeddable":true,"href":"https:\/\/lasentinelle.dz\/index.php\/wp-json\/wp\/v2\/users\/3"}],"replies":[{"embeddable":true,"href":"https:\/\/lasentinelle.dz\/index.php\/wp-json\/wp\/v2\/comments?post=49139"}],"version-history":[{"count":1,"href":"https:\/\/lasentinelle.dz\/index.php\/wp-json\/wp\/v2\/posts\/49139\/revisions"}],"predecessor-version":[{"id":49140,"href":"https:\/\/lasentinelle.dz\/index.php\/wp-json\/wp\/v2\/posts\/49139\/revisions\/49140"}],"wp:featuredmedia":[{"embeddable":true,"href":"https:\/\/lasentinelle.dz\/index.php\/wp-json\/wp\/v2\/media\/36093"}],"wp:attachment":[{"href":"https:\/\/lasentinelle.dz\/index.php\/wp-json\/wp\/v2\/media?parent=49139"}],"wp:term":[{"taxonomy":"category","embeddable":true,"href":"https:\/\/lasentinelle.dz\/index.php\/wp-json\/wp\/v2\/categories?post=49139"},{"taxonomy":"post_tag","embeddable":true,"href":"https:\/\/lasentinelle.dz\/index.php\/wp-json\/wp\/v2\/tags?post=49139"}],"curies":[{"name":"wp","href":"https:\/\/api.w.org\/{rel}","templated":true}]}}