{"id":49189,"date":"2024-02-05T09:50:00","date_gmt":"2024-02-05T08:50:00","guid":{"rendered":"https:\/\/lasentinelle.dz\/?p=49189"},"modified":"2024-02-05T14:51:28","modified_gmt":"2024-02-05T13:51:28","slug":"ess-hitala-et-benkhelifa-en-renforts","status":"publish","type":"post","link":"https:\/\/lasentinelle.dz\/index.php\/2024\/02\/05\/ess-hitala-et-benkhelifa-en-renforts\/","title":{"rendered":"ESS\u00a0:\u00a0Hitala et Benkhelifa\u00a0en renforts"},"content":{"rendered":"\n<p>L&rsquo;attaquant du MC El-Bayadh, Ramdane Mehdi Hitala et le milieu offensif de l&rsquo;USM Alger Tahar Benkhelifa, se sont engag\u00e9s avec l&rsquo;ES S\u00e9tif, a annonc\u00e9 le club pensionnaire de Ligue 1 Mobilis de football dimanche dans un communiqu\u00e9, sans d\u00e9voiler la dur\u00e9e du contrat.<\/p>\n\n\n\n<p>Hitala (28 ans), ancien joueur du RC Relizane et du NC Magra, a marqu\u00e9 trois buts depuis le d\u00e9but de la saison, dont le dernier a \u00e9t\u00e9 sign\u00e9 le 27 janvier en d\u00e9placement face \u00e0 l&rsquo;ES Ben Aknoun (1-1) en championnat.De son c\u00f4t\u00e9, le milieu offensif de l&rsquo;USMA et form\u00e9 au Paradou AC, Tahar Benkhelifa (29 ans), en manque de temps de jeu avec le club de Soustara, a pr\u00e9f\u00e9r\u00e9 changer d&rsquo;air et rejoindre l&rsquo;Entente dans l&rsquo;objectif de relancer sa carri\u00e8re.&nbsp;L&rsquo;annonce de l&rsquo;arriv\u00e9e de ces deux recrues hivernales intervient \u00e0 24 heures de la cl\u00f4ture de la p\u00e9riode des transferts d&rsquo;hiver, fix\u00e9e au 5 f\u00e9vrier.&nbsp;L&rsquo;ESS est toujours \u00e0 la recherche d&rsquo;un nouvel entra\u00eeneur, en remplacement du Fran\u00e7ais Franck Dumas, d\u00e9missionnaire, \u00e0 l&rsquo;issue de la d\u00e9faite conc\u00e9d\u00e9e \u00e0 Alger face au Paradou AC (1-0) le 19 janvier en Ligue 1.Le club phare des hauts-plateaux reste sur une qualifications aux 1\/16es de finale de la Coupe d&rsquo;Alg\u00e9rie, apr\u00e8s sa victoire vendredi en d\u00e9placement face NR Tazoughert (Inter r\u00e9gions) 1-2.&nbsp;Au terme de la phase aller de Ligue 1, l&rsquo;ESS pointe \u00e0 la 5e place au classement en compagnie du CS Constantine avec 24 points chacun.&nbsp;<\/p>\n\n\n\n<p><strong>Le MCO boucle son mercato<\/strong><\/p>\n\n\n\n<p>De leur c\u00f4t\u00e9, les Hamraoua ont boucl\u00e9 leur mercato avec l\u2019attaquant Walid Ardji&nbsp;qui&nbsp;s\u2019est engag\u00e9 avec le MC Oran pour un contrat de deux saisons et demi et devient la 5e et derni\u00e8re recrue de cette formation de Ligue 1 de football.<\/p>\n\n\n\n<p>Ardji a rejoint les \u00ab\u00a0Hamraoua\u00a0\u00bb dans un transfert libre apr\u00e8s l\u2019expiration de son contrat avec le CS Constantine \u00e0 l\u2019issue de la phase aller du championnat de la Ligue 1, pr\u00e9cise&nbsp;la direction du club.&nbsp;Auparavant, le club phare de la capitale de l\u2019Ouest, qui lutte pour son maintien parmi l\u2019\u00e9lite, a recrut\u00e9 le Ghan\u00e9en Maxwell Bakooh (ex-USM Khenchela), H\u2019mida Salah (NC Magra), Merouane Boussalem (US Biskra) et Ahmed Kerroum (ASO Chlef).&nbsp;En revanche, le club s\u2019est s\u00e9par\u00e9 des services de cinq \u00e9l\u00e9ments en r\u00e9siliant \u00a0\u00bb\u00e0 l\u2019amiable\u00a0\u00bb leurs contrats. Il s\u2019agit du gardien de but Athmane Toual, en plus de Snousi Fourloul, Mahi Benhamou, Sid Ahmed Abbaci et Hichem Talha.&nbsp;Par ailleurs, les prot\u00e9g\u00e9s de l\u2019entraineur Youcef Bouzidi, qui a succ\u00e9d\u00e9, il y quelques semaines, \u00e0 Kheireddine Madoui, ont valid\u00e9, samedi, leur billet pour les 16\u00e8mes de finale de la Coupe d\u2019Alg\u00e9rie en battant \u00e0 domicile le CR B\u00e9ni Thour (3-0), dans un match qui a vu la participation d&rsquo;entr\u00e9e de quatre recrues mouloud\u00e9ennes.&nbsp;D\u2019ailleurs, deux des trois buts des Oranais furent l\u2019\u0153uvre du nouvel ailier droit de l\u2019\u00e9quipe, Merouane Boussalem, alors que Mourad Benayad en a inscrit le troisi\u00e8me pour sa nouvelle \u00e9quipe qui affrontera, en d\u00e9placement, le Paradou AC (L 1) lors du prochain tour de cette \u00e9preuve.L\u2019entraineur adjoint du MCO, Abdellatif Bouazza, en poste depuis une dizaine de jours, a pr\u00e9cis\u00e9, lors du point de presse d\u2019usage d\u2019apr\u00e8s match, que la titularisation de quatre nouveaux joueurs, quelques jours seulement de leur arriv\u00e9e au club, est justifi\u00e9e par le d\u00e9sir du staff technique de leur permettre de \u00a0\u00bb se fondre rapidement dans le groupe\u00a0\u00bb.&nbsp;Il a, en outre, mis en valeur le recrutement r\u00e9alis\u00e9 par la direction de son club au cours du pr\u00e9sent mercato hivernal, qui prendra fin lundi, \u00ab\u00a0surtout que les joueurs recrut\u00e9s \u00e9taient comp\u00e9titifs dans leurs anciens clubs et peuvent chacun \u00e9voluer dans deux postes diff\u00e9rents\u00a0\u00bb.Les Rouge et Blanc ont termin\u00e9 \u00e0 la 15e et avant-derni\u00e8re place (premiers potentiels rel\u00e9gables) au classement la phase aller avec 9 points. Ils accueillent l\u2019ASO Chlef (13e, 13 pts) lors de la premi\u00e8re journ\u00e9e de la phase retour programm\u00e9e pour le week-end prochain.&nbsp;<\/p>\n\n\n\n<p>R.S.<\/p>\n","protected":false},"excerpt":{"rendered":"<p>L&rsquo;attaquant du MC El-Bayadh, Ramdane Mehdi Hitala et le milieu offensif de l&rsquo;USM Alger Tahar Benkhelifa, se sont engag\u00e9s avec<\/p>\n","protected":false},"author":3,"featured_media":49190,"comment_status":"open","ping_status":"closed","sticky":false,"template":"","format":"standard","meta":{"colormag_page_container_layout":"default_layout","colormag_page_sidebar_layout":"default_layout","om_disable_all_campaigns":false,"_monsterinsights_skip_tracking":false,"_monsterinsights_sitenote_active":false,"_monsterinsights_sitenote_note":"","_monsterinsights_sitenote_category":0,"footnotes":"","_wpscppro_dont_share_socialmedia":false,"_wpscppro_custom_social_share_image":0,"_facebook_share_type":"","_twitter_share_type":"","_linkedin_share_type":"","_pinterest_share_type":"","_linkedin_share_type_page":"","_instagram_share_type":"","_medium_share_type":"","_threads_share_type":"","_google_business_share_type":"","_selected_social_profile":[],"_wpsp_enable_custom_social_template":false,"_wpsp_social_scheduling":{"enabled":false,"datetime":null,"platforms":[],"status":"template_only","dateOption":"today","timeOption":"now","customDays":"","customHours":"","customDate":"","customTime":"","schedulingType":"absolute"},"_wpsp_active_default_template":true},"categories":[33],"tags":[],"class_list":["post-49189","post","type-post","status-publish","format-standard","has-post-thumbnail","hentry","category-sports"],"aioseo_notices":[],"yoast_head":"<!-- This site is optimized with the Yoast SEO plugin v27.5 - https:\/\/yoast.com\/product\/yoast-seo-wordpress\/ -->\n<title>ESS\u00a0:\u00a0Hitala et Benkhelifa\u00a0en renforts - La Sentinelle<\/title>\n<meta name=\"robots\" content=\"index, follow, max-snippet:-1, max-image-preview:large, max-video-preview:-1\" \/>\n<link rel=\"canonical\" href=\"https:\/\/lasentinelle.dz\/index.php\/2024\/02\/05\/ess-hitala-et-benkhelifa-en-renforts\/\" \/>\n<meta property=\"og:locale\" content=\"fr_FR\" \/>\n<meta property=\"og:type\" content=\"article\" \/>\n<meta property=\"og:title\" content=\"ESS\u00a0:\u00a0Hitala et Benkhelifa\u00a0en renforts - La Sentinelle\" \/>\n<meta property=\"og:description\" content=\"L&rsquo;attaquant du MC El-Bayadh, Ramdane Mehdi Hitala et le milieu offensif de l&rsquo;USM Alger Tahar Benkhelifa, se sont engag\u00e9s avec\" \/>\n<meta property=\"og:url\" content=\"https:\/\/lasentinelle.dz\/index.php\/2024\/02\/05\/ess-hitala-et-benkhelifa-en-renforts\/\" \/>\n<meta property=\"og:site_name\" content=\"La Sentinelle\" \/>\n<meta property=\"article:publisher\" content=\"https:\/\/www.facebook.com\/La-Sentinelle-104059864394773\" \/>\n<meta property=\"article:published_time\" content=\"2024-02-05T08:50:00+00:00\" \/>\n<meta property=\"article:modified_time\" content=\"2024-02-05T13:51:28+00:00\" \/>\n<meta property=\"og:image\" content=\"https:\/\/lasentinelle.dz\/wp-content\/uploads\/2024\/02\/ESS.jpeg\" \/>\n\t<meta property=\"og:image:width\" content=\"960\" \/>\n\t<meta property=\"og:image:height\" content=\"960\" \/>\n\t<meta property=\"og:image:type\" content=\"image\/jpeg\" \/>\n<meta name=\"author\" content=\"La Sentinelle\" \/>\n<meta name=\"twitter:card\" content=\"summary_large_image\" \/>\n<meta name=\"twitter:label1\" content=\"\u00c9crit par\" \/>\n\t<meta name=\"twitter:data1\" content=\"La Sentinelle\" \/>\n\t<meta name=\"twitter:label2\" content=\"Dur\u00e9e de lecture estim\u00e9e\" \/>\n\t<meta name=\"twitter:data2\" content=\"4 minutes\" \/>\n<script type=\"application\/ld+json\" class=\"yoast-schema-graph\">{\"@context\":\"https:\\\/\\\/schema.org\",\"@graph\":[{\"@type\":\"Article\",\"@id\":\"https:\\\/\\\/lasentinelle.dz\\\/index.php\\\/2024\\\/02\\\/05\\\/ess-hitala-et-benkhelifa-en-renforts\\\/#article\",\"isPartOf\":{\"@id\":\"https:\\\/\\\/lasentinelle.dz\\\/index.php\\\/2024\\\/02\\\/05\\\/ess-hitala-et-benkhelifa-en-renforts\\\/\"},\"author\":{\"name\":\"La Sentinelle\",\"@id\":\"https:\\\/\\\/lasentinelle.dz\\\/#\\\/schema\\\/person\\\/d865044e22e70a75174ce8bcad3acfb3\"},\"headline\":\"ESS\u00a0:\u00a0Hitala et Benkhelifa\u00a0en renforts\",\"datePublished\":\"2024-02-05T08:50:00+00:00\",\"dateModified\":\"2024-02-05T13:51:28+00:00\",\"mainEntityOfPage\":{\"@id\":\"https:\\\/\\\/lasentinelle.dz\\\/index.php\\\/2024\\\/02\\\/05\\\/ess-hitala-et-benkhelifa-en-renforts\\\/\"},\"wordCount\":731,\"commentCount\":0,\"publisher\":{\"@id\":\"https:\\\/\\\/lasentinelle.dz\\\/#organization\"},\"image\":{\"@id\":\"https:\\\/\\\/lasentinelle.dz\\\/index.php\\\/2024\\\/02\\\/05\\\/ess-hitala-et-benkhelifa-en-renforts\\\/#primaryimage\"},\"thumbnailUrl\":\"https:\\\/\\\/lasentinelle.dz\\\/wp-content\\\/uploads\\\/2024\\\/02\\\/ESS.jpeg\",\"articleSection\":[\"Sports\"],\"inLanguage\":\"fr-FR\",\"potentialAction\":[{\"@type\":\"CommentAction\",\"name\":\"Comment\",\"target\":[\"https:\\\/\\\/lasentinelle.dz\\\/index.php\\\/2024\\\/02\\\/05\\\/ess-hitala-et-benkhelifa-en-renforts\\\/#respond\"]}]},{\"@type\":\"WebPage\",\"@id\":\"https:\\\/\\\/lasentinelle.dz\\\/index.php\\\/2024\\\/02\\\/05\\\/ess-hitala-et-benkhelifa-en-renforts\\\/\",\"url\":\"https:\\\/\\\/lasentinelle.dz\\\/index.php\\\/2024\\\/02\\\/05\\\/ess-hitala-et-benkhelifa-en-renforts\\\/\",\"name\":\"ESS\u00a0:\u00a0Hitala et Benkhelifa\u00a0en renforts - La Sentinelle\",\"isPartOf\":{\"@id\":\"https:\\\/\\\/lasentinelle.dz\\\/#website\"},\"primaryImageOfPage\":{\"@id\":\"https:\\\/\\\/lasentinelle.dz\\\/index.php\\\/2024\\\/02\\\/05\\\/ess-hitala-et-benkhelifa-en-renforts\\\/#primaryimage\"},\"image\":{\"@id\":\"https:\\\/\\\/lasentinelle.dz\\\/index.php\\\/2024\\\/02\\\/05\\\/ess-hitala-et-benkhelifa-en-renforts\\\/#primaryimage\"},\"thumbnailUrl\":\"https:\\\/\\\/lasentinelle.dz\\\/wp-content\\\/uploads\\\/2024\\\/02\\\/ESS.jpeg\",\"datePublished\":\"2024-02-05T08:50:00+00:00\",\"dateModified\":\"2024-02-05T13:51:28+00:00\",\"breadcrumb\":{\"@id\":\"https:\\\/\\\/lasentinelle.dz\\\/index.php\\\/2024\\\/02\\\/05\\\/ess-hitala-et-benkhelifa-en-renforts\\\/#breadcrumb\"},\"inLanguage\":\"fr-FR\",\"potentialAction\":[{\"@type\":\"ReadAction\",\"target\":[\"https:\\\/\\\/lasentinelle.dz\\\/index.php\\\/2024\\\/02\\\/05\\\/ess-hitala-et-benkhelifa-en-renforts\\\/\"]}]},{\"@type\":\"ImageObject\",\"inLanguage\":\"fr-FR\",\"@id\":\"https:\\\/\\\/lasentinelle.dz\\\/index.php\\\/2024\\\/02\\\/05\\\/ess-hitala-et-benkhelifa-en-renforts\\\/#primaryimage\",\"url\":\"https:\\\/\\\/lasentinelle.dz\\\/wp-content\\\/uploads\\\/2024\\\/02\\\/ESS.jpeg\",\"contentUrl\":\"https:\\\/\\\/lasentinelle.dz\\\/wp-content\\\/uploads\\\/2024\\\/02\\\/ESS.jpeg\",\"width\":960,\"height\":960},{\"@type\":\"BreadcrumbList\",\"@id\":\"https:\\\/\\\/lasentinelle.dz\\\/index.php\\\/2024\\\/02\\\/05\\\/ess-hitala-et-benkhelifa-en-renforts\\\/#breadcrumb\",\"itemListElement\":[{\"@type\":\"ListItem\",\"position\":1,\"name\":\"Accueil\",\"item\":\"https:\\\/\\\/lasentinelle.dz\\\/\"},{\"@type\":\"ListItem\",\"position\":2,\"name\":\"ESS\u00a0:\u00a0Hitala et Benkhelifa\u00a0en renforts\"}]},{\"@type\":\"WebSite\",\"@id\":\"https:\\\/\\\/lasentinelle.dz\\\/#website\",\"url\":\"https:\\\/\\\/lasentinelle.dz\\\/\",\"name\":\"La Sentinelle\",\"description\":\"Quotidien national d&#039;information\",\"publisher\":{\"@id\":\"https:\\\/\\\/lasentinelle.dz\\\/#organization\"},\"potentialAction\":[{\"@type\":\"SearchAction\",\"target\":{\"@type\":\"EntryPoint\",\"urlTemplate\":\"https:\\\/\\\/lasentinelle.dz\\\/?s={search_term_string}\"},\"query-input\":{\"@type\":\"PropertyValueSpecification\",\"valueRequired\":true,\"valueName\":\"search_term_string\"}}],\"inLanguage\":\"fr-FR\"},{\"@type\":\"Organization\",\"@id\":\"https:\\\/\\\/lasentinelle.dz\\\/#organization\",\"name\":\"Quotidien La Sentinelle\",\"url\":\"https:\\\/\\\/lasentinelle.dz\\\/\",\"logo\":{\"@type\":\"ImageObject\",\"inLanguage\":\"fr-FR\",\"@id\":\"https:\\\/\\\/lasentinelle.dz\\\/#\\\/schema\\\/logo\\\/image\\\/\",\"url\":\"https:\\\/\\\/lasentinelle.dz\\\/wp-content\\\/uploads\\\/2021\\\/09\\\/logo-sentinelleSLOGAN-1.png\",\"contentUrl\":\"https:\\\/\\\/lasentinelle.dz\\\/wp-content\\\/uploads\\\/2021\\\/09\\\/logo-sentinelleSLOGAN-1.png\",\"width\":615,\"height\":142,\"caption\":\"Quotidien La Sentinelle\"},\"image\":{\"@id\":\"https:\\\/\\\/lasentinelle.dz\\\/#\\\/schema\\\/logo\\\/image\\\/\"},\"sameAs\":[\"https:\\\/\\\/www.facebook.com\\\/La-Sentinelle-104059864394773\"]},{\"@type\":\"Person\",\"@id\":\"https:\\\/\\\/lasentinelle.dz\\\/#\\\/schema\\\/person\\\/d865044e22e70a75174ce8bcad3acfb3\",\"name\":\"La Sentinelle\",\"image\":{\"@type\":\"ImageObject\",\"inLanguage\":\"fr-FR\",\"@id\":\"https:\\\/\\\/secure.gravatar.com\\\/avatar\\\/57de8e5d4b15d43fb361a71fbb36338450fe67865b528a43dd10ef7c51a20392?s=96&d=mm&r=g\",\"url\":\"https:\\\/\\\/secure.gravatar.com\\\/avatar\\\/57de8e5d4b15d43fb361a71fbb36338450fe67865b528a43dd10ef7c51a20392?s=96&d=mm&r=g\",\"contentUrl\":\"https:\\\/\\\/secure.gravatar.com\\\/avatar\\\/57de8e5d4b15d43fb361a71fbb36338450fe67865b528a43dd10ef7c51a20392?s=96&d=mm&r=g\",\"caption\":\"La Sentinelle\"},\"sameAs\":[\"http:\\\/\\\/www.lasentinelle.dz\"],\"url\":\"https:\\\/\\\/lasentinelle.dz\\\/author\\\/redaction\\\/\"}]}<\/script>\n<!-- \/ Yoast SEO plugin. -->","yoast_head_json":{"title":"ESS\u00a0:\u00a0Hitala et Benkhelifa\u00a0en renforts - La Sentinelle","robots":{"index":"index","follow":"follow","max-snippet":"max-snippet:-1","max-image-preview":"max-image-preview:large","max-video-preview":"max-video-preview:-1"},"canonical":"https:\/\/lasentinelle.dz\/index.php\/2024\/02\/05\/ess-hitala-et-benkhelifa-en-renforts\/","og_locale":"fr_FR","og_type":"article","og_title":"ESS\u00a0:\u00a0Hitala et Benkhelifa\u00a0en renforts - La Sentinelle","og_description":"L&rsquo;attaquant du MC El-Bayadh, Ramdane Mehdi Hitala et le milieu offensif de l&rsquo;USM Alger Tahar Benkhelifa, se sont engag\u00e9s avec","og_url":"https:\/\/lasentinelle.dz\/index.php\/2024\/02\/05\/ess-hitala-et-benkhelifa-en-renforts\/","og_site_name":"La Sentinelle","article_publisher":"https:\/\/www.facebook.com\/La-Sentinelle-104059864394773","article_published_time":"2024-02-05T08:50:00+00:00","article_modified_time":"2024-02-05T13:51:28+00:00","og_image":[{"width":960,"height":960,"url":"https:\/\/lasentinelle.dz\/wp-content\/uploads\/2024\/02\/ESS.jpeg","type":"image\/jpeg"}],"author":"La Sentinelle","twitter_card":"summary_large_image","twitter_misc":{"\u00c9crit par":"La Sentinelle","Dur\u00e9e de lecture estim\u00e9e":"4 minutes"},"schema":{"@context":"https:\/\/schema.org","@graph":[{"@type":"Article","@id":"https:\/\/lasentinelle.dz\/index.php\/2024\/02\/05\/ess-hitala-et-benkhelifa-en-renforts\/#article","isPartOf":{"@id":"https:\/\/lasentinelle.dz\/index.php\/2024\/02\/05\/ess-hitala-et-benkhelifa-en-renforts\/"},"author":{"name":"La Sentinelle","@id":"https:\/\/lasentinelle.dz\/#\/schema\/person\/d865044e22e70a75174ce8bcad3acfb3"},"headline":"ESS\u00a0:\u00a0Hitala et Benkhelifa\u00a0en renforts","datePublished":"2024-02-05T08:50:00+00:00","dateModified":"2024-02-05T13:51:28+00:00","mainEntityOfPage":{"@id":"https:\/\/lasentinelle.dz\/index.php\/2024\/02\/05\/ess-hitala-et-benkhelifa-en-renforts\/"},"wordCount":731,"commentCount":0,"publisher":{"@id":"https:\/\/lasentinelle.dz\/#organization"},"image":{"@id":"https:\/\/lasentinelle.dz\/index.php\/2024\/02\/05\/ess-hitala-et-benkhelifa-en-renforts\/#primaryimage"},"thumbnailUrl":"https:\/\/lasentinelle.dz\/wp-content\/uploads\/2024\/02\/ESS.jpeg","articleSection":["Sports"],"inLanguage":"fr-FR","potentialAction":[{"@type":"CommentAction","name":"Comment","target":["https:\/\/lasentinelle.dz\/index.php\/2024\/02\/05\/ess-hitala-et-benkhelifa-en-renforts\/#respond"]}]},{"@type":"WebPage","@id":"https:\/\/lasentinelle.dz\/index.php\/2024\/02\/05\/ess-hitala-et-benkhelifa-en-renforts\/","url":"https:\/\/lasentinelle.dz\/index.php\/2024\/02\/05\/ess-hitala-et-benkhelifa-en-renforts\/","name":"ESS\u00a0:\u00a0Hitala et Benkhelifa\u00a0en renforts - La Sentinelle","isPartOf":{"@id":"https:\/\/lasentinelle.dz\/#website"},"primaryImageOfPage":{"@id":"https:\/\/lasentinelle.dz\/index.php\/2024\/02\/05\/ess-hitala-et-benkhelifa-en-renforts\/#primaryimage"},"image":{"@id":"https:\/\/lasentinelle.dz\/index.php\/2024\/02\/05\/ess-hitala-et-benkhelifa-en-renforts\/#primaryimage"},"thumbnailUrl":"https:\/\/lasentinelle.dz\/wp-content\/uploads\/2024\/02\/ESS.jpeg","datePublished":"2024-02-05T08:50:00+00:00","dateModified":"2024-02-05T13:51:28+00:00","breadcrumb":{"@id":"https:\/\/lasentinelle.dz\/index.php\/2024\/02\/05\/ess-hitala-et-benkhelifa-en-renforts\/#breadcrumb"},"inLanguage":"fr-FR","potentialAction":[{"@type":"ReadAction","target":["https:\/\/lasentinelle.dz\/index.php\/2024\/02\/05\/ess-hitala-et-benkhelifa-en-renforts\/"]}]},{"@type":"ImageObject","inLanguage":"fr-FR","@id":"https:\/\/lasentinelle.dz\/index.php\/2024\/02\/05\/ess-hitala-et-benkhelifa-en-renforts\/#primaryimage","url":"https:\/\/lasentinelle.dz\/wp-content\/uploads\/2024\/02\/ESS.jpeg","contentUrl":"https:\/\/lasentinelle.dz\/wp-content\/uploads\/2024\/02\/ESS.jpeg","width":960,"height":960},{"@type":"BreadcrumbList","@id":"https:\/\/lasentinelle.dz\/index.php\/2024\/02\/05\/ess-hitala-et-benkhelifa-en-renforts\/#breadcrumb","itemListElement":[{"@type":"ListItem","position":1,"name":"Accueil","item":"https:\/\/lasentinelle.dz\/"},{"@type":"ListItem","position":2,"name":"ESS\u00a0:\u00a0Hitala et Benkhelifa\u00a0en renforts"}]},{"@type":"WebSite","@id":"https:\/\/lasentinelle.dz\/#website","url":"https:\/\/lasentinelle.dz\/","name":"La Sentinelle","description":"Quotidien national d&#039;information","publisher":{"@id":"https:\/\/lasentinelle.dz\/#organization"},"potentialAction":[{"@type":"SearchAction","target":{"@type":"EntryPoint","urlTemplate":"https:\/\/lasentinelle.dz\/?s={search_term_string}"},"query-input":{"@type":"PropertyValueSpecification","valueRequired":true,"valueName":"search_term_string"}}],"inLanguage":"fr-FR"},{"@type":"Organization","@id":"https:\/\/lasentinelle.dz\/#organization","name":"Quotidien La Sentinelle","url":"https:\/\/lasentinelle.dz\/","logo":{"@type":"ImageObject","inLanguage":"fr-FR","@id":"https:\/\/lasentinelle.dz\/#\/schema\/logo\/image\/","url":"https:\/\/lasentinelle.dz\/wp-content\/uploads\/2021\/09\/logo-sentinelleSLOGAN-1.png","contentUrl":"https:\/\/lasentinelle.dz\/wp-content\/uploads\/2021\/09\/logo-sentinelleSLOGAN-1.png","width":615,"height":142,"caption":"Quotidien La Sentinelle"},"image":{"@id":"https:\/\/lasentinelle.dz\/#\/schema\/logo\/image\/"},"sameAs":["https:\/\/www.facebook.com\/La-Sentinelle-104059864394773"]},{"@type":"Person","@id":"https:\/\/lasentinelle.dz\/#\/schema\/person\/d865044e22e70a75174ce8bcad3acfb3","name":"La Sentinelle","image":{"@type":"ImageObject","inLanguage":"fr-FR","@id":"https:\/\/secure.gravatar.com\/avatar\/57de8e5d4b15d43fb361a71fbb36338450fe67865b528a43dd10ef7c51a20392?s=96&d=mm&r=g","url":"https:\/\/secure.gravatar.com\/avatar\/57de8e5d4b15d43fb361a71fbb36338450fe67865b528a43dd10ef7c51a20392?s=96&d=mm&r=g","contentUrl":"https:\/\/secure.gravatar.com\/avatar\/57de8e5d4b15d43fb361a71fbb36338450fe67865b528a43dd10ef7c51a20392?s=96&d=mm&r=g","caption":"La Sentinelle"},"sameAs":["http:\/\/www.lasentinelle.dz"],"url":"https:\/\/lasentinelle.dz\/author\/redaction\/"}]}},"_links":{"self":[{"href":"https:\/\/lasentinelle.dz\/index.php\/wp-json\/wp\/v2\/posts\/49189","targetHints":{"allow":["GET"]}}],"collection":[{"href":"https:\/\/lasentinelle.dz\/index.php\/wp-json\/wp\/v2\/posts"}],"about":[{"href":"https:\/\/lasentinelle.dz\/index.php\/wp-json\/wp\/v2\/types\/post"}],"author":[{"embeddable":true,"href":"https:\/\/lasentinelle.dz\/index.php\/wp-json\/wp\/v2\/users\/3"}],"replies":[{"embeddable":true,"href":"https:\/\/lasentinelle.dz\/index.php\/wp-json\/wp\/v2\/comments?post=49189"}],"version-history":[{"count":1,"href":"https:\/\/lasentinelle.dz\/index.php\/wp-json\/wp\/v2\/posts\/49189\/revisions"}],"predecessor-version":[{"id":49191,"href":"https:\/\/lasentinelle.dz\/index.php\/wp-json\/wp\/v2\/posts\/49189\/revisions\/49191"}],"wp:featuredmedia":[{"embeddable":true,"href":"https:\/\/lasentinelle.dz\/index.php\/wp-json\/wp\/v2\/media\/49190"}],"wp:attachment":[{"href":"https:\/\/lasentinelle.dz\/index.php\/wp-json\/wp\/v2\/media?parent=49189"}],"wp:term":[{"taxonomy":"category","embeddable":true,"href":"https:\/\/lasentinelle.dz\/index.php\/wp-json\/wp\/v2\/categories?post=49189"},{"taxonomy":"post_tag","embeddable":true,"href":"https:\/\/lasentinelle.dz\/index.php\/wp-json\/wp\/v2\/tags?post=49189"}],"curies":[{"name":"wp","href":"https:\/\/api.w.org\/{rel}","templated":true}]}}