{"id":49222,"date":"2024-02-05T10:12:00","date_gmt":"2024-02-05T09:12:00","guid":{"rendered":"https:\/\/lasentinelle.dz\/?p=49222"},"modified":"2024-02-05T15:14:04","modified_gmt":"2024-02-05T14:14:04","slug":"le-premier-ministre-prend-part-au-sommet-du-lua-sur-la-libye-consacrer-le-processus-de-reconciliation","status":"publish","type":"post","link":"https:\/\/lasentinelle.dz\/index.php\/2024\/02\/05\/le-premier-ministre-prend-part-au-sommet-du-lua-sur-la-libye-consacrer-le-processus-de-reconciliation\/","title":{"rendered":"Le Premier ministre prend part au Sommet du l\u2019UA sur la Libye\u00a0: Consacrer le processus de r\u00e9conciliation"},"content":{"rendered":"\n<p>Le Premier ministre, Nadir Larbaoui,&nbsp;doit prendre part, aujourd\u2019hui \u00e0 Brazzaville,&nbsp;en qualit\u00e9 de repr\u00e9sentant du pr\u00e9sident de la R\u00e9publique, Abdelmadjid Tebboune, \u00e0&nbsp;la 10e session du Sommet des chefs d&rsquo;Etat des pays membres du Comit\u00e9 de haut niveau de l&rsquo;Union africaine sur la Libye. Une r\u00e9union qui intervient \u00e0 quelques semaines de la Conf\u00e9rence nationale inclusive pour la r\u00e9conciliation nationale, pr\u00e9vue le&nbsp;<\/p>\n\n\n\n<p>28 avril \u00e0 Syrte.<\/p>\n\n\n\n<p>Pour l\u2019Alg\u00e9rie, le sommet de Brazzaville rev\u00eat une importance particuli\u00e8re et entend contribuer \u00e0 sa r\u00e9ussite en pr\u00e9vision de la conf\u00e9rence de r\u00e9conciliation en Libye. Il faut dire que l\u2019Alg\u00e9rie a toujours plaid\u00e9 pour une solution libo-libyenne assise sur le dialogue politique, la r\u00e9conciliation nationale et l\u2019organisation d\u2019\u00e9lections pour doter la Libye d\u2019institutions l\u00e9gitimes et mettre fin \u00e0 la crise qui d\u00e9chire le pays depuis maintenant 13 ans. Une position qui a d\u2019ailleurs \u00e9t\u00e9 r\u00e9affirm\u00e9e par le ministre des Affaires \u00e9trang\u00e8res et de la Communaut\u00e9 nationale \u00e0 l\u2019\u00e9tranger, Ahmed Attaf, lors de la visite qu\u2019il a effectu\u00e9e samedi \u00e0 Tripoli. Sur place, le chef de la diplomatie alg\u00e9rienne a r\u00e9it\u00e9r\u00e9 \u00ab\u00a0la disposition de l&rsquo;Alg\u00e9rie \u00e0 contribuer, de par sa position au sein du Conseil de s\u00e9curit\u00e9, \u00e0 d\u00e9fendre les pr\u00e9occupations et les priorit\u00e9s des fr\u00e8res libyens, en vue d&rsquo;acc\u00e9l\u00e9rer la r\u00e9alisation d&rsquo;une solution libo-libyenne \u00e0 m\u00eame de mettre fin d\u00e9finitivement \u00e0 la crise\u00a0\u00bb. La visite de M. Attaf \u00e0 Tripoli consacre d\u2019ailleurs le souci du pr\u00e9sident de la R\u00e9publique \u0153uvrer \u00e0 la consolidation des liens de fraternit\u00e9, de solidarit\u00e9 et de coop\u00e9ration entre l&rsquo;Alg\u00e9rie et la Libye et \u00e0 la pr\u00e9servation et au renforcement des traditions de concertation et de coordination, au mieux des int\u00e9r\u00eats des deux pays et peuples fr\u00e8res et pour la stabilit\u00e9 de la r\u00e9gion tout enti\u00e8re.<\/p>\n\n\n\n<p>La crise en Libye a d\u2019ailleurs fait l\u2019objet d\u2019\u00e9changes entre l\u2019Alg\u00e9rie et la R\u00e9publique d\u00e9mocratique du Congo en amont de la r\u00e9union de l\u2019UA. Le pr\u00e9sident de la R\u00e9publique a re\u00e7u, rappelle-t-on, le ministre congolais des Affaires \u00e9trang\u00e8res, de la Francophonie et des Congolais \u00e0 l&rsquo;\u00e9tranger, Jean-Claude Gakosso, \u00e0 la mi-janver. Celui-ci avait affirm\u00e9 dans une d\u00e9claration \u00e0 la presse \u00e0 l&rsquo;issue de l&rsquo;audience que \u00ab\u00a0le dossier libyen est complexe.&nbsp;Les Alg\u00e9riens sont les mieux plac\u00e9s pour le savoir. L&rsquo;Alg\u00e9rie est une puissance centrale dans la r\u00e9gion avec l&rsquo;une des fronti\u00e8res les plus longues avec ce pays\u00a0\u00bb.<\/p>\n\n\n\n<p>Notons que ce sommet \u00ab\u00a0crucial\u00a0\u00bb verra la participation de chefs des Etats voisins de la Libye ou leurs repr\u00e9sentants, de d\u00e9l\u00e9gations de plusieurs organisations et pays influents pour le dossier libyen, ainsi que d&rsquo;acteurs libyens dont le Conseil pr\u00e9sidentiel libyen, le Gouvernement d&rsquo;union nationale et la Chambre des repr\u00e9sentants. Ces derniers mois, la Libye a \u00e9t\u00e9 le th\u00e9\u00e2tre d&rsquo;un mouvement politique sans pr\u00e9c\u00e9dent, refl\u00e9t\u00e9 par des r\u00e9unions pr\u00e9paratoires marathoniennes consid\u00e9r\u00e9es comme la pierre angulaire \u00e0 m\u00eame de garantir la tenue de la Conf\u00e9rence unificatrice pr\u00e9vue \u00e0 la fin du mois d&rsquo;avril, de laquelle d\u00e9coulera \u00ab\u00a0une Charte nationale\u00a0\u00bb traitant des questions juridiques, constitutionnelles et ex\u00e9cutives.<\/p>\n\n\n\n<p>Partant du principe de \u00ab\u00a0solutions africaines aux probl\u00e8mes africains\u00a0\u00bb et de \u00ab\u00a0la stabilit\u00e9 de l&rsquo;Afrique par la stabilit\u00e9 de la Libye\u00a0\u00bb, l&rsquo;UA m\u00e8ne des efforts inlassables pour parvenir \u00e0 un terrain d&rsquo;entente conduisant \u00e0 une r\u00e9conciliation inclusive mettant fin \u00e0 des ann\u00e9es d&rsquo;impasse politique et accordant au peuple libyen le droit de choisir ses gouvernants \u00e0 travers l&rsquo;organisation d&rsquo;\u00e9lections pr\u00e9alablement pr\u00e9vues en d\u00e9cembre 2021, avant d&rsquo;\u00eatre report\u00e9es sine die en raison de divergences sur certaines questions.<\/p>\n\n\n\n<p>Lors de la r\u00e9union de haut niveau de l&rsquo;UA sur la Libye l&rsquo;ann\u00e9e derni\u00e8re \u00e0 Addis-Abeba, le pr\u00e9sident de la R\u00e9publique a insist\u00e9 sur l&rsquo;imp\u00e9ratif de relancer le processus de r\u00e8glement pacifique \u00e0 la crise que traverse la Libye, au vu des r\u00e9percussions graves sur la s\u00e9curit\u00e9 et la stabilit\u00e9 des pays voisins et de la r\u00e9gion du Sahel.Le pr\u00e9sident de la R\u00e9publique avait assur\u00e9 la disponibilit\u00e9 de l&rsquo;Alg\u00e9rie \u00e0&nbsp;&nbsp;contribuer \u00e0 l&rsquo;aboutissement du processus de r\u00e9conciliation nationale libyenne, en collaboration avec l&rsquo;UA pour parvenir \u00e0 un terrain d&rsquo;entente renfor\u00e7ant l&rsquo;unit\u00e9 national interne, \u00e0 m\u00eame de permettre \u00e0 la Libye de recouvrer la place qui lui sied sur la sc\u00e8ne internationale.L&rsquo;exp\u00e9rience alg\u00e9rienne en mati\u00e8re de r\u00e9conciliation nationale a \u00e9t\u00e9, hautement, salu\u00e9e par les autorit\u00e9s libyennes et de nombreux acteurs influents dans ce dossier, en t\u00eate desquels le repr\u00e9sentant sp\u00e9cial du Secr\u00e9taire g\u00e9n\u00e9ral de l&rsquo;ONU pour la Libye et chef de la mission d&rsquo;appui des nations unies en Lybie (MANUL), Abdoulaye Bathily, qui avait soulign\u00e9 que \u00ab\u00a0l&rsquo;exp\u00e9rience de l&rsquo;Alg\u00e9rie en mati\u00e8re de r\u00e9conciliation nationale et sa qualit\u00e9 de membre au Comit\u00e9 africain, sont deux points tr\u00e8s b\u00e9n\u00e9fiques pour le r\u00e8glement de la crise en Libye\u00a0\u00bb, soulignant l&rsquo;importance de tirer profit de cette exp\u00e9rience pour surmonter la crise que vivent les Libyens depuis plusieurs ann\u00e9es. Dans une pr\u00e9c\u00e9dente d\u00e9claration \u00e0 l&rsquo;APS, la porte-parole du Conseil pr\u00e9sidentiel libyen, Najwa Wahiba avait affirm\u00e9 que le r\u00f4le de l&rsquo;Alg\u00e9rie \u00ab\u00a0est extr\u00eamement important\u00a0\u00bb dans la r\u00e9alisation de la r\u00e9conciliation nationale dans le pays, mettant en avant l&rsquo;exp\u00e9rience de l&rsquo;Alg\u00e9rie et son capital historique positif envers la Libye.Abondant dans le m\u00eame sens, le vice-pr\u00e9sident du Conseil pr\u00e9sidentiel libyen charg\u00e9 du dossier de la r\u00e9conciliation nationale, M. Abdallah al-Lafi, a salu\u00e9 l&rsquo;exp\u00e9rience alg\u00e9rienne en mati\u00e8re de r\u00e9conciliation nationale, ajoutant qu&rsquo;il s&rsquo;agissait de l&rsquo;exp\u00e9rience la plus proche du cas de la Libye.<\/p>\n\n\n\n<p>L&rsquo;Alg\u00e9rie avait abrit\u00e9 en 2021 une r\u00e9union des ministres des affaires des pays voisins de la Lybie (Alg\u00e9rie, Tunisie,Egypte,Tchad, Soudan, Niger), pour l&rsquo;\u00e9tablissement d&rsquo;une coordination et d&rsquo;un dialogue entre ces pays et les acteurs internationaux, en vue d&rsquo;accompagner les Libyens dans leurs efforts de r\u00e9activation du processus de r\u00e8glement politique, \u00e0 travers un dialogue inclusif entre les diff\u00e9rents acteurs sur la sc\u00e8ne politique libyenne. Les participants avaient, alors, exhort\u00e9 les bellig\u00e9rants libyens \u00e0 respecter le cessez-le-feu et \u00e0 s\u2019inscrire dans le processus de dialogue politique, sous les auspices des Nations-Unies, avec le concours de l\u2019Union Africaine et des pays du voisinage, en vue de parvenir \u00e0 un r\u00e8glement global de la crise loin de toute ing\u00e9rence \u00e9trang\u00e8re.<\/p>\n\n\n\n<p>Hocine Fadheli<\/p>\n","protected":false},"excerpt":{"rendered":"<p>Le Premier ministre, Nadir Larbaoui,&nbsp;doit prendre part, aujourd\u2019hui \u00e0 Brazzaville,&nbsp;en qualit\u00e9 de repr\u00e9sentant du pr\u00e9sident de la R\u00e9publique, Abdelmadjid Tebboune,<\/p>\n","protected":false},"author":3,"featured_media":49223,"comment_status":"open","ping_status":"closed","sticky":false,"template":"","format":"standard","meta":{"colormag_page_container_layout":"default_layout","colormag_page_sidebar_layout":"default_layout","om_disable_all_campaigns":false,"_monsterinsights_skip_tracking":false,"_monsterinsights_sitenote_active":false,"_monsterinsights_sitenote_note":"","_monsterinsights_sitenote_category":0,"footnotes":"","_wpscppro_dont_share_socialmedia":false,"_wpscppro_custom_social_share_image":0,"_facebook_share_type":"","_twitter_share_type":"","_linkedin_share_type":"","_pinterest_share_type":"","_linkedin_share_type_page":"","_instagram_share_type":"","_medium_share_type":"","_threads_share_type":"","_google_business_share_type":"","_selected_social_profile":[],"_wpsp_enable_custom_social_template":false,"_wpsp_social_scheduling":{"enabled":false,"datetime":null,"platforms":[],"status":"template_only","dateOption":"today","timeOption":"now","customDays":"","customHours":"","customDate":"","customTime":"","schedulingType":"absolute"},"_wpsp_active_default_template":true},"categories":[52,27],"tags":[],"class_list":["post-49222","post","type-post","status-publish","format-standard","has-post-thumbnail","hentry","category-a-la-une","category-actualite"],"aioseo_notices":[],"yoast_head":"<!-- This site is optimized with the Yoast SEO plugin v27.5 - https:\/\/yoast.com\/product\/yoast-seo-wordpress\/ -->\n<title>Le Premier ministre prend part au Sommet du l\u2019UA sur la Libye\u00a0: Consacrer le processus de r\u00e9conciliation - La Sentinelle<\/title>\n<meta name=\"robots\" content=\"index, follow, max-snippet:-1, max-image-preview:large, max-video-preview:-1\" \/>\n<link rel=\"canonical\" href=\"https:\/\/lasentinelle.dz\/index.php\/2024\/02\/05\/le-premier-ministre-prend-part-au-sommet-du-lua-sur-la-libye-consacrer-le-processus-de-reconciliation\/\" \/>\n<meta property=\"og:locale\" content=\"fr_FR\" \/>\n<meta property=\"og:type\" content=\"article\" \/>\n<meta property=\"og:title\" content=\"Le Premier ministre prend part au Sommet du l\u2019UA sur la Libye\u00a0: Consacrer le processus de r\u00e9conciliation - La Sentinelle\" \/>\n<meta property=\"og:description\" content=\"Le Premier ministre, Nadir Larbaoui,&nbsp;doit prendre part, aujourd\u2019hui \u00e0 Brazzaville,&nbsp;en qualit\u00e9 de repr\u00e9sentant du pr\u00e9sident de la R\u00e9publique, Abdelmadjid Tebboune,\" \/>\n<meta property=\"og:url\" content=\"https:\/\/lasentinelle.dz\/index.php\/2024\/02\/05\/le-premier-ministre-prend-part-au-sommet-du-lua-sur-la-libye-consacrer-le-processus-de-reconciliation\/\" \/>\n<meta property=\"og:site_name\" content=\"La Sentinelle\" \/>\n<meta property=\"article:publisher\" content=\"https:\/\/www.facebook.com\/La-Sentinelle-104059864394773\" \/>\n<meta property=\"article:published_time\" content=\"2024-02-05T09:12:00+00:00\" \/>\n<meta property=\"article:modified_time\" content=\"2024-02-05T14:14:04+00:00\" \/>\n<meta property=\"og:image\" content=\"https:\/\/lasentinelle.dz\/wp-content\/uploads\/2024\/02\/larbaoui.jpeg\" \/>\n\t<meta property=\"og:image:width\" content=\"580\" \/>\n\t<meta property=\"og:image:height\" content=\"332\" \/>\n\t<meta property=\"og:image:type\" content=\"image\/jpeg\" \/>\n<meta name=\"author\" content=\"La Sentinelle\" \/>\n<meta name=\"twitter:card\" content=\"summary_large_image\" \/>\n<meta name=\"twitter:label1\" content=\"\u00c9crit par\" \/>\n\t<meta name=\"twitter:data1\" content=\"La Sentinelle\" \/>\n\t<meta name=\"twitter:label2\" content=\"Dur\u00e9e de lecture estim\u00e9e\" \/>\n\t<meta name=\"twitter:data2\" content=\"6 minutes\" \/>\n<script type=\"application\/ld+json\" class=\"yoast-schema-graph\">{\"@context\":\"https:\\\/\\\/schema.org\",\"@graph\":[{\"@type\":\"Article\",\"@id\":\"https:\\\/\\\/lasentinelle.dz\\\/index.php\\\/2024\\\/02\\\/05\\\/le-premier-ministre-prend-part-au-sommet-du-lua-sur-la-libye-consacrer-le-processus-de-reconciliation\\\/#article\",\"isPartOf\":{\"@id\":\"https:\\\/\\\/lasentinelle.dz\\\/index.php\\\/2024\\\/02\\\/05\\\/le-premier-ministre-prend-part-au-sommet-du-lua-sur-la-libye-consacrer-le-processus-de-reconciliation\\\/\"},\"author\":{\"name\":\"La Sentinelle\",\"@id\":\"https:\\\/\\\/lasentinelle.dz\\\/#\\\/schema\\\/person\\\/d865044e22e70a75174ce8bcad3acfb3\"},\"headline\":\"Le Premier ministre prend part au Sommet du l\u2019UA sur la Libye\u00a0: Consacrer le processus de r\u00e9conciliation\",\"datePublished\":\"2024-02-05T09:12:00+00:00\",\"dateModified\":\"2024-02-05T14:14:04+00:00\",\"mainEntityOfPage\":{\"@id\":\"https:\\\/\\\/lasentinelle.dz\\\/index.php\\\/2024\\\/02\\\/05\\\/le-premier-ministre-prend-part-au-sommet-du-lua-sur-la-libye-consacrer-le-processus-de-reconciliation\\\/\"},\"wordCount\":1198,\"commentCount\":0,\"publisher\":{\"@id\":\"https:\\\/\\\/lasentinelle.dz\\\/#organization\"},\"image\":{\"@id\":\"https:\\\/\\\/lasentinelle.dz\\\/index.php\\\/2024\\\/02\\\/05\\\/le-premier-ministre-prend-part-au-sommet-du-lua-sur-la-libye-consacrer-le-processus-de-reconciliation\\\/#primaryimage\"},\"thumbnailUrl\":\"https:\\\/\\\/lasentinelle.dz\\\/wp-content\\\/uploads\\\/2024\\\/02\\\/larbaoui.jpeg\",\"articleSection\":[\"\u00c0 la Une\",\"Actualit\u00e9\"],\"inLanguage\":\"fr-FR\",\"potentialAction\":[{\"@type\":\"CommentAction\",\"name\":\"Comment\",\"target\":[\"https:\\\/\\\/lasentinelle.dz\\\/index.php\\\/2024\\\/02\\\/05\\\/le-premier-ministre-prend-part-au-sommet-du-lua-sur-la-libye-consacrer-le-processus-de-reconciliation\\\/#respond\"]}]},{\"@type\":\"WebPage\",\"@id\":\"https:\\\/\\\/lasentinelle.dz\\\/index.php\\\/2024\\\/02\\\/05\\\/le-premier-ministre-prend-part-au-sommet-du-lua-sur-la-libye-consacrer-le-processus-de-reconciliation\\\/\",\"url\":\"https:\\\/\\\/lasentinelle.dz\\\/index.php\\\/2024\\\/02\\\/05\\\/le-premier-ministre-prend-part-au-sommet-du-lua-sur-la-libye-consacrer-le-processus-de-reconciliation\\\/\",\"name\":\"Le Premier ministre prend part au Sommet du l\u2019UA sur la Libye\u00a0: Consacrer le processus de r\u00e9conciliation - La Sentinelle\",\"isPartOf\":{\"@id\":\"https:\\\/\\\/lasentinelle.dz\\\/#website\"},\"primaryImageOfPage\":{\"@id\":\"https:\\\/\\\/lasentinelle.dz\\\/index.php\\\/2024\\\/02\\\/05\\\/le-premier-ministre-prend-part-au-sommet-du-lua-sur-la-libye-consacrer-le-processus-de-reconciliation\\\/#primaryimage\"},\"image\":{\"@id\":\"https:\\\/\\\/lasentinelle.dz\\\/index.php\\\/2024\\\/02\\\/05\\\/le-premier-ministre-prend-part-au-sommet-du-lua-sur-la-libye-consacrer-le-processus-de-reconciliation\\\/#primaryimage\"},\"thumbnailUrl\":\"https:\\\/\\\/lasentinelle.dz\\\/wp-content\\\/uploads\\\/2024\\\/02\\\/larbaoui.jpeg\",\"datePublished\":\"2024-02-05T09:12:00+00:00\",\"dateModified\":\"2024-02-05T14:14:04+00:00\",\"breadcrumb\":{\"@id\":\"https:\\\/\\\/lasentinelle.dz\\\/index.php\\\/2024\\\/02\\\/05\\\/le-premier-ministre-prend-part-au-sommet-du-lua-sur-la-libye-consacrer-le-processus-de-reconciliation\\\/#breadcrumb\"},\"inLanguage\":\"fr-FR\",\"potentialAction\":[{\"@type\":\"ReadAction\",\"target\":[\"https:\\\/\\\/lasentinelle.dz\\\/index.php\\\/2024\\\/02\\\/05\\\/le-premier-ministre-prend-part-au-sommet-du-lua-sur-la-libye-consacrer-le-processus-de-reconciliation\\\/\"]}]},{\"@type\":\"ImageObject\",\"inLanguage\":\"fr-FR\",\"@id\":\"https:\\\/\\\/lasentinelle.dz\\\/index.php\\\/2024\\\/02\\\/05\\\/le-premier-ministre-prend-part-au-sommet-du-lua-sur-la-libye-consacrer-le-processus-de-reconciliation\\\/#primaryimage\",\"url\":\"https:\\\/\\\/lasentinelle.dz\\\/wp-content\\\/uploads\\\/2024\\\/02\\\/larbaoui.jpeg\",\"contentUrl\":\"https:\\\/\\\/lasentinelle.dz\\\/wp-content\\\/uploads\\\/2024\\\/02\\\/larbaoui.jpeg\",\"width\":580,\"height\":332},{\"@type\":\"BreadcrumbList\",\"@id\":\"https:\\\/\\\/lasentinelle.dz\\\/index.php\\\/2024\\\/02\\\/05\\\/le-premier-ministre-prend-part-au-sommet-du-lua-sur-la-libye-consacrer-le-processus-de-reconciliation\\\/#breadcrumb\",\"itemListElement\":[{\"@type\":\"ListItem\",\"position\":1,\"name\":\"Accueil\",\"item\":\"https:\\\/\\\/lasentinelle.dz\\\/\"},{\"@type\":\"ListItem\",\"position\":2,\"name\":\"Le Premier ministre prend part au Sommet du l\u2019UA sur la Libye\u00a0: Consacrer le processus de r\u00e9conciliation\"}]},{\"@type\":\"WebSite\",\"@id\":\"https:\\\/\\\/lasentinelle.dz\\\/#website\",\"url\":\"https:\\\/\\\/lasentinelle.dz\\\/\",\"name\":\"La Sentinelle\",\"description\":\"Quotidien national d&#039;information\",\"publisher\":{\"@id\":\"https:\\\/\\\/lasentinelle.dz\\\/#organization\"},\"potentialAction\":[{\"@type\":\"SearchAction\",\"target\":{\"@type\":\"EntryPoint\",\"urlTemplate\":\"https:\\\/\\\/lasentinelle.dz\\\/?s={search_term_string}\"},\"query-input\":{\"@type\":\"PropertyValueSpecification\",\"valueRequired\":true,\"valueName\":\"search_term_string\"}}],\"inLanguage\":\"fr-FR\"},{\"@type\":\"Organization\",\"@id\":\"https:\\\/\\\/lasentinelle.dz\\\/#organization\",\"name\":\"Quotidien La Sentinelle\",\"url\":\"https:\\\/\\\/lasentinelle.dz\\\/\",\"logo\":{\"@type\":\"ImageObject\",\"inLanguage\":\"fr-FR\",\"@id\":\"https:\\\/\\\/lasentinelle.dz\\\/#\\\/schema\\\/logo\\\/image\\\/\",\"url\":\"https:\\\/\\\/lasentinelle.dz\\\/wp-content\\\/uploads\\\/2021\\\/09\\\/logo-sentinelleSLOGAN-1.png\",\"contentUrl\":\"https:\\\/\\\/lasentinelle.dz\\\/wp-content\\\/uploads\\\/2021\\\/09\\\/logo-sentinelleSLOGAN-1.png\",\"width\":615,\"height\":142,\"caption\":\"Quotidien La Sentinelle\"},\"image\":{\"@id\":\"https:\\\/\\\/lasentinelle.dz\\\/#\\\/schema\\\/logo\\\/image\\\/\"},\"sameAs\":[\"https:\\\/\\\/www.facebook.com\\\/La-Sentinelle-104059864394773\"]},{\"@type\":\"Person\",\"@id\":\"https:\\\/\\\/lasentinelle.dz\\\/#\\\/schema\\\/person\\\/d865044e22e70a75174ce8bcad3acfb3\",\"name\":\"La Sentinelle\",\"image\":{\"@type\":\"ImageObject\",\"inLanguage\":\"fr-FR\",\"@id\":\"https:\\\/\\\/secure.gravatar.com\\\/avatar\\\/57de8e5d4b15d43fb361a71fbb36338450fe67865b528a43dd10ef7c51a20392?s=96&d=mm&r=g\",\"url\":\"https:\\\/\\\/secure.gravatar.com\\\/avatar\\\/57de8e5d4b15d43fb361a71fbb36338450fe67865b528a43dd10ef7c51a20392?s=96&d=mm&r=g\",\"contentUrl\":\"https:\\\/\\\/secure.gravatar.com\\\/avatar\\\/57de8e5d4b15d43fb361a71fbb36338450fe67865b528a43dd10ef7c51a20392?s=96&d=mm&r=g\",\"caption\":\"La Sentinelle\"},\"sameAs\":[\"http:\\\/\\\/www.lasentinelle.dz\"],\"url\":\"https:\\\/\\\/lasentinelle.dz\\\/author\\\/redaction\\\/\"}]}<\/script>\n<!-- \/ Yoast SEO plugin. -->","yoast_head_json":{"title":"Le Premier ministre prend part au Sommet du l\u2019UA sur la Libye\u00a0: Consacrer le processus de r\u00e9conciliation - La Sentinelle","robots":{"index":"index","follow":"follow","max-snippet":"max-snippet:-1","max-image-preview":"max-image-preview:large","max-video-preview":"max-video-preview:-1"},"canonical":"https:\/\/lasentinelle.dz\/index.php\/2024\/02\/05\/le-premier-ministre-prend-part-au-sommet-du-lua-sur-la-libye-consacrer-le-processus-de-reconciliation\/","og_locale":"fr_FR","og_type":"article","og_title":"Le Premier ministre prend part au Sommet du l\u2019UA sur la Libye\u00a0: Consacrer le processus de r\u00e9conciliation - La Sentinelle","og_description":"Le Premier ministre, Nadir Larbaoui,&nbsp;doit prendre part, aujourd\u2019hui \u00e0 Brazzaville,&nbsp;en qualit\u00e9 de repr\u00e9sentant du pr\u00e9sident de la R\u00e9publique, Abdelmadjid Tebboune,","og_url":"https:\/\/lasentinelle.dz\/index.php\/2024\/02\/05\/le-premier-ministre-prend-part-au-sommet-du-lua-sur-la-libye-consacrer-le-processus-de-reconciliation\/","og_site_name":"La Sentinelle","article_publisher":"https:\/\/www.facebook.com\/La-Sentinelle-104059864394773","article_published_time":"2024-02-05T09:12:00+00:00","article_modified_time":"2024-02-05T14:14:04+00:00","og_image":[{"width":580,"height":332,"url":"https:\/\/lasentinelle.dz\/wp-content\/uploads\/2024\/02\/larbaoui.jpeg","type":"image\/jpeg"}],"author":"La Sentinelle","twitter_card":"summary_large_image","twitter_misc":{"\u00c9crit par":"La Sentinelle","Dur\u00e9e de lecture estim\u00e9e":"6 minutes"},"schema":{"@context":"https:\/\/schema.org","@graph":[{"@type":"Article","@id":"https:\/\/lasentinelle.dz\/index.php\/2024\/02\/05\/le-premier-ministre-prend-part-au-sommet-du-lua-sur-la-libye-consacrer-le-processus-de-reconciliation\/#article","isPartOf":{"@id":"https:\/\/lasentinelle.dz\/index.php\/2024\/02\/05\/le-premier-ministre-prend-part-au-sommet-du-lua-sur-la-libye-consacrer-le-processus-de-reconciliation\/"},"author":{"name":"La Sentinelle","@id":"https:\/\/lasentinelle.dz\/#\/schema\/person\/d865044e22e70a75174ce8bcad3acfb3"},"headline":"Le Premier ministre prend part au Sommet du l\u2019UA sur la Libye\u00a0: Consacrer le processus de r\u00e9conciliation","datePublished":"2024-02-05T09:12:00+00:00","dateModified":"2024-02-05T14:14:04+00:00","mainEntityOfPage":{"@id":"https:\/\/lasentinelle.dz\/index.php\/2024\/02\/05\/le-premier-ministre-prend-part-au-sommet-du-lua-sur-la-libye-consacrer-le-processus-de-reconciliation\/"},"wordCount":1198,"commentCount":0,"publisher":{"@id":"https:\/\/lasentinelle.dz\/#organization"},"image":{"@id":"https:\/\/lasentinelle.dz\/index.php\/2024\/02\/05\/le-premier-ministre-prend-part-au-sommet-du-lua-sur-la-libye-consacrer-le-processus-de-reconciliation\/#primaryimage"},"thumbnailUrl":"https:\/\/lasentinelle.dz\/wp-content\/uploads\/2024\/02\/larbaoui.jpeg","articleSection":["\u00c0 la Une","Actualit\u00e9"],"inLanguage":"fr-FR","potentialAction":[{"@type":"CommentAction","name":"Comment","target":["https:\/\/lasentinelle.dz\/index.php\/2024\/02\/05\/le-premier-ministre-prend-part-au-sommet-du-lua-sur-la-libye-consacrer-le-processus-de-reconciliation\/#respond"]}]},{"@type":"WebPage","@id":"https:\/\/lasentinelle.dz\/index.php\/2024\/02\/05\/le-premier-ministre-prend-part-au-sommet-du-lua-sur-la-libye-consacrer-le-processus-de-reconciliation\/","url":"https:\/\/lasentinelle.dz\/index.php\/2024\/02\/05\/le-premier-ministre-prend-part-au-sommet-du-lua-sur-la-libye-consacrer-le-processus-de-reconciliation\/","name":"Le Premier ministre prend part au Sommet du l\u2019UA sur la Libye\u00a0: Consacrer le processus de r\u00e9conciliation - La Sentinelle","isPartOf":{"@id":"https:\/\/lasentinelle.dz\/#website"},"primaryImageOfPage":{"@id":"https:\/\/lasentinelle.dz\/index.php\/2024\/02\/05\/le-premier-ministre-prend-part-au-sommet-du-lua-sur-la-libye-consacrer-le-processus-de-reconciliation\/#primaryimage"},"image":{"@id":"https:\/\/lasentinelle.dz\/index.php\/2024\/02\/05\/le-premier-ministre-prend-part-au-sommet-du-lua-sur-la-libye-consacrer-le-processus-de-reconciliation\/#primaryimage"},"thumbnailUrl":"https:\/\/lasentinelle.dz\/wp-content\/uploads\/2024\/02\/larbaoui.jpeg","datePublished":"2024-02-05T09:12:00+00:00","dateModified":"2024-02-05T14:14:04+00:00","breadcrumb":{"@id":"https:\/\/lasentinelle.dz\/index.php\/2024\/02\/05\/le-premier-ministre-prend-part-au-sommet-du-lua-sur-la-libye-consacrer-le-processus-de-reconciliation\/#breadcrumb"},"inLanguage":"fr-FR","potentialAction":[{"@type":"ReadAction","target":["https:\/\/lasentinelle.dz\/index.php\/2024\/02\/05\/le-premier-ministre-prend-part-au-sommet-du-lua-sur-la-libye-consacrer-le-processus-de-reconciliation\/"]}]},{"@type":"ImageObject","inLanguage":"fr-FR","@id":"https:\/\/lasentinelle.dz\/index.php\/2024\/02\/05\/le-premier-ministre-prend-part-au-sommet-du-lua-sur-la-libye-consacrer-le-processus-de-reconciliation\/#primaryimage","url":"https:\/\/lasentinelle.dz\/wp-content\/uploads\/2024\/02\/larbaoui.jpeg","contentUrl":"https:\/\/lasentinelle.dz\/wp-content\/uploads\/2024\/02\/larbaoui.jpeg","width":580,"height":332},{"@type":"BreadcrumbList","@id":"https:\/\/lasentinelle.dz\/index.php\/2024\/02\/05\/le-premier-ministre-prend-part-au-sommet-du-lua-sur-la-libye-consacrer-le-processus-de-reconciliation\/#breadcrumb","itemListElement":[{"@type":"ListItem","position":1,"name":"Accueil","item":"https:\/\/lasentinelle.dz\/"},{"@type":"ListItem","position":2,"name":"Le Premier ministre prend part au Sommet du l\u2019UA sur la Libye\u00a0: Consacrer le processus de r\u00e9conciliation"}]},{"@type":"WebSite","@id":"https:\/\/lasentinelle.dz\/#website","url":"https:\/\/lasentinelle.dz\/","name":"La Sentinelle","description":"Quotidien national d&#039;information","publisher":{"@id":"https:\/\/lasentinelle.dz\/#organization"},"potentialAction":[{"@type":"SearchAction","target":{"@type":"EntryPoint","urlTemplate":"https:\/\/lasentinelle.dz\/?s={search_term_string}"},"query-input":{"@type":"PropertyValueSpecification","valueRequired":true,"valueName":"search_term_string"}}],"inLanguage":"fr-FR"},{"@type":"Organization","@id":"https:\/\/lasentinelle.dz\/#organization","name":"Quotidien La Sentinelle","url":"https:\/\/lasentinelle.dz\/","logo":{"@type":"ImageObject","inLanguage":"fr-FR","@id":"https:\/\/lasentinelle.dz\/#\/schema\/logo\/image\/","url":"https:\/\/lasentinelle.dz\/wp-content\/uploads\/2021\/09\/logo-sentinelleSLOGAN-1.png","contentUrl":"https:\/\/lasentinelle.dz\/wp-content\/uploads\/2021\/09\/logo-sentinelleSLOGAN-1.png","width":615,"height":142,"caption":"Quotidien La Sentinelle"},"image":{"@id":"https:\/\/lasentinelle.dz\/#\/schema\/logo\/image\/"},"sameAs":["https:\/\/www.facebook.com\/La-Sentinelle-104059864394773"]},{"@type":"Person","@id":"https:\/\/lasentinelle.dz\/#\/schema\/person\/d865044e22e70a75174ce8bcad3acfb3","name":"La Sentinelle","image":{"@type":"ImageObject","inLanguage":"fr-FR","@id":"https:\/\/secure.gravatar.com\/avatar\/57de8e5d4b15d43fb361a71fbb36338450fe67865b528a43dd10ef7c51a20392?s=96&d=mm&r=g","url":"https:\/\/secure.gravatar.com\/avatar\/57de8e5d4b15d43fb361a71fbb36338450fe67865b528a43dd10ef7c51a20392?s=96&d=mm&r=g","contentUrl":"https:\/\/secure.gravatar.com\/avatar\/57de8e5d4b15d43fb361a71fbb36338450fe67865b528a43dd10ef7c51a20392?s=96&d=mm&r=g","caption":"La Sentinelle"},"sameAs":["http:\/\/www.lasentinelle.dz"],"url":"https:\/\/lasentinelle.dz\/author\/redaction\/"}]}},"_links":{"self":[{"href":"https:\/\/lasentinelle.dz\/index.php\/wp-json\/wp\/v2\/posts\/49222","targetHints":{"allow":["GET"]}}],"collection":[{"href":"https:\/\/lasentinelle.dz\/index.php\/wp-json\/wp\/v2\/posts"}],"about":[{"href":"https:\/\/lasentinelle.dz\/index.php\/wp-json\/wp\/v2\/types\/post"}],"author":[{"embeddable":true,"href":"https:\/\/lasentinelle.dz\/index.php\/wp-json\/wp\/v2\/users\/3"}],"replies":[{"embeddable":true,"href":"https:\/\/lasentinelle.dz\/index.php\/wp-json\/wp\/v2\/comments?post=49222"}],"version-history":[{"count":1,"href":"https:\/\/lasentinelle.dz\/index.php\/wp-json\/wp\/v2\/posts\/49222\/revisions"}],"predecessor-version":[{"id":49224,"href":"https:\/\/lasentinelle.dz\/index.php\/wp-json\/wp\/v2\/posts\/49222\/revisions\/49224"}],"wp:featuredmedia":[{"embeddable":true,"href":"https:\/\/lasentinelle.dz\/index.php\/wp-json\/wp\/v2\/media\/49223"}],"wp:attachment":[{"href":"https:\/\/lasentinelle.dz\/index.php\/wp-json\/wp\/v2\/media?parent=49222"}],"wp:term":[{"taxonomy":"category","embeddable":true,"href":"https:\/\/lasentinelle.dz\/index.php\/wp-json\/wp\/v2\/categories?post=49222"},{"taxonomy":"post_tag","embeddable":true,"href":"https:\/\/lasentinelle.dz\/index.php\/wp-json\/wp\/v2\/tags?post=49222"}],"curies":[{"name":"wp","href":"https:\/\/api.w.org\/{rel}","templated":true}]}}