{"id":49225,"date":"2024-02-06T12:42:18","date_gmt":"2024-02-06T11:42:18","guid":{"rendered":"https:\/\/lasentinelle.dz\/?p=49225"},"modified":"2024-02-06T12:42:23","modified_gmt":"2024-02-06T11:42:23","slug":"foncier-economique-debut-jeudi-du-traitement-des-demandes","status":"publish","type":"post","link":"https:\/\/lasentinelle.dz\/index.php\/2024\/02\/06\/foncier-economique-debut-jeudi-du-traitement-des-demandes\/","title":{"rendered":"Foncier \u00e9conomique\u00a0:\u00a0D\u00e9but jeudi du traitement des demandes\u00a0"},"content":{"rendered":"\n<p>L\u2019op\u00e9ration d\u2019octroi du foncier \u00e9conomique&nbsp;relevant du domaine priv\u00e9 de l&rsquo;Etat pour r\u00e9aliser des projets d&rsquo;investissement, via la plateforme num\u00e9rique de l&rsquo;investisseur&nbsp;sera lanc\u00e9e \u00e0 la fin de cette semaine.&nbsp;\u00ab\u00a0Nous annon\u00e7ons aux porteurs de projets et aux investisseurs l&rsquo;ouverture de la plateforme num\u00e9rique de l&rsquo;investisseur en vue de proc\u00e9der au traitement des demandes d&rsquo;octroi de foncier \u00e9conomique\u00a0\u00bb, \u00e0 partir de jeudi, a indiqu\u00e9 hier le Directeur g\u00e9n\u00e9ral de l&rsquo;Agence alg\u00e9rienne de promotion de l&rsquo;investissement (AAPI), Omar Rekkache,\u00e0 la presse en marge de l&rsquo;audience qu&rsquo;il a accord\u00e9e \u00e0 une d\u00e9l\u00e9gation de la soci\u00e9t\u00e9 italienne BF sp\u00e9cialis\u00e9 dans l&rsquo;agroalimentaire, conduite par le PDG de ladite soci\u00e9t\u00e9, Federico Vecchioni et ancien pr\u00e9sident du Conseil des ministres italien, Massimo D&rsquo;Alema.<\/p>\n\n\n\n<p>Il est utile de rappeler que le lancement de cette op\u00e9ration fait suite \u00e0&nbsp;la promulgation, fin d\u00e9cembre 2023, de textes d&rsquo;application de la loi fixant les conditions et modalit\u00e9s d&rsquo;octroi du foncier \u00e9conomique, relevant du domaine priv\u00e9 de l&rsquo;Etat et destin\u00e9 \u00e0 la r\u00e9alisation de projets d\u2019investissement, dat\u00e9e de novembre 2023.&nbsp;Il s&rsquo;agit du d\u00e9cret fixant la consistance du foncier \u00e9conomique comprenant les terrains relevant du domaine priv\u00e9 de l\u2019Etat disponibles, situ\u00e9s \u00e0 l\u2019int\u00e9rieur des zones d\u2019expansion et sites touristiques, p\u00e9rim\u00e8tre des villes nouvelles, des zones industrielles, zones d\u2019activit\u00e9s, parcs technologiques, les autres terrains am\u00e9nag\u00e9s, ainsi que les actifs r\u00e9siduels des entreprises publiques dissoutes et les actifs exc\u00e9dentaires relevant des entreprises publiques \u00e9conomiques.&nbsp;Le texte stipule&nbsp;qu&rsquo;\u00e0 travers ses guichets uniques, l\u2019AAPI est tenue de mettre en \u0153uvre une banque de donn\u00e9es constitu\u00e9e, pour chaque wilaya, \u00e0 partir d&rsquo;un inventaire, transmis par les services des domaines et des informations communiqu\u00e9es par les collectivit\u00e9s locales et les \u00e9tablissements et organismes publics charg\u00e9s du foncier \u00e9conomique.En vertu de ce texte, toute personne physique ou morale, nationale ou \u00e9trang\u00e8re, r\u00e9sidente ou non r\u00e9sidente, au sens de la loi relative \u00e0 l\u2019investissement, porteuse d\u2019un projet d\u2019investissement, peut postuler au b\u00e9n\u00e9fice d\u2019une concession de gr\u00e9 \u00e0 gr\u00e9 convertible en cession d\u2019un bien immobilier relevant du domaine priv\u00e9 de l\u2019Etat.Le postulant doit introduire via la plate-forme num\u00e9rique de l\u2019investisseur g\u00e9r\u00e9e par l\u2019Agence et le traitement de la demande d\u2019octroi du foncier \u00e9conomique s\u2019effectue, de fa\u00e7on num\u00e9rique, par le biais de la grille d\u2019\u00e9valuation des projets. Sur la base de la d\u00e9cision d\u2019octroi de la concession, l\u2019investisseur b\u00e9n\u00e9ficiaire est invit\u00e9 par le guichet unique \u00e0 souscrire au cahier des charges fixant les clauses et les conditions d\u2019octroi de la concession de gr\u00e9 \u00e0 gr\u00e9 convertible en cession.&nbsp;<\/p>\n\n\n\n<p>R.N.<\/p>\n","protected":false},"excerpt":{"rendered":"<p>L\u2019op\u00e9ration d\u2019octroi du foncier \u00e9conomique&nbsp;relevant du domaine priv\u00e9 de l&rsquo;Etat pour r\u00e9aliser des projets d&rsquo;investissement, via la plateforme num\u00e9rique de<\/p>\n","protected":false},"author":3,"featured_media":42965,"comment_status":"open","ping_status":"closed","sticky":false,"template":"","format":"standard","meta":{"colormag_page_container_layout":"default_layout","colormag_page_sidebar_layout":"default_layout","om_disable_all_campaigns":false,"_monsterinsights_skip_tracking":false,"_monsterinsights_sitenote_active":false,"_monsterinsights_sitenote_note":"","_monsterinsights_sitenote_category":0,"footnotes":"","_wpscppro_dont_share_socialmedia":false,"_wpscppro_custom_social_share_image":0,"_facebook_share_type":"","_twitter_share_type":"","_linkedin_share_type":"","_pinterest_share_type":"","_linkedin_share_type_page":"","_instagram_share_type":"","_medium_share_type":"","_threads_share_type":"","_google_business_share_type":"","_selected_social_profile":[],"_wpsp_enable_custom_social_template":false,"_wpsp_social_scheduling":{"enabled":false,"datetime":null,"platforms":[],"status":"template_only","dateOption":"today","timeOption":"now","customDays":"","customHours":"","customDate":"","customTime":"","schedulingType":"absolute"},"_wpsp_active_default_template":true},"categories":[29],"tags":[],"class_list":["post-49225","post","type-post","status-publish","format-standard","has-post-thumbnail","hentry","category-economie"],"aioseo_notices":[],"yoast_head":"<!-- This site is optimized with the Yoast SEO plugin v27.5 - https:\/\/yoast.com\/product\/yoast-seo-wordpress\/ -->\n<title>Foncier \u00e9conomique\u00a0:\u00a0D\u00e9but jeudi du traitement des demandes\u00a0 - La Sentinelle<\/title>\n<meta name=\"robots\" content=\"index, follow, max-snippet:-1, max-image-preview:large, max-video-preview:-1\" \/>\n<link rel=\"canonical\" href=\"https:\/\/lasentinelle.dz\/index.php\/2024\/02\/06\/foncier-economique-debut-jeudi-du-traitement-des-demandes\/\" \/>\n<meta property=\"og:locale\" content=\"fr_FR\" \/>\n<meta property=\"og:type\" content=\"article\" \/>\n<meta property=\"og:title\" content=\"Foncier \u00e9conomique\u00a0:\u00a0D\u00e9but jeudi du traitement des demandes\u00a0 - La Sentinelle\" \/>\n<meta property=\"og:description\" content=\"L\u2019op\u00e9ration d\u2019octroi du foncier \u00e9conomique&nbsp;relevant du domaine priv\u00e9 de l&rsquo;Etat pour r\u00e9aliser des projets d&rsquo;investissement, via la plateforme num\u00e9rique de\" \/>\n<meta property=\"og:url\" content=\"https:\/\/lasentinelle.dz\/index.php\/2024\/02\/06\/foncier-economique-debut-jeudi-du-traitement-des-demandes\/\" \/>\n<meta property=\"og:site_name\" content=\"La Sentinelle\" \/>\n<meta property=\"article:publisher\" content=\"https:\/\/www.facebook.com\/La-Sentinelle-104059864394773\" \/>\n<meta property=\"article:published_time\" content=\"2024-02-06T11:42:18+00:00\" \/>\n<meta property=\"article:modified_time\" content=\"2024-02-06T11:42:23+00:00\" \/>\n<meta property=\"og:image\" content=\"https:\/\/lasentinelle.dz\/wp-content\/uploads\/2023\/06\/AAPI.jpeg\" \/>\n\t<meta property=\"og:image:width\" content=\"1402\" \/>\n\t<meta property=\"og:image:height\" content=\"1052\" \/>\n\t<meta property=\"og:image:type\" content=\"image\/jpeg\" \/>\n<meta name=\"author\" content=\"La Sentinelle\" \/>\n<meta name=\"twitter:card\" content=\"summary_large_image\" \/>\n<meta name=\"twitter:label1\" content=\"\u00c9crit par\" \/>\n\t<meta name=\"twitter:data1\" content=\"La Sentinelle\" \/>\n\t<meta name=\"twitter:label2\" content=\"Dur\u00e9e de lecture estim\u00e9e\" \/>\n\t<meta name=\"twitter:data2\" content=\"3 minutes\" \/>\n<script type=\"application\/ld+json\" class=\"yoast-schema-graph\">{\"@context\":\"https:\\\/\\\/schema.org\",\"@graph\":[{\"@type\":\"Article\",\"@id\":\"https:\\\/\\\/lasentinelle.dz\\\/index.php\\\/2024\\\/02\\\/06\\\/foncier-economique-debut-jeudi-du-traitement-des-demandes\\\/#article\",\"isPartOf\":{\"@id\":\"https:\\\/\\\/lasentinelle.dz\\\/index.php\\\/2024\\\/02\\\/06\\\/foncier-economique-debut-jeudi-du-traitement-des-demandes\\\/\"},\"author\":{\"name\":\"La Sentinelle\",\"@id\":\"https:\\\/\\\/lasentinelle.dz\\\/#\\\/schema\\\/person\\\/d865044e22e70a75174ce8bcad3acfb3\"},\"headline\":\"Foncier \u00e9conomique\u00a0:\u00a0D\u00e9but jeudi du traitement des demandes\u00a0\",\"datePublished\":\"2024-02-06T11:42:18+00:00\",\"dateModified\":\"2024-02-06T11:42:23+00:00\",\"mainEntityOfPage\":{\"@id\":\"https:\\\/\\\/lasentinelle.dz\\\/index.php\\\/2024\\\/02\\\/06\\\/foncier-economique-debut-jeudi-du-traitement-des-demandes\\\/\"},\"wordCount\":505,\"commentCount\":0,\"publisher\":{\"@id\":\"https:\\\/\\\/lasentinelle.dz\\\/#organization\"},\"image\":{\"@id\":\"https:\\\/\\\/lasentinelle.dz\\\/index.php\\\/2024\\\/02\\\/06\\\/foncier-economique-debut-jeudi-du-traitement-des-demandes\\\/#primaryimage\"},\"thumbnailUrl\":\"https:\\\/\\\/lasentinelle.dz\\\/wp-content\\\/uploads\\\/2023\\\/06\\\/AAPI.jpeg\",\"articleSection\":[\"\u00c9conomie\"],\"inLanguage\":\"fr-FR\",\"potentialAction\":[{\"@type\":\"CommentAction\",\"name\":\"Comment\",\"target\":[\"https:\\\/\\\/lasentinelle.dz\\\/index.php\\\/2024\\\/02\\\/06\\\/foncier-economique-debut-jeudi-du-traitement-des-demandes\\\/#respond\"]}]},{\"@type\":\"WebPage\",\"@id\":\"https:\\\/\\\/lasentinelle.dz\\\/index.php\\\/2024\\\/02\\\/06\\\/foncier-economique-debut-jeudi-du-traitement-des-demandes\\\/\",\"url\":\"https:\\\/\\\/lasentinelle.dz\\\/index.php\\\/2024\\\/02\\\/06\\\/foncier-economique-debut-jeudi-du-traitement-des-demandes\\\/\",\"name\":\"Foncier \u00e9conomique\u00a0:\u00a0D\u00e9but jeudi du traitement des demandes\u00a0 - La Sentinelle\",\"isPartOf\":{\"@id\":\"https:\\\/\\\/lasentinelle.dz\\\/#website\"},\"primaryImageOfPage\":{\"@id\":\"https:\\\/\\\/lasentinelle.dz\\\/index.php\\\/2024\\\/02\\\/06\\\/foncier-economique-debut-jeudi-du-traitement-des-demandes\\\/#primaryimage\"},\"image\":{\"@id\":\"https:\\\/\\\/lasentinelle.dz\\\/index.php\\\/2024\\\/02\\\/06\\\/foncier-economique-debut-jeudi-du-traitement-des-demandes\\\/#primaryimage\"},\"thumbnailUrl\":\"https:\\\/\\\/lasentinelle.dz\\\/wp-content\\\/uploads\\\/2023\\\/06\\\/AAPI.jpeg\",\"datePublished\":\"2024-02-06T11:42:18+00:00\",\"dateModified\":\"2024-02-06T11:42:23+00:00\",\"breadcrumb\":{\"@id\":\"https:\\\/\\\/lasentinelle.dz\\\/index.php\\\/2024\\\/02\\\/06\\\/foncier-economique-debut-jeudi-du-traitement-des-demandes\\\/#breadcrumb\"},\"inLanguage\":\"fr-FR\",\"potentialAction\":[{\"@type\":\"ReadAction\",\"target\":[\"https:\\\/\\\/lasentinelle.dz\\\/index.php\\\/2024\\\/02\\\/06\\\/foncier-economique-debut-jeudi-du-traitement-des-demandes\\\/\"]}]},{\"@type\":\"ImageObject\",\"inLanguage\":\"fr-FR\",\"@id\":\"https:\\\/\\\/lasentinelle.dz\\\/index.php\\\/2024\\\/02\\\/06\\\/foncier-economique-debut-jeudi-du-traitement-des-demandes\\\/#primaryimage\",\"url\":\"https:\\\/\\\/lasentinelle.dz\\\/wp-content\\\/uploads\\\/2023\\\/06\\\/AAPI.jpeg\",\"contentUrl\":\"https:\\\/\\\/lasentinelle.dz\\\/wp-content\\\/uploads\\\/2023\\\/06\\\/AAPI.jpeg\",\"width\":1402,\"height\":1052},{\"@type\":\"BreadcrumbList\",\"@id\":\"https:\\\/\\\/lasentinelle.dz\\\/index.php\\\/2024\\\/02\\\/06\\\/foncier-economique-debut-jeudi-du-traitement-des-demandes\\\/#breadcrumb\",\"itemListElement\":[{\"@type\":\"ListItem\",\"position\":1,\"name\":\"Accueil\",\"item\":\"https:\\\/\\\/lasentinelle.dz\\\/\"},{\"@type\":\"ListItem\",\"position\":2,\"name\":\"Foncier \u00e9conomique\u00a0:\u00a0D\u00e9but jeudi du traitement des demandes\u00a0\"}]},{\"@type\":\"WebSite\",\"@id\":\"https:\\\/\\\/lasentinelle.dz\\\/#website\",\"url\":\"https:\\\/\\\/lasentinelle.dz\\\/\",\"name\":\"La Sentinelle\",\"description\":\"Quotidien national d&#039;information\",\"publisher\":{\"@id\":\"https:\\\/\\\/lasentinelle.dz\\\/#organization\"},\"potentialAction\":[{\"@type\":\"SearchAction\",\"target\":{\"@type\":\"EntryPoint\",\"urlTemplate\":\"https:\\\/\\\/lasentinelle.dz\\\/?s={search_term_string}\"},\"query-input\":{\"@type\":\"PropertyValueSpecification\",\"valueRequired\":true,\"valueName\":\"search_term_string\"}}],\"inLanguage\":\"fr-FR\"},{\"@type\":\"Organization\",\"@id\":\"https:\\\/\\\/lasentinelle.dz\\\/#organization\",\"name\":\"Quotidien La Sentinelle\",\"url\":\"https:\\\/\\\/lasentinelle.dz\\\/\",\"logo\":{\"@type\":\"ImageObject\",\"inLanguage\":\"fr-FR\",\"@id\":\"https:\\\/\\\/lasentinelle.dz\\\/#\\\/schema\\\/logo\\\/image\\\/\",\"url\":\"https:\\\/\\\/lasentinelle.dz\\\/wp-content\\\/uploads\\\/2021\\\/09\\\/logo-sentinelleSLOGAN-1.png\",\"contentUrl\":\"https:\\\/\\\/lasentinelle.dz\\\/wp-content\\\/uploads\\\/2021\\\/09\\\/logo-sentinelleSLOGAN-1.png\",\"width\":615,\"height\":142,\"caption\":\"Quotidien La Sentinelle\"},\"image\":{\"@id\":\"https:\\\/\\\/lasentinelle.dz\\\/#\\\/schema\\\/logo\\\/image\\\/\"},\"sameAs\":[\"https:\\\/\\\/www.facebook.com\\\/La-Sentinelle-104059864394773\"]},{\"@type\":\"Person\",\"@id\":\"https:\\\/\\\/lasentinelle.dz\\\/#\\\/schema\\\/person\\\/d865044e22e70a75174ce8bcad3acfb3\",\"name\":\"La Sentinelle\",\"image\":{\"@type\":\"ImageObject\",\"inLanguage\":\"fr-FR\",\"@id\":\"https:\\\/\\\/secure.gravatar.com\\\/avatar\\\/57de8e5d4b15d43fb361a71fbb36338450fe67865b528a43dd10ef7c51a20392?s=96&d=mm&r=g\",\"url\":\"https:\\\/\\\/secure.gravatar.com\\\/avatar\\\/57de8e5d4b15d43fb361a71fbb36338450fe67865b528a43dd10ef7c51a20392?s=96&d=mm&r=g\",\"contentUrl\":\"https:\\\/\\\/secure.gravatar.com\\\/avatar\\\/57de8e5d4b15d43fb361a71fbb36338450fe67865b528a43dd10ef7c51a20392?s=96&d=mm&r=g\",\"caption\":\"La Sentinelle\"},\"sameAs\":[\"http:\\\/\\\/www.lasentinelle.dz\"],\"url\":\"https:\\\/\\\/lasentinelle.dz\\\/author\\\/redaction\\\/\"}]}<\/script>\n<!-- \/ Yoast SEO plugin. -->","yoast_head_json":{"title":"Foncier \u00e9conomique\u00a0:\u00a0D\u00e9but jeudi du traitement des demandes\u00a0 - La Sentinelle","robots":{"index":"index","follow":"follow","max-snippet":"max-snippet:-1","max-image-preview":"max-image-preview:large","max-video-preview":"max-video-preview:-1"},"canonical":"https:\/\/lasentinelle.dz\/index.php\/2024\/02\/06\/foncier-economique-debut-jeudi-du-traitement-des-demandes\/","og_locale":"fr_FR","og_type":"article","og_title":"Foncier \u00e9conomique\u00a0:\u00a0D\u00e9but jeudi du traitement des demandes\u00a0 - La Sentinelle","og_description":"L\u2019op\u00e9ration d\u2019octroi du foncier \u00e9conomique&nbsp;relevant du domaine priv\u00e9 de l&rsquo;Etat pour r\u00e9aliser des projets d&rsquo;investissement, via la plateforme num\u00e9rique de","og_url":"https:\/\/lasentinelle.dz\/index.php\/2024\/02\/06\/foncier-economique-debut-jeudi-du-traitement-des-demandes\/","og_site_name":"La Sentinelle","article_publisher":"https:\/\/www.facebook.com\/La-Sentinelle-104059864394773","article_published_time":"2024-02-06T11:42:18+00:00","article_modified_time":"2024-02-06T11:42:23+00:00","og_image":[{"width":1402,"height":1052,"url":"https:\/\/lasentinelle.dz\/wp-content\/uploads\/2023\/06\/AAPI.jpeg","type":"image\/jpeg"}],"author":"La Sentinelle","twitter_card":"summary_large_image","twitter_misc":{"\u00c9crit par":"La Sentinelle","Dur\u00e9e de lecture estim\u00e9e":"3 minutes"},"schema":{"@context":"https:\/\/schema.org","@graph":[{"@type":"Article","@id":"https:\/\/lasentinelle.dz\/index.php\/2024\/02\/06\/foncier-economique-debut-jeudi-du-traitement-des-demandes\/#article","isPartOf":{"@id":"https:\/\/lasentinelle.dz\/index.php\/2024\/02\/06\/foncier-economique-debut-jeudi-du-traitement-des-demandes\/"},"author":{"name":"La Sentinelle","@id":"https:\/\/lasentinelle.dz\/#\/schema\/person\/d865044e22e70a75174ce8bcad3acfb3"},"headline":"Foncier \u00e9conomique\u00a0:\u00a0D\u00e9but jeudi du traitement des demandes\u00a0","datePublished":"2024-02-06T11:42:18+00:00","dateModified":"2024-02-06T11:42:23+00:00","mainEntityOfPage":{"@id":"https:\/\/lasentinelle.dz\/index.php\/2024\/02\/06\/foncier-economique-debut-jeudi-du-traitement-des-demandes\/"},"wordCount":505,"commentCount":0,"publisher":{"@id":"https:\/\/lasentinelle.dz\/#organization"},"image":{"@id":"https:\/\/lasentinelle.dz\/index.php\/2024\/02\/06\/foncier-economique-debut-jeudi-du-traitement-des-demandes\/#primaryimage"},"thumbnailUrl":"https:\/\/lasentinelle.dz\/wp-content\/uploads\/2023\/06\/AAPI.jpeg","articleSection":["\u00c9conomie"],"inLanguage":"fr-FR","potentialAction":[{"@type":"CommentAction","name":"Comment","target":["https:\/\/lasentinelle.dz\/index.php\/2024\/02\/06\/foncier-economique-debut-jeudi-du-traitement-des-demandes\/#respond"]}]},{"@type":"WebPage","@id":"https:\/\/lasentinelle.dz\/index.php\/2024\/02\/06\/foncier-economique-debut-jeudi-du-traitement-des-demandes\/","url":"https:\/\/lasentinelle.dz\/index.php\/2024\/02\/06\/foncier-economique-debut-jeudi-du-traitement-des-demandes\/","name":"Foncier \u00e9conomique\u00a0:\u00a0D\u00e9but jeudi du traitement des demandes\u00a0 - La Sentinelle","isPartOf":{"@id":"https:\/\/lasentinelle.dz\/#website"},"primaryImageOfPage":{"@id":"https:\/\/lasentinelle.dz\/index.php\/2024\/02\/06\/foncier-economique-debut-jeudi-du-traitement-des-demandes\/#primaryimage"},"image":{"@id":"https:\/\/lasentinelle.dz\/index.php\/2024\/02\/06\/foncier-economique-debut-jeudi-du-traitement-des-demandes\/#primaryimage"},"thumbnailUrl":"https:\/\/lasentinelle.dz\/wp-content\/uploads\/2023\/06\/AAPI.jpeg","datePublished":"2024-02-06T11:42:18+00:00","dateModified":"2024-02-06T11:42:23+00:00","breadcrumb":{"@id":"https:\/\/lasentinelle.dz\/index.php\/2024\/02\/06\/foncier-economique-debut-jeudi-du-traitement-des-demandes\/#breadcrumb"},"inLanguage":"fr-FR","potentialAction":[{"@type":"ReadAction","target":["https:\/\/lasentinelle.dz\/index.php\/2024\/02\/06\/foncier-economique-debut-jeudi-du-traitement-des-demandes\/"]}]},{"@type":"ImageObject","inLanguage":"fr-FR","@id":"https:\/\/lasentinelle.dz\/index.php\/2024\/02\/06\/foncier-economique-debut-jeudi-du-traitement-des-demandes\/#primaryimage","url":"https:\/\/lasentinelle.dz\/wp-content\/uploads\/2023\/06\/AAPI.jpeg","contentUrl":"https:\/\/lasentinelle.dz\/wp-content\/uploads\/2023\/06\/AAPI.jpeg","width":1402,"height":1052},{"@type":"BreadcrumbList","@id":"https:\/\/lasentinelle.dz\/index.php\/2024\/02\/06\/foncier-economique-debut-jeudi-du-traitement-des-demandes\/#breadcrumb","itemListElement":[{"@type":"ListItem","position":1,"name":"Accueil","item":"https:\/\/lasentinelle.dz\/"},{"@type":"ListItem","position":2,"name":"Foncier \u00e9conomique\u00a0:\u00a0D\u00e9but jeudi du traitement des demandes\u00a0"}]},{"@type":"WebSite","@id":"https:\/\/lasentinelle.dz\/#website","url":"https:\/\/lasentinelle.dz\/","name":"La Sentinelle","description":"Quotidien national d&#039;information","publisher":{"@id":"https:\/\/lasentinelle.dz\/#organization"},"potentialAction":[{"@type":"SearchAction","target":{"@type":"EntryPoint","urlTemplate":"https:\/\/lasentinelle.dz\/?s={search_term_string}"},"query-input":{"@type":"PropertyValueSpecification","valueRequired":true,"valueName":"search_term_string"}}],"inLanguage":"fr-FR"},{"@type":"Organization","@id":"https:\/\/lasentinelle.dz\/#organization","name":"Quotidien La Sentinelle","url":"https:\/\/lasentinelle.dz\/","logo":{"@type":"ImageObject","inLanguage":"fr-FR","@id":"https:\/\/lasentinelle.dz\/#\/schema\/logo\/image\/","url":"https:\/\/lasentinelle.dz\/wp-content\/uploads\/2021\/09\/logo-sentinelleSLOGAN-1.png","contentUrl":"https:\/\/lasentinelle.dz\/wp-content\/uploads\/2021\/09\/logo-sentinelleSLOGAN-1.png","width":615,"height":142,"caption":"Quotidien La Sentinelle"},"image":{"@id":"https:\/\/lasentinelle.dz\/#\/schema\/logo\/image\/"},"sameAs":["https:\/\/www.facebook.com\/La-Sentinelle-104059864394773"]},{"@type":"Person","@id":"https:\/\/lasentinelle.dz\/#\/schema\/person\/d865044e22e70a75174ce8bcad3acfb3","name":"La Sentinelle","image":{"@type":"ImageObject","inLanguage":"fr-FR","@id":"https:\/\/secure.gravatar.com\/avatar\/57de8e5d4b15d43fb361a71fbb36338450fe67865b528a43dd10ef7c51a20392?s=96&d=mm&r=g","url":"https:\/\/secure.gravatar.com\/avatar\/57de8e5d4b15d43fb361a71fbb36338450fe67865b528a43dd10ef7c51a20392?s=96&d=mm&r=g","contentUrl":"https:\/\/secure.gravatar.com\/avatar\/57de8e5d4b15d43fb361a71fbb36338450fe67865b528a43dd10ef7c51a20392?s=96&d=mm&r=g","caption":"La Sentinelle"},"sameAs":["http:\/\/www.lasentinelle.dz"],"url":"https:\/\/lasentinelle.dz\/author\/redaction\/"}]}},"_links":{"self":[{"href":"https:\/\/lasentinelle.dz\/index.php\/wp-json\/wp\/v2\/posts\/49225","targetHints":{"allow":["GET"]}}],"collection":[{"href":"https:\/\/lasentinelle.dz\/index.php\/wp-json\/wp\/v2\/posts"}],"about":[{"href":"https:\/\/lasentinelle.dz\/index.php\/wp-json\/wp\/v2\/types\/post"}],"author":[{"embeddable":true,"href":"https:\/\/lasentinelle.dz\/index.php\/wp-json\/wp\/v2\/users\/3"}],"replies":[{"embeddable":true,"href":"https:\/\/lasentinelle.dz\/index.php\/wp-json\/wp\/v2\/comments?post=49225"}],"version-history":[{"count":1,"href":"https:\/\/lasentinelle.dz\/index.php\/wp-json\/wp\/v2\/posts\/49225\/revisions"}],"predecessor-version":[{"id":49226,"href":"https:\/\/lasentinelle.dz\/index.php\/wp-json\/wp\/v2\/posts\/49225\/revisions\/49226"}],"wp:featuredmedia":[{"embeddable":true,"href":"https:\/\/lasentinelle.dz\/index.php\/wp-json\/wp\/v2\/media\/42965"}],"wp:attachment":[{"href":"https:\/\/lasentinelle.dz\/index.php\/wp-json\/wp\/v2\/media?parent=49225"}],"wp:term":[{"taxonomy":"category","embeddable":true,"href":"https:\/\/lasentinelle.dz\/index.php\/wp-json\/wp\/v2\/categories?post=49225"},{"taxonomy":"post_tag","embeddable":true,"href":"https:\/\/lasentinelle.dz\/index.php\/wp-json\/wp\/v2\/tags?post=49225"}],"curies":[{"name":"wp","href":"https:\/\/api.w.org\/{rel}","templated":true}]}}