{"id":49227,"date":"2024-02-06T12:44:36","date_gmt":"2024-02-06T11:44:36","guid":{"rendered":"https:\/\/lasentinelle.dz\/?p=49227"},"modified":"2024-02-06T12:44:39","modified_gmt":"2024-02-06T11:44:39","slug":"senegal-nouvelle-manifestation-a-dakar","status":"publish","type":"post","link":"https:\/\/lasentinelle.dz\/index.php\/2024\/02\/06\/senegal-nouvelle-manifestation-a-dakar\/","title":{"rendered":"S\u00e9n\u00e9gal\u00a0:\u00a0Nouvelle manifestation \u00e0 Dakar"},"content":{"rendered":"\n<p>Le Parlement devait d\u00e9battre&nbsp;hier&nbsp;d&rsquo;un projet de loi pr\u00e9voyant la tenue du scrutin pr\u00e9sidentiel le 25 ao\u00fbt et la prolongation du mandat de Macky Sall jusqu&rsquo;\u00e0 la prise de fonctions d&rsquo;un successeur.<\/p>\n\n\n\n<p>La police anti-\u00e9meutes a de nouveau&nbsp;dispers\u00e9 hier&nbsp;des manifestants qui s&rsquo;\u00e9taient rassembl\u00e9s devant l&rsquo;Assembl\u00e9e nationale pour protester contre le report de l&rsquo;\u00e9lection pr\u00e9sidentielle, pr\u00e9vue initialement le 25 f\u00e9vrier.&nbsp;Le pr\u00e9sident Macky Sall a annonc\u00e9 samedi que le vote \u00e9tait report\u00e9 \u00e0 une date ind\u00e9termin\u00e9e en raison d&rsquo;un contentieux sur l&rsquo;int\u00e9grit\u00e9 du processus \u00e9lectoral.&nbsp;Le pr\u00e9sident Sall a invoqu\u00e9 le grave conflit qui a \u00e9clat\u00e9 entre le Conseil constitutionnel et l&rsquo;Assembl\u00e9e nationale apr\u00e8s la validation d\u00e9finitive par la juridiction de vingt candidatures et l&rsquo;\u00e9limination de plusieurs dizaines d&rsquo;autres.&nbsp;&nbsp;L\u2019opposition a aussit\u00f4t condamn\u00e9 la d\u00e9cisionpr\u00e9sident et appel\u00e9 \u00e0 des actes de d\u00e9sob\u00e9issance civile.<\/p>\n\n\n\n<p>Le Parlement devait d\u00e9battre&nbsp;hier&nbsp;d&rsquo;un projet de loi pr\u00e9voyant la tenue du scrutin pr\u00e9sidentiel le 25 ao\u00fbt et la prolongation du mandat de Macky Sall jusqu&rsquo;\u00e0 la prise de fonctions d&rsquo;un successeur.&nbsp;Les d\u00e9put\u00e9s ont commenc\u00e9 \u00e0 examiner en fin de matin\u00e9e un rapport adopt\u00e9 la veille en commission pr\u00e9paratoire et proposant de repousser la pr\u00e9sidentielle de six mois ou m\u00eame un an, \u00e0 f\u00e9vrier 2025, selon le contenu de ce texte distribu\u00e9 en s\u00e9ance et soutenu par le camp pr\u00e9sidentiel.&nbsp;Une centaine de personnes s&rsquo;\u00e9taient regroup\u00e9es devant la b\u00e2timent en signe de protestation. Les forces de s\u00e9curit\u00e9 ont proc\u00e9d\u00e9 \u00e0 des arrestations, ont rapport\u00e9 des journalistes de Reuters.&nbsp;Le ministre des Communications a annonc\u00e9 dans un communiqu\u00e9 que les liaisons internet \u00e9taient suspendues depuis dimanche soir afin de couper court aux \u00ab\u00a0messages de haine\u00a0\u00bb sur les r\u00e9seaux sociaux.&nbsp;La veille, les&nbsp;forces de l\u2019ordre qui ont rapidement dispers\u00e9&nbsp;des&nbsp;manifestants, notamment les militants du PUR, m\u00e9contents de la d\u00e9cision du pr\u00e9sident s\u00e9n\u00e9galais Macky Sall d\u2019abroger le d\u00e9cret relatif \u00e0 l\u2019\u00e9lection pr\u00e9sidentielle&nbsp;qui&nbsp;ont affront\u00e9 les forces de l\u2019ordre \u00e0 coups de pierres. Ils ont \u00e9t\u00e9 dispers\u00e9s et des personnes ont \u00e9t\u00e9 interpell\u00e9es.&nbsp;Malgr\u00e9 les condamnations sur les r\u00e9seaux sociaux, la contestation n\u2019a pas vraiment gagn\u00e9 la rue.<\/p>\n\n\n\n<p>R.I. avec agences<\/p>\n","protected":false},"excerpt":{"rendered":"<p>Le Parlement devait d\u00e9battre&nbsp;hier&nbsp;d&rsquo;un projet de loi pr\u00e9voyant la tenue du scrutin pr\u00e9sidentiel le 25 ao\u00fbt et la prolongation du<\/p>\n","protected":false},"author":3,"featured_media":49228,"comment_status":"open","ping_status":"closed","sticky":false,"template":"","format":"standard","meta":{"colormag_page_container_layout":"default_layout","colormag_page_sidebar_layout":"default_layout","om_disable_all_campaigns":false,"_monsterinsights_skip_tracking":false,"_monsterinsights_sitenote_active":false,"_monsterinsights_sitenote_note":"","_monsterinsights_sitenote_category":0,"footnotes":"","_wpscppro_dont_share_socialmedia":false,"_wpscppro_custom_social_share_image":0,"_facebook_share_type":"","_twitter_share_type":"","_linkedin_share_type":"","_pinterest_share_type":"","_linkedin_share_type_page":"","_instagram_share_type":"","_medium_share_type":"","_threads_share_type":"","_google_business_share_type":"","_selected_social_profile":[],"_wpsp_enable_custom_social_template":false,"_wpsp_social_scheduling":{"enabled":false,"datetime":null,"platforms":[],"status":"template_only","dateOption":"today","timeOption":"now","customDays":"","customHours":"","customDate":"","customTime":"","schedulingType":"absolute"},"_wpsp_active_default_template":true},"categories":[37],"tags":[],"class_list":["post-49227","post","type-post","status-publish","format-standard","has-post-thumbnail","hentry","category-monde"],"aioseo_notices":[],"yoast_head":"<!-- This site is optimized with the Yoast SEO plugin v27.5 - https:\/\/yoast.com\/product\/yoast-seo-wordpress\/ -->\n<title>S\u00e9n\u00e9gal\u00a0:\u00a0Nouvelle manifestation \u00e0 Dakar - La Sentinelle<\/title>\n<meta name=\"robots\" content=\"index, follow, max-snippet:-1, max-image-preview:large, max-video-preview:-1\" \/>\n<link rel=\"canonical\" href=\"https:\/\/lasentinelle.dz\/index.php\/2024\/02\/06\/senegal-nouvelle-manifestation-a-dakar\/\" \/>\n<meta property=\"og:locale\" content=\"fr_FR\" \/>\n<meta property=\"og:type\" content=\"article\" \/>\n<meta property=\"og:title\" content=\"S\u00e9n\u00e9gal\u00a0:\u00a0Nouvelle manifestation \u00e0 Dakar - La Sentinelle\" \/>\n<meta property=\"og:description\" content=\"Le Parlement devait d\u00e9battre&nbsp;hier&nbsp;d&rsquo;un projet de loi pr\u00e9voyant la tenue du scrutin pr\u00e9sidentiel le 25 ao\u00fbt et la prolongation du\" \/>\n<meta property=\"og:url\" content=\"https:\/\/lasentinelle.dz\/index.php\/2024\/02\/06\/senegal-nouvelle-manifestation-a-dakar\/\" \/>\n<meta property=\"og:site_name\" content=\"La Sentinelle\" \/>\n<meta property=\"article:publisher\" content=\"https:\/\/www.facebook.com\/La-Sentinelle-104059864394773\" \/>\n<meta property=\"article:published_time\" content=\"2024-02-06T11:44:36+00:00\" \/>\n<meta property=\"article:modified_time\" content=\"2024-02-06T11:44:39+00:00\" \/>\n<meta property=\"og:image\" content=\"https:\/\/lasentinelle.dz\/wp-content\/uploads\/2024\/02\/senegal.jpeg\" \/>\n\t<meta property=\"og:image:width\" content=\"760\" \/>\n\t<meta property=\"og:image:height\" content=\"507\" \/>\n\t<meta property=\"og:image:type\" content=\"image\/jpeg\" \/>\n<meta name=\"author\" content=\"La Sentinelle\" \/>\n<meta name=\"twitter:card\" content=\"summary_large_image\" \/>\n<meta name=\"twitter:label1\" content=\"\u00c9crit par\" \/>\n\t<meta name=\"twitter:data1\" content=\"La Sentinelle\" \/>\n\t<meta name=\"twitter:label2\" content=\"Dur\u00e9e de lecture estim\u00e9e\" \/>\n\t<meta name=\"twitter:data2\" content=\"2 minutes\" \/>\n<script type=\"application\/ld+json\" class=\"yoast-schema-graph\">{\"@context\":\"https:\\\/\\\/schema.org\",\"@graph\":[{\"@type\":\"Article\",\"@id\":\"https:\\\/\\\/lasentinelle.dz\\\/index.php\\\/2024\\\/02\\\/06\\\/senegal-nouvelle-manifestation-a-dakar\\\/#article\",\"isPartOf\":{\"@id\":\"https:\\\/\\\/lasentinelle.dz\\\/index.php\\\/2024\\\/02\\\/06\\\/senegal-nouvelle-manifestation-a-dakar\\\/\"},\"author\":{\"name\":\"La Sentinelle\",\"@id\":\"https:\\\/\\\/lasentinelle.dz\\\/#\\\/schema\\\/person\\\/d865044e22e70a75174ce8bcad3acfb3\"},\"headline\":\"S\u00e9n\u00e9gal\u00a0:\u00a0Nouvelle manifestation \u00e0 Dakar\",\"datePublished\":\"2024-02-06T11:44:36+00:00\",\"dateModified\":\"2024-02-06T11:44:39+00:00\",\"mainEntityOfPage\":{\"@id\":\"https:\\\/\\\/lasentinelle.dz\\\/index.php\\\/2024\\\/02\\\/06\\\/senegal-nouvelle-manifestation-a-dakar\\\/\"},\"wordCount\":433,\"commentCount\":0,\"publisher\":{\"@id\":\"https:\\\/\\\/lasentinelle.dz\\\/#organization\"},\"image\":{\"@id\":\"https:\\\/\\\/lasentinelle.dz\\\/index.php\\\/2024\\\/02\\\/06\\\/senegal-nouvelle-manifestation-a-dakar\\\/#primaryimage\"},\"thumbnailUrl\":\"https:\\\/\\\/lasentinelle.dz\\\/wp-content\\\/uploads\\\/2024\\\/02\\\/senegal.jpeg\",\"articleSection\":[\"Monde\"],\"inLanguage\":\"fr-FR\",\"potentialAction\":[{\"@type\":\"CommentAction\",\"name\":\"Comment\",\"target\":[\"https:\\\/\\\/lasentinelle.dz\\\/index.php\\\/2024\\\/02\\\/06\\\/senegal-nouvelle-manifestation-a-dakar\\\/#respond\"]}]},{\"@type\":\"WebPage\",\"@id\":\"https:\\\/\\\/lasentinelle.dz\\\/index.php\\\/2024\\\/02\\\/06\\\/senegal-nouvelle-manifestation-a-dakar\\\/\",\"url\":\"https:\\\/\\\/lasentinelle.dz\\\/index.php\\\/2024\\\/02\\\/06\\\/senegal-nouvelle-manifestation-a-dakar\\\/\",\"name\":\"S\u00e9n\u00e9gal\u00a0:\u00a0Nouvelle manifestation \u00e0 Dakar - La Sentinelle\",\"isPartOf\":{\"@id\":\"https:\\\/\\\/lasentinelle.dz\\\/#website\"},\"primaryImageOfPage\":{\"@id\":\"https:\\\/\\\/lasentinelle.dz\\\/index.php\\\/2024\\\/02\\\/06\\\/senegal-nouvelle-manifestation-a-dakar\\\/#primaryimage\"},\"image\":{\"@id\":\"https:\\\/\\\/lasentinelle.dz\\\/index.php\\\/2024\\\/02\\\/06\\\/senegal-nouvelle-manifestation-a-dakar\\\/#primaryimage\"},\"thumbnailUrl\":\"https:\\\/\\\/lasentinelle.dz\\\/wp-content\\\/uploads\\\/2024\\\/02\\\/senegal.jpeg\",\"datePublished\":\"2024-02-06T11:44:36+00:00\",\"dateModified\":\"2024-02-06T11:44:39+00:00\",\"breadcrumb\":{\"@id\":\"https:\\\/\\\/lasentinelle.dz\\\/index.php\\\/2024\\\/02\\\/06\\\/senegal-nouvelle-manifestation-a-dakar\\\/#breadcrumb\"},\"inLanguage\":\"fr-FR\",\"potentialAction\":[{\"@type\":\"ReadAction\",\"target\":[\"https:\\\/\\\/lasentinelle.dz\\\/index.php\\\/2024\\\/02\\\/06\\\/senegal-nouvelle-manifestation-a-dakar\\\/\"]}]},{\"@type\":\"ImageObject\",\"inLanguage\":\"fr-FR\",\"@id\":\"https:\\\/\\\/lasentinelle.dz\\\/index.php\\\/2024\\\/02\\\/06\\\/senegal-nouvelle-manifestation-a-dakar\\\/#primaryimage\",\"url\":\"https:\\\/\\\/lasentinelle.dz\\\/wp-content\\\/uploads\\\/2024\\\/02\\\/senegal.jpeg\",\"contentUrl\":\"https:\\\/\\\/lasentinelle.dz\\\/wp-content\\\/uploads\\\/2024\\\/02\\\/senegal.jpeg\",\"width\":760,\"height\":507},{\"@type\":\"BreadcrumbList\",\"@id\":\"https:\\\/\\\/lasentinelle.dz\\\/index.php\\\/2024\\\/02\\\/06\\\/senegal-nouvelle-manifestation-a-dakar\\\/#breadcrumb\",\"itemListElement\":[{\"@type\":\"ListItem\",\"position\":1,\"name\":\"Accueil\",\"item\":\"https:\\\/\\\/lasentinelle.dz\\\/\"},{\"@type\":\"ListItem\",\"position\":2,\"name\":\"S\u00e9n\u00e9gal\u00a0:\u00a0Nouvelle manifestation \u00e0 Dakar\"}]},{\"@type\":\"WebSite\",\"@id\":\"https:\\\/\\\/lasentinelle.dz\\\/#website\",\"url\":\"https:\\\/\\\/lasentinelle.dz\\\/\",\"name\":\"La Sentinelle\",\"description\":\"Quotidien national d&#039;information\",\"publisher\":{\"@id\":\"https:\\\/\\\/lasentinelle.dz\\\/#organization\"},\"potentialAction\":[{\"@type\":\"SearchAction\",\"target\":{\"@type\":\"EntryPoint\",\"urlTemplate\":\"https:\\\/\\\/lasentinelle.dz\\\/?s={search_term_string}\"},\"query-input\":{\"@type\":\"PropertyValueSpecification\",\"valueRequired\":true,\"valueName\":\"search_term_string\"}}],\"inLanguage\":\"fr-FR\"},{\"@type\":\"Organization\",\"@id\":\"https:\\\/\\\/lasentinelle.dz\\\/#organization\",\"name\":\"Quotidien La Sentinelle\",\"url\":\"https:\\\/\\\/lasentinelle.dz\\\/\",\"logo\":{\"@type\":\"ImageObject\",\"inLanguage\":\"fr-FR\",\"@id\":\"https:\\\/\\\/lasentinelle.dz\\\/#\\\/schema\\\/logo\\\/image\\\/\",\"url\":\"https:\\\/\\\/lasentinelle.dz\\\/wp-content\\\/uploads\\\/2021\\\/09\\\/logo-sentinelleSLOGAN-1.png\",\"contentUrl\":\"https:\\\/\\\/lasentinelle.dz\\\/wp-content\\\/uploads\\\/2021\\\/09\\\/logo-sentinelleSLOGAN-1.png\",\"width\":615,\"height\":142,\"caption\":\"Quotidien La Sentinelle\"},\"image\":{\"@id\":\"https:\\\/\\\/lasentinelle.dz\\\/#\\\/schema\\\/logo\\\/image\\\/\"},\"sameAs\":[\"https:\\\/\\\/www.facebook.com\\\/La-Sentinelle-104059864394773\"]},{\"@type\":\"Person\",\"@id\":\"https:\\\/\\\/lasentinelle.dz\\\/#\\\/schema\\\/person\\\/d865044e22e70a75174ce8bcad3acfb3\",\"name\":\"La Sentinelle\",\"image\":{\"@type\":\"ImageObject\",\"inLanguage\":\"fr-FR\",\"@id\":\"https:\\\/\\\/secure.gravatar.com\\\/avatar\\\/57de8e5d4b15d43fb361a71fbb36338450fe67865b528a43dd10ef7c51a20392?s=96&d=mm&r=g\",\"url\":\"https:\\\/\\\/secure.gravatar.com\\\/avatar\\\/57de8e5d4b15d43fb361a71fbb36338450fe67865b528a43dd10ef7c51a20392?s=96&d=mm&r=g\",\"contentUrl\":\"https:\\\/\\\/secure.gravatar.com\\\/avatar\\\/57de8e5d4b15d43fb361a71fbb36338450fe67865b528a43dd10ef7c51a20392?s=96&d=mm&r=g\",\"caption\":\"La Sentinelle\"},\"sameAs\":[\"http:\\\/\\\/www.lasentinelle.dz\"],\"url\":\"https:\\\/\\\/lasentinelle.dz\\\/author\\\/redaction\\\/\"}]}<\/script>\n<!-- \/ Yoast SEO plugin. -->","yoast_head_json":{"title":"S\u00e9n\u00e9gal\u00a0:\u00a0Nouvelle manifestation \u00e0 Dakar - La Sentinelle","robots":{"index":"index","follow":"follow","max-snippet":"max-snippet:-1","max-image-preview":"max-image-preview:large","max-video-preview":"max-video-preview:-1"},"canonical":"https:\/\/lasentinelle.dz\/index.php\/2024\/02\/06\/senegal-nouvelle-manifestation-a-dakar\/","og_locale":"fr_FR","og_type":"article","og_title":"S\u00e9n\u00e9gal\u00a0:\u00a0Nouvelle manifestation \u00e0 Dakar - La Sentinelle","og_description":"Le Parlement devait d\u00e9battre&nbsp;hier&nbsp;d&rsquo;un projet de loi pr\u00e9voyant la tenue du scrutin pr\u00e9sidentiel le 25 ao\u00fbt et la prolongation du","og_url":"https:\/\/lasentinelle.dz\/index.php\/2024\/02\/06\/senegal-nouvelle-manifestation-a-dakar\/","og_site_name":"La Sentinelle","article_publisher":"https:\/\/www.facebook.com\/La-Sentinelle-104059864394773","article_published_time":"2024-02-06T11:44:36+00:00","article_modified_time":"2024-02-06T11:44:39+00:00","og_image":[{"width":760,"height":507,"url":"https:\/\/lasentinelle.dz\/wp-content\/uploads\/2024\/02\/senegal.jpeg","type":"image\/jpeg"}],"author":"La Sentinelle","twitter_card":"summary_large_image","twitter_misc":{"\u00c9crit par":"La Sentinelle","Dur\u00e9e de lecture estim\u00e9e":"2 minutes"},"schema":{"@context":"https:\/\/schema.org","@graph":[{"@type":"Article","@id":"https:\/\/lasentinelle.dz\/index.php\/2024\/02\/06\/senegal-nouvelle-manifestation-a-dakar\/#article","isPartOf":{"@id":"https:\/\/lasentinelle.dz\/index.php\/2024\/02\/06\/senegal-nouvelle-manifestation-a-dakar\/"},"author":{"name":"La Sentinelle","@id":"https:\/\/lasentinelle.dz\/#\/schema\/person\/d865044e22e70a75174ce8bcad3acfb3"},"headline":"S\u00e9n\u00e9gal\u00a0:\u00a0Nouvelle manifestation \u00e0 Dakar","datePublished":"2024-02-06T11:44:36+00:00","dateModified":"2024-02-06T11:44:39+00:00","mainEntityOfPage":{"@id":"https:\/\/lasentinelle.dz\/index.php\/2024\/02\/06\/senegal-nouvelle-manifestation-a-dakar\/"},"wordCount":433,"commentCount":0,"publisher":{"@id":"https:\/\/lasentinelle.dz\/#organization"},"image":{"@id":"https:\/\/lasentinelle.dz\/index.php\/2024\/02\/06\/senegal-nouvelle-manifestation-a-dakar\/#primaryimage"},"thumbnailUrl":"https:\/\/lasentinelle.dz\/wp-content\/uploads\/2024\/02\/senegal.jpeg","articleSection":["Monde"],"inLanguage":"fr-FR","potentialAction":[{"@type":"CommentAction","name":"Comment","target":["https:\/\/lasentinelle.dz\/index.php\/2024\/02\/06\/senegal-nouvelle-manifestation-a-dakar\/#respond"]}]},{"@type":"WebPage","@id":"https:\/\/lasentinelle.dz\/index.php\/2024\/02\/06\/senegal-nouvelle-manifestation-a-dakar\/","url":"https:\/\/lasentinelle.dz\/index.php\/2024\/02\/06\/senegal-nouvelle-manifestation-a-dakar\/","name":"S\u00e9n\u00e9gal\u00a0:\u00a0Nouvelle manifestation \u00e0 Dakar - La Sentinelle","isPartOf":{"@id":"https:\/\/lasentinelle.dz\/#website"},"primaryImageOfPage":{"@id":"https:\/\/lasentinelle.dz\/index.php\/2024\/02\/06\/senegal-nouvelle-manifestation-a-dakar\/#primaryimage"},"image":{"@id":"https:\/\/lasentinelle.dz\/index.php\/2024\/02\/06\/senegal-nouvelle-manifestation-a-dakar\/#primaryimage"},"thumbnailUrl":"https:\/\/lasentinelle.dz\/wp-content\/uploads\/2024\/02\/senegal.jpeg","datePublished":"2024-02-06T11:44:36+00:00","dateModified":"2024-02-06T11:44:39+00:00","breadcrumb":{"@id":"https:\/\/lasentinelle.dz\/index.php\/2024\/02\/06\/senegal-nouvelle-manifestation-a-dakar\/#breadcrumb"},"inLanguage":"fr-FR","potentialAction":[{"@type":"ReadAction","target":["https:\/\/lasentinelle.dz\/index.php\/2024\/02\/06\/senegal-nouvelle-manifestation-a-dakar\/"]}]},{"@type":"ImageObject","inLanguage":"fr-FR","@id":"https:\/\/lasentinelle.dz\/index.php\/2024\/02\/06\/senegal-nouvelle-manifestation-a-dakar\/#primaryimage","url":"https:\/\/lasentinelle.dz\/wp-content\/uploads\/2024\/02\/senegal.jpeg","contentUrl":"https:\/\/lasentinelle.dz\/wp-content\/uploads\/2024\/02\/senegal.jpeg","width":760,"height":507},{"@type":"BreadcrumbList","@id":"https:\/\/lasentinelle.dz\/index.php\/2024\/02\/06\/senegal-nouvelle-manifestation-a-dakar\/#breadcrumb","itemListElement":[{"@type":"ListItem","position":1,"name":"Accueil","item":"https:\/\/lasentinelle.dz\/"},{"@type":"ListItem","position":2,"name":"S\u00e9n\u00e9gal\u00a0:\u00a0Nouvelle manifestation \u00e0 Dakar"}]},{"@type":"WebSite","@id":"https:\/\/lasentinelle.dz\/#website","url":"https:\/\/lasentinelle.dz\/","name":"La Sentinelle","description":"Quotidien national d&#039;information","publisher":{"@id":"https:\/\/lasentinelle.dz\/#organization"},"potentialAction":[{"@type":"SearchAction","target":{"@type":"EntryPoint","urlTemplate":"https:\/\/lasentinelle.dz\/?s={search_term_string}"},"query-input":{"@type":"PropertyValueSpecification","valueRequired":true,"valueName":"search_term_string"}}],"inLanguage":"fr-FR"},{"@type":"Organization","@id":"https:\/\/lasentinelle.dz\/#organization","name":"Quotidien La Sentinelle","url":"https:\/\/lasentinelle.dz\/","logo":{"@type":"ImageObject","inLanguage":"fr-FR","@id":"https:\/\/lasentinelle.dz\/#\/schema\/logo\/image\/","url":"https:\/\/lasentinelle.dz\/wp-content\/uploads\/2021\/09\/logo-sentinelleSLOGAN-1.png","contentUrl":"https:\/\/lasentinelle.dz\/wp-content\/uploads\/2021\/09\/logo-sentinelleSLOGAN-1.png","width":615,"height":142,"caption":"Quotidien La Sentinelle"},"image":{"@id":"https:\/\/lasentinelle.dz\/#\/schema\/logo\/image\/"},"sameAs":["https:\/\/www.facebook.com\/La-Sentinelle-104059864394773"]},{"@type":"Person","@id":"https:\/\/lasentinelle.dz\/#\/schema\/person\/d865044e22e70a75174ce8bcad3acfb3","name":"La Sentinelle","image":{"@type":"ImageObject","inLanguage":"fr-FR","@id":"https:\/\/secure.gravatar.com\/avatar\/57de8e5d4b15d43fb361a71fbb36338450fe67865b528a43dd10ef7c51a20392?s=96&d=mm&r=g","url":"https:\/\/secure.gravatar.com\/avatar\/57de8e5d4b15d43fb361a71fbb36338450fe67865b528a43dd10ef7c51a20392?s=96&d=mm&r=g","contentUrl":"https:\/\/secure.gravatar.com\/avatar\/57de8e5d4b15d43fb361a71fbb36338450fe67865b528a43dd10ef7c51a20392?s=96&d=mm&r=g","caption":"La Sentinelle"},"sameAs":["http:\/\/www.lasentinelle.dz"],"url":"https:\/\/lasentinelle.dz\/author\/redaction\/"}]}},"_links":{"self":[{"href":"https:\/\/lasentinelle.dz\/index.php\/wp-json\/wp\/v2\/posts\/49227","targetHints":{"allow":["GET"]}}],"collection":[{"href":"https:\/\/lasentinelle.dz\/index.php\/wp-json\/wp\/v2\/posts"}],"about":[{"href":"https:\/\/lasentinelle.dz\/index.php\/wp-json\/wp\/v2\/types\/post"}],"author":[{"embeddable":true,"href":"https:\/\/lasentinelle.dz\/index.php\/wp-json\/wp\/v2\/users\/3"}],"replies":[{"embeddable":true,"href":"https:\/\/lasentinelle.dz\/index.php\/wp-json\/wp\/v2\/comments?post=49227"}],"version-history":[{"count":1,"href":"https:\/\/lasentinelle.dz\/index.php\/wp-json\/wp\/v2\/posts\/49227\/revisions"}],"predecessor-version":[{"id":49229,"href":"https:\/\/lasentinelle.dz\/index.php\/wp-json\/wp\/v2\/posts\/49227\/revisions\/49229"}],"wp:featuredmedia":[{"embeddable":true,"href":"https:\/\/lasentinelle.dz\/index.php\/wp-json\/wp\/v2\/media\/49228"}],"wp:attachment":[{"href":"https:\/\/lasentinelle.dz\/index.php\/wp-json\/wp\/v2\/media?parent=49227"}],"wp:term":[{"taxonomy":"category","embeddable":true,"href":"https:\/\/lasentinelle.dz\/index.php\/wp-json\/wp\/v2\/categories?post=49227"},{"taxonomy":"post_tag","embeddable":true,"href":"https:\/\/lasentinelle.dz\/index.php\/wp-json\/wp\/v2\/tags?post=49227"}],"curies":[{"name":"wp","href":"https:\/\/api.w.org\/{rel}","templated":true}]}}