{"id":49243,"date":"2024-02-06T13:01:53","date_gmt":"2024-02-06T12:01:53","guid":{"rendered":"https:\/\/lasentinelle.dz\/?p=49243"},"modified":"2024-02-06T13:01:55","modified_gmt":"2024-02-06T12:01:55","slug":"numerisation-de-ladministration-fiscale","status":"publish","type":"post","link":"https:\/\/lasentinelle.dz\/index.php\/2024\/02\/06\/numerisation-de-ladministration-fiscale\/","title":{"rendered":"Num\u00e9risation de l\u2019administration fiscale"},"content":{"rendered":"\n<p><strong>115 centres&nbsp;<\/strong><strong>des imp\u00f4ts&nbsp;connect\u00e9s avant la fin de 2024<\/strong><\/p>\n\n\n\n<p>Les directions des imp\u00f4ts des cinq&nbsp;&nbsp;wilayas du pays ont proc\u00e9d\u00e9, dimanche, au lancement du syst\u00e8me Jibayatic, au niveau de 5 centres de proximit\u00e9 d\u2019imp\u00f4ts (CPI). Il s\u2019agit des wilayas d\u2019Annaba, Skikda, Oum El Bouaghi, Mascara et Na\u00e2ma, selon un communiqu\u00e9 \u00e9manant de la&nbsp;Direction g\u00e9n\u00e9rale des imp\u00f4ts (DGI). Selon la m\u00eame source, il a \u00e9t\u00e9 proc\u00e9d\u00e9 au lancement officiel du syst\u00e8me d\u2019information Jibayatic au niveau du centre de proximit\u00e9 des&nbsp;imp\u00f4ts&nbsp;(CPI) de Azzaba, relevant de la direction des imp\u00f4ts de la wilaya de Skikda. Ledit syst\u00e8me a&nbsp;\u00e9galement&nbsp;\u00e9t\u00e9 lanc\u00e9 au niveau&nbsp;du&nbsp;CPI&nbsp;M\u2019hamedi dans la wilaya de Mascara. Idem pour la wilaya d\u2019Oum El Bouaghi o\u00f9, le portail \u00e9lectronique a \u00e9t\u00e9 lanc\u00e9 dans le centre de proximit\u00e9 d\u2019imp\u00f4ts de Ain El Fakroun. La m\u00eame op\u00e9ration a \u00e9t\u00e9 enregistr\u00e9e dans le CPI de Ain Esafra dans la wilaya de Naama.&nbsp;Dans&nbsp;la wilaya d&rsquo;Annaba, c&rsquo;est au centre de proximit\u00e9 d\u2019imp\u00f4ts d\u2019El Bouni que le syst\u00e8me a \u00e9t\u00e9 lanc\u00e9, a indiqu\u00e9 le communiqu\u00e9 de la DGI.&nbsp;&nbsp;Cette derni\u00e8re&nbsp;&nbsp;a expliqu\u00e9 que le lancement de ce portail \u00e9lectronique s\u2019inscrit dans le cadre de la mise en \u0153uvre du programme de modernisation de l\u2019administration fiscale, en son volet num\u00e9risation,&nbsp;&nbsp;afin de faciliter les proc\u00e9dures administratives aux&nbsp;contribuables.&nbsp;&nbsp;Au centre de proximit\u00e9 des&nbsp;imp\u00f4ts d\u2019El Bouni, relevant de la direction d\u2019Annaba, le processus du lancement de ce portail num\u00e9rique a \u00e9t\u00e9 supervis\u00e9&nbsp;&nbsp;par Bouabbeche Hayet, sous directrice de la gouvernance et de la s\u00e9curit\u00e9 des syst\u00e8mes d\u2019information de la DGI, en pr\u00e9sence du chef de la da\u00efra, du pr\u00e9sident de l\u2019APC d\u2019El-Bouni et des cadres du secteur ainsi que de nombreux&nbsp;contribuables.&nbsp;&nbsp;L\u2019op\u00e9ration s\u2019est d\u00e9roul\u00e9e au si\u00e8ge du CPI d\u2019El-Bouni,&nbsp;&nbsp;dot\u00e9 d\u2019\u00e9quipements informatiques de derni\u00e8re g\u00e9n\u00e9ration.&nbsp;\u00ab&nbsp;Nous sommes&nbsp;est arriv\u00e9s&nbsp;\u00e0 d\u00e9ployer le syst\u00e8me au niveau de 81 centres des&nbsp;imp\u00f4ts et&nbsp;nous&nbsp;comptons&nbsp;atteindre 115 centres avant la fin de l\u2019ann\u00e9e 2024&nbsp;\u00bb,&nbsp;a indiqu\u00e9&nbsp;Bouabbeche Hayet. Selon la m\u00eame&nbsp;responsable&nbsp;\u00ab&nbsp;Jibayatic&nbsp;\u00bb&nbsp;est une solution centralis\u00e9e&nbsp;&nbsp;int\u00e9gr\u00e9e qui couvre toutes les activit\u00e9s m\u00e9tiers au niveau de la direction g\u00e9n\u00e9rale des imp\u00f4ts. D\u2019o\u00f9 la gestion du dossier du contribuable, depuis entre autres, la gestion fiscale, comptabilit\u00e9, recouvrement d\u2019imp\u00f4ts, les recours et litiges, \u00e0 travers un tableau de bord avec des indicateurs de performances qui&nbsp;\u00ab&nbsp;nous permet de suivre les activit\u00e9s et \u00e9tablir des \u00e9tats statistiques par rapport&nbsp;&nbsp;aux activit\u00e9s des diff\u00e9rents centres au niveau national&nbsp;\u00bb, a d\u00e9taill\u00e9&nbsp;l\u2019intervenante.&nbsp;Le syst\u00e8me \u00ab\u00a0Jibayatic\u00a0\u00bb repr\u00e9sente bien plus qu&rsquo;un simple outil technologique, il est aussi un puissant auxiliaire \u00e0 la prise de d\u00e9cision et ce gr\u00e2ce \u00e0 ses fonctionnalit\u00e9s avanc\u00e9es.&nbsp;&nbsp;Il&nbsp;offre une vue d&rsquo;ensemble permettant aux responsables fiscaux de prendre des d\u00e9cisions \u00e9clair\u00e9es, d&rsquo;optimiser les processus et d&rsquo;assurer une gestion efficiente des ressources.<\/p>\n\n\n\n<p><strong>Sofia&nbsp;<\/strong><strong>Chahine<\/strong><\/p>\n","protected":false},"excerpt":{"rendered":"<p>115 centres&nbsp;des imp\u00f4ts&nbsp;connect\u00e9s avant la fin de 2024 Les directions des imp\u00f4ts des cinq&nbsp;&nbsp;wilayas du pays ont proc\u00e9d\u00e9, dimanche, au<\/p>\n","protected":false},"author":3,"featured_media":46141,"comment_status":"open","ping_status":"closed","sticky":false,"template":"","format":"standard","meta":{"colormag_page_container_layout":"default_layout","colormag_page_sidebar_layout":"default_layout","om_disable_all_campaigns":false,"_monsterinsights_skip_tracking":false,"_monsterinsights_sitenote_active":false,"_monsterinsights_sitenote_note":"","_monsterinsights_sitenote_category":0,"footnotes":"","_wpscppro_dont_share_socialmedia":false,"_wpscppro_custom_social_share_image":0,"_facebook_share_type":"","_twitter_share_type":"","_linkedin_share_type":"","_pinterest_share_type":"","_linkedin_share_type_page":"","_instagram_share_type":"","_medium_share_type":"","_threads_share_type":"","_google_business_share_type":"","_selected_social_profile":[],"_wpsp_enable_custom_social_template":false,"_wpsp_social_scheduling":{"enabled":false,"datetime":null,"platforms":[],"status":"template_only","dateOption":"today","timeOption":"now","customDays":"","customHours":"","customDate":"","customTime":"","schedulingType":"absolute"},"_wpsp_active_default_template":true},"categories":[29],"tags":[],"class_list":["post-49243","post","type-post","status-publish","format-standard","has-post-thumbnail","hentry","category-economie"],"aioseo_notices":[],"yoast_head":"<!-- This site is optimized with the Yoast SEO plugin v27.4 - https:\/\/yoast.com\/product\/yoast-seo-wordpress\/ -->\n<title>Num\u00e9risation de l\u2019administration fiscale - La Sentinelle<\/title>\n<meta name=\"robots\" content=\"index, follow, max-snippet:-1, max-image-preview:large, max-video-preview:-1\" \/>\n<link rel=\"canonical\" href=\"https:\/\/lasentinelle.dz\/index.php\/2024\/02\/06\/numerisation-de-ladministration-fiscale\/\" \/>\n<meta property=\"og:locale\" content=\"fr_FR\" \/>\n<meta property=\"og:type\" content=\"article\" \/>\n<meta property=\"og:title\" content=\"Num\u00e9risation de l\u2019administration fiscale - La Sentinelle\" \/>\n<meta property=\"og:description\" content=\"115 centres&nbsp;des imp\u00f4ts&nbsp;connect\u00e9s avant la fin de 2024 Les directions des imp\u00f4ts des cinq&nbsp;&nbsp;wilayas du pays ont proc\u00e9d\u00e9, dimanche, au\" \/>\n<meta property=\"og:url\" content=\"https:\/\/lasentinelle.dz\/index.php\/2024\/02\/06\/numerisation-de-ladministration-fiscale\/\" \/>\n<meta property=\"og:site_name\" content=\"La Sentinelle\" \/>\n<meta property=\"article:publisher\" content=\"https:\/\/www.facebook.com\/La-Sentinelle-104059864394773\" \/>\n<meta property=\"article:published_time\" content=\"2024-02-06T12:01:53+00:00\" \/>\n<meta property=\"article:modified_time\" content=\"2024-02-06T12:01:55+00:00\" \/>\n<meta property=\"og:image\" content=\"https:\/\/lasentinelle.dz\/wp-content\/uploads\/2023\/10\/impots.jpeg\" \/>\n\t<meta property=\"og:image:width\" content=\"700\" \/>\n\t<meta property=\"og:image:height\" content=\"466\" \/>\n\t<meta property=\"og:image:type\" content=\"image\/jpeg\" \/>\n<meta name=\"author\" content=\"La Sentinelle\" \/>\n<meta name=\"twitter:card\" content=\"summary_large_image\" \/>\n<meta name=\"twitter:label1\" content=\"\u00c9crit par\" \/>\n\t<meta name=\"twitter:data1\" content=\"La Sentinelle\" \/>\n\t<meta name=\"twitter:label2\" content=\"Dur\u00e9e de lecture estim\u00e9e\" \/>\n\t<meta name=\"twitter:data2\" content=\"3 minutes\" \/>\n<script type=\"application\/ld+json\" class=\"yoast-schema-graph\">{\"@context\":\"https:\\\/\\\/schema.org\",\"@graph\":[{\"@type\":\"Article\",\"@id\":\"https:\\\/\\\/lasentinelle.dz\\\/index.php\\\/2024\\\/02\\\/06\\\/numerisation-de-ladministration-fiscale\\\/#article\",\"isPartOf\":{\"@id\":\"https:\\\/\\\/lasentinelle.dz\\\/index.php\\\/2024\\\/02\\\/06\\\/numerisation-de-ladministration-fiscale\\\/\"},\"author\":{\"name\":\"La Sentinelle\",\"@id\":\"https:\\\/\\\/lasentinelle.dz\\\/#\\\/schema\\\/person\\\/d865044e22e70a75174ce8bcad3acfb3\"},\"headline\":\"Num\u00e9risation de l\u2019administration fiscale\",\"datePublished\":\"2024-02-06T12:01:53+00:00\",\"dateModified\":\"2024-02-06T12:01:55+00:00\",\"mainEntityOfPage\":{\"@id\":\"https:\\\/\\\/lasentinelle.dz\\\/index.php\\\/2024\\\/02\\\/06\\\/numerisation-de-ladministration-fiscale\\\/\"},\"wordCount\":612,\"commentCount\":0,\"publisher\":{\"@id\":\"https:\\\/\\\/lasentinelle.dz\\\/#organization\"},\"image\":{\"@id\":\"https:\\\/\\\/lasentinelle.dz\\\/index.php\\\/2024\\\/02\\\/06\\\/numerisation-de-ladministration-fiscale\\\/#primaryimage\"},\"thumbnailUrl\":\"https:\\\/\\\/lasentinelle.dz\\\/wp-content\\\/uploads\\\/2023\\\/10\\\/impots.jpeg\",\"articleSection\":[\"\u00c9conomie\"],\"inLanguage\":\"fr-FR\",\"potentialAction\":[{\"@type\":\"CommentAction\",\"name\":\"Comment\",\"target\":[\"https:\\\/\\\/lasentinelle.dz\\\/index.php\\\/2024\\\/02\\\/06\\\/numerisation-de-ladministration-fiscale\\\/#respond\"]}]},{\"@type\":\"WebPage\",\"@id\":\"https:\\\/\\\/lasentinelle.dz\\\/index.php\\\/2024\\\/02\\\/06\\\/numerisation-de-ladministration-fiscale\\\/\",\"url\":\"https:\\\/\\\/lasentinelle.dz\\\/index.php\\\/2024\\\/02\\\/06\\\/numerisation-de-ladministration-fiscale\\\/\",\"name\":\"Num\u00e9risation de l\u2019administration fiscale - La Sentinelle\",\"isPartOf\":{\"@id\":\"https:\\\/\\\/lasentinelle.dz\\\/#website\"},\"primaryImageOfPage\":{\"@id\":\"https:\\\/\\\/lasentinelle.dz\\\/index.php\\\/2024\\\/02\\\/06\\\/numerisation-de-ladministration-fiscale\\\/#primaryimage\"},\"image\":{\"@id\":\"https:\\\/\\\/lasentinelle.dz\\\/index.php\\\/2024\\\/02\\\/06\\\/numerisation-de-ladministration-fiscale\\\/#primaryimage\"},\"thumbnailUrl\":\"https:\\\/\\\/lasentinelle.dz\\\/wp-content\\\/uploads\\\/2023\\\/10\\\/impots.jpeg\",\"datePublished\":\"2024-02-06T12:01:53+00:00\",\"dateModified\":\"2024-02-06T12:01:55+00:00\",\"breadcrumb\":{\"@id\":\"https:\\\/\\\/lasentinelle.dz\\\/index.php\\\/2024\\\/02\\\/06\\\/numerisation-de-ladministration-fiscale\\\/#breadcrumb\"},\"inLanguage\":\"fr-FR\",\"potentialAction\":[{\"@type\":\"ReadAction\",\"target\":[\"https:\\\/\\\/lasentinelle.dz\\\/index.php\\\/2024\\\/02\\\/06\\\/numerisation-de-ladministration-fiscale\\\/\"]}]},{\"@type\":\"ImageObject\",\"inLanguage\":\"fr-FR\",\"@id\":\"https:\\\/\\\/lasentinelle.dz\\\/index.php\\\/2024\\\/02\\\/06\\\/numerisation-de-ladministration-fiscale\\\/#primaryimage\",\"url\":\"https:\\\/\\\/lasentinelle.dz\\\/wp-content\\\/uploads\\\/2023\\\/10\\\/impots.jpeg\",\"contentUrl\":\"https:\\\/\\\/lasentinelle.dz\\\/wp-content\\\/uploads\\\/2023\\\/10\\\/impots.jpeg\",\"width\":700,\"height\":466},{\"@type\":\"BreadcrumbList\",\"@id\":\"https:\\\/\\\/lasentinelle.dz\\\/index.php\\\/2024\\\/02\\\/06\\\/numerisation-de-ladministration-fiscale\\\/#breadcrumb\",\"itemListElement\":[{\"@type\":\"ListItem\",\"position\":1,\"name\":\"Accueil\",\"item\":\"https:\\\/\\\/lasentinelle.dz\\\/\"},{\"@type\":\"ListItem\",\"position\":2,\"name\":\"Num\u00e9risation de l\u2019administration fiscale\"}]},{\"@type\":\"WebSite\",\"@id\":\"https:\\\/\\\/lasentinelle.dz\\\/#website\",\"url\":\"https:\\\/\\\/lasentinelle.dz\\\/\",\"name\":\"La Sentinelle\",\"description\":\"Quotidien national d&#039;information\",\"publisher\":{\"@id\":\"https:\\\/\\\/lasentinelle.dz\\\/#organization\"},\"potentialAction\":[{\"@type\":\"SearchAction\",\"target\":{\"@type\":\"EntryPoint\",\"urlTemplate\":\"https:\\\/\\\/lasentinelle.dz\\\/?s={search_term_string}\"},\"query-input\":{\"@type\":\"PropertyValueSpecification\",\"valueRequired\":true,\"valueName\":\"search_term_string\"}}],\"inLanguage\":\"fr-FR\"},{\"@type\":\"Organization\",\"@id\":\"https:\\\/\\\/lasentinelle.dz\\\/#organization\",\"name\":\"Quotidien La Sentinelle\",\"url\":\"https:\\\/\\\/lasentinelle.dz\\\/\",\"logo\":{\"@type\":\"ImageObject\",\"inLanguage\":\"fr-FR\",\"@id\":\"https:\\\/\\\/lasentinelle.dz\\\/#\\\/schema\\\/logo\\\/image\\\/\",\"url\":\"https:\\\/\\\/lasentinelle.dz\\\/wp-content\\\/uploads\\\/2021\\\/09\\\/logo-sentinelleSLOGAN-1.png\",\"contentUrl\":\"https:\\\/\\\/lasentinelle.dz\\\/wp-content\\\/uploads\\\/2021\\\/09\\\/logo-sentinelleSLOGAN-1.png\",\"width\":615,\"height\":142,\"caption\":\"Quotidien La Sentinelle\"},\"image\":{\"@id\":\"https:\\\/\\\/lasentinelle.dz\\\/#\\\/schema\\\/logo\\\/image\\\/\"},\"sameAs\":[\"https:\\\/\\\/www.facebook.com\\\/La-Sentinelle-104059864394773\"]},{\"@type\":\"Person\",\"@id\":\"https:\\\/\\\/lasentinelle.dz\\\/#\\\/schema\\\/person\\\/d865044e22e70a75174ce8bcad3acfb3\",\"name\":\"La Sentinelle\",\"image\":{\"@type\":\"ImageObject\",\"inLanguage\":\"fr-FR\",\"@id\":\"https:\\\/\\\/secure.gravatar.com\\\/avatar\\\/57de8e5d4b15d43fb361a71fbb36338450fe67865b528a43dd10ef7c51a20392?s=96&d=mm&r=g\",\"url\":\"https:\\\/\\\/secure.gravatar.com\\\/avatar\\\/57de8e5d4b15d43fb361a71fbb36338450fe67865b528a43dd10ef7c51a20392?s=96&d=mm&r=g\",\"contentUrl\":\"https:\\\/\\\/secure.gravatar.com\\\/avatar\\\/57de8e5d4b15d43fb361a71fbb36338450fe67865b528a43dd10ef7c51a20392?s=96&d=mm&r=g\",\"caption\":\"La Sentinelle\"},\"sameAs\":[\"http:\\\/\\\/www.lasentinelle.dz\"],\"url\":\"https:\\\/\\\/lasentinelle.dz\\\/author\\\/redaction\\\/\"}]}<\/script>\n<!-- \/ Yoast SEO plugin. -->","yoast_head_json":{"title":"Num\u00e9risation de l\u2019administration fiscale - La Sentinelle","robots":{"index":"index","follow":"follow","max-snippet":"max-snippet:-1","max-image-preview":"max-image-preview:large","max-video-preview":"max-video-preview:-1"},"canonical":"https:\/\/lasentinelle.dz\/index.php\/2024\/02\/06\/numerisation-de-ladministration-fiscale\/","og_locale":"fr_FR","og_type":"article","og_title":"Num\u00e9risation de l\u2019administration fiscale - La Sentinelle","og_description":"115 centres&nbsp;des imp\u00f4ts&nbsp;connect\u00e9s avant la fin de 2024 Les directions des imp\u00f4ts des cinq&nbsp;&nbsp;wilayas du pays ont proc\u00e9d\u00e9, dimanche, au","og_url":"https:\/\/lasentinelle.dz\/index.php\/2024\/02\/06\/numerisation-de-ladministration-fiscale\/","og_site_name":"La Sentinelle","article_publisher":"https:\/\/www.facebook.com\/La-Sentinelle-104059864394773","article_published_time":"2024-02-06T12:01:53+00:00","article_modified_time":"2024-02-06T12:01:55+00:00","og_image":[{"width":700,"height":466,"url":"https:\/\/lasentinelle.dz\/wp-content\/uploads\/2023\/10\/impots.jpeg","type":"image\/jpeg"}],"author":"La Sentinelle","twitter_card":"summary_large_image","twitter_misc":{"\u00c9crit par":"La Sentinelle","Dur\u00e9e de lecture estim\u00e9e":"3 minutes"},"schema":{"@context":"https:\/\/schema.org","@graph":[{"@type":"Article","@id":"https:\/\/lasentinelle.dz\/index.php\/2024\/02\/06\/numerisation-de-ladministration-fiscale\/#article","isPartOf":{"@id":"https:\/\/lasentinelle.dz\/index.php\/2024\/02\/06\/numerisation-de-ladministration-fiscale\/"},"author":{"name":"La Sentinelle","@id":"https:\/\/lasentinelle.dz\/#\/schema\/person\/d865044e22e70a75174ce8bcad3acfb3"},"headline":"Num\u00e9risation de l\u2019administration fiscale","datePublished":"2024-02-06T12:01:53+00:00","dateModified":"2024-02-06T12:01:55+00:00","mainEntityOfPage":{"@id":"https:\/\/lasentinelle.dz\/index.php\/2024\/02\/06\/numerisation-de-ladministration-fiscale\/"},"wordCount":612,"commentCount":0,"publisher":{"@id":"https:\/\/lasentinelle.dz\/#organization"},"image":{"@id":"https:\/\/lasentinelle.dz\/index.php\/2024\/02\/06\/numerisation-de-ladministration-fiscale\/#primaryimage"},"thumbnailUrl":"https:\/\/lasentinelle.dz\/wp-content\/uploads\/2023\/10\/impots.jpeg","articleSection":["\u00c9conomie"],"inLanguage":"fr-FR","potentialAction":[{"@type":"CommentAction","name":"Comment","target":["https:\/\/lasentinelle.dz\/index.php\/2024\/02\/06\/numerisation-de-ladministration-fiscale\/#respond"]}]},{"@type":"WebPage","@id":"https:\/\/lasentinelle.dz\/index.php\/2024\/02\/06\/numerisation-de-ladministration-fiscale\/","url":"https:\/\/lasentinelle.dz\/index.php\/2024\/02\/06\/numerisation-de-ladministration-fiscale\/","name":"Num\u00e9risation de l\u2019administration fiscale - La Sentinelle","isPartOf":{"@id":"https:\/\/lasentinelle.dz\/#website"},"primaryImageOfPage":{"@id":"https:\/\/lasentinelle.dz\/index.php\/2024\/02\/06\/numerisation-de-ladministration-fiscale\/#primaryimage"},"image":{"@id":"https:\/\/lasentinelle.dz\/index.php\/2024\/02\/06\/numerisation-de-ladministration-fiscale\/#primaryimage"},"thumbnailUrl":"https:\/\/lasentinelle.dz\/wp-content\/uploads\/2023\/10\/impots.jpeg","datePublished":"2024-02-06T12:01:53+00:00","dateModified":"2024-02-06T12:01:55+00:00","breadcrumb":{"@id":"https:\/\/lasentinelle.dz\/index.php\/2024\/02\/06\/numerisation-de-ladministration-fiscale\/#breadcrumb"},"inLanguage":"fr-FR","potentialAction":[{"@type":"ReadAction","target":["https:\/\/lasentinelle.dz\/index.php\/2024\/02\/06\/numerisation-de-ladministration-fiscale\/"]}]},{"@type":"ImageObject","inLanguage":"fr-FR","@id":"https:\/\/lasentinelle.dz\/index.php\/2024\/02\/06\/numerisation-de-ladministration-fiscale\/#primaryimage","url":"https:\/\/lasentinelle.dz\/wp-content\/uploads\/2023\/10\/impots.jpeg","contentUrl":"https:\/\/lasentinelle.dz\/wp-content\/uploads\/2023\/10\/impots.jpeg","width":700,"height":466},{"@type":"BreadcrumbList","@id":"https:\/\/lasentinelle.dz\/index.php\/2024\/02\/06\/numerisation-de-ladministration-fiscale\/#breadcrumb","itemListElement":[{"@type":"ListItem","position":1,"name":"Accueil","item":"https:\/\/lasentinelle.dz\/"},{"@type":"ListItem","position":2,"name":"Num\u00e9risation de l\u2019administration fiscale"}]},{"@type":"WebSite","@id":"https:\/\/lasentinelle.dz\/#website","url":"https:\/\/lasentinelle.dz\/","name":"La Sentinelle","description":"Quotidien national d&#039;information","publisher":{"@id":"https:\/\/lasentinelle.dz\/#organization"},"potentialAction":[{"@type":"SearchAction","target":{"@type":"EntryPoint","urlTemplate":"https:\/\/lasentinelle.dz\/?s={search_term_string}"},"query-input":{"@type":"PropertyValueSpecification","valueRequired":true,"valueName":"search_term_string"}}],"inLanguage":"fr-FR"},{"@type":"Organization","@id":"https:\/\/lasentinelle.dz\/#organization","name":"Quotidien La Sentinelle","url":"https:\/\/lasentinelle.dz\/","logo":{"@type":"ImageObject","inLanguage":"fr-FR","@id":"https:\/\/lasentinelle.dz\/#\/schema\/logo\/image\/","url":"https:\/\/lasentinelle.dz\/wp-content\/uploads\/2021\/09\/logo-sentinelleSLOGAN-1.png","contentUrl":"https:\/\/lasentinelle.dz\/wp-content\/uploads\/2021\/09\/logo-sentinelleSLOGAN-1.png","width":615,"height":142,"caption":"Quotidien La Sentinelle"},"image":{"@id":"https:\/\/lasentinelle.dz\/#\/schema\/logo\/image\/"},"sameAs":["https:\/\/www.facebook.com\/La-Sentinelle-104059864394773"]},{"@type":"Person","@id":"https:\/\/lasentinelle.dz\/#\/schema\/person\/d865044e22e70a75174ce8bcad3acfb3","name":"La Sentinelle","image":{"@type":"ImageObject","inLanguage":"fr-FR","@id":"https:\/\/secure.gravatar.com\/avatar\/57de8e5d4b15d43fb361a71fbb36338450fe67865b528a43dd10ef7c51a20392?s=96&d=mm&r=g","url":"https:\/\/secure.gravatar.com\/avatar\/57de8e5d4b15d43fb361a71fbb36338450fe67865b528a43dd10ef7c51a20392?s=96&d=mm&r=g","contentUrl":"https:\/\/secure.gravatar.com\/avatar\/57de8e5d4b15d43fb361a71fbb36338450fe67865b528a43dd10ef7c51a20392?s=96&d=mm&r=g","caption":"La Sentinelle"},"sameAs":["http:\/\/www.lasentinelle.dz"],"url":"https:\/\/lasentinelle.dz\/author\/redaction\/"}]}},"_links":{"self":[{"href":"https:\/\/lasentinelle.dz\/index.php\/wp-json\/wp\/v2\/posts\/49243","targetHints":{"allow":["GET"]}}],"collection":[{"href":"https:\/\/lasentinelle.dz\/index.php\/wp-json\/wp\/v2\/posts"}],"about":[{"href":"https:\/\/lasentinelle.dz\/index.php\/wp-json\/wp\/v2\/types\/post"}],"author":[{"embeddable":true,"href":"https:\/\/lasentinelle.dz\/index.php\/wp-json\/wp\/v2\/users\/3"}],"replies":[{"embeddable":true,"href":"https:\/\/lasentinelle.dz\/index.php\/wp-json\/wp\/v2\/comments?post=49243"}],"version-history":[{"count":1,"href":"https:\/\/lasentinelle.dz\/index.php\/wp-json\/wp\/v2\/posts\/49243\/revisions"}],"predecessor-version":[{"id":49244,"href":"https:\/\/lasentinelle.dz\/index.php\/wp-json\/wp\/v2\/posts\/49243\/revisions\/49244"}],"wp:featuredmedia":[{"embeddable":true,"href":"https:\/\/lasentinelle.dz\/index.php\/wp-json\/wp\/v2\/media\/46141"}],"wp:attachment":[{"href":"https:\/\/lasentinelle.dz\/index.php\/wp-json\/wp\/v2\/media?parent=49243"}],"wp:term":[{"taxonomy":"category","embeddable":true,"href":"https:\/\/lasentinelle.dz\/index.php\/wp-json\/wp\/v2\/categories?post=49243"},{"taxonomy":"post_tag","embeddable":true,"href":"https:\/\/lasentinelle.dz\/index.php\/wp-json\/wp\/v2\/tags?post=49243"}],"curies":[{"name":"wp","href":"https:\/\/api.w.org\/{rel}","templated":true}]}}