{"id":49273,"date":"2024-02-06T21:29:14","date_gmt":"2024-02-06T20:29:14","guid":{"rendered":"https:\/\/lasentinelle.dz\/?p=49273"},"modified":"2024-02-06T21:29:23","modified_gmt":"2024-02-06T20:29:23","slug":"fin-du-mercato-hivernal-derniers-recrutements-a-la-jsk-et-lusmk","status":"publish","type":"post","link":"https:\/\/lasentinelle.dz\/index.php\/2024\/02\/06\/fin-du-mercato-hivernal-derniers-recrutements-a-la-jsk-et-lusmk\/","title":{"rendered":"Fin du mercato hivernal\u00a0: Derniers recrutements \u00e0 la JSK et l\u2019USMK"},"content":{"rendered":"\n<p>Plusieurs clubs de la Ligue 1-Mobilis ont annonc\u00e9 lundi, dernier jour du march\u00e9 hivernal des transferts, l\u2019arriv\u00e9e de leurs derni\u00e8res recrues.&nbsp;<\/p>\n\n\n\n<p>La JSK a ainsi annonc\u00e9&nbsp;dans un communiqu\u00e9, l\u2019arriv\u00e9e de l&rsquo;attaquant Jugurtha Hamroune&nbsp;qui&nbsp;s&rsquo;est engag\u00e9 avec&nbsp;<\/p>\n\n\n\n<p>le club pensionnaire de Ligue 1 Mobilis de football, au dernier jour de la p\u00e9riode des transferts d&rsquo;hiver.Hamroune (35 ans) avait sign\u00e9 une premi\u00e8re fois avec le club de la ville des Gen\u00eats lors de la saison 2014-2015, mais sans pouvoir jouer le moindre match, il a r\u00e9sili\u00e9 son contrat au bout de quelques mois en raison d&rsquo;un diff\u00e9rend avec la direction.&nbsp;Form\u00e9 \u00e0 l&rsquo;EA Guingamp (France), Hamroune avait port\u00e9 les couleurs de plusieurs clubs en Bulgarie, en Roumanie, et au Qatar.&nbsp;Il devient la deuxi\u00e8me recrue hivernale de la JSK apr\u00e8s le milieu offensif malien Mamadou Traor\u00e9, signataire d&rsquo;un contrat de deux saisons et demie, en&nbsp;&nbsp;provenance du Stade malien.L&rsquo;attaquant malien Simpara Zoumana (25 ans), sans clubs depuis juillet 2023 apr\u00e8s son d\u00e9part du SC Toulon (France), devrait \u00eatre la prochaine recrue de la formation kabyle.&nbsp;Pour rappel, la JSK avait annonc\u00e9 la semaine derni\u00e8re la r\u00e9siliation du contrat de son d\u00e9sormais ex-joueur Salim Boukhanchouche qui a rejoint les rangs de l&rsquo;USM Alger.&nbsp;D&rsquo;autre part, en perspective de la prochaine reprise du championnat, la JSK a entam\u00e9 samedi un stage de pr\u00e9paration \u00e0 Sidi Fredj (Alger) qui se poursuivra jusqu&rsquo;\u00e0 jeudi.&nbsp;Au terme de la phase aller de Ligue 1, la JSK occupe la 8e place au classement en compagnie de la JS Saoura avec 22 points chacun.&nbsp;<\/p>\n\n\n\n<p>De son c\u00f4t\u00e9,&nbsp;l&rsquo;USM Khenchela&nbsp;a annonc\u00e9 l\u2019arriv\u00e9e de l&rsquo;attaquant malien Diadi\u00e9 Dianka,&nbsp;du&nbsp;milieu offensif Choua\u00efb Debbih, et&nbsp;du&nbsp;d\u00e9fenseur Hocine Laribi.&nbsp;Ancien joueur de Djoliba AC (Mali) puis du Stade Tunisien, Diadi\u00e9 Dianka (24 ans) a paraph\u00e9 un contrat de deux saisons et demie, alors que Laribi (32 ans) s&rsquo;est engag\u00e9 pour deux saisons en provenance du NC Magra.De son c\u00f4t\u00e9, Choua\u00efb Debbih (31 ans), en manque de temps de jeu avec le MC Alger, a sign\u00e9 un contrat de deux saisons.&nbsp;L&rsquo;USMK a attendu le dernier jour du mercato d&rsquo;hiver pour annoncer ces nouvelles recrues, en attendant \u00e9ventuellement deux autres, \u00e0 quelques heure de la cl\u00f4ture officielle du mercato hivernal.&nbsp;En revanche, le club de l&rsquo;Est, a transf\u00e9r\u00e9 son attaquant ghan\u00e9en Maxwell Baakoh au MC Oran, et a d\u00e9cid\u00e9 de lib\u00e9rer l&rsquo;attaquant Lahouari Touil et le milieu de terrain rwandais Djabel Manishmwe.Les hommes de l&rsquo;entra\u00eeneur Loua\u00efl Abdeldjalil se sont qualifi\u00e9s samedi aux 1\/16es de finale de la Coupe d&rsquo;Alg\u00e9rie 2023-2024, en dominant \u00e0 domicile le WA Boufarik (Ligue 2) sur le score de 4 \u00e0 0.&nbsp;&nbsp;Les gars de Khenchela affronteront \u00e0 la maison le GC Mascara (Ligue 2) le vendredi 23 f\u00e9vrier (15h00), dans le cadre des 1\/16es de finale de l&rsquo;\u00e9preuve populaire.&nbsp;Au terme de la phase aller de Ligue 1, l&rsquo;USMK occupe la 7e place au classement avec 23 points, \u00e0 13 longueurs du leader le MC Alger (36 pts), sacr\u00e9 du titre honorifique de champion d&rsquo;hiver.&nbsp;Enfin, l&rsquo;USM Alger a annonc\u00e9 lundi soir le d\u00e9part de son jeune milieu de terrain Kheireddine Toual, pr\u00eat\u00e9 six moins \u00e0 l&rsquo;ES Ben Aknoun, \u00e9galement soci\u00e9taire de la Ligue 1 Mobilis de football.&nbsp;La Direction de l&rsquo;USMA n&rsquo;a d\u00e9voil\u00e9 aucun d\u00e9tail suppl\u00e9mentaire concertant les modalit\u00e9s de ce transfert, ou si le nouveau contrat qui le lie \u00e0 l&rsquo;ESBA comporte une option d&rsquo;achat.&nbsp;Kheireddine Toual, \u00e2g\u00e9 de 21 ans, dont le titre de pr\u00eat expire le 4 ao\u00fbt 2024, portera le maillot N7 \u00e0 l&rsquo;ESBA. Il devrait y gagner plus de temps de jeu par rapport \u00e0 l&rsquo;USMA, o\u00f9 il a \u00e9t\u00e9 confront\u00e9 \u00e0 une rude concurrence.L&rsquo;Etoile sportive de Ben Aknoun qui joue pour le maintien parmi l&rsquo;\u00e9lite, occupe actuellement la 14e place au classement g\u00e9n\u00e9ral de la Ligue 1 Mobilis, avec dix points, et une longueur d&rsquo;avance sur l&rsquo;avant-dernier, le MC Oran.<\/p>\n\n\n\n<p>R.S.<\/p>\n","protected":false},"excerpt":{"rendered":"<p>Plusieurs clubs de la Ligue 1-Mobilis ont annonc\u00e9 lundi, dernier jour du march\u00e9 hivernal des transferts, l\u2019arriv\u00e9e de leurs derni\u00e8res<\/p>\n","protected":false},"author":3,"featured_media":49274,"comment_status":"open","ping_status":"closed","sticky":false,"template":"","format":"standard","meta":{"colormag_page_container_layout":"default_layout","colormag_page_sidebar_layout":"default_layout","om_disable_all_campaigns":false,"_monsterinsights_skip_tracking":false,"_monsterinsights_sitenote_active":false,"_monsterinsights_sitenote_note":"","_monsterinsights_sitenote_category":0,"footnotes":"","_wpscppro_dont_share_socialmedia":false,"_wpscppro_custom_social_share_image":0,"_facebook_share_type":"","_twitter_share_type":"","_linkedin_share_type":"","_pinterest_share_type":"","_linkedin_share_type_page":"","_instagram_share_type":"","_medium_share_type":"","_threads_share_type":"","_google_business_share_type":"","_selected_social_profile":[],"_wpsp_enable_custom_social_template":false,"_wpsp_social_scheduling":{"enabled":false,"datetime":null,"platforms":[],"status":"template_only","dateOption":"today","timeOption":"now","customDays":"","customHours":"","customDate":"","customTime":"","schedulingType":"absolute"},"_wpsp_active_default_template":true},"categories":[33],"tags":[],"class_list":["post-49273","post","type-post","status-publish","format-standard","has-post-thumbnail","hentry","category-sports"],"aioseo_notices":[],"yoast_head":"<!-- This site is optimized with the Yoast SEO plugin v27.5 - https:\/\/yoast.com\/product\/yoast-seo-wordpress\/ -->\n<title>Fin du mercato hivernal\u00a0: Derniers recrutements \u00e0 la JSK et l\u2019USMK - La Sentinelle<\/title>\n<meta name=\"robots\" content=\"index, follow, max-snippet:-1, max-image-preview:large, max-video-preview:-1\" \/>\n<link rel=\"canonical\" href=\"https:\/\/lasentinelle.dz\/index.php\/2024\/02\/06\/fin-du-mercato-hivernal-derniers-recrutements-a-la-jsk-et-lusmk\/\" \/>\n<meta property=\"og:locale\" content=\"fr_FR\" \/>\n<meta property=\"og:type\" content=\"article\" \/>\n<meta property=\"og:title\" content=\"Fin du mercato hivernal\u00a0: Derniers recrutements \u00e0 la JSK et l\u2019USMK - La Sentinelle\" \/>\n<meta property=\"og:description\" content=\"Plusieurs clubs de la Ligue 1-Mobilis ont annonc\u00e9 lundi, dernier jour du march\u00e9 hivernal des transferts, l\u2019arriv\u00e9e de leurs derni\u00e8res\" \/>\n<meta property=\"og:url\" content=\"https:\/\/lasentinelle.dz\/index.php\/2024\/02\/06\/fin-du-mercato-hivernal-derniers-recrutements-a-la-jsk-et-lusmk\/\" \/>\n<meta property=\"og:site_name\" content=\"La Sentinelle\" \/>\n<meta property=\"article:publisher\" content=\"https:\/\/www.facebook.com\/La-Sentinelle-104059864394773\" \/>\n<meta property=\"article:published_time\" content=\"2024-02-06T20:29:14+00:00\" \/>\n<meta property=\"article:modified_time\" content=\"2024-02-06T20:29:23+00:00\" \/>\n<meta property=\"og:image\" content=\"https:\/\/lasentinelle.dz\/wp-content\/uploads\/2024\/02\/JSK.jpeg\" \/>\n\t<meta property=\"og:image:width\" content=\"2048\" \/>\n\t<meta property=\"og:image:height\" content=\"1365\" \/>\n\t<meta property=\"og:image:type\" content=\"image\/jpeg\" \/>\n<meta name=\"author\" content=\"La Sentinelle\" \/>\n<meta name=\"twitter:card\" content=\"summary_large_image\" \/>\n<meta name=\"twitter:label1\" content=\"\u00c9crit par\" \/>\n\t<meta name=\"twitter:data1\" content=\"La Sentinelle\" \/>\n\t<meta name=\"twitter:label2\" content=\"Dur\u00e9e de lecture estim\u00e9e\" \/>\n\t<meta name=\"twitter:data2\" content=\"4 minutes\" \/>\n<script type=\"application\/ld+json\" class=\"yoast-schema-graph\">{\"@context\":\"https:\\\/\\\/schema.org\",\"@graph\":[{\"@type\":\"Article\",\"@id\":\"https:\\\/\\\/lasentinelle.dz\\\/index.php\\\/2024\\\/02\\\/06\\\/fin-du-mercato-hivernal-derniers-recrutements-a-la-jsk-et-lusmk\\\/#article\",\"isPartOf\":{\"@id\":\"https:\\\/\\\/lasentinelle.dz\\\/index.php\\\/2024\\\/02\\\/06\\\/fin-du-mercato-hivernal-derniers-recrutements-a-la-jsk-et-lusmk\\\/\"},\"author\":{\"name\":\"La Sentinelle\",\"@id\":\"https:\\\/\\\/lasentinelle.dz\\\/#\\\/schema\\\/person\\\/d865044e22e70a75174ce8bcad3acfb3\"},\"headline\":\"Fin du mercato hivernal\u00a0: Derniers recrutements \u00e0 la JSK et l\u2019USMK\",\"datePublished\":\"2024-02-06T20:29:14+00:00\",\"dateModified\":\"2024-02-06T20:29:23+00:00\",\"mainEntityOfPage\":{\"@id\":\"https:\\\/\\\/lasentinelle.dz\\\/index.php\\\/2024\\\/02\\\/06\\\/fin-du-mercato-hivernal-derniers-recrutements-a-la-jsk-et-lusmk\\\/\"},\"wordCount\":732,\"commentCount\":0,\"publisher\":{\"@id\":\"https:\\\/\\\/lasentinelle.dz\\\/#organization\"},\"image\":{\"@id\":\"https:\\\/\\\/lasentinelle.dz\\\/index.php\\\/2024\\\/02\\\/06\\\/fin-du-mercato-hivernal-derniers-recrutements-a-la-jsk-et-lusmk\\\/#primaryimage\"},\"thumbnailUrl\":\"https:\\\/\\\/lasentinelle.dz\\\/wp-content\\\/uploads\\\/2024\\\/02\\\/JSK.jpeg\",\"articleSection\":[\"Sports\"],\"inLanguage\":\"fr-FR\",\"potentialAction\":[{\"@type\":\"CommentAction\",\"name\":\"Comment\",\"target\":[\"https:\\\/\\\/lasentinelle.dz\\\/index.php\\\/2024\\\/02\\\/06\\\/fin-du-mercato-hivernal-derniers-recrutements-a-la-jsk-et-lusmk\\\/#respond\"]}]},{\"@type\":\"WebPage\",\"@id\":\"https:\\\/\\\/lasentinelle.dz\\\/index.php\\\/2024\\\/02\\\/06\\\/fin-du-mercato-hivernal-derniers-recrutements-a-la-jsk-et-lusmk\\\/\",\"url\":\"https:\\\/\\\/lasentinelle.dz\\\/index.php\\\/2024\\\/02\\\/06\\\/fin-du-mercato-hivernal-derniers-recrutements-a-la-jsk-et-lusmk\\\/\",\"name\":\"Fin du mercato hivernal\u00a0: Derniers recrutements \u00e0 la JSK et l\u2019USMK - La Sentinelle\",\"isPartOf\":{\"@id\":\"https:\\\/\\\/lasentinelle.dz\\\/#website\"},\"primaryImageOfPage\":{\"@id\":\"https:\\\/\\\/lasentinelle.dz\\\/index.php\\\/2024\\\/02\\\/06\\\/fin-du-mercato-hivernal-derniers-recrutements-a-la-jsk-et-lusmk\\\/#primaryimage\"},\"image\":{\"@id\":\"https:\\\/\\\/lasentinelle.dz\\\/index.php\\\/2024\\\/02\\\/06\\\/fin-du-mercato-hivernal-derniers-recrutements-a-la-jsk-et-lusmk\\\/#primaryimage\"},\"thumbnailUrl\":\"https:\\\/\\\/lasentinelle.dz\\\/wp-content\\\/uploads\\\/2024\\\/02\\\/JSK.jpeg\",\"datePublished\":\"2024-02-06T20:29:14+00:00\",\"dateModified\":\"2024-02-06T20:29:23+00:00\",\"breadcrumb\":{\"@id\":\"https:\\\/\\\/lasentinelle.dz\\\/index.php\\\/2024\\\/02\\\/06\\\/fin-du-mercato-hivernal-derniers-recrutements-a-la-jsk-et-lusmk\\\/#breadcrumb\"},\"inLanguage\":\"fr-FR\",\"potentialAction\":[{\"@type\":\"ReadAction\",\"target\":[\"https:\\\/\\\/lasentinelle.dz\\\/index.php\\\/2024\\\/02\\\/06\\\/fin-du-mercato-hivernal-derniers-recrutements-a-la-jsk-et-lusmk\\\/\"]}]},{\"@type\":\"ImageObject\",\"inLanguage\":\"fr-FR\",\"@id\":\"https:\\\/\\\/lasentinelle.dz\\\/index.php\\\/2024\\\/02\\\/06\\\/fin-du-mercato-hivernal-derniers-recrutements-a-la-jsk-et-lusmk\\\/#primaryimage\",\"url\":\"https:\\\/\\\/lasentinelle.dz\\\/wp-content\\\/uploads\\\/2024\\\/02\\\/JSK.jpeg\",\"contentUrl\":\"https:\\\/\\\/lasentinelle.dz\\\/wp-content\\\/uploads\\\/2024\\\/02\\\/JSK.jpeg\",\"width\":2048,\"height\":1365},{\"@type\":\"BreadcrumbList\",\"@id\":\"https:\\\/\\\/lasentinelle.dz\\\/index.php\\\/2024\\\/02\\\/06\\\/fin-du-mercato-hivernal-derniers-recrutements-a-la-jsk-et-lusmk\\\/#breadcrumb\",\"itemListElement\":[{\"@type\":\"ListItem\",\"position\":1,\"name\":\"Accueil\",\"item\":\"https:\\\/\\\/lasentinelle.dz\\\/\"},{\"@type\":\"ListItem\",\"position\":2,\"name\":\"Fin du mercato hivernal\u00a0: Derniers recrutements \u00e0 la JSK et l\u2019USMK\"}]},{\"@type\":\"WebSite\",\"@id\":\"https:\\\/\\\/lasentinelle.dz\\\/#website\",\"url\":\"https:\\\/\\\/lasentinelle.dz\\\/\",\"name\":\"La Sentinelle\",\"description\":\"Quotidien national d&#039;information\",\"publisher\":{\"@id\":\"https:\\\/\\\/lasentinelle.dz\\\/#organization\"},\"potentialAction\":[{\"@type\":\"SearchAction\",\"target\":{\"@type\":\"EntryPoint\",\"urlTemplate\":\"https:\\\/\\\/lasentinelle.dz\\\/?s={search_term_string}\"},\"query-input\":{\"@type\":\"PropertyValueSpecification\",\"valueRequired\":true,\"valueName\":\"search_term_string\"}}],\"inLanguage\":\"fr-FR\"},{\"@type\":\"Organization\",\"@id\":\"https:\\\/\\\/lasentinelle.dz\\\/#organization\",\"name\":\"Quotidien La Sentinelle\",\"url\":\"https:\\\/\\\/lasentinelle.dz\\\/\",\"logo\":{\"@type\":\"ImageObject\",\"inLanguage\":\"fr-FR\",\"@id\":\"https:\\\/\\\/lasentinelle.dz\\\/#\\\/schema\\\/logo\\\/image\\\/\",\"url\":\"https:\\\/\\\/lasentinelle.dz\\\/wp-content\\\/uploads\\\/2021\\\/09\\\/logo-sentinelleSLOGAN-1.png\",\"contentUrl\":\"https:\\\/\\\/lasentinelle.dz\\\/wp-content\\\/uploads\\\/2021\\\/09\\\/logo-sentinelleSLOGAN-1.png\",\"width\":615,\"height\":142,\"caption\":\"Quotidien La Sentinelle\"},\"image\":{\"@id\":\"https:\\\/\\\/lasentinelle.dz\\\/#\\\/schema\\\/logo\\\/image\\\/\"},\"sameAs\":[\"https:\\\/\\\/www.facebook.com\\\/La-Sentinelle-104059864394773\"]},{\"@type\":\"Person\",\"@id\":\"https:\\\/\\\/lasentinelle.dz\\\/#\\\/schema\\\/person\\\/d865044e22e70a75174ce8bcad3acfb3\",\"name\":\"La Sentinelle\",\"image\":{\"@type\":\"ImageObject\",\"inLanguage\":\"fr-FR\",\"@id\":\"https:\\\/\\\/secure.gravatar.com\\\/avatar\\\/57de8e5d4b15d43fb361a71fbb36338450fe67865b528a43dd10ef7c51a20392?s=96&d=mm&r=g\",\"url\":\"https:\\\/\\\/secure.gravatar.com\\\/avatar\\\/57de8e5d4b15d43fb361a71fbb36338450fe67865b528a43dd10ef7c51a20392?s=96&d=mm&r=g\",\"contentUrl\":\"https:\\\/\\\/secure.gravatar.com\\\/avatar\\\/57de8e5d4b15d43fb361a71fbb36338450fe67865b528a43dd10ef7c51a20392?s=96&d=mm&r=g\",\"caption\":\"La Sentinelle\"},\"sameAs\":[\"http:\\\/\\\/www.lasentinelle.dz\"],\"url\":\"https:\\\/\\\/lasentinelle.dz\\\/author\\\/redaction\\\/\"}]}<\/script>\n<!-- \/ Yoast SEO plugin. -->","yoast_head_json":{"title":"Fin du mercato hivernal\u00a0: Derniers recrutements \u00e0 la JSK et l\u2019USMK - La Sentinelle","robots":{"index":"index","follow":"follow","max-snippet":"max-snippet:-1","max-image-preview":"max-image-preview:large","max-video-preview":"max-video-preview:-1"},"canonical":"https:\/\/lasentinelle.dz\/index.php\/2024\/02\/06\/fin-du-mercato-hivernal-derniers-recrutements-a-la-jsk-et-lusmk\/","og_locale":"fr_FR","og_type":"article","og_title":"Fin du mercato hivernal\u00a0: Derniers recrutements \u00e0 la JSK et l\u2019USMK - La Sentinelle","og_description":"Plusieurs clubs de la Ligue 1-Mobilis ont annonc\u00e9 lundi, dernier jour du march\u00e9 hivernal des transferts, l\u2019arriv\u00e9e de leurs derni\u00e8res","og_url":"https:\/\/lasentinelle.dz\/index.php\/2024\/02\/06\/fin-du-mercato-hivernal-derniers-recrutements-a-la-jsk-et-lusmk\/","og_site_name":"La Sentinelle","article_publisher":"https:\/\/www.facebook.com\/La-Sentinelle-104059864394773","article_published_time":"2024-02-06T20:29:14+00:00","article_modified_time":"2024-02-06T20:29:23+00:00","og_image":[{"width":2048,"height":1365,"url":"https:\/\/lasentinelle.dz\/wp-content\/uploads\/2024\/02\/JSK.jpeg","type":"image\/jpeg"}],"author":"La Sentinelle","twitter_card":"summary_large_image","twitter_misc":{"\u00c9crit par":"La Sentinelle","Dur\u00e9e de lecture estim\u00e9e":"4 minutes"},"schema":{"@context":"https:\/\/schema.org","@graph":[{"@type":"Article","@id":"https:\/\/lasentinelle.dz\/index.php\/2024\/02\/06\/fin-du-mercato-hivernal-derniers-recrutements-a-la-jsk-et-lusmk\/#article","isPartOf":{"@id":"https:\/\/lasentinelle.dz\/index.php\/2024\/02\/06\/fin-du-mercato-hivernal-derniers-recrutements-a-la-jsk-et-lusmk\/"},"author":{"name":"La Sentinelle","@id":"https:\/\/lasentinelle.dz\/#\/schema\/person\/d865044e22e70a75174ce8bcad3acfb3"},"headline":"Fin du mercato hivernal\u00a0: Derniers recrutements \u00e0 la JSK et l\u2019USMK","datePublished":"2024-02-06T20:29:14+00:00","dateModified":"2024-02-06T20:29:23+00:00","mainEntityOfPage":{"@id":"https:\/\/lasentinelle.dz\/index.php\/2024\/02\/06\/fin-du-mercato-hivernal-derniers-recrutements-a-la-jsk-et-lusmk\/"},"wordCount":732,"commentCount":0,"publisher":{"@id":"https:\/\/lasentinelle.dz\/#organization"},"image":{"@id":"https:\/\/lasentinelle.dz\/index.php\/2024\/02\/06\/fin-du-mercato-hivernal-derniers-recrutements-a-la-jsk-et-lusmk\/#primaryimage"},"thumbnailUrl":"https:\/\/lasentinelle.dz\/wp-content\/uploads\/2024\/02\/JSK.jpeg","articleSection":["Sports"],"inLanguage":"fr-FR","potentialAction":[{"@type":"CommentAction","name":"Comment","target":["https:\/\/lasentinelle.dz\/index.php\/2024\/02\/06\/fin-du-mercato-hivernal-derniers-recrutements-a-la-jsk-et-lusmk\/#respond"]}]},{"@type":"WebPage","@id":"https:\/\/lasentinelle.dz\/index.php\/2024\/02\/06\/fin-du-mercato-hivernal-derniers-recrutements-a-la-jsk-et-lusmk\/","url":"https:\/\/lasentinelle.dz\/index.php\/2024\/02\/06\/fin-du-mercato-hivernal-derniers-recrutements-a-la-jsk-et-lusmk\/","name":"Fin du mercato hivernal\u00a0: Derniers recrutements \u00e0 la JSK et l\u2019USMK - La Sentinelle","isPartOf":{"@id":"https:\/\/lasentinelle.dz\/#website"},"primaryImageOfPage":{"@id":"https:\/\/lasentinelle.dz\/index.php\/2024\/02\/06\/fin-du-mercato-hivernal-derniers-recrutements-a-la-jsk-et-lusmk\/#primaryimage"},"image":{"@id":"https:\/\/lasentinelle.dz\/index.php\/2024\/02\/06\/fin-du-mercato-hivernal-derniers-recrutements-a-la-jsk-et-lusmk\/#primaryimage"},"thumbnailUrl":"https:\/\/lasentinelle.dz\/wp-content\/uploads\/2024\/02\/JSK.jpeg","datePublished":"2024-02-06T20:29:14+00:00","dateModified":"2024-02-06T20:29:23+00:00","breadcrumb":{"@id":"https:\/\/lasentinelle.dz\/index.php\/2024\/02\/06\/fin-du-mercato-hivernal-derniers-recrutements-a-la-jsk-et-lusmk\/#breadcrumb"},"inLanguage":"fr-FR","potentialAction":[{"@type":"ReadAction","target":["https:\/\/lasentinelle.dz\/index.php\/2024\/02\/06\/fin-du-mercato-hivernal-derniers-recrutements-a-la-jsk-et-lusmk\/"]}]},{"@type":"ImageObject","inLanguage":"fr-FR","@id":"https:\/\/lasentinelle.dz\/index.php\/2024\/02\/06\/fin-du-mercato-hivernal-derniers-recrutements-a-la-jsk-et-lusmk\/#primaryimage","url":"https:\/\/lasentinelle.dz\/wp-content\/uploads\/2024\/02\/JSK.jpeg","contentUrl":"https:\/\/lasentinelle.dz\/wp-content\/uploads\/2024\/02\/JSK.jpeg","width":2048,"height":1365},{"@type":"BreadcrumbList","@id":"https:\/\/lasentinelle.dz\/index.php\/2024\/02\/06\/fin-du-mercato-hivernal-derniers-recrutements-a-la-jsk-et-lusmk\/#breadcrumb","itemListElement":[{"@type":"ListItem","position":1,"name":"Accueil","item":"https:\/\/lasentinelle.dz\/"},{"@type":"ListItem","position":2,"name":"Fin du mercato hivernal\u00a0: Derniers recrutements \u00e0 la JSK et l\u2019USMK"}]},{"@type":"WebSite","@id":"https:\/\/lasentinelle.dz\/#website","url":"https:\/\/lasentinelle.dz\/","name":"La Sentinelle","description":"Quotidien national d&#039;information","publisher":{"@id":"https:\/\/lasentinelle.dz\/#organization"},"potentialAction":[{"@type":"SearchAction","target":{"@type":"EntryPoint","urlTemplate":"https:\/\/lasentinelle.dz\/?s={search_term_string}"},"query-input":{"@type":"PropertyValueSpecification","valueRequired":true,"valueName":"search_term_string"}}],"inLanguage":"fr-FR"},{"@type":"Organization","@id":"https:\/\/lasentinelle.dz\/#organization","name":"Quotidien La Sentinelle","url":"https:\/\/lasentinelle.dz\/","logo":{"@type":"ImageObject","inLanguage":"fr-FR","@id":"https:\/\/lasentinelle.dz\/#\/schema\/logo\/image\/","url":"https:\/\/lasentinelle.dz\/wp-content\/uploads\/2021\/09\/logo-sentinelleSLOGAN-1.png","contentUrl":"https:\/\/lasentinelle.dz\/wp-content\/uploads\/2021\/09\/logo-sentinelleSLOGAN-1.png","width":615,"height":142,"caption":"Quotidien La Sentinelle"},"image":{"@id":"https:\/\/lasentinelle.dz\/#\/schema\/logo\/image\/"},"sameAs":["https:\/\/www.facebook.com\/La-Sentinelle-104059864394773"]},{"@type":"Person","@id":"https:\/\/lasentinelle.dz\/#\/schema\/person\/d865044e22e70a75174ce8bcad3acfb3","name":"La Sentinelle","image":{"@type":"ImageObject","inLanguage":"fr-FR","@id":"https:\/\/secure.gravatar.com\/avatar\/57de8e5d4b15d43fb361a71fbb36338450fe67865b528a43dd10ef7c51a20392?s=96&d=mm&r=g","url":"https:\/\/secure.gravatar.com\/avatar\/57de8e5d4b15d43fb361a71fbb36338450fe67865b528a43dd10ef7c51a20392?s=96&d=mm&r=g","contentUrl":"https:\/\/secure.gravatar.com\/avatar\/57de8e5d4b15d43fb361a71fbb36338450fe67865b528a43dd10ef7c51a20392?s=96&d=mm&r=g","caption":"La Sentinelle"},"sameAs":["http:\/\/www.lasentinelle.dz"],"url":"https:\/\/lasentinelle.dz\/author\/redaction\/"}]}},"_links":{"self":[{"href":"https:\/\/lasentinelle.dz\/index.php\/wp-json\/wp\/v2\/posts\/49273","targetHints":{"allow":["GET"]}}],"collection":[{"href":"https:\/\/lasentinelle.dz\/index.php\/wp-json\/wp\/v2\/posts"}],"about":[{"href":"https:\/\/lasentinelle.dz\/index.php\/wp-json\/wp\/v2\/types\/post"}],"author":[{"embeddable":true,"href":"https:\/\/lasentinelle.dz\/index.php\/wp-json\/wp\/v2\/users\/3"}],"replies":[{"embeddable":true,"href":"https:\/\/lasentinelle.dz\/index.php\/wp-json\/wp\/v2\/comments?post=49273"}],"version-history":[{"count":1,"href":"https:\/\/lasentinelle.dz\/index.php\/wp-json\/wp\/v2\/posts\/49273\/revisions"}],"predecessor-version":[{"id":49275,"href":"https:\/\/lasentinelle.dz\/index.php\/wp-json\/wp\/v2\/posts\/49273\/revisions\/49275"}],"wp:featuredmedia":[{"embeddable":true,"href":"https:\/\/lasentinelle.dz\/index.php\/wp-json\/wp\/v2\/media\/49274"}],"wp:attachment":[{"href":"https:\/\/lasentinelle.dz\/index.php\/wp-json\/wp\/v2\/media?parent=49273"}],"wp:term":[{"taxonomy":"category","embeddable":true,"href":"https:\/\/lasentinelle.dz\/index.php\/wp-json\/wp\/v2\/categories?post=49273"},{"taxonomy":"post_tag","embeddable":true,"href":"https:\/\/lasentinelle.dz\/index.php\/wp-json\/wp\/v2\/tags?post=49273"}],"curies":[{"name":"wp","href":"https:\/\/api.w.org\/{rel}","templated":true}]}}