{"id":49309,"date":"2024-02-08T17:23:50","date_gmt":"2024-02-08T16:23:50","guid":{"rendered":"https:\/\/lasentinelle.dz\/?p=49309"},"modified":"2024-02-08T17:23:54","modified_gmt":"2024-02-08T16:23:54","slug":"anp-un-terroriste-activant-a-letranger-capture","status":"publish","type":"post","link":"https:\/\/lasentinelle.dz\/index.php\/2024\/02\/08\/anp-un-terroriste-activant-a-letranger-capture\/","title":{"rendered":"ANP\u00a0:\u00a0Un terroriste activant \u00e0 l\u2019\u00e9tranger\u00a0captur\u00e9"},"content":{"rendered":"\n<p>Un d\u00e9tachement de l\u2019Arm\u00e9e nationale&nbsp;populaire&nbsp;a captur\u00e9 \u00e0 Tamanrasset, un terroriste, activant&nbsp;&nbsp;au sein de groupes terroristes, sous le pseudonyme d\u2019Ould Bouksib Mokhtar, a rapport\u00e9 le minist\u00e8re de la D\u00e9fense nationale, dans&nbsp;&nbsp;un communiqu\u00e9 rendu public&nbsp;hier.&nbsp;<\/p>\n\n\n\n<p>Cette&nbsp;op\u00e9ration&nbsp;s\u2019inscrit&nbsp;\u00ab&nbsp;dans la dynamique des efforts soutenus dans la lutte antiterroriste et contre la criminalit\u00e9 organis\u00e9e multiforme&nbsp;\u00bb. C\u2019est dans cette m\u00eame dynamique que&nbsp;des unit\u00e9s et des d\u00e9tachements de l&rsquo;ANP ont ex\u00e9cut\u00e9, durant la p\u00e9riode&nbsp;allant&nbsp;du 31 janvier au 6 f\u00e9vrier 2024, plusieurs op\u00e9rations ayant abouti \u00e0 des r\u00e9sultats, a pr\u00e9cis\u00e9 ladite source. Ainsi, dans le m\u00eame contexte, d&rsquo;autres d\u00e9tachements ont arr\u00eat\u00e9&nbsp;&nbsp;sept \u00e9l\u00e9ments de soutien aux groupes terroristes, lors d&rsquo;op\u00e9rations distinctes \u00e0 travers le territoire national,&nbsp;&nbsp;a ajout\u00e9 ledit communiqu\u00e9. S\u2019agissant&nbsp;&nbsp;de lutte contre le crime organis\u00e9, les d\u00e9tachements de l\u2019ANP, conjointement avec les diff\u00e9rents corps de s\u00e9curit\u00e9, ont, lors d&rsquo;op\u00e9rations ex\u00e9cut\u00e9es \u00e0&nbsp;&nbsp;travers les R\u00e9gions militaires,&nbsp;&nbsp;interpell\u00e9 55 narcotrafiquants et d\u00e9jou\u00e9 des tentatives d\u2019introduction en Alg\u00e9rie, via les fronti\u00e8res avec le Maroc. Ces op\u00e9rations se sont sold\u00e9es par la saisie de 6 qx et 10 kg de kif trait\u00e9 ainsi que 1,86 kg de coca\u00efne en plus de 184.827 comprim\u00e9s de psychotropes, a fait savoir la m\u00eame source. Au registre de la lutte contre l\u2019orpaillage illicite, des d\u00e9tachements de l\u2019ANP, ont&nbsp;&nbsp;arr\u00eat\u00e9 \u00e0 Tamanrasset, Bordj Badji Mokhtar, In-Guezzam et Djanet,&nbsp;&nbsp;236 individus activant dans l\u2019orpaillage ill\u00e9gal.&nbsp;&nbsp;Au terme des&nbsp;ces interventions, il a \u00e9t\u00e9 proc\u00e9d\u00e9 \u00e0 la saisie de 26 v\u00e9hicules, 187 groupes \u00e9lectrog\u00e8nes, 112 marteaux, 10 d\u00e9tecteurs de m\u00e9taux, et 19 qx d\u2019or brut et de pierres pr\u00e9cieuses, en plus de quantit\u00e9s d\u2019explosifs et de mat\u00e9riel de dynamitage, utilis\u00e9 dans le pillage d\u2019or, a d\u00e9taill\u00e9 la m\u00eame source. Au volet de la lutte contre la contrebande et la sp\u00e9culation, le m\u00eame document a fait \u00e9tat de l\u2019arrestation&nbsp;de 32 contrebandiers et de la saisie d\u2019un v\u00e9hicule, 32.643 litres de carburant, 53 tonnes de denr\u00e9es alimentaires destin\u00e9es \u00e0 la contrebande et \u00e0 la sp\u00e9culation, 36 qx de tabac, et 26.103 unit\u00e9s de boissons diverses. Par ailleurs,&nbsp;&nbsp;les&nbsp;Garde-c\u00f4tes ont&nbsp;mis&nbsp;\u00e9chec des tentatives de travers\u00e9es ill\u00e9gales en&nbsp;&nbsp;interceptant 148 candidats \u00e0 l\u2019\u00e9migration clandestine qui se trouvaient \u00e0 bord d\u2019embarcations de fabrication artisanales, alors que&nbsp;&nbsp;352 immigrants ill\u00e9gaux de diff\u00e9rentes nationalit\u00e9s ont \u00e9t\u00e9 arr\u00eat\u00e9s \u00e0 travers le territoire national, a conclu le communiqu\u00e9 du MDN.&nbsp;<\/p>\n\n\n\n<p><strong>Sofia Chahine<\/strong><\/p>\n","protected":false},"excerpt":{"rendered":"<p>Un d\u00e9tachement de l\u2019Arm\u00e9e nationale&nbsp;populaire&nbsp;a captur\u00e9 \u00e0 Tamanrasset, un terroriste, activant&nbsp;&nbsp;au sein de groupes terroristes, sous le pseudonyme d\u2019Ould Bouksib<\/p>\n","protected":false},"author":3,"featured_media":31868,"comment_status":"open","ping_status":"closed","sticky":false,"template":"","format":"standard","meta":{"colormag_page_container_layout":"default_layout","colormag_page_sidebar_layout":"default_layout","om_disable_all_campaigns":false,"_monsterinsights_skip_tracking":false,"_monsterinsights_sitenote_active":false,"_monsterinsights_sitenote_note":"","_monsterinsights_sitenote_category":0,"footnotes":"","_wpscppro_dont_share_socialmedia":false,"_wpscppro_custom_social_share_image":0,"_facebook_share_type":"","_twitter_share_type":"","_linkedin_share_type":"","_pinterest_share_type":"","_linkedin_share_type_page":"","_instagram_share_type":"","_medium_share_type":"","_threads_share_type":"","_google_business_share_type":"","_selected_social_profile":[],"_wpsp_enable_custom_social_template":false,"_wpsp_social_scheduling":{"enabled":false,"datetime":null,"platforms":[],"status":"template_only","dateOption":"today","timeOption":"now","customDays":"","customHours":"","customDate":"","customTime":"","schedulingType":"absolute"},"_wpsp_active_default_template":true},"categories":[52,27],"tags":[],"class_list":["post-49309","post","type-post","status-publish","format-standard","has-post-thumbnail","hentry","category-a-la-une","category-actualite"],"aioseo_notices":[],"yoast_head":"<!-- This site is optimized with the Yoast SEO plugin v27.5 - https:\/\/yoast.com\/product\/yoast-seo-wordpress\/ -->\n<title>ANP\u00a0:\u00a0Un terroriste activant \u00e0 l\u2019\u00e9tranger\u00a0captur\u00e9 - La Sentinelle<\/title>\n<meta name=\"robots\" content=\"index, follow, max-snippet:-1, max-image-preview:large, max-video-preview:-1\" \/>\n<link rel=\"canonical\" href=\"https:\/\/lasentinelle.dz\/index.php\/2024\/02\/08\/anp-un-terroriste-activant-a-letranger-capture\/\" \/>\n<meta property=\"og:locale\" content=\"fr_FR\" \/>\n<meta property=\"og:type\" content=\"article\" \/>\n<meta property=\"og:title\" content=\"ANP\u00a0:\u00a0Un terroriste activant \u00e0 l\u2019\u00e9tranger\u00a0captur\u00e9 - La Sentinelle\" \/>\n<meta property=\"og:description\" content=\"Un d\u00e9tachement de l\u2019Arm\u00e9e nationale&nbsp;populaire&nbsp;a captur\u00e9 \u00e0 Tamanrasset, un terroriste, activant&nbsp;&nbsp;au sein de groupes terroristes, sous le pseudonyme d\u2019Ould Bouksib\" \/>\n<meta property=\"og:url\" content=\"https:\/\/lasentinelle.dz\/index.php\/2024\/02\/08\/anp-un-terroriste-activant-a-letranger-capture\/\" \/>\n<meta property=\"og:site_name\" content=\"La Sentinelle\" \/>\n<meta property=\"article:publisher\" content=\"https:\/\/www.facebook.com\/La-Sentinelle-104059864394773\" \/>\n<meta property=\"article:published_time\" content=\"2024-02-08T16:23:50+00:00\" \/>\n<meta property=\"article:modified_time\" content=\"2024-02-08T16:23:54+00:00\" \/>\n<meta property=\"og:image\" content=\"https:\/\/lasentinelle.dz\/wp-content\/uploads\/2022\/11\/MDN.png\" \/>\n\t<meta property=\"og:image:width\" content=\"1350\" \/>\n\t<meta property=\"og:image:height\" content=\"900\" \/>\n\t<meta property=\"og:image:type\" content=\"image\/png\" \/>\n<meta name=\"author\" content=\"La Sentinelle\" \/>\n<meta name=\"twitter:card\" content=\"summary_large_image\" \/>\n<meta name=\"twitter:label1\" content=\"\u00c9crit par\" \/>\n\t<meta name=\"twitter:data1\" content=\"La Sentinelle\" \/>\n\t<meta name=\"twitter:label2\" content=\"Dur\u00e9e de lecture estim\u00e9e\" \/>\n\t<meta name=\"twitter:data2\" content=\"3 minutes\" \/>\n<script type=\"application\/ld+json\" class=\"yoast-schema-graph\">{\"@context\":\"https:\\\/\\\/schema.org\",\"@graph\":[{\"@type\":\"Article\",\"@id\":\"https:\\\/\\\/lasentinelle.dz\\\/index.php\\\/2024\\\/02\\\/08\\\/anp-un-terroriste-activant-a-letranger-capture\\\/#article\",\"isPartOf\":{\"@id\":\"https:\\\/\\\/lasentinelle.dz\\\/index.php\\\/2024\\\/02\\\/08\\\/anp-un-terroriste-activant-a-letranger-capture\\\/\"},\"author\":{\"name\":\"La Sentinelle\",\"@id\":\"https:\\\/\\\/lasentinelle.dz\\\/#\\\/schema\\\/person\\\/d865044e22e70a75174ce8bcad3acfb3\"},\"headline\":\"ANP\u00a0:\u00a0Un terroriste activant \u00e0 l\u2019\u00e9tranger\u00a0captur\u00e9\",\"datePublished\":\"2024-02-08T16:23:50+00:00\",\"dateModified\":\"2024-02-08T16:23:54+00:00\",\"mainEntityOfPage\":{\"@id\":\"https:\\\/\\\/lasentinelle.dz\\\/index.php\\\/2024\\\/02\\\/08\\\/anp-un-terroriste-activant-a-letranger-capture\\\/\"},\"wordCount\":492,\"commentCount\":0,\"publisher\":{\"@id\":\"https:\\\/\\\/lasentinelle.dz\\\/#organization\"},\"image\":{\"@id\":\"https:\\\/\\\/lasentinelle.dz\\\/index.php\\\/2024\\\/02\\\/08\\\/anp-un-terroriste-activant-a-letranger-capture\\\/#primaryimage\"},\"thumbnailUrl\":\"https:\\\/\\\/lasentinelle.dz\\\/wp-content\\\/uploads\\\/2022\\\/11\\\/MDN.png\",\"articleSection\":[\"\u00c0 la Une\",\"Actualit\u00e9\"],\"inLanguage\":\"fr-FR\",\"potentialAction\":[{\"@type\":\"CommentAction\",\"name\":\"Comment\",\"target\":[\"https:\\\/\\\/lasentinelle.dz\\\/index.php\\\/2024\\\/02\\\/08\\\/anp-un-terroriste-activant-a-letranger-capture\\\/#respond\"]}]},{\"@type\":\"WebPage\",\"@id\":\"https:\\\/\\\/lasentinelle.dz\\\/index.php\\\/2024\\\/02\\\/08\\\/anp-un-terroriste-activant-a-letranger-capture\\\/\",\"url\":\"https:\\\/\\\/lasentinelle.dz\\\/index.php\\\/2024\\\/02\\\/08\\\/anp-un-terroriste-activant-a-letranger-capture\\\/\",\"name\":\"ANP\u00a0:\u00a0Un terroriste activant \u00e0 l\u2019\u00e9tranger\u00a0captur\u00e9 - La Sentinelle\",\"isPartOf\":{\"@id\":\"https:\\\/\\\/lasentinelle.dz\\\/#website\"},\"primaryImageOfPage\":{\"@id\":\"https:\\\/\\\/lasentinelle.dz\\\/index.php\\\/2024\\\/02\\\/08\\\/anp-un-terroriste-activant-a-letranger-capture\\\/#primaryimage\"},\"image\":{\"@id\":\"https:\\\/\\\/lasentinelle.dz\\\/index.php\\\/2024\\\/02\\\/08\\\/anp-un-terroriste-activant-a-letranger-capture\\\/#primaryimage\"},\"thumbnailUrl\":\"https:\\\/\\\/lasentinelle.dz\\\/wp-content\\\/uploads\\\/2022\\\/11\\\/MDN.png\",\"datePublished\":\"2024-02-08T16:23:50+00:00\",\"dateModified\":\"2024-02-08T16:23:54+00:00\",\"breadcrumb\":{\"@id\":\"https:\\\/\\\/lasentinelle.dz\\\/index.php\\\/2024\\\/02\\\/08\\\/anp-un-terroriste-activant-a-letranger-capture\\\/#breadcrumb\"},\"inLanguage\":\"fr-FR\",\"potentialAction\":[{\"@type\":\"ReadAction\",\"target\":[\"https:\\\/\\\/lasentinelle.dz\\\/index.php\\\/2024\\\/02\\\/08\\\/anp-un-terroriste-activant-a-letranger-capture\\\/\"]}]},{\"@type\":\"ImageObject\",\"inLanguage\":\"fr-FR\",\"@id\":\"https:\\\/\\\/lasentinelle.dz\\\/index.php\\\/2024\\\/02\\\/08\\\/anp-un-terroriste-activant-a-letranger-capture\\\/#primaryimage\",\"url\":\"https:\\\/\\\/lasentinelle.dz\\\/wp-content\\\/uploads\\\/2022\\\/11\\\/MDN.png\",\"contentUrl\":\"https:\\\/\\\/lasentinelle.dz\\\/wp-content\\\/uploads\\\/2022\\\/11\\\/MDN.png\",\"width\":1350,\"height\":900},{\"@type\":\"BreadcrumbList\",\"@id\":\"https:\\\/\\\/lasentinelle.dz\\\/index.php\\\/2024\\\/02\\\/08\\\/anp-un-terroriste-activant-a-letranger-capture\\\/#breadcrumb\",\"itemListElement\":[{\"@type\":\"ListItem\",\"position\":1,\"name\":\"Accueil\",\"item\":\"https:\\\/\\\/lasentinelle.dz\\\/\"},{\"@type\":\"ListItem\",\"position\":2,\"name\":\"ANP\u00a0:\u00a0Un terroriste activant \u00e0 l\u2019\u00e9tranger\u00a0captur\u00e9\"}]},{\"@type\":\"WebSite\",\"@id\":\"https:\\\/\\\/lasentinelle.dz\\\/#website\",\"url\":\"https:\\\/\\\/lasentinelle.dz\\\/\",\"name\":\"La Sentinelle\",\"description\":\"Quotidien national d&#039;information\",\"publisher\":{\"@id\":\"https:\\\/\\\/lasentinelle.dz\\\/#organization\"},\"potentialAction\":[{\"@type\":\"SearchAction\",\"target\":{\"@type\":\"EntryPoint\",\"urlTemplate\":\"https:\\\/\\\/lasentinelle.dz\\\/?s={search_term_string}\"},\"query-input\":{\"@type\":\"PropertyValueSpecification\",\"valueRequired\":true,\"valueName\":\"search_term_string\"}}],\"inLanguage\":\"fr-FR\"},{\"@type\":\"Organization\",\"@id\":\"https:\\\/\\\/lasentinelle.dz\\\/#organization\",\"name\":\"Quotidien La Sentinelle\",\"url\":\"https:\\\/\\\/lasentinelle.dz\\\/\",\"logo\":{\"@type\":\"ImageObject\",\"inLanguage\":\"fr-FR\",\"@id\":\"https:\\\/\\\/lasentinelle.dz\\\/#\\\/schema\\\/logo\\\/image\\\/\",\"url\":\"https:\\\/\\\/lasentinelle.dz\\\/wp-content\\\/uploads\\\/2021\\\/09\\\/logo-sentinelleSLOGAN-1.png\",\"contentUrl\":\"https:\\\/\\\/lasentinelle.dz\\\/wp-content\\\/uploads\\\/2021\\\/09\\\/logo-sentinelleSLOGAN-1.png\",\"width\":615,\"height\":142,\"caption\":\"Quotidien La Sentinelle\"},\"image\":{\"@id\":\"https:\\\/\\\/lasentinelle.dz\\\/#\\\/schema\\\/logo\\\/image\\\/\"},\"sameAs\":[\"https:\\\/\\\/www.facebook.com\\\/La-Sentinelle-104059864394773\"]},{\"@type\":\"Person\",\"@id\":\"https:\\\/\\\/lasentinelle.dz\\\/#\\\/schema\\\/person\\\/d865044e22e70a75174ce8bcad3acfb3\",\"name\":\"La Sentinelle\",\"image\":{\"@type\":\"ImageObject\",\"inLanguage\":\"fr-FR\",\"@id\":\"https:\\\/\\\/secure.gravatar.com\\\/avatar\\\/57de8e5d4b15d43fb361a71fbb36338450fe67865b528a43dd10ef7c51a20392?s=96&d=mm&r=g\",\"url\":\"https:\\\/\\\/secure.gravatar.com\\\/avatar\\\/57de8e5d4b15d43fb361a71fbb36338450fe67865b528a43dd10ef7c51a20392?s=96&d=mm&r=g\",\"contentUrl\":\"https:\\\/\\\/secure.gravatar.com\\\/avatar\\\/57de8e5d4b15d43fb361a71fbb36338450fe67865b528a43dd10ef7c51a20392?s=96&d=mm&r=g\",\"caption\":\"La Sentinelle\"},\"sameAs\":[\"http:\\\/\\\/www.lasentinelle.dz\"],\"url\":\"https:\\\/\\\/lasentinelle.dz\\\/author\\\/redaction\\\/\"}]}<\/script>\n<!-- \/ Yoast SEO plugin. -->","yoast_head_json":{"title":"ANP\u00a0:\u00a0Un terroriste activant \u00e0 l\u2019\u00e9tranger\u00a0captur\u00e9 - La Sentinelle","robots":{"index":"index","follow":"follow","max-snippet":"max-snippet:-1","max-image-preview":"max-image-preview:large","max-video-preview":"max-video-preview:-1"},"canonical":"https:\/\/lasentinelle.dz\/index.php\/2024\/02\/08\/anp-un-terroriste-activant-a-letranger-capture\/","og_locale":"fr_FR","og_type":"article","og_title":"ANP\u00a0:\u00a0Un terroriste activant \u00e0 l\u2019\u00e9tranger\u00a0captur\u00e9 - La Sentinelle","og_description":"Un d\u00e9tachement de l\u2019Arm\u00e9e nationale&nbsp;populaire&nbsp;a captur\u00e9 \u00e0 Tamanrasset, un terroriste, activant&nbsp;&nbsp;au sein de groupes terroristes, sous le pseudonyme d\u2019Ould Bouksib","og_url":"https:\/\/lasentinelle.dz\/index.php\/2024\/02\/08\/anp-un-terroriste-activant-a-letranger-capture\/","og_site_name":"La Sentinelle","article_publisher":"https:\/\/www.facebook.com\/La-Sentinelle-104059864394773","article_published_time":"2024-02-08T16:23:50+00:00","article_modified_time":"2024-02-08T16:23:54+00:00","og_image":[{"width":1350,"height":900,"url":"https:\/\/lasentinelle.dz\/wp-content\/uploads\/2022\/11\/MDN.png","type":"image\/png"}],"author":"La Sentinelle","twitter_card":"summary_large_image","twitter_misc":{"\u00c9crit par":"La Sentinelle","Dur\u00e9e de lecture estim\u00e9e":"3 minutes"},"schema":{"@context":"https:\/\/schema.org","@graph":[{"@type":"Article","@id":"https:\/\/lasentinelle.dz\/index.php\/2024\/02\/08\/anp-un-terroriste-activant-a-letranger-capture\/#article","isPartOf":{"@id":"https:\/\/lasentinelle.dz\/index.php\/2024\/02\/08\/anp-un-terroriste-activant-a-letranger-capture\/"},"author":{"name":"La Sentinelle","@id":"https:\/\/lasentinelle.dz\/#\/schema\/person\/d865044e22e70a75174ce8bcad3acfb3"},"headline":"ANP\u00a0:\u00a0Un terroriste activant \u00e0 l\u2019\u00e9tranger\u00a0captur\u00e9","datePublished":"2024-02-08T16:23:50+00:00","dateModified":"2024-02-08T16:23:54+00:00","mainEntityOfPage":{"@id":"https:\/\/lasentinelle.dz\/index.php\/2024\/02\/08\/anp-un-terroriste-activant-a-letranger-capture\/"},"wordCount":492,"commentCount":0,"publisher":{"@id":"https:\/\/lasentinelle.dz\/#organization"},"image":{"@id":"https:\/\/lasentinelle.dz\/index.php\/2024\/02\/08\/anp-un-terroriste-activant-a-letranger-capture\/#primaryimage"},"thumbnailUrl":"https:\/\/lasentinelle.dz\/wp-content\/uploads\/2022\/11\/MDN.png","articleSection":["\u00c0 la Une","Actualit\u00e9"],"inLanguage":"fr-FR","potentialAction":[{"@type":"CommentAction","name":"Comment","target":["https:\/\/lasentinelle.dz\/index.php\/2024\/02\/08\/anp-un-terroriste-activant-a-letranger-capture\/#respond"]}]},{"@type":"WebPage","@id":"https:\/\/lasentinelle.dz\/index.php\/2024\/02\/08\/anp-un-terroriste-activant-a-letranger-capture\/","url":"https:\/\/lasentinelle.dz\/index.php\/2024\/02\/08\/anp-un-terroriste-activant-a-letranger-capture\/","name":"ANP\u00a0:\u00a0Un terroriste activant \u00e0 l\u2019\u00e9tranger\u00a0captur\u00e9 - La Sentinelle","isPartOf":{"@id":"https:\/\/lasentinelle.dz\/#website"},"primaryImageOfPage":{"@id":"https:\/\/lasentinelle.dz\/index.php\/2024\/02\/08\/anp-un-terroriste-activant-a-letranger-capture\/#primaryimage"},"image":{"@id":"https:\/\/lasentinelle.dz\/index.php\/2024\/02\/08\/anp-un-terroriste-activant-a-letranger-capture\/#primaryimage"},"thumbnailUrl":"https:\/\/lasentinelle.dz\/wp-content\/uploads\/2022\/11\/MDN.png","datePublished":"2024-02-08T16:23:50+00:00","dateModified":"2024-02-08T16:23:54+00:00","breadcrumb":{"@id":"https:\/\/lasentinelle.dz\/index.php\/2024\/02\/08\/anp-un-terroriste-activant-a-letranger-capture\/#breadcrumb"},"inLanguage":"fr-FR","potentialAction":[{"@type":"ReadAction","target":["https:\/\/lasentinelle.dz\/index.php\/2024\/02\/08\/anp-un-terroriste-activant-a-letranger-capture\/"]}]},{"@type":"ImageObject","inLanguage":"fr-FR","@id":"https:\/\/lasentinelle.dz\/index.php\/2024\/02\/08\/anp-un-terroriste-activant-a-letranger-capture\/#primaryimage","url":"https:\/\/lasentinelle.dz\/wp-content\/uploads\/2022\/11\/MDN.png","contentUrl":"https:\/\/lasentinelle.dz\/wp-content\/uploads\/2022\/11\/MDN.png","width":1350,"height":900},{"@type":"BreadcrumbList","@id":"https:\/\/lasentinelle.dz\/index.php\/2024\/02\/08\/anp-un-terroriste-activant-a-letranger-capture\/#breadcrumb","itemListElement":[{"@type":"ListItem","position":1,"name":"Accueil","item":"https:\/\/lasentinelle.dz\/"},{"@type":"ListItem","position":2,"name":"ANP\u00a0:\u00a0Un terroriste activant \u00e0 l\u2019\u00e9tranger\u00a0captur\u00e9"}]},{"@type":"WebSite","@id":"https:\/\/lasentinelle.dz\/#website","url":"https:\/\/lasentinelle.dz\/","name":"La Sentinelle","description":"Quotidien national d&#039;information","publisher":{"@id":"https:\/\/lasentinelle.dz\/#organization"},"potentialAction":[{"@type":"SearchAction","target":{"@type":"EntryPoint","urlTemplate":"https:\/\/lasentinelle.dz\/?s={search_term_string}"},"query-input":{"@type":"PropertyValueSpecification","valueRequired":true,"valueName":"search_term_string"}}],"inLanguage":"fr-FR"},{"@type":"Organization","@id":"https:\/\/lasentinelle.dz\/#organization","name":"Quotidien La Sentinelle","url":"https:\/\/lasentinelle.dz\/","logo":{"@type":"ImageObject","inLanguage":"fr-FR","@id":"https:\/\/lasentinelle.dz\/#\/schema\/logo\/image\/","url":"https:\/\/lasentinelle.dz\/wp-content\/uploads\/2021\/09\/logo-sentinelleSLOGAN-1.png","contentUrl":"https:\/\/lasentinelle.dz\/wp-content\/uploads\/2021\/09\/logo-sentinelleSLOGAN-1.png","width":615,"height":142,"caption":"Quotidien La Sentinelle"},"image":{"@id":"https:\/\/lasentinelle.dz\/#\/schema\/logo\/image\/"},"sameAs":["https:\/\/www.facebook.com\/La-Sentinelle-104059864394773"]},{"@type":"Person","@id":"https:\/\/lasentinelle.dz\/#\/schema\/person\/d865044e22e70a75174ce8bcad3acfb3","name":"La Sentinelle","image":{"@type":"ImageObject","inLanguage":"fr-FR","@id":"https:\/\/secure.gravatar.com\/avatar\/57de8e5d4b15d43fb361a71fbb36338450fe67865b528a43dd10ef7c51a20392?s=96&d=mm&r=g","url":"https:\/\/secure.gravatar.com\/avatar\/57de8e5d4b15d43fb361a71fbb36338450fe67865b528a43dd10ef7c51a20392?s=96&d=mm&r=g","contentUrl":"https:\/\/secure.gravatar.com\/avatar\/57de8e5d4b15d43fb361a71fbb36338450fe67865b528a43dd10ef7c51a20392?s=96&d=mm&r=g","caption":"La Sentinelle"},"sameAs":["http:\/\/www.lasentinelle.dz"],"url":"https:\/\/lasentinelle.dz\/author\/redaction\/"}]}},"_links":{"self":[{"href":"https:\/\/lasentinelle.dz\/index.php\/wp-json\/wp\/v2\/posts\/49309","targetHints":{"allow":["GET"]}}],"collection":[{"href":"https:\/\/lasentinelle.dz\/index.php\/wp-json\/wp\/v2\/posts"}],"about":[{"href":"https:\/\/lasentinelle.dz\/index.php\/wp-json\/wp\/v2\/types\/post"}],"author":[{"embeddable":true,"href":"https:\/\/lasentinelle.dz\/index.php\/wp-json\/wp\/v2\/users\/3"}],"replies":[{"embeddable":true,"href":"https:\/\/lasentinelle.dz\/index.php\/wp-json\/wp\/v2\/comments?post=49309"}],"version-history":[{"count":1,"href":"https:\/\/lasentinelle.dz\/index.php\/wp-json\/wp\/v2\/posts\/49309\/revisions"}],"predecessor-version":[{"id":49310,"href":"https:\/\/lasentinelle.dz\/index.php\/wp-json\/wp\/v2\/posts\/49309\/revisions\/49310"}],"wp:featuredmedia":[{"embeddable":true,"href":"https:\/\/lasentinelle.dz\/index.php\/wp-json\/wp\/v2\/media\/31868"}],"wp:attachment":[{"href":"https:\/\/lasentinelle.dz\/index.php\/wp-json\/wp\/v2\/media?parent=49309"}],"wp:term":[{"taxonomy":"category","embeddable":true,"href":"https:\/\/lasentinelle.dz\/index.php\/wp-json\/wp\/v2\/categories?post=49309"},{"taxonomy":"post_tag","embeddable":true,"href":"https:\/\/lasentinelle.dz\/index.php\/wp-json\/wp\/v2\/tags?post=49309"}],"curies":[{"name":"wp","href":"https:\/\/api.w.org\/{rel}","templated":true}]}}