{"id":49360,"date":"2024-02-10T22:05:47","date_gmt":"2024-02-10T21:05:47","guid":{"rendered":"https:\/\/lasentinelle.dz\/?p=49360"},"modified":"2024-02-10T22:05:49","modified_gmt":"2024-02-10T21:05:49","slug":"20-candidatures-recues-par-la-faf-le-remplacant-de-belmadi-connu-dans-dix-jours","status":"publish","type":"post","link":"https:\/\/lasentinelle.dz\/index.php\/2024\/02\/10\/20-candidatures-recues-par-la-faf-le-remplacant-de-belmadi-connu-dans-dix-jours\/","title":{"rendered":"20 candidatures re\u00e7ues par la FAF\u00a0: Le rempla\u00e7ant de Belmadi connu dans dix jours"},"content":{"rendered":"\n<p>La commission ad-hoc mise en place pour se pencher sur les candidatures pour le poste de s\u00e9lectionneur national s\u2019est r\u00e9unie jeudi pour la premi\u00e8re fois. La commission dirig\u00e9e par le Directeur technique national a d\u00e9j\u00e0 re\u00e7u une vingtaine de CV et de doit se r\u00e9unir encore plusieurs durant les prochains jours avant de trancher. La d\u00e9cision finale reviendra eu Bureau f\u00e9d\u00e9ral et au pr\u00e9sident de la F\u00e9d\u00e9ration alg\u00e9rienne de football qui annonceront le nom de l\u2019heureux \u00e9lu le 21 f\u00e9vrier.<\/p>\n\n\n\n<p>Apr\u00e8s s&rsquo;\u00eatre r\u00e9unie jeudi dernier la commission mise en place pour choisir le futur s\u00e9lectionneur de l\u2019EN a encore quelques jours pour \u00e9tudier les dossiers avant qu&rsquo;une d\u00e9cision finale ne soit prise lors du prochain bureau f\u00e9d\u00e9ral pr\u00e9vu le 21 f\u00e9vrier prochain. Les membres de la commission \u00ab\u00a0ad hoc\u00a0\u00bb n&rsquo;a pas encore \u00e9tabli de short-list mais a regard\u00e9 les differents profils qui lui ont \u00e9t\u00e9 soumis afin de d\u00e9gager un profil et ainsi donner les premi\u00e8res recommandations au bureau f\u00e9d\u00e9ral. La commission \u00e9tudie m\u00e9ticuleusement les dossiers des nombreux candidats, avec pour objectif de parvenir \u00e0 une d\u00e9cision consensuelle. Pr\u00e8s de vingt candidats d\u2019horizons vari\u00e9s ont soumis leur dossier, augmentant la diversit\u00e9 des profils examin\u00e9s.<\/p>\n\n\n\n<p>Le pr\u00e9sident de la F\u00e9d\u00e9ration Alg\u00e9rienne de Football (FAF), Walid Sadi, a mis en place une commission ad-hoc charg\u00e9e de d\u00e9nicher le nouveau chef d&rsquo;orchestre des Fennecs. A l&rsquo;issue de sa premi\u00e8re r\u00e9union jeudi, celle-ci se retrouve avec pr\u00e8s de vingt candidatures sous le bras, comme l&rsquo;a indiqu\u00e9 Mohamed Maouche, membre de la commission, vendredi, \u00e0 la Radio Nationale. \u201cD&rsquo;autres r\u00e9unions sont pr\u00e9vues, car \u00e7a ne sera pas facile de trancher\u201c, a soulign\u00e9 le dirigeant. Lui et ses coll\u00e8gues disposent d&rsquo;une dizaine de jours pour d\u00e9signer un coach qui fera l&rsquo;unanimit\u00e9, r\u00e9pondant \u00e0 des crit\u00e8res stricts. La d\u00e9cision ultime reviendra toutefois au pr\u00e9sident Walid Sadi, a pr\u00e9cis\u00e9 Maouche. La FAF a clairement d\u00e9fini les crit\u00e8res de s\u00e9lection, mettant l\u2019accent sur l\u2019exp\u00e9rience des entra\u00eeneurs et leur capacit\u00e9 \u00e0 communiquer efficacement avec les joueurs. mardi Maouche a soulign\u00e9 \u00e0 l\u2019APS que \u00ab\u00a0le prochain s\u00e9lectionneur doit avoir du caract\u00e8re et surtout conna\u00eetre le football alg\u00e9rien. Je n&rsquo;ai pas un nom particulier en t\u00eate, mais le plus important est de bien \u00e9tudier l&rsquo;ensemble des profils et bien choisir celui qui aura \u00e0 prendre le train en marche\u00a0\u00bb.<\/p>\n\n\n\n<p>Le prochain s\u00e9lectionneur des Verts aura pour premi\u00e8re mission de guider l\u2019\u00e9quipe lors d\u2019un tournoi amical international FIFA en mars. Cet \u00e9v\u00e9nement sera une occasion cruciale pour \u00e9valuer les performances de l\u2019\u00e9quipe sous sa direction, avant d\u2019aller vers la seconde journ\u00e9e des \u00c9liminatoires du Mondial 2026 pr\u00e9vue au mois de juin prochain. Les rumeurs vont bon train concernant les noms des candidats qui auraient le plus de chances de figurer parmi les choix de la FAF. Certaines sources \u00e9voquent une liste de 7 ou de huit noms, tandis que d\u2019autres \u00e9voquent trois s\u00e9lectionneurs qui se d\u00e9tacheraient du lot. Il s\u2019agit d&rsquo;abord Hugo Broos, \u00e0 la t\u00eate de la surprenante s\u00e9lection sud-afrcaine, qu&rsquo;il a men\u00e9e \u00e0 sa premi\u00e8re demi-finale de CAN depuis 24 ans.&nbsp; Ensuite, Jos\u00e9 Peseiro, le tacticien portugais qui a conduit le Nigeria jusqu&rsquo;\u00e0 la finale de la CAN qui se joue ce soir contre la C\u00f4te d&rsquo;Ivoire, et enfin, Carlos Queiroz, ancien bras droit d&rsquo;Alex Ferguson \u00e0 Manchester United et ex-s\u00e9lectionneur du Qatar. On a aussi entendu r\u00e9cemment d&rsquo;autres noms circuler &nbsp;comme un retour de Vahid Halilhodzic, tandis qu&rsquo;Hubert Velud, qui ne sera pas reconduit comme s\u00e9lectionneur du Burkina Faso, a manifest\u00e9 son int\u00e9r\u00eat. Cependant, Maouche a bien soulign\u00e9 vendredi qu\u2019aucune short-list n\u2019a \u00e9t\u00e9 \u00e9tablie. Donc tout reste possible.<\/p>\n\n\n\n<p>Moncef Dahleb<\/p>\n","protected":false},"excerpt":{"rendered":"<p>La commission ad-hoc mise en place pour se pencher sur les candidatures pour le poste de s\u00e9lectionneur national s\u2019est r\u00e9unie<\/p>\n","protected":false},"author":3,"featured_media":44069,"comment_status":"open","ping_status":"closed","sticky":false,"template":"","format":"standard","meta":{"colormag_page_container_layout":"default_layout","colormag_page_sidebar_layout":"default_layout","om_disable_all_campaigns":false,"_monsterinsights_skip_tracking":false,"_monsterinsights_sitenote_active":false,"_monsterinsights_sitenote_note":"","_monsterinsights_sitenote_category":0,"footnotes":"","_wpscppro_dont_share_socialmedia":false,"_wpscppro_custom_social_share_image":0,"_facebook_share_type":"","_twitter_share_type":"","_linkedin_share_type":"","_pinterest_share_type":"","_linkedin_share_type_page":"","_instagram_share_type":"","_medium_share_type":"","_threads_share_type":"","_google_business_share_type":"","_selected_social_profile":[],"_wpsp_enable_custom_social_template":false,"_wpsp_social_scheduling":{"enabled":false,"datetime":null,"platforms":[],"status":"template_only","dateOption":"today","timeOption":"now","customDays":"","customHours":"","customDate":"","customTime":"","schedulingType":"absolute"},"_wpsp_active_default_template":true},"categories":[52,33],"tags":[],"class_list":["post-49360","post","type-post","status-publish","format-standard","has-post-thumbnail","hentry","category-a-la-une","category-sports"],"aioseo_notices":[],"yoast_head":"<!-- This site is optimized with the Yoast SEO plugin v27.5 - https:\/\/yoast.com\/product\/yoast-seo-wordpress\/ -->\n<title>20 candidatures re\u00e7ues par la FAF\u00a0: Le rempla\u00e7ant de Belmadi connu dans dix jours - La Sentinelle<\/title>\n<meta name=\"robots\" content=\"index, follow, max-snippet:-1, max-image-preview:large, max-video-preview:-1\" \/>\n<link rel=\"canonical\" href=\"https:\/\/lasentinelle.dz\/index.php\/2024\/02\/10\/20-candidatures-recues-par-la-faf-le-remplacant-de-belmadi-connu-dans-dix-jours\/\" \/>\n<meta property=\"og:locale\" content=\"fr_FR\" \/>\n<meta property=\"og:type\" content=\"article\" \/>\n<meta property=\"og:title\" content=\"20 candidatures re\u00e7ues par la FAF\u00a0: Le rempla\u00e7ant de Belmadi connu dans dix jours - La Sentinelle\" \/>\n<meta property=\"og:description\" content=\"La commission ad-hoc mise en place pour se pencher sur les candidatures pour le poste de s\u00e9lectionneur national s\u2019est r\u00e9unie\" \/>\n<meta property=\"og:url\" content=\"https:\/\/lasentinelle.dz\/index.php\/2024\/02\/10\/20-candidatures-recues-par-la-faf-le-remplacant-de-belmadi-connu-dans-dix-jours\/\" \/>\n<meta property=\"og:site_name\" content=\"La Sentinelle\" \/>\n<meta property=\"article:publisher\" content=\"https:\/\/www.facebook.com\/La-Sentinelle-104059864394773\" \/>\n<meta property=\"article:published_time\" content=\"2024-02-10T21:05:47+00:00\" \/>\n<meta property=\"article:modified_time\" content=\"2024-02-10T21:05:49+00:00\" \/>\n<meta property=\"og:image\" content=\"https:\/\/lasentinelle.dz\/wp-content\/uploads\/2023\/07\/FAF-2.jpeg\" \/>\n\t<meta property=\"og:image:width\" content=\"580\" \/>\n\t<meta property=\"og:image:height\" content=\"350\" \/>\n\t<meta property=\"og:image:type\" content=\"image\/jpeg\" \/>\n<meta name=\"author\" content=\"La Sentinelle\" \/>\n<meta name=\"twitter:card\" content=\"summary_large_image\" \/>\n<meta name=\"twitter:label1\" content=\"\u00c9crit par\" \/>\n\t<meta name=\"twitter:data1\" content=\"La Sentinelle\" \/>\n\t<meta name=\"twitter:label2\" content=\"Dur\u00e9e de lecture estim\u00e9e\" \/>\n\t<meta name=\"twitter:data2\" content=\"4 minutes\" \/>\n<script type=\"application\/ld+json\" class=\"yoast-schema-graph\">{\"@context\":\"https:\\\/\\\/schema.org\",\"@graph\":[{\"@type\":\"Article\",\"@id\":\"https:\\\/\\\/lasentinelle.dz\\\/index.php\\\/2024\\\/02\\\/10\\\/20-candidatures-recues-par-la-faf-le-remplacant-de-belmadi-connu-dans-dix-jours\\\/#article\",\"isPartOf\":{\"@id\":\"https:\\\/\\\/lasentinelle.dz\\\/index.php\\\/2024\\\/02\\\/10\\\/20-candidatures-recues-par-la-faf-le-remplacant-de-belmadi-connu-dans-dix-jours\\\/\"},\"author\":{\"name\":\"La Sentinelle\",\"@id\":\"https:\\\/\\\/lasentinelle.dz\\\/#\\\/schema\\\/person\\\/d865044e22e70a75174ce8bcad3acfb3\"},\"headline\":\"20 candidatures re\u00e7ues par la FAF\u00a0: Le rempla\u00e7ant de Belmadi connu dans dix jours\",\"datePublished\":\"2024-02-10T21:05:47+00:00\",\"dateModified\":\"2024-02-10T21:05:49+00:00\",\"mainEntityOfPage\":{\"@id\":\"https:\\\/\\\/lasentinelle.dz\\\/index.php\\\/2024\\\/02\\\/10\\\/20-candidatures-recues-par-la-faf-le-remplacant-de-belmadi-connu-dans-dix-jours\\\/\"},\"wordCount\":702,\"commentCount\":0,\"publisher\":{\"@id\":\"https:\\\/\\\/lasentinelle.dz\\\/#organization\"},\"image\":{\"@id\":\"https:\\\/\\\/lasentinelle.dz\\\/index.php\\\/2024\\\/02\\\/10\\\/20-candidatures-recues-par-la-faf-le-remplacant-de-belmadi-connu-dans-dix-jours\\\/#primaryimage\"},\"thumbnailUrl\":\"https:\\\/\\\/lasentinelle.dz\\\/wp-content\\\/uploads\\\/2023\\\/07\\\/FAF-2.jpeg\",\"articleSection\":[\"\u00c0 la Une\",\"Sports\"],\"inLanguage\":\"fr-FR\",\"potentialAction\":[{\"@type\":\"CommentAction\",\"name\":\"Comment\",\"target\":[\"https:\\\/\\\/lasentinelle.dz\\\/index.php\\\/2024\\\/02\\\/10\\\/20-candidatures-recues-par-la-faf-le-remplacant-de-belmadi-connu-dans-dix-jours\\\/#respond\"]}]},{\"@type\":\"WebPage\",\"@id\":\"https:\\\/\\\/lasentinelle.dz\\\/index.php\\\/2024\\\/02\\\/10\\\/20-candidatures-recues-par-la-faf-le-remplacant-de-belmadi-connu-dans-dix-jours\\\/\",\"url\":\"https:\\\/\\\/lasentinelle.dz\\\/index.php\\\/2024\\\/02\\\/10\\\/20-candidatures-recues-par-la-faf-le-remplacant-de-belmadi-connu-dans-dix-jours\\\/\",\"name\":\"20 candidatures re\u00e7ues par la FAF\u00a0: Le rempla\u00e7ant de Belmadi connu dans dix jours - La Sentinelle\",\"isPartOf\":{\"@id\":\"https:\\\/\\\/lasentinelle.dz\\\/#website\"},\"primaryImageOfPage\":{\"@id\":\"https:\\\/\\\/lasentinelle.dz\\\/index.php\\\/2024\\\/02\\\/10\\\/20-candidatures-recues-par-la-faf-le-remplacant-de-belmadi-connu-dans-dix-jours\\\/#primaryimage\"},\"image\":{\"@id\":\"https:\\\/\\\/lasentinelle.dz\\\/index.php\\\/2024\\\/02\\\/10\\\/20-candidatures-recues-par-la-faf-le-remplacant-de-belmadi-connu-dans-dix-jours\\\/#primaryimage\"},\"thumbnailUrl\":\"https:\\\/\\\/lasentinelle.dz\\\/wp-content\\\/uploads\\\/2023\\\/07\\\/FAF-2.jpeg\",\"datePublished\":\"2024-02-10T21:05:47+00:00\",\"dateModified\":\"2024-02-10T21:05:49+00:00\",\"breadcrumb\":{\"@id\":\"https:\\\/\\\/lasentinelle.dz\\\/index.php\\\/2024\\\/02\\\/10\\\/20-candidatures-recues-par-la-faf-le-remplacant-de-belmadi-connu-dans-dix-jours\\\/#breadcrumb\"},\"inLanguage\":\"fr-FR\",\"potentialAction\":[{\"@type\":\"ReadAction\",\"target\":[\"https:\\\/\\\/lasentinelle.dz\\\/index.php\\\/2024\\\/02\\\/10\\\/20-candidatures-recues-par-la-faf-le-remplacant-de-belmadi-connu-dans-dix-jours\\\/\"]}]},{\"@type\":\"ImageObject\",\"inLanguage\":\"fr-FR\",\"@id\":\"https:\\\/\\\/lasentinelle.dz\\\/index.php\\\/2024\\\/02\\\/10\\\/20-candidatures-recues-par-la-faf-le-remplacant-de-belmadi-connu-dans-dix-jours\\\/#primaryimage\",\"url\":\"https:\\\/\\\/lasentinelle.dz\\\/wp-content\\\/uploads\\\/2023\\\/07\\\/FAF-2.jpeg\",\"contentUrl\":\"https:\\\/\\\/lasentinelle.dz\\\/wp-content\\\/uploads\\\/2023\\\/07\\\/FAF-2.jpeg\",\"width\":580,\"height\":350},{\"@type\":\"BreadcrumbList\",\"@id\":\"https:\\\/\\\/lasentinelle.dz\\\/index.php\\\/2024\\\/02\\\/10\\\/20-candidatures-recues-par-la-faf-le-remplacant-de-belmadi-connu-dans-dix-jours\\\/#breadcrumb\",\"itemListElement\":[{\"@type\":\"ListItem\",\"position\":1,\"name\":\"Accueil\",\"item\":\"https:\\\/\\\/lasentinelle.dz\\\/\"},{\"@type\":\"ListItem\",\"position\":2,\"name\":\"20 candidatures re\u00e7ues par la FAF\u00a0: Le rempla\u00e7ant de Belmadi connu dans dix jours\"}]},{\"@type\":\"WebSite\",\"@id\":\"https:\\\/\\\/lasentinelle.dz\\\/#website\",\"url\":\"https:\\\/\\\/lasentinelle.dz\\\/\",\"name\":\"La Sentinelle\",\"description\":\"Quotidien national d&#039;information\",\"publisher\":{\"@id\":\"https:\\\/\\\/lasentinelle.dz\\\/#organization\"},\"potentialAction\":[{\"@type\":\"SearchAction\",\"target\":{\"@type\":\"EntryPoint\",\"urlTemplate\":\"https:\\\/\\\/lasentinelle.dz\\\/?s={search_term_string}\"},\"query-input\":{\"@type\":\"PropertyValueSpecification\",\"valueRequired\":true,\"valueName\":\"search_term_string\"}}],\"inLanguage\":\"fr-FR\"},{\"@type\":\"Organization\",\"@id\":\"https:\\\/\\\/lasentinelle.dz\\\/#organization\",\"name\":\"Quotidien La Sentinelle\",\"url\":\"https:\\\/\\\/lasentinelle.dz\\\/\",\"logo\":{\"@type\":\"ImageObject\",\"inLanguage\":\"fr-FR\",\"@id\":\"https:\\\/\\\/lasentinelle.dz\\\/#\\\/schema\\\/logo\\\/image\\\/\",\"url\":\"https:\\\/\\\/lasentinelle.dz\\\/wp-content\\\/uploads\\\/2021\\\/09\\\/logo-sentinelleSLOGAN-1.png\",\"contentUrl\":\"https:\\\/\\\/lasentinelle.dz\\\/wp-content\\\/uploads\\\/2021\\\/09\\\/logo-sentinelleSLOGAN-1.png\",\"width\":615,\"height\":142,\"caption\":\"Quotidien La Sentinelle\"},\"image\":{\"@id\":\"https:\\\/\\\/lasentinelle.dz\\\/#\\\/schema\\\/logo\\\/image\\\/\"},\"sameAs\":[\"https:\\\/\\\/www.facebook.com\\\/La-Sentinelle-104059864394773\"]},{\"@type\":\"Person\",\"@id\":\"https:\\\/\\\/lasentinelle.dz\\\/#\\\/schema\\\/person\\\/d865044e22e70a75174ce8bcad3acfb3\",\"name\":\"La Sentinelle\",\"image\":{\"@type\":\"ImageObject\",\"inLanguage\":\"fr-FR\",\"@id\":\"https:\\\/\\\/secure.gravatar.com\\\/avatar\\\/57de8e5d4b15d43fb361a71fbb36338450fe67865b528a43dd10ef7c51a20392?s=96&d=mm&r=g\",\"url\":\"https:\\\/\\\/secure.gravatar.com\\\/avatar\\\/57de8e5d4b15d43fb361a71fbb36338450fe67865b528a43dd10ef7c51a20392?s=96&d=mm&r=g\",\"contentUrl\":\"https:\\\/\\\/secure.gravatar.com\\\/avatar\\\/57de8e5d4b15d43fb361a71fbb36338450fe67865b528a43dd10ef7c51a20392?s=96&d=mm&r=g\",\"caption\":\"La Sentinelle\"},\"sameAs\":[\"http:\\\/\\\/www.lasentinelle.dz\"],\"url\":\"https:\\\/\\\/lasentinelle.dz\\\/author\\\/redaction\\\/\"}]}<\/script>\n<!-- \/ Yoast SEO plugin. -->","yoast_head_json":{"title":"20 candidatures re\u00e7ues par la FAF\u00a0: Le rempla\u00e7ant de Belmadi connu dans dix jours - La Sentinelle","robots":{"index":"index","follow":"follow","max-snippet":"max-snippet:-1","max-image-preview":"max-image-preview:large","max-video-preview":"max-video-preview:-1"},"canonical":"https:\/\/lasentinelle.dz\/index.php\/2024\/02\/10\/20-candidatures-recues-par-la-faf-le-remplacant-de-belmadi-connu-dans-dix-jours\/","og_locale":"fr_FR","og_type":"article","og_title":"20 candidatures re\u00e7ues par la FAF\u00a0: Le rempla\u00e7ant de Belmadi connu dans dix jours - La Sentinelle","og_description":"La commission ad-hoc mise en place pour se pencher sur les candidatures pour le poste de s\u00e9lectionneur national s\u2019est r\u00e9unie","og_url":"https:\/\/lasentinelle.dz\/index.php\/2024\/02\/10\/20-candidatures-recues-par-la-faf-le-remplacant-de-belmadi-connu-dans-dix-jours\/","og_site_name":"La Sentinelle","article_publisher":"https:\/\/www.facebook.com\/La-Sentinelle-104059864394773","article_published_time":"2024-02-10T21:05:47+00:00","article_modified_time":"2024-02-10T21:05:49+00:00","og_image":[{"width":580,"height":350,"url":"https:\/\/lasentinelle.dz\/wp-content\/uploads\/2023\/07\/FAF-2.jpeg","type":"image\/jpeg"}],"author":"La Sentinelle","twitter_card":"summary_large_image","twitter_misc":{"\u00c9crit par":"La Sentinelle","Dur\u00e9e de lecture estim\u00e9e":"4 minutes"},"schema":{"@context":"https:\/\/schema.org","@graph":[{"@type":"Article","@id":"https:\/\/lasentinelle.dz\/index.php\/2024\/02\/10\/20-candidatures-recues-par-la-faf-le-remplacant-de-belmadi-connu-dans-dix-jours\/#article","isPartOf":{"@id":"https:\/\/lasentinelle.dz\/index.php\/2024\/02\/10\/20-candidatures-recues-par-la-faf-le-remplacant-de-belmadi-connu-dans-dix-jours\/"},"author":{"name":"La Sentinelle","@id":"https:\/\/lasentinelle.dz\/#\/schema\/person\/d865044e22e70a75174ce8bcad3acfb3"},"headline":"20 candidatures re\u00e7ues par la FAF\u00a0: Le rempla\u00e7ant de Belmadi connu dans dix jours","datePublished":"2024-02-10T21:05:47+00:00","dateModified":"2024-02-10T21:05:49+00:00","mainEntityOfPage":{"@id":"https:\/\/lasentinelle.dz\/index.php\/2024\/02\/10\/20-candidatures-recues-par-la-faf-le-remplacant-de-belmadi-connu-dans-dix-jours\/"},"wordCount":702,"commentCount":0,"publisher":{"@id":"https:\/\/lasentinelle.dz\/#organization"},"image":{"@id":"https:\/\/lasentinelle.dz\/index.php\/2024\/02\/10\/20-candidatures-recues-par-la-faf-le-remplacant-de-belmadi-connu-dans-dix-jours\/#primaryimage"},"thumbnailUrl":"https:\/\/lasentinelle.dz\/wp-content\/uploads\/2023\/07\/FAF-2.jpeg","articleSection":["\u00c0 la Une","Sports"],"inLanguage":"fr-FR","potentialAction":[{"@type":"CommentAction","name":"Comment","target":["https:\/\/lasentinelle.dz\/index.php\/2024\/02\/10\/20-candidatures-recues-par-la-faf-le-remplacant-de-belmadi-connu-dans-dix-jours\/#respond"]}]},{"@type":"WebPage","@id":"https:\/\/lasentinelle.dz\/index.php\/2024\/02\/10\/20-candidatures-recues-par-la-faf-le-remplacant-de-belmadi-connu-dans-dix-jours\/","url":"https:\/\/lasentinelle.dz\/index.php\/2024\/02\/10\/20-candidatures-recues-par-la-faf-le-remplacant-de-belmadi-connu-dans-dix-jours\/","name":"20 candidatures re\u00e7ues par la FAF\u00a0: Le rempla\u00e7ant de Belmadi connu dans dix jours - La Sentinelle","isPartOf":{"@id":"https:\/\/lasentinelle.dz\/#website"},"primaryImageOfPage":{"@id":"https:\/\/lasentinelle.dz\/index.php\/2024\/02\/10\/20-candidatures-recues-par-la-faf-le-remplacant-de-belmadi-connu-dans-dix-jours\/#primaryimage"},"image":{"@id":"https:\/\/lasentinelle.dz\/index.php\/2024\/02\/10\/20-candidatures-recues-par-la-faf-le-remplacant-de-belmadi-connu-dans-dix-jours\/#primaryimage"},"thumbnailUrl":"https:\/\/lasentinelle.dz\/wp-content\/uploads\/2023\/07\/FAF-2.jpeg","datePublished":"2024-02-10T21:05:47+00:00","dateModified":"2024-02-10T21:05:49+00:00","breadcrumb":{"@id":"https:\/\/lasentinelle.dz\/index.php\/2024\/02\/10\/20-candidatures-recues-par-la-faf-le-remplacant-de-belmadi-connu-dans-dix-jours\/#breadcrumb"},"inLanguage":"fr-FR","potentialAction":[{"@type":"ReadAction","target":["https:\/\/lasentinelle.dz\/index.php\/2024\/02\/10\/20-candidatures-recues-par-la-faf-le-remplacant-de-belmadi-connu-dans-dix-jours\/"]}]},{"@type":"ImageObject","inLanguage":"fr-FR","@id":"https:\/\/lasentinelle.dz\/index.php\/2024\/02\/10\/20-candidatures-recues-par-la-faf-le-remplacant-de-belmadi-connu-dans-dix-jours\/#primaryimage","url":"https:\/\/lasentinelle.dz\/wp-content\/uploads\/2023\/07\/FAF-2.jpeg","contentUrl":"https:\/\/lasentinelle.dz\/wp-content\/uploads\/2023\/07\/FAF-2.jpeg","width":580,"height":350},{"@type":"BreadcrumbList","@id":"https:\/\/lasentinelle.dz\/index.php\/2024\/02\/10\/20-candidatures-recues-par-la-faf-le-remplacant-de-belmadi-connu-dans-dix-jours\/#breadcrumb","itemListElement":[{"@type":"ListItem","position":1,"name":"Accueil","item":"https:\/\/lasentinelle.dz\/"},{"@type":"ListItem","position":2,"name":"20 candidatures re\u00e7ues par la FAF\u00a0: Le rempla\u00e7ant de Belmadi connu dans dix jours"}]},{"@type":"WebSite","@id":"https:\/\/lasentinelle.dz\/#website","url":"https:\/\/lasentinelle.dz\/","name":"La Sentinelle","description":"Quotidien national d&#039;information","publisher":{"@id":"https:\/\/lasentinelle.dz\/#organization"},"potentialAction":[{"@type":"SearchAction","target":{"@type":"EntryPoint","urlTemplate":"https:\/\/lasentinelle.dz\/?s={search_term_string}"},"query-input":{"@type":"PropertyValueSpecification","valueRequired":true,"valueName":"search_term_string"}}],"inLanguage":"fr-FR"},{"@type":"Organization","@id":"https:\/\/lasentinelle.dz\/#organization","name":"Quotidien La Sentinelle","url":"https:\/\/lasentinelle.dz\/","logo":{"@type":"ImageObject","inLanguage":"fr-FR","@id":"https:\/\/lasentinelle.dz\/#\/schema\/logo\/image\/","url":"https:\/\/lasentinelle.dz\/wp-content\/uploads\/2021\/09\/logo-sentinelleSLOGAN-1.png","contentUrl":"https:\/\/lasentinelle.dz\/wp-content\/uploads\/2021\/09\/logo-sentinelleSLOGAN-1.png","width":615,"height":142,"caption":"Quotidien La Sentinelle"},"image":{"@id":"https:\/\/lasentinelle.dz\/#\/schema\/logo\/image\/"},"sameAs":["https:\/\/www.facebook.com\/La-Sentinelle-104059864394773"]},{"@type":"Person","@id":"https:\/\/lasentinelle.dz\/#\/schema\/person\/d865044e22e70a75174ce8bcad3acfb3","name":"La Sentinelle","image":{"@type":"ImageObject","inLanguage":"fr-FR","@id":"https:\/\/secure.gravatar.com\/avatar\/57de8e5d4b15d43fb361a71fbb36338450fe67865b528a43dd10ef7c51a20392?s=96&d=mm&r=g","url":"https:\/\/secure.gravatar.com\/avatar\/57de8e5d4b15d43fb361a71fbb36338450fe67865b528a43dd10ef7c51a20392?s=96&d=mm&r=g","contentUrl":"https:\/\/secure.gravatar.com\/avatar\/57de8e5d4b15d43fb361a71fbb36338450fe67865b528a43dd10ef7c51a20392?s=96&d=mm&r=g","caption":"La Sentinelle"},"sameAs":["http:\/\/www.lasentinelle.dz"],"url":"https:\/\/lasentinelle.dz\/author\/redaction\/"}]}},"_links":{"self":[{"href":"https:\/\/lasentinelle.dz\/index.php\/wp-json\/wp\/v2\/posts\/49360","targetHints":{"allow":["GET"]}}],"collection":[{"href":"https:\/\/lasentinelle.dz\/index.php\/wp-json\/wp\/v2\/posts"}],"about":[{"href":"https:\/\/lasentinelle.dz\/index.php\/wp-json\/wp\/v2\/types\/post"}],"author":[{"embeddable":true,"href":"https:\/\/lasentinelle.dz\/index.php\/wp-json\/wp\/v2\/users\/3"}],"replies":[{"embeddable":true,"href":"https:\/\/lasentinelle.dz\/index.php\/wp-json\/wp\/v2\/comments?post=49360"}],"version-history":[{"count":1,"href":"https:\/\/lasentinelle.dz\/index.php\/wp-json\/wp\/v2\/posts\/49360\/revisions"}],"predecessor-version":[{"id":49361,"href":"https:\/\/lasentinelle.dz\/index.php\/wp-json\/wp\/v2\/posts\/49360\/revisions\/49361"}],"wp:featuredmedia":[{"embeddable":true,"href":"https:\/\/lasentinelle.dz\/index.php\/wp-json\/wp\/v2\/media\/44069"}],"wp:attachment":[{"href":"https:\/\/lasentinelle.dz\/index.php\/wp-json\/wp\/v2\/media?parent=49360"}],"wp:term":[{"taxonomy":"category","embeddable":true,"href":"https:\/\/lasentinelle.dz\/index.php\/wp-json\/wp\/v2\/categories?post=49360"},{"taxonomy":"post_tag","embeddable":true,"href":"https:\/\/lasentinelle.dz\/index.php\/wp-json\/wp\/v2\/tags?post=49360"}],"curies":[{"name":"wp","href":"https:\/\/api.w.org\/{rel}","templated":true}]}}