{"id":49384,"date":"2024-02-10T22:25:05","date_gmt":"2024-02-10T21:25:05","guid":{"rendered":"https:\/\/lasentinelle.dz\/?p=49384"},"modified":"2024-02-10T22:25:09","modified_gmt":"2024-02-10T21:25:09","slug":"situation-au-sahel-alger-et-nouakchott-renforcent-leur-coordination","status":"publish","type":"post","link":"https:\/\/lasentinelle.dz\/index.php\/2024\/02\/10\/situation-au-sahel-alger-et-nouakchott-renforcent-leur-coordination\/","title":{"rendered":"Situation au Sahel\u00a0: Alger et Nouakchott renforcent leur coordination\u00a0"},"content":{"rendered":"\n<p>Le ministre des Affaires \u00e9trang\u00e8res et de la Communaut\u00e9 nationale \u00e0 l&rsquo;\u00e9tranger, Ahmed Attaf, &nbsp;a effectu\u00e9 vendredi une visite en Mauritanie dans le cadre de la volont\u00e9 des deux pays de consolider leur coop\u00e9ration bilat\u00e9rale mais aussi de renforcer la coordination concernant les questions r\u00e9gionales et d\u2019\u0153uvrer de concert \u00e0 renforcer la paix et la stabilit\u00e9 dans la r\u00e9gion.<\/p>\n\n\n\n<p>Dans le cadre de cette visite, le chef de la diplomatie alg\u00e9rienne a \u00e9t\u00e9 re\u00e7u par le pr\u00e9sident mauritanien, Mohamed Ould Cheikh El Ghazouani, \u00e0 qui il a remis un message \u00e9crit du pr\u00e9sident de la R\u00e9publique, indique un communiqu\u00e9 du minist\u00e8re des Affaires \u00e9trang\u00e8res. Dans ce cadre, Ahmed Attaf a tenu \u00e0 souligner la qualit\u00e9 de la coop\u00e9ration alg\u00e9ro-mauritanienne, mais aussi la convergence des vues sur les questions r\u00e9gionales. Il a ainsi indiqu\u00e9 au sortir de l&rsquo;audience, que que l&rsquo;Alg\u00e9rie et la Mauritanie \u00ab\u00a0partagent une pr\u00e9occupation profonde vis-\u00e0-vis de ce qui les entourent comme tensions dans un environnement r\u00e9gional instable, en sus des graves d\u00e9veloppements que connait la cause palestinienne. Dans ce cadre et sur la base de ce qui r\u00e9unit les deux pays comme positions de principe et orientations coh\u00e9rentes, et \u00e9tant deux patries stables et s\u00e9curis\u00e9es dans une r\u00e9gion d\u00e9sormais en proie \u00e0 l&rsquo;instabilit\u00e9 et \u00e0 l&rsquo;ins\u00e9curit\u00e9, le ministre a affirm\u00e9 que \u00ab\u00a0l&rsquo;Alg\u00e9rie et la Mauritanie \u0153uvreront \u00e0 intensifier leurs efforts communs, en vue d&rsquo;impacter de fa\u00e7on positive le d\u00e9roulement des \u00e9v\u00e8nements, au mieux de l&rsquo;int\u00e9r\u00eat des pays et peuples de leur voisinage proche\u00a0\u00bb. Il faut dire que la situation r\u00e9gionale et notamment au Sahel a \u00e9t\u00e9 au c\u0153ur des entretiens entre le chef de la diplomatie alg\u00e9rienne et son homologue mauritanien Mohamed Salem Ould Merzoug. La rencontre a constitu\u00e9 une occasion pour \u00ab\u00a0coordonner autour des questions r\u00e9gionales et internationales d&rsquo;int\u00e9r\u00eat commun, en t\u00eate desquelles figure la situation s\u00e9curitaire et politique dans la r\u00e9gion sah\u00e9lo-saharienne qui constitue une source de pr\u00e9occupation croissante et d&rsquo;inqui\u00e9tude commune aupr\u00e8s des deux pays, en sus de la s\u00e9rie de sujets inscrits \u00e0 l&rsquo;ordre du jour des travaux du prochain sommet de l&rsquo;Union africaine (UA)\u00a0\u00bb, souligne dans ce sens un communiqu\u00e9 du MAE.<\/p>\n\n\n\n<p>Le MAE a aussi affirm\u00e9 que sa \u00ab\u00a0visite en Mauritanie, pays fr\u00e8res, s&rsquo;inscrit dans le cadre de la volont\u00e9 commune des dirigeants des deux pays de renforcer les relations alg\u00e9ro-mauritaniennes et les promouvoir aux plus hauts rangs, outre leur souci constant de contribuer \u00e0 tout ce qui est \u00e0 m\u00eame de renforcer la s\u00e9curit\u00e9 et la stabilit\u00e9 dans la r\u00e9gion et dans le proche voisinage\u00a0\u00bb. M. Attaf a, \u00e0 cet \u00e9gard, soulign\u00e9 que les relations bilat\u00e9rales \u00ab\u00a0sont actuellement \u00e0 leur apog\u00e9e sur le plan historique, mais aussi en termes de d\u00e9veloppement et de dynamisme, notamment dans le cadre des projets compl\u00e9mentaires et int\u00e9gr\u00e9s, convenus entre le Pr\u00e9sident Abdelmadjid Tebboune et son fr\u00e8re, le Pr\u00e9sident Mohamed Ould Cheikh El Ghazouani\u00a0\u00bb. Parmi ces projets, le ministre a cit\u00e9 le \u00ab\u00a0projet strat\u00e9gique de cr\u00e9ation de la voie terrestre Tindouf- Zou\u00e9rate, ainsi que d&rsquo;autres projets, \u00e0 l&rsquo;instar du parach\u00e8vement des deux passages frontaliers, l&rsquo;inauguration de la premi\u00e8re banque alg\u00e9rienne et de la premi\u00e8re foire permanente des produits alg\u00e9riens dans ce pays fr\u00e8re, outre les projets confortant les dimensions humanitaire et sociale des relations alg\u00e9ro-mauritaniennes\u00a0\u00bb.<\/p>\n\n\n\n<p><strong>Hocine Fadheli<\/strong><\/p>\n","protected":false},"excerpt":{"rendered":"<p>Le ministre des Affaires \u00e9trang\u00e8res et de la Communaut\u00e9 nationale \u00e0 l&rsquo;\u00e9tranger, Ahmed Attaf, &nbsp;a effectu\u00e9 vendredi une visite en<\/p>\n","protected":false},"author":3,"featured_media":49385,"comment_status":"open","ping_status":"closed","sticky":false,"template":"","format":"standard","meta":{"colormag_page_container_layout":"default_layout","colormag_page_sidebar_layout":"default_layout","om_disable_all_campaigns":false,"_monsterinsights_skip_tracking":false,"_monsterinsights_sitenote_active":false,"_monsterinsights_sitenote_note":"","_monsterinsights_sitenote_category":0,"footnotes":"","_wpscppro_dont_share_socialmedia":false,"_wpscppro_custom_social_share_image":0,"_facebook_share_type":"","_twitter_share_type":"","_linkedin_share_type":"","_pinterest_share_type":"","_linkedin_share_type_page":"","_instagram_share_type":"","_medium_share_type":"","_threads_share_type":"","_google_business_share_type":"","_selected_social_profile":[],"_wpsp_enable_custom_social_template":false,"_wpsp_social_scheduling":{"enabled":false,"datetime":null,"platforms":[],"status":"template_only","dateOption":"today","timeOption":"now","customDays":"","customHours":"","customDate":"","customTime":"","schedulingType":"absolute"},"_wpsp_active_default_template":true},"categories":[52,27],"tags":[],"class_list":["post-49384","post","type-post","status-publish","format-standard","has-post-thumbnail","hentry","category-a-la-une","category-actualite"],"aioseo_notices":[],"yoast_head":"<!-- This site is optimized with the Yoast SEO plugin v27.5 - https:\/\/yoast.com\/product\/yoast-seo-wordpress\/ -->\n<title>Situation au Sahel\u00a0: Alger et Nouakchott renforcent leur coordination\u00a0 - La Sentinelle<\/title>\n<meta name=\"robots\" content=\"index, follow, max-snippet:-1, max-image-preview:large, max-video-preview:-1\" \/>\n<link rel=\"canonical\" href=\"https:\/\/lasentinelle.dz\/index.php\/2024\/02\/10\/situation-au-sahel-alger-et-nouakchott-renforcent-leur-coordination\/\" \/>\n<meta property=\"og:locale\" content=\"fr_FR\" \/>\n<meta property=\"og:type\" content=\"article\" \/>\n<meta property=\"og:title\" content=\"Situation au Sahel\u00a0: Alger et Nouakchott renforcent leur coordination\u00a0 - La Sentinelle\" \/>\n<meta property=\"og:description\" content=\"Le ministre des Affaires \u00e9trang\u00e8res et de la Communaut\u00e9 nationale \u00e0 l&rsquo;\u00e9tranger, Ahmed Attaf, &nbsp;a effectu\u00e9 vendredi une visite en\" \/>\n<meta property=\"og:url\" content=\"https:\/\/lasentinelle.dz\/index.php\/2024\/02\/10\/situation-au-sahel-alger-et-nouakchott-renforcent-leur-coordination\/\" \/>\n<meta property=\"og:site_name\" content=\"La Sentinelle\" \/>\n<meta property=\"article:publisher\" content=\"https:\/\/www.facebook.com\/La-Sentinelle-104059864394773\" \/>\n<meta property=\"article:published_time\" content=\"2024-02-10T21:25:05+00:00\" \/>\n<meta property=\"article:modified_time\" content=\"2024-02-10T21:25:09+00:00\" \/>\n<meta property=\"og:image\" content=\"https:\/\/lasentinelle.dz\/wp-content\/uploads\/2024\/02\/attaf-mauritanie.jpeg\" \/>\n\t<meta property=\"og:image:width\" content=\"2048\" \/>\n\t<meta property=\"og:image:height\" content=\"1309\" \/>\n\t<meta property=\"og:image:type\" content=\"image\/jpeg\" \/>\n<meta name=\"author\" content=\"La Sentinelle\" \/>\n<meta name=\"twitter:card\" content=\"summary_large_image\" \/>\n<meta name=\"twitter:label1\" content=\"\u00c9crit par\" \/>\n\t<meta name=\"twitter:data1\" content=\"La Sentinelle\" \/>\n\t<meta name=\"twitter:label2\" content=\"Dur\u00e9e de lecture estim\u00e9e\" \/>\n\t<meta name=\"twitter:data2\" content=\"3 minutes\" \/>\n<script type=\"application\/ld+json\" class=\"yoast-schema-graph\">{\"@context\":\"https:\\\/\\\/schema.org\",\"@graph\":[{\"@type\":\"Article\",\"@id\":\"https:\\\/\\\/lasentinelle.dz\\\/index.php\\\/2024\\\/02\\\/10\\\/situation-au-sahel-alger-et-nouakchott-renforcent-leur-coordination\\\/#article\",\"isPartOf\":{\"@id\":\"https:\\\/\\\/lasentinelle.dz\\\/index.php\\\/2024\\\/02\\\/10\\\/situation-au-sahel-alger-et-nouakchott-renforcent-leur-coordination\\\/\"},\"author\":{\"name\":\"La Sentinelle\",\"@id\":\"https:\\\/\\\/lasentinelle.dz\\\/#\\\/schema\\\/person\\\/d865044e22e70a75174ce8bcad3acfb3\"},\"headline\":\"Situation au Sahel\u00a0: Alger et Nouakchott renforcent leur coordination\u00a0\",\"datePublished\":\"2024-02-10T21:25:05+00:00\",\"dateModified\":\"2024-02-10T21:25:09+00:00\",\"mainEntityOfPage\":{\"@id\":\"https:\\\/\\\/lasentinelle.dz\\\/index.php\\\/2024\\\/02\\\/10\\\/situation-au-sahel-alger-et-nouakchott-renforcent-leur-coordination\\\/\"},\"wordCount\":617,\"commentCount\":0,\"publisher\":{\"@id\":\"https:\\\/\\\/lasentinelle.dz\\\/#organization\"},\"image\":{\"@id\":\"https:\\\/\\\/lasentinelle.dz\\\/index.php\\\/2024\\\/02\\\/10\\\/situation-au-sahel-alger-et-nouakchott-renforcent-leur-coordination\\\/#primaryimage\"},\"thumbnailUrl\":\"https:\\\/\\\/lasentinelle.dz\\\/wp-content\\\/uploads\\\/2024\\\/02\\\/attaf-mauritanie.jpeg\",\"articleSection\":[\"\u00c0 la Une\",\"Actualit\u00e9\"],\"inLanguage\":\"fr-FR\",\"potentialAction\":[{\"@type\":\"CommentAction\",\"name\":\"Comment\",\"target\":[\"https:\\\/\\\/lasentinelle.dz\\\/index.php\\\/2024\\\/02\\\/10\\\/situation-au-sahel-alger-et-nouakchott-renforcent-leur-coordination\\\/#respond\"]}]},{\"@type\":\"WebPage\",\"@id\":\"https:\\\/\\\/lasentinelle.dz\\\/index.php\\\/2024\\\/02\\\/10\\\/situation-au-sahel-alger-et-nouakchott-renforcent-leur-coordination\\\/\",\"url\":\"https:\\\/\\\/lasentinelle.dz\\\/index.php\\\/2024\\\/02\\\/10\\\/situation-au-sahel-alger-et-nouakchott-renforcent-leur-coordination\\\/\",\"name\":\"Situation au Sahel\u00a0: Alger et Nouakchott renforcent leur coordination\u00a0 - La Sentinelle\",\"isPartOf\":{\"@id\":\"https:\\\/\\\/lasentinelle.dz\\\/#website\"},\"primaryImageOfPage\":{\"@id\":\"https:\\\/\\\/lasentinelle.dz\\\/index.php\\\/2024\\\/02\\\/10\\\/situation-au-sahel-alger-et-nouakchott-renforcent-leur-coordination\\\/#primaryimage\"},\"image\":{\"@id\":\"https:\\\/\\\/lasentinelle.dz\\\/index.php\\\/2024\\\/02\\\/10\\\/situation-au-sahel-alger-et-nouakchott-renforcent-leur-coordination\\\/#primaryimage\"},\"thumbnailUrl\":\"https:\\\/\\\/lasentinelle.dz\\\/wp-content\\\/uploads\\\/2024\\\/02\\\/attaf-mauritanie.jpeg\",\"datePublished\":\"2024-02-10T21:25:05+00:00\",\"dateModified\":\"2024-02-10T21:25:09+00:00\",\"breadcrumb\":{\"@id\":\"https:\\\/\\\/lasentinelle.dz\\\/index.php\\\/2024\\\/02\\\/10\\\/situation-au-sahel-alger-et-nouakchott-renforcent-leur-coordination\\\/#breadcrumb\"},\"inLanguage\":\"fr-FR\",\"potentialAction\":[{\"@type\":\"ReadAction\",\"target\":[\"https:\\\/\\\/lasentinelle.dz\\\/index.php\\\/2024\\\/02\\\/10\\\/situation-au-sahel-alger-et-nouakchott-renforcent-leur-coordination\\\/\"]}]},{\"@type\":\"ImageObject\",\"inLanguage\":\"fr-FR\",\"@id\":\"https:\\\/\\\/lasentinelle.dz\\\/index.php\\\/2024\\\/02\\\/10\\\/situation-au-sahel-alger-et-nouakchott-renforcent-leur-coordination\\\/#primaryimage\",\"url\":\"https:\\\/\\\/lasentinelle.dz\\\/wp-content\\\/uploads\\\/2024\\\/02\\\/attaf-mauritanie.jpeg\",\"contentUrl\":\"https:\\\/\\\/lasentinelle.dz\\\/wp-content\\\/uploads\\\/2024\\\/02\\\/attaf-mauritanie.jpeg\",\"width\":2048,\"height\":1309},{\"@type\":\"BreadcrumbList\",\"@id\":\"https:\\\/\\\/lasentinelle.dz\\\/index.php\\\/2024\\\/02\\\/10\\\/situation-au-sahel-alger-et-nouakchott-renforcent-leur-coordination\\\/#breadcrumb\",\"itemListElement\":[{\"@type\":\"ListItem\",\"position\":1,\"name\":\"Accueil\",\"item\":\"https:\\\/\\\/lasentinelle.dz\\\/\"},{\"@type\":\"ListItem\",\"position\":2,\"name\":\"Situation au Sahel\u00a0: Alger et Nouakchott renforcent leur coordination\u00a0\"}]},{\"@type\":\"WebSite\",\"@id\":\"https:\\\/\\\/lasentinelle.dz\\\/#website\",\"url\":\"https:\\\/\\\/lasentinelle.dz\\\/\",\"name\":\"La Sentinelle\",\"description\":\"Quotidien national d&#039;information\",\"publisher\":{\"@id\":\"https:\\\/\\\/lasentinelle.dz\\\/#organization\"},\"potentialAction\":[{\"@type\":\"SearchAction\",\"target\":{\"@type\":\"EntryPoint\",\"urlTemplate\":\"https:\\\/\\\/lasentinelle.dz\\\/?s={search_term_string}\"},\"query-input\":{\"@type\":\"PropertyValueSpecification\",\"valueRequired\":true,\"valueName\":\"search_term_string\"}}],\"inLanguage\":\"fr-FR\"},{\"@type\":\"Organization\",\"@id\":\"https:\\\/\\\/lasentinelle.dz\\\/#organization\",\"name\":\"Quotidien La Sentinelle\",\"url\":\"https:\\\/\\\/lasentinelle.dz\\\/\",\"logo\":{\"@type\":\"ImageObject\",\"inLanguage\":\"fr-FR\",\"@id\":\"https:\\\/\\\/lasentinelle.dz\\\/#\\\/schema\\\/logo\\\/image\\\/\",\"url\":\"https:\\\/\\\/lasentinelle.dz\\\/wp-content\\\/uploads\\\/2021\\\/09\\\/logo-sentinelleSLOGAN-1.png\",\"contentUrl\":\"https:\\\/\\\/lasentinelle.dz\\\/wp-content\\\/uploads\\\/2021\\\/09\\\/logo-sentinelleSLOGAN-1.png\",\"width\":615,\"height\":142,\"caption\":\"Quotidien La Sentinelle\"},\"image\":{\"@id\":\"https:\\\/\\\/lasentinelle.dz\\\/#\\\/schema\\\/logo\\\/image\\\/\"},\"sameAs\":[\"https:\\\/\\\/www.facebook.com\\\/La-Sentinelle-104059864394773\"]},{\"@type\":\"Person\",\"@id\":\"https:\\\/\\\/lasentinelle.dz\\\/#\\\/schema\\\/person\\\/d865044e22e70a75174ce8bcad3acfb3\",\"name\":\"La Sentinelle\",\"image\":{\"@type\":\"ImageObject\",\"inLanguage\":\"fr-FR\",\"@id\":\"https:\\\/\\\/secure.gravatar.com\\\/avatar\\\/57de8e5d4b15d43fb361a71fbb36338450fe67865b528a43dd10ef7c51a20392?s=96&d=mm&r=g\",\"url\":\"https:\\\/\\\/secure.gravatar.com\\\/avatar\\\/57de8e5d4b15d43fb361a71fbb36338450fe67865b528a43dd10ef7c51a20392?s=96&d=mm&r=g\",\"contentUrl\":\"https:\\\/\\\/secure.gravatar.com\\\/avatar\\\/57de8e5d4b15d43fb361a71fbb36338450fe67865b528a43dd10ef7c51a20392?s=96&d=mm&r=g\",\"caption\":\"La Sentinelle\"},\"sameAs\":[\"http:\\\/\\\/www.lasentinelle.dz\"],\"url\":\"https:\\\/\\\/lasentinelle.dz\\\/author\\\/redaction\\\/\"}]}<\/script>\n<!-- \/ Yoast SEO plugin. -->","yoast_head_json":{"title":"Situation au Sahel\u00a0: Alger et Nouakchott renforcent leur coordination\u00a0 - La Sentinelle","robots":{"index":"index","follow":"follow","max-snippet":"max-snippet:-1","max-image-preview":"max-image-preview:large","max-video-preview":"max-video-preview:-1"},"canonical":"https:\/\/lasentinelle.dz\/index.php\/2024\/02\/10\/situation-au-sahel-alger-et-nouakchott-renforcent-leur-coordination\/","og_locale":"fr_FR","og_type":"article","og_title":"Situation au Sahel\u00a0: Alger et Nouakchott renforcent leur coordination\u00a0 - La Sentinelle","og_description":"Le ministre des Affaires \u00e9trang\u00e8res et de la Communaut\u00e9 nationale \u00e0 l&rsquo;\u00e9tranger, Ahmed Attaf, &nbsp;a effectu\u00e9 vendredi une visite en","og_url":"https:\/\/lasentinelle.dz\/index.php\/2024\/02\/10\/situation-au-sahel-alger-et-nouakchott-renforcent-leur-coordination\/","og_site_name":"La Sentinelle","article_publisher":"https:\/\/www.facebook.com\/La-Sentinelle-104059864394773","article_published_time":"2024-02-10T21:25:05+00:00","article_modified_time":"2024-02-10T21:25:09+00:00","og_image":[{"width":2048,"height":1309,"url":"https:\/\/lasentinelle.dz\/wp-content\/uploads\/2024\/02\/attaf-mauritanie.jpeg","type":"image\/jpeg"}],"author":"La Sentinelle","twitter_card":"summary_large_image","twitter_misc":{"\u00c9crit par":"La Sentinelle","Dur\u00e9e de lecture estim\u00e9e":"3 minutes"},"schema":{"@context":"https:\/\/schema.org","@graph":[{"@type":"Article","@id":"https:\/\/lasentinelle.dz\/index.php\/2024\/02\/10\/situation-au-sahel-alger-et-nouakchott-renforcent-leur-coordination\/#article","isPartOf":{"@id":"https:\/\/lasentinelle.dz\/index.php\/2024\/02\/10\/situation-au-sahel-alger-et-nouakchott-renforcent-leur-coordination\/"},"author":{"name":"La Sentinelle","@id":"https:\/\/lasentinelle.dz\/#\/schema\/person\/d865044e22e70a75174ce8bcad3acfb3"},"headline":"Situation au Sahel\u00a0: Alger et Nouakchott renforcent leur coordination\u00a0","datePublished":"2024-02-10T21:25:05+00:00","dateModified":"2024-02-10T21:25:09+00:00","mainEntityOfPage":{"@id":"https:\/\/lasentinelle.dz\/index.php\/2024\/02\/10\/situation-au-sahel-alger-et-nouakchott-renforcent-leur-coordination\/"},"wordCount":617,"commentCount":0,"publisher":{"@id":"https:\/\/lasentinelle.dz\/#organization"},"image":{"@id":"https:\/\/lasentinelle.dz\/index.php\/2024\/02\/10\/situation-au-sahel-alger-et-nouakchott-renforcent-leur-coordination\/#primaryimage"},"thumbnailUrl":"https:\/\/lasentinelle.dz\/wp-content\/uploads\/2024\/02\/attaf-mauritanie.jpeg","articleSection":["\u00c0 la Une","Actualit\u00e9"],"inLanguage":"fr-FR","potentialAction":[{"@type":"CommentAction","name":"Comment","target":["https:\/\/lasentinelle.dz\/index.php\/2024\/02\/10\/situation-au-sahel-alger-et-nouakchott-renforcent-leur-coordination\/#respond"]}]},{"@type":"WebPage","@id":"https:\/\/lasentinelle.dz\/index.php\/2024\/02\/10\/situation-au-sahel-alger-et-nouakchott-renforcent-leur-coordination\/","url":"https:\/\/lasentinelle.dz\/index.php\/2024\/02\/10\/situation-au-sahel-alger-et-nouakchott-renforcent-leur-coordination\/","name":"Situation au Sahel\u00a0: Alger et Nouakchott renforcent leur coordination\u00a0 - La Sentinelle","isPartOf":{"@id":"https:\/\/lasentinelle.dz\/#website"},"primaryImageOfPage":{"@id":"https:\/\/lasentinelle.dz\/index.php\/2024\/02\/10\/situation-au-sahel-alger-et-nouakchott-renforcent-leur-coordination\/#primaryimage"},"image":{"@id":"https:\/\/lasentinelle.dz\/index.php\/2024\/02\/10\/situation-au-sahel-alger-et-nouakchott-renforcent-leur-coordination\/#primaryimage"},"thumbnailUrl":"https:\/\/lasentinelle.dz\/wp-content\/uploads\/2024\/02\/attaf-mauritanie.jpeg","datePublished":"2024-02-10T21:25:05+00:00","dateModified":"2024-02-10T21:25:09+00:00","breadcrumb":{"@id":"https:\/\/lasentinelle.dz\/index.php\/2024\/02\/10\/situation-au-sahel-alger-et-nouakchott-renforcent-leur-coordination\/#breadcrumb"},"inLanguage":"fr-FR","potentialAction":[{"@type":"ReadAction","target":["https:\/\/lasentinelle.dz\/index.php\/2024\/02\/10\/situation-au-sahel-alger-et-nouakchott-renforcent-leur-coordination\/"]}]},{"@type":"ImageObject","inLanguage":"fr-FR","@id":"https:\/\/lasentinelle.dz\/index.php\/2024\/02\/10\/situation-au-sahel-alger-et-nouakchott-renforcent-leur-coordination\/#primaryimage","url":"https:\/\/lasentinelle.dz\/wp-content\/uploads\/2024\/02\/attaf-mauritanie.jpeg","contentUrl":"https:\/\/lasentinelle.dz\/wp-content\/uploads\/2024\/02\/attaf-mauritanie.jpeg","width":2048,"height":1309},{"@type":"BreadcrumbList","@id":"https:\/\/lasentinelle.dz\/index.php\/2024\/02\/10\/situation-au-sahel-alger-et-nouakchott-renforcent-leur-coordination\/#breadcrumb","itemListElement":[{"@type":"ListItem","position":1,"name":"Accueil","item":"https:\/\/lasentinelle.dz\/"},{"@type":"ListItem","position":2,"name":"Situation au Sahel\u00a0: Alger et Nouakchott renforcent leur coordination\u00a0"}]},{"@type":"WebSite","@id":"https:\/\/lasentinelle.dz\/#website","url":"https:\/\/lasentinelle.dz\/","name":"La Sentinelle","description":"Quotidien national d&#039;information","publisher":{"@id":"https:\/\/lasentinelle.dz\/#organization"},"potentialAction":[{"@type":"SearchAction","target":{"@type":"EntryPoint","urlTemplate":"https:\/\/lasentinelle.dz\/?s={search_term_string}"},"query-input":{"@type":"PropertyValueSpecification","valueRequired":true,"valueName":"search_term_string"}}],"inLanguage":"fr-FR"},{"@type":"Organization","@id":"https:\/\/lasentinelle.dz\/#organization","name":"Quotidien La Sentinelle","url":"https:\/\/lasentinelle.dz\/","logo":{"@type":"ImageObject","inLanguage":"fr-FR","@id":"https:\/\/lasentinelle.dz\/#\/schema\/logo\/image\/","url":"https:\/\/lasentinelle.dz\/wp-content\/uploads\/2021\/09\/logo-sentinelleSLOGAN-1.png","contentUrl":"https:\/\/lasentinelle.dz\/wp-content\/uploads\/2021\/09\/logo-sentinelleSLOGAN-1.png","width":615,"height":142,"caption":"Quotidien La Sentinelle"},"image":{"@id":"https:\/\/lasentinelle.dz\/#\/schema\/logo\/image\/"},"sameAs":["https:\/\/www.facebook.com\/La-Sentinelle-104059864394773"]},{"@type":"Person","@id":"https:\/\/lasentinelle.dz\/#\/schema\/person\/d865044e22e70a75174ce8bcad3acfb3","name":"La Sentinelle","image":{"@type":"ImageObject","inLanguage":"fr-FR","@id":"https:\/\/secure.gravatar.com\/avatar\/57de8e5d4b15d43fb361a71fbb36338450fe67865b528a43dd10ef7c51a20392?s=96&d=mm&r=g","url":"https:\/\/secure.gravatar.com\/avatar\/57de8e5d4b15d43fb361a71fbb36338450fe67865b528a43dd10ef7c51a20392?s=96&d=mm&r=g","contentUrl":"https:\/\/secure.gravatar.com\/avatar\/57de8e5d4b15d43fb361a71fbb36338450fe67865b528a43dd10ef7c51a20392?s=96&d=mm&r=g","caption":"La Sentinelle"},"sameAs":["http:\/\/www.lasentinelle.dz"],"url":"https:\/\/lasentinelle.dz\/author\/redaction\/"}]}},"_links":{"self":[{"href":"https:\/\/lasentinelle.dz\/index.php\/wp-json\/wp\/v2\/posts\/49384","targetHints":{"allow":["GET"]}}],"collection":[{"href":"https:\/\/lasentinelle.dz\/index.php\/wp-json\/wp\/v2\/posts"}],"about":[{"href":"https:\/\/lasentinelle.dz\/index.php\/wp-json\/wp\/v2\/types\/post"}],"author":[{"embeddable":true,"href":"https:\/\/lasentinelle.dz\/index.php\/wp-json\/wp\/v2\/users\/3"}],"replies":[{"embeddable":true,"href":"https:\/\/lasentinelle.dz\/index.php\/wp-json\/wp\/v2\/comments?post=49384"}],"version-history":[{"count":1,"href":"https:\/\/lasentinelle.dz\/index.php\/wp-json\/wp\/v2\/posts\/49384\/revisions"}],"predecessor-version":[{"id":49386,"href":"https:\/\/lasentinelle.dz\/index.php\/wp-json\/wp\/v2\/posts\/49384\/revisions\/49386"}],"wp:featuredmedia":[{"embeddable":true,"href":"https:\/\/lasentinelle.dz\/index.php\/wp-json\/wp\/v2\/media\/49385"}],"wp:attachment":[{"href":"https:\/\/lasentinelle.dz\/index.php\/wp-json\/wp\/v2\/media?parent=49384"}],"wp:term":[{"taxonomy":"category","embeddable":true,"href":"https:\/\/lasentinelle.dz\/index.php\/wp-json\/wp\/v2\/categories?post=49384"},{"taxonomy":"post_tag","embeddable":true,"href":"https:\/\/lasentinelle.dz\/index.php\/wp-json\/wp\/v2\/tags?post=49384"}],"curies":[{"name":"wp","href":"https:\/\/api.w.org\/{rel}","templated":true}]}}