{"id":49387,"date":"2024-02-10T22:27:09","date_gmt":"2024-02-10T21:27:09","guid":{"rendered":"https:\/\/lasentinelle.dz\/?p=49387"},"modified":"2024-02-10T22:27:12","modified_gmt":"2024-02-10T21:27:12","slug":"hind-rajab-une-fillette-de-6-ans-assassinee-par-loccupation","status":"publish","type":"post","link":"https:\/\/lasentinelle.dz\/index.php\/2024\/02\/10\/hind-rajab-une-fillette-de-6-ans-assassinee-par-loccupation\/","title":{"rendered":"Hind Rajab, une fillette de 6 ans, assassin\u00e9e par l\u2019occupation"},"content":{"rendered":"\n<p>Malgr\u00e9 la persistance des m\u00e9dias mainstream \u00e0 vouloir dissimuler l\u2019horreur des actes g\u00e9nocidaires des forces d\u2019occupation sionistes \u00e0 Ghaza, les faits sont t\u00eatus. Les forces isra\u00e9liennes ciblent de mani\u00e8re pr\u00e9m\u00e9dit\u00e9e les civils, elles d\u00e9ciment des familles enti\u00e8res et \u00e9liminent les \u00e9quipes de secours qui cherchent \u00e0 venir en aide aux victimes. L\u2019agression isra\u00e9lienne a fait plus de 28.000 morts, alors que des milliers d\u2019autres Palestiniens sont coinc\u00e9s sous les d\u00e9combres. Plus 100.000 palestiniens ont \u00e9t\u00e9 soit tu\u00e9s, bless\u00e9s, o\u00f9 port\u00e9s disparus. C\u2019est loin d\u2019\u00eatre des statistiques st\u00e9riles. Ce sont des milliers de vies d\u00e9truites et de souffrances ignor\u00e9es. Des trag\u00e9dies qu\u2019illustre l\u2019histoire de la petite Hind Rajab, une fillette de six ans que les chars de l\u2019occupation n\u2019ont pas \u00e9pargn\u00e9e et qui a \u00e9t\u00e9 froidement ex\u00e9cut\u00e9e par l\u2019arm\u00e9e la plus immorale du monde. Cette fillette qui a d\u2019abord surv\u00e9cu \u00e0 une attaque de char isra\u00e9lien contre le v\u00e9hicule de sa famille, avait lanc\u00e9 un appel au secours, mais elle finalement \u00e9t\u00e9 retrouv\u00e9e morte hier, tu\u00e9e par l\u2019occupation sioniste.<\/p>\n\n\n\n<p>Les d\u00e9pouilles de Hind et de plusieurs membres de sa famille ont \u00e9t\u00e9 retrouv\u00e9es hier matin dans la voiture pr\u00e8s d&rsquo;une station essence du quartier de Tel al-Hawa, apr\u00e8s que les chars isra\u00e9liens se sont retir\u00e9s de la zone \u00e0 l&rsquo;aube, a annonc\u00e9 \u00e0 l&rsquo;AFP sa famille. Les corps des deux secouristes du Croissant-Rouge palestinien (PRCS) envoy\u00e9s pour la secourir ce jour-l\u00e0 ont \u00e9t\u00e9 retrouv\u00e9s eux aussi hermatin, dans leur ambulance, \u00e0 quelques m\u00e8tres de l\u00e0, a pr\u00e9cis\u00e9 le PRCS dans un communiqu\u00e9. \u00ab\u00a0Hind et tous ceux qui se trouvaient dans la voiture ont \u00e9t\u00e9 tu\u00e9s\u00a0\u00bb, a d\u00e9clar\u00e9 \u00e0 l&rsquo;AFP son grand-p\u00e8re, Baha Hamada. \u00ab\u00a0Ils ont \u00e9t\u00e9 retrouv\u00e9s par des membres de (notre) famille qui sont all\u00e9s \u00e0 la recherche de la voiture et l&rsquo;ont trouv\u00e9e pr\u00e8s de la station essence\u00a0\u00bb, a-t-il expliqu\u00e9. \u00ab\u00a0Hind Rajab a \u00e9t\u00e9 tu\u00e9e par les forces d&rsquo;occupation avec tous ceux qui se trouvaient avec elle dans une voiture\u00a0\u00bb, ont confirm\u00e9 les autorit\u00e9s palestiniennes dans un communiqu\u00e9. Celles-ci ont appel\u00e9 dans un communiqu\u00e9 \u00ab\u00a0les institutions des droits de l&rsquo;Homme et les Nations unies \u00e0 une enqu\u00eate sur ce crime odieux\u00a0\u00bb. La famille de la fillette avait racont\u00e9 cette semaine que la fillette et d&rsquo;autres membres de sa famille cherchaient \u00e0 fuir lorsque leur voiture s&rsquo;est retrouv\u00e9e face \u00e0 des chars isra\u00e9liens, qui auraient ouvert le feu. Hind avait dans un premier temps surv\u00e9cu, et eu sa famille au t\u00e9l\u00e9phone, alors que tous les autres personnes pr\u00e9sentes dans la voiture \u00e9taient mortes. Le PRCS avait confirm\u00e9 qu&rsquo;une de ses standardistes avait eu Hind au t\u00e9l\u00e9phone, puis entendu un bruit de tirs. Dans un enregistrement qu&rsquo;il a diffus\u00e9, on entend la petite voix de la fillette supplier: \u00ab\u00a0Venez (&#8230;) me chercher\u00a0\u00bb, \u00ab\u00a0J&rsquo;ai tellement peur, s&rsquo;il vous pla\u00eet, venez\u00a0\u00bb.<\/p>\n\n\n\n<p>\u00ab\u00a0Pendant plus de trois heures, la petite fille a d\u00e9sesp\u00e9r\u00e9ment implor\u00e9 nos \u00e9quipes de venir la sauver des tanks (isra\u00e9liens) qui l&rsquo;entouraient, subissant les tirs et l&rsquo;horreur d&rsquo;\u00eatre seule, prisonni\u00e8re au milieu des corps de ses proches tu\u00e9s par les forces isra\u00e9liennes sous ses yeux\u00a0\u00bb, avait ajout\u00e9 le Croissant-Rouge. Hind avait \u00e9galement eu son grand-p\u00e8re au t\u00e9l\u00e9phone. \u00ab\u00a0Elle avait peur, elle \u00e9tait terrifi\u00e9e et elle \u00e9tait bless\u00e9e au dos, \u00e0 la main et au pied\u00a0\u00bb, avait racont\u00e9 ce dernier. Apr\u00e8s ces appels, personne n&rsquo;avait plus eu de nouvelles de la petite fille, tout comme des secouristes envoy\u00e9s pour la secourir. Dans un communiqu\u00e9 annon\u00e7ant la mort des deux secouristes, le PRCS a indiqu\u00e9 que \u00ab\u00a0les forces d&rsquo;occupation\u00a0\u00bb les a \u00ab\u00a0d\u00e9lib\u00e9r\u00e9ment vis\u00e9s\u00a0\u00bb et ce \u00ab\u00a0alors que leur ambulance avait \u00e9t\u00e9 autoris\u00e9e \u00e0 aller sur place pour secourir la petite Hind\u00a0\u00bb. Il a ensuite publi\u00e9 sur les r\u00e9seaux sociaux des photos de leur ambulance, ravag\u00e9e et calcin\u00e9e.<\/p>\n\n\n\n<p><strong>Samir Benisid<\/strong><\/p>\n","protected":false},"excerpt":{"rendered":"<p>Malgr\u00e9 la persistance des m\u00e9dias mainstream \u00e0 vouloir dissimuler l\u2019horreur des actes g\u00e9nocidaires des forces d\u2019occupation sionistes \u00e0 Ghaza, les<\/p>\n","protected":false},"author":3,"featured_media":49388,"comment_status":"open","ping_status":"closed","sticky":false,"template":"","format":"standard","meta":{"colormag_page_container_layout":"default_layout","colormag_page_sidebar_layout":"default_layout","om_disable_all_campaigns":false,"_monsterinsights_skip_tracking":false,"_monsterinsights_sitenote_active":false,"_monsterinsights_sitenote_note":"","_monsterinsights_sitenote_category":0,"footnotes":"","_wpscppro_dont_share_socialmedia":false,"_wpscppro_custom_social_share_image":0,"_facebook_share_type":"","_twitter_share_type":"","_linkedin_share_type":"","_pinterest_share_type":"","_linkedin_share_type_page":"","_instagram_share_type":"","_medium_share_type":"","_threads_share_type":"","_google_business_share_type":"","_selected_social_profile":[],"_wpsp_enable_custom_social_template":false,"_wpsp_social_scheduling":{"enabled":false,"datetime":null,"platforms":[],"status":"template_only","dateOption":"today","timeOption":"now","customDays":"","customHours":"","customDate":"","customTime":"","schedulingType":"absolute"},"_wpsp_active_default_template":true},"categories":[27],"tags":[],"class_list":["post-49387","post","type-post","status-publish","format-standard","has-post-thumbnail","hentry","category-actualite"],"aioseo_notices":[],"yoast_head":"<!-- This site is optimized with the Yoast SEO plugin v27.5 - https:\/\/yoast.com\/product\/yoast-seo-wordpress\/ -->\n<title>Hind Rajab, une fillette de 6 ans, assassin\u00e9e par l\u2019occupation - La Sentinelle<\/title>\n<meta name=\"robots\" content=\"index, follow, max-snippet:-1, max-image-preview:large, max-video-preview:-1\" \/>\n<link rel=\"canonical\" href=\"https:\/\/lasentinelle.dz\/index.php\/2024\/02\/10\/hind-rajab-une-fillette-de-6-ans-assassinee-par-loccupation\/\" \/>\n<meta property=\"og:locale\" content=\"fr_FR\" \/>\n<meta property=\"og:type\" content=\"article\" \/>\n<meta property=\"og:title\" content=\"Hind Rajab, une fillette de 6 ans, assassin\u00e9e par l\u2019occupation - La Sentinelle\" \/>\n<meta property=\"og:description\" content=\"Malgr\u00e9 la persistance des m\u00e9dias mainstream \u00e0 vouloir dissimuler l\u2019horreur des actes g\u00e9nocidaires des forces d\u2019occupation sionistes \u00e0 Ghaza, les\" \/>\n<meta property=\"og:url\" content=\"https:\/\/lasentinelle.dz\/index.php\/2024\/02\/10\/hind-rajab-une-fillette-de-6-ans-assassinee-par-loccupation\/\" \/>\n<meta property=\"og:site_name\" content=\"La Sentinelle\" \/>\n<meta property=\"article:publisher\" content=\"https:\/\/www.facebook.com\/La-Sentinelle-104059864394773\" \/>\n<meta property=\"article:published_time\" content=\"2024-02-10T21:27:09+00:00\" \/>\n<meta property=\"article:modified_time\" content=\"2024-02-10T21:27:12+00:00\" \/>\n<meta property=\"og:image\" content=\"https:\/\/lasentinelle.dz\/wp-content\/uploads\/2024\/02\/Hind-Rajab.webp\" \/>\n\t<meta property=\"og:image:width\" content=\"1200\" \/>\n\t<meta property=\"og:image:height\" content=\"738\" \/>\n\t<meta property=\"og:image:type\" content=\"image\/webp\" \/>\n<meta name=\"author\" content=\"La Sentinelle\" \/>\n<meta name=\"twitter:card\" content=\"summary_large_image\" \/>\n<meta name=\"twitter:label1\" content=\"\u00c9crit par\" \/>\n\t<meta name=\"twitter:data1\" content=\"La Sentinelle\" \/>\n\t<meta name=\"twitter:label2\" content=\"Dur\u00e9e de lecture estim\u00e9e\" \/>\n\t<meta name=\"twitter:data2\" content=\"4 minutes\" \/>\n<script type=\"application\/ld+json\" class=\"yoast-schema-graph\">{\"@context\":\"https:\\\/\\\/schema.org\",\"@graph\":[{\"@type\":\"Article\",\"@id\":\"https:\\\/\\\/lasentinelle.dz\\\/index.php\\\/2024\\\/02\\\/10\\\/hind-rajab-une-fillette-de-6-ans-assassinee-par-loccupation\\\/#article\",\"isPartOf\":{\"@id\":\"https:\\\/\\\/lasentinelle.dz\\\/index.php\\\/2024\\\/02\\\/10\\\/hind-rajab-une-fillette-de-6-ans-assassinee-par-loccupation\\\/\"},\"author\":{\"name\":\"La Sentinelle\",\"@id\":\"https:\\\/\\\/lasentinelle.dz\\\/#\\\/schema\\\/person\\\/d865044e22e70a75174ce8bcad3acfb3\"},\"headline\":\"Hind Rajab, une fillette de 6 ans, assassin\u00e9e par l\u2019occupation\",\"datePublished\":\"2024-02-10T21:27:09+00:00\",\"dateModified\":\"2024-02-10T21:27:12+00:00\",\"mainEntityOfPage\":{\"@id\":\"https:\\\/\\\/lasentinelle.dz\\\/index.php\\\/2024\\\/02\\\/10\\\/hind-rajab-une-fillette-de-6-ans-assassinee-par-loccupation\\\/\"},\"wordCount\":721,\"commentCount\":0,\"publisher\":{\"@id\":\"https:\\\/\\\/lasentinelle.dz\\\/#organization\"},\"image\":{\"@id\":\"https:\\\/\\\/lasentinelle.dz\\\/index.php\\\/2024\\\/02\\\/10\\\/hind-rajab-une-fillette-de-6-ans-assassinee-par-loccupation\\\/#primaryimage\"},\"thumbnailUrl\":\"https:\\\/\\\/lasentinelle.dz\\\/wp-content\\\/uploads\\\/2024\\\/02\\\/Hind-Rajab.webp\",\"articleSection\":[\"Actualit\u00e9\"],\"inLanguage\":\"fr-FR\",\"potentialAction\":[{\"@type\":\"CommentAction\",\"name\":\"Comment\",\"target\":[\"https:\\\/\\\/lasentinelle.dz\\\/index.php\\\/2024\\\/02\\\/10\\\/hind-rajab-une-fillette-de-6-ans-assassinee-par-loccupation\\\/#respond\"]}]},{\"@type\":\"WebPage\",\"@id\":\"https:\\\/\\\/lasentinelle.dz\\\/index.php\\\/2024\\\/02\\\/10\\\/hind-rajab-une-fillette-de-6-ans-assassinee-par-loccupation\\\/\",\"url\":\"https:\\\/\\\/lasentinelle.dz\\\/index.php\\\/2024\\\/02\\\/10\\\/hind-rajab-une-fillette-de-6-ans-assassinee-par-loccupation\\\/\",\"name\":\"Hind Rajab, une fillette de 6 ans, assassin\u00e9e par l\u2019occupation - La Sentinelle\",\"isPartOf\":{\"@id\":\"https:\\\/\\\/lasentinelle.dz\\\/#website\"},\"primaryImageOfPage\":{\"@id\":\"https:\\\/\\\/lasentinelle.dz\\\/index.php\\\/2024\\\/02\\\/10\\\/hind-rajab-une-fillette-de-6-ans-assassinee-par-loccupation\\\/#primaryimage\"},\"image\":{\"@id\":\"https:\\\/\\\/lasentinelle.dz\\\/index.php\\\/2024\\\/02\\\/10\\\/hind-rajab-une-fillette-de-6-ans-assassinee-par-loccupation\\\/#primaryimage\"},\"thumbnailUrl\":\"https:\\\/\\\/lasentinelle.dz\\\/wp-content\\\/uploads\\\/2024\\\/02\\\/Hind-Rajab.webp\",\"datePublished\":\"2024-02-10T21:27:09+00:00\",\"dateModified\":\"2024-02-10T21:27:12+00:00\",\"breadcrumb\":{\"@id\":\"https:\\\/\\\/lasentinelle.dz\\\/index.php\\\/2024\\\/02\\\/10\\\/hind-rajab-une-fillette-de-6-ans-assassinee-par-loccupation\\\/#breadcrumb\"},\"inLanguage\":\"fr-FR\",\"potentialAction\":[{\"@type\":\"ReadAction\",\"target\":[\"https:\\\/\\\/lasentinelle.dz\\\/index.php\\\/2024\\\/02\\\/10\\\/hind-rajab-une-fillette-de-6-ans-assassinee-par-loccupation\\\/\"]}]},{\"@type\":\"ImageObject\",\"inLanguage\":\"fr-FR\",\"@id\":\"https:\\\/\\\/lasentinelle.dz\\\/index.php\\\/2024\\\/02\\\/10\\\/hind-rajab-une-fillette-de-6-ans-assassinee-par-loccupation\\\/#primaryimage\",\"url\":\"https:\\\/\\\/lasentinelle.dz\\\/wp-content\\\/uploads\\\/2024\\\/02\\\/Hind-Rajab.webp\",\"contentUrl\":\"https:\\\/\\\/lasentinelle.dz\\\/wp-content\\\/uploads\\\/2024\\\/02\\\/Hind-Rajab.webp\",\"width\":1200,\"height\":738},{\"@type\":\"BreadcrumbList\",\"@id\":\"https:\\\/\\\/lasentinelle.dz\\\/index.php\\\/2024\\\/02\\\/10\\\/hind-rajab-une-fillette-de-6-ans-assassinee-par-loccupation\\\/#breadcrumb\",\"itemListElement\":[{\"@type\":\"ListItem\",\"position\":1,\"name\":\"Accueil\",\"item\":\"https:\\\/\\\/lasentinelle.dz\\\/\"},{\"@type\":\"ListItem\",\"position\":2,\"name\":\"Hind Rajab, une fillette de 6 ans, assassin\u00e9e par l\u2019occupation\"}]},{\"@type\":\"WebSite\",\"@id\":\"https:\\\/\\\/lasentinelle.dz\\\/#website\",\"url\":\"https:\\\/\\\/lasentinelle.dz\\\/\",\"name\":\"La Sentinelle\",\"description\":\"Quotidien national d&#039;information\",\"publisher\":{\"@id\":\"https:\\\/\\\/lasentinelle.dz\\\/#organization\"},\"potentialAction\":[{\"@type\":\"SearchAction\",\"target\":{\"@type\":\"EntryPoint\",\"urlTemplate\":\"https:\\\/\\\/lasentinelle.dz\\\/?s={search_term_string}\"},\"query-input\":{\"@type\":\"PropertyValueSpecification\",\"valueRequired\":true,\"valueName\":\"search_term_string\"}}],\"inLanguage\":\"fr-FR\"},{\"@type\":\"Organization\",\"@id\":\"https:\\\/\\\/lasentinelle.dz\\\/#organization\",\"name\":\"Quotidien La Sentinelle\",\"url\":\"https:\\\/\\\/lasentinelle.dz\\\/\",\"logo\":{\"@type\":\"ImageObject\",\"inLanguage\":\"fr-FR\",\"@id\":\"https:\\\/\\\/lasentinelle.dz\\\/#\\\/schema\\\/logo\\\/image\\\/\",\"url\":\"https:\\\/\\\/lasentinelle.dz\\\/wp-content\\\/uploads\\\/2021\\\/09\\\/logo-sentinelleSLOGAN-1.png\",\"contentUrl\":\"https:\\\/\\\/lasentinelle.dz\\\/wp-content\\\/uploads\\\/2021\\\/09\\\/logo-sentinelleSLOGAN-1.png\",\"width\":615,\"height\":142,\"caption\":\"Quotidien La Sentinelle\"},\"image\":{\"@id\":\"https:\\\/\\\/lasentinelle.dz\\\/#\\\/schema\\\/logo\\\/image\\\/\"},\"sameAs\":[\"https:\\\/\\\/www.facebook.com\\\/La-Sentinelle-104059864394773\"]},{\"@type\":\"Person\",\"@id\":\"https:\\\/\\\/lasentinelle.dz\\\/#\\\/schema\\\/person\\\/d865044e22e70a75174ce8bcad3acfb3\",\"name\":\"La Sentinelle\",\"image\":{\"@type\":\"ImageObject\",\"inLanguage\":\"fr-FR\",\"@id\":\"https:\\\/\\\/secure.gravatar.com\\\/avatar\\\/57de8e5d4b15d43fb361a71fbb36338450fe67865b528a43dd10ef7c51a20392?s=96&d=mm&r=g\",\"url\":\"https:\\\/\\\/secure.gravatar.com\\\/avatar\\\/57de8e5d4b15d43fb361a71fbb36338450fe67865b528a43dd10ef7c51a20392?s=96&d=mm&r=g\",\"contentUrl\":\"https:\\\/\\\/secure.gravatar.com\\\/avatar\\\/57de8e5d4b15d43fb361a71fbb36338450fe67865b528a43dd10ef7c51a20392?s=96&d=mm&r=g\",\"caption\":\"La Sentinelle\"},\"sameAs\":[\"http:\\\/\\\/www.lasentinelle.dz\"],\"url\":\"https:\\\/\\\/lasentinelle.dz\\\/author\\\/redaction\\\/\"}]}<\/script>\n<!-- \/ Yoast SEO plugin. -->","yoast_head_json":{"title":"Hind Rajab, une fillette de 6 ans, assassin\u00e9e par l\u2019occupation - La Sentinelle","robots":{"index":"index","follow":"follow","max-snippet":"max-snippet:-1","max-image-preview":"max-image-preview:large","max-video-preview":"max-video-preview:-1"},"canonical":"https:\/\/lasentinelle.dz\/index.php\/2024\/02\/10\/hind-rajab-une-fillette-de-6-ans-assassinee-par-loccupation\/","og_locale":"fr_FR","og_type":"article","og_title":"Hind Rajab, une fillette de 6 ans, assassin\u00e9e par l\u2019occupation - La Sentinelle","og_description":"Malgr\u00e9 la persistance des m\u00e9dias mainstream \u00e0 vouloir dissimuler l\u2019horreur des actes g\u00e9nocidaires des forces d\u2019occupation sionistes \u00e0 Ghaza, les","og_url":"https:\/\/lasentinelle.dz\/index.php\/2024\/02\/10\/hind-rajab-une-fillette-de-6-ans-assassinee-par-loccupation\/","og_site_name":"La Sentinelle","article_publisher":"https:\/\/www.facebook.com\/La-Sentinelle-104059864394773","article_published_time":"2024-02-10T21:27:09+00:00","article_modified_time":"2024-02-10T21:27:12+00:00","og_image":[{"width":1200,"height":738,"url":"https:\/\/lasentinelle.dz\/wp-content\/uploads\/2024\/02\/Hind-Rajab.webp","type":"image\/webp"}],"author":"La Sentinelle","twitter_card":"summary_large_image","twitter_misc":{"\u00c9crit par":"La Sentinelle","Dur\u00e9e de lecture estim\u00e9e":"4 minutes"},"schema":{"@context":"https:\/\/schema.org","@graph":[{"@type":"Article","@id":"https:\/\/lasentinelle.dz\/index.php\/2024\/02\/10\/hind-rajab-une-fillette-de-6-ans-assassinee-par-loccupation\/#article","isPartOf":{"@id":"https:\/\/lasentinelle.dz\/index.php\/2024\/02\/10\/hind-rajab-une-fillette-de-6-ans-assassinee-par-loccupation\/"},"author":{"name":"La Sentinelle","@id":"https:\/\/lasentinelle.dz\/#\/schema\/person\/d865044e22e70a75174ce8bcad3acfb3"},"headline":"Hind Rajab, une fillette de 6 ans, assassin\u00e9e par l\u2019occupation","datePublished":"2024-02-10T21:27:09+00:00","dateModified":"2024-02-10T21:27:12+00:00","mainEntityOfPage":{"@id":"https:\/\/lasentinelle.dz\/index.php\/2024\/02\/10\/hind-rajab-une-fillette-de-6-ans-assassinee-par-loccupation\/"},"wordCount":721,"commentCount":0,"publisher":{"@id":"https:\/\/lasentinelle.dz\/#organization"},"image":{"@id":"https:\/\/lasentinelle.dz\/index.php\/2024\/02\/10\/hind-rajab-une-fillette-de-6-ans-assassinee-par-loccupation\/#primaryimage"},"thumbnailUrl":"https:\/\/lasentinelle.dz\/wp-content\/uploads\/2024\/02\/Hind-Rajab.webp","articleSection":["Actualit\u00e9"],"inLanguage":"fr-FR","potentialAction":[{"@type":"CommentAction","name":"Comment","target":["https:\/\/lasentinelle.dz\/index.php\/2024\/02\/10\/hind-rajab-une-fillette-de-6-ans-assassinee-par-loccupation\/#respond"]}]},{"@type":"WebPage","@id":"https:\/\/lasentinelle.dz\/index.php\/2024\/02\/10\/hind-rajab-une-fillette-de-6-ans-assassinee-par-loccupation\/","url":"https:\/\/lasentinelle.dz\/index.php\/2024\/02\/10\/hind-rajab-une-fillette-de-6-ans-assassinee-par-loccupation\/","name":"Hind Rajab, une fillette de 6 ans, assassin\u00e9e par l\u2019occupation - La Sentinelle","isPartOf":{"@id":"https:\/\/lasentinelle.dz\/#website"},"primaryImageOfPage":{"@id":"https:\/\/lasentinelle.dz\/index.php\/2024\/02\/10\/hind-rajab-une-fillette-de-6-ans-assassinee-par-loccupation\/#primaryimage"},"image":{"@id":"https:\/\/lasentinelle.dz\/index.php\/2024\/02\/10\/hind-rajab-une-fillette-de-6-ans-assassinee-par-loccupation\/#primaryimage"},"thumbnailUrl":"https:\/\/lasentinelle.dz\/wp-content\/uploads\/2024\/02\/Hind-Rajab.webp","datePublished":"2024-02-10T21:27:09+00:00","dateModified":"2024-02-10T21:27:12+00:00","breadcrumb":{"@id":"https:\/\/lasentinelle.dz\/index.php\/2024\/02\/10\/hind-rajab-une-fillette-de-6-ans-assassinee-par-loccupation\/#breadcrumb"},"inLanguage":"fr-FR","potentialAction":[{"@type":"ReadAction","target":["https:\/\/lasentinelle.dz\/index.php\/2024\/02\/10\/hind-rajab-une-fillette-de-6-ans-assassinee-par-loccupation\/"]}]},{"@type":"ImageObject","inLanguage":"fr-FR","@id":"https:\/\/lasentinelle.dz\/index.php\/2024\/02\/10\/hind-rajab-une-fillette-de-6-ans-assassinee-par-loccupation\/#primaryimage","url":"https:\/\/lasentinelle.dz\/wp-content\/uploads\/2024\/02\/Hind-Rajab.webp","contentUrl":"https:\/\/lasentinelle.dz\/wp-content\/uploads\/2024\/02\/Hind-Rajab.webp","width":1200,"height":738},{"@type":"BreadcrumbList","@id":"https:\/\/lasentinelle.dz\/index.php\/2024\/02\/10\/hind-rajab-une-fillette-de-6-ans-assassinee-par-loccupation\/#breadcrumb","itemListElement":[{"@type":"ListItem","position":1,"name":"Accueil","item":"https:\/\/lasentinelle.dz\/"},{"@type":"ListItem","position":2,"name":"Hind Rajab, une fillette de 6 ans, assassin\u00e9e par l\u2019occupation"}]},{"@type":"WebSite","@id":"https:\/\/lasentinelle.dz\/#website","url":"https:\/\/lasentinelle.dz\/","name":"La Sentinelle","description":"Quotidien national d&#039;information","publisher":{"@id":"https:\/\/lasentinelle.dz\/#organization"},"potentialAction":[{"@type":"SearchAction","target":{"@type":"EntryPoint","urlTemplate":"https:\/\/lasentinelle.dz\/?s={search_term_string}"},"query-input":{"@type":"PropertyValueSpecification","valueRequired":true,"valueName":"search_term_string"}}],"inLanguage":"fr-FR"},{"@type":"Organization","@id":"https:\/\/lasentinelle.dz\/#organization","name":"Quotidien La Sentinelle","url":"https:\/\/lasentinelle.dz\/","logo":{"@type":"ImageObject","inLanguage":"fr-FR","@id":"https:\/\/lasentinelle.dz\/#\/schema\/logo\/image\/","url":"https:\/\/lasentinelle.dz\/wp-content\/uploads\/2021\/09\/logo-sentinelleSLOGAN-1.png","contentUrl":"https:\/\/lasentinelle.dz\/wp-content\/uploads\/2021\/09\/logo-sentinelleSLOGAN-1.png","width":615,"height":142,"caption":"Quotidien La Sentinelle"},"image":{"@id":"https:\/\/lasentinelle.dz\/#\/schema\/logo\/image\/"},"sameAs":["https:\/\/www.facebook.com\/La-Sentinelle-104059864394773"]},{"@type":"Person","@id":"https:\/\/lasentinelle.dz\/#\/schema\/person\/d865044e22e70a75174ce8bcad3acfb3","name":"La Sentinelle","image":{"@type":"ImageObject","inLanguage":"fr-FR","@id":"https:\/\/secure.gravatar.com\/avatar\/57de8e5d4b15d43fb361a71fbb36338450fe67865b528a43dd10ef7c51a20392?s=96&d=mm&r=g","url":"https:\/\/secure.gravatar.com\/avatar\/57de8e5d4b15d43fb361a71fbb36338450fe67865b528a43dd10ef7c51a20392?s=96&d=mm&r=g","contentUrl":"https:\/\/secure.gravatar.com\/avatar\/57de8e5d4b15d43fb361a71fbb36338450fe67865b528a43dd10ef7c51a20392?s=96&d=mm&r=g","caption":"La Sentinelle"},"sameAs":["http:\/\/www.lasentinelle.dz"],"url":"https:\/\/lasentinelle.dz\/author\/redaction\/"}]}},"_links":{"self":[{"href":"https:\/\/lasentinelle.dz\/index.php\/wp-json\/wp\/v2\/posts\/49387","targetHints":{"allow":["GET"]}}],"collection":[{"href":"https:\/\/lasentinelle.dz\/index.php\/wp-json\/wp\/v2\/posts"}],"about":[{"href":"https:\/\/lasentinelle.dz\/index.php\/wp-json\/wp\/v2\/types\/post"}],"author":[{"embeddable":true,"href":"https:\/\/lasentinelle.dz\/index.php\/wp-json\/wp\/v2\/users\/3"}],"replies":[{"embeddable":true,"href":"https:\/\/lasentinelle.dz\/index.php\/wp-json\/wp\/v2\/comments?post=49387"}],"version-history":[{"count":1,"href":"https:\/\/lasentinelle.dz\/index.php\/wp-json\/wp\/v2\/posts\/49387\/revisions"}],"predecessor-version":[{"id":49389,"href":"https:\/\/lasentinelle.dz\/index.php\/wp-json\/wp\/v2\/posts\/49387\/revisions\/49389"}],"wp:featuredmedia":[{"embeddable":true,"href":"https:\/\/lasentinelle.dz\/index.php\/wp-json\/wp\/v2\/media\/49388"}],"wp:attachment":[{"href":"https:\/\/lasentinelle.dz\/index.php\/wp-json\/wp\/v2\/media?parent=49387"}],"wp:term":[{"taxonomy":"category","embeddable":true,"href":"https:\/\/lasentinelle.dz\/index.php\/wp-json\/wp\/v2\/categories?post=49387"},{"taxonomy":"post_tag","embeddable":true,"href":"https:\/\/lasentinelle.dz\/index.php\/wp-json\/wp\/v2\/tags?post=49387"}],"curies":[{"name":"wp","href":"https:\/\/api.w.org\/{rel}","templated":true}]}}