{"id":49432,"date":"2024-02-12T10:43:00","date_gmt":"2024-02-12T09:43:00","guid":{"rendered":"https:\/\/lasentinelle.dz\/?p=49432"},"modified":"2024-02-12T11:44:52","modified_gmt":"2024-02-12T10:44:52","slug":"el-kaltoussa-ou-sont-passes-les-services-publics-mise-au-point","status":"publish","type":"post","link":"https:\/\/lasentinelle.dz\/index.php\/2024\/02\/12\/el-kaltoussa-ou-sont-passes-les-services-publics-mise-au-point\/","title":{"rendered":"El Kaltoussa : : o\u00f9 sont pass\u00e9s les services publics ? (Mise au point)"},"content":{"rendered":"\n<p>Faisant suite \u00e0 la parution de votre article intitul\u00e9 \u00ab\u00a0ANNABA : ELKALITOUSSA : o\u00f9 sont pass\u00e9s les services publics ?\u00a0\u00bb, publi\u00e9 \u00e0 la page 06 de votre quotidien, dat\u00e9 du lundi 06 F\u00e9vrier 2024, Alg\u00e9rie T\u00e9l\u00e9com tient \u00e0 vous apporter les \u00e9l\u00e9ments de r\u00e9ponse ci-apr\u00e8s, que nous vous prions de bien vouloir publier.<\/p>\n\n\n\n<p>&nbsp;Nous portons \u00e0 votre connaissance qu\u2019Alg\u00e9rie T\u00e9l\u00e9com Annaba travaille activement sur le d\u00e9ploiement du r\u00e9seau FTTH (Fiber to the Home) sur l&rsquo;ensemble du territoire de la wilaya et particuli\u00e8rement le p\u00f4le urbain ELKALITOUSSA, qui b\u00e9n\u00e9ficie d\u00e9j\u00e0 d&rsquo;une couverture compl\u00e8te en technologie 4G LTE, en plus du d\u00e9ploiement de 8032 acc\u00e8s FTTH.<\/p>\n\n\n\n<p>Aussi, Alg\u00e9rie T\u00e9l\u00e9com Annaba a pr\u00e9vu pour l\u2019ann\u00e9e 2024 le d\u00e9ploiement de 1232 acc\u00e8s, portant ainsi le total \u00e0 9264 acc\u00e8s au profit du p\u00f4le urbain ELKALITOUSSA.<\/p>\n\n\n\n<p>Alg\u00e9rie T\u00e9l\u00e9com r\u00e9affirme son engagement \u00e0 am\u00e9liorer l&rsquo;accessibilit\u00e9 et la qualit\u00e9 des services de t\u00e9l\u00e9communication dans l\u2019ensemble de la r\u00e9gion d\u2019Annaba.<\/p>\n","protected":false},"excerpt":{"rendered":"<p>Faisant suite \u00e0 la parution de votre article intitul\u00e9 \u00ab\u00a0ANNABA : ELKALITOUSSA : o\u00f9 sont pass\u00e9s les services publics ?\u00a0\u00bb,<\/p>\n","protected":false},"author":3,"featured_media":24040,"comment_status":"open","ping_status":"closed","sticky":false,"template":"","format":"standard","meta":{"colormag_page_container_layout":"default_layout","colormag_page_sidebar_layout":"default_layout","om_disable_all_campaigns":false,"_monsterinsights_skip_tracking":false,"_monsterinsights_sitenote_active":false,"_monsterinsights_sitenote_note":"","_monsterinsights_sitenote_category":0,"footnotes":"","_wpscppro_dont_share_socialmedia":false,"_wpscppro_custom_social_share_image":0,"_facebook_share_type":"","_twitter_share_type":"","_linkedin_share_type":"","_pinterest_share_type":"","_linkedin_share_type_page":"","_instagram_share_type":"","_medium_share_type":"","_threads_share_type":"","_google_business_share_type":"","_selected_social_profile":[],"_wpsp_enable_custom_social_template":false,"_wpsp_social_scheduling":{"enabled":false,"datetime":null,"platforms":[],"status":"template_only","dateOption":"today","timeOption":"now","customDays":"","customHours":"","customDate":"","customTime":"","schedulingType":"absolute"},"_wpsp_active_default_template":true},"categories":[31],"tags":[],"class_list":["post-49432","post","type-post","status-publish","format-standard","has-post-thumbnail","hentry","category-regions"],"aioseo_notices":[],"yoast_head":"<!-- This site is optimized with the Yoast SEO plugin v27.5 - https:\/\/yoast.com\/product\/yoast-seo-wordpress\/ -->\n<title>El Kaltoussa : : o\u00f9 sont pass\u00e9s les services publics ? (Mise au point) - La Sentinelle<\/title>\n<meta name=\"robots\" content=\"index, follow, max-snippet:-1, max-image-preview:large, max-video-preview:-1\" \/>\n<link rel=\"canonical\" href=\"https:\/\/lasentinelle.dz\/index.php\/2024\/02\/12\/el-kaltoussa-ou-sont-passes-les-services-publics-mise-au-point\/\" \/>\n<meta property=\"og:locale\" content=\"fr_FR\" \/>\n<meta property=\"og:type\" content=\"article\" \/>\n<meta property=\"og:title\" content=\"El Kaltoussa : : o\u00f9 sont pass\u00e9s les services publics ? (Mise au point) - La Sentinelle\" \/>\n<meta property=\"og:description\" content=\"Faisant suite \u00e0 la parution de votre article intitul\u00e9 \u00ab\u00a0ANNABA : ELKALITOUSSA : o\u00f9 sont pass\u00e9s les services publics ?\u00a0\u00bb,\" \/>\n<meta property=\"og:url\" content=\"https:\/\/lasentinelle.dz\/index.php\/2024\/02\/12\/el-kaltoussa-ou-sont-passes-les-services-publics-mise-au-point\/\" \/>\n<meta property=\"og:site_name\" content=\"La Sentinelle\" \/>\n<meta property=\"article:publisher\" content=\"https:\/\/www.facebook.com\/La-Sentinelle-104059864394773\" \/>\n<meta property=\"article:published_time\" content=\"2024-02-12T09:43:00+00:00\" \/>\n<meta property=\"article:modified_time\" content=\"2024-02-12T10:44:52+00:00\" \/>\n<meta property=\"og:image\" content=\"https:\/\/lasentinelle.dz\/wp-content\/uploads\/2022\/07\/Algerie-telecom.png\" \/>\n\t<meta property=\"og:image:width\" content=\"1548\" \/>\n\t<meta property=\"og:image:height\" content=\"900\" \/>\n\t<meta property=\"og:image:type\" content=\"image\/png\" \/>\n<meta name=\"author\" content=\"La Sentinelle\" \/>\n<meta name=\"twitter:card\" content=\"summary_large_image\" \/>\n<meta name=\"twitter:label1\" content=\"\u00c9crit par\" \/>\n\t<meta name=\"twitter:data1\" content=\"La Sentinelle\" \/>\n\t<meta name=\"twitter:label2\" content=\"Dur\u00e9e de lecture estim\u00e9e\" \/>\n\t<meta name=\"twitter:data2\" content=\"1 minute\" \/>\n<script type=\"application\/ld+json\" class=\"yoast-schema-graph\">{\"@context\":\"https:\\\/\\\/schema.org\",\"@graph\":[{\"@type\":\"Article\",\"@id\":\"https:\\\/\\\/lasentinelle.dz\\\/index.php\\\/2024\\\/02\\\/12\\\/el-kaltoussa-ou-sont-passes-les-services-publics-mise-au-point\\\/#article\",\"isPartOf\":{\"@id\":\"https:\\\/\\\/lasentinelle.dz\\\/index.php\\\/2024\\\/02\\\/12\\\/el-kaltoussa-ou-sont-passes-les-services-publics-mise-au-point\\\/\"},\"author\":{\"name\":\"La Sentinelle\",\"@id\":\"https:\\\/\\\/lasentinelle.dz\\\/#\\\/schema\\\/person\\\/d865044e22e70a75174ce8bcad3acfb3\"},\"headline\":\"El Kaltoussa : : o\u00f9 sont pass\u00e9s les services publics ? (Mise au point)\",\"datePublished\":\"2024-02-12T09:43:00+00:00\",\"dateModified\":\"2024-02-12T10:44:52+00:00\",\"mainEntityOfPage\":{\"@id\":\"https:\\\/\\\/lasentinelle.dz\\\/index.php\\\/2024\\\/02\\\/12\\\/el-kaltoussa-ou-sont-passes-les-services-publics-mise-au-point\\\/\"},\"wordCount\":194,\"commentCount\":0,\"publisher\":{\"@id\":\"https:\\\/\\\/lasentinelle.dz\\\/#organization\"},\"image\":{\"@id\":\"https:\\\/\\\/lasentinelle.dz\\\/index.php\\\/2024\\\/02\\\/12\\\/el-kaltoussa-ou-sont-passes-les-services-publics-mise-au-point\\\/#primaryimage\"},\"thumbnailUrl\":\"https:\\\/\\\/lasentinelle.dz\\\/wp-content\\\/uploads\\\/2022\\\/07\\\/Algerie-telecom.png\",\"articleSection\":[\"R\u00e9gions\"],\"inLanguage\":\"fr-FR\",\"potentialAction\":[{\"@type\":\"CommentAction\",\"name\":\"Comment\",\"target\":[\"https:\\\/\\\/lasentinelle.dz\\\/index.php\\\/2024\\\/02\\\/12\\\/el-kaltoussa-ou-sont-passes-les-services-publics-mise-au-point\\\/#respond\"]}]},{\"@type\":\"WebPage\",\"@id\":\"https:\\\/\\\/lasentinelle.dz\\\/index.php\\\/2024\\\/02\\\/12\\\/el-kaltoussa-ou-sont-passes-les-services-publics-mise-au-point\\\/\",\"url\":\"https:\\\/\\\/lasentinelle.dz\\\/index.php\\\/2024\\\/02\\\/12\\\/el-kaltoussa-ou-sont-passes-les-services-publics-mise-au-point\\\/\",\"name\":\"El Kaltoussa : : o\u00f9 sont pass\u00e9s les services publics ? (Mise au point) - La Sentinelle\",\"isPartOf\":{\"@id\":\"https:\\\/\\\/lasentinelle.dz\\\/#website\"},\"primaryImageOfPage\":{\"@id\":\"https:\\\/\\\/lasentinelle.dz\\\/index.php\\\/2024\\\/02\\\/12\\\/el-kaltoussa-ou-sont-passes-les-services-publics-mise-au-point\\\/#primaryimage\"},\"image\":{\"@id\":\"https:\\\/\\\/lasentinelle.dz\\\/index.php\\\/2024\\\/02\\\/12\\\/el-kaltoussa-ou-sont-passes-les-services-publics-mise-au-point\\\/#primaryimage\"},\"thumbnailUrl\":\"https:\\\/\\\/lasentinelle.dz\\\/wp-content\\\/uploads\\\/2022\\\/07\\\/Algerie-telecom.png\",\"datePublished\":\"2024-02-12T09:43:00+00:00\",\"dateModified\":\"2024-02-12T10:44:52+00:00\",\"breadcrumb\":{\"@id\":\"https:\\\/\\\/lasentinelle.dz\\\/index.php\\\/2024\\\/02\\\/12\\\/el-kaltoussa-ou-sont-passes-les-services-publics-mise-au-point\\\/#breadcrumb\"},\"inLanguage\":\"fr-FR\",\"potentialAction\":[{\"@type\":\"ReadAction\",\"target\":[\"https:\\\/\\\/lasentinelle.dz\\\/index.php\\\/2024\\\/02\\\/12\\\/el-kaltoussa-ou-sont-passes-les-services-publics-mise-au-point\\\/\"]}]},{\"@type\":\"ImageObject\",\"inLanguage\":\"fr-FR\",\"@id\":\"https:\\\/\\\/lasentinelle.dz\\\/index.php\\\/2024\\\/02\\\/12\\\/el-kaltoussa-ou-sont-passes-les-services-publics-mise-au-point\\\/#primaryimage\",\"url\":\"https:\\\/\\\/lasentinelle.dz\\\/wp-content\\\/uploads\\\/2022\\\/07\\\/Algerie-telecom.png\",\"contentUrl\":\"https:\\\/\\\/lasentinelle.dz\\\/wp-content\\\/uploads\\\/2022\\\/07\\\/Algerie-telecom.png\",\"width\":1548,\"height\":900},{\"@type\":\"BreadcrumbList\",\"@id\":\"https:\\\/\\\/lasentinelle.dz\\\/index.php\\\/2024\\\/02\\\/12\\\/el-kaltoussa-ou-sont-passes-les-services-publics-mise-au-point\\\/#breadcrumb\",\"itemListElement\":[{\"@type\":\"ListItem\",\"position\":1,\"name\":\"Accueil\",\"item\":\"https:\\\/\\\/lasentinelle.dz\\\/\"},{\"@type\":\"ListItem\",\"position\":2,\"name\":\"El Kaltoussa : : o\u00f9 sont pass\u00e9s les services publics ? (Mise au point)\"}]},{\"@type\":\"WebSite\",\"@id\":\"https:\\\/\\\/lasentinelle.dz\\\/#website\",\"url\":\"https:\\\/\\\/lasentinelle.dz\\\/\",\"name\":\"La Sentinelle\",\"description\":\"Quotidien national d&#039;information\",\"publisher\":{\"@id\":\"https:\\\/\\\/lasentinelle.dz\\\/#organization\"},\"potentialAction\":[{\"@type\":\"SearchAction\",\"target\":{\"@type\":\"EntryPoint\",\"urlTemplate\":\"https:\\\/\\\/lasentinelle.dz\\\/?s={search_term_string}\"},\"query-input\":{\"@type\":\"PropertyValueSpecification\",\"valueRequired\":true,\"valueName\":\"search_term_string\"}}],\"inLanguage\":\"fr-FR\"},{\"@type\":\"Organization\",\"@id\":\"https:\\\/\\\/lasentinelle.dz\\\/#organization\",\"name\":\"Quotidien La Sentinelle\",\"url\":\"https:\\\/\\\/lasentinelle.dz\\\/\",\"logo\":{\"@type\":\"ImageObject\",\"inLanguage\":\"fr-FR\",\"@id\":\"https:\\\/\\\/lasentinelle.dz\\\/#\\\/schema\\\/logo\\\/image\\\/\",\"url\":\"https:\\\/\\\/lasentinelle.dz\\\/wp-content\\\/uploads\\\/2021\\\/09\\\/logo-sentinelleSLOGAN-1.png\",\"contentUrl\":\"https:\\\/\\\/lasentinelle.dz\\\/wp-content\\\/uploads\\\/2021\\\/09\\\/logo-sentinelleSLOGAN-1.png\",\"width\":615,\"height\":142,\"caption\":\"Quotidien La Sentinelle\"},\"image\":{\"@id\":\"https:\\\/\\\/lasentinelle.dz\\\/#\\\/schema\\\/logo\\\/image\\\/\"},\"sameAs\":[\"https:\\\/\\\/www.facebook.com\\\/La-Sentinelle-104059864394773\"]},{\"@type\":\"Person\",\"@id\":\"https:\\\/\\\/lasentinelle.dz\\\/#\\\/schema\\\/person\\\/d865044e22e70a75174ce8bcad3acfb3\",\"name\":\"La Sentinelle\",\"image\":{\"@type\":\"ImageObject\",\"inLanguage\":\"fr-FR\",\"@id\":\"https:\\\/\\\/secure.gravatar.com\\\/avatar\\\/57de8e5d4b15d43fb361a71fbb36338450fe67865b528a43dd10ef7c51a20392?s=96&d=mm&r=g\",\"url\":\"https:\\\/\\\/secure.gravatar.com\\\/avatar\\\/57de8e5d4b15d43fb361a71fbb36338450fe67865b528a43dd10ef7c51a20392?s=96&d=mm&r=g\",\"contentUrl\":\"https:\\\/\\\/secure.gravatar.com\\\/avatar\\\/57de8e5d4b15d43fb361a71fbb36338450fe67865b528a43dd10ef7c51a20392?s=96&d=mm&r=g\",\"caption\":\"La Sentinelle\"},\"sameAs\":[\"http:\\\/\\\/www.lasentinelle.dz\"],\"url\":\"https:\\\/\\\/lasentinelle.dz\\\/author\\\/redaction\\\/\"}]}<\/script>\n<!-- \/ Yoast SEO plugin. -->","yoast_head_json":{"title":"El Kaltoussa : : o\u00f9 sont pass\u00e9s les services publics ? (Mise au point) - La Sentinelle","robots":{"index":"index","follow":"follow","max-snippet":"max-snippet:-1","max-image-preview":"max-image-preview:large","max-video-preview":"max-video-preview:-1"},"canonical":"https:\/\/lasentinelle.dz\/index.php\/2024\/02\/12\/el-kaltoussa-ou-sont-passes-les-services-publics-mise-au-point\/","og_locale":"fr_FR","og_type":"article","og_title":"El Kaltoussa : : o\u00f9 sont pass\u00e9s les services publics ? (Mise au point) - La Sentinelle","og_description":"Faisant suite \u00e0 la parution de votre article intitul\u00e9 \u00ab\u00a0ANNABA : ELKALITOUSSA : o\u00f9 sont pass\u00e9s les services publics ?\u00a0\u00bb,","og_url":"https:\/\/lasentinelle.dz\/index.php\/2024\/02\/12\/el-kaltoussa-ou-sont-passes-les-services-publics-mise-au-point\/","og_site_name":"La Sentinelle","article_publisher":"https:\/\/www.facebook.com\/La-Sentinelle-104059864394773","article_published_time":"2024-02-12T09:43:00+00:00","article_modified_time":"2024-02-12T10:44:52+00:00","og_image":[{"width":1548,"height":900,"url":"https:\/\/lasentinelle.dz\/wp-content\/uploads\/2022\/07\/Algerie-telecom.png","type":"image\/png"}],"author":"La Sentinelle","twitter_card":"summary_large_image","twitter_misc":{"\u00c9crit par":"La Sentinelle","Dur\u00e9e de lecture estim\u00e9e":"1 minute"},"schema":{"@context":"https:\/\/schema.org","@graph":[{"@type":"Article","@id":"https:\/\/lasentinelle.dz\/index.php\/2024\/02\/12\/el-kaltoussa-ou-sont-passes-les-services-publics-mise-au-point\/#article","isPartOf":{"@id":"https:\/\/lasentinelle.dz\/index.php\/2024\/02\/12\/el-kaltoussa-ou-sont-passes-les-services-publics-mise-au-point\/"},"author":{"name":"La Sentinelle","@id":"https:\/\/lasentinelle.dz\/#\/schema\/person\/d865044e22e70a75174ce8bcad3acfb3"},"headline":"El Kaltoussa : : o\u00f9 sont pass\u00e9s les services publics ? (Mise au point)","datePublished":"2024-02-12T09:43:00+00:00","dateModified":"2024-02-12T10:44:52+00:00","mainEntityOfPage":{"@id":"https:\/\/lasentinelle.dz\/index.php\/2024\/02\/12\/el-kaltoussa-ou-sont-passes-les-services-publics-mise-au-point\/"},"wordCount":194,"commentCount":0,"publisher":{"@id":"https:\/\/lasentinelle.dz\/#organization"},"image":{"@id":"https:\/\/lasentinelle.dz\/index.php\/2024\/02\/12\/el-kaltoussa-ou-sont-passes-les-services-publics-mise-au-point\/#primaryimage"},"thumbnailUrl":"https:\/\/lasentinelle.dz\/wp-content\/uploads\/2022\/07\/Algerie-telecom.png","articleSection":["R\u00e9gions"],"inLanguage":"fr-FR","potentialAction":[{"@type":"CommentAction","name":"Comment","target":["https:\/\/lasentinelle.dz\/index.php\/2024\/02\/12\/el-kaltoussa-ou-sont-passes-les-services-publics-mise-au-point\/#respond"]}]},{"@type":"WebPage","@id":"https:\/\/lasentinelle.dz\/index.php\/2024\/02\/12\/el-kaltoussa-ou-sont-passes-les-services-publics-mise-au-point\/","url":"https:\/\/lasentinelle.dz\/index.php\/2024\/02\/12\/el-kaltoussa-ou-sont-passes-les-services-publics-mise-au-point\/","name":"El Kaltoussa : : o\u00f9 sont pass\u00e9s les services publics ? (Mise au point) - La Sentinelle","isPartOf":{"@id":"https:\/\/lasentinelle.dz\/#website"},"primaryImageOfPage":{"@id":"https:\/\/lasentinelle.dz\/index.php\/2024\/02\/12\/el-kaltoussa-ou-sont-passes-les-services-publics-mise-au-point\/#primaryimage"},"image":{"@id":"https:\/\/lasentinelle.dz\/index.php\/2024\/02\/12\/el-kaltoussa-ou-sont-passes-les-services-publics-mise-au-point\/#primaryimage"},"thumbnailUrl":"https:\/\/lasentinelle.dz\/wp-content\/uploads\/2022\/07\/Algerie-telecom.png","datePublished":"2024-02-12T09:43:00+00:00","dateModified":"2024-02-12T10:44:52+00:00","breadcrumb":{"@id":"https:\/\/lasentinelle.dz\/index.php\/2024\/02\/12\/el-kaltoussa-ou-sont-passes-les-services-publics-mise-au-point\/#breadcrumb"},"inLanguage":"fr-FR","potentialAction":[{"@type":"ReadAction","target":["https:\/\/lasentinelle.dz\/index.php\/2024\/02\/12\/el-kaltoussa-ou-sont-passes-les-services-publics-mise-au-point\/"]}]},{"@type":"ImageObject","inLanguage":"fr-FR","@id":"https:\/\/lasentinelle.dz\/index.php\/2024\/02\/12\/el-kaltoussa-ou-sont-passes-les-services-publics-mise-au-point\/#primaryimage","url":"https:\/\/lasentinelle.dz\/wp-content\/uploads\/2022\/07\/Algerie-telecom.png","contentUrl":"https:\/\/lasentinelle.dz\/wp-content\/uploads\/2022\/07\/Algerie-telecom.png","width":1548,"height":900},{"@type":"BreadcrumbList","@id":"https:\/\/lasentinelle.dz\/index.php\/2024\/02\/12\/el-kaltoussa-ou-sont-passes-les-services-publics-mise-au-point\/#breadcrumb","itemListElement":[{"@type":"ListItem","position":1,"name":"Accueil","item":"https:\/\/lasentinelle.dz\/"},{"@type":"ListItem","position":2,"name":"El Kaltoussa : : o\u00f9 sont pass\u00e9s les services publics ? (Mise au point)"}]},{"@type":"WebSite","@id":"https:\/\/lasentinelle.dz\/#website","url":"https:\/\/lasentinelle.dz\/","name":"La Sentinelle","description":"Quotidien national d&#039;information","publisher":{"@id":"https:\/\/lasentinelle.dz\/#organization"},"potentialAction":[{"@type":"SearchAction","target":{"@type":"EntryPoint","urlTemplate":"https:\/\/lasentinelle.dz\/?s={search_term_string}"},"query-input":{"@type":"PropertyValueSpecification","valueRequired":true,"valueName":"search_term_string"}}],"inLanguage":"fr-FR"},{"@type":"Organization","@id":"https:\/\/lasentinelle.dz\/#organization","name":"Quotidien La Sentinelle","url":"https:\/\/lasentinelle.dz\/","logo":{"@type":"ImageObject","inLanguage":"fr-FR","@id":"https:\/\/lasentinelle.dz\/#\/schema\/logo\/image\/","url":"https:\/\/lasentinelle.dz\/wp-content\/uploads\/2021\/09\/logo-sentinelleSLOGAN-1.png","contentUrl":"https:\/\/lasentinelle.dz\/wp-content\/uploads\/2021\/09\/logo-sentinelleSLOGAN-1.png","width":615,"height":142,"caption":"Quotidien La Sentinelle"},"image":{"@id":"https:\/\/lasentinelle.dz\/#\/schema\/logo\/image\/"},"sameAs":["https:\/\/www.facebook.com\/La-Sentinelle-104059864394773"]},{"@type":"Person","@id":"https:\/\/lasentinelle.dz\/#\/schema\/person\/d865044e22e70a75174ce8bcad3acfb3","name":"La Sentinelle","image":{"@type":"ImageObject","inLanguage":"fr-FR","@id":"https:\/\/secure.gravatar.com\/avatar\/57de8e5d4b15d43fb361a71fbb36338450fe67865b528a43dd10ef7c51a20392?s=96&d=mm&r=g","url":"https:\/\/secure.gravatar.com\/avatar\/57de8e5d4b15d43fb361a71fbb36338450fe67865b528a43dd10ef7c51a20392?s=96&d=mm&r=g","contentUrl":"https:\/\/secure.gravatar.com\/avatar\/57de8e5d4b15d43fb361a71fbb36338450fe67865b528a43dd10ef7c51a20392?s=96&d=mm&r=g","caption":"La Sentinelle"},"sameAs":["http:\/\/www.lasentinelle.dz"],"url":"https:\/\/lasentinelle.dz\/author\/redaction\/"}]}},"_links":{"self":[{"href":"https:\/\/lasentinelle.dz\/index.php\/wp-json\/wp\/v2\/posts\/49432","targetHints":{"allow":["GET"]}}],"collection":[{"href":"https:\/\/lasentinelle.dz\/index.php\/wp-json\/wp\/v2\/posts"}],"about":[{"href":"https:\/\/lasentinelle.dz\/index.php\/wp-json\/wp\/v2\/types\/post"}],"author":[{"embeddable":true,"href":"https:\/\/lasentinelle.dz\/index.php\/wp-json\/wp\/v2\/users\/3"}],"replies":[{"embeddable":true,"href":"https:\/\/lasentinelle.dz\/index.php\/wp-json\/wp\/v2\/comments?post=49432"}],"version-history":[{"count":1,"href":"https:\/\/lasentinelle.dz\/index.php\/wp-json\/wp\/v2\/posts\/49432\/revisions"}],"predecessor-version":[{"id":49433,"href":"https:\/\/lasentinelle.dz\/index.php\/wp-json\/wp\/v2\/posts\/49432\/revisions\/49433"}],"wp:featuredmedia":[{"embeddable":true,"href":"https:\/\/lasentinelle.dz\/index.php\/wp-json\/wp\/v2\/media\/24040"}],"wp:attachment":[{"href":"https:\/\/lasentinelle.dz\/index.php\/wp-json\/wp\/v2\/media?parent=49432"}],"wp:term":[{"taxonomy":"category","embeddable":true,"href":"https:\/\/lasentinelle.dz\/index.php\/wp-json\/wp\/v2\/categories?post=49432"},{"taxonomy":"post_tag","embeddable":true,"href":"https:\/\/lasentinelle.dz\/index.php\/wp-json\/wp\/v2\/tags?post=49432"}],"curies":[{"name":"wp","href":"https:\/\/api.w.org\/{rel}","templated":true}]}}