{"id":49457,"date":"2024-02-13T15:47:29","date_gmt":"2024-02-13T14:47:29","guid":{"rendered":"https:\/\/lasentinelle.dz\/?p=49457"},"modified":"2024-02-13T15:47:31","modified_gmt":"2024-02-13T14:47:31","slug":"plusieurs-dossiers-sur-la-table-du-gouvernement-2","status":"publish","type":"post","link":"https:\/\/lasentinelle.dz\/index.php\/2024\/02\/13\/plusieurs-dossiers-sur-la-table-du-gouvernement-2\/","title":{"rendered":"Plusieurs dossiers sur la table du Gouvernement"},"content":{"rendered":"\n<p>Le Gouvernement a examin\u00e9e, lors de sa r\u00e9union hebdomadaire tenue hier sous la pr\u00e9sidence du Premier ministre Nadir Larbaoui plusieurs dossiers et communications li\u00e9s aux secteurs de l\u2019\u00c9ducation nationale et des Affaires religieuses et des Wakfs, ainsi qu\u2019au suivi \u00ab&nbsp;de l\u2019\u00e9tat de mise en \u0153uvre des dispositions de la loi relative \u00e0 l\u2019exercice du droit syndical et \u00e0 l\u2019examen des approches les plus efficientes permettant de r\u00e9soudre la probl\u00e9matique d\u2019absorbation par le march\u00e9 du travail du flux des dipl\u00f4m\u00e9s universitaires hautement qualifi\u00e9s, dans l&rsquo;avenir&nbsp;\u00bb, a indiqu\u00e9 un communiqu\u00e9 de la Primature qui a sanctionn\u00e9 la r\u00e9union. selon la m\u00eame source, \u00ab&nbsp;dans le cadre de la mise en \u0153uvre des directives de Monsieur le Pr\u00e9sident de la R\u00e9publique relatives au parach\u00e8vement de la promulgation des textes r\u00e9glementaires relatifs \u00e0 l&rsquo;investissement, le Gouvernent a examin\u00e9 un avant projet de texte r\u00e9glementaire fixant les conditions de cession des actions ou des parts sociales du capital social des soci\u00e9t\u00e9s de droit alg\u00e9rien exer\u00e7ant dans l\u2019un des secteurs strat\u00e9giques, et ce, conform\u00e9ment aux dispositions de l\u2019article 52 de la loi de finances compl\u00e9mentaire de 2020.<\/p>\n\n\n\n<p>Rappelons que l\u2019article 52 de la LFC 2020 stipule que toute cession de parts par des parties \u00e9trang\u00e8res \u00e0 d\u2019autres parties \u00e9trang\u00e8res, du capital social d\u2019une entit\u00e9 de droit alg\u00e9rien exer\u00e7ant dans l\u2019une des activit\u00e9s strat\u00e9giques ainsi, est soumise \u00e0 autorisation du Gouvernement. \u00ab&nbsp;Toute cession d\u2019actifs d\u2019une partie \u00e9trang\u00e8re non r\u00e9sidente vers une partie nationale r\u00e9sidente, est assimil\u00e9e \u00e0 une importation de bien ou de service et ob\u00e9it de ce fait aux dispositions r\u00e9gissant le contr\u00f4le de change en mati\u00e8re de transfert des produits des op\u00e9rations de la cession\u00bb. Notons que l\u2019article 51 de la LFC 2020 d\u00e9finit comme strat\u00e9gique les activit\u00e9s li\u00e9es \u00e0 l\u2019exploitation du domaine minier national, ainsi que toute ressource souterraine ou superficielle, l\u2019amont du secteur de l\u2019\u00e9nergie et de toute autre activit\u00e9 r\u00e9gie par la loi sur les hydrocarbures, ainsi que l\u2019exploitation du r\u00e9seau de distribution et d\u2019acheminement de l\u2019\u00e9nergie \u00e9lectrique par c\u00e2bles et d\u2019hydrocarbures gazeux ou liquides par conduites a\u00e9riennes ou souterraines\u2009; Il s\u2019agit aussi des industries initi\u00e9es ou en relation avec les industries militaires relevant du minist\u00e8re de la D\u00e9fense nationale\u2009; les voies de chemin de fer, les ports et les a\u00e9roports\u2009; les industries pharmaceutiques, \u00e0 l\u2019exception des investissements li\u00e9s \u00e0 la fabrication de produits essentiels innovants, \u00e0 forte valeur ajout\u00e9e, exigeant une technologie complexe et prot\u00e9g\u00e9e, destin\u00e9s au march\u00e9 local et \u00e0 l\u2019exportation.<\/p>\n\n\n\n<p>Notons que le Gouvernement a \u00e9galement entendu hier des communications sur les mesures prises pour assurer la poursuite de la mise en \u0153uvre de la politique nationale dans le domaine de l&rsquo;industrie pharmaceutique et la disponibilit\u00e9 des m\u00e9dicaments au niveau des \u00e9tablissements publics de sant\u00e9.<\/p>\n\n\n\n<p><strong>Chokri Hafed<\/strong><\/p>\n","protected":false},"excerpt":{"rendered":"<p>Le Gouvernement a examin\u00e9e, lors de sa r\u00e9union hebdomadaire tenue hier sous la pr\u00e9sidence du Premier ministre Nadir Larbaoui plusieurs<\/p>\n","protected":false},"author":3,"featured_media":48448,"comment_status":"open","ping_status":"closed","sticky":false,"template":"","format":"standard","meta":{"colormag_page_container_layout":"default_layout","colormag_page_sidebar_layout":"default_layout","om_disable_all_campaigns":false,"_monsterinsights_skip_tracking":false,"_monsterinsights_sitenote_active":false,"_monsterinsights_sitenote_note":"","_monsterinsights_sitenote_category":0,"footnotes":"","_wpscppro_dont_share_socialmedia":false,"_wpscppro_custom_social_share_image":0,"_facebook_share_type":"","_twitter_share_type":"","_linkedin_share_type":"","_pinterest_share_type":"","_linkedin_share_type_page":"","_instagram_share_type":"","_medium_share_type":"","_threads_share_type":"","_google_business_share_type":"","_selected_social_profile":[],"_wpsp_enable_custom_social_template":false,"_wpsp_social_scheduling":{"enabled":false,"datetime":null,"platforms":[],"status":"template_only","dateOption":"today","timeOption":"now","customDays":"","customHours":"","customDate":"","customTime":"","schedulingType":"absolute"},"_wpsp_active_default_template":true},"categories":[27],"tags":[],"class_list":["post-49457","post","type-post","status-publish","format-standard","has-post-thumbnail","hentry","category-actualite"],"aioseo_notices":[],"yoast_head":"<!-- This site is optimized with the Yoast SEO plugin v27.5 - https:\/\/yoast.com\/product\/yoast-seo-wordpress\/ -->\n<title>Plusieurs dossiers sur la table du Gouvernement - La Sentinelle<\/title>\n<meta name=\"robots\" content=\"index, follow, max-snippet:-1, max-image-preview:large, max-video-preview:-1\" \/>\n<link rel=\"canonical\" href=\"https:\/\/lasentinelle.dz\/index.php\/2024\/02\/13\/plusieurs-dossiers-sur-la-table-du-gouvernement-2\/\" \/>\n<meta property=\"og:locale\" content=\"fr_FR\" \/>\n<meta property=\"og:type\" content=\"article\" \/>\n<meta property=\"og:title\" content=\"Plusieurs dossiers sur la table du Gouvernement - La Sentinelle\" \/>\n<meta property=\"og:description\" content=\"Le Gouvernement a examin\u00e9e, lors de sa r\u00e9union hebdomadaire tenue hier sous la pr\u00e9sidence du Premier ministre Nadir Larbaoui plusieurs\" \/>\n<meta property=\"og:url\" content=\"https:\/\/lasentinelle.dz\/index.php\/2024\/02\/13\/plusieurs-dossiers-sur-la-table-du-gouvernement-2\/\" \/>\n<meta property=\"og:site_name\" content=\"La Sentinelle\" \/>\n<meta property=\"article:publisher\" content=\"https:\/\/www.facebook.com\/La-Sentinelle-104059864394773\" \/>\n<meta property=\"article:published_time\" content=\"2024-02-13T14:47:29+00:00\" \/>\n<meta property=\"article:modified_time\" content=\"2024-02-13T14:47:31+00:00\" \/>\n<meta property=\"og:image\" content=\"https:\/\/lasentinelle.dz\/wp-content\/uploads\/2024\/01\/palais-du-Gouvernement.jpeg\" \/>\n\t<meta property=\"og:image:width\" content=\"580\" \/>\n\t<meta property=\"og:image:height\" content=\"350\" \/>\n\t<meta property=\"og:image:type\" content=\"image\/jpeg\" \/>\n<meta name=\"author\" content=\"La Sentinelle\" \/>\n<meta name=\"twitter:card\" content=\"summary_large_image\" \/>\n<meta name=\"twitter:label1\" content=\"\u00c9crit par\" \/>\n\t<meta name=\"twitter:data1\" content=\"La Sentinelle\" \/>\n\t<meta name=\"twitter:label2\" content=\"Dur\u00e9e de lecture estim\u00e9e\" \/>\n\t<meta name=\"twitter:data2\" content=\"3 minutes\" \/>\n<script type=\"application\/ld+json\" class=\"yoast-schema-graph\">{\"@context\":\"https:\\\/\\\/schema.org\",\"@graph\":[{\"@type\":\"Article\",\"@id\":\"https:\\\/\\\/lasentinelle.dz\\\/index.php\\\/2024\\\/02\\\/13\\\/plusieurs-dossiers-sur-la-table-du-gouvernement-2\\\/#article\",\"isPartOf\":{\"@id\":\"https:\\\/\\\/lasentinelle.dz\\\/index.php\\\/2024\\\/02\\\/13\\\/plusieurs-dossiers-sur-la-table-du-gouvernement-2\\\/\"},\"author\":{\"name\":\"La Sentinelle\",\"@id\":\"https:\\\/\\\/lasentinelle.dz\\\/#\\\/schema\\\/person\\\/d865044e22e70a75174ce8bcad3acfb3\"},\"headline\":\"Plusieurs dossiers sur la table du Gouvernement\",\"datePublished\":\"2024-02-13T14:47:29+00:00\",\"dateModified\":\"2024-02-13T14:47:31+00:00\",\"mainEntityOfPage\":{\"@id\":\"https:\\\/\\\/lasentinelle.dz\\\/index.php\\\/2024\\\/02\\\/13\\\/plusieurs-dossiers-sur-la-table-du-gouvernement-2\\\/\"},\"wordCount\":525,\"commentCount\":0,\"publisher\":{\"@id\":\"https:\\\/\\\/lasentinelle.dz\\\/#organization\"},\"image\":{\"@id\":\"https:\\\/\\\/lasentinelle.dz\\\/index.php\\\/2024\\\/02\\\/13\\\/plusieurs-dossiers-sur-la-table-du-gouvernement-2\\\/#primaryimage\"},\"thumbnailUrl\":\"https:\\\/\\\/lasentinelle.dz\\\/wp-content\\\/uploads\\\/2024\\\/01\\\/palais-du-Gouvernement.jpeg\",\"articleSection\":[\"Actualit\u00e9\"],\"inLanguage\":\"fr-FR\",\"potentialAction\":[{\"@type\":\"CommentAction\",\"name\":\"Comment\",\"target\":[\"https:\\\/\\\/lasentinelle.dz\\\/index.php\\\/2024\\\/02\\\/13\\\/plusieurs-dossiers-sur-la-table-du-gouvernement-2\\\/#respond\"]}]},{\"@type\":\"WebPage\",\"@id\":\"https:\\\/\\\/lasentinelle.dz\\\/index.php\\\/2024\\\/02\\\/13\\\/plusieurs-dossiers-sur-la-table-du-gouvernement-2\\\/\",\"url\":\"https:\\\/\\\/lasentinelle.dz\\\/index.php\\\/2024\\\/02\\\/13\\\/plusieurs-dossiers-sur-la-table-du-gouvernement-2\\\/\",\"name\":\"Plusieurs dossiers sur la table du Gouvernement - La Sentinelle\",\"isPartOf\":{\"@id\":\"https:\\\/\\\/lasentinelle.dz\\\/#website\"},\"primaryImageOfPage\":{\"@id\":\"https:\\\/\\\/lasentinelle.dz\\\/index.php\\\/2024\\\/02\\\/13\\\/plusieurs-dossiers-sur-la-table-du-gouvernement-2\\\/#primaryimage\"},\"image\":{\"@id\":\"https:\\\/\\\/lasentinelle.dz\\\/index.php\\\/2024\\\/02\\\/13\\\/plusieurs-dossiers-sur-la-table-du-gouvernement-2\\\/#primaryimage\"},\"thumbnailUrl\":\"https:\\\/\\\/lasentinelle.dz\\\/wp-content\\\/uploads\\\/2024\\\/01\\\/palais-du-Gouvernement.jpeg\",\"datePublished\":\"2024-02-13T14:47:29+00:00\",\"dateModified\":\"2024-02-13T14:47:31+00:00\",\"breadcrumb\":{\"@id\":\"https:\\\/\\\/lasentinelle.dz\\\/index.php\\\/2024\\\/02\\\/13\\\/plusieurs-dossiers-sur-la-table-du-gouvernement-2\\\/#breadcrumb\"},\"inLanguage\":\"fr-FR\",\"potentialAction\":[{\"@type\":\"ReadAction\",\"target\":[\"https:\\\/\\\/lasentinelle.dz\\\/index.php\\\/2024\\\/02\\\/13\\\/plusieurs-dossiers-sur-la-table-du-gouvernement-2\\\/\"]}]},{\"@type\":\"ImageObject\",\"inLanguage\":\"fr-FR\",\"@id\":\"https:\\\/\\\/lasentinelle.dz\\\/index.php\\\/2024\\\/02\\\/13\\\/plusieurs-dossiers-sur-la-table-du-gouvernement-2\\\/#primaryimage\",\"url\":\"https:\\\/\\\/lasentinelle.dz\\\/wp-content\\\/uploads\\\/2024\\\/01\\\/palais-du-Gouvernement.jpeg\",\"contentUrl\":\"https:\\\/\\\/lasentinelle.dz\\\/wp-content\\\/uploads\\\/2024\\\/01\\\/palais-du-Gouvernement.jpeg\",\"width\":580,\"height\":350},{\"@type\":\"BreadcrumbList\",\"@id\":\"https:\\\/\\\/lasentinelle.dz\\\/index.php\\\/2024\\\/02\\\/13\\\/plusieurs-dossiers-sur-la-table-du-gouvernement-2\\\/#breadcrumb\",\"itemListElement\":[{\"@type\":\"ListItem\",\"position\":1,\"name\":\"Accueil\",\"item\":\"https:\\\/\\\/lasentinelle.dz\\\/\"},{\"@type\":\"ListItem\",\"position\":2,\"name\":\"Plusieurs dossiers sur la table du Gouvernement\"}]},{\"@type\":\"WebSite\",\"@id\":\"https:\\\/\\\/lasentinelle.dz\\\/#website\",\"url\":\"https:\\\/\\\/lasentinelle.dz\\\/\",\"name\":\"La Sentinelle\",\"description\":\"Quotidien national d&#039;information\",\"publisher\":{\"@id\":\"https:\\\/\\\/lasentinelle.dz\\\/#organization\"},\"potentialAction\":[{\"@type\":\"SearchAction\",\"target\":{\"@type\":\"EntryPoint\",\"urlTemplate\":\"https:\\\/\\\/lasentinelle.dz\\\/?s={search_term_string}\"},\"query-input\":{\"@type\":\"PropertyValueSpecification\",\"valueRequired\":true,\"valueName\":\"search_term_string\"}}],\"inLanguage\":\"fr-FR\"},{\"@type\":\"Organization\",\"@id\":\"https:\\\/\\\/lasentinelle.dz\\\/#organization\",\"name\":\"Quotidien La Sentinelle\",\"url\":\"https:\\\/\\\/lasentinelle.dz\\\/\",\"logo\":{\"@type\":\"ImageObject\",\"inLanguage\":\"fr-FR\",\"@id\":\"https:\\\/\\\/lasentinelle.dz\\\/#\\\/schema\\\/logo\\\/image\\\/\",\"url\":\"https:\\\/\\\/lasentinelle.dz\\\/wp-content\\\/uploads\\\/2021\\\/09\\\/logo-sentinelleSLOGAN-1.png\",\"contentUrl\":\"https:\\\/\\\/lasentinelle.dz\\\/wp-content\\\/uploads\\\/2021\\\/09\\\/logo-sentinelleSLOGAN-1.png\",\"width\":615,\"height\":142,\"caption\":\"Quotidien La Sentinelle\"},\"image\":{\"@id\":\"https:\\\/\\\/lasentinelle.dz\\\/#\\\/schema\\\/logo\\\/image\\\/\"},\"sameAs\":[\"https:\\\/\\\/www.facebook.com\\\/La-Sentinelle-104059864394773\"]},{\"@type\":\"Person\",\"@id\":\"https:\\\/\\\/lasentinelle.dz\\\/#\\\/schema\\\/person\\\/d865044e22e70a75174ce8bcad3acfb3\",\"name\":\"La Sentinelle\",\"image\":{\"@type\":\"ImageObject\",\"inLanguage\":\"fr-FR\",\"@id\":\"https:\\\/\\\/secure.gravatar.com\\\/avatar\\\/57de8e5d4b15d43fb361a71fbb36338450fe67865b528a43dd10ef7c51a20392?s=96&d=mm&r=g\",\"url\":\"https:\\\/\\\/secure.gravatar.com\\\/avatar\\\/57de8e5d4b15d43fb361a71fbb36338450fe67865b528a43dd10ef7c51a20392?s=96&d=mm&r=g\",\"contentUrl\":\"https:\\\/\\\/secure.gravatar.com\\\/avatar\\\/57de8e5d4b15d43fb361a71fbb36338450fe67865b528a43dd10ef7c51a20392?s=96&d=mm&r=g\",\"caption\":\"La Sentinelle\"},\"sameAs\":[\"http:\\\/\\\/www.lasentinelle.dz\"],\"url\":\"https:\\\/\\\/lasentinelle.dz\\\/author\\\/redaction\\\/\"}]}<\/script>\n<!-- \/ Yoast SEO plugin. -->","yoast_head_json":{"title":"Plusieurs dossiers sur la table du Gouvernement - La Sentinelle","robots":{"index":"index","follow":"follow","max-snippet":"max-snippet:-1","max-image-preview":"max-image-preview:large","max-video-preview":"max-video-preview:-1"},"canonical":"https:\/\/lasentinelle.dz\/index.php\/2024\/02\/13\/plusieurs-dossiers-sur-la-table-du-gouvernement-2\/","og_locale":"fr_FR","og_type":"article","og_title":"Plusieurs dossiers sur la table du Gouvernement - La Sentinelle","og_description":"Le Gouvernement a examin\u00e9e, lors de sa r\u00e9union hebdomadaire tenue hier sous la pr\u00e9sidence du Premier ministre Nadir Larbaoui plusieurs","og_url":"https:\/\/lasentinelle.dz\/index.php\/2024\/02\/13\/plusieurs-dossiers-sur-la-table-du-gouvernement-2\/","og_site_name":"La Sentinelle","article_publisher":"https:\/\/www.facebook.com\/La-Sentinelle-104059864394773","article_published_time":"2024-02-13T14:47:29+00:00","article_modified_time":"2024-02-13T14:47:31+00:00","og_image":[{"width":580,"height":350,"url":"https:\/\/lasentinelle.dz\/wp-content\/uploads\/2024\/01\/palais-du-Gouvernement.jpeg","type":"image\/jpeg"}],"author":"La Sentinelle","twitter_card":"summary_large_image","twitter_misc":{"\u00c9crit par":"La Sentinelle","Dur\u00e9e de lecture estim\u00e9e":"3 minutes"},"schema":{"@context":"https:\/\/schema.org","@graph":[{"@type":"Article","@id":"https:\/\/lasentinelle.dz\/index.php\/2024\/02\/13\/plusieurs-dossiers-sur-la-table-du-gouvernement-2\/#article","isPartOf":{"@id":"https:\/\/lasentinelle.dz\/index.php\/2024\/02\/13\/plusieurs-dossiers-sur-la-table-du-gouvernement-2\/"},"author":{"name":"La Sentinelle","@id":"https:\/\/lasentinelle.dz\/#\/schema\/person\/d865044e22e70a75174ce8bcad3acfb3"},"headline":"Plusieurs dossiers sur la table du Gouvernement","datePublished":"2024-02-13T14:47:29+00:00","dateModified":"2024-02-13T14:47:31+00:00","mainEntityOfPage":{"@id":"https:\/\/lasentinelle.dz\/index.php\/2024\/02\/13\/plusieurs-dossiers-sur-la-table-du-gouvernement-2\/"},"wordCount":525,"commentCount":0,"publisher":{"@id":"https:\/\/lasentinelle.dz\/#organization"},"image":{"@id":"https:\/\/lasentinelle.dz\/index.php\/2024\/02\/13\/plusieurs-dossiers-sur-la-table-du-gouvernement-2\/#primaryimage"},"thumbnailUrl":"https:\/\/lasentinelle.dz\/wp-content\/uploads\/2024\/01\/palais-du-Gouvernement.jpeg","articleSection":["Actualit\u00e9"],"inLanguage":"fr-FR","potentialAction":[{"@type":"CommentAction","name":"Comment","target":["https:\/\/lasentinelle.dz\/index.php\/2024\/02\/13\/plusieurs-dossiers-sur-la-table-du-gouvernement-2\/#respond"]}]},{"@type":"WebPage","@id":"https:\/\/lasentinelle.dz\/index.php\/2024\/02\/13\/plusieurs-dossiers-sur-la-table-du-gouvernement-2\/","url":"https:\/\/lasentinelle.dz\/index.php\/2024\/02\/13\/plusieurs-dossiers-sur-la-table-du-gouvernement-2\/","name":"Plusieurs dossiers sur la table du Gouvernement - La Sentinelle","isPartOf":{"@id":"https:\/\/lasentinelle.dz\/#website"},"primaryImageOfPage":{"@id":"https:\/\/lasentinelle.dz\/index.php\/2024\/02\/13\/plusieurs-dossiers-sur-la-table-du-gouvernement-2\/#primaryimage"},"image":{"@id":"https:\/\/lasentinelle.dz\/index.php\/2024\/02\/13\/plusieurs-dossiers-sur-la-table-du-gouvernement-2\/#primaryimage"},"thumbnailUrl":"https:\/\/lasentinelle.dz\/wp-content\/uploads\/2024\/01\/palais-du-Gouvernement.jpeg","datePublished":"2024-02-13T14:47:29+00:00","dateModified":"2024-02-13T14:47:31+00:00","breadcrumb":{"@id":"https:\/\/lasentinelle.dz\/index.php\/2024\/02\/13\/plusieurs-dossiers-sur-la-table-du-gouvernement-2\/#breadcrumb"},"inLanguage":"fr-FR","potentialAction":[{"@type":"ReadAction","target":["https:\/\/lasentinelle.dz\/index.php\/2024\/02\/13\/plusieurs-dossiers-sur-la-table-du-gouvernement-2\/"]}]},{"@type":"ImageObject","inLanguage":"fr-FR","@id":"https:\/\/lasentinelle.dz\/index.php\/2024\/02\/13\/plusieurs-dossiers-sur-la-table-du-gouvernement-2\/#primaryimage","url":"https:\/\/lasentinelle.dz\/wp-content\/uploads\/2024\/01\/palais-du-Gouvernement.jpeg","contentUrl":"https:\/\/lasentinelle.dz\/wp-content\/uploads\/2024\/01\/palais-du-Gouvernement.jpeg","width":580,"height":350},{"@type":"BreadcrumbList","@id":"https:\/\/lasentinelle.dz\/index.php\/2024\/02\/13\/plusieurs-dossiers-sur-la-table-du-gouvernement-2\/#breadcrumb","itemListElement":[{"@type":"ListItem","position":1,"name":"Accueil","item":"https:\/\/lasentinelle.dz\/"},{"@type":"ListItem","position":2,"name":"Plusieurs dossiers sur la table du Gouvernement"}]},{"@type":"WebSite","@id":"https:\/\/lasentinelle.dz\/#website","url":"https:\/\/lasentinelle.dz\/","name":"La Sentinelle","description":"Quotidien national d&#039;information","publisher":{"@id":"https:\/\/lasentinelle.dz\/#organization"},"potentialAction":[{"@type":"SearchAction","target":{"@type":"EntryPoint","urlTemplate":"https:\/\/lasentinelle.dz\/?s={search_term_string}"},"query-input":{"@type":"PropertyValueSpecification","valueRequired":true,"valueName":"search_term_string"}}],"inLanguage":"fr-FR"},{"@type":"Organization","@id":"https:\/\/lasentinelle.dz\/#organization","name":"Quotidien La Sentinelle","url":"https:\/\/lasentinelle.dz\/","logo":{"@type":"ImageObject","inLanguage":"fr-FR","@id":"https:\/\/lasentinelle.dz\/#\/schema\/logo\/image\/","url":"https:\/\/lasentinelle.dz\/wp-content\/uploads\/2021\/09\/logo-sentinelleSLOGAN-1.png","contentUrl":"https:\/\/lasentinelle.dz\/wp-content\/uploads\/2021\/09\/logo-sentinelleSLOGAN-1.png","width":615,"height":142,"caption":"Quotidien La Sentinelle"},"image":{"@id":"https:\/\/lasentinelle.dz\/#\/schema\/logo\/image\/"},"sameAs":["https:\/\/www.facebook.com\/La-Sentinelle-104059864394773"]},{"@type":"Person","@id":"https:\/\/lasentinelle.dz\/#\/schema\/person\/d865044e22e70a75174ce8bcad3acfb3","name":"La Sentinelle","image":{"@type":"ImageObject","inLanguage":"fr-FR","@id":"https:\/\/secure.gravatar.com\/avatar\/57de8e5d4b15d43fb361a71fbb36338450fe67865b528a43dd10ef7c51a20392?s=96&d=mm&r=g","url":"https:\/\/secure.gravatar.com\/avatar\/57de8e5d4b15d43fb361a71fbb36338450fe67865b528a43dd10ef7c51a20392?s=96&d=mm&r=g","contentUrl":"https:\/\/secure.gravatar.com\/avatar\/57de8e5d4b15d43fb361a71fbb36338450fe67865b528a43dd10ef7c51a20392?s=96&d=mm&r=g","caption":"La Sentinelle"},"sameAs":["http:\/\/www.lasentinelle.dz"],"url":"https:\/\/lasentinelle.dz\/author\/redaction\/"}]}},"_links":{"self":[{"href":"https:\/\/lasentinelle.dz\/index.php\/wp-json\/wp\/v2\/posts\/49457","targetHints":{"allow":["GET"]}}],"collection":[{"href":"https:\/\/lasentinelle.dz\/index.php\/wp-json\/wp\/v2\/posts"}],"about":[{"href":"https:\/\/lasentinelle.dz\/index.php\/wp-json\/wp\/v2\/types\/post"}],"author":[{"embeddable":true,"href":"https:\/\/lasentinelle.dz\/index.php\/wp-json\/wp\/v2\/users\/3"}],"replies":[{"embeddable":true,"href":"https:\/\/lasentinelle.dz\/index.php\/wp-json\/wp\/v2\/comments?post=49457"}],"version-history":[{"count":1,"href":"https:\/\/lasentinelle.dz\/index.php\/wp-json\/wp\/v2\/posts\/49457\/revisions"}],"predecessor-version":[{"id":49458,"href":"https:\/\/lasentinelle.dz\/index.php\/wp-json\/wp\/v2\/posts\/49457\/revisions\/49458"}],"wp:featuredmedia":[{"embeddable":true,"href":"https:\/\/lasentinelle.dz\/index.php\/wp-json\/wp\/v2\/media\/48448"}],"wp:attachment":[{"href":"https:\/\/lasentinelle.dz\/index.php\/wp-json\/wp\/v2\/media?parent=49457"}],"wp:term":[{"taxonomy":"category","embeddable":true,"href":"https:\/\/lasentinelle.dz\/index.php\/wp-json\/wp\/v2\/categories?post=49457"},{"taxonomy":"post_tag","embeddable":true,"href":"https:\/\/lasentinelle.dz\/index.php\/wp-json\/wp\/v2\/tags?post=49457"}],"curies":[{"name":"wp","href":"https:\/\/api.w.org\/{rel}","templated":true}]}}