{"id":49459,"date":"2024-02-13T15:48:14","date_gmt":"2024-02-13T14:48:14","guid":{"rendered":"https:\/\/lasentinelle.dz\/?p=49459"},"modified":"2024-02-13T15:48:16","modified_gmt":"2024-02-13T14:48:16","slug":"il-y-a-64-ans-gerboise-bleue-un-crime-colonial-imprescriptible","status":"publish","type":"post","link":"https:\/\/lasentinelle.dz\/index.php\/2024\/02\/13\/il-y-a-64-ans-gerboise-bleue-un-crime-colonial-imprescriptible\/","title":{"rendered":"Il y a 64 ans, \u00ab\u00a0Gerboise bleue\u00a0\u00bb\u00a0: Un crime colonial imprescriptible"},"content":{"rendered":"\n<p>Le 13 f\u00e9vrier 1960, la France coloniale a perp\u00e9tr\u00e9 \u00e0 Reggane la premi\u00e8re des 57 explosions nucl\u00e9aires qu\u2019elle d\u00e9clenchera dans le Sud alg\u00e9rien. Un crime colonial qui a des cons\u00e9quences encore aujourd\u2019hui sur l\u2019environnement et la sant\u00e9 des populations de la r\u00e9gion. Un crime que la France officielle refuse toujours de reconna\u00eetre, de m\u00eame qu\u2019elle refuse d\u2019indemniser les victimes alg\u00e9riennes ou de transmettre les cartes et les emplacements des d\u00e9chets de ces op\u00e9rations qu\u2019elle a enfouis dans le sud alg\u00e9rien. Une situation qui p\u00e8se d\u2019ailleurs dans le traitement du dossier de la m\u00e9moire et plus largement sur les relations alg\u00e9ro-fran\u00e7aises.<\/p>\n\n\n\n<p>Les explosions nucl\u00e9aires men\u00e9es par la France dans le Sud alg\u00e9rien p\u00e8sent aujourd&rsquo;hui encore sur les relations entre l\u2019Alg\u00e9rie et la France. Cette derni\u00e8re a men\u00e9 17 essais nucl\u00e9aires atmosph\u00e9riques et souterrains \u00e0 Reggane et In Ikker entre 1960 et 1966, dans le sud alg\u00e9rien, sur les sites de Reggane et d\u2019In Ekker, un total de 17 essais nucl\u00e9aires.&nbsp; Elle a d\u00e9but\u00e9 le 13 f\u00e9vrier 1960 avec l\u2019op\u00e9ration Gerboise bleue, au cours de laquelle une bombe de 70 kilotonnes a \u00e9t\u00e9 test\u00e9e, soit bien au-del\u00e0 de l\u2019explosion qui a d\u00e9truit hiroshima au Japon. Parmi les 13 essais nucl\u00e9aires souterrains effectu\u00e9s \u00e0 In-Ekker, deux incidents importants ont provoqu\u00e9 un tr\u00e8s grand rejet de lave en dehors de la montagne, qui reste localement fortement contamin\u00e9e. En plus des essais nucl\u00e9aires, une quarantaine d\u2019explosions ont \u00e9galement \u00e9t\u00e9 r\u00e9alis\u00e9es \u00e0 Reggane (Adrar) et \u00e0 Tan Ataram (Tamanrasset), utilisant de faibles quantit\u00e9s de plutonium, mais ne provoquant pas de d\u00e9gagement d\u2019\u00e9nergie nucl\u00e9aire. La France a \u00e9galement op\u00e9r\u00e9 40 explosions dans le Sud. \u00e0 ce jour les effets sur l\u2019environnement sont perceptibles.<\/p>\n\n\n\n<p>Les habitants de ces r\u00e9gions souffrent toujours des s\u00e9quelles de ces explosions, avec le recensement chaque ann\u00e9e de plusieurs cas de cancer, de malformations cong\u00e9nitales, de handicap, de st\u00e9rilit\u00e9 et de troubles psychologiques chroniques, qui s&rsquo;ajoutent aux importants d\u00e9g\u00e2ts qui constituent une v\u00e9ritable menace pour l&rsquo;int\u00e9grit\u00e9 \u00e9cologique et territoriale. &nbsp;Jusqu&rsquo;\u00e0 ce jour, les autorit\u00e9s alg\u00e9riennes n&rsquo;ont re\u00e7u aucune carte ou plan des lieux d&rsquo;enfouissement des \u00e9quipements utilis\u00e9s lors de ces explosions, malgr\u00e9 les nombreux appels et initiatives lanc\u00e9s par plusieurs associations pour la prise en charge des victimes, la d\u00e9contamination des sites des d\u00e9chets radioactifs et la restitution des archives m\u00e9dicales et techniques.<\/p>\n\n\n\n<p>Plus de six d\u00e9cennies apr\u00e8s, ce dossier \u00e9pineux se heurte toujours aux frustrations du pass\u00e9 colonial qui emp\u00eachent un traitement responsable et objectif du dossier de la M\u00e9moire, lequel hypoth\u00e8que l&rsquo;avenir des relations bilat\u00e9rales alg\u00e9ro-fran\u00e7aises et repousse toute d\u00e9marche visant \u00e0 \u00e9largir les domaines de coop\u00e9ration sur une base solide fond\u00e9e sur la confiance.Toute tentative de traiter les s\u00e9quelles du g\u00e9nocide commis, le 13 f\u00e9vrier 1960, par la France coloniale s&rsquo;accompagne de nouvelles complications qui sont en apparence d&rsquo;ordre juridique mais qui privent les victimes alg\u00e9riennes de leur droit d&rsquo;indemnisation, et dissimule, au plus profond, une volont\u00e9 politique fluctuante d\u00e9nu\u00e9e du courage de reconna\u00eetre, de sinc\u00e9rit\u00e9 et de bonnes intentions. Bien que le dossier des explosions nucl\u00e9aires ait \u00e9t\u00e9 pos\u00e9 sur la table du dialogue lors de la 9e session des consultations politiques alg\u00e9ro-fran\u00e7aises, tenue en janvier 2023 \u00e0 Alger, cette question figure, selon de pr\u00e9c\u00e9dentes d\u00e9clarations \u00e0 la presse du ministre des Affaires \u00e9trang\u00e8res et de la Communaut\u00e9 nationale \u00e0 l&rsquo;\u00e9tranger, M. Ahmed Attaf, parmi cinq dossiers qui hypoth\u00e8quent les efforts de d\u00e9veloppement des relations bilat\u00e9rales.<\/p>\n\n\n\n<p>Outre le fait de revendiquer \u00ab\u00a0le r\u00e8glement des questions relatives \u00e0 la M\u00e9moire, \u00e0 la mobilit\u00e9 des personnes, \u00e0 la coop\u00e9ration \u00e9conomique et \u00e0 la restitution des biens symboliques de l&rsquo;\u00e9mir Abdelkader\u00a0\u00bb, l&rsquo;Alg\u00e9rie r\u00e9clame aussi \u00ab\u00a0la reconnaissance des dommages caus\u00e9s par les explosions nucl\u00e9aires et l&rsquo;indemnisation des victimes\u00a0\u00bb, avait rappel\u00e9 M. Attaf. A cet \u00e9gard, le pr\u00e9sident de la R\u00e9publique, M. Abdelmadjid Tebboune avait affirm\u00e9 dans une pr\u00e9c\u00e9dente d\u00e9claration \u00e0 la presse, que les Alg\u00e9riens \u00ab\u00a0attendent une reconnaissance totale de tous les crimes commis par la France coloniale\u00a0\u00bb, insistant sur l&rsquo;imp\u00e9ratif pour la France de \u00ab\u00a0nettoyer les sites des essais nucl\u00e9aires et de prendre en charge les victimes de ces explosions\u00a0\u00bb.<\/p>\n\n\n\n<p>Lors des consultations politiques entre les deux pays, la partie fran\u00e7aise s&rsquo;est engag\u00e9e \u00e0 \u00ab\u00a0acc\u00e9l\u00e9rer le processus de restitution des archives et \u00e0 traiter la question des sites des essais nucl\u00e9aires devant \u00eatre r\u00e9habilit\u00e9s et aborder ainsi l&rsquo;avenir avec s\u00e9r\u00e9nit\u00e9 et respect mutuel\u00a0\u00bb.Cette question a \u00e9t\u00e9 examin\u00e9e parmi plusieurs autres points contenus dans \u00ab\u00a0la D\u00e9claration d&rsquo;Alger\u00a0\u00bb, cosign\u00e9e par le pr\u00e9sident de la R\u00e9publique, M. Abdelmadjid Tebboune et son homologue fran\u00e7ais, Emmanuel Macron en ao\u00fbt 2022, laquelle stipule la cr\u00e9ation d&rsquo;une commission mixte d&rsquo;historiens alg\u00e9riens et fran\u00e7ais charg\u00e9e de traiter toutes les questions y compris celles relatives aux essais nucl\u00e9aires, les deux parties ayant convenu de proc\u00e9der \u00e0 \u00ab\u00a0une lecture objective d\u2019un pan de leur histoire commune\u00a0\u00bb.<\/p>\n\n\n\n<p>Cependant, tout sur le terrain apporte un d\u00e9menti cinglant aux bonnes intentions pour traiter la question des essais nucl\u00e9aires. Selon le charg\u00e9 d\u2019\u00e9tudes \u00e0 l\u2019Observatoire des armements (France), Tony Fortin, une seule victime alg\u00e9rienne r\u00e9sidant en Alg\u00e9rie avait \u00e9t\u00e9 indemnis\u00e9e par les autorit\u00e9s fran\u00e7aises. Le tribunal administratif de Strasbourg (France), avait rejet\u00e9, il y a trois mois, pour motif de prescription, les demandes d&rsquo;indemnisation des familles de victimes d\u00e9c\u00e9d\u00e9es des essais nucl\u00e9aires fran\u00e7ais men\u00e9s dans le Sahara alg\u00e9rien et en Polyn\u00e9sie, entre 1960 et 1998. L&rsquo;avocate des familles, C\u00e9cile Labrunie avait soulign\u00e9 que \u00ab\u00a0le tribunaln&rsquo;a pas d\u00e9douan\u00e9 l&rsquo;Etat fran\u00e7ais mais a simplement estim\u00e9 que la proc\u00e9dure avait \u00e9t\u00e9 enclench\u00e9e tardivement\u00a0\u00bb, ajoutant que \u00ab\u00a0le minist\u00e8re des Arm\u00e9es ne pourra plus continuer \u00e0 fuir ses responsabilit\u00e9s, en invoquant l&rsquo;irrecevabilit\u00e9 des demandes\u00a0\u00bb.<\/p>\n\n\n\n<p>Promulgu\u00e9e en janvier 2010, la loi fran\u00e7aise dite \u00ab\u00a0loi Morin\u00a0\u00bb relative \u00e0 la reconnaissance et \u00e0 l&rsquo;indemnisation des victimes directes des essais nucl\u00e9aires, ne pr\u00e9voit aucune disposition pour leurs proches en termes de pr\u00e9judices moral, familial ou mat\u00e9riel. Pis encore, elle comporte plusieurs vides juridiques en faveur de la partie fran\u00e7aise.<\/p>\n\n\n\n<p>Dans une d\u00e9claration pr\u00e9c\u00e9dente \u00e0 l&rsquo;APS, l&rsquo;expert fran\u00e7ais Tony Fortin avait affirm\u00e9 que l&rsquo;application de la \u00ab\u00a0loi Morin pose un r\u00e9el probl\u00e8me\u00a0\u00bb, 14ans apr\u00e8s sa promulgation, estimant que la situation est \u00ab\u00a0complexe\u00a0\u00bb en ce qui concerne les indemnisations qui restent \u00ab\u00a0tr\u00e8s limit\u00e9es par rapport au nombre effectif de victimes\u00a0\u00bb.<\/p>\n\n\n\n<p>Il a fait \u00e9tat, en outre, d&rsquo;une \u00e9tude r\u00e9alis\u00e9e par l&rsquo;Observatoire des armements sur les d\u00e9chets des explosions nucl\u00e9aires fran\u00e7aises en Alg\u00e9rie, dont les recommandations ont \u00e9t\u00e9 incluses dans le rapport de l&rsquo;historien Benjamin Stora (janvier 2021), d\u00e9plorant le fait que \u00ab\u00a0jusqu&rsquo;\u00e0 pr\u00e9sent, rien ne semble avoir chang\u00e9 \u00e0 ce niveau\u00a0\u00bb.<\/p>\n\n\n\n<p>Dans le cadre de l&rsquo;acc\u00e9l\u00e9ration des mesures prises par l&rsquo;Etat alg\u00e9rien pour parer aux risques des d\u00e9chets des explosions nucl\u00e9aires, l&rsquo;Agence nationale de r\u00e9habilitation des anciens sites d&rsquo;essais et d&rsquo;explosions nucl\u00e9aires a \u00e9t\u00e9 cr\u00e9\u00e9e en 2021, car la radioactivit\u00e9 reste \u00e9lev\u00e9e dans ces r\u00e9gions en raison des d\u00e9chets radioactifs.A l&rsquo;\u00e9poque, les forces d&rsquo;occupation fran\u00e7aises avaient pr\u00e9tendu que ces \u00ab\u00a0essais\u00a0\u00bb avaient \u00e9t\u00e9 effectu\u00e9s dans des zones inhabit\u00e9es et d\u00e9sertiques \u00e0Reggane (Adrar) et \u00e0 In Ecker (Tamanrasset), alors qu&rsquo;elles comptaient pr\u00e8s de 20.000 citoyens civils. Dans une lettre adress\u00e9e en ao\u00fbt dernier \u00e0 l&rsquo;occasion de la journ\u00e9e mondiale contre les essais nucl\u00e9aires, des organisations non gouvernementales internationales ont appel\u00e9 les autorit\u00e9s fran\u00e7aises \u00e0 lever le secret-d\u00e9fense sur les archives des essais nucl\u00e9aires pour permettre aux organisations internationales charg\u00e9es de la surveillance et du contr\u00f4le de les consulter sans invoquer le secret-d\u00e9fense et la s\u00e9curit\u00e9 nationale, \u00e0 d\u00e9voiler et \u00e0 d\u00e9polluer les sites d&rsquo;enfouissement des d\u00e9chets, \u00e0 faciliter le d\u00e9p\u00f4t des demandes d&rsquo;indemnisation des victimes alg\u00e9riennes, et \u00e0 signer ou \u00e0 ratifier le trait\u00e9 sur l&rsquo;interdiction des armes nucl\u00e9aires\u00a0\u00bb.<\/p>\n\n\n\n<p>Hocine Fadheli<\/p>\n","protected":false},"excerpt":{"rendered":"<p>Le 13 f\u00e9vrier 1960, la France coloniale a perp\u00e9tr\u00e9 \u00e0 Reggane la premi\u00e8re des 57 explosions nucl\u00e9aires qu\u2019elle d\u00e9clenchera dans<\/p>\n","protected":false},"author":3,"featured_media":49460,"comment_status":"open","ping_status":"closed","sticky":false,"template":"","format":"standard","meta":{"colormag_page_container_layout":"default_layout","colormag_page_sidebar_layout":"default_layout","om_disable_all_campaigns":false,"_monsterinsights_skip_tracking":false,"_monsterinsights_sitenote_active":false,"_monsterinsights_sitenote_note":"","_monsterinsights_sitenote_category":0,"footnotes":"","_wpscppro_dont_share_socialmedia":false,"_wpscppro_custom_social_share_image":0,"_facebook_share_type":"","_twitter_share_type":"","_linkedin_share_type":"","_pinterest_share_type":"","_linkedin_share_type_page":"","_instagram_share_type":"","_medium_share_type":"","_threads_share_type":"","_google_business_share_type":"","_selected_social_profile":[],"_wpsp_enable_custom_social_template":false,"_wpsp_social_scheduling":{"enabled":false,"datetime":null,"platforms":[],"status":"template_only","dateOption":"today","timeOption":"now","customDays":"","customHours":"","customDate":"","customTime":"","schedulingType":"absolute"},"_wpsp_active_default_template":true},"categories":[52,27],"tags":[],"class_list":["post-49459","post","type-post","status-publish","format-standard","has-post-thumbnail","hentry","category-a-la-une","category-actualite"],"aioseo_notices":[],"yoast_head":"<!-- This site is optimized with the Yoast SEO plugin v27.5 - https:\/\/yoast.com\/product\/yoast-seo-wordpress\/ -->\n<title>Il y a 64 ans, \u00ab\u00a0Gerboise bleue\u00a0\u00bb\u00a0: Un crime colonial imprescriptible - La Sentinelle<\/title>\n<meta name=\"robots\" content=\"index, follow, max-snippet:-1, max-image-preview:large, max-video-preview:-1\" \/>\n<link rel=\"canonical\" href=\"https:\/\/lasentinelle.dz\/index.php\/2024\/02\/13\/il-y-a-64-ans-gerboise-bleue-un-crime-colonial-imprescriptible\/\" \/>\n<meta property=\"og:locale\" content=\"fr_FR\" \/>\n<meta property=\"og:type\" content=\"article\" \/>\n<meta property=\"og:title\" content=\"Il y a 64 ans, \u00ab\u00a0Gerboise bleue\u00a0\u00bb\u00a0: Un crime colonial imprescriptible - La Sentinelle\" \/>\n<meta property=\"og:description\" content=\"Le 13 f\u00e9vrier 1960, la France coloniale a perp\u00e9tr\u00e9 \u00e0 Reggane la premi\u00e8re des 57 explosions nucl\u00e9aires qu\u2019elle d\u00e9clenchera dans\" \/>\n<meta property=\"og:url\" content=\"https:\/\/lasentinelle.dz\/index.php\/2024\/02\/13\/il-y-a-64-ans-gerboise-bleue-un-crime-colonial-imprescriptible\/\" \/>\n<meta property=\"og:site_name\" content=\"La Sentinelle\" \/>\n<meta property=\"article:publisher\" content=\"https:\/\/www.facebook.com\/La-Sentinelle-104059864394773\" \/>\n<meta property=\"article:published_time\" content=\"2024-02-13T14:48:14+00:00\" \/>\n<meta property=\"article:modified_time\" content=\"2024-02-13T14:48:16+00:00\" \/>\n<meta property=\"og:image\" content=\"https:\/\/lasentinelle.dz\/wp-content\/uploads\/2024\/02\/gerboise.webp\" \/>\n\t<meta property=\"og:image:width\" content=\"512\" \/>\n\t<meta property=\"og:image:height\" content=\"341\" \/>\n\t<meta property=\"og:image:type\" content=\"image\/webp\" \/>\n<meta name=\"author\" content=\"La Sentinelle\" \/>\n<meta name=\"twitter:card\" content=\"summary_large_image\" \/>\n<meta name=\"twitter:label1\" content=\"\u00c9crit par\" \/>\n\t<meta name=\"twitter:data1\" content=\"La Sentinelle\" \/>\n\t<meta name=\"twitter:label2\" content=\"Dur\u00e9e de lecture estim\u00e9e\" \/>\n\t<meta name=\"twitter:data2\" content=\"7 minutes\" \/>\n<script type=\"application\/ld+json\" class=\"yoast-schema-graph\">{\"@context\":\"https:\\\/\\\/schema.org\",\"@graph\":[{\"@type\":\"Article\",\"@id\":\"https:\\\/\\\/lasentinelle.dz\\\/index.php\\\/2024\\\/02\\\/13\\\/il-y-a-64-ans-gerboise-bleue-un-crime-colonial-imprescriptible\\\/#article\",\"isPartOf\":{\"@id\":\"https:\\\/\\\/lasentinelle.dz\\\/index.php\\\/2024\\\/02\\\/13\\\/il-y-a-64-ans-gerboise-bleue-un-crime-colonial-imprescriptible\\\/\"},\"author\":{\"name\":\"La Sentinelle\",\"@id\":\"https:\\\/\\\/lasentinelle.dz\\\/#\\\/schema\\\/person\\\/d865044e22e70a75174ce8bcad3acfb3\"},\"headline\":\"Il y a 64 ans, \u00ab\u00a0Gerboise bleue\u00a0\u00bb\u00a0: Un crime colonial imprescriptible\",\"datePublished\":\"2024-02-13T14:48:14+00:00\",\"dateModified\":\"2024-02-13T14:48:16+00:00\",\"mainEntityOfPage\":{\"@id\":\"https:\\\/\\\/lasentinelle.dz\\\/index.php\\\/2024\\\/02\\\/13\\\/il-y-a-64-ans-gerboise-bleue-un-crime-colonial-imprescriptible\\\/\"},\"wordCount\":1473,\"commentCount\":0,\"publisher\":{\"@id\":\"https:\\\/\\\/lasentinelle.dz\\\/#organization\"},\"image\":{\"@id\":\"https:\\\/\\\/lasentinelle.dz\\\/index.php\\\/2024\\\/02\\\/13\\\/il-y-a-64-ans-gerboise-bleue-un-crime-colonial-imprescriptible\\\/#primaryimage\"},\"thumbnailUrl\":\"https:\\\/\\\/lasentinelle.dz\\\/wp-content\\\/uploads\\\/2024\\\/02\\\/gerboise.webp\",\"articleSection\":[\"\u00c0 la Une\",\"Actualit\u00e9\"],\"inLanguage\":\"fr-FR\",\"potentialAction\":[{\"@type\":\"CommentAction\",\"name\":\"Comment\",\"target\":[\"https:\\\/\\\/lasentinelle.dz\\\/index.php\\\/2024\\\/02\\\/13\\\/il-y-a-64-ans-gerboise-bleue-un-crime-colonial-imprescriptible\\\/#respond\"]}]},{\"@type\":\"WebPage\",\"@id\":\"https:\\\/\\\/lasentinelle.dz\\\/index.php\\\/2024\\\/02\\\/13\\\/il-y-a-64-ans-gerboise-bleue-un-crime-colonial-imprescriptible\\\/\",\"url\":\"https:\\\/\\\/lasentinelle.dz\\\/index.php\\\/2024\\\/02\\\/13\\\/il-y-a-64-ans-gerboise-bleue-un-crime-colonial-imprescriptible\\\/\",\"name\":\"Il y a 64 ans, \u00ab\u00a0Gerboise bleue\u00a0\u00bb\u00a0: Un crime colonial imprescriptible - La Sentinelle\",\"isPartOf\":{\"@id\":\"https:\\\/\\\/lasentinelle.dz\\\/#website\"},\"primaryImageOfPage\":{\"@id\":\"https:\\\/\\\/lasentinelle.dz\\\/index.php\\\/2024\\\/02\\\/13\\\/il-y-a-64-ans-gerboise-bleue-un-crime-colonial-imprescriptible\\\/#primaryimage\"},\"image\":{\"@id\":\"https:\\\/\\\/lasentinelle.dz\\\/index.php\\\/2024\\\/02\\\/13\\\/il-y-a-64-ans-gerboise-bleue-un-crime-colonial-imprescriptible\\\/#primaryimage\"},\"thumbnailUrl\":\"https:\\\/\\\/lasentinelle.dz\\\/wp-content\\\/uploads\\\/2024\\\/02\\\/gerboise.webp\",\"datePublished\":\"2024-02-13T14:48:14+00:00\",\"dateModified\":\"2024-02-13T14:48:16+00:00\",\"breadcrumb\":{\"@id\":\"https:\\\/\\\/lasentinelle.dz\\\/index.php\\\/2024\\\/02\\\/13\\\/il-y-a-64-ans-gerboise-bleue-un-crime-colonial-imprescriptible\\\/#breadcrumb\"},\"inLanguage\":\"fr-FR\",\"potentialAction\":[{\"@type\":\"ReadAction\",\"target\":[\"https:\\\/\\\/lasentinelle.dz\\\/index.php\\\/2024\\\/02\\\/13\\\/il-y-a-64-ans-gerboise-bleue-un-crime-colonial-imprescriptible\\\/\"]}]},{\"@type\":\"ImageObject\",\"inLanguage\":\"fr-FR\",\"@id\":\"https:\\\/\\\/lasentinelle.dz\\\/index.php\\\/2024\\\/02\\\/13\\\/il-y-a-64-ans-gerboise-bleue-un-crime-colonial-imprescriptible\\\/#primaryimage\",\"url\":\"https:\\\/\\\/lasentinelle.dz\\\/wp-content\\\/uploads\\\/2024\\\/02\\\/gerboise.webp\",\"contentUrl\":\"https:\\\/\\\/lasentinelle.dz\\\/wp-content\\\/uploads\\\/2024\\\/02\\\/gerboise.webp\",\"width\":512,\"height\":341},{\"@type\":\"BreadcrumbList\",\"@id\":\"https:\\\/\\\/lasentinelle.dz\\\/index.php\\\/2024\\\/02\\\/13\\\/il-y-a-64-ans-gerboise-bleue-un-crime-colonial-imprescriptible\\\/#breadcrumb\",\"itemListElement\":[{\"@type\":\"ListItem\",\"position\":1,\"name\":\"Accueil\",\"item\":\"https:\\\/\\\/lasentinelle.dz\\\/\"},{\"@type\":\"ListItem\",\"position\":2,\"name\":\"Il y a 64 ans, \u00ab\u00a0Gerboise bleue\u00a0\u00bb\u00a0: Un crime colonial imprescriptible\"}]},{\"@type\":\"WebSite\",\"@id\":\"https:\\\/\\\/lasentinelle.dz\\\/#website\",\"url\":\"https:\\\/\\\/lasentinelle.dz\\\/\",\"name\":\"La Sentinelle\",\"description\":\"Quotidien national d&#039;information\",\"publisher\":{\"@id\":\"https:\\\/\\\/lasentinelle.dz\\\/#organization\"},\"potentialAction\":[{\"@type\":\"SearchAction\",\"target\":{\"@type\":\"EntryPoint\",\"urlTemplate\":\"https:\\\/\\\/lasentinelle.dz\\\/?s={search_term_string}\"},\"query-input\":{\"@type\":\"PropertyValueSpecification\",\"valueRequired\":true,\"valueName\":\"search_term_string\"}}],\"inLanguage\":\"fr-FR\"},{\"@type\":\"Organization\",\"@id\":\"https:\\\/\\\/lasentinelle.dz\\\/#organization\",\"name\":\"Quotidien La Sentinelle\",\"url\":\"https:\\\/\\\/lasentinelle.dz\\\/\",\"logo\":{\"@type\":\"ImageObject\",\"inLanguage\":\"fr-FR\",\"@id\":\"https:\\\/\\\/lasentinelle.dz\\\/#\\\/schema\\\/logo\\\/image\\\/\",\"url\":\"https:\\\/\\\/lasentinelle.dz\\\/wp-content\\\/uploads\\\/2021\\\/09\\\/logo-sentinelleSLOGAN-1.png\",\"contentUrl\":\"https:\\\/\\\/lasentinelle.dz\\\/wp-content\\\/uploads\\\/2021\\\/09\\\/logo-sentinelleSLOGAN-1.png\",\"width\":615,\"height\":142,\"caption\":\"Quotidien La Sentinelle\"},\"image\":{\"@id\":\"https:\\\/\\\/lasentinelle.dz\\\/#\\\/schema\\\/logo\\\/image\\\/\"},\"sameAs\":[\"https:\\\/\\\/www.facebook.com\\\/La-Sentinelle-104059864394773\"]},{\"@type\":\"Person\",\"@id\":\"https:\\\/\\\/lasentinelle.dz\\\/#\\\/schema\\\/person\\\/d865044e22e70a75174ce8bcad3acfb3\",\"name\":\"La Sentinelle\",\"image\":{\"@type\":\"ImageObject\",\"inLanguage\":\"fr-FR\",\"@id\":\"https:\\\/\\\/secure.gravatar.com\\\/avatar\\\/57de8e5d4b15d43fb361a71fbb36338450fe67865b528a43dd10ef7c51a20392?s=96&d=mm&r=g\",\"url\":\"https:\\\/\\\/secure.gravatar.com\\\/avatar\\\/57de8e5d4b15d43fb361a71fbb36338450fe67865b528a43dd10ef7c51a20392?s=96&d=mm&r=g\",\"contentUrl\":\"https:\\\/\\\/secure.gravatar.com\\\/avatar\\\/57de8e5d4b15d43fb361a71fbb36338450fe67865b528a43dd10ef7c51a20392?s=96&d=mm&r=g\",\"caption\":\"La Sentinelle\"},\"sameAs\":[\"http:\\\/\\\/www.lasentinelle.dz\"],\"url\":\"https:\\\/\\\/lasentinelle.dz\\\/author\\\/redaction\\\/\"}]}<\/script>\n<!-- \/ Yoast SEO plugin. -->","yoast_head_json":{"title":"Il y a 64 ans, \u00ab\u00a0Gerboise bleue\u00a0\u00bb\u00a0: Un crime colonial imprescriptible - La Sentinelle","robots":{"index":"index","follow":"follow","max-snippet":"max-snippet:-1","max-image-preview":"max-image-preview:large","max-video-preview":"max-video-preview:-1"},"canonical":"https:\/\/lasentinelle.dz\/index.php\/2024\/02\/13\/il-y-a-64-ans-gerboise-bleue-un-crime-colonial-imprescriptible\/","og_locale":"fr_FR","og_type":"article","og_title":"Il y a 64 ans, \u00ab\u00a0Gerboise bleue\u00a0\u00bb\u00a0: Un crime colonial imprescriptible - La Sentinelle","og_description":"Le 13 f\u00e9vrier 1960, la France coloniale a perp\u00e9tr\u00e9 \u00e0 Reggane la premi\u00e8re des 57 explosions nucl\u00e9aires qu\u2019elle d\u00e9clenchera dans","og_url":"https:\/\/lasentinelle.dz\/index.php\/2024\/02\/13\/il-y-a-64-ans-gerboise-bleue-un-crime-colonial-imprescriptible\/","og_site_name":"La Sentinelle","article_publisher":"https:\/\/www.facebook.com\/La-Sentinelle-104059864394773","article_published_time":"2024-02-13T14:48:14+00:00","article_modified_time":"2024-02-13T14:48:16+00:00","og_image":[{"width":512,"height":341,"url":"https:\/\/lasentinelle.dz\/wp-content\/uploads\/2024\/02\/gerboise.webp","type":"image\/webp"}],"author":"La Sentinelle","twitter_card":"summary_large_image","twitter_misc":{"\u00c9crit par":"La Sentinelle","Dur\u00e9e de lecture estim\u00e9e":"7 minutes"},"schema":{"@context":"https:\/\/schema.org","@graph":[{"@type":"Article","@id":"https:\/\/lasentinelle.dz\/index.php\/2024\/02\/13\/il-y-a-64-ans-gerboise-bleue-un-crime-colonial-imprescriptible\/#article","isPartOf":{"@id":"https:\/\/lasentinelle.dz\/index.php\/2024\/02\/13\/il-y-a-64-ans-gerboise-bleue-un-crime-colonial-imprescriptible\/"},"author":{"name":"La Sentinelle","@id":"https:\/\/lasentinelle.dz\/#\/schema\/person\/d865044e22e70a75174ce8bcad3acfb3"},"headline":"Il y a 64 ans, \u00ab\u00a0Gerboise bleue\u00a0\u00bb\u00a0: Un crime colonial imprescriptible","datePublished":"2024-02-13T14:48:14+00:00","dateModified":"2024-02-13T14:48:16+00:00","mainEntityOfPage":{"@id":"https:\/\/lasentinelle.dz\/index.php\/2024\/02\/13\/il-y-a-64-ans-gerboise-bleue-un-crime-colonial-imprescriptible\/"},"wordCount":1473,"commentCount":0,"publisher":{"@id":"https:\/\/lasentinelle.dz\/#organization"},"image":{"@id":"https:\/\/lasentinelle.dz\/index.php\/2024\/02\/13\/il-y-a-64-ans-gerboise-bleue-un-crime-colonial-imprescriptible\/#primaryimage"},"thumbnailUrl":"https:\/\/lasentinelle.dz\/wp-content\/uploads\/2024\/02\/gerboise.webp","articleSection":["\u00c0 la Une","Actualit\u00e9"],"inLanguage":"fr-FR","potentialAction":[{"@type":"CommentAction","name":"Comment","target":["https:\/\/lasentinelle.dz\/index.php\/2024\/02\/13\/il-y-a-64-ans-gerboise-bleue-un-crime-colonial-imprescriptible\/#respond"]}]},{"@type":"WebPage","@id":"https:\/\/lasentinelle.dz\/index.php\/2024\/02\/13\/il-y-a-64-ans-gerboise-bleue-un-crime-colonial-imprescriptible\/","url":"https:\/\/lasentinelle.dz\/index.php\/2024\/02\/13\/il-y-a-64-ans-gerboise-bleue-un-crime-colonial-imprescriptible\/","name":"Il y a 64 ans, \u00ab\u00a0Gerboise bleue\u00a0\u00bb\u00a0: Un crime colonial imprescriptible - La Sentinelle","isPartOf":{"@id":"https:\/\/lasentinelle.dz\/#website"},"primaryImageOfPage":{"@id":"https:\/\/lasentinelle.dz\/index.php\/2024\/02\/13\/il-y-a-64-ans-gerboise-bleue-un-crime-colonial-imprescriptible\/#primaryimage"},"image":{"@id":"https:\/\/lasentinelle.dz\/index.php\/2024\/02\/13\/il-y-a-64-ans-gerboise-bleue-un-crime-colonial-imprescriptible\/#primaryimage"},"thumbnailUrl":"https:\/\/lasentinelle.dz\/wp-content\/uploads\/2024\/02\/gerboise.webp","datePublished":"2024-02-13T14:48:14+00:00","dateModified":"2024-02-13T14:48:16+00:00","breadcrumb":{"@id":"https:\/\/lasentinelle.dz\/index.php\/2024\/02\/13\/il-y-a-64-ans-gerboise-bleue-un-crime-colonial-imprescriptible\/#breadcrumb"},"inLanguage":"fr-FR","potentialAction":[{"@type":"ReadAction","target":["https:\/\/lasentinelle.dz\/index.php\/2024\/02\/13\/il-y-a-64-ans-gerboise-bleue-un-crime-colonial-imprescriptible\/"]}]},{"@type":"ImageObject","inLanguage":"fr-FR","@id":"https:\/\/lasentinelle.dz\/index.php\/2024\/02\/13\/il-y-a-64-ans-gerboise-bleue-un-crime-colonial-imprescriptible\/#primaryimage","url":"https:\/\/lasentinelle.dz\/wp-content\/uploads\/2024\/02\/gerboise.webp","contentUrl":"https:\/\/lasentinelle.dz\/wp-content\/uploads\/2024\/02\/gerboise.webp","width":512,"height":341},{"@type":"BreadcrumbList","@id":"https:\/\/lasentinelle.dz\/index.php\/2024\/02\/13\/il-y-a-64-ans-gerboise-bleue-un-crime-colonial-imprescriptible\/#breadcrumb","itemListElement":[{"@type":"ListItem","position":1,"name":"Accueil","item":"https:\/\/lasentinelle.dz\/"},{"@type":"ListItem","position":2,"name":"Il y a 64 ans, \u00ab\u00a0Gerboise bleue\u00a0\u00bb\u00a0: Un crime colonial imprescriptible"}]},{"@type":"WebSite","@id":"https:\/\/lasentinelle.dz\/#website","url":"https:\/\/lasentinelle.dz\/","name":"La Sentinelle","description":"Quotidien national d&#039;information","publisher":{"@id":"https:\/\/lasentinelle.dz\/#organization"},"potentialAction":[{"@type":"SearchAction","target":{"@type":"EntryPoint","urlTemplate":"https:\/\/lasentinelle.dz\/?s={search_term_string}"},"query-input":{"@type":"PropertyValueSpecification","valueRequired":true,"valueName":"search_term_string"}}],"inLanguage":"fr-FR"},{"@type":"Organization","@id":"https:\/\/lasentinelle.dz\/#organization","name":"Quotidien La Sentinelle","url":"https:\/\/lasentinelle.dz\/","logo":{"@type":"ImageObject","inLanguage":"fr-FR","@id":"https:\/\/lasentinelle.dz\/#\/schema\/logo\/image\/","url":"https:\/\/lasentinelle.dz\/wp-content\/uploads\/2021\/09\/logo-sentinelleSLOGAN-1.png","contentUrl":"https:\/\/lasentinelle.dz\/wp-content\/uploads\/2021\/09\/logo-sentinelleSLOGAN-1.png","width":615,"height":142,"caption":"Quotidien La Sentinelle"},"image":{"@id":"https:\/\/lasentinelle.dz\/#\/schema\/logo\/image\/"},"sameAs":["https:\/\/www.facebook.com\/La-Sentinelle-104059864394773"]},{"@type":"Person","@id":"https:\/\/lasentinelle.dz\/#\/schema\/person\/d865044e22e70a75174ce8bcad3acfb3","name":"La Sentinelle","image":{"@type":"ImageObject","inLanguage":"fr-FR","@id":"https:\/\/secure.gravatar.com\/avatar\/57de8e5d4b15d43fb361a71fbb36338450fe67865b528a43dd10ef7c51a20392?s=96&d=mm&r=g","url":"https:\/\/secure.gravatar.com\/avatar\/57de8e5d4b15d43fb361a71fbb36338450fe67865b528a43dd10ef7c51a20392?s=96&d=mm&r=g","contentUrl":"https:\/\/secure.gravatar.com\/avatar\/57de8e5d4b15d43fb361a71fbb36338450fe67865b528a43dd10ef7c51a20392?s=96&d=mm&r=g","caption":"La Sentinelle"},"sameAs":["http:\/\/www.lasentinelle.dz"],"url":"https:\/\/lasentinelle.dz\/author\/redaction\/"}]}},"_links":{"self":[{"href":"https:\/\/lasentinelle.dz\/index.php\/wp-json\/wp\/v2\/posts\/49459","targetHints":{"allow":["GET"]}}],"collection":[{"href":"https:\/\/lasentinelle.dz\/index.php\/wp-json\/wp\/v2\/posts"}],"about":[{"href":"https:\/\/lasentinelle.dz\/index.php\/wp-json\/wp\/v2\/types\/post"}],"author":[{"embeddable":true,"href":"https:\/\/lasentinelle.dz\/index.php\/wp-json\/wp\/v2\/users\/3"}],"replies":[{"embeddable":true,"href":"https:\/\/lasentinelle.dz\/index.php\/wp-json\/wp\/v2\/comments?post=49459"}],"version-history":[{"count":1,"href":"https:\/\/lasentinelle.dz\/index.php\/wp-json\/wp\/v2\/posts\/49459\/revisions"}],"predecessor-version":[{"id":49461,"href":"https:\/\/lasentinelle.dz\/index.php\/wp-json\/wp\/v2\/posts\/49459\/revisions\/49461"}],"wp:featuredmedia":[{"embeddable":true,"href":"https:\/\/lasentinelle.dz\/index.php\/wp-json\/wp\/v2\/media\/49460"}],"wp:attachment":[{"href":"https:\/\/lasentinelle.dz\/index.php\/wp-json\/wp\/v2\/media?parent=49459"}],"wp:term":[{"taxonomy":"category","embeddable":true,"href":"https:\/\/lasentinelle.dz\/index.php\/wp-json\/wp\/v2\/categories?post=49459"},{"taxonomy":"post_tag","embeddable":true,"href":"https:\/\/lasentinelle.dz\/index.php\/wp-json\/wp\/v2\/tags?post=49459"}],"curies":[{"name":"wp","href":"https:\/\/api.w.org\/{rel}","templated":true}]}}