{"id":49489,"date":"2024-02-14T14:07:21","date_gmt":"2024-02-14T13:07:21","guid":{"rendered":"https:\/\/lasentinelle.dz\/?p=49489"},"modified":"2024-02-14T14:07:27","modified_gmt":"2024-02-14T13:07:27","slug":"oleagineux-jijel-met-le-cap-sur-la-culture-de-tournesol","status":"publish","type":"post","link":"https:\/\/lasentinelle.dz\/index.php\/2024\/02\/14\/oleagineux-jijel-met-le-cap-sur-la-culture-de-tournesol\/","title":{"rendered":"Ol\u00e9agineux\u00a0: Jijel met le cap sur la culture de tournesol"},"content":{"rendered":"\n<p>200 hectares ont \u00e9t\u00e9 r\u00e9serv\u00e9s \u00e0 la culture du tournesol, comme premi\u00e8re exp\u00e9rience dans la wilaya de Jijel.<\/p>\n\n\n\n<p>Les services agricoles (DSA) de la wilaya de Jijel, \u0153uvrent, au titre de l\u2019exercice 2024, \u00e0 lancer la culture de tournesol. Une journ\u00e9e d\u2019application technique a \u00e9t\u00e9 organis\u00e9e au profit des agriculteurs dans une exploitation agricole priv\u00e9e dans la commune de Kaous. Ce type de culture contribue \u00e0 la fertilisation du sol et \u00e0 assurer des fourrages en grandes quantit\u00e9s aux \u00e9leveurs ainsi que la mati\u00e8re premi\u00e8re pour la production de l\u2019huile de table. La rencontre a \u00e9t\u00e9 riche en interventions, notamment celles mettant en exergue les potentialit\u00e9s de la wilaya favorables au d\u00e9veloppement de ces cultures avec des temp\u00e9ratures au sol de 6 \u00e0 8 degr\u00e9s et des temp\u00e9ratures matinales ne d\u00e9passant pas les 40 degr\u00e9s et permettant de pratiquer ces cultures tout au long de l\u2019ann\u00e9e. Outre cela, c\u2019est surtout les besoins en eau limit\u00e9s de cette culture \u00e0 100 mm pour le tournesol depuis sa mise en terre jusqu\u2019\u00e0 sa croissance qui constitue un atout. Au-del\u00e0 de l&rsquo;impact de cette culture pour l\u2019agriculture en mati\u00e8re de revenus, toutes les parties de la plante peuvent \u00eatre commercialis\u00e9es en vertu de conventions entre l\u2019agriculteur, le fournisseur de semences et les soci\u00e9t\u00e9s engag\u00e9es \u00e0 acheter le produit final. Il est \u00e0 souligner que la culture du tournesol s\u2019inscrit dans le cadre de la mise en \u0153uvre des directives des autorit\u00e9s sup\u00e9rieures du pays visant l\u2019\u00e9largissement des cultures strat\u00e9giques dont celle des ol\u00e9agineux. En outre, il faut noter que le tournesol est une culture qui s\u2019int\u00e8gre \u00e0 toutes les exploitations agricoles. Car, c\u2019est une culture simple qui a un niveau du rendement cons\u00e9quent, de la teneur en huile et de sa r\u00e9silience aux maladies et parasites. L\u2019un des gros atouts du tournesol est la simplicit\u00e9 de son itin\u00e9raire cultural. Cependant, pour valoriser au mieux le potentiel des nouvelles vari\u00e9t\u00e9s, il est essentiel de soigner l\u2019ensemble de la conduite notamment l\u2019implantation, le choix vari\u00e9tal, la fertilisation et le d\u00e9sherbage. C\u2019est un levier de progr\u00e8s majeur pour ce type de culture trop souvent consid\u00e9r\u00e9e comme secondaire. En plus le tournesol profite d\u2019un cycle de culture court, il occupe donc peu de temps le sol, il offre aussi la possibilit\u00e9 d\u2019ins\u00e9rer des couverts v\u00e9g\u00e9taux dans l\u2019interculture avant le tournesol, sous certaines conditions. Pour ces raisons et bien d\u2019autres, l\u2019Alg\u00e9rie s\u2019est lanc\u00e9e dans la culture de tournesol. Il s\u2019agit d&rsquo;un programme ambitieux, dont le but est d&rsquo;augmenter la production locale d&rsquo;huile de tournesol et de r\u00e9duire les importations. Le programme s&rsquo;\u00e9tend sur une superficie de 15 000 hectares et implique cinq wilayas, dont Jijel sous la direction du minist\u00e8re de l&rsquo;Agriculture et du D\u00e9veloppement rural, de l&rsquo;Institut technique des grandes cultures (ITGC) et des agriculteurs locaux. Le ministre de l&rsquo;Agriculture a annonc\u00e9 que le programme permettrait de produire pas moins de 45 000 tonnes d&rsquo;huile de tournesol par an, de r\u00e9duire les importations de 25 000 tonnes et de cr\u00e9er des postes emplois tout en renfor\u00e7ant la s\u00e9curit\u00e9 alimentaire du pays et en garantissant sa souverainet\u00e9. Le programme comprend plusieurs volets, dont la fourniture de semences de qualit\u00e9 sup\u00e9rieure, la formation des agriculteurs aux techniques modernes de culture, la mise en place de syst\u00e8mes d&rsquo;irrigation efficaces et la promotion de la commercialisation locale de l&rsquo;huile de tournesol. De plus, la culture du tournesol permet de r\u00e9duire l&rsquo;utilisation de pesticides et d&rsquo;engrais chimiques, ce qui contribue \u00e0 promouvoir une agriculture durable en Alg\u00e9rie, et peut \u00e9galement contribuer \u00e0 am\u00e9liorer la qualit\u00e9 des sols en fixant l&rsquo;azote atmosph\u00e9rique, ce qui r\u00e9duit la d\u00e9pendance aux engrais azot\u00e9s.<\/p>\n\n\n\n<p><strong>Sofia Chahine<\/strong><\/p>\n","protected":false},"excerpt":{"rendered":"<p>200 hectares ont \u00e9t\u00e9 r\u00e9serv\u00e9s \u00e0 la culture du tournesol, comme premi\u00e8re exp\u00e9rience dans la wilaya de Jijel. Les services<\/p>\n","protected":false},"author":3,"featured_media":46904,"comment_status":"open","ping_status":"closed","sticky":false,"template":"","format":"standard","meta":{"colormag_page_container_layout":"default_layout","colormag_page_sidebar_layout":"default_layout","om_disable_all_campaigns":false,"_monsterinsights_skip_tracking":false,"_monsterinsights_sitenote_active":false,"_monsterinsights_sitenote_note":"","_monsterinsights_sitenote_category":0,"footnotes":"","_wpscppro_dont_share_socialmedia":false,"_wpscppro_custom_social_share_image":0,"_facebook_share_type":"","_twitter_share_type":"","_linkedin_share_type":"","_pinterest_share_type":"","_linkedin_share_type_page":"","_instagram_share_type":"","_medium_share_type":"","_threads_share_type":"","_google_business_share_type":"","_selected_social_profile":[],"_wpsp_enable_custom_social_template":false,"_wpsp_social_scheduling":{"enabled":false,"datetime":null,"platforms":[],"status":"template_only","dateOption":"today","timeOption":"now","customDays":"","customHours":"","customDate":"","customTime":"","schedulingType":"absolute"},"_wpsp_active_default_template":true},"categories":[31],"tags":[],"class_list":["post-49489","post","type-post","status-publish","format-standard","has-post-thumbnail","hentry","category-regions"],"aioseo_notices":[],"yoast_head":"<!-- This site is optimized with the Yoast SEO plugin v27.5 - https:\/\/yoast.com\/product\/yoast-seo-wordpress\/ -->\n<title>Ol\u00e9agineux\u00a0: Jijel met le cap sur la culture de tournesol - La Sentinelle<\/title>\n<meta name=\"robots\" content=\"index, follow, max-snippet:-1, max-image-preview:large, max-video-preview:-1\" \/>\n<link rel=\"canonical\" href=\"https:\/\/lasentinelle.dz\/index.php\/2024\/02\/14\/oleagineux-jijel-met-le-cap-sur-la-culture-de-tournesol\/\" \/>\n<meta property=\"og:locale\" content=\"fr_FR\" \/>\n<meta property=\"og:type\" content=\"article\" \/>\n<meta property=\"og:title\" content=\"Ol\u00e9agineux\u00a0: Jijel met le cap sur la culture de tournesol - La Sentinelle\" \/>\n<meta property=\"og:description\" content=\"200 hectares ont \u00e9t\u00e9 r\u00e9serv\u00e9s \u00e0 la culture du tournesol, comme premi\u00e8re exp\u00e9rience dans la wilaya de Jijel. Les services\" \/>\n<meta property=\"og:url\" content=\"https:\/\/lasentinelle.dz\/index.php\/2024\/02\/14\/oleagineux-jijel-met-le-cap-sur-la-culture-de-tournesol\/\" \/>\n<meta property=\"og:site_name\" content=\"La Sentinelle\" \/>\n<meta property=\"article:publisher\" content=\"https:\/\/www.facebook.com\/La-Sentinelle-104059864394773\" \/>\n<meta property=\"article:published_time\" content=\"2024-02-14T13:07:21+00:00\" \/>\n<meta property=\"article:modified_time\" content=\"2024-02-14T13:07:27+00:00\" \/>\n<meta property=\"og:image\" content=\"https:\/\/lasentinelle.dz\/wp-content\/uploads\/2023\/11\/tournesol.jpeg\" \/>\n\t<meta property=\"og:image:width\" content=\"1131\" \/>\n\t<meta property=\"og:image:height\" content=\"782\" \/>\n\t<meta property=\"og:image:type\" content=\"image\/jpeg\" \/>\n<meta name=\"author\" content=\"La Sentinelle\" \/>\n<meta name=\"twitter:card\" content=\"summary_large_image\" \/>\n<meta name=\"twitter:label1\" content=\"\u00c9crit par\" \/>\n\t<meta name=\"twitter:data1\" content=\"La Sentinelle\" \/>\n\t<meta name=\"twitter:label2\" content=\"Dur\u00e9e de lecture estim\u00e9e\" \/>\n\t<meta name=\"twitter:data2\" content=\"4 minutes\" \/>\n<script type=\"application\/ld+json\" class=\"yoast-schema-graph\">{\"@context\":\"https:\\\/\\\/schema.org\",\"@graph\":[{\"@type\":\"Article\",\"@id\":\"https:\\\/\\\/lasentinelle.dz\\\/index.php\\\/2024\\\/02\\\/14\\\/oleagineux-jijel-met-le-cap-sur-la-culture-de-tournesol\\\/#article\",\"isPartOf\":{\"@id\":\"https:\\\/\\\/lasentinelle.dz\\\/index.php\\\/2024\\\/02\\\/14\\\/oleagineux-jijel-met-le-cap-sur-la-culture-de-tournesol\\\/\"},\"author\":{\"name\":\"La Sentinelle\",\"@id\":\"https:\\\/\\\/lasentinelle.dz\\\/#\\\/schema\\\/person\\\/d865044e22e70a75174ce8bcad3acfb3\"},\"headline\":\"Ol\u00e9agineux\u00a0: Jijel met le cap sur la culture de tournesol\",\"datePublished\":\"2024-02-14T13:07:21+00:00\",\"dateModified\":\"2024-02-14T13:07:27+00:00\",\"mainEntityOfPage\":{\"@id\":\"https:\\\/\\\/lasentinelle.dz\\\/index.php\\\/2024\\\/02\\\/14\\\/oleagineux-jijel-met-le-cap-sur-la-culture-de-tournesol\\\/\"},\"wordCount\":683,\"commentCount\":0,\"publisher\":{\"@id\":\"https:\\\/\\\/lasentinelle.dz\\\/#organization\"},\"image\":{\"@id\":\"https:\\\/\\\/lasentinelle.dz\\\/index.php\\\/2024\\\/02\\\/14\\\/oleagineux-jijel-met-le-cap-sur-la-culture-de-tournesol\\\/#primaryimage\"},\"thumbnailUrl\":\"https:\\\/\\\/lasentinelle.dz\\\/wp-content\\\/uploads\\\/2023\\\/11\\\/tournesol.jpeg\",\"articleSection\":[\"R\u00e9gions\"],\"inLanguage\":\"fr-FR\",\"potentialAction\":[{\"@type\":\"CommentAction\",\"name\":\"Comment\",\"target\":[\"https:\\\/\\\/lasentinelle.dz\\\/index.php\\\/2024\\\/02\\\/14\\\/oleagineux-jijel-met-le-cap-sur-la-culture-de-tournesol\\\/#respond\"]}]},{\"@type\":\"WebPage\",\"@id\":\"https:\\\/\\\/lasentinelle.dz\\\/index.php\\\/2024\\\/02\\\/14\\\/oleagineux-jijel-met-le-cap-sur-la-culture-de-tournesol\\\/\",\"url\":\"https:\\\/\\\/lasentinelle.dz\\\/index.php\\\/2024\\\/02\\\/14\\\/oleagineux-jijel-met-le-cap-sur-la-culture-de-tournesol\\\/\",\"name\":\"Ol\u00e9agineux\u00a0: Jijel met le cap sur la culture de tournesol - La Sentinelle\",\"isPartOf\":{\"@id\":\"https:\\\/\\\/lasentinelle.dz\\\/#website\"},\"primaryImageOfPage\":{\"@id\":\"https:\\\/\\\/lasentinelle.dz\\\/index.php\\\/2024\\\/02\\\/14\\\/oleagineux-jijel-met-le-cap-sur-la-culture-de-tournesol\\\/#primaryimage\"},\"image\":{\"@id\":\"https:\\\/\\\/lasentinelle.dz\\\/index.php\\\/2024\\\/02\\\/14\\\/oleagineux-jijel-met-le-cap-sur-la-culture-de-tournesol\\\/#primaryimage\"},\"thumbnailUrl\":\"https:\\\/\\\/lasentinelle.dz\\\/wp-content\\\/uploads\\\/2023\\\/11\\\/tournesol.jpeg\",\"datePublished\":\"2024-02-14T13:07:21+00:00\",\"dateModified\":\"2024-02-14T13:07:27+00:00\",\"breadcrumb\":{\"@id\":\"https:\\\/\\\/lasentinelle.dz\\\/index.php\\\/2024\\\/02\\\/14\\\/oleagineux-jijel-met-le-cap-sur-la-culture-de-tournesol\\\/#breadcrumb\"},\"inLanguage\":\"fr-FR\",\"potentialAction\":[{\"@type\":\"ReadAction\",\"target\":[\"https:\\\/\\\/lasentinelle.dz\\\/index.php\\\/2024\\\/02\\\/14\\\/oleagineux-jijel-met-le-cap-sur-la-culture-de-tournesol\\\/\"]}]},{\"@type\":\"ImageObject\",\"inLanguage\":\"fr-FR\",\"@id\":\"https:\\\/\\\/lasentinelle.dz\\\/index.php\\\/2024\\\/02\\\/14\\\/oleagineux-jijel-met-le-cap-sur-la-culture-de-tournesol\\\/#primaryimage\",\"url\":\"https:\\\/\\\/lasentinelle.dz\\\/wp-content\\\/uploads\\\/2023\\\/11\\\/tournesol.jpeg\",\"contentUrl\":\"https:\\\/\\\/lasentinelle.dz\\\/wp-content\\\/uploads\\\/2023\\\/11\\\/tournesol.jpeg\",\"width\":1131,\"height\":782},{\"@type\":\"BreadcrumbList\",\"@id\":\"https:\\\/\\\/lasentinelle.dz\\\/index.php\\\/2024\\\/02\\\/14\\\/oleagineux-jijel-met-le-cap-sur-la-culture-de-tournesol\\\/#breadcrumb\",\"itemListElement\":[{\"@type\":\"ListItem\",\"position\":1,\"name\":\"Accueil\",\"item\":\"https:\\\/\\\/lasentinelle.dz\\\/\"},{\"@type\":\"ListItem\",\"position\":2,\"name\":\"Ol\u00e9agineux\u00a0: Jijel met le cap sur la culture de tournesol\"}]},{\"@type\":\"WebSite\",\"@id\":\"https:\\\/\\\/lasentinelle.dz\\\/#website\",\"url\":\"https:\\\/\\\/lasentinelle.dz\\\/\",\"name\":\"La Sentinelle\",\"description\":\"Quotidien national d&#039;information\",\"publisher\":{\"@id\":\"https:\\\/\\\/lasentinelle.dz\\\/#organization\"},\"potentialAction\":[{\"@type\":\"SearchAction\",\"target\":{\"@type\":\"EntryPoint\",\"urlTemplate\":\"https:\\\/\\\/lasentinelle.dz\\\/?s={search_term_string}\"},\"query-input\":{\"@type\":\"PropertyValueSpecification\",\"valueRequired\":true,\"valueName\":\"search_term_string\"}}],\"inLanguage\":\"fr-FR\"},{\"@type\":\"Organization\",\"@id\":\"https:\\\/\\\/lasentinelle.dz\\\/#organization\",\"name\":\"Quotidien La Sentinelle\",\"url\":\"https:\\\/\\\/lasentinelle.dz\\\/\",\"logo\":{\"@type\":\"ImageObject\",\"inLanguage\":\"fr-FR\",\"@id\":\"https:\\\/\\\/lasentinelle.dz\\\/#\\\/schema\\\/logo\\\/image\\\/\",\"url\":\"https:\\\/\\\/lasentinelle.dz\\\/wp-content\\\/uploads\\\/2021\\\/09\\\/logo-sentinelleSLOGAN-1.png\",\"contentUrl\":\"https:\\\/\\\/lasentinelle.dz\\\/wp-content\\\/uploads\\\/2021\\\/09\\\/logo-sentinelleSLOGAN-1.png\",\"width\":615,\"height\":142,\"caption\":\"Quotidien La Sentinelle\"},\"image\":{\"@id\":\"https:\\\/\\\/lasentinelle.dz\\\/#\\\/schema\\\/logo\\\/image\\\/\"},\"sameAs\":[\"https:\\\/\\\/www.facebook.com\\\/La-Sentinelle-104059864394773\"]},{\"@type\":\"Person\",\"@id\":\"https:\\\/\\\/lasentinelle.dz\\\/#\\\/schema\\\/person\\\/d865044e22e70a75174ce8bcad3acfb3\",\"name\":\"La Sentinelle\",\"image\":{\"@type\":\"ImageObject\",\"inLanguage\":\"fr-FR\",\"@id\":\"https:\\\/\\\/secure.gravatar.com\\\/avatar\\\/57de8e5d4b15d43fb361a71fbb36338450fe67865b528a43dd10ef7c51a20392?s=96&d=mm&r=g\",\"url\":\"https:\\\/\\\/secure.gravatar.com\\\/avatar\\\/57de8e5d4b15d43fb361a71fbb36338450fe67865b528a43dd10ef7c51a20392?s=96&d=mm&r=g\",\"contentUrl\":\"https:\\\/\\\/secure.gravatar.com\\\/avatar\\\/57de8e5d4b15d43fb361a71fbb36338450fe67865b528a43dd10ef7c51a20392?s=96&d=mm&r=g\",\"caption\":\"La Sentinelle\"},\"sameAs\":[\"http:\\\/\\\/www.lasentinelle.dz\"],\"url\":\"https:\\\/\\\/lasentinelle.dz\\\/author\\\/redaction\\\/\"}]}<\/script>\n<!-- \/ Yoast SEO plugin. -->","yoast_head_json":{"title":"Ol\u00e9agineux\u00a0: Jijel met le cap sur la culture de tournesol - La Sentinelle","robots":{"index":"index","follow":"follow","max-snippet":"max-snippet:-1","max-image-preview":"max-image-preview:large","max-video-preview":"max-video-preview:-1"},"canonical":"https:\/\/lasentinelle.dz\/index.php\/2024\/02\/14\/oleagineux-jijel-met-le-cap-sur-la-culture-de-tournesol\/","og_locale":"fr_FR","og_type":"article","og_title":"Ol\u00e9agineux\u00a0: Jijel met le cap sur la culture de tournesol - La Sentinelle","og_description":"200 hectares ont \u00e9t\u00e9 r\u00e9serv\u00e9s \u00e0 la culture du tournesol, comme premi\u00e8re exp\u00e9rience dans la wilaya de Jijel. Les services","og_url":"https:\/\/lasentinelle.dz\/index.php\/2024\/02\/14\/oleagineux-jijel-met-le-cap-sur-la-culture-de-tournesol\/","og_site_name":"La Sentinelle","article_publisher":"https:\/\/www.facebook.com\/La-Sentinelle-104059864394773","article_published_time":"2024-02-14T13:07:21+00:00","article_modified_time":"2024-02-14T13:07:27+00:00","og_image":[{"width":1131,"height":782,"url":"https:\/\/lasentinelle.dz\/wp-content\/uploads\/2023\/11\/tournesol.jpeg","type":"image\/jpeg"}],"author":"La Sentinelle","twitter_card":"summary_large_image","twitter_misc":{"\u00c9crit par":"La Sentinelle","Dur\u00e9e de lecture estim\u00e9e":"4 minutes"},"schema":{"@context":"https:\/\/schema.org","@graph":[{"@type":"Article","@id":"https:\/\/lasentinelle.dz\/index.php\/2024\/02\/14\/oleagineux-jijel-met-le-cap-sur-la-culture-de-tournesol\/#article","isPartOf":{"@id":"https:\/\/lasentinelle.dz\/index.php\/2024\/02\/14\/oleagineux-jijel-met-le-cap-sur-la-culture-de-tournesol\/"},"author":{"name":"La Sentinelle","@id":"https:\/\/lasentinelle.dz\/#\/schema\/person\/d865044e22e70a75174ce8bcad3acfb3"},"headline":"Ol\u00e9agineux\u00a0: Jijel met le cap sur la culture de tournesol","datePublished":"2024-02-14T13:07:21+00:00","dateModified":"2024-02-14T13:07:27+00:00","mainEntityOfPage":{"@id":"https:\/\/lasentinelle.dz\/index.php\/2024\/02\/14\/oleagineux-jijel-met-le-cap-sur-la-culture-de-tournesol\/"},"wordCount":683,"commentCount":0,"publisher":{"@id":"https:\/\/lasentinelle.dz\/#organization"},"image":{"@id":"https:\/\/lasentinelle.dz\/index.php\/2024\/02\/14\/oleagineux-jijel-met-le-cap-sur-la-culture-de-tournesol\/#primaryimage"},"thumbnailUrl":"https:\/\/lasentinelle.dz\/wp-content\/uploads\/2023\/11\/tournesol.jpeg","articleSection":["R\u00e9gions"],"inLanguage":"fr-FR","potentialAction":[{"@type":"CommentAction","name":"Comment","target":["https:\/\/lasentinelle.dz\/index.php\/2024\/02\/14\/oleagineux-jijel-met-le-cap-sur-la-culture-de-tournesol\/#respond"]}]},{"@type":"WebPage","@id":"https:\/\/lasentinelle.dz\/index.php\/2024\/02\/14\/oleagineux-jijel-met-le-cap-sur-la-culture-de-tournesol\/","url":"https:\/\/lasentinelle.dz\/index.php\/2024\/02\/14\/oleagineux-jijel-met-le-cap-sur-la-culture-de-tournesol\/","name":"Ol\u00e9agineux\u00a0: Jijel met le cap sur la culture de tournesol - La Sentinelle","isPartOf":{"@id":"https:\/\/lasentinelle.dz\/#website"},"primaryImageOfPage":{"@id":"https:\/\/lasentinelle.dz\/index.php\/2024\/02\/14\/oleagineux-jijel-met-le-cap-sur-la-culture-de-tournesol\/#primaryimage"},"image":{"@id":"https:\/\/lasentinelle.dz\/index.php\/2024\/02\/14\/oleagineux-jijel-met-le-cap-sur-la-culture-de-tournesol\/#primaryimage"},"thumbnailUrl":"https:\/\/lasentinelle.dz\/wp-content\/uploads\/2023\/11\/tournesol.jpeg","datePublished":"2024-02-14T13:07:21+00:00","dateModified":"2024-02-14T13:07:27+00:00","breadcrumb":{"@id":"https:\/\/lasentinelle.dz\/index.php\/2024\/02\/14\/oleagineux-jijel-met-le-cap-sur-la-culture-de-tournesol\/#breadcrumb"},"inLanguage":"fr-FR","potentialAction":[{"@type":"ReadAction","target":["https:\/\/lasentinelle.dz\/index.php\/2024\/02\/14\/oleagineux-jijel-met-le-cap-sur-la-culture-de-tournesol\/"]}]},{"@type":"ImageObject","inLanguage":"fr-FR","@id":"https:\/\/lasentinelle.dz\/index.php\/2024\/02\/14\/oleagineux-jijel-met-le-cap-sur-la-culture-de-tournesol\/#primaryimage","url":"https:\/\/lasentinelle.dz\/wp-content\/uploads\/2023\/11\/tournesol.jpeg","contentUrl":"https:\/\/lasentinelle.dz\/wp-content\/uploads\/2023\/11\/tournesol.jpeg","width":1131,"height":782},{"@type":"BreadcrumbList","@id":"https:\/\/lasentinelle.dz\/index.php\/2024\/02\/14\/oleagineux-jijel-met-le-cap-sur-la-culture-de-tournesol\/#breadcrumb","itemListElement":[{"@type":"ListItem","position":1,"name":"Accueil","item":"https:\/\/lasentinelle.dz\/"},{"@type":"ListItem","position":2,"name":"Ol\u00e9agineux\u00a0: Jijel met le cap sur la culture de tournesol"}]},{"@type":"WebSite","@id":"https:\/\/lasentinelle.dz\/#website","url":"https:\/\/lasentinelle.dz\/","name":"La Sentinelle","description":"Quotidien national d&#039;information","publisher":{"@id":"https:\/\/lasentinelle.dz\/#organization"},"potentialAction":[{"@type":"SearchAction","target":{"@type":"EntryPoint","urlTemplate":"https:\/\/lasentinelle.dz\/?s={search_term_string}"},"query-input":{"@type":"PropertyValueSpecification","valueRequired":true,"valueName":"search_term_string"}}],"inLanguage":"fr-FR"},{"@type":"Organization","@id":"https:\/\/lasentinelle.dz\/#organization","name":"Quotidien La Sentinelle","url":"https:\/\/lasentinelle.dz\/","logo":{"@type":"ImageObject","inLanguage":"fr-FR","@id":"https:\/\/lasentinelle.dz\/#\/schema\/logo\/image\/","url":"https:\/\/lasentinelle.dz\/wp-content\/uploads\/2021\/09\/logo-sentinelleSLOGAN-1.png","contentUrl":"https:\/\/lasentinelle.dz\/wp-content\/uploads\/2021\/09\/logo-sentinelleSLOGAN-1.png","width":615,"height":142,"caption":"Quotidien La Sentinelle"},"image":{"@id":"https:\/\/lasentinelle.dz\/#\/schema\/logo\/image\/"},"sameAs":["https:\/\/www.facebook.com\/La-Sentinelle-104059864394773"]},{"@type":"Person","@id":"https:\/\/lasentinelle.dz\/#\/schema\/person\/d865044e22e70a75174ce8bcad3acfb3","name":"La Sentinelle","image":{"@type":"ImageObject","inLanguage":"fr-FR","@id":"https:\/\/secure.gravatar.com\/avatar\/57de8e5d4b15d43fb361a71fbb36338450fe67865b528a43dd10ef7c51a20392?s=96&d=mm&r=g","url":"https:\/\/secure.gravatar.com\/avatar\/57de8e5d4b15d43fb361a71fbb36338450fe67865b528a43dd10ef7c51a20392?s=96&d=mm&r=g","contentUrl":"https:\/\/secure.gravatar.com\/avatar\/57de8e5d4b15d43fb361a71fbb36338450fe67865b528a43dd10ef7c51a20392?s=96&d=mm&r=g","caption":"La Sentinelle"},"sameAs":["http:\/\/www.lasentinelle.dz"],"url":"https:\/\/lasentinelle.dz\/author\/redaction\/"}]}},"_links":{"self":[{"href":"https:\/\/lasentinelle.dz\/index.php\/wp-json\/wp\/v2\/posts\/49489","targetHints":{"allow":["GET"]}}],"collection":[{"href":"https:\/\/lasentinelle.dz\/index.php\/wp-json\/wp\/v2\/posts"}],"about":[{"href":"https:\/\/lasentinelle.dz\/index.php\/wp-json\/wp\/v2\/types\/post"}],"author":[{"embeddable":true,"href":"https:\/\/lasentinelle.dz\/index.php\/wp-json\/wp\/v2\/users\/3"}],"replies":[{"embeddable":true,"href":"https:\/\/lasentinelle.dz\/index.php\/wp-json\/wp\/v2\/comments?post=49489"}],"version-history":[{"count":1,"href":"https:\/\/lasentinelle.dz\/index.php\/wp-json\/wp\/v2\/posts\/49489\/revisions"}],"predecessor-version":[{"id":49490,"href":"https:\/\/lasentinelle.dz\/index.php\/wp-json\/wp\/v2\/posts\/49489\/revisions\/49490"}],"wp:featuredmedia":[{"embeddable":true,"href":"https:\/\/lasentinelle.dz\/index.php\/wp-json\/wp\/v2\/media\/46904"}],"wp:attachment":[{"href":"https:\/\/lasentinelle.dz\/index.php\/wp-json\/wp\/v2\/media?parent=49489"}],"wp:term":[{"taxonomy":"category","embeddable":true,"href":"https:\/\/lasentinelle.dz\/index.php\/wp-json\/wp\/v2\/categories?post=49489"},{"taxonomy":"post_tag","embeddable":true,"href":"https:\/\/lasentinelle.dz\/index.php\/wp-json\/wp\/v2\/tags?post=49489"}],"curies":[{"name":"wp","href":"https:\/\/api.w.org\/{rel}","templated":true}]}}