{"id":495,"date":"2020-10-09T14:52:56","date_gmt":"2020-10-09T13:52:56","guid":{"rendered":"http:\/\/lasentinelle.dz\/?p=495"},"modified":"2020-10-09T14:55:05","modified_gmt":"2020-10-09T13:55:05","slug":"mohamed-charfi-president-de-lautorite-nationale-independante-des-elections","status":"publish","type":"post","link":"https:\/\/lasentinelle.dz\/index.php\/2020\/10\/09\/mohamed-charfi-president-de-lautorite-nationale-independante-des-elections\/","title":{"rendered":"Mohamed Charfi, pr\u00e9sident de l\u2019Autorit\u00e9 nationale ind\u00e9pendante des \u00e9lections"},"content":{"rendered":"\n<p><strong>\u00ab L\u2019ANIE est l\u2019une des revendications du hirak \u00bb<\/strong><\/p>\n\n\n\n<p>L\u2019Autorit\u00e9 nationale ind\u00e9pendante des \u00e9lections (ANIE) a pr\u00e9par\u00e9 tout un arsenal juridique pour assurer le bon d\u00e9roulement du r\u00e9f\u00e9rendum sur la nouvelle Constitution pr\u00e9vu pour le 1er novembre prochain. C\u2019est ce qu\u2019\u00e0 d\u00e9clar\u00e9 en substance \u00e0 la Radio nationale Mohamed Charfi, pr\u00e9sident de l\u2019ANIE.<\/p>\n\n\n\n<p>Selon Mohamed Charfi, les premi\u00e8res interventions audiovisuelles, s\u2019inscrivant dans le cadre de cette campagne pour le r\u00e9f\u00e9rendum, augurent d\u2019ores et d\u00e9j\u00e0 d\u2019un bon d\u00e9roulement de cette campagne mais ils augurent surtout du chemin que prend le pays vers l\u2019instauration d\u2019une d\u00e9mocratie r\u00e9elle. Chaque intervenant a le droit \u00e0 cinq ou six minutes d\u2019antennes et les enregistrements sont r\u00e9partis selon la programmation \u00e9tablie par les services de l\u2019audiovisuel en Alg\u00e9rie, sous la supervision de l\u2019ANIE qui joue, dit-il, le r\u00f4le d\u2019arbitre, mais est aussi charg\u00e9e de l\u2019organisation et de la proclamation des r\u00e9sultats.<\/p>\n\n\n\n<p>La constitutionnalisation de l\u2019autorit\u00e9 ind\u00e9pendante des \u00e9lections (ANIE) , est selon son pr\u00e9sident Mohamed Chorfi, un grand acquis qui \u00e9pargnera toute sorte de tentations notamment celle de viser l\u2019accaparement du pouvoir. Il a indiqu\u00e9 que la cr\u00e9ation de cette instance ind\u00e9pendante comme jette des bases pouvant servir les futures g\u00e9n\u00e9rations pour un d\u00e9roulement transparent et r\u00e9gulier des \u00e9lections quelqu\u2019en soit la nature.<\/p>\n\n\n\n<p>\u00ab Nous n\u2019avons pas honte de dire que l\u2019Autorit\u00e9 ind\u00e9pendante des \u00e9lections est l\u2019enfant du Hirak \u00bb, d\u00e9clare Mohamed Charfi rappelant que la cr\u00e9ation de cette autorit\u00e9 est l\u2019un des points revendiqu\u00e9s par le mouvement citoyen du 22 f\u00e9vrier 2019. Il ajoutera que des membres de ce mouvement font partie de l\u2019autorit\u00e9 dont il a la charge.<\/p>\n\n\n\n<p>Il appellera \u00e0 la sauvegarde de cet acquis car, dit-il, il est plus ais\u00e9 d\u2019avoir des acquis que de les maintenir.<\/p>\n\n\n\n<p>Il plaidera sur sa lanc\u00e9e en faveur&nbsp; d\u2019un r\u00e9f\u00e9rendum&nbsp; libre pour, dit-il, ne pas nous mentir \u00e0 nous-m\u00eames et mentir \u00e0 l\u2019histoire du fait, ne cessait de le r\u00e9p\u00e9ter que ce r\u00e9f\u00e9rendum est un \u00ab&nbsp;rendez-vous historique &nbsp;pour l\u2019instauration d\u2019une r\u00e9elle d\u00e9mocratie et d\u2019une Alg\u00e9rie r\u00e9ellement nouvelle&nbsp;\u00bb.<\/p>\n\n\n\n<p>Le pr\u00e9sident de l\u2019ANIE a estim\u00e9 que r\u00e9f\u00e9rendum sur la Constitution est le point de d\u00e9part pour l\u2019instauration du changement exig\u00e9 par le peuple. \u00ab Ce changement exig\u00e9 est une \u00e9vidence historique, cette Constitution r\u00e9pond \u00e0 des standards universels dans l\u2019instauration de la d\u00e9mocratie \u00bb ; soutient le pr\u00e9sident de l\u2019Anie tout en d\u00e9fendant le principe de l\u2019adaptation de la nouvelle Constitution aux exigences populaires.<\/p>\n\n\n\n<p>Plus loin, il \u00e9voquera &nbsp;le r\u00f4le de la soci\u00e9t\u00e9 civile qui dit-il sera la locomotive de tous les changements qui vont s\u2019op\u00e9rer dans le pays. Il citera le r\u00f4le jou\u00e9 par la soci\u00e9t\u00e9 civile dans la lutte contre la propagation du coronavirus, ce qui est selon lui une preuve que cette soci\u00e9t\u00e9 civile est capable de jouer de grands r\u00f4les \u00e0 l\u2019avenir.<\/p>\n\n\n\n<p>Le pr\u00e9sident de l\u2019ANIE a \u00e9galement tenu \u00e0 rappeler que les constantes nationales sont sacr\u00e9es et nul n\u2019a le droit de les toucher. A part dit-il ces limites \u00e0 ne pas d\u00e9passer, tous ont le droit d\u2019exprimer son avis \u00e0 condition de r\u00e9pondre aux normes exig\u00e9s dans les textes de lois du pays comme la repr\u00e9sentativit\u00e9 au sein de la soci\u00e9t\u00e9.<\/p>\n\n\n\n<p>Le pr\u00e9sident de l\u2019ANIE se dit confiant quant \u00e0 la r\u00e9habilitation de la confiance entre le citoyen et les dirigeants gr\u00e2ce dit-il aux changements qu\u2019apportera cette nouvelle Constitution rejetant ce qu\u2019il qualifie de la politique de la chasse aux sorci\u00e8res.<\/p>\n\n\n\n<p><strong>Boubekeur Amrani<\/strong><\/p>\n","protected":false},"excerpt":{"rendered":"<p>\u00ab L\u2019ANIE est l\u2019une des revendications du hirak \u00bb L\u2019Autorit\u00e9 nationale ind\u00e9pendante des \u00e9lections (ANIE) a pr\u00e9par\u00e9 tout un arsenal<\/p>\n","protected":false},"author":2,"featured_media":496,"comment_status":"open","ping_status":"closed","sticky":false,"template":"","format":"standard","meta":{"colormag_page_container_layout":"default_layout","colormag_page_sidebar_layout":"default_layout","om_disable_all_campaigns":false,"_monsterinsights_skip_tracking":false,"_monsterinsights_sitenote_active":false,"_monsterinsights_sitenote_note":"","_monsterinsights_sitenote_category":0,"footnotes":"","_wpscppro_dont_share_socialmedia":false,"_wpscppro_custom_social_share_image":0,"_facebook_share_type":"","_twitter_share_type":"","_linkedin_share_type":"","_pinterest_share_type":"","_linkedin_share_type_page":"","_instagram_share_type":"","_medium_share_type":"","_threads_share_type":"","_google_business_share_type":"","_selected_social_profile":[],"_wpsp_enable_custom_social_template":false,"_wpsp_social_scheduling":{"enabled":false,"datetime":null,"platforms":[],"status":"template_only","dateOption":"today","timeOption":"now","customDays":"","customHours":"","customDate":"","customTime":"","schedulingType":"absolute"},"_wpsp_active_default_template":true},"categories":[27],"tags":[],"class_list":["post-495","post","type-post","status-publish","format-standard","has-post-thumbnail","hentry","category-actualite"],"aioseo_notices":[],"yoast_head":"<!-- This site is optimized with the Yoast SEO plugin v27.5 - https:\/\/yoast.com\/product\/yoast-seo-wordpress\/ -->\n<title>Mohamed Charfi, pr\u00e9sident de l\u2019Autorit\u00e9 nationale ind\u00e9pendante des \u00e9lections - La Sentinelle<\/title>\n<meta name=\"robots\" content=\"index, follow, max-snippet:-1, max-image-preview:large, max-video-preview:-1\" \/>\n<link rel=\"canonical\" href=\"https:\/\/lasentinelle.dz\/index.php\/2020\/10\/09\/mohamed-charfi-president-de-lautorite-nationale-independante-des-elections\/\" \/>\n<meta property=\"og:locale\" content=\"fr_FR\" \/>\n<meta property=\"og:type\" content=\"article\" \/>\n<meta property=\"og:title\" content=\"Mohamed Charfi, pr\u00e9sident de l\u2019Autorit\u00e9 nationale ind\u00e9pendante des \u00e9lections - La Sentinelle\" \/>\n<meta property=\"og:description\" content=\"\u00ab L\u2019ANIE est l\u2019une des revendications du hirak \u00bb L\u2019Autorit\u00e9 nationale ind\u00e9pendante des \u00e9lections (ANIE) a pr\u00e9par\u00e9 tout un arsenal\" \/>\n<meta property=\"og:url\" content=\"https:\/\/lasentinelle.dz\/index.php\/2020\/10\/09\/mohamed-charfi-president-de-lautorite-nationale-independante-des-elections\/\" \/>\n<meta property=\"og:site_name\" content=\"La Sentinelle\" \/>\n<meta property=\"article:publisher\" content=\"https:\/\/www.facebook.com\/La-Sentinelle-104059864394773\" \/>\n<meta property=\"article:published_time\" content=\"2020-10-09T13:52:56+00:00\" \/>\n<meta property=\"article:modified_time\" content=\"2020-10-09T13:55:05+00:00\" \/>\n<meta property=\"og:image\" content=\"https:\/\/lasentinelle.dz\/wp-content\/uploads\/2020\/10\/charfi.png\" \/>\n\t<meta property=\"og:image:width\" content=\"1000\" \/>\n\t<meta property=\"og:image:height\" content=\"630\" \/>\n\t<meta property=\"og:image:type\" content=\"image\/png\" \/>\n<meta name=\"author\" content=\"Azzedine Belferag\" \/>\n<meta name=\"twitter:card\" content=\"summary_large_image\" \/>\n<meta name=\"twitter:label1\" content=\"\u00c9crit par\" \/>\n\t<meta name=\"twitter:data1\" content=\"Azzedine Belferag\" \/>\n\t<meta name=\"twitter:label2\" content=\"Dur\u00e9e de lecture estim\u00e9e\" \/>\n\t<meta name=\"twitter:data2\" content=\"3 minutes\" \/>\n<script type=\"application\/ld+json\" class=\"yoast-schema-graph\">{\"@context\":\"https:\\\/\\\/schema.org\",\"@graph\":[{\"@type\":\"Article\",\"@id\":\"https:\\\/\\\/lasentinelle.dz\\\/index.php\\\/2020\\\/10\\\/09\\\/mohamed-charfi-president-de-lautorite-nationale-independante-des-elections\\\/#article\",\"isPartOf\":{\"@id\":\"https:\\\/\\\/lasentinelle.dz\\\/index.php\\\/2020\\\/10\\\/09\\\/mohamed-charfi-president-de-lautorite-nationale-independante-des-elections\\\/\"},\"author\":{\"name\":\"Azzedine Belferag\",\"@id\":\"https:\\\/\\\/lasentinelle.dz\\\/#\\\/schema\\\/person\\\/e22c868643946ece5f328ac9d185b29f\"},\"headline\":\"Mohamed Charfi, pr\u00e9sident de l\u2019Autorit\u00e9 nationale ind\u00e9pendante des \u00e9lections\",\"datePublished\":\"2020-10-09T13:52:56+00:00\",\"dateModified\":\"2020-10-09T13:55:05+00:00\",\"mainEntityOfPage\":{\"@id\":\"https:\\\/\\\/lasentinelle.dz\\\/index.php\\\/2020\\\/10\\\/09\\\/mohamed-charfi-president-de-lautorite-nationale-independante-des-elections\\\/\"},\"wordCount\":671,\"commentCount\":0,\"publisher\":{\"@id\":\"https:\\\/\\\/lasentinelle.dz\\\/#organization\"},\"image\":{\"@id\":\"https:\\\/\\\/lasentinelle.dz\\\/index.php\\\/2020\\\/10\\\/09\\\/mohamed-charfi-president-de-lautorite-nationale-independante-des-elections\\\/#primaryimage\"},\"thumbnailUrl\":\"https:\\\/\\\/lasentinelle.dz\\\/wp-content\\\/uploads\\\/2020\\\/10\\\/charfi.png\",\"articleSection\":[\"Actualit\u00e9\"],\"inLanguage\":\"fr-FR\",\"potentialAction\":[{\"@type\":\"CommentAction\",\"name\":\"Comment\",\"target\":[\"https:\\\/\\\/lasentinelle.dz\\\/index.php\\\/2020\\\/10\\\/09\\\/mohamed-charfi-president-de-lautorite-nationale-independante-des-elections\\\/#respond\"]}]},{\"@type\":\"WebPage\",\"@id\":\"https:\\\/\\\/lasentinelle.dz\\\/index.php\\\/2020\\\/10\\\/09\\\/mohamed-charfi-president-de-lautorite-nationale-independante-des-elections\\\/\",\"url\":\"https:\\\/\\\/lasentinelle.dz\\\/index.php\\\/2020\\\/10\\\/09\\\/mohamed-charfi-president-de-lautorite-nationale-independante-des-elections\\\/\",\"name\":\"Mohamed Charfi, pr\u00e9sident de l\u2019Autorit\u00e9 nationale ind\u00e9pendante des \u00e9lections - La Sentinelle\",\"isPartOf\":{\"@id\":\"https:\\\/\\\/lasentinelle.dz\\\/#website\"},\"primaryImageOfPage\":{\"@id\":\"https:\\\/\\\/lasentinelle.dz\\\/index.php\\\/2020\\\/10\\\/09\\\/mohamed-charfi-president-de-lautorite-nationale-independante-des-elections\\\/#primaryimage\"},\"image\":{\"@id\":\"https:\\\/\\\/lasentinelle.dz\\\/index.php\\\/2020\\\/10\\\/09\\\/mohamed-charfi-president-de-lautorite-nationale-independante-des-elections\\\/#primaryimage\"},\"thumbnailUrl\":\"https:\\\/\\\/lasentinelle.dz\\\/wp-content\\\/uploads\\\/2020\\\/10\\\/charfi.png\",\"datePublished\":\"2020-10-09T13:52:56+00:00\",\"dateModified\":\"2020-10-09T13:55:05+00:00\",\"breadcrumb\":{\"@id\":\"https:\\\/\\\/lasentinelle.dz\\\/index.php\\\/2020\\\/10\\\/09\\\/mohamed-charfi-president-de-lautorite-nationale-independante-des-elections\\\/#breadcrumb\"},\"inLanguage\":\"fr-FR\",\"potentialAction\":[{\"@type\":\"ReadAction\",\"target\":[\"https:\\\/\\\/lasentinelle.dz\\\/index.php\\\/2020\\\/10\\\/09\\\/mohamed-charfi-president-de-lautorite-nationale-independante-des-elections\\\/\"]}]},{\"@type\":\"ImageObject\",\"inLanguage\":\"fr-FR\",\"@id\":\"https:\\\/\\\/lasentinelle.dz\\\/index.php\\\/2020\\\/10\\\/09\\\/mohamed-charfi-president-de-lautorite-nationale-independante-des-elections\\\/#primaryimage\",\"url\":\"https:\\\/\\\/lasentinelle.dz\\\/wp-content\\\/uploads\\\/2020\\\/10\\\/charfi.png\",\"contentUrl\":\"https:\\\/\\\/lasentinelle.dz\\\/wp-content\\\/uploads\\\/2020\\\/10\\\/charfi.png\",\"width\":1000,\"height\":630},{\"@type\":\"BreadcrumbList\",\"@id\":\"https:\\\/\\\/lasentinelle.dz\\\/index.php\\\/2020\\\/10\\\/09\\\/mohamed-charfi-president-de-lautorite-nationale-independante-des-elections\\\/#breadcrumb\",\"itemListElement\":[{\"@type\":\"ListItem\",\"position\":1,\"name\":\"Accueil\",\"item\":\"https:\\\/\\\/lasentinelle.dz\\\/\"},{\"@type\":\"ListItem\",\"position\":2,\"name\":\"Mohamed Charfi, pr\u00e9sident de l\u2019Autorit\u00e9 nationale ind\u00e9pendante des \u00e9lections\"}]},{\"@type\":\"WebSite\",\"@id\":\"https:\\\/\\\/lasentinelle.dz\\\/#website\",\"url\":\"https:\\\/\\\/lasentinelle.dz\\\/\",\"name\":\"La Sentinelle\",\"description\":\"Quotidien national d&#039;information\",\"publisher\":{\"@id\":\"https:\\\/\\\/lasentinelle.dz\\\/#organization\"},\"potentialAction\":[{\"@type\":\"SearchAction\",\"target\":{\"@type\":\"EntryPoint\",\"urlTemplate\":\"https:\\\/\\\/lasentinelle.dz\\\/?s={search_term_string}\"},\"query-input\":{\"@type\":\"PropertyValueSpecification\",\"valueRequired\":true,\"valueName\":\"search_term_string\"}}],\"inLanguage\":\"fr-FR\"},{\"@type\":\"Organization\",\"@id\":\"https:\\\/\\\/lasentinelle.dz\\\/#organization\",\"name\":\"Quotidien La Sentinelle\",\"url\":\"https:\\\/\\\/lasentinelle.dz\\\/\",\"logo\":{\"@type\":\"ImageObject\",\"inLanguage\":\"fr-FR\",\"@id\":\"https:\\\/\\\/lasentinelle.dz\\\/#\\\/schema\\\/logo\\\/image\\\/\",\"url\":\"https:\\\/\\\/lasentinelle.dz\\\/wp-content\\\/uploads\\\/2021\\\/09\\\/logo-sentinelleSLOGAN-1.png\",\"contentUrl\":\"https:\\\/\\\/lasentinelle.dz\\\/wp-content\\\/uploads\\\/2021\\\/09\\\/logo-sentinelleSLOGAN-1.png\",\"width\":615,\"height\":142,\"caption\":\"Quotidien La Sentinelle\"},\"image\":{\"@id\":\"https:\\\/\\\/lasentinelle.dz\\\/#\\\/schema\\\/logo\\\/image\\\/\"},\"sameAs\":[\"https:\\\/\\\/www.facebook.com\\\/La-Sentinelle-104059864394773\"]},{\"@type\":\"Person\",\"@id\":\"https:\\\/\\\/lasentinelle.dz\\\/#\\\/schema\\\/person\\\/e22c868643946ece5f328ac9d185b29f\",\"name\":\"Azzedine Belferag\",\"image\":{\"@type\":\"ImageObject\",\"inLanguage\":\"fr-FR\",\"@id\":\"https:\\\/\\\/secure.gravatar.com\\\/avatar\\\/767ecc3bfcf23cd6d0dae1705f124feb13a88fded1daa56498e4fb3aa3fc36a1?s=96&d=mm&r=g\",\"url\":\"https:\\\/\\\/secure.gravatar.com\\\/avatar\\\/767ecc3bfcf23cd6d0dae1705f124feb13a88fded1daa56498e4fb3aa3fc36a1?s=96&d=mm&r=g\",\"contentUrl\":\"https:\\\/\\\/secure.gravatar.com\\\/avatar\\\/767ecc3bfcf23cd6d0dae1705f124feb13a88fded1daa56498e4fb3aa3fc36a1?s=96&d=mm&r=g\",\"caption\":\"Azzedine Belferag\"},\"sameAs\":[\"http:\\\/\\\/www.lasentinelle.dz\"],\"url\":\"https:\\\/\\\/lasentinelle.dz\\\/author\\\/belferag\\\/\"}]}<\/script>\n<!-- \/ Yoast SEO plugin. -->","yoast_head_json":{"title":"Mohamed Charfi, pr\u00e9sident de l\u2019Autorit\u00e9 nationale ind\u00e9pendante des \u00e9lections - La Sentinelle","robots":{"index":"index","follow":"follow","max-snippet":"max-snippet:-1","max-image-preview":"max-image-preview:large","max-video-preview":"max-video-preview:-1"},"canonical":"https:\/\/lasentinelle.dz\/index.php\/2020\/10\/09\/mohamed-charfi-president-de-lautorite-nationale-independante-des-elections\/","og_locale":"fr_FR","og_type":"article","og_title":"Mohamed Charfi, pr\u00e9sident de l\u2019Autorit\u00e9 nationale ind\u00e9pendante des \u00e9lections - La Sentinelle","og_description":"\u00ab L\u2019ANIE est l\u2019une des revendications du hirak \u00bb L\u2019Autorit\u00e9 nationale ind\u00e9pendante des \u00e9lections (ANIE) a pr\u00e9par\u00e9 tout un arsenal","og_url":"https:\/\/lasentinelle.dz\/index.php\/2020\/10\/09\/mohamed-charfi-president-de-lautorite-nationale-independante-des-elections\/","og_site_name":"La Sentinelle","article_publisher":"https:\/\/www.facebook.com\/La-Sentinelle-104059864394773","article_published_time":"2020-10-09T13:52:56+00:00","article_modified_time":"2020-10-09T13:55:05+00:00","og_image":[{"width":1000,"height":630,"url":"https:\/\/lasentinelle.dz\/wp-content\/uploads\/2020\/10\/charfi.png","type":"image\/png"}],"author":"Azzedine Belferag","twitter_card":"summary_large_image","twitter_misc":{"\u00c9crit par":"Azzedine Belferag","Dur\u00e9e de lecture estim\u00e9e":"3 minutes"},"schema":{"@context":"https:\/\/schema.org","@graph":[{"@type":"Article","@id":"https:\/\/lasentinelle.dz\/index.php\/2020\/10\/09\/mohamed-charfi-president-de-lautorite-nationale-independante-des-elections\/#article","isPartOf":{"@id":"https:\/\/lasentinelle.dz\/index.php\/2020\/10\/09\/mohamed-charfi-president-de-lautorite-nationale-independante-des-elections\/"},"author":{"name":"Azzedine Belferag","@id":"https:\/\/lasentinelle.dz\/#\/schema\/person\/e22c868643946ece5f328ac9d185b29f"},"headline":"Mohamed Charfi, pr\u00e9sident de l\u2019Autorit\u00e9 nationale ind\u00e9pendante des \u00e9lections","datePublished":"2020-10-09T13:52:56+00:00","dateModified":"2020-10-09T13:55:05+00:00","mainEntityOfPage":{"@id":"https:\/\/lasentinelle.dz\/index.php\/2020\/10\/09\/mohamed-charfi-president-de-lautorite-nationale-independante-des-elections\/"},"wordCount":671,"commentCount":0,"publisher":{"@id":"https:\/\/lasentinelle.dz\/#organization"},"image":{"@id":"https:\/\/lasentinelle.dz\/index.php\/2020\/10\/09\/mohamed-charfi-president-de-lautorite-nationale-independante-des-elections\/#primaryimage"},"thumbnailUrl":"https:\/\/lasentinelle.dz\/wp-content\/uploads\/2020\/10\/charfi.png","articleSection":["Actualit\u00e9"],"inLanguage":"fr-FR","potentialAction":[{"@type":"CommentAction","name":"Comment","target":["https:\/\/lasentinelle.dz\/index.php\/2020\/10\/09\/mohamed-charfi-president-de-lautorite-nationale-independante-des-elections\/#respond"]}]},{"@type":"WebPage","@id":"https:\/\/lasentinelle.dz\/index.php\/2020\/10\/09\/mohamed-charfi-president-de-lautorite-nationale-independante-des-elections\/","url":"https:\/\/lasentinelle.dz\/index.php\/2020\/10\/09\/mohamed-charfi-president-de-lautorite-nationale-independante-des-elections\/","name":"Mohamed Charfi, pr\u00e9sident de l\u2019Autorit\u00e9 nationale ind\u00e9pendante des \u00e9lections - La Sentinelle","isPartOf":{"@id":"https:\/\/lasentinelle.dz\/#website"},"primaryImageOfPage":{"@id":"https:\/\/lasentinelle.dz\/index.php\/2020\/10\/09\/mohamed-charfi-president-de-lautorite-nationale-independante-des-elections\/#primaryimage"},"image":{"@id":"https:\/\/lasentinelle.dz\/index.php\/2020\/10\/09\/mohamed-charfi-president-de-lautorite-nationale-independante-des-elections\/#primaryimage"},"thumbnailUrl":"https:\/\/lasentinelle.dz\/wp-content\/uploads\/2020\/10\/charfi.png","datePublished":"2020-10-09T13:52:56+00:00","dateModified":"2020-10-09T13:55:05+00:00","breadcrumb":{"@id":"https:\/\/lasentinelle.dz\/index.php\/2020\/10\/09\/mohamed-charfi-president-de-lautorite-nationale-independante-des-elections\/#breadcrumb"},"inLanguage":"fr-FR","potentialAction":[{"@type":"ReadAction","target":["https:\/\/lasentinelle.dz\/index.php\/2020\/10\/09\/mohamed-charfi-president-de-lautorite-nationale-independante-des-elections\/"]}]},{"@type":"ImageObject","inLanguage":"fr-FR","@id":"https:\/\/lasentinelle.dz\/index.php\/2020\/10\/09\/mohamed-charfi-president-de-lautorite-nationale-independante-des-elections\/#primaryimage","url":"https:\/\/lasentinelle.dz\/wp-content\/uploads\/2020\/10\/charfi.png","contentUrl":"https:\/\/lasentinelle.dz\/wp-content\/uploads\/2020\/10\/charfi.png","width":1000,"height":630},{"@type":"BreadcrumbList","@id":"https:\/\/lasentinelle.dz\/index.php\/2020\/10\/09\/mohamed-charfi-president-de-lautorite-nationale-independante-des-elections\/#breadcrumb","itemListElement":[{"@type":"ListItem","position":1,"name":"Accueil","item":"https:\/\/lasentinelle.dz\/"},{"@type":"ListItem","position":2,"name":"Mohamed Charfi, pr\u00e9sident de l\u2019Autorit\u00e9 nationale ind\u00e9pendante des \u00e9lections"}]},{"@type":"WebSite","@id":"https:\/\/lasentinelle.dz\/#website","url":"https:\/\/lasentinelle.dz\/","name":"La Sentinelle","description":"Quotidien national d&#039;information","publisher":{"@id":"https:\/\/lasentinelle.dz\/#organization"},"potentialAction":[{"@type":"SearchAction","target":{"@type":"EntryPoint","urlTemplate":"https:\/\/lasentinelle.dz\/?s={search_term_string}"},"query-input":{"@type":"PropertyValueSpecification","valueRequired":true,"valueName":"search_term_string"}}],"inLanguage":"fr-FR"},{"@type":"Organization","@id":"https:\/\/lasentinelle.dz\/#organization","name":"Quotidien La Sentinelle","url":"https:\/\/lasentinelle.dz\/","logo":{"@type":"ImageObject","inLanguage":"fr-FR","@id":"https:\/\/lasentinelle.dz\/#\/schema\/logo\/image\/","url":"https:\/\/lasentinelle.dz\/wp-content\/uploads\/2021\/09\/logo-sentinelleSLOGAN-1.png","contentUrl":"https:\/\/lasentinelle.dz\/wp-content\/uploads\/2021\/09\/logo-sentinelleSLOGAN-1.png","width":615,"height":142,"caption":"Quotidien La Sentinelle"},"image":{"@id":"https:\/\/lasentinelle.dz\/#\/schema\/logo\/image\/"},"sameAs":["https:\/\/www.facebook.com\/La-Sentinelle-104059864394773"]},{"@type":"Person","@id":"https:\/\/lasentinelle.dz\/#\/schema\/person\/e22c868643946ece5f328ac9d185b29f","name":"Azzedine Belferag","image":{"@type":"ImageObject","inLanguage":"fr-FR","@id":"https:\/\/secure.gravatar.com\/avatar\/767ecc3bfcf23cd6d0dae1705f124feb13a88fded1daa56498e4fb3aa3fc36a1?s=96&d=mm&r=g","url":"https:\/\/secure.gravatar.com\/avatar\/767ecc3bfcf23cd6d0dae1705f124feb13a88fded1daa56498e4fb3aa3fc36a1?s=96&d=mm&r=g","contentUrl":"https:\/\/secure.gravatar.com\/avatar\/767ecc3bfcf23cd6d0dae1705f124feb13a88fded1daa56498e4fb3aa3fc36a1?s=96&d=mm&r=g","caption":"Azzedine Belferag"},"sameAs":["http:\/\/www.lasentinelle.dz"],"url":"https:\/\/lasentinelle.dz\/author\/belferag\/"}]}},"_links":{"self":[{"href":"https:\/\/lasentinelle.dz\/index.php\/wp-json\/wp\/v2\/posts\/495","targetHints":{"allow":["GET"]}}],"collection":[{"href":"https:\/\/lasentinelle.dz\/index.php\/wp-json\/wp\/v2\/posts"}],"about":[{"href":"https:\/\/lasentinelle.dz\/index.php\/wp-json\/wp\/v2\/types\/post"}],"author":[{"embeddable":true,"href":"https:\/\/lasentinelle.dz\/index.php\/wp-json\/wp\/v2\/users\/2"}],"replies":[{"embeddable":true,"href":"https:\/\/lasentinelle.dz\/index.php\/wp-json\/wp\/v2\/comments?post=495"}],"version-history":[{"count":1,"href":"https:\/\/lasentinelle.dz\/index.php\/wp-json\/wp\/v2\/posts\/495\/revisions"}],"predecessor-version":[{"id":497,"href":"https:\/\/lasentinelle.dz\/index.php\/wp-json\/wp\/v2\/posts\/495\/revisions\/497"}],"wp:featuredmedia":[{"embeddable":true,"href":"https:\/\/lasentinelle.dz\/index.php\/wp-json\/wp\/v2\/media\/496"}],"wp:attachment":[{"href":"https:\/\/lasentinelle.dz\/index.php\/wp-json\/wp\/v2\/media?parent=495"}],"wp:term":[{"taxonomy":"category","embeddable":true,"href":"https:\/\/lasentinelle.dz\/index.php\/wp-json\/wp\/v2\/categories?post=495"},{"taxonomy":"post_tag","embeddable":true,"href":"https:\/\/lasentinelle.dz\/index.php\/wp-json\/wp\/v2\/tags?post=495"}],"curies":[{"name":"wp","href":"https:\/\/api.w.org\/{rel}","templated":true}]}}