{"id":49502,"date":"2024-02-14T14:18:45","date_gmt":"2024-02-14T13:18:45","guid":{"rendered":"https:\/\/lasentinelle.dz\/?p=49502"},"modified":"2024-02-14T14:18:49","modified_gmt":"2024-02-14T13:18:49","slug":"allocation-chomage-plus-de-deux-millions-de-beneficiaires","status":"publish","type":"post","link":"https:\/\/lasentinelle.dz\/index.php\/2024\/02\/14\/allocation-chomage-plus-de-deux-millions-de-beneficiaires\/","title":{"rendered":"Allocation ch\u00f4mage\u00a0: Plus de deux millions de b\u00e9n\u00e9ficiaires"},"content":{"rendered":"\n<p>Le ministre du Travail, de l\u2019Emploi et de la S\u00e9curit\u00e9 sociale, Fay\u00e7al Bentaleb a soulign\u00e9 hier lors d\u2019une audition \u00e0 l\u2019Assembl\u00e9e populaire communale la n\u00e9cessit\u00e9 de mettre les entreprises du secteur \u00e9conomique priv\u00e9e \u00e0 contribution dans la r\u00e9sorption du ch\u00f4mage \u00e0 travers le placement des b\u00e9n\u00e9ficiaires de l\u2019allocation ch\u00f4mage lors d\u2019une s\u00e9ance avec la Commission de la sant\u00e9, des affaires sociales, du travail et de la formation professionnelle de l\u2019APN et au cours de laquelle il a pr\u00e9sent\u00e9 son bilan, le ministre a fait savoir que plus de deux millions de b\u00e9n\u00e9ficiaires ont per\u00e7u l\u2019allocation ch\u00f4mage. Il rel\u00e8vera d\u2019ailleurs que dans le cadre des efforts de son secteur visant \u00e0 augmenter l&#8217;employabilit\u00e9 des b\u00e9n\u00e9ficiaires de cette allocation, jusqu&rsquo;\u00e0 la session d&rsquo;octobre dernier, il a \u00e9t\u00e9 proc\u00e9d\u00e9 \u00e0 l&rsquo;orientation et \u00e0 l&rsquo;admission de 288.702 b\u00e9n\u00e9ficiaires dans le cadre de la formation, en sus de l&rsquo;orientation de 323.495 b\u00e9n\u00e9ficiaires de l&rsquo;allocation ch\u00f4mage vers des offres d&#8217;emploi. Dans ce cadre, M. Bentaleb a affirm\u00e9 que son secteur \u0153uvrait \u00e0 encourager les entreprises \u00e9conomiques \u00e0 recruter les b\u00e9n\u00e9ficiaires de l&rsquo;allocation ch\u00f4mage \u00e0 travers \u00ab\u00a0la mise en place de m\u00e9canismes et d&rsquo;avantages y relatifs, en sus d&rsquo;autres mesures permettant le d\u00e9veloppement des comp\u00e9tences individuelles et la promotion de l&#8217;employabilit\u00e9 des b\u00e9n\u00e9ficiaires de cette allocation\u00a0\u00bb. &nbsp;Pour ce qui est de l&#8217;emploi, M. Bentaleb a fait \u00e9tat d'\u00a0\u00bbune augmentation en mati\u00e8re d&rsquo;offres d&#8217;emploi en 2023, \u00e0 481.088 offres, et de placements dans le secteur \u00e9conomique, \u00e0 373.655 placements, durant la m\u00eame ann\u00e9e\u00a0\u00bb, pr\u00e9cisant que \u00ab\u00a083 % des placements ont \u00e9t\u00e9 effectu\u00e9s dans le secteur \u00e9conomique priv\u00e9\u00a0\u00bb. S&rsquo;agissant de la s\u00e9curit\u00e9 sociale, le ministre a \u00e9voqu\u00e9 le lancement de la nouvelle version de la carte Chiffa qui couvre plus de 30 millions b\u00e9n\u00e9ficiaires. M. Bentaleb a mis en avant l&rsquo;augmentation de la valeur de remboursement assur\u00e9 par syst\u00e8me de tiers-payant via la carte Chiffa dans ses deux versions de 3.000 DA \u00e0 5.000 DA \/ordonnance, soulignant que la nouvelle version permettra \u00ab\u00a0d&rsquo;offrir des solutions et des prestations innovantes inaccessibles dans l&rsquo;ancienne version\u00a0\u00bb. Le ministre a rappel\u00e9 les d\u00e9cisions du Pr\u00e9sident de la R\u00e9publique \u00e0 l&rsquo;occasion de la Journ\u00e9e mondiale contre le cancer, concernant la prise en charge des canc\u00e9reux non affili\u00e9s \u00e0 la s\u00e9curit\u00e9 sociale en leur d\u00e9livrant la carte Chiffa, indiquant que cette d\u00e9marche \u00e9tait en cours.<\/p>\n\n\n\n<p>R.N.<\/p>\n","protected":false},"excerpt":{"rendered":"<p>Le ministre du Travail, de l\u2019Emploi et de la S\u00e9curit\u00e9 sociale, Fay\u00e7al Bentaleb a soulign\u00e9 hier lors d\u2019une audition \u00e0<\/p>\n","protected":false},"author":3,"featured_media":19099,"comment_status":"open","ping_status":"closed","sticky":false,"template":"","format":"standard","meta":{"colormag_page_container_layout":"default_layout","colormag_page_sidebar_layout":"default_layout","om_disable_all_campaigns":false,"_monsterinsights_skip_tracking":false,"_monsterinsights_sitenote_active":false,"_monsterinsights_sitenote_note":"","_monsterinsights_sitenote_category":0,"footnotes":"","_wpscppro_dont_share_socialmedia":false,"_wpscppro_custom_social_share_image":0,"_facebook_share_type":"","_twitter_share_type":"","_linkedin_share_type":"","_pinterest_share_type":"","_linkedin_share_type_page":"","_instagram_share_type":"","_medium_share_type":"","_threads_share_type":"","_google_business_share_type":"","_selected_social_profile":[],"_wpsp_enable_custom_social_template":false,"_wpsp_social_scheduling":{"enabled":false,"datetime":null,"platforms":[],"status":"template_only","dateOption":"today","timeOption":"now","customDays":"","customHours":"","customDate":"","customTime":"","schedulingType":"absolute"},"_wpsp_active_default_template":true},"categories":[27],"tags":[],"class_list":["post-49502","post","type-post","status-publish","format-standard","has-post-thumbnail","hentry","category-actualite"],"aioseo_notices":[],"yoast_head":"<!-- This site is optimized with the Yoast SEO plugin v27.5 - https:\/\/yoast.com\/product\/yoast-seo-wordpress\/ -->\n<title>Allocation ch\u00f4mage\u00a0: Plus de deux millions de b\u00e9n\u00e9ficiaires - La Sentinelle<\/title>\n<meta name=\"robots\" content=\"index, follow, max-snippet:-1, max-image-preview:large, max-video-preview:-1\" \/>\n<link rel=\"canonical\" href=\"https:\/\/lasentinelle.dz\/index.php\/2024\/02\/14\/allocation-chomage-plus-de-deux-millions-de-beneficiaires\/\" \/>\n<meta property=\"og:locale\" content=\"fr_FR\" \/>\n<meta property=\"og:type\" content=\"article\" \/>\n<meta property=\"og:title\" content=\"Allocation ch\u00f4mage\u00a0: Plus de deux millions de b\u00e9n\u00e9ficiaires - La Sentinelle\" \/>\n<meta property=\"og:description\" content=\"Le ministre du Travail, de l\u2019Emploi et de la S\u00e9curit\u00e9 sociale, Fay\u00e7al Bentaleb a soulign\u00e9 hier lors d\u2019une audition \u00e0\" \/>\n<meta property=\"og:url\" content=\"https:\/\/lasentinelle.dz\/index.php\/2024\/02\/14\/allocation-chomage-plus-de-deux-millions-de-beneficiaires\/\" \/>\n<meta property=\"og:site_name\" content=\"La Sentinelle\" \/>\n<meta property=\"article:publisher\" content=\"https:\/\/www.facebook.com\/La-Sentinelle-104059864394773\" \/>\n<meta property=\"article:published_time\" content=\"2024-02-14T13:18:45+00:00\" \/>\n<meta property=\"article:modified_time\" content=\"2024-02-14T13:18:49+00:00\" \/>\n<meta property=\"og:image\" content=\"https:\/\/lasentinelle.dz\/wp-content\/uploads\/2022\/03\/anem-2.png\" \/>\n\t<meta property=\"og:image:width\" content=\"1491\" \/>\n\t<meta property=\"og:image:height\" content=\"900\" \/>\n\t<meta property=\"og:image:type\" content=\"image\/png\" \/>\n<meta name=\"author\" content=\"La Sentinelle\" \/>\n<meta name=\"twitter:card\" content=\"summary_large_image\" \/>\n<meta name=\"twitter:label1\" content=\"\u00c9crit par\" \/>\n\t<meta name=\"twitter:data1\" content=\"La Sentinelle\" \/>\n\t<meta name=\"twitter:label2\" content=\"Dur\u00e9e de lecture estim\u00e9e\" \/>\n\t<meta name=\"twitter:data2\" content=\"3 minutes\" \/>\n<script type=\"application\/ld+json\" class=\"yoast-schema-graph\">{\"@context\":\"https:\\\/\\\/schema.org\",\"@graph\":[{\"@type\":\"Article\",\"@id\":\"https:\\\/\\\/lasentinelle.dz\\\/index.php\\\/2024\\\/02\\\/14\\\/allocation-chomage-plus-de-deux-millions-de-beneficiaires\\\/#article\",\"isPartOf\":{\"@id\":\"https:\\\/\\\/lasentinelle.dz\\\/index.php\\\/2024\\\/02\\\/14\\\/allocation-chomage-plus-de-deux-millions-de-beneficiaires\\\/\"},\"author\":{\"name\":\"La Sentinelle\",\"@id\":\"https:\\\/\\\/lasentinelle.dz\\\/#\\\/schema\\\/person\\\/d865044e22e70a75174ce8bcad3acfb3\"},\"headline\":\"Allocation ch\u00f4mage\u00a0: Plus de deux millions de b\u00e9n\u00e9ficiaires\",\"datePublished\":\"2024-02-14T13:18:45+00:00\",\"dateModified\":\"2024-02-14T13:18:49+00:00\",\"mainEntityOfPage\":{\"@id\":\"https:\\\/\\\/lasentinelle.dz\\\/index.php\\\/2024\\\/02\\\/14\\\/allocation-chomage-plus-de-deux-millions-de-beneficiaires\\\/\"},\"wordCount\":449,\"commentCount\":0,\"publisher\":{\"@id\":\"https:\\\/\\\/lasentinelle.dz\\\/#organization\"},\"image\":{\"@id\":\"https:\\\/\\\/lasentinelle.dz\\\/index.php\\\/2024\\\/02\\\/14\\\/allocation-chomage-plus-de-deux-millions-de-beneficiaires\\\/#primaryimage\"},\"thumbnailUrl\":\"https:\\\/\\\/lasentinelle.dz\\\/wp-content\\\/uploads\\\/2022\\\/03\\\/anem-2.png\",\"articleSection\":[\"Actualit\u00e9\"],\"inLanguage\":\"fr-FR\",\"potentialAction\":[{\"@type\":\"CommentAction\",\"name\":\"Comment\",\"target\":[\"https:\\\/\\\/lasentinelle.dz\\\/index.php\\\/2024\\\/02\\\/14\\\/allocation-chomage-plus-de-deux-millions-de-beneficiaires\\\/#respond\"]}]},{\"@type\":\"WebPage\",\"@id\":\"https:\\\/\\\/lasentinelle.dz\\\/index.php\\\/2024\\\/02\\\/14\\\/allocation-chomage-plus-de-deux-millions-de-beneficiaires\\\/\",\"url\":\"https:\\\/\\\/lasentinelle.dz\\\/index.php\\\/2024\\\/02\\\/14\\\/allocation-chomage-plus-de-deux-millions-de-beneficiaires\\\/\",\"name\":\"Allocation ch\u00f4mage\u00a0: Plus de deux millions de b\u00e9n\u00e9ficiaires - La Sentinelle\",\"isPartOf\":{\"@id\":\"https:\\\/\\\/lasentinelle.dz\\\/#website\"},\"primaryImageOfPage\":{\"@id\":\"https:\\\/\\\/lasentinelle.dz\\\/index.php\\\/2024\\\/02\\\/14\\\/allocation-chomage-plus-de-deux-millions-de-beneficiaires\\\/#primaryimage\"},\"image\":{\"@id\":\"https:\\\/\\\/lasentinelle.dz\\\/index.php\\\/2024\\\/02\\\/14\\\/allocation-chomage-plus-de-deux-millions-de-beneficiaires\\\/#primaryimage\"},\"thumbnailUrl\":\"https:\\\/\\\/lasentinelle.dz\\\/wp-content\\\/uploads\\\/2022\\\/03\\\/anem-2.png\",\"datePublished\":\"2024-02-14T13:18:45+00:00\",\"dateModified\":\"2024-02-14T13:18:49+00:00\",\"breadcrumb\":{\"@id\":\"https:\\\/\\\/lasentinelle.dz\\\/index.php\\\/2024\\\/02\\\/14\\\/allocation-chomage-plus-de-deux-millions-de-beneficiaires\\\/#breadcrumb\"},\"inLanguage\":\"fr-FR\",\"potentialAction\":[{\"@type\":\"ReadAction\",\"target\":[\"https:\\\/\\\/lasentinelle.dz\\\/index.php\\\/2024\\\/02\\\/14\\\/allocation-chomage-plus-de-deux-millions-de-beneficiaires\\\/\"]}]},{\"@type\":\"ImageObject\",\"inLanguage\":\"fr-FR\",\"@id\":\"https:\\\/\\\/lasentinelle.dz\\\/index.php\\\/2024\\\/02\\\/14\\\/allocation-chomage-plus-de-deux-millions-de-beneficiaires\\\/#primaryimage\",\"url\":\"https:\\\/\\\/lasentinelle.dz\\\/wp-content\\\/uploads\\\/2022\\\/03\\\/anem-2.png\",\"contentUrl\":\"https:\\\/\\\/lasentinelle.dz\\\/wp-content\\\/uploads\\\/2022\\\/03\\\/anem-2.png\",\"width\":1491,\"height\":900},{\"@type\":\"BreadcrumbList\",\"@id\":\"https:\\\/\\\/lasentinelle.dz\\\/index.php\\\/2024\\\/02\\\/14\\\/allocation-chomage-plus-de-deux-millions-de-beneficiaires\\\/#breadcrumb\",\"itemListElement\":[{\"@type\":\"ListItem\",\"position\":1,\"name\":\"Accueil\",\"item\":\"https:\\\/\\\/lasentinelle.dz\\\/\"},{\"@type\":\"ListItem\",\"position\":2,\"name\":\"Allocation ch\u00f4mage\u00a0: Plus de deux millions de b\u00e9n\u00e9ficiaires\"}]},{\"@type\":\"WebSite\",\"@id\":\"https:\\\/\\\/lasentinelle.dz\\\/#website\",\"url\":\"https:\\\/\\\/lasentinelle.dz\\\/\",\"name\":\"La Sentinelle\",\"description\":\"Quotidien national d&#039;information\",\"publisher\":{\"@id\":\"https:\\\/\\\/lasentinelle.dz\\\/#organization\"},\"potentialAction\":[{\"@type\":\"SearchAction\",\"target\":{\"@type\":\"EntryPoint\",\"urlTemplate\":\"https:\\\/\\\/lasentinelle.dz\\\/?s={search_term_string}\"},\"query-input\":{\"@type\":\"PropertyValueSpecification\",\"valueRequired\":true,\"valueName\":\"search_term_string\"}}],\"inLanguage\":\"fr-FR\"},{\"@type\":\"Organization\",\"@id\":\"https:\\\/\\\/lasentinelle.dz\\\/#organization\",\"name\":\"Quotidien La Sentinelle\",\"url\":\"https:\\\/\\\/lasentinelle.dz\\\/\",\"logo\":{\"@type\":\"ImageObject\",\"inLanguage\":\"fr-FR\",\"@id\":\"https:\\\/\\\/lasentinelle.dz\\\/#\\\/schema\\\/logo\\\/image\\\/\",\"url\":\"https:\\\/\\\/lasentinelle.dz\\\/wp-content\\\/uploads\\\/2021\\\/09\\\/logo-sentinelleSLOGAN-1.png\",\"contentUrl\":\"https:\\\/\\\/lasentinelle.dz\\\/wp-content\\\/uploads\\\/2021\\\/09\\\/logo-sentinelleSLOGAN-1.png\",\"width\":615,\"height\":142,\"caption\":\"Quotidien La Sentinelle\"},\"image\":{\"@id\":\"https:\\\/\\\/lasentinelle.dz\\\/#\\\/schema\\\/logo\\\/image\\\/\"},\"sameAs\":[\"https:\\\/\\\/www.facebook.com\\\/La-Sentinelle-104059864394773\"]},{\"@type\":\"Person\",\"@id\":\"https:\\\/\\\/lasentinelle.dz\\\/#\\\/schema\\\/person\\\/d865044e22e70a75174ce8bcad3acfb3\",\"name\":\"La Sentinelle\",\"image\":{\"@type\":\"ImageObject\",\"inLanguage\":\"fr-FR\",\"@id\":\"https:\\\/\\\/secure.gravatar.com\\\/avatar\\\/57de8e5d4b15d43fb361a71fbb36338450fe67865b528a43dd10ef7c51a20392?s=96&d=mm&r=g\",\"url\":\"https:\\\/\\\/secure.gravatar.com\\\/avatar\\\/57de8e5d4b15d43fb361a71fbb36338450fe67865b528a43dd10ef7c51a20392?s=96&d=mm&r=g\",\"contentUrl\":\"https:\\\/\\\/secure.gravatar.com\\\/avatar\\\/57de8e5d4b15d43fb361a71fbb36338450fe67865b528a43dd10ef7c51a20392?s=96&d=mm&r=g\",\"caption\":\"La Sentinelle\"},\"sameAs\":[\"http:\\\/\\\/www.lasentinelle.dz\"],\"url\":\"https:\\\/\\\/lasentinelle.dz\\\/author\\\/redaction\\\/\"}]}<\/script>\n<!-- \/ Yoast SEO plugin. -->","yoast_head_json":{"title":"Allocation ch\u00f4mage\u00a0: Plus de deux millions de b\u00e9n\u00e9ficiaires - La Sentinelle","robots":{"index":"index","follow":"follow","max-snippet":"max-snippet:-1","max-image-preview":"max-image-preview:large","max-video-preview":"max-video-preview:-1"},"canonical":"https:\/\/lasentinelle.dz\/index.php\/2024\/02\/14\/allocation-chomage-plus-de-deux-millions-de-beneficiaires\/","og_locale":"fr_FR","og_type":"article","og_title":"Allocation ch\u00f4mage\u00a0: Plus de deux millions de b\u00e9n\u00e9ficiaires - La Sentinelle","og_description":"Le ministre du Travail, de l\u2019Emploi et de la S\u00e9curit\u00e9 sociale, Fay\u00e7al Bentaleb a soulign\u00e9 hier lors d\u2019une audition \u00e0","og_url":"https:\/\/lasentinelle.dz\/index.php\/2024\/02\/14\/allocation-chomage-plus-de-deux-millions-de-beneficiaires\/","og_site_name":"La Sentinelle","article_publisher":"https:\/\/www.facebook.com\/La-Sentinelle-104059864394773","article_published_time":"2024-02-14T13:18:45+00:00","article_modified_time":"2024-02-14T13:18:49+00:00","og_image":[{"width":1491,"height":900,"url":"https:\/\/lasentinelle.dz\/wp-content\/uploads\/2022\/03\/anem-2.png","type":"image\/png"}],"author":"La Sentinelle","twitter_card":"summary_large_image","twitter_misc":{"\u00c9crit par":"La Sentinelle","Dur\u00e9e de lecture estim\u00e9e":"3 minutes"},"schema":{"@context":"https:\/\/schema.org","@graph":[{"@type":"Article","@id":"https:\/\/lasentinelle.dz\/index.php\/2024\/02\/14\/allocation-chomage-plus-de-deux-millions-de-beneficiaires\/#article","isPartOf":{"@id":"https:\/\/lasentinelle.dz\/index.php\/2024\/02\/14\/allocation-chomage-plus-de-deux-millions-de-beneficiaires\/"},"author":{"name":"La Sentinelle","@id":"https:\/\/lasentinelle.dz\/#\/schema\/person\/d865044e22e70a75174ce8bcad3acfb3"},"headline":"Allocation ch\u00f4mage\u00a0: Plus de deux millions de b\u00e9n\u00e9ficiaires","datePublished":"2024-02-14T13:18:45+00:00","dateModified":"2024-02-14T13:18:49+00:00","mainEntityOfPage":{"@id":"https:\/\/lasentinelle.dz\/index.php\/2024\/02\/14\/allocation-chomage-plus-de-deux-millions-de-beneficiaires\/"},"wordCount":449,"commentCount":0,"publisher":{"@id":"https:\/\/lasentinelle.dz\/#organization"},"image":{"@id":"https:\/\/lasentinelle.dz\/index.php\/2024\/02\/14\/allocation-chomage-plus-de-deux-millions-de-beneficiaires\/#primaryimage"},"thumbnailUrl":"https:\/\/lasentinelle.dz\/wp-content\/uploads\/2022\/03\/anem-2.png","articleSection":["Actualit\u00e9"],"inLanguage":"fr-FR","potentialAction":[{"@type":"CommentAction","name":"Comment","target":["https:\/\/lasentinelle.dz\/index.php\/2024\/02\/14\/allocation-chomage-plus-de-deux-millions-de-beneficiaires\/#respond"]}]},{"@type":"WebPage","@id":"https:\/\/lasentinelle.dz\/index.php\/2024\/02\/14\/allocation-chomage-plus-de-deux-millions-de-beneficiaires\/","url":"https:\/\/lasentinelle.dz\/index.php\/2024\/02\/14\/allocation-chomage-plus-de-deux-millions-de-beneficiaires\/","name":"Allocation ch\u00f4mage\u00a0: Plus de deux millions de b\u00e9n\u00e9ficiaires - La Sentinelle","isPartOf":{"@id":"https:\/\/lasentinelle.dz\/#website"},"primaryImageOfPage":{"@id":"https:\/\/lasentinelle.dz\/index.php\/2024\/02\/14\/allocation-chomage-plus-de-deux-millions-de-beneficiaires\/#primaryimage"},"image":{"@id":"https:\/\/lasentinelle.dz\/index.php\/2024\/02\/14\/allocation-chomage-plus-de-deux-millions-de-beneficiaires\/#primaryimage"},"thumbnailUrl":"https:\/\/lasentinelle.dz\/wp-content\/uploads\/2022\/03\/anem-2.png","datePublished":"2024-02-14T13:18:45+00:00","dateModified":"2024-02-14T13:18:49+00:00","breadcrumb":{"@id":"https:\/\/lasentinelle.dz\/index.php\/2024\/02\/14\/allocation-chomage-plus-de-deux-millions-de-beneficiaires\/#breadcrumb"},"inLanguage":"fr-FR","potentialAction":[{"@type":"ReadAction","target":["https:\/\/lasentinelle.dz\/index.php\/2024\/02\/14\/allocation-chomage-plus-de-deux-millions-de-beneficiaires\/"]}]},{"@type":"ImageObject","inLanguage":"fr-FR","@id":"https:\/\/lasentinelle.dz\/index.php\/2024\/02\/14\/allocation-chomage-plus-de-deux-millions-de-beneficiaires\/#primaryimage","url":"https:\/\/lasentinelle.dz\/wp-content\/uploads\/2022\/03\/anem-2.png","contentUrl":"https:\/\/lasentinelle.dz\/wp-content\/uploads\/2022\/03\/anem-2.png","width":1491,"height":900},{"@type":"BreadcrumbList","@id":"https:\/\/lasentinelle.dz\/index.php\/2024\/02\/14\/allocation-chomage-plus-de-deux-millions-de-beneficiaires\/#breadcrumb","itemListElement":[{"@type":"ListItem","position":1,"name":"Accueil","item":"https:\/\/lasentinelle.dz\/"},{"@type":"ListItem","position":2,"name":"Allocation ch\u00f4mage\u00a0: Plus de deux millions de b\u00e9n\u00e9ficiaires"}]},{"@type":"WebSite","@id":"https:\/\/lasentinelle.dz\/#website","url":"https:\/\/lasentinelle.dz\/","name":"La Sentinelle","description":"Quotidien national d&#039;information","publisher":{"@id":"https:\/\/lasentinelle.dz\/#organization"},"potentialAction":[{"@type":"SearchAction","target":{"@type":"EntryPoint","urlTemplate":"https:\/\/lasentinelle.dz\/?s={search_term_string}"},"query-input":{"@type":"PropertyValueSpecification","valueRequired":true,"valueName":"search_term_string"}}],"inLanguage":"fr-FR"},{"@type":"Organization","@id":"https:\/\/lasentinelle.dz\/#organization","name":"Quotidien La Sentinelle","url":"https:\/\/lasentinelle.dz\/","logo":{"@type":"ImageObject","inLanguage":"fr-FR","@id":"https:\/\/lasentinelle.dz\/#\/schema\/logo\/image\/","url":"https:\/\/lasentinelle.dz\/wp-content\/uploads\/2021\/09\/logo-sentinelleSLOGAN-1.png","contentUrl":"https:\/\/lasentinelle.dz\/wp-content\/uploads\/2021\/09\/logo-sentinelleSLOGAN-1.png","width":615,"height":142,"caption":"Quotidien La Sentinelle"},"image":{"@id":"https:\/\/lasentinelle.dz\/#\/schema\/logo\/image\/"},"sameAs":["https:\/\/www.facebook.com\/La-Sentinelle-104059864394773"]},{"@type":"Person","@id":"https:\/\/lasentinelle.dz\/#\/schema\/person\/d865044e22e70a75174ce8bcad3acfb3","name":"La Sentinelle","image":{"@type":"ImageObject","inLanguage":"fr-FR","@id":"https:\/\/secure.gravatar.com\/avatar\/57de8e5d4b15d43fb361a71fbb36338450fe67865b528a43dd10ef7c51a20392?s=96&d=mm&r=g","url":"https:\/\/secure.gravatar.com\/avatar\/57de8e5d4b15d43fb361a71fbb36338450fe67865b528a43dd10ef7c51a20392?s=96&d=mm&r=g","contentUrl":"https:\/\/secure.gravatar.com\/avatar\/57de8e5d4b15d43fb361a71fbb36338450fe67865b528a43dd10ef7c51a20392?s=96&d=mm&r=g","caption":"La Sentinelle"},"sameAs":["http:\/\/www.lasentinelle.dz"],"url":"https:\/\/lasentinelle.dz\/author\/redaction\/"}]}},"_links":{"self":[{"href":"https:\/\/lasentinelle.dz\/index.php\/wp-json\/wp\/v2\/posts\/49502","targetHints":{"allow":["GET"]}}],"collection":[{"href":"https:\/\/lasentinelle.dz\/index.php\/wp-json\/wp\/v2\/posts"}],"about":[{"href":"https:\/\/lasentinelle.dz\/index.php\/wp-json\/wp\/v2\/types\/post"}],"author":[{"embeddable":true,"href":"https:\/\/lasentinelle.dz\/index.php\/wp-json\/wp\/v2\/users\/3"}],"replies":[{"embeddable":true,"href":"https:\/\/lasentinelle.dz\/index.php\/wp-json\/wp\/v2\/comments?post=49502"}],"version-history":[{"count":1,"href":"https:\/\/lasentinelle.dz\/index.php\/wp-json\/wp\/v2\/posts\/49502\/revisions"}],"predecessor-version":[{"id":49503,"href":"https:\/\/lasentinelle.dz\/index.php\/wp-json\/wp\/v2\/posts\/49502\/revisions\/49503"}],"wp:featuredmedia":[{"embeddable":true,"href":"https:\/\/lasentinelle.dz\/index.php\/wp-json\/wp\/v2\/media\/19099"}],"wp:attachment":[{"href":"https:\/\/lasentinelle.dz\/index.php\/wp-json\/wp\/v2\/media?parent=49502"}],"wp:term":[{"taxonomy":"category","embeddable":true,"href":"https:\/\/lasentinelle.dz\/index.php\/wp-json\/wp\/v2\/categories?post=49502"},{"taxonomy":"post_tag","embeddable":true,"href":"https:\/\/lasentinelle.dz\/index.php\/wp-json\/wp\/v2\/tags?post=49502"}],"curies":[{"name":"wp","href":"https:\/\/api.w.org\/{rel}","templated":true}]}}