{"id":49504,"date":"2024-02-14T14:19:52","date_gmt":"2024-02-14T13:19:52","guid":{"rendered":"https:\/\/lasentinelle.dz\/?p=49504"},"modified":"2024-02-14T14:19:56","modified_gmt":"2024-02-14T13:19:56","slug":"pour-repondre-aux-besoins-du-marche-pres-de-400-tonnes-de-legumineuses-arrivent-au-port-dannaba","status":"publish","type":"post","link":"https:\/\/lasentinelle.dz\/index.php\/2024\/02\/14\/pour-repondre-aux-besoins-du-marche-pres-de-400-tonnes-de-legumineuses-arrivent-au-port-dannaba\/","title":{"rendered":"Pour r\u00e9pondre aux besoins du march\u00e9\u00a0: Pr\u00e8s de 400 tonnes de l\u00e9gumineuses arrivent au port d\u2019Annaba"},"content":{"rendered":"\n<p>Conform\u00e9ment au programme des autorit\u00e9s centrales visant \u00e0 assurer l&rsquo;abondance des&nbsp; produits alimentaires de large consommation, et notamment les l\u00e9gumineuses notamment, l&rsquo;Office alg\u00e9rien interprofessionnel des c\u00e9r\u00e9ales a mis en \u0153uvre un important d&rsquo;importation pour r\u00e9pondre aux besoins du march\u00e9 national en ces produits de large consommation.<\/p>\n\n\n\n<p>Ainsi, pas moins de 72 tonnes d\u2019haricots blancs et 292, 85 tonnes de lentilles sont arriv\u00e9es dimanche au port marchand d\u2019Annaba. Import\u00e9s respectivement d\u2019Argentine et du Canada, ces produits destin\u00e9s au march\u00e9 local, ont \u00e9t\u00e9 soumis aux op\u00e9rations de contr\u00f4le de qualit\u00e9, effectu\u00e9es par les brigades de l\u2019inspection de contr\u00f4le de la direction du commerce et de la promotion des exportations de la wilaya d\u2019Annaba, en coordination avec les services agricoles. \u00c0 l\u2019issue des op\u00e9rations de contr\u00f4le de qualit\u00e9 et de validation des conditions de conditionnement, les produits seront transf\u00e9r\u00e9s vers aux&nbsp; entrep\u00f4ts&nbsp; de stockage de l&rsquo;Office national des c\u00e9r\u00e9ales (OAIC) et de ses coop\u00e9ratives \u00e0 travers les diff\u00e9rentes communes de la wilaya, afin d\u2019\u00eatre&nbsp; inclus dans le programme de distribution \u00e9tabli par les organismes concern\u00e9s. Rappelons que depuis le d\u00e9but de l\u2019ann\u00e9e, plusieurs cargaisons de l\u00e9gumineuses&nbsp; sont arriv\u00e9es au port commercial d\u2019Annaba et ont \u00e9t\u00e9 r\u00e9ceptionn\u00e9es par les services de contr\u00f4le de la direction du commerce et de la promotion des exportations. Le dernier arrivage remonte au 5 f\u00e9vrier en cours, avec une cargaison de 395 tonnes d\u2019haricots blancs secs en provenance des \u00c9tats-Unis. Toutes ces quantit\u00e9s import\u00e9es sont destin\u00e9es au march\u00e9 local, en vue d&rsquo;\u00e9radiquer toute p\u00e9nuries ; surtout que les autorit\u00e9s comp\u00e9tentes surveillent de pr\u00e8s le march\u00e9 des l\u00e9gumineuses. De leur c\u00f4t\u00e9 les contr\u00f4leurs de la DCP multiplient les op\u00e9rations de contr\u00f4le&nbsp; et&nbsp; inspectent au&nbsp; quotidien les vendeurs du d\u00e9tail et les grossistes, notamment pour les prix, afin d&rsquo;\u00e9viter toute sp\u00e9culation et s\u2019assurer de la disponibilit\u00e9 de ces produits de large consommation.<\/p>\n\n\n\n<p>Sofia Chahine<\/p>\n","protected":false},"excerpt":{"rendered":"<p>Conform\u00e9ment au programme des autorit\u00e9s centrales visant \u00e0 assurer l&rsquo;abondance des&nbsp; produits alimentaires de large consommation, et notamment les l\u00e9gumineuses<\/p>\n","protected":false},"author":3,"featured_media":36110,"comment_status":"open","ping_status":"closed","sticky":false,"template":"","format":"standard","meta":{"colormag_page_container_layout":"default_layout","colormag_page_sidebar_layout":"default_layout","om_disable_all_campaigns":false,"_monsterinsights_skip_tracking":false,"_monsterinsights_sitenote_active":false,"_monsterinsights_sitenote_note":"","_monsterinsights_sitenote_category":0,"footnotes":"","_wpscppro_dont_share_socialmedia":false,"_wpscppro_custom_social_share_image":0,"_facebook_share_type":"","_twitter_share_type":"","_linkedin_share_type":"","_pinterest_share_type":"","_linkedin_share_type_page":"","_instagram_share_type":"","_medium_share_type":"","_threads_share_type":"","_google_business_share_type":"","_selected_social_profile":[],"_wpsp_enable_custom_social_template":false,"_wpsp_social_scheduling":{"enabled":false,"datetime":null,"platforms":[],"status":"template_only","dateOption":"today","timeOption":"now","customDays":"","customHours":"","customDate":"","customTime":"","schedulingType":"absolute"},"_wpsp_active_default_template":true},"categories":[52,27],"tags":[],"class_list":["post-49504","post","type-post","status-publish","format-standard","has-post-thumbnail","hentry","category-a-la-une","category-actualite"],"aioseo_notices":[],"yoast_head":"<!-- This site is optimized with the Yoast SEO plugin v27.5 - https:\/\/yoast.com\/product\/yoast-seo-wordpress\/ -->\n<title>Pour r\u00e9pondre aux besoins du march\u00e9\u00a0: Pr\u00e8s de 400 tonnes de l\u00e9gumineuses arrivent au port d\u2019Annaba - La Sentinelle<\/title>\n<meta name=\"robots\" content=\"index, follow, max-snippet:-1, max-image-preview:large, max-video-preview:-1\" \/>\n<link rel=\"canonical\" href=\"https:\/\/lasentinelle.dz\/index.php\/2024\/02\/14\/pour-repondre-aux-besoins-du-marche-pres-de-400-tonnes-de-legumineuses-arrivent-au-port-dannaba\/\" \/>\n<meta property=\"og:locale\" content=\"fr_FR\" \/>\n<meta property=\"og:type\" content=\"article\" \/>\n<meta property=\"og:title\" content=\"Pour r\u00e9pondre aux besoins du march\u00e9\u00a0: Pr\u00e8s de 400 tonnes de l\u00e9gumineuses arrivent au port d\u2019Annaba - La Sentinelle\" \/>\n<meta property=\"og:description\" content=\"Conform\u00e9ment au programme des autorit\u00e9s centrales visant \u00e0 assurer l&rsquo;abondance des&nbsp; produits alimentaires de large consommation, et notamment les l\u00e9gumineuses\" \/>\n<meta property=\"og:url\" content=\"https:\/\/lasentinelle.dz\/index.php\/2024\/02\/14\/pour-repondre-aux-besoins-du-marche-pres-de-400-tonnes-de-legumineuses-arrivent-au-port-dannaba\/\" \/>\n<meta property=\"og:site_name\" content=\"La Sentinelle\" \/>\n<meta property=\"article:publisher\" content=\"https:\/\/www.facebook.com\/La-Sentinelle-104059864394773\" \/>\n<meta property=\"article:published_time\" content=\"2024-02-14T13:19:52+00:00\" \/>\n<meta property=\"article:modified_time\" content=\"2024-02-14T13:19:56+00:00\" \/>\n<meta property=\"og:image\" content=\"https:\/\/lasentinelle.dz\/wp-content\/uploads\/2023\/02\/legumes-secs.png\" \/>\n\t<meta property=\"og:image:width\" content=\"1603\" \/>\n\t<meta property=\"og:image:height\" content=\"900\" \/>\n\t<meta property=\"og:image:type\" content=\"image\/png\" \/>\n<meta name=\"author\" content=\"La Sentinelle\" \/>\n<meta name=\"twitter:card\" content=\"summary_large_image\" \/>\n<meta name=\"twitter:label1\" content=\"\u00c9crit par\" \/>\n\t<meta name=\"twitter:data1\" content=\"La Sentinelle\" \/>\n\t<meta name=\"twitter:label2\" content=\"Dur\u00e9e de lecture estim\u00e9e\" \/>\n\t<meta name=\"twitter:data2\" content=\"2 minutes\" \/>\n<script type=\"application\/ld+json\" class=\"yoast-schema-graph\">{\"@context\":\"https:\\\/\\\/schema.org\",\"@graph\":[{\"@type\":\"Article\",\"@id\":\"https:\\\/\\\/lasentinelle.dz\\\/index.php\\\/2024\\\/02\\\/14\\\/pour-repondre-aux-besoins-du-marche-pres-de-400-tonnes-de-legumineuses-arrivent-au-port-dannaba\\\/#article\",\"isPartOf\":{\"@id\":\"https:\\\/\\\/lasentinelle.dz\\\/index.php\\\/2024\\\/02\\\/14\\\/pour-repondre-aux-besoins-du-marche-pres-de-400-tonnes-de-legumineuses-arrivent-au-port-dannaba\\\/\"},\"author\":{\"name\":\"La Sentinelle\",\"@id\":\"https:\\\/\\\/lasentinelle.dz\\\/#\\\/schema\\\/person\\\/d865044e22e70a75174ce8bcad3acfb3\"},\"headline\":\"Pour r\u00e9pondre aux besoins du march\u00e9\u00a0: Pr\u00e8s de 400 tonnes de l\u00e9gumineuses arrivent au port d\u2019Annaba\",\"datePublished\":\"2024-02-14T13:19:52+00:00\",\"dateModified\":\"2024-02-14T13:19:56+00:00\",\"mainEntityOfPage\":{\"@id\":\"https:\\\/\\\/lasentinelle.dz\\\/index.php\\\/2024\\\/02\\\/14\\\/pour-repondre-aux-besoins-du-marche-pres-de-400-tonnes-de-legumineuses-arrivent-au-port-dannaba\\\/\"},\"wordCount\":384,\"commentCount\":0,\"publisher\":{\"@id\":\"https:\\\/\\\/lasentinelle.dz\\\/#organization\"},\"image\":{\"@id\":\"https:\\\/\\\/lasentinelle.dz\\\/index.php\\\/2024\\\/02\\\/14\\\/pour-repondre-aux-besoins-du-marche-pres-de-400-tonnes-de-legumineuses-arrivent-au-port-dannaba\\\/#primaryimage\"},\"thumbnailUrl\":\"https:\\\/\\\/lasentinelle.dz\\\/wp-content\\\/uploads\\\/2023\\\/02\\\/legumes-secs.png\",\"articleSection\":[\"\u00c0 la Une\",\"Actualit\u00e9\"],\"inLanguage\":\"fr-FR\",\"potentialAction\":[{\"@type\":\"CommentAction\",\"name\":\"Comment\",\"target\":[\"https:\\\/\\\/lasentinelle.dz\\\/index.php\\\/2024\\\/02\\\/14\\\/pour-repondre-aux-besoins-du-marche-pres-de-400-tonnes-de-legumineuses-arrivent-au-port-dannaba\\\/#respond\"]}]},{\"@type\":\"WebPage\",\"@id\":\"https:\\\/\\\/lasentinelle.dz\\\/index.php\\\/2024\\\/02\\\/14\\\/pour-repondre-aux-besoins-du-marche-pres-de-400-tonnes-de-legumineuses-arrivent-au-port-dannaba\\\/\",\"url\":\"https:\\\/\\\/lasentinelle.dz\\\/index.php\\\/2024\\\/02\\\/14\\\/pour-repondre-aux-besoins-du-marche-pres-de-400-tonnes-de-legumineuses-arrivent-au-port-dannaba\\\/\",\"name\":\"Pour r\u00e9pondre aux besoins du march\u00e9\u00a0: Pr\u00e8s de 400 tonnes de l\u00e9gumineuses arrivent au port d\u2019Annaba - La Sentinelle\",\"isPartOf\":{\"@id\":\"https:\\\/\\\/lasentinelle.dz\\\/#website\"},\"primaryImageOfPage\":{\"@id\":\"https:\\\/\\\/lasentinelle.dz\\\/index.php\\\/2024\\\/02\\\/14\\\/pour-repondre-aux-besoins-du-marche-pres-de-400-tonnes-de-legumineuses-arrivent-au-port-dannaba\\\/#primaryimage\"},\"image\":{\"@id\":\"https:\\\/\\\/lasentinelle.dz\\\/index.php\\\/2024\\\/02\\\/14\\\/pour-repondre-aux-besoins-du-marche-pres-de-400-tonnes-de-legumineuses-arrivent-au-port-dannaba\\\/#primaryimage\"},\"thumbnailUrl\":\"https:\\\/\\\/lasentinelle.dz\\\/wp-content\\\/uploads\\\/2023\\\/02\\\/legumes-secs.png\",\"datePublished\":\"2024-02-14T13:19:52+00:00\",\"dateModified\":\"2024-02-14T13:19:56+00:00\",\"breadcrumb\":{\"@id\":\"https:\\\/\\\/lasentinelle.dz\\\/index.php\\\/2024\\\/02\\\/14\\\/pour-repondre-aux-besoins-du-marche-pres-de-400-tonnes-de-legumineuses-arrivent-au-port-dannaba\\\/#breadcrumb\"},\"inLanguage\":\"fr-FR\",\"potentialAction\":[{\"@type\":\"ReadAction\",\"target\":[\"https:\\\/\\\/lasentinelle.dz\\\/index.php\\\/2024\\\/02\\\/14\\\/pour-repondre-aux-besoins-du-marche-pres-de-400-tonnes-de-legumineuses-arrivent-au-port-dannaba\\\/\"]}]},{\"@type\":\"ImageObject\",\"inLanguage\":\"fr-FR\",\"@id\":\"https:\\\/\\\/lasentinelle.dz\\\/index.php\\\/2024\\\/02\\\/14\\\/pour-repondre-aux-besoins-du-marche-pres-de-400-tonnes-de-legumineuses-arrivent-au-port-dannaba\\\/#primaryimage\",\"url\":\"https:\\\/\\\/lasentinelle.dz\\\/wp-content\\\/uploads\\\/2023\\\/02\\\/legumes-secs.png\",\"contentUrl\":\"https:\\\/\\\/lasentinelle.dz\\\/wp-content\\\/uploads\\\/2023\\\/02\\\/legumes-secs.png\",\"width\":1603,\"height\":900},{\"@type\":\"BreadcrumbList\",\"@id\":\"https:\\\/\\\/lasentinelle.dz\\\/index.php\\\/2024\\\/02\\\/14\\\/pour-repondre-aux-besoins-du-marche-pres-de-400-tonnes-de-legumineuses-arrivent-au-port-dannaba\\\/#breadcrumb\",\"itemListElement\":[{\"@type\":\"ListItem\",\"position\":1,\"name\":\"Accueil\",\"item\":\"https:\\\/\\\/lasentinelle.dz\\\/\"},{\"@type\":\"ListItem\",\"position\":2,\"name\":\"Pour r\u00e9pondre aux besoins du march\u00e9\u00a0: Pr\u00e8s de 400 tonnes de l\u00e9gumineuses arrivent au port d\u2019Annaba\"}]},{\"@type\":\"WebSite\",\"@id\":\"https:\\\/\\\/lasentinelle.dz\\\/#website\",\"url\":\"https:\\\/\\\/lasentinelle.dz\\\/\",\"name\":\"La Sentinelle\",\"description\":\"Quotidien national d&#039;information\",\"publisher\":{\"@id\":\"https:\\\/\\\/lasentinelle.dz\\\/#organization\"},\"potentialAction\":[{\"@type\":\"SearchAction\",\"target\":{\"@type\":\"EntryPoint\",\"urlTemplate\":\"https:\\\/\\\/lasentinelle.dz\\\/?s={search_term_string}\"},\"query-input\":{\"@type\":\"PropertyValueSpecification\",\"valueRequired\":true,\"valueName\":\"search_term_string\"}}],\"inLanguage\":\"fr-FR\"},{\"@type\":\"Organization\",\"@id\":\"https:\\\/\\\/lasentinelle.dz\\\/#organization\",\"name\":\"Quotidien La Sentinelle\",\"url\":\"https:\\\/\\\/lasentinelle.dz\\\/\",\"logo\":{\"@type\":\"ImageObject\",\"inLanguage\":\"fr-FR\",\"@id\":\"https:\\\/\\\/lasentinelle.dz\\\/#\\\/schema\\\/logo\\\/image\\\/\",\"url\":\"https:\\\/\\\/lasentinelle.dz\\\/wp-content\\\/uploads\\\/2021\\\/09\\\/logo-sentinelleSLOGAN-1.png\",\"contentUrl\":\"https:\\\/\\\/lasentinelle.dz\\\/wp-content\\\/uploads\\\/2021\\\/09\\\/logo-sentinelleSLOGAN-1.png\",\"width\":615,\"height\":142,\"caption\":\"Quotidien La Sentinelle\"},\"image\":{\"@id\":\"https:\\\/\\\/lasentinelle.dz\\\/#\\\/schema\\\/logo\\\/image\\\/\"},\"sameAs\":[\"https:\\\/\\\/www.facebook.com\\\/La-Sentinelle-104059864394773\"]},{\"@type\":\"Person\",\"@id\":\"https:\\\/\\\/lasentinelle.dz\\\/#\\\/schema\\\/person\\\/d865044e22e70a75174ce8bcad3acfb3\",\"name\":\"La Sentinelle\",\"image\":{\"@type\":\"ImageObject\",\"inLanguage\":\"fr-FR\",\"@id\":\"https:\\\/\\\/secure.gravatar.com\\\/avatar\\\/57de8e5d4b15d43fb361a71fbb36338450fe67865b528a43dd10ef7c51a20392?s=96&d=mm&r=g\",\"url\":\"https:\\\/\\\/secure.gravatar.com\\\/avatar\\\/57de8e5d4b15d43fb361a71fbb36338450fe67865b528a43dd10ef7c51a20392?s=96&d=mm&r=g\",\"contentUrl\":\"https:\\\/\\\/secure.gravatar.com\\\/avatar\\\/57de8e5d4b15d43fb361a71fbb36338450fe67865b528a43dd10ef7c51a20392?s=96&d=mm&r=g\",\"caption\":\"La Sentinelle\"},\"sameAs\":[\"http:\\\/\\\/www.lasentinelle.dz\"],\"url\":\"https:\\\/\\\/lasentinelle.dz\\\/author\\\/redaction\\\/\"}]}<\/script>\n<!-- \/ Yoast SEO plugin. -->","yoast_head_json":{"title":"Pour r\u00e9pondre aux besoins du march\u00e9\u00a0: Pr\u00e8s de 400 tonnes de l\u00e9gumineuses arrivent au port d\u2019Annaba - La Sentinelle","robots":{"index":"index","follow":"follow","max-snippet":"max-snippet:-1","max-image-preview":"max-image-preview:large","max-video-preview":"max-video-preview:-1"},"canonical":"https:\/\/lasentinelle.dz\/index.php\/2024\/02\/14\/pour-repondre-aux-besoins-du-marche-pres-de-400-tonnes-de-legumineuses-arrivent-au-port-dannaba\/","og_locale":"fr_FR","og_type":"article","og_title":"Pour r\u00e9pondre aux besoins du march\u00e9\u00a0: Pr\u00e8s de 400 tonnes de l\u00e9gumineuses arrivent au port d\u2019Annaba - La Sentinelle","og_description":"Conform\u00e9ment au programme des autorit\u00e9s centrales visant \u00e0 assurer l&rsquo;abondance des&nbsp; produits alimentaires de large consommation, et notamment les l\u00e9gumineuses","og_url":"https:\/\/lasentinelle.dz\/index.php\/2024\/02\/14\/pour-repondre-aux-besoins-du-marche-pres-de-400-tonnes-de-legumineuses-arrivent-au-port-dannaba\/","og_site_name":"La Sentinelle","article_publisher":"https:\/\/www.facebook.com\/La-Sentinelle-104059864394773","article_published_time":"2024-02-14T13:19:52+00:00","article_modified_time":"2024-02-14T13:19:56+00:00","og_image":[{"width":1603,"height":900,"url":"https:\/\/lasentinelle.dz\/wp-content\/uploads\/2023\/02\/legumes-secs.png","type":"image\/png"}],"author":"La Sentinelle","twitter_card":"summary_large_image","twitter_misc":{"\u00c9crit par":"La Sentinelle","Dur\u00e9e de lecture estim\u00e9e":"2 minutes"},"schema":{"@context":"https:\/\/schema.org","@graph":[{"@type":"Article","@id":"https:\/\/lasentinelle.dz\/index.php\/2024\/02\/14\/pour-repondre-aux-besoins-du-marche-pres-de-400-tonnes-de-legumineuses-arrivent-au-port-dannaba\/#article","isPartOf":{"@id":"https:\/\/lasentinelle.dz\/index.php\/2024\/02\/14\/pour-repondre-aux-besoins-du-marche-pres-de-400-tonnes-de-legumineuses-arrivent-au-port-dannaba\/"},"author":{"name":"La Sentinelle","@id":"https:\/\/lasentinelle.dz\/#\/schema\/person\/d865044e22e70a75174ce8bcad3acfb3"},"headline":"Pour r\u00e9pondre aux besoins du march\u00e9\u00a0: Pr\u00e8s de 400 tonnes de l\u00e9gumineuses arrivent au port d\u2019Annaba","datePublished":"2024-02-14T13:19:52+00:00","dateModified":"2024-02-14T13:19:56+00:00","mainEntityOfPage":{"@id":"https:\/\/lasentinelle.dz\/index.php\/2024\/02\/14\/pour-repondre-aux-besoins-du-marche-pres-de-400-tonnes-de-legumineuses-arrivent-au-port-dannaba\/"},"wordCount":384,"commentCount":0,"publisher":{"@id":"https:\/\/lasentinelle.dz\/#organization"},"image":{"@id":"https:\/\/lasentinelle.dz\/index.php\/2024\/02\/14\/pour-repondre-aux-besoins-du-marche-pres-de-400-tonnes-de-legumineuses-arrivent-au-port-dannaba\/#primaryimage"},"thumbnailUrl":"https:\/\/lasentinelle.dz\/wp-content\/uploads\/2023\/02\/legumes-secs.png","articleSection":["\u00c0 la Une","Actualit\u00e9"],"inLanguage":"fr-FR","potentialAction":[{"@type":"CommentAction","name":"Comment","target":["https:\/\/lasentinelle.dz\/index.php\/2024\/02\/14\/pour-repondre-aux-besoins-du-marche-pres-de-400-tonnes-de-legumineuses-arrivent-au-port-dannaba\/#respond"]}]},{"@type":"WebPage","@id":"https:\/\/lasentinelle.dz\/index.php\/2024\/02\/14\/pour-repondre-aux-besoins-du-marche-pres-de-400-tonnes-de-legumineuses-arrivent-au-port-dannaba\/","url":"https:\/\/lasentinelle.dz\/index.php\/2024\/02\/14\/pour-repondre-aux-besoins-du-marche-pres-de-400-tonnes-de-legumineuses-arrivent-au-port-dannaba\/","name":"Pour r\u00e9pondre aux besoins du march\u00e9\u00a0: Pr\u00e8s de 400 tonnes de l\u00e9gumineuses arrivent au port d\u2019Annaba - La Sentinelle","isPartOf":{"@id":"https:\/\/lasentinelle.dz\/#website"},"primaryImageOfPage":{"@id":"https:\/\/lasentinelle.dz\/index.php\/2024\/02\/14\/pour-repondre-aux-besoins-du-marche-pres-de-400-tonnes-de-legumineuses-arrivent-au-port-dannaba\/#primaryimage"},"image":{"@id":"https:\/\/lasentinelle.dz\/index.php\/2024\/02\/14\/pour-repondre-aux-besoins-du-marche-pres-de-400-tonnes-de-legumineuses-arrivent-au-port-dannaba\/#primaryimage"},"thumbnailUrl":"https:\/\/lasentinelle.dz\/wp-content\/uploads\/2023\/02\/legumes-secs.png","datePublished":"2024-02-14T13:19:52+00:00","dateModified":"2024-02-14T13:19:56+00:00","breadcrumb":{"@id":"https:\/\/lasentinelle.dz\/index.php\/2024\/02\/14\/pour-repondre-aux-besoins-du-marche-pres-de-400-tonnes-de-legumineuses-arrivent-au-port-dannaba\/#breadcrumb"},"inLanguage":"fr-FR","potentialAction":[{"@type":"ReadAction","target":["https:\/\/lasentinelle.dz\/index.php\/2024\/02\/14\/pour-repondre-aux-besoins-du-marche-pres-de-400-tonnes-de-legumineuses-arrivent-au-port-dannaba\/"]}]},{"@type":"ImageObject","inLanguage":"fr-FR","@id":"https:\/\/lasentinelle.dz\/index.php\/2024\/02\/14\/pour-repondre-aux-besoins-du-marche-pres-de-400-tonnes-de-legumineuses-arrivent-au-port-dannaba\/#primaryimage","url":"https:\/\/lasentinelle.dz\/wp-content\/uploads\/2023\/02\/legumes-secs.png","contentUrl":"https:\/\/lasentinelle.dz\/wp-content\/uploads\/2023\/02\/legumes-secs.png","width":1603,"height":900},{"@type":"BreadcrumbList","@id":"https:\/\/lasentinelle.dz\/index.php\/2024\/02\/14\/pour-repondre-aux-besoins-du-marche-pres-de-400-tonnes-de-legumineuses-arrivent-au-port-dannaba\/#breadcrumb","itemListElement":[{"@type":"ListItem","position":1,"name":"Accueil","item":"https:\/\/lasentinelle.dz\/"},{"@type":"ListItem","position":2,"name":"Pour r\u00e9pondre aux besoins du march\u00e9\u00a0: Pr\u00e8s de 400 tonnes de l\u00e9gumineuses arrivent au port d\u2019Annaba"}]},{"@type":"WebSite","@id":"https:\/\/lasentinelle.dz\/#website","url":"https:\/\/lasentinelle.dz\/","name":"La Sentinelle","description":"Quotidien national d&#039;information","publisher":{"@id":"https:\/\/lasentinelle.dz\/#organization"},"potentialAction":[{"@type":"SearchAction","target":{"@type":"EntryPoint","urlTemplate":"https:\/\/lasentinelle.dz\/?s={search_term_string}"},"query-input":{"@type":"PropertyValueSpecification","valueRequired":true,"valueName":"search_term_string"}}],"inLanguage":"fr-FR"},{"@type":"Organization","@id":"https:\/\/lasentinelle.dz\/#organization","name":"Quotidien La Sentinelle","url":"https:\/\/lasentinelle.dz\/","logo":{"@type":"ImageObject","inLanguage":"fr-FR","@id":"https:\/\/lasentinelle.dz\/#\/schema\/logo\/image\/","url":"https:\/\/lasentinelle.dz\/wp-content\/uploads\/2021\/09\/logo-sentinelleSLOGAN-1.png","contentUrl":"https:\/\/lasentinelle.dz\/wp-content\/uploads\/2021\/09\/logo-sentinelleSLOGAN-1.png","width":615,"height":142,"caption":"Quotidien La Sentinelle"},"image":{"@id":"https:\/\/lasentinelle.dz\/#\/schema\/logo\/image\/"},"sameAs":["https:\/\/www.facebook.com\/La-Sentinelle-104059864394773"]},{"@type":"Person","@id":"https:\/\/lasentinelle.dz\/#\/schema\/person\/d865044e22e70a75174ce8bcad3acfb3","name":"La Sentinelle","image":{"@type":"ImageObject","inLanguage":"fr-FR","@id":"https:\/\/secure.gravatar.com\/avatar\/57de8e5d4b15d43fb361a71fbb36338450fe67865b528a43dd10ef7c51a20392?s=96&d=mm&r=g","url":"https:\/\/secure.gravatar.com\/avatar\/57de8e5d4b15d43fb361a71fbb36338450fe67865b528a43dd10ef7c51a20392?s=96&d=mm&r=g","contentUrl":"https:\/\/secure.gravatar.com\/avatar\/57de8e5d4b15d43fb361a71fbb36338450fe67865b528a43dd10ef7c51a20392?s=96&d=mm&r=g","caption":"La Sentinelle"},"sameAs":["http:\/\/www.lasentinelle.dz"],"url":"https:\/\/lasentinelle.dz\/author\/redaction\/"}]}},"_links":{"self":[{"href":"https:\/\/lasentinelle.dz\/index.php\/wp-json\/wp\/v2\/posts\/49504","targetHints":{"allow":["GET"]}}],"collection":[{"href":"https:\/\/lasentinelle.dz\/index.php\/wp-json\/wp\/v2\/posts"}],"about":[{"href":"https:\/\/lasentinelle.dz\/index.php\/wp-json\/wp\/v2\/types\/post"}],"author":[{"embeddable":true,"href":"https:\/\/lasentinelle.dz\/index.php\/wp-json\/wp\/v2\/users\/3"}],"replies":[{"embeddable":true,"href":"https:\/\/lasentinelle.dz\/index.php\/wp-json\/wp\/v2\/comments?post=49504"}],"version-history":[{"count":1,"href":"https:\/\/lasentinelle.dz\/index.php\/wp-json\/wp\/v2\/posts\/49504\/revisions"}],"predecessor-version":[{"id":49505,"href":"https:\/\/lasentinelle.dz\/index.php\/wp-json\/wp\/v2\/posts\/49504\/revisions\/49505"}],"wp:featuredmedia":[{"embeddable":true,"href":"https:\/\/lasentinelle.dz\/index.php\/wp-json\/wp\/v2\/media\/36110"}],"wp:attachment":[{"href":"https:\/\/lasentinelle.dz\/index.php\/wp-json\/wp\/v2\/media?parent=49504"}],"wp:term":[{"taxonomy":"category","embeddable":true,"href":"https:\/\/lasentinelle.dz\/index.php\/wp-json\/wp\/v2\/categories?post=49504"},{"taxonomy":"post_tag","embeddable":true,"href":"https:\/\/lasentinelle.dz\/index.php\/wp-json\/wp\/v2\/tags?post=49504"}],"curies":[{"name":"wp","href":"https:\/\/api.w.org\/{rel}","templated":true}]}}