{"id":49506,"date":"2024-02-14T14:21:28","date_gmt":"2024-02-14T13:21:28","guid":{"rendered":"https:\/\/lasentinelle.dz\/?p=49506"},"modified":"2024-02-14T14:21:31","modified_gmt":"2024-02-14T13:21:31","slug":"premiere-reunion-du-haut-conseil-de-regulation-des-importations-la-balance-commerciale-a-la-loupe","status":"publish","type":"post","link":"https:\/\/lasentinelle.dz\/index.php\/2024\/02\/14\/premiere-reunion-du-haut-conseil-de-regulation-des-importations-la-balance-commerciale-a-la-loupe\/","title":{"rendered":"Premi\u00e8re r\u00e9union du Haut Conseil de r\u00e9gulation des importations\u00a0: La balance commerciale \u00e0 la loupe"},"content":{"rendered":"\n<p>L\u2019\u00e9valuation de la balance commerciale a \u00e9t\u00e9 au c\u0153ur de la premi\u00e8re r\u00e9union du Haut Conseil de r\u00e9gulation des importations tenue hier sous la pr\u00e9sidence du Premier ministre Nadir Larbaoui.<\/p>\n\n\n\n<p>Le Premier ministre, Nadir Larbaoui, a pr\u00e9sid\u00e9 hier mardi une r\u00e9union du Conseil sup\u00e9rieur de r\u00e9gulation des importations. Selon un communiqu\u00e9 des services du Premier ministre, cette r\u00e9union a \u00e9t\u00e9 consacr\u00e9e \u00e0 l&rsquo;\u00e9valuation des donn\u00e9es relatives \u00e0 la balance commerciale, ainsi qu&rsquo;\u00e0 l&rsquo;\u00e9tude et \u00e0 la proposition de m\u00e9canismes et de mesures visant \u00e0 prot\u00e9ger et \u00e0 d\u00e9velopper la production nationale dans le cadre de la substitution aux importations. La r\u00e9union a \u00e9galement abord\u00e9 l&rsquo;examen des grands axes de la politique nationale en mati\u00e8re d&rsquo;importations, et le renforcement de la coordination entre les secteurs pour les r\u00e9guler, notamment en d\u00e9veloppant le syst\u00e8me d&rsquo;information et le syst\u00e8me statistique relatif \u00e0 la production nationale, et en acc\u00e9l\u00e9rant le processus de num\u00e9risation, conform\u00e9ment aux instructions du pr\u00e9sident de la R\u00e9publique lors de l\u2019installation du conseil le 2 ao\u00fbt 2023\u2019, ajoute le communiqu\u00e9. Notons dans ce contexte que la Banque d\u2019Alg\u00e9rie a fait le constat dans son rapport de conjoncture pour les 9 premiers mois de 2023 d\u2019un recul du solde commercial, bien que celui-ci reste positif. A la fin des neuf premiers mois de 2023, le solde de la balance commerciale a diminu\u00e9 tout en restant exc\u00e9dentaire, affichant un surplus de 9,9 milliards de dollars, par rapport \u00e0 19,1 milliards de dollars \u00e0 la fin septembre 2022, cette baisse est attribuable \u00e0 la diminution des exportations de biens qui ont atteint 41,3 milliards de dollars \u00e0 fin septembre 2023 contre 47,9 milliards de dollars \u00e0 fin septembre 2022et une augmentation des importations de biens qui sont pass\u00e9es de 28,9 milliards de dollars \u00e0 fin septembre 2022 \u00e0 31,3 milliards de dollars \u00e0 fin septembre 2023. Pour rappel, Haut Conseil de r\u00e9gulation des importations cr\u00e9\u00e9 aupr\u00e8s du Premier ministre est charg\u00e9 de d\u00e9terminer et d&rsquo;orienter la politique appliqu\u00e9e en mati\u00e8re de r\u00e9gulation des importations, d&rsquo;examiner et de proposer toute mesure visant la r\u00e9gulation des importations, de proposer les mesures visant \u00e0 prot\u00e9ger la production nationale pour la substituer aux importations, de proposer des mesures pour am\u00e9liorer le syst\u00e8me d&rsquo;information li\u00e9 \u00e0 la d\u00e9termination des besoins du march\u00e9 national, de proposer des mesures visant la lutte contre les pratiques commerciales illicites lors de l&rsquo;importation, selon le texte de loi. Il s&rsquo;agit, \u00e9galement, d&rsquo;\u00e9valuer p\u00e9riodiquement les donn\u00e9es li\u00e9es \u00e0 la balance commerciale, notamment en ce qui concerne l&rsquo;importation, de proposer les mesures de renforcement de la coordination intersectorielle en mati\u00e8re de r\u00e9gulation des importations, de proposer des mesures visant \u00e0 renforcer la lutte contre le ph\u00e9nom\u00e8ne de la surfacturation \u00e0 l&rsquo;importation. Le conseil peut aussi\u00a0\u00bb examiner toute question d&rsquo;int\u00e9r\u00eat g\u00e9n\u00e9ral et strat\u00e9gique relative aux op\u00e9rations d&rsquo;importation\u00a0\u00bb. Dans ce cadre le Conseil dot aussi disposer d\u2019une plateforme num\u00e9rique pour la r\u00e9gulation des importations qui constitue un outil d\u2019aide \u00e0 la d\u00e9cision.<\/p>\n\n\n\n<p>Samir Benisid<\/p>\n","protected":false},"excerpt":{"rendered":"<p>L\u2019\u00e9valuation de la balance commerciale a \u00e9t\u00e9 au c\u0153ur de la premi\u00e8re r\u00e9union du Haut Conseil de r\u00e9gulation des importations<\/p>\n","protected":false},"author":3,"featured_media":39876,"comment_status":"open","ping_status":"closed","sticky":false,"template":"","format":"standard","meta":{"colormag_page_container_layout":"default_layout","colormag_page_sidebar_layout":"default_layout","om_disable_all_campaigns":false,"_monsterinsights_skip_tracking":false,"_monsterinsights_sitenote_active":false,"_monsterinsights_sitenote_note":"","_monsterinsights_sitenote_category":0,"footnotes":"","_wpscppro_dont_share_socialmedia":false,"_wpscppro_custom_social_share_image":0,"_facebook_share_type":"","_twitter_share_type":"","_linkedin_share_type":"","_pinterest_share_type":"","_linkedin_share_type_page":"","_instagram_share_type":"","_medium_share_type":"","_threads_share_type":"","_google_business_share_type":"","_selected_social_profile":[],"_wpsp_enable_custom_social_template":false,"_wpsp_social_scheduling":{"enabled":false,"datetime":null,"platforms":[],"status":"template_only","dateOption":"today","timeOption":"now","customDays":"","customHours":"","customDate":"","customTime":"","schedulingType":"absolute"},"_wpsp_active_default_template":true},"categories":[52,29],"tags":[],"class_list":["post-49506","post","type-post","status-publish","format-standard","has-post-thumbnail","hentry","category-a-la-une","category-economie"],"aioseo_notices":[],"yoast_head":"<!-- This site is optimized with the Yoast SEO plugin v27.5 - https:\/\/yoast.com\/product\/yoast-seo-wordpress\/ -->\n<title>Premi\u00e8re r\u00e9union du Haut Conseil de r\u00e9gulation des importations\u00a0: La balance commerciale \u00e0 la loupe - La Sentinelle<\/title>\n<meta name=\"robots\" content=\"index, follow, max-snippet:-1, max-image-preview:large, max-video-preview:-1\" \/>\n<link rel=\"canonical\" href=\"https:\/\/lasentinelle.dz\/index.php\/2024\/02\/14\/premiere-reunion-du-haut-conseil-de-regulation-des-importations-la-balance-commerciale-a-la-loupe\/\" \/>\n<meta property=\"og:locale\" content=\"fr_FR\" \/>\n<meta property=\"og:type\" content=\"article\" \/>\n<meta property=\"og:title\" content=\"Premi\u00e8re r\u00e9union du Haut Conseil de r\u00e9gulation des importations\u00a0: La balance commerciale \u00e0 la loupe - La Sentinelle\" \/>\n<meta property=\"og:description\" content=\"L\u2019\u00e9valuation de la balance commerciale a \u00e9t\u00e9 au c\u0153ur de la premi\u00e8re r\u00e9union du Haut Conseil de r\u00e9gulation des importations\" \/>\n<meta property=\"og:url\" content=\"https:\/\/lasentinelle.dz\/index.php\/2024\/02\/14\/premiere-reunion-du-haut-conseil-de-regulation-des-importations-la-balance-commerciale-a-la-loupe\/\" \/>\n<meta property=\"og:site_name\" content=\"La Sentinelle\" \/>\n<meta property=\"article:publisher\" content=\"https:\/\/www.facebook.com\/La-Sentinelle-104059864394773\" \/>\n<meta property=\"article:published_time\" content=\"2024-02-14T13:21:28+00:00\" \/>\n<meta property=\"article:modified_time\" content=\"2024-02-14T13:21:31+00:00\" \/>\n<meta property=\"og:image\" content=\"https:\/\/lasentinelle.dz\/wp-content\/uploads\/2023\/04\/Port-dalger.png\" \/>\n\t<meta property=\"og:image:width\" content=\"1352\" \/>\n\t<meta property=\"og:image:height\" content=\"900\" \/>\n\t<meta property=\"og:image:type\" content=\"image\/png\" \/>\n<meta name=\"author\" content=\"La Sentinelle\" \/>\n<meta name=\"twitter:card\" content=\"summary_large_image\" \/>\n<meta name=\"twitter:label1\" content=\"\u00c9crit par\" \/>\n\t<meta name=\"twitter:data1\" content=\"La Sentinelle\" \/>\n\t<meta name=\"twitter:label2\" content=\"Dur\u00e9e de lecture estim\u00e9e\" \/>\n\t<meta name=\"twitter:data2\" content=\"3 minutes\" \/>\n<script type=\"application\/ld+json\" class=\"yoast-schema-graph\">{\"@context\":\"https:\\\/\\\/schema.org\",\"@graph\":[{\"@type\":\"Article\",\"@id\":\"https:\\\/\\\/lasentinelle.dz\\\/index.php\\\/2024\\\/02\\\/14\\\/premiere-reunion-du-haut-conseil-de-regulation-des-importations-la-balance-commerciale-a-la-loupe\\\/#article\",\"isPartOf\":{\"@id\":\"https:\\\/\\\/lasentinelle.dz\\\/index.php\\\/2024\\\/02\\\/14\\\/premiere-reunion-du-haut-conseil-de-regulation-des-importations-la-balance-commerciale-a-la-loupe\\\/\"},\"author\":{\"name\":\"La Sentinelle\",\"@id\":\"https:\\\/\\\/lasentinelle.dz\\\/#\\\/schema\\\/person\\\/d865044e22e70a75174ce8bcad3acfb3\"},\"headline\":\"Premi\u00e8re r\u00e9union du Haut Conseil de r\u00e9gulation des importations\u00a0: La balance commerciale \u00e0 la loupe\",\"datePublished\":\"2024-02-14T13:21:28+00:00\",\"dateModified\":\"2024-02-14T13:21:31+00:00\",\"mainEntityOfPage\":{\"@id\":\"https:\\\/\\\/lasentinelle.dz\\\/index.php\\\/2024\\\/02\\\/14\\\/premiere-reunion-du-haut-conseil-de-regulation-des-importations-la-balance-commerciale-a-la-loupe\\\/\"},\"wordCount\":547,\"commentCount\":0,\"publisher\":{\"@id\":\"https:\\\/\\\/lasentinelle.dz\\\/#organization\"},\"image\":{\"@id\":\"https:\\\/\\\/lasentinelle.dz\\\/index.php\\\/2024\\\/02\\\/14\\\/premiere-reunion-du-haut-conseil-de-regulation-des-importations-la-balance-commerciale-a-la-loupe\\\/#primaryimage\"},\"thumbnailUrl\":\"https:\\\/\\\/lasentinelle.dz\\\/wp-content\\\/uploads\\\/2023\\\/04\\\/Port-dalger.png\",\"articleSection\":[\"\u00c0 la Une\",\"\u00c9conomie\"],\"inLanguage\":\"fr-FR\",\"potentialAction\":[{\"@type\":\"CommentAction\",\"name\":\"Comment\",\"target\":[\"https:\\\/\\\/lasentinelle.dz\\\/index.php\\\/2024\\\/02\\\/14\\\/premiere-reunion-du-haut-conseil-de-regulation-des-importations-la-balance-commerciale-a-la-loupe\\\/#respond\"]}]},{\"@type\":\"WebPage\",\"@id\":\"https:\\\/\\\/lasentinelle.dz\\\/index.php\\\/2024\\\/02\\\/14\\\/premiere-reunion-du-haut-conseil-de-regulation-des-importations-la-balance-commerciale-a-la-loupe\\\/\",\"url\":\"https:\\\/\\\/lasentinelle.dz\\\/index.php\\\/2024\\\/02\\\/14\\\/premiere-reunion-du-haut-conseil-de-regulation-des-importations-la-balance-commerciale-a-la-loupe\\\/\",\"name\":\"Premi\u00e8re r\u00e9union du Haut Conseil de r\u00e9gulation des importations\u00a0: La balance commerciale \u00e0 la loupe - La Sentinelle\",\"isPartOf\":{\"@id\":\"https:\\\/\\\/lasentinelle.dz\\\/#website\"},\"primaryImageOfPage\":{\"@id\":\"https:\\\/\\\/lasentinelle.dz\\\/index.php\\\/2024\\\/02\\\/14\\\/premiere-reunion-du-haut-conseil-de-regulation-des-importations-la-balance-commerciale-a-la-loupe\\\/#primaryimage\"},\"image\":{\"@id\":\"https:\\\/\\\/lasentinelle.dz\\\/index.php\\\/2024\\\/02\\\/14\\\/premiere-reunion-du-haut-conseil-de-regulation-des-importations-la-balance-commerciale-a-la-loupe\\\/#primaryimage\"},\"thumbnailUrl\":\"https:\\\/\\\/lasentinelle.dz\\\/wp-content\\\/uploads\\\/2023\\\/04\\\/Port-dalger.png\",\"datePublished\":\"2024-02-14T13:21:28+00:00\",\"dateModified\":\"2024-02-14T13:21:31+00:00\",\"breadcrumb\":{\"@id\":\"https:\\\/\\\/lasentinelle.dz\\\/index.php\\\/2024\\\/02\\\/14\\\/premiere-reunion-du-haut-conseil-de-regulation-des-importations-la-balance-commerciale-a-la-loupe\\\/#breadcrumb\"},\"inLanguage\":\"fr-FR\",\"potentialAction\":[{\"@type\":\"ReadAction\",\"target\":[\"https:\\\/\\\/lasentinelle.dz\\\/index.php\\\/2024\\\/02\\\/14\\\/premiere-reunion-du-haut-conseil-de-regulation-des-importations-la-balance-commerciale-a-la-loupe\\\/\"]}]},{\"@type\":\"ImageObject\",\"inLanguage\":\"fr-FR\",\"@id\":\"https:\\\/\\\/lasentinelle.dz\\\/index.php\\\/2024\\\/02\\\/14\\\/premiere-reunion-du-haut-conseil-de-regulation-des-importations-la-balance-commerciale-a-la-loupe\\\/#primaryimage\",\"url\":\"https:\\\/\\\/lasentinelle.dz\\\/wp-content\\\/uploads\\\/2023\\\/04\\\/Port-dalger.png\",\"contentUrl\":\"https:\\\/\\\/lasentinelle.dz\\\/wp-content\\\/uploads\\\/2023\\\/04\\\/Port-dalger.png\",\"width\":1352,\"height\":900},{\"@type\":\"BreadcrumbList\",\"@id\":\"https:\\\/\\\/lasentinelle.dz\\\/index.php\\\/2024\\\/02\\\/14\\\/premiere-reunion-du-haut-conseil-de-regulation-des-importations-la-balance-commerciale-a-la-loupe\\\/#breadcrumb\",\"itemListElement\":[{\"@type\":\"ListItem\",\"position\":1,\"name\":\"Accueil\",\"item\":\"https:\\\/\\\/lasentinelle.dz\\\/\"},{\"@type\":\"ListItem\",\"position\":2,\"name\":\"Premi\u00e8re r\u00e9union du Haut Conseil de r\u00e9gulation des importations\u00a0: La balance commerciale \u00e0 la loupe\"}]},{\"@type\":\"WebSite\",\"@id\":\"https:\\\/\\\/lasentinelle.dz\\\/#website\",\"url\":\"https:\\\/\\\/lasentinelle.dz\\\/\",\"name\":\"La Sentinelle\",\"description\":\"Quotidien national d&#039;information\",\"publisher\":{\"@id\":\"https:\\\/\\\/lasentinelle.dz\\\/#organization\"},\"potentialAction\":[{\"@type\":\"SearchAction\",\"target\":{\"@type\":\"EntryPoint\",\"urlTemplate\":\"https:\\\/\\\/lasentinelle.dz\\\/?s={search_term_string}\"},\"query-input\":{\"@type\":\"PropertyValueSpecification\",\"valueRequired\":true,\"valueName\":\"search_term_string\"}}],\"inLanguage\":\"fr-FR\"},{\"@type\":\"Organization\",\"@id\":\"https:\\\/\\\/lasentinelle.dz\\\/#organization\",\"name\":\"Quotidien La Sentinelle\",\"url\":\"https:\\\/\\\/lasentinelle.dz\\\/\",\"logo\":{\"@type\":\"ImageObject\",\"inLanguage\":\"fr-FR\",\"@id\":\"https:\\\/\\\/lasentinelle.dz\\\/#\\\/schema\\\/logo\\\/image\\\/\",\"url\":\"https:\\\/\\\/lasentinelle.dz\\\/wp-content\\\/uploads\\\/2021\\\/09\\\/logo-sentinelleSLOGAN-1.png\",\"contentUrl\":\"https:\\\/\\\/lasentinelle.dz\\\/wp-content\\\/uploads\\\/2021\\\/09\\\/logo-sentinelleSLOGAN-1.png\",\"width\":615,\"height\":142,\"caption\":\"Quotidien La Sentinelle\"},\"image\":{\"@id\":\"https:\\\/\\\/lasentinelle.dz\\\/#\\\/schema\\\/logo\\\/image\\\/\"},\"sameAs\":[\"https:\\\/\\\/www.facebook.com\\\/La-Sentinelle-104059864394773\"]},{\"@type\":\"Person\",\"@id\":\"https:\\\/\\\/lasentinelle.dz\\\/#\\\/schema\\\/person\\\/d865044e22e70a75174ce8bcad3acfb3\",\"name\":\"La Sentinelle\",\"image\":{\"@type\":\"ImageObject\",\"inLanguage\":\"fr-FR\",\"@id\":\"https:\\\/\\\/secure.gravatar.com\\\/avatar\\\/57de8e5d4b15d43fb361a71fbb36338450fe67865b528a43dd10ef7c51a20392?s=96&d=mm&r=g\",\"url\":\"https:\\\/\\\/secure.gravatar.com\\\/avatar\\\/57de8e5d4b15d43fb361a71fbb36338450fe67865b528a43dd10ef7c51a20392?s=96&d=mm&r=g\",\"contentUrl\":\"https:\\\/\\\/secure.gravatar.com\\\/avatar\\\/57de8e5d4b15d43fb361a71fbb36338450fe67865b528a43dd10ef7c51a20392?s=96&d=mm&r=g\",\"caption\":\"La Sentinelle\"},\"sameAs\":[\"http:\\\/\\\/www.lasentinelle.dz\"],\"url\":\"https:\\\/\\\/lasentinelle.dz\\\/author\\\/redaction\\\/\"}]}<\/script>\n<!-- \/ Yoast SEO plugin. -->","yoast_head_json":{"title":"Premi\u00e8re r\u00e9union du Haut Conseil de r\u00e9gulation des importations\u00a0: La balance commerciale \u00e0 la loupe - La Sentinelle","robots":{"index":"index","follow":"follow","max-snippet":"max-snippet:-1","max-image-preview":"max-image-preview:large","max-video-preview":"max-video-preview:-1"},"canonical":"https:\/\/lasentinelle.dz\/index.php\/2024\/02\/14\/premiere-reunion-du-haut-conseil-de-regulation-des-importations-la-balance-commerciale-a-la-loupe\/","og_locale":"fr_FR","og_type":"article","og_title":"Premi\u00e8re r\u00e9union du Haut Conseil de r\u00e9gulation des importations\u00a0: La balance commerciale \u00e0 la loupe - La Sentinelle","og_description":"L\u2019\u00e9valuation de la balance commerciale a \u00e9t\u00e9 au c\u0153ur de la premi\u00e8re r\u00e9union du Haut Conseil de r\u00e9gulation des importations","og_url":"https:\/\/lasentinelle.dz\/index.php\/2024\/02\/14\/premiere-reunion-du-haut-conseil-de-regulation-des-importations-la-balance-commerciale-a-la-loupe\/","og_site_name":"La Sentinelle","article_publisher":"https:\/\/www.facebook.com\/La-Sentinelle-104059864394773","article_published_time":"2024-02-14T13:21:28+00:00","article_modified_time":"2024-02-14T13:21:31+00:00","og_image":[{"width":1352,"height":900,"url":"https:\/\/lasentinelle.dz\/wp-content\/uploads\/2023\/04\/Port-dalger.png","type":"image\/png"}],"author":"La Sentinelle","twitter_card":"summary_large_image","twitter_misc":{"\u00c9crit par":"La Sentinelle","Dur\u00e9e de lecture estim\u00e9e":"3 minutes"},"schema":{"@context":"https:\/\/schema.org","@graph":[{"@type":"Article","@id":"https:\/\/lasentinelle.dz\/index.php\/2024\/02\/14\/premiere-reunion-du-haut-conseil-de-regulation-des-importations-la-balance-commerciale-a-la-loupe\/#article","isPartOf":{"@id":"https:\/\/lasentinelle.dz\/index.php\/2024\/02\/14\/premiere-reunion-du-haut-conseil-de-regulation-des-importations-la-balance-commerciale-a-la-loupe\/"},"author":{"name":"La Sentinelle","@id":"https:\/\/lasentinelle.dz\/#\/schema\/person\/d865044e22e70a75174ce8bcad3acfb3"},"headline":"Premi\u00e8re r\u00e9union du Haut Conseil de r\u00e9gulation des importations\u00a0: La balance commerciale \u00e0 la loupe","datePublished":"2024-02-14T13:21:28+00:00","dateModified":"2024-02-14T13:21:31+00:00","mainEntityOfPage":{"@id":"https:\/\/lasentinelle.dz\/index.php\/2024\/02\/14\/premiere-reunion-du-haut-conseil-de-regulation-des-importations-la-balance-commerciale-a-la-loupe\/"},"wordCount":547,"commentCount":0,"publisher":{"@id":"https:\/\/lasentinelle.dz\/#organization"},"image":{"@id":"https:\/\/lasentinelle.dz\/index.php\/2024\/02\/14\/premiere-reunion-du-haut-conseil-de-regulation-des-importations-la-balance-commerciale-a-la-loupe\/#primaryimage"},"thumbnailUrl":"https:\/\/lasentinelle.dz\/wp-content\/uploads\/2023\/04\/Port-dalger.png","articleSection":["\u00c0 la Une","\u00c9conomie"],"inLanguage":"fr-FR","potentialAction":[{"@type":"CommentAction","name":"Comment","target":["https:\/\/lasentinelle.dz\/index.php\/2024\/02\/14\/premiere-reunion-du-haut-conseil-de-regulation-des-importations-la-balance-commerciale-a-la-loupe\/#respond"]}]},{"@type":"WebPage","@id":"https:\/\/lasentinelle.dz\/index.php\/2024\/02\/14\/premiere-reunion-du-haut-conseil-de-regulation-des-importations-la-balance-commerciale-a-la-loupe\/","url":"https:\/\/lasentinelle.dz\/index.php\/2024\/02\/14\/premiere-reunion-du-haut-conseil-de-regulation-des-importations-la-balance-commerciale-a-la-loupe\/","name":"Premi\u00e8re r\u00e9union du Haut Conseil de r\u00e9gulation des importations\u00a0: La balance commerciale \u00e0 la loupe - La Sentinelle","isPartOf":{"@id":"https:\/\/lasentinelle.dz\/#website"},"primaryImageOfPage":{"@id":"https:\/\/lasentinelle.dz\/index.php\/2024\/02\/14\/premiere-reunion-du-haut-conseil-de-regulation-des-importations-la-balance-commerciale-a-la-loupe\/#primaryimage"},"image":{"@id":"https:\/\/lasentinelle.dz\/index.php\/2024\/02\/14\/premiere-reunion-du-haut-conseil-de-regulation-des-importations-la-balance-commerciale-a-la-loupe\/#primaryimage"},"thumbnailUrl":"https:\/\/lasentinelle.dz\/wp-content\/uploads\/2023\/04\/Port-dalger.png","datePublished":"2024-02-14T13:21:28+00:00","dateModified":"2024-02-14T13:21:31+00:00","breadcrumb":{"@id":"https:\/\/lasentinelle.dz\/index.php\/2024\/02\/14\/premiere-reunion-du-haut-conseil-de-regulation-des-importations-la-balance-commerciale-a-la-loupe\/#breadcrumb"},"inLanguage":"fr-FR","potentialAction":[{"@type":"ReadAction","target":["https:\/\/lasentinelle.dz\/index.php\/2024\/02\/14\/premiere-reunion-du-haut-conseil-de-regulation-des-importations-la-balance-commerciale-a-la-loupe\/"]}]},{"@type":"ImageObject","inLanguage":"fr-FR","@id":"https:\/\/lasentinelle.dz\/index.php\/2024\/02\/14\/premiere-reunion-du-haut-conseil-de-regulation-des-importations-la-balance-commerciale-a-la-loupe\/#primaryimage","url":"https:\/\/lasentinelle.dz\/wp-content\/uploads\/2023\/04\/Port-dalger.png","contentUrl":"https:\/\/lasentinelle.dz\/wp-content\/uploads\/2023\/04\/Port-dalger.png","width":1352,"height":900},{"@type":"BreadcrumbList","@id":"https:\/\/lasentinelle.dz\/index.php\/2024\/02\/14\/premiere-reunion-du-haut-conseil-de-regulation-des-importations-la-balance-commerciale-a-la-loupe\/#breadcrumb","itemListElement":[{"@type":"ListItem","position":1,"name":"Accueil","item":"https:\/\/lasentinelle.dz\/"},{"@type":"ListItem","position":2,"name":"Premi\u00e8re r\u00e9union du Haut Conseil de r\u00e9gulation des importations\u00a0: La balance commerciale \u00e0 la loupe"}]},{"@type":"WebSite","@id":"https:\/\/lasentinelle.dz\/#website","url":"https:\/\/lasentinelle.dz\/","name":"La Sentinelle","description":"Quotidien national d&#039;information","publisher":{"@id":"https:\/\/lasentinelle.dz\/#organization"},"potentialAction":[{"@type":"SearchAction","target":{"@type":"EntryPoint","urlTemplate":"https:\/\/lasentinelle.dz\/?s={search_term_string}"},"query-input":{"@type":"PropertyValueSpecification","valueRequired":true,"valueName":"search_term_string"}}],"inLanguage":"fr-FR"},{"@type":"Organization","@id":"https:\/\/lasentinelle.dz\/#organization","name":"Quotidien La Sentinelle","url":"https:\/\/lasentinelle.dz\/","logo":{"@type":"ImageObject","inLanguage":"fr-FR","@id":"https:\/\/lasentinelle.dz\/#\/schema\/logo\/image\/","url":"https:\/\/lasentinelle.dz\/wp-content\/uploads\/2021\/09\/logo-sentinelleSLOGAN-1.png","contentUrl":"https:\/\/lasentinelle.dz\/wp-content\/uploads\/2021\/09\/logo-sentinelleSLOGAN-1.png","width":615,"height":142,"caption":"Quotidien La Sentinelle"},"image":{"@id":"https:\/\/lasentinelle.dz\/#\/schema\/logo\/image\/"},"sameAs":["https:\/\/www.facebook.com\/La-Sentinelle-104059864394773"]},{"@type":"Person","@id":"https:\/\/lasentinelle.dz\/#\/schema\/person\/d865044e22e70a75174ce8bcad3acfb3","name":"La Sentinelle","image":{"@type":"ImageObject","inLanguage":"fr-FR","@id":"https:\/\/secure.gravatar.com\/avatar\/57de8e5d4b15d43fb361a71fbb36338450fe67865b528a43dd10ef7c51a20392?s=96&d=mm&r=g","url":"https:\/\/secure.gravatar.com\/avatar\/57de8e5d4b15d43fb361a71fbb36338450fe67865b528a43dd10ef7c51a20392?s=96&d=mm&r=g","contentUrl":"https:\/\/secure.gravatar.com\/avatar\/57de8e5d4b15d43fb361a71fbb36338450fe67865b528a43dd10ef7c51a20392?s=96&d=mm&r=g","caption":"La Sentinelle"},"sameAs":["http:\/\/www.lasentinelle.dz"],"url":"https:\/\/lasentinelle.dz\/author\/redaction\/"}]}},"_links":{"self":[{"href":"https:\/\/lasentinelle.dz\/index.php\/wp-json\/wp\/v2\/posts\/49506","targetHints":{"allow":["GET"]}}],"collection":[{"href":"https:\/\/lasentinelle.dz\/index.php\/wp-json\/wp\/v2\/posts"}],"about":[{"href":"https:\/\/lasentinelle.dz\/index.php\/wp-json\/wp\/v2\/types\/post"}],"author":[{"embeddable":true,"href":"https:\/\/lasentinelle.dz\/index.php\/wp-json\/wp\/v2\/users\/3"}],"replies":[{"embeddable":true,"href":"https:\/\/lasentinelle.dz\/index.php\/wp-json\/wp\/v2\/comments?post=49506"}],"version-history":[{"count":1,"href":"https:\/\/lasentinelle.dz\/index.php\/wp-json\/wp\/v2\/posts\/49506\/revisions"}],"predecessor-version":[{"id":49507,"href":"https:\/\/lasentinelle.dz\/index.php\/wp-json\/wp\/v2\/posts\/49506\/revisions\/49507"}],"wp:featuredmedia":[{"embeddable":true,"href":"https:\/\/lasentinelle.dz\/index.php\/wp-json\/wp\/v2\/media\/39876"}],"wp:attachment":[{"href":"https:\/\/lasentinelle.dz\/index.php\/wp-json\/wp\/v2\/media?parent=49506"}],"wp:term":[{"taxonomy":"category","embeddable":true,"href":"https:\/\/lasentinelle.dz\/index.php\/wp-json\/wp\/v2\/categories?post=49506"},{"taxonomy":"post_tag","embeddable":true,"href":"https:\/\/lasentinelle.dz\/index.php\/wp-json\/wp\/v2\/tags?post=49506"}],"curies":[{"name":"wp","href":"https:\/\/api.w.org\/{rel}","templated":true}]}}