{"id":49521,"date":"2024-02-15T12:10:00","date_gmt":"2024-02-15T11:10:00","guid":{"rendered":"https:\/\/lasentinelle.dz\/?p=49521"},"modified":"2024-02-17T12:11:23","modified_gmt":"2024-02-17T11:11:23","slug":"ligue-des-champions-de-la-caf-le-crb-a-un-tournant-face-a-al-ahly","status":"publish","type":"post","link":"https:\/\/lasentinelle.dz\/index.php\/2024\/02\/15\/ligue-des-champions-de-la-caf-le-crb-a-un-tournant-face-a-al-ahly\/","title":{"rendered":"Ligue des champions de la CAF\u00a0: Le CRB \u00e0 un tournant face \u00e0 Al Ahly"},"content":{"rendered":"\n<p>Le seul repr\u00e9sentant en course en Ligue des champions de la CAF, doit r\u00e9\u00e9diter l\u2019exploit face au tenant du titre africain demain \u00e0 domicile pour esp\u00e9rer prendre une option pour la qualification.<\/p>\n\n\n\n<p>Le CR Belouizdad qui a tenu en \u00e9chec Al Ahly au match aller en \u00c9gypte dispose d\u2019une r\u00e9elle opportunit\u00e9 de l\u2019emporter demain \u00e0 20h00 au stade du 5 juillet et ainsi prendre les commandes du groupe D de la phase de poules, \u00e0 l&rsquo;occasion de la mise \u00e0 jour de la 4e journ\u00e9e. Le CRB (3e, 4 pts) est devant un tournant important dans sa qu\u00eate \u00e0 la qualification aux quarts de finale de cette prestigieuse comp\u00e9tition, d&rsquo;autant qu&rsquo;en face, les co\u00e9quipiers du revenant Sofiane Bouchar d\u00e9fieront le tenant du titre et actuel leader du groupe avec 5 points. Ce rendez-vous constitue ainsi une belle opportunit\u00e9 pour les Belouizdadis pour frapper d&rsquo;une pierre deux coups: prendre la t\u00eate du groupe et surtout faire un pas important vers les quarts de finale. \u00a0\u00bb On sait qu&rsquo;on a un match tr\u00e8s important \u00e0 bien pr\u00e9parer cette semaine, on fait tout pour que le groupe soit pr\u00eat \u00e0 relever le d\u00e9fi ce vendredi face \u00e0 Al-Ahly. Tous les joueurs sont concern\u00e9s pour r\u00e9pondre pr\u00e9sents\u00a0\u00bb, a affirm\u00e9 l&rsquo;entra\u00eeneur br\u00e9silien du CRB Marcos Paqueta. L&rsquo;entra\u00eeneur br\u00e9silien, Marcos Paqueta veut s&rsquo;assurer que son \u00e9quipe se pr\u00e9pare dans de bonnes conditions pour ce match \u00f4 combien important.C&rsquo;est pourquoi il a demand\u00e9 un mini stage de cinq jours au centre technique nationale. Sur le plan de l&rsquo;effectif, Paqueta pourra compter sur l&rsquo;ensemble de son effectif, de quoi lui permettre de composer un onze comp\u00e9titif et conqu\u00e9rant capable de sortir le grand jeu face \u00e0 l&rsquo;un des favoris en puissance dans cette \u00e9preuve africaine. De son c\u00f4t\u00e9, Al-Ahly du Caire, troisi\u00e8me au classement de la derni\u00e8re Coupe du monde des clubs 2023 disput\u00e9e en Arabie saoudite, n&rsquo;a plus jou\u00e9 depuis la finale de la Supercoupe d&rsquo;Egypte face \u00e0 Future FC (4-2, a.p), le 28 d\u00e9cembre dernier. Contraint au repos en raison de la pr\u00e9sence de plusieurs de ses joueurs en s\u00e9lection \u00e9gyptienne \u00e0 la CAN-2023 (report\u00e9e \u00e0 2024) en C\u00f4te d&rsquo;Ivoire (13 janvier-11 f\u00e9vrier), Al-Ahly a effectu\u00e9 en janvier un stage aux Emirats arabes unis. Face au CRB, le club cairote sera priv\u00e9 des services du milieu international malien Aliou Dieng, bless\u00e9. La rencontre CRB-Al-Ahly du Caire sera dirig\u00e9e par un trio arbitral rwandais dirig\u00e9 par Samuel Uwikunda, assist\u00e9 de Dieudonne Mutuyimana (1e assistant) et Eric Mugabo (2e assistant).Les deux premiers du groupe se qualifient aux quarts de finale, rappelle-t-on.<\/p>\n\n\n\n<p>R.S.<\/p>\n","protected":false},"excerpt":{"rendered":"<p>Le seul repr\u00e9sentant en course en Ligue des champions de la CAF, doit r\u00e9\u00e9diter l\u2019exploit face au tenant du titre<\/p>\n","protected":false},"author":3,"featured_media":49522,"comment_status":"open","ping_status":"closed","sticky":false,"template":"","format":"standard","meta":{"colormag_page_container_layout":"default_layout","colormag_page_sidebar_layout":"default_layout","om_disable_all_campaigns":false,"_monsterinsights_skip_tracking":false,"_monsterinsights_sitenote_active":false,"_monsterinsights_sitenote_note":"","_monsterinsights_sitenote_category":0,"footnotes":"","_wpscppro_dont_share_socialmedia":false,"_wpscppro_custom_social_share_image":0,"_facebook_share_type":"","_twitter_share_type":"","_linkedin_share_type":"","_pinterest_share_type":"","_linkedin_share_type_page":"","_instagram_share_type":"","_medium_share_type":"","_threads_share_type":"","_google_business_share_type":"","_selected_social_profile":[],"_wpsp_enable_custom_social_template":false,"_wpsp_social_scheduling":{"enabled":false,"datetime":null,"platforms":[],"status":"template_only","dateOption":"today","timeOption":"now","customDays":"","customHours":"","customDate":"","customTime":"","schedulingType":"absolute"},"_wpsp_active_default_template":true},"categories":[33],"tags":[],"class_list":["post-49521","post","type-post","status-publish","format-standard","has-post-thumbnail","hentry","category-sports"],"aioseo_notices":[],"yoast_head":"<!-- This site is optimized with the Yoast SEO plugin v27.5 - https:\/\/yoast.com\/product\/yoast-seo-wordpress\/ -->\n<title>Ligue des champions de la CAF\u00a0: Le CRB \u00e0 un tournant face \u00e0 Al Ahly - La Sentinelle<\/title>\n<meta name=\"robots\" content=\"index, follow, max-snippet:-1, max-image-preview:large, max-video-preview:-1\" \/>\n<link rel=\"canonical\" href=\"https:\/\/lasentinelle.dz\/index.php\/2024\/02\/15\/ligue-des-champions-de-la-caf-le-crb-a-un-tournant-face-a-al-ahly\/\" \/>\n<meta property=\"og:locale\" content=\"fr_FR\" \/>\n<meta property=\"og:type\" content=\"article\" \/>\n<meta property=\"og:title\" content=\"Ligue des champions de la CAF\u00a0: Le CRB \u00e0 un tournant face \u00e0 Al Ahly - La Sentinelle\" \/>\n<meta property=\"og:description\" content=\"Le seul repr\u00e9sentant en course en Ligue des champions de la CAF, doit r\u00e9\u00e9diter l\u2019exploit face au tenant du titre\" \/>\n<meta property=\"og:url\" content=\"https:\/\/lasentinelle.dz\/index.php\/2024\/02\/15\/ligue-des-champions-de-la-caf-le-crb-a-un-tournant-face-a-al-ahly\/\" \/>\n<meta property=\"og:site_name\" content=\"La Sentinelle\" \/>\n<meta property=\"article:publisher\" content=\"https:\/\/www.facebook.com\/La-Sentinelle-104059864394773\" \/>\n<meta property=\"article:published_time\" content=\"2024-02-15T11:10:00+00:00\" \/>\n<meta property=\"article:modified_time\" content=\"2024-02-17T11:11:23+00:00\" \/>\n<meta property=\"og:image\" content=\"https:\/\/lasentinelle.dz\/wp-content\/uploads\/2024\/02\/CRB-al-ahly.jpeg\" \/>\n\t<meta property=\"og:image:width\" content=\"1080\" \/>\n\t<meta property=\"og:image:height\" content=\"720\" \/>\n\t<meta property=\"og:image:type\" content=\"image\/jpeg\" \/>\n<meta name=\"author\" content=\"La Sentinelle\" \/>\n<meta name=\"twitter:card\" content=\"summary_large_image\" \/>\n<meta name=\"twitter:label1\" content=\"\u00c9crit par\" \/>\n\t<meta name=\"twitter:data1\" content=\"La Sentinelle\" \/>\n\t<meta name=\"twitter:label2\" content=\"Dur\u00e9e de lecture estim\u00e9e\" \/>\n\t<meta name=\"twitter:data2\" content=\"3 minutes\" \/>\n<script type=\"application\/ld+json\" class=\"yoast-schema-graph\">{\"@context\":\"https:\\\/\\\/schema.org\",\"@graph\":[{\"@type\":\"Article\",\"@id\":\"https:\\\/\\\/lasentinelle.dz\\\/index.php\\\/2024\\\/02\\\/15\\\/ligue-des-champions-de-la-caf-le-crb-a-un-tournant-face-a-al-ahly\\\/#article\",\"isPartOf\":{\"@id\":\"https:\\\/\\\/lasentinelle.dz\\\/index.php\\\/2024\\\/02\\\/15\\\/ligue-des-champions-de-la-caf-le-crb-a-un-tournant-face-a-al-ahly\\\/\"},\"author\":{\"name\":\"La Sentinelle\",\"@id\":\"https:\\\/\\\/lasentinelle.dz\\\/#\\\/schema\\\/person\\\/d865044e22e70a75174ce8bcad3acfb3\"},\"headline\":\"Ligue des champions de la CAF\u00a0: Le CRB \u00e0 un tournant face \u00e0 Al Ahly\",\"datePublished\":\"2024-02-15T11:10:00+00:00\",\"dateModified\":\"2024-02-17T11:11:23+00:00\",\"mainEntityOfPage\":{\"@id\":\"https:\\\/\\\/lasentinelle.dz\\\/index.php\\\/2024\\\/02\\\/15\\\/ligue-des-champions-de-la-caf-le-crb-a-un-tournant-face-a-al-ahly\\\/\"},\"wordCount\":473,\"commentCount\":0,\"publisher\":{\"@id\":\"https:\\\/\\\/lasentinelle.dz\\\/#organization\"},\"image\":{\"@id\":\"https:\\\/\\\/lasentinelle.dz\\\/index.php\\\/2024\\\/02\\\/15\\\/ligue-des-champions-de-la-caf-le-crb-a-un-tournant-face-a-al-ahly\\\/#primaryimage\"},\"thumbnailUrl\":\"https:\\\/\\\/lasentinelle.dz\\\/wp-content\\\/uploads\\\/2024\\\/02\\\/CRB-al-ahly.jpeg\",\"articleSection\":[\"Sports\"],\"inLanguage\":\"fr-FR\",\"potentialAction\":[{\"@type\":\"CommentAction\",\"name\":\"Comment\",\"target\":[\"https:\\\/\\\/lasentinelle.dz\\\/index.php\\\/2024\\\/02\\\/15\\\/ligue-des-champions-de-la-caf-le-crb-a-un-tournant-face-a-al-ahly\\\/#respond\"]}]},{\"@type\":\"WebPage\",\"@id\":\"https:\\\/\\\/lasentinelle.dz\\\/index.php\\\/2024\\\/02\\\/15\\\/ligue-des-champions-de-la-caf-le-crb-a-un-tournant-face-a-al-ahly\\\/\",\"url\":\"https:\\\/\\\/lasentinelle.dz\\\/index.php\\\/2024\\\/02\\\/15\\\/ligue-des-champions-de-la-caf-le-crb-a-un-tournant-face-a-al-ahly\\\/\",\"name\":\"Ligue des champions de la CAF\u00a0: Le CRB \u00e0 un tournant face \u00e0 Al Ahly - La Sentinelle\",\"isPartOf\":{\"@id\":\"https:\\\/\\\/lasentinelle.dz\\\/#website\"},\"primaryImageOfPage\":{\"@id\":\"https:\\\/\\\/lasentinelle.dz\\\/index.php\\\/2024\\\/02\\\/15\\\/ligue-des-champions-de-la-caf-le-crb-a-un-tournant-face-a-al-ahly\\\/#primaryimage\"},\"image\":{\"@id\":\"https:\\\/\\\/lasentinelle.dz\\\/index.php\\\/2024\\\/02\\\/15\\\/ligue-des-champions-de-la-caf-le-crb-a-un-tournant-face-a-al-ahly\\\/#primaryimage\"},\"thumbnailUrl\":\"https:\\\/\\\/lasentinelle.dz\\\/wp-content\\\/uploads\\\/2024\\\/02\\\/CRB-al-ahly.jpeg\",\"datePublished\":\"2024-02-15T11:10:00+00:00\",\"dateModified\":\"2024-02-17T11:11:23+00:00\",\"breadcrumb\":{\"@id\":\"https:\\\/\\\/lasentinelle.dz\\\/index.php\\\/2024\\\/02\\\/15\\\/ligue-des-champions-de-la-caf-le-crb-a-un-tournant-face-a-al-ahly\\\/#breadcrumb\"},\"inLanguage\":\"fr-FR\",\"potentialAction\":[{\"@type\":\"ReadAction\",\"target\":[\"https:\\\/\\\/lasentinelle.dz\\\/index.php\\\/2024\\\/02\\\/15\\\/ligue-des-champions-de-la-caf-le-crb-a-un-tournant-face-a-al-ahly\\\/\"]}]},{\"@type\":\"ImageObject\",\"inLanguage\":\"fr-FR\",\"@id\":\"https:\\\/\\\/lasentinelle.dz\\\/index.php\\\/2024\\\/02\\\/15\\\/ligue-des-champions-de-la-caf-le-crb-a-un-tournant-face-a-al-ahly\\\/#primaryimage\",\"url\":\"https:\\\/\\\/lasentinelle.dz\\\/wp-content\\\/uploads\\\/2024\\\/02\\\/CRB-al-ahly.jpeg\",\"contentUrl\":\"https:\\\/\\\/lasentinelle.dz\\\/wp-content\\\/uploads\\\/2024\\\/02\\\/CRB-al-ahly.jpeg\",\"width\":1080,\"height\":720},{\"@type\":\"BreadcrumbList\",\"@id\":\"https:\\\/\\\/lasentinelle.dz\\\/index.php\\\/2024\\\/02\\\/15\\\/ligue-des-champions-de-la-caf-le-crb-a-un-tournant-face-a-al-ahly\\\/#breadcrumb\",\"itemListElement\":[{\"@type\":\"ListItem\",\"position\":1,\"name\":\"Accueil\",\"item\":\"https:\\\/\\\/lasentinelle.dz\\\/\"},{\"@type\":\"ListItem\",\"position\":2,\"name\":\"Ligue des champions de la CAF\u00a0: Le CRB \u00e0 un tournant face \u00e0 Al Ahly\"}]},{\"@type\":\"WebSite\",\"@id\":\"https:\\\/\\\/lasentinelle.dz\\\/#website\",\"url\":\"https:\\\/\\\/lasentinelle.dz\\\/\",\"name\":\"La Sentinelle\",\"description\":\"Quotidien national d&#039;information\",\"publisher\":{\"@id\":\"https:\\\/\\\/lasentinelle.dz\\\/#organization\"},\"potentialAction\":[{\"@type\":\"SearchAction\",\"target\":{\"@type\":\"EntryPoint\",\"urlTemplate\":\"https:\\\/\\\/lasentinelle.dz\\\/?s={search_term_string}\"},\"query-input\":{\"@type\":\"PropertyValueSpecification\",\"valueRequired\":true,\"valueName\":\"search_term_string\"}}],\"inLanguage\":\"fr-FR\"},{\"@type\":\"Organization\",\"@id\":\"https:\\\/\\\/lasentinelle.dz\\\/#organization\",\"name\":\"Quotidien La Sentinelle\",\"url\":\"https:\\\/\\\/lasentinelle.dz\\\/\",\"logo\":{\"@type\":\"ImageObject\",\"inLanguage\":\"fr-FR\",\"@id\":\"https:\\\/\\\/lasentinelle.dz\\\/#\\\/schema\\\/logo\\\/image\\\/\",\"url\":\"https:\\\/\\\/lasentinelle.dz\\\/wp-content\\\/uploads\\\/2021\\\/09\\\/logo-sentinelleSLOGAN-1.png\",\"contentUrl\":\"https:\\\/\\\/lasentinelle.dz\\\/wp-content\\\/uploads\\\/2021\\\/09\\\/logo-sentinelleSLOGAN-1.png\",\"width\":615,\"height\":142,\"caption\":\"Quotidien La Sentinelle\"},\"image\":{\"@id\":\"https:\\\/\\\/lasentinelle.dz\\\/#\\\/schema\\\/logo\\\/image\\\/\"},\"sameAs\":[\"https:\\\/\\\/www.facebook.com\\\/La-Sentinelle-104059864394773\"]},{\"@type\":\"Person\",\"@id\":\"https:\\\/\\\/lasentinelle.dz\\\/#\\\/schema\\\/person\\\/d865044e22e70a75174ce8bcad3acfb3\",\"name\":\"La Sentinelle\",\"image\":{\"@type\":\"ImageObject\",\"inLanguage\":\"fr-FR\",\"@id\":\"https:\\\/\\\/secure.gravatar.com\\\/avatar\\\/57de8e5d4b15d43fb361a71fbb36338450fe67865b528a43dd10ef7c51a20392?s=96&d=mm&r=g\",\"url\":\"https:\\\/\\\/secure.gravatar.com\\\/avatar\\\/57de8e5d4b15d43fb361a71fbb36338450fe67865b528a43dd10ef7c51a20392?s=96&d=mm&r=g\",\"contentUrl\":\"https:\\\/\\\/secure.gravatar.com\\\/avatar\\\/57de8e5d4b15d43fb361a71fbb36338450fe67865b528a43dd10ef7c51a20392?s=96&d=mm&r=g\",\"caption\":\"La Sentinelle\"},\"sameAs\":[\"http:\\\/\\\/www.lasentinelle.dz\"],\"url\":\"https:\\\/\\\/lasentinelle.dz\\\/author\\\/redaction\\\/\"}]}<\/script>\n<!-- \/ Yoast SEO plugin. -->","yoast_head_json":{"title":"Ligue des champions de la CAF\u00a0: Le CRB \u00e0 un tournant face \u00e0 Al Ahly - La Sentinelle","robots":{"index":"index","follow":"follow","max-snippet":"max-snippet:-1","max-image-preview":"max-image-preview:large","max-video-preview":"max-video-preview:-1"},"canonical":"https:\/\/lasentinelle.dz\/index.php\/2024\/02\/15\/ligue-des-champions-de-la-caf-le-crb-a-un-tournant-face-a-al-ahly\/","og_locale":"fr_FR","og_type":"article","og_title":"Ligue des champions de la CAF\u00a0: Le CRB \u00e0 un tournant face \u00e0 Al Ahly - La Sentinelle","og_description":"Le seul repr\u00e9sentant en course en Ligue des champions de la CAF, doit r\u00e9\u00e9diter l\u2019exploit face au tenant du titre","og_url":"https:\/\/lasentinelle.dz\/index.php\/2024\/02\/15\/ligue-des-champions-de-la-caf-le-crb-a-un-tournant-face-a-al-ahly\/","og_site_name":"La Sentinelle","article_publisher":"https:\/\/www.facebook.com\/La-Sentinelle-104059864394773","article_published_time":"2024-02-15T11:10:00+00:00","article_modified_time":"2024-02-17T11:11:23+00:00","og_image":[{"width":1080,"height":720,"url":"https:\/\/lasentinelle.dz\/wp-content\/uploads\/2024\/02\/CRB-al-ahly.jpeg","type":"image\/jpeg"}],"author":"La Sentinelle","twitter_card":"summary_large_image","twitter_misc":{"\u00c9crit par":"La Sentinelle","Dur\u00e9e de lecture estim\u00e9e":"3 minutes"},"schema":{"@context":"https:\/\/schema.org","@graph":[{"@type":"Article","@id":"https:\/\/lasentinelle.dz\/index.php\/2024\/02\/15\/ligue-des-champions-de-la-caf-le-crb-a-un-tournant-face-a-al-ahly\/#article","isPartOf":{"@id":"https:\/\/lasentinelle.dz\/index.php\/2024\/02\/15\/ligue-des-champions-de-la-caf-le-crb-a-un-tournant-face-a-al-ahly\/"},"author":{"name":"La Sentinelle","@id":"https:\/\/lasentinelle.dz\/#\/schema\/person\/d865044e22e70a75174ce8bcad3acfb3"},"headline":"Ligue des champions de la CAF\u00a0: Le CRB \u00e0 un tournant face \u00e0 Al Ahly","datePublished":"2024-02-15T11:10:00+00:00","dateModified":"2024-02-17T11:11:23+00:00","mainEntityOfPage":{"@id":"https:\/\/lasentinelle.dz\/index.php\/2024\/02\/15\/ligue-des-champions-de-la-caf-le-crb-a-un-tournant-face-a-al-ahly\/"},"wordCount":473,"commentCount":0,"publisher":{"@id":"https:\/\/lasentinelle.dz\/#organization"},"image":{"@id":"https:\/\/lasentinelle.dz\/index.php\/2024\/02\/15\/ligue-des-champions-de-la-caf-le-crb-a-un-tournant-face-a-al-ahly\/#primaryimage"},"thumbnailUrl":"https:\/\/lasentinelle.dz\/wp-content\/uploads\/2024\/02\/CRB-al-ahly.jpeg","articleSection":["Sports"],"inLanguage":"fr-FR","potentialAction":[{"@type":"CommentAction","name":"Comment","target":["https:\/\/lasentinelle.dz\/index.php\/2024\/02\/15\/ligue-des-champions-de-la-caf-le-crb-a-un-tournant-face-a-al-ahly\/#respond"]}]},{"@type":"WebPage","@id":"https:\/\/lasentinelle.dz\/index.php\/2024\/02\/15\/ligue-des-champions-de-la-caf-le-crb-a-un-tournant-face-a-al-ahly\/","url":"https:\/\/lasentinelle.dz\/index.php\/2024\/02\/15\/ligue-des-champions-de-la-caf-le-crb-a-un-tournant-face-a-al-ahly\/","name":"Ligue des champions de la CAF\u00a0: Le CRB \u00e0 un tournant face \u00e0 Al Ahly - La Sentinelle","isPartOf":{"@id":"https:\/\/lasentinelle.dz\/#website"},"primaryImageOfPage":{"@id":"https:\/\/lasentinelle.dz\/index.php\/2024\/02\/15\/ligue-des-champions-de-la-caf-le-crb-a-un-tournant-face-a-al-ahly\/#primaryimage"},"image":{"@id":"https:\/\/lasentinelle.dz\/index.php\/2024\/02\/15\/ligue-des-champions-de-la-caf-le-crb-a-un-tournant-face-a-al-ahly\/#primaryimage"},"thumbnailUrl":"https:\/\/lasentinelle.dz\/wp-content\/uploads\/2024\/02\/CRB-al-ahly.jpeg","datePublished":"2024-02-15T11:10:00+00:00","dateModified":"2024-02-17T11:11:23+00:00","breadcrumb":{"@id":"https:\/\/lasentinelle.dz\/index.php\/2024\/02\/15\/ligue-des-champions-de-la-caf-le-crb-a-un-tournant-face-a-al-ahly\/#breadcrumb"},"inLanguage":"fr-FR","potentialAction":[{"@type":"ReadAction","target":["https:\/\/lasentinelle.dz\/index.php\/2024\/02\/15\/ligue-des-champions-de-la-caf-le-crb-a-un-tournant-face-a-al-ahly\/"]}]},{"@type":"ImageObject","inLanguage":"fr-FR","@id":"https:\/\/lasentinelle.dz\/index.php\/2024\/02\/15\/ligue-des-champions-de-la-caf-le-crb-a-un-tournant-face-a-al-ahly\/#primaryimage","url":"https:\/\/lasentinelle.dz\/wp-content\/uploads\/2024\/02\/CRB-al-ahly.jpeg","contentUrl":"https:\/\/lasentinelle.dz\/wp-content\/uploads\/2024\/02\/CRB-al-ahly.jpeg","width":1080,"height":720},{"@type":"BreadcrumbList","@id":"https:\/\/lasentinelle.dz\/index.php\/2024\/02\/15\/ligue-des-champions-de-la-caf-le-crb-a-un-tournant-face-a-al-ahly\/#breadcrumb","itemListElement":[{"@type":"ListItem","position":1,"name":"Accueil","item":"https:\/\/lasentinelle.dz\/"},{"@type":"ListItem","position":2,"name":"Ligue des champions de la CAF\u00a0: Le CRB \u00e0 un tournant face \u00e0 Al Ahly"}]},{"@type":"WebSite","@id":"https:\/\/lasentinelle.dz\/#website","url":"https:\/\/lasentinelle.dz\/","name":"La Sentinelle","description":"Quotidien national d&#039;information","publisher":{"@id":"https:\/\/lasentinelle.dz\/#organization"},"potentialAction":[{"@type":"SearchAction","target":{"@type":"EntryPoint","urlTemplate":"https:\/\/lasentinelle.dz\/?s={search_term_string}"},"query-input":{"@type":"PropertyValueSpecification","valueRequired":true,"valueName":"search_term_string"}}],"inLanguage":"fr-FR"},{"@type":"Organization","@id":"https:\/\/lasentinelle.dz\/#organization","name":"Quotidien La Sentinelle","url":"https:\/\/lasentinelle.dz\/","logo":{"@type":"ImageObject","inLanguage":"fr-FR","@id":"https:\/\/lasentinelle.dz\/#\/schema\/logo\/image\/","url":"https:\/\/lasentinelle.dz\/wp-content\/uploads\/2021\/09\/logo-sentinelleSLOGAN-1.png","contentUrl":"https:\/\/lasentinelle.dz\/wp-content\/uploads\/2021\/09\/logo-sentinelleSLOGAN-1.png","width":615,"height":142,"caption":"Quotidien La Sentinelle"},"image":{"@id":"https:\/\/lasentinelle.dz\/#\/schema\/logo\/image\/"},"sameAs":["https:\/\/www.facebook.com\/La-Sentinelle-104059864394773"]},{"@type":"Person","@id":"https:\/\/lasentinelle.dz\/#\/schema\/person\/d865044e22e70a75174ce8bcad3acfb3","name":"La Sentinelle","image":{"@type":"ImageObject","inLanguage":"fr-FR","@id":"https:\/\/secure.gravatar.com\/avatar\/57de8e5d4b15d43fb361a71fbb36338450fe67865b528a43dd10ef7c51a20392?s=96&d=mm&r=g","url":"https:\/\/secure.gravatar.com\/avatar\/57de8e5d4b15d43fb361a71fbb36338450fe67865b528a43dd10ef7c51a20392?s=96&d=mm&r=g","contentUrl":"https:\/\/secure.gravatar.com\/avatar\/57de8e5d4b15d43fb361a71fbb36338450fe67865b528a43dd10ef7c51a20392?s=96&d=mm&r=g","caption":"La Sentinelle"},"sameAs":["http:\/\/www.lasentinelle.dz"],"url":"https:\/\/lasentinelle.dz\/author\/redaction\/"}]}},"_links":{"self":[{"href":"https:\/\/lasentinelle.dz\/index.php\/wp-json\/wp\/v2\/posts\/49521","targetHints":{"allow":["GET"]}}],"collection":[{"href":"https:\/\/lasentinelle.dz\/index.php\/wp-json\/wp\/v2\/posts"}],"about":[{"href":"https:\/\/lasentinelle.dz\/index.php\/wp-json\/wp\/v2\/types\/post"}],"author":[{"embeddable":true,"href":"https:\/\/lasentinelle.dz\/index.php\/wp-json\/wp\/v2\/users\/3"}],"replies":[{"embeddable":true,"href":"https:\/\/lasentinelle.dz\/index.php\/wp-json\/wp\/v2\/comments?post=49521"}],"version-history":[{"count":1,"href":"https:\/\/lasentinelle.dz\/index.php\/wp-json\/wp\/v2\/posts\/49521\/revisions"}],"predecessor-version":[{"id":49523,"href":"https:\/\/lasentinelle.dz\/index.php\/wp-json\/wp\/v2\/posts\/49521\/revisions\/49523"}],"wp:featuredmedia":[{"embeddable":true,"href":"https:\/\/lasentinelle.dz\/index.php\/wp-json\/wp\/v2\/media\/49522"}],"wp:attachment":[{"href":"https:\/\/lasentinelle.dz\/index.php\/wp-json\/wp\/v2\/media?parent=49521"}],"wp:term":[{"taxonomy":"category","embeddable":true,"href":"https:\/\/lasentinelle.dz\/index.php\/wp-json\/wp\/v2\/categories?post=49521"},{"taxonomy":"post_tag","embeddable":true,"href":"https:\/\/lasentinelle.dz\/index.php\/wp-json\/wp\/v2\/tags?post=49521"}],"curies":[{"name":"wp","href":"https:\/\/api.w.org\/{rel}","templated":true}]}}