{"id":49527,"date":"2024-02-15T12:12:00","date_gmt":"2024-02-15T11:12:00","guid":{"rendered":"https:\/\/lasentinelle.dz\/?p=49527"},"modified":"2024-02-17T12:14:00","modified_gmt":"2024-02-17T11:14:00","slug":"rdcongo-le-conseil-de-securite-de-lonu-condamne-loffensive-du-m23","status":"publish","type":"post","link":"https:\/\/lasentinelle.dz\/index.php\/2024\/02\/15\/rdcongo-le-conseil-de-securite-de-lonu-condamne-loffensive-du-m23\/","title":{"rendered":"RDCongo\u00a0: Le Conseil de s\u00e9curit\u00e9 de l\u2019ONU condamne l\u2019offensive du M23"},"content":{"rendered":"\n<p>Le Conseil de s\u00e9curit\u00e9 de l\u2019ONU a condamn\u00e9 l\u2019offensive de la r\u00e9bellion du M23 dans l\u2019Est de la R\u00e9publique d\u00e9mocratique du Congo, s\u2019inqui\u00e9tant d\u2019une \u00ab\u00a0escalade de la violence\u00a0\u00bb dans la r\u00e9gion, ont rapport\u00e9 mercredi des m\u00e9dias locaux et \u00e9trangers. Lors d&rsquo;une r\u00e9union d&rsquo;urgence \u00e0 huis-clos, \u00ab\u00a0les membres du Conseil ont r\u00e9p\u00e9t\u00e9 leur condamnation de tous les groupes arm\u00e9s op\u00e9rant dans le pays\u00a0\u00bb, a d\u00e9clar\u00e9 au nom du Conseil, \u00e0 l&rsquo;issue de ces consultations, l&rsquo;ambassadrice du Guyana Carolyn Rodrigues-Birkett qui assure la pr\u00e9sidence tournante, indique la radio de l&rsquo;ONU en RDC, Radio Okapi.Les membres du Conseil de s\u00e9curit\u00e9 ont r\u00e9it\u00e9r\u00e9 leur \u00ab\u00a0plein soutien \u00e0 l&rsquo;unit\u00e9, la souverainet\u00e9 et \u00e0 l&rsquo;int\u00e9grit\u00e9 territoriale de la RDC. Ils ont appel\u00e9 tous les acteurs \u00e0 mettre fin \u00e0 la violence et \u00e0 respecter le droit international humanitaire\u00a0\u00bb, a rapport\u00e9 le m\u00eame m\u00e9dia.Le Conseil a, en outre, appel\u00e9 toutes les parties \u00e0 reprendre le dialogue diplomatique et \u00e0 exprimer leur soutien \u00e0 tous les efforts visant \u00e0 parvenir \u00e0 une cessation des hostilit\u00e9s, en particulier aux efforts r\u00e9gionaux.<\/p>\n\n\n\n<p>De son c\u00f4t\u00e9, le Fonds des Nations Unies pour l&rsquo;enfance (UNICEF) est alarm\u00e9 mardi par l&rsquo;explosion d&rsquo;une bombe dans un camp de personnes d\u00e9plac\u00e9es.&nbsp;&nbsp; L&rsquo;explosion s&rsquo;est produite lundi soir dans le camp de d\u00e9plac\u00e9s de Zaina, \u00e0 la p\u00e9riph\u00e9rie de la ville de Sake, dans la province du Nord-Kivu (est), co\u00fbtant la vie \u00e0 plusieurs personnes et en blessant d&rsquo;autres.&nbsp;&nbsp; &nbsp;\u00ab\u00a0Il est impensable que des familles qui ont fui la violence aient \u00e9t\u00e9 tu\u00e9es et bless\u00e9es dans un endroit qui \u00e9tait cens\u00e9 offrir la s\u00e9curit\u00e9\u00a0\u00bb, a d\u00e9clar\u00e9 Grant Leaity, repr\u00e9sentant de l&rsquo;UNICEF en RDC. \u00ab\u00a0Nous appelons toutes les parties au conflit \u00e0 prot\u00e9ger la vie des civils innocents, en particulier des enfants\u00a0\u00bb, a-t-il soulign\u00e9 dans un communiqu\u00e9.&nbsp;&nbsp; &nbsp;Les combats se sont intensifi\u00e9s ces derniers mois dans l&rsquo;est de la RDC, provoquant des mouvements massifs de population et une augmentation des besoins humanitaires. Le nombre de nouvelles personnes d\u00e9plac\u00e9es dans le Nord-Kivu en janvier 2024 \u00e9tait plus \u00e9lev\u00e9 qu&rsquo;en janvier 2023, qui \u00e9tait le pic pr\u00e9c\u00e9dent.&nbsp;&nbsp; Environ 2,5 millions de personnes ont \u00e9t\u00e9 d\u00e9plac\u00e9es dans la province du Nord-Kivu en date du 31 janvier 2024, selon un rapport publi\u00e9 mardi par le Bureau des Nations Unies pour la coordination des affaires humanitaires (OCHA).&nbsp;&nbsp;<\/p>\n\n\n\n<p>R.I.<\/p>\n","protected":false},"excerpt":{"rendered":"<p>Le Conseil de s\u00e9curit\u00e9 de l\u2019ONU a condamn\u00e9 l\u2019offensive de la r\u00e9bellion du M23 dans l\u2019Est de la R\u00e9publique d\u00e9mocratique<\/p>\n","protected":false},"author":3,"featured_media":46712,"comment_status":"open","ping_status":"closed","sticky":false,"template":"","format":"standard","meta":{"colormag_page_container_layout":"default_layout","colormag_page_sidebar_layout":"default_layout","om_disable_all_campaigns":false,"_monsterinsights_skip_tracking":false,"_monsterinsights_sitenote_active":false,"_monsterinsights_sitenote_note":"","_monsterinsights_sitenote_category":0,"footnotes":"","_wpscppro_dont_share_socialmedia":false,"_wpscppro_custom_social_share_image":0,"_facebook_share_type":"","_twitter_share_type":"","_linkedin_share_type":"","_pinterest_share_type":"","_linkedin_share_type_page":"","_instagram_share_type":"","_medium_share_type":"","_threads_share_type":"","_google_business_share_type":"","_selected_social_profile":[],"_wpsp_enable_custom_social_template":false,"_wpsp_social_scheduling":{"enabled":false,"datetime":null,"platforms":[],"status":"template_only","dateOption":"today","timeOption":"now","customDays":"","customHours":"","customDate":"","customTime":"","schedulingType":"absolute"},"_wpsp_active_default_template":true},"categories":[37],"tags":[],"class_list":["post-49527","post","type-post","status-publish","format-standard","has-post-thumbnail","hentry","category-monde"],"aioseo_notices":[],"yoast_head":"<!-- This site is optimized with the Yoast SEO plugin v27.5 - https:\/\/yoast.com\/product\/yoast-seo-wordpress\/ -->\n<title>RDCongo\u00a0: Le Conseil de s\u00e9curit\u00e9 de l\u2019ONU condamne l\u2019offensive du M23 - La Sentinelle<\/title>\n<meta name=\"robots\" content=\"index, follow, max-snippet:-1, max-image-preview:large, max-video-preview:-1\" \/>\n<link rel=\"canonical\" href=\"https:\/\/lasentinelle.dz\/index.php\/2024\/02\/15\/rdcongo-le-conseil-de-securite-de-lonu-condamne-loffensive-du-m23\/\" \/>\n<meta property=\"og:locale\" content=\"fr_FR\" \/>\n<meta property=\"og:type\" content=\"article\" \/>\n<meta property=\"og:title\" content=\"RDCongo\u00a0: Le Conseil de s\u00e9curit\u00e9 de l\u2019ONU condamne l\u2019offensive du M23 - La Sentinelle\" \/>\n<meta property=\"og:description\" content=\"Le Conseil de s\u00e9curit\u00e9 de l\u2019ONU a condamn\u00e9 l\u2019offensive de la r\u00e9bellion du M23 dans l\u2019Est de la R\u00e9publique d\u00e9mocratique\" \/>\n<meta property=\"og:url\" content=\"https:\/\/lasentinelle.dz\/index.php\/2024\/02\/15\/rdcongo-le-conseil-de-securite-de-lonu-condamne-loffensive-du-m23\/\" \/>\n<meta property=\"og:site_name\" content=\"La Sentinelle\" \/>\n<meta property=\"article:publisher\" content=\"https:\/\/www.facebook.com\/La-Sentinelle-104059864394773\" \/>\n<meta property=\"article:published_time\" content=\"2024-02-15T11:12:00+00:00\" \/>\n<meta property=\"article:modified_time\" content=\"2024-02-17T11:14:00+00:00\" \/>\n<meta property=\"og:image\" content=\"https:\/\/lasentinelle.dz\/wp-content\/uploads\/2023\/10\/Conseil-de-securite.webp\" \/>\n\t<meta property=\"og:image:width\" content=\"1656\" \/>\n\t<meta property=\"og:image:height\" content=\"1060\" \/>\n\t<meta property=\"og:image:type\" content=\"image\/webp\" \/>\n<meta name=\"author\" content=\"La Sentinelle\" \/>\n<meta name=\"twitter:card\" content=\"summary_large_image\" \/>\n<meta name=\"twitter:label1\" content=\"\u00c9crit par\" \/>\n\t<meta name=\"twitter:data1\" content=\"La Sentinelle\" \/>\n\t<meta name=\"twitter:label2\" content=\"Dur\u00e9e de lecture estim\u00e9e\" \/>\n\t<meta name=\"twitter:data2\" content=\"3 minutes\" \/>\n<script type=\"application\/ld+json\" class=\"yoast-schema-graph\">{\"@context\":\"https:\\\/\\\/schema.org\",\"@graph\":[{\"@type\":\"Article\",\"@id\":\"https:\\\/\\\/lasentinelle.dz\\\/index.php\\\/2024\\\/02\\\/15\\\/rdcongo-le-conseil-de-securite-de-lonu-condamne-loffensive-du-m23\\\/#article\",\"isPartOf\":{\"@id\":\"https:\\\/\\\/lasentinelle.dz\\\/index.php\\\/2024\\\/02\\\/15\\\/rdcongo-le-conseil-de-securite-de-lonu-condamne-loffensive-du-m23\\\/\"},\"author\":{\"name\":\"La Sentinelle\",\"@id\":\"https:\\\/\\\/lasentinelle.dz\\\/#\\\/schema\\\/person\\\/d865044e22e70a75174ce8bcad3acfb3\"},\"headline\":\"RDCongo\u00a0: Le Conseil de s\u00e9curit\u00e9 de l\u2019ONU condamne l\u2019offensive du M23\",\"datePublished\":\"2024-02-15T11:12:00+00:00\",\"dateModified\":\"2024-02-17T11:14:00+00:00\",\"mainEntityOfPage\":{\"@id\":\"https:\\\/\\\/lasentinelle.dz\\\/index.php\\\/2024\\\/02\\\/15\\\/rdcongo-le-conseil-de-securite-de-lonu-condamne-loffensive-du-m23\\\/\"},\"wordCount\":448,\"commentCount\":0,\"publisher\":{\"@id\":\"https:\\\/\\\/lasentinelle.dz\\\/#organization\"},\"image\":{\"@id\":\"https:\\\/\\\/lasentinelle.dz\\\/index.php\\\/2024\\\/02\\\/15\\\/rdcongo-le-conseil-de-securite-de-lonu-condamne-loffensive-du-m23\\\/#primaryimage\"},\"thumbnailUrl\":\"https:\\\/\\\/lasentinelle.dz\\\/wp-content\\\/uploads\\\/2023\\\/10\\\/Conseil-de-securite.webp\",\"articleSection\":[\"Monde\"],\"inLanguage\":\"fr-FR\",\"potentialAction\":[{\"@type\":\"CommentAction\",\"name\":\"Comment\",\"target\":[\"https:\\\/\\\/lasentinelle.dz\\\/index.php\\\/2024\\\/02\\\/15\\\/rdcongo-le-conseil-de-securite-de-lonu-condamne-loffensive-du-m23\\\/#respond\"]}]},{\"@type\":\"WebPage\",\"@id\":\"https:\\\/\\\/lasentinelle.dz\\\/index.php\\\/2024\\\/02\\\/15\\\/rdcongo-le-conseil-de-securite-de-lonu-condamne-loffensive-du-m23\\\/\",\"url\":\"https:\\\/\\\/lasentinelle.dz\\\/index.php\\\/2024\\\/02\\\/15\\\/rdcongo-le-conseil-de-securite-de-lonu-condamne-loffensive-du-m23\\\/\",\"name\":\"RDCongo\u00a0: Le Conseil de s\u00e9curit\u00e9 de l\u2019ONU condamne l\u2019offensive du M23 - La Sentinelle\",\"isPartOf\":{\"@id\":\"https:\\\/\\\/lasentinelle.dz\\\/#website\"},\"primaryImageOfPage\":{\"@id\":\"https:\\\/\\\/lasentinelle.dz\\\/index.php\\\/2024\\\/02\\\/15\\\/rdcongo-le-conseil-de-securite-de-lonu-condamne-loffensive-du-m23\\\/#primaryimage\"},\"image\":{\"@id\":\"https:\\\/\\\/lasentinelle.dz\\\/index.php\\\/2024\\\/02\\\/15\\\/rdcongo-le-conseil-de-securite-de-lonu-condamne-loffensive-du-m23\\\/#primaryimage\"},\"thumbnailUrl\":\"https:\\\/\\\/lasentinelle.dz\\\/wp-content\\\/uploads\\\/2023\\\/10\\\/Conseil-de-securite.webp\",\"datePublished\":\"2024-02-15T11:12:00+00:00\",\"dateModified\":\"2024-02-17T11:14:00+00:00\",\"breadcrumb\":{\"@id\":\"https:\\\/\\\/lasentinelle.dz\\\/index.php\\\/2024\\\/02\\\/15\\\/rdcongo-le-conseil-de-securite-de-lonu-condamne-loffensive-du-m23\\\/#breadcrumb\"},\"inLanguage\":\"fr-FR\",\"potentialAction\":[{\"@type\":\"ReadAction\",\"target\":[\"https:\\\/\\\/lasentinelle.dz\\\/index.php\\\/2024\\\/02\\\/15\\\/rdcongo-le-conseil-de-securite-de-lonu-condamne-loffensive-du-m23\\\/\"]}]},{\"@type\":\"ImageObject\",\"inLanguage\":\"fr-FR\",\"@id\":\"https:\\\/\\\/lasentinelle.dz\\\/index.php\\\/2024\\\/02\\\/15\\\/rdcongo-le-conseil-de-securite-de-lonu-condamne-loffensive-du-m23\\\/#primaryimage\",\"url\":\"https:\\\/\\\/lasentinelle.dz\\\/wp-content\\\/uploads\\\/2023\\\/10\\\/Conseil-de-securite.webp\",\"contentUrl\":\"https:\\\/\\\/lasentinelle.dz\\\/wp-content\\\/uploads\\\/2023\\\/10\\\/Conseil-de-securite.webp\",\"width\":1656,\"height\":1060},{\"@type\":\"BreadcrumbList\",\"@id\":\"https:\\\/\\\/lasentinelle.dz\\\/index.php\\\/2024\\\/02\\\/15\\\/rdcongo-le-conseil-de-securite-de-lonu-condamne-loffensive-du-m23\\\/#breadcrumb\",\"itemListElement\":[{\"@type\":\"ListItem\",\"position\":1,\"name\":\"Accueil\",\"item\":\"https:\\\/\\\/lasentinelle.dz\\\/\"},{\"@type\":\"ListItem\",\"position\":2,\"name\":\"RDCongo\u00a0: Le Conseil de s\u00e9curit\u00e9 de l\u2019ONU condamne l\u2019offensive du M23\"}]},{\"@type\":\"WebSite\",\"@id\":\"https:\\\/\\\/lasentinelle.dz\\\/#website\",\"url\":\"https:\\\/\\\/lasentinelle.dz\\\/\",\"name\":\"La Sentinelle\",\"description\":\"Quotidien national d&#039;information\",\"publisher\":{\"@id\":\"https:\\\/\\\/lasentinelle.dz\\\/#organization\"},\"potentialAction\":[{\"@type\":\"SearchAction\",\"target\":{\"@type\":\"EntryPoint\",\"urlTemplate\":\"https:\\\/\\\/lasentinelle.dz\\\/?s={search_term_string}\"},\"query-input\":{\"@type\":\"PropertyValueSpecification\",\"valueRequired\":true,\"valueName\":\"search_term_string\"}}],\"inLanguage\":\"fr-FR\"},{\"@type\":\"Organization\",\"@id\":\"https:\\\/\\\/lasentinelle.dz\\\/#organization\",\"name\":\"Quotidien La Sentinelle\",\"url\":\"https:\\\/\\\/lasentinelle.dz\\\/\",\"logo\":{\"@type\":\"ImageObject\",\"inLanguage\":\"fr-FR\",\"@id\":\"https:\\\/\\\/lasentinelle.dz\\\/#\\\/schema\\\/logo\\\/image\\\/\",\"url\":\"https:\\\/\\\/lasentinelle.dz\\\/wp-content\\\/uploads\\\/2021\\\/09\\\/logo-sentinelleSLOGAN-1.png\",\"contentUrl\":\"https:\\\/\\\/lasentinelle.dz\\\/wp-content\\\/uploads\\\/2021\\\/09\\\/logo-sentinelleSLOGAN-1.png\",\"width\":615,\"height\":142,\"caption\":\"Quotidien La Sentinelle\"},\"image\":{\"@id\":\"https:\\\/\\\/lasentinelle.dz\\\/#\\\/schema\\\/logo\\\/image\\\/\"},\"sameAs\":[\"https:\\\/\\\/www.facebook.com\\\/La-Sentinelle-104059864394773\"]},{\"@type\":\"Person\",\"@id\":\"https:\\\/\\\/lasentinelle.dz\\\/#\\\/schema\\\/person\\\/d865044e22e70a75174ce8bcad3acfb3\",\"name\":\"La Sentinelle\",\"image\":{\"@type\":\"ImageObject\",\"inLanguage\":\"fr-FR\",\"@id\":\"https:\\\/\\\/secure.gravatar.com\\\/avatar\\\/57de8e5d4b15d43fb361a71fbb36338450fe67865b528a43dd10ef7c51a20392?s=96&d=mm&r=g\",\"url\":\"https:\\\/\\\/secure.gravatar.com\\\/avatar\\\/57de8e5d4b15d43fb361a71fbb36338450fe67865b528a43dd10ef7c51a20392?s=96&d=mm&r=g\",\"contentUrl\":\"https:\\\/\\\/secure.gravatar.com\\\/avatar\\\/57de8e5d4b15d43fb361a71fbb36338450fe67865b528a43dd10ef7c51a20392?s=96&d=mm&r=g\",\"caption\":\"La Sentinelle\"},\"sameAs\":[\"http:\\\/\\\/www.lasentinelle.dz\"],\"url\":\"https:\\\/\\\/lasentinelle.dz\\\/author\\\/redaction\\\/\"}]}<\/script>\n<!-- \/ Yoast SEO plugin. -->","yoast_head_json":{"title":"RDCongo\u00a0: Le Conseil de s\u00e9curit\u00e9 de l\u2019ONU condamne l\u2019offensive du M23 - La Sentinelle","robots":{"index":"index","follow":"follow","max-snippet":"max-snippet:-1","max-image-preview":"max-image-preview:large","max-video-preview":"max-video-preview:-1"},"canonical":"https:\/\/lasentinelle.dz\/index.php\/2024\/02\/15\/rdcongo-le-conseil-de-securite-de-lonu-condamne-loffensive-du-m23\/","og_locale":"fr_FR","og_type":"article","og_title":"RDCongo\u00a0: Le Conseil de s\u00e9curit\u00e9 de l\u2019ONU condamne l\u2019offensive du M23 - La Sentinelle","og_description":"Le Conseil de s\u00e9curit\u00e9 de l\u2019ONU a condamn\u00e9 l\u2019offensive de la r\u00e9bellion du M23 dans l\u2019Est de la R\u00e9publique d\u00e9mocratique","og_url":"https:\/\/lasentinelle.dz\/index.php\/2024\/02\/15\/rdcongo-le-conseil-de-securite-de-lonu-condamne-loffensive-du-m23\/","og_site_name":"La Sentinelle","article_publisher":"https:\/\/www.facebook.com\/La-Sentinelle-104059864394773","article_published_time":"2024-02-15T11:12:00+00:00","article_modified_time":"2024-02-17T11:14:00+00:00","og_image":[{"width":1656,"height":1060,"url":"https:\/\/lasentinelle.dz\/wp-content\/uploads\/2023\/10\/Conseil-de-securite.webp","type":"image\/webp"}],"author":"La Sentinelle","twitter_card":"summary_large_image","twitter_misc":{"\u00c9crit par":"La Sentinelle","Dur\u00e9e de lecture estim\u00e9e":"3 minutes"},"schema":{"@context":"https:\/\/schema.org","@graph":[{"@type":"Article","@id":"https:\/\/lasentinelle.dz\/index.php\/2024\/02\/15\/rdcongo-le-conseil-de-securite-de-lonu-condamne-loffensive-du-m23\/#article","isPartOf":{"@id":"https:\/\/lasentinelle.dz\/index.php\/2024\/02\/15\/rdcongo-le-conseil-de-securite-de-lonu-condamne-loffensive-du-m23\/"},"author":{"name":"La Sentinelle","@id":"https:\/\/lasentinelle.dz\/#\/schema\/person\/d865044e22e70a75174ce8bcad3acfb3"},"headline":"RDCongo\u00a0: Le Conseil de s\u00e9curit\u00e9 de l\u2019ONU condamne l\u2019offensive du M23","datePublished":"2024-02-15T11:12:00+00:00","dateModified":"2024-02-17T11:14:00+00:00","mainEntityOfPage":{"@id":"https:\/\/lasentinelle.dz\/index.php\/2024\/02\/15\/rdcongo-le-conseil-de-securite-de-lonu-condamne-loffensive-du-m23\/"},"wordCount":448,"commentCount":0,"publisher":{"@id":"https:\/\/lasentinelle.dz\/#organization"},"image":{"@id":"https:\/\/lasentinelle.dz\/index.php\/2024\/02\/15\/rdcongo-le-conseil-de-securite-de-lonu-condamne-loffensive-du-m23\/#primaryimage"},"thumbnailUrl":"https:\/\/lasentinelle.dz\/wp-content\/uploads\/2023\/10\/Conseil-de-securite.webp","articleSection":["Monde"],"inLanguage":"fr-FR","potentialAction":[{"@type":"CommentAction","name":"Comment","target":["https:\/\/lasentinelle.dz\/index.php\/2024\/02\/15\/rdcongo-le-conseil-de-securite-de-lonu-condamne-loffensive-du-m23\/#respond"]}]},{"@type":"WebPage","@id":"https:\/\/lasentinelle.dz\/index.php\/2024\/02\/15\/rdcongo-le-conseil-de-securite-de-lonu-condamne-loffensive-du-m23\/","url":"https:\/\/lasentinelle.dz\/index.php\/2024\/02\/15\/rdcongo-le-conseil-de-securite-de-lonu-condamne-loffensive-du-m23\/","name":"RDCongo\u00a0: Le Conseil de s\u00e9curit\u00e9 de l\u2019ONU condamne l\u2019offensive du M23 - La Sentinelle","isPartOf":{"@id":"https:\/\/lasentinelle.dz\/#website"},"primaryImageOfPage":{"@id":"https:\/\/lasentinelle.dz\/index.php\/2024\/02\/15\/rdcongo-le-conseil-de-securite-de-lonu-condamne-loffensive-du-m23\/#primaryimage"},"image":{"@id":"https:\/\/lasentinelle.dz\/index.php\/2024\/02\/15\/rdcongo-le-conseil-de-securite-de-lonu-condamne-loffensive-du-m23\/#primaryimage"},"thumbnailUrl":"https:\/\/lasentinelle.dz\/wp-content\/uploads\/2023\/10\/Conseil-de-securite.webp","datePublished":"2024-02-15T11:12:00+00:00","dateModified":"2024-02-17T11:14:00+00:00","breadcrumb":{"@id":"https:\/\/lasentinelle.dz\/index.php\/2024\/02\/15\/rdcongo-le-conseil-de-securite-de-lonu-condamne-loffensive-du-m23\/#breadcrumb"},"inLanguage":"fr-FR","potentialAction":[{"@type":"ReadAction","target":["https:\/\/lasentinelle.dz\/index.php\/2024\/02\/15\/rdcongo-le-conseil-de-securite-de-lonu-condamne-loffensive-du-m23\/"]}]},{"@type":"ImageObject","inLanguage":"fr-FR","@id":"https:\/\/lasentinelle.dz\/index.php\/2024\/02\/15\/rdcongo-le-conseil-de-securite-de-lonu-condamne-loffensive-du-m23\/#primaryimage","url":"https:\/\/lasentinelle.dz\/wp-content\/uploads\/2023\/10\/Conseil-de-securite.webp","contentUrl":"https:\/\/lasentinelle.dz\/wp-content\/uploads\/2023\/10\/Conseil-de-securite.webp","width":1656,"height":1060},{"@type":"BreadcrumbList","@id":"https:\/\/lasentinelle.dz\/index.php\/2024\/02\/15\/rdcongo-le-conseil-de-securite-de-lonu-condamne-loffensive-du-m23\/#breadcrumb","itemListElement":[{"@type":"ListItem","position":1,"name":"Accueil","item":"https:\/\/lasentinelle.dz\/"},{"@type":"ListItem","position":2,"name":"RDCongo\u00a0: Le Conseil de s\u00e9curit\u00e9 de l\u2019ONU condamne l\u2019offensive du M23"}]},{"@type":"WebSite","@id":"https:\/\/lasentinelle.dz\/#website","url":"https:\/\/lasentinelle.dz\/","name":"La Sentinelle","description":"Quotidien national d&#039;information","publisher":{"@id":"https:\/\/lasentinelle.dz\/#organization"},"potentialAction":[{"@type":"SearchAction","target":{"@type":"EntryPoint","urlTemplate":"https:\/\/lasentinelle.dz\/?s={search_term_string}"},"query-input":{"@type":"PropertyValueSpecification","valueRequired":true,"valueName":"search_term_string"}}],"inLanguage":"fr-FR"},{"@type":"Organization","@id":"https:\/\/lasentinelle.dz\/#organization","name":"Quotidien La Sentinelle","url":"https:\/\/lasentinelle.dz\/","logo":{"@type":"ImageObject","inLanguage":"fr-FR","@id":"https:\/\/lasentinelle.dz\/#\/schema\/logo\/image\/","url":"https:\/\/lasentinelle.dz\/wp-content\/uploads\/2021\/09\/logo-sentinelleSLOGAN-1.png","contentUrl":"https:\/\/lasentinelle.dz\/wp-content\/uploads\/2021\/09\/logo-sentinelleSLOGAN-1.png","width":615,"height":142,"caption":"Quotidien La Sentinelle"},"image":{"@id":"https:\/\/lasentinelle.dz\/#\/schema\/logo\/image\/"},"sameAs":["https:\/\/www.facebook.com\/La-Sentinelle-104059864394773"]},{"@type":"Person","@id":"https:\/\/lasentinelle.dz\/#\/schema\/person\/d865044e22e70a75174ce8bcad3acfb3","name":"La Sentinelle","image":{"@type":"ImageObject","inLanguage":"fr-FR","@id":"https:\/\/secure.gravatar.com\/avatar\/57de8e5d4b15d43fb361a71fbb36338450fe67865b528a43dd10ef7c51a20392?s=96&d=mm&r=g","url":"https:\/\/secure.gravatar.com\/avatar\/57de8e5d4b15d43fb361a71fbb36338450fe67865b528a43dd10ef7c51a20392?s=96&d=mm&r=g","contentUrl":"https:\/\/secure.gravatar.com\/avatar\/57de8e5d4b15d43fb361a71fbb36338450fe67865b528a43dd10ef7c51a20392?s=96&d=mm&r=g","caption":"La Sentinelle"},"sameAs":["http:\/\/www.lasentinelle.dz"],"url":"https:\/\/lasentinelle.dz\/author\/redaction\/"}]}},"_links":{"self":[{"href":"https:\/\/lasentinelle.dz\/index.php\/wp-json\/wp\/v2\/posts\/49527","targetHints":{"allow":["GET"]}}],"collection":[{"href":"https:\/\/lasentinelle.dz\/index.php\/wp-json\/wp\/v2\/posts"}],"about":[{"href":"https:\/\/lasentinelle.dz\/index.php\/wp-json\/wp\/v2\/types\/post"}],"author":[{"embeddable":true,"href":"https:\/\/lasentinelle.dz\/index.php\/wp-json\/wp\/v2\/users\/3"}],"replies":[{"embeddable":true,"href":"https:\/\/lasentinelle.dz\/index.php\/wp-json\/wp\/v2\/comments?post=49527"}],"version-history":[{"count":1,"href":"https:\/\/lasentinelle.dz\/index.php\/wp-json\/wp\/v2\/posts\/49527\/revisions"}],"predecessor-version":[{"id":49528,"href":"https:\/\/lasentinelle.dz\/index.php\/wp-json\/wp\/v2\/posts\/49527\/revisions\/49528"}],"wp:featuredmedia":[{"embeddable":true,"href":"https:\/\/lasentinelle.dz\/index.php\/wp-json\/wp\/v2\/media\/46712"}],"wp:attachment":[{"href":"https:\/\/lasentinelle.dz\/index.php\/wp-json\/wp\/v2\/media?parent=49527"}],"wp:term":[{"taxonomy":"category","embeddable":true,"href":"https:\/\/lasentinelle.dz\/index.php\/wp-json\/wp\/v2\/categories?post=49527"},{"taxonomy":"post_tag","embeddable":true,"href":"https:\/\/lasentinelle.dz\/index.php\/wp-json\/wp\/v2\/tags?post=49527"}],"curies":[{"name":"wp","href":"https:\/\/api.w.org\/{rel}","templated":true}]}}