{"id":49540,"date":"2024-02-15T12:21:00","date_gmt":"2024-02-15T11:21:00","guid":{"rendered":"https:\/\/lasentinelle.dz\/?p=49540"},"modified":"2024-02-17T12:22:21","modified_gmt":"2024-02-17T11:22:21","slug":"usine-jumagro-la-ligne-de-transformation-des-jus-et-confiture-mise-en-service-en-mars","status":"publish","type":"post","link":"https:\/\/lasentinelle.dz\/index.php\/2024\/02\/15\/usine-jumagro-la-ligne-de-transformation-des-jus-et-confiture-mise-en-service-en-mars\/","title":{"rendered":"Usine Jumagro\u00a0: La ligne de transformation des jus et confiture mise en service en mars"},"content":{"rendered":"\n<p>La ligne de transformation des jus et confiture de l\u2019\u00e9tablissement public \u00e9conomique \u00ab\u00a0Jumagro\u00a0\u00bb situ\u00e9 au niveau de la commune de Taher dans la wilaya de Jijel, entrera en service \u00ab\u00a0fin mars prochain\u00a0\u00bb, a indiqu\u00e9 le pr\u00e9sident directeur g\u00e9n\u00e9ral de cet \u00e9tablissement \u00e9conomique, Mebarak Ouali \u00e0 l\u2019APS<\/p>\n\n\n\n<p>Le m\u00eame responsable a pr\u00e9cis\u00e9 que \u00ab\u00a0suite aux engagements pris devant le ministre de l&rsquo;Industrie et de la Production pharmaceutique, Ali Aoun, au cours de sa derni\u00e8re visite dans cet \u00e9tablissement en janvier dernier, la deuxi\u00e8me ligne d\u00e9di\u00e9e \u00e0 la transformation des jus et confiture sera mise en service fin mars prochain\u00a0\u00bb. Il s\u2019agit d\u2019une ligne, parmi trois lignes principales de l\u2019usine, a expliqu\u00e9 M. Mebarak qui a soulign\u00e9 que la premi\u00e8re ligne d\u00e9di\u00e9e au pressurage des olives vierges avait \u00e9t\u00e9 activ\u00e9e le mois de novembre dernier, alors que la ligne de cong\u00e9lation et de conservation des fruits et l\u00e9gumes rentrera en service \u00ab\u00a0ult\u00e9rieurement\u00a0\u00bb. Il a affirm\u00e9, en outre, que l\u2019am\u00e9nagement de l\u2019entrep\u00f4t de cette ligne a \u00e9t\u00e9 achev\u00e9, en attendant la r\u00e9ception des diff\u00e9rents \u00e9quipements de fonctionnement n\u00e9cessaires d\u2019ici \u00e0 la fin du mois de f\u00e9vrier courant au port de Djen Djen (Jijel), ajoutant qu\u2019il sera proc\u00e9d\u00e9 au recrutement de plus de 40 employ\u00e9s pour garantir l\u2019entr\u00e9e en exploitation de la deuxi\u00e8me ligne. Pour rappel, l\u2019entreprise publique JUMAGRO, qui est le fruit d&rsquo;un partenariat entre le groupe AGRODIV (60%) et le holding public MADAR (40%), \u00e9tait \u00e0 l\u2019arr\u00eat depuis 2016.La reprise de son activit\u00e9 s\u2019inscrit dans le cadre de la strat\u00e9gie de relance des activit\u00e9s des unit\u00e9s \u00e0 l\u2019arr\u00eat, a-t-on indiqu\u00e9, tout en affirmant que l&rsquo;op\u00e9ration de sa mise \u00e0 niveau avait \u00e9t\u00e9 lanc\u00e9e en janvier 2023, avant d\u2019\u00eatre mise en service avec une premi\u00e8re ligne le mois de novembre 2023. Rappelons que l\u2019usine comprend trois lignes de production d\u2019huile d\u2019olive, de jus et de fruits surgel\u00e9s. En pr\u00e9vision de l\u2019entr\u00e9e en production de l\u2019usine, des contacts sont entrepris avec plusieurs coop\u00e9ratives agricoles et autres investisseurs, en coordination avec les services comp\u00e9tents du minist\u00e8re de l\u2019Agriculture et du d\u00e9veloppement rural, \u00e0 l\u2019effet d\u2019approvisionner l\u2019usine en divers produits agricoles, dans le cadre d\u2019une d\u00e9marche visant principalement la valorisation des produits agricoles et leur int\u00e9gration dans le processus de production industrielle pour conforter un d\u00e9veloppement local int\u00e9gr\u00e9 et cr\u00e9er de nouveaux emplois.<\/p>\n\n\n\n<p>R.E.<\/p>\n","protected":false},"excerpt":{"rendered":"<p>La ligne de transformation des jus et confiture de l\u2019\u00e9tablissement public \u00e9conomique \u00ab\u00a0Jumagro\u00a0\u00bb situ\u00e9 au niveau de la commune de<\/p>\n","protected":false},"author":3,"featured_media":49541,"comment_status":"open","ping_status":"closed","sticky":false,"template":"","format":"standard","meta":{"colormag_page_container_layout":"default_layout","colormag_page_sidebar_layout":"default_layout","om_disable_all_campaigns":false,"_monsterinsights_skip_tracking":false,"_monsterinsights_sitenote_active":false,"_monsterinsights_sitenote_note":"","_monsterinsights_sitenote_category":0,"footnotes":"","_wpscppro_dont_share_socialmedia":false,"_wpscppro_custom_social_share_image":0,"_facebook_share_type":"","_twitter_share_type":"","_linkedin_share_type":"","_pinterest_share_type":"","_linkedin_share_type_page":"","_instagram_share_type":"","_medium_share_type":"","_threads_share_type":"","_google_business_share_type":"","_selected_social_profile":[],"_wpsp_enable_custom_social_template":false,"_wpsp_social_scheduling":{"enabled":false,"datetime":null,"platforms":[],"status":"template_only","dateOption":"today","timeOption":"now","customDays":"","customHours":"","customDate":"","customTime":"","schedulingType":"absolute"},"_wpsp_active_default_template":true},"categories":[29],"tags":[],"class_list":["post-49540","post","type-post","status-publish","format-standard","has-post-thumbnail","hentry","category-economie"],"aioseo_notices":[],"yoast_head":"<!-- This site is optimized with the Yoast SEO plugin v27.5 - https:\/\/yoast.com\/product\/yoast-seo-wordpress\/ -->\n<title>Usine Jumagro\u00a0: La ligne de transformation des jus et confiture mise en service en mars - La Sentinelle<\/title>\n<meta name=\"robots\" content=\"index, follow, max-snippet:-1, max-image-preview:large, max-video-preview:-1\" \/>\n<link rel=\"canonical\" href=\"https:\/\/lasentinelle.dz\/index.php\/2024\/02\/15\/usine-jumagro-la-ligne-de-transformation-des-jus-et-confiture-mise-en-service-en-mars\/\" \/>\n<meta property=\"og:locale\" content=\"fr_FR\" \/>\n<meta property=\"og:type\" content=\"article\" \/>\n<meta property=\"og:title\" content=\"Usine Jumagro\u00a0: La ligne de transformation des jus et confiture mise en service en mars - La Sentinelle\" \/>\n<meta property=\"og:description\" content=\"La ligne de transformation des jus et confiture de l\u2019\u00e9tablissement public \u00e9conomique \u00ab\u00a0Jumagro\u00a0\u00bb situ\u00e9 au niveau de la commune de\" \/>\n<meta property=\"og:url\" content=\"https:\/\/lasentinelle.dz\/index.php\/2024\/02\/15\/usine-jumagro-la-ligne-de-transformation-des-jus-et-confiture-mise-en-service-en-mars\/\" \/>\n<meta property=\"og:site_name\" content=\"La Sentinelle\" \/>\n<meta property=\"article:publisher\" content=\"https:\/\/www.facebook.com\/La-Sentinelle-104059864394773\" \/>\n<meta property=\"article:published_time\" content=\"2024-02-15T11:21:00+00:00\" \/>\n<meta property=\"article:modified_time\" content=\"2024-02-17T11:22:21+00:00\" \/>\n<meta property=\"og:image\" content=\"https:\/\/lasentinelle.dz\/wp-content\/uploads\/2024\/02\/jumagro.jpeg\" \/>\n\t<meta property=\"og:image:width\" content=\"678\" \/>\n\t<meta property=\"og:image:height\" content=\"451\" \/>\n\t<meta property=\"og:image:type\" content=\"image\/jpeg\" \/>\n<meta name=\"author\" content=\"La Sentinelle\" \/>\n<meta name=\"twitter:card\" content=\"summary_large_image\" \/>\n<meta name=\"twitter:label1\" content=\"\u00c9crit par\" \/>\n\t<meta name=\"twitter:data1\" content=\"La Sentinelle\" \/>\n\t<meta name=\"twitter:label2\" content=\"Dur\u00e9e de lecture estim\u00e9e\" \/>\n\t<meta name=\"twitter:data2\" content=\"3 minutes\" \/>\n<script type=\"application\/ld+json\" class=\"yoast-schema-graph\">{\"@context\":\"https:\\\/\\\/schema.org\",\"@graph\":[{\"@type\":\"Article\",\"@id\":\"https:\\\/\\\/lasentinelle.dz\\\/index.php\\\/2024\\\/02\\\/15\\\/usine-jumagro-la-ligne-de-transformation-des-jus-et-confiture-mise-en-service-en-mars\\\/#article\",\"isPartOf\":{\"@id\":\"https:\\\/\\\/lasentinelle.dz\\\/index.php\\\/2024\\\/02\\\/15\\\/usine-jumagro-la-ligne-de-transformation-des-jus-et-confiture-mise-en-service-en-mars\\\/\"},\"author\":{\"name\":\"La Sentinelle\",\"@id\":\"https:\\\/\\\/lasentinelle.dz\\\/#\\\/schema\\\/person\\\/d865044e22e70a75174ce8bcad3acfb3\"},\"headline\":\"Usine Jumagro\u00a0: La ligne de transformation des jus et confiture mise en service en mars\",\"datePublished\":\"2024-02-15T11:21:00+00:00\",\"dateModified\":\"2024-02-17T11:22:21+00:00\",\"mainEntityOfPage\":{\"@id\":\"https:\\\/\\\/lasentinelle.dz\\\/index.php\\\/2024\\\/02\\\/15\\\/usine-jumagro-la-ligne-de-transformation-des-jus-et-confiture-mise-en-service-en-mars\\\/\"},\"wordCount\":456,\"commentCount\":0,\"publisher\":{\"@id\":\"https:\\\/\\\/lasentinelle.dz\\\/#organization\"},\"image\":{\"@id\":\"https:\\\/\\\/lasentinelle.dz\\\/index.php\\\/2024\\\/02\\\/15\\\/usine-jumagro-la-ligne-de-transformation-des-jus-et-confiture-mise-en-service-en-mars\\\/#primaryimage\"},\"thumbnailUrl\":\"https:\\\/\\\/lasentinelle.dz\\\/wp-content\\\/uploads\\\/2024\\\/02\\\/jumagro.jpeg\",\"articleSection\":[\"\u00c9conomie\"],\"inLanguage\":\"fr-FR\",\"potentialAction\":[{\"@type\":\"CommentAction\",\"name\":\"Comment\",\"target\":[\"https:\\\/\\\/lasentinelle.dz\\\/index.php\\\/2024\\\/02\\\/15\\\/usine-jumagro-la-ligne-de-transformation-des-jus-et-confiture-mise-en-service-en-mars\\\/#respond\"]}]},{\"@type\":\"WebPage\",\"@id\":\"https:\\\/\\\/lasentinelle.dz\\\/index.php\\\/2024\\\/02\\\/15\\\/usine-jumagro-la-ligne-de-transformation-des-jus-et-confiture-mise-en-service-en-mars\\\/\",\"url\":\"https:\\\/\\\/lasentinelle.dz\\\/index.php\\\/2024\\\/02\\\/15\\\/usine-jumagro-la-ligne-de-transformation-des-jus-et-confiture-mise-en-service-en-mars\\\/\",\"name\":\"Usine Jumagro\u00a0: La ligne de transformation des jus et confiture mise en service en mars - La Sentinelle\",\"isPartOf\":{\"@id\":\"https:\\\/\\\/lasentinelle.dz\\\/#website\"},\"primaryImageOfPage\":{\"@id\":\"https:\\\/\\\/lasentinelle.dz\\\/index.php\\\/2024\\\/02\\\/15\\\/usine-jumagro-la-ligne-de-transformation-des-jus-et-confiture-mise-en-service-en-mars\\\/#primaryimage\"},\"image\":{\"@id\":\"https:\\\/\\\/lasentinelle.dz\\\/index.php\\\/2024\\\/02\\\/15\\\/usine-jumagro-la-ligne-de-transformation-des-jus-et-confiture-mise-en-service-en-mars\\\/#primaryimage\"},\"thumbnailUrl\":\"https:\\\/\\\/lasentinelle.dz\\\/wp-content\\\/uploads\\\/2024\\\/02\\\/jumagro.jpeg\",\"datePublished\":\"2024-02-15T11:21:00+00:00\",\"dateModified\":\"2024-02-17T11:22:21+00:00\",\"breadcrumb\":{\"@id\":\"https:\\\/\\\/lasentinelle.dz\\\/index.php\\\/2024\\\/02\\\/15\\\/usine-jumagro-la-ligne-de-transformation-des-jus-et-confiture-mise-en-service-en-mars\\\/#breadcrumb\"},\"inLanguage\":\"fr-FR\",\"potentialAction\":[{\"@type\":\"ReadAction\",\"target\":[\"https:\\\/\\\/lasentinelle.dz\\\/index.php\\\/2024\\\/02\\\/15\\\/usine-jumagro-la-ligne-de-transformation-des-jus-et-confiture-mise-en-service-en-mars\\\/\"]}]},{\"@type\":\"ImageObject\",\"inLanguage\":\"fr-FR\",\"@id\":\"https:\\\/\\\/lasentinelle.dz\\\/index.php\\\/2024\\\/02\\\/15\\\/usine-jumagro-la-ligne-de-transformation-des-jus-et-confiture-mise-en-service-en-mars\\\/#primaryimage\",\"url\":\"https:\\\/\\\/lasentinelle.dz\\\/wp-content\\\/uploads\\\/2024\\\/02\\\/jumagro.jpeg\",\"contentUrl\":\"https:\\\/\\\/lasentinelle.dz\\\/wp-content\\\/uploads\\\/2024\\\/02\\\/jumagro.jpeg\",\"width\":678,\"height\":451},{\"@type\":\"BreadcrumbList\",\"@id\":\"https:\\\/\\\/lasentinelle.dz\\\/index.php\\\/2024\\\/02\\\/15\\\/usine-jumagro-la-ligne-de-transformation-des-jus-et-confiture-mise-en-service-en-mars\\\/#breadcrumb\",\"itemListElement\":[{\"@type\":\"ListItem\",\"position\":1,\"name\":\"Accueil\",\"item\":\"https:\\\/\\\/lasentinelle.dz\\\/\"},{\"@type\":\"ListItem\",\"position\":2,\"name\":\"Usine Jumagro\u00a0: La ligne de transformation des jus et confiture mise en service en mars\"}]},{\"@type\":\"WebSite\",\"@id\":\"https:\\\/\\\/lasentinelle.dz\\\/#website\",\"url\":\"https:\\\/\\\/lasentinelle.dz\\\/\",\"name\":\"La Sentinelle\",\"description\":\"Quotidien national d&#039;information\",\"publisher\":{\"@id\":\"https:\\\/\\\/lasentinelle.dz\\\/#organization\"},\"potentialAction\":[{\"@type\":\"SearchAction\",\"target\":{\"@type\":\"EntryPoint\",\"urlTemplate\":\"https:\\\/\\\/lasentinelle.dz\\\/?s={search_term_string}\"},\"query-input\":{\"@type\":\"PropertyValueSpecification\",\"valueRequired\":true,\"valueName\":\"search_term_string\"}}],\"inLanguage\":\"fr-FR\"},{\"@type\":\"Organization\",\"@id\":\"https:\\\/\\\/lasentinelle.dz\\\/#organization\",\"name\":\"Quotidien La Sentinelle\",\"url\":\"https:\\\/\\\/lasentinelle.dz\\\/\",\"logo\":{\"@type\":\"ImageObject\",\"inLanguage\":\"fr-FR\",\"@id\":\"https:\\\/\\\/lasentinelle.dz\\\/#\\\/schema\\\/logo\\\/image\\\/\",\"url\":\"https:\\\/\\\/lasentinelle.dz\\\/wp-content\\\/uploads\\\/2021\\\/09\\\/logo-sentinelleSLOGAN-1.png\",\"contentUrl\":\"https:\\\/\\\/lasentinelle.dz\\\/wp-content\\\/uploads\\\/2021\\\/09\\\/logo-sentinelleSLOGAN-1.png\",\"width\":615,\"height\":142,\"caption\":\"Quotidien La Sentinelle\"},\"image\":{\"@id\":\"https:\\\/\\\/lasentinelle.dz\\\/#\\\/schema\\\/logo\\\/image\\\/\"},\"sameAs\":[\"https:\\\/\\\/www.facebook.com\\\/La-Sentinelle-104059864394773\"]},{\"@type\":\"Person\",\"@id\":\"https:\\\/\\\/lasentinelle.dz\\\/#\\\/schema\\\/person\\\/d865044e22e70a75174ce8bcad3acfb3\",\"name\":\"La Sentinelle\",\"image\":{\"@type\":\"ImageObject\",\"inLanguage\":\"fr-FR\",\"@id\":\"https:\\\/\\\/secure.gravatar.com\\\/avatar\\\/57de8e5d4b15d43fb361a71fbb36338450fe67865b528a43dd10ef7c51a20392?s=96&d=mm&r=g\",\"url\":\"https:\\\/\\\/secure.gravatar.com\\\/avatar\\\/57de8e5d4b15d43fb361a71fbb36338450fe67865b528a43dd10ef7c51a20392?s=96&d=mm&r=g\",\"contentUrl\":\"https:\\\/\\\/secure.gravatar.com\\\/avatar\\\/57de8e5d4b15d43fb361a71fbb36338450fe67865b528a43dd10ef7c51a20392?s=96&d=mm&r=g\",\"caption\":\"La Sentinelle\"},\"sameAs\":[\"http:\\\/\\\/www.lasentinelle.dz\"],\"url\":\"https:\\\/\\\/lasentinelle.dz\\\/author\\\/redaction\\\/\"}]}<\/script>\n<!-- \/ Yoast SEO plugin. -->","yoast_head_json":{"title":"Usine Jumagro\u00a0: La ligne de transformation des jus et confiture mise en service en mars - La Sentinelle","robots":{"index":"index","follow":"follow","max-snippet":"max-snippet:-1","max-image-preview":"max-image-preview:large","max-video-preview":"max-video-preview:-1"},"canonical":"https:\/\/lasentinelle.dz\/index.php\/2024\/02\/15\/usine-jumagro-la-ligne-de-transformation-des-jus-et-confiture-mise-en-service-en-mars\/","og_locale":"fr_FR","og_type":"article","og_title":"Usine Jumagro\u00a0: La ligne de transformation des jus et confiture mise en service en mars - La Sentinelle","og_description":"La ligne de transformation des jus et confiture de l\u2019\u00e9tablissement public \u00e9conomique \u00ab\u00a0Jumagro\u00a0\u00bb situ\u00e9 au niveau de la commune de","og_url":"https:\/\/lasentinelle.dz\/index.php\/2024\/02\/15\/usine-jumagro-la-ligne-de-transformation-des-jus-et-confiture-mise-en-service-en-mars\/","og_site_name":"La Sentinelle","article_publisher":"https:\/\/www.facebook.com\/La-Sentinelle-104059864394773","article_published_time":"2024-02-15T11:21:00+00:00","article_modified_time":"2024-02-17T11:22:21+00:00","og_image":[{"width":678,"height":451,"url":"https:\/\/lasentinelle.dz\/wp-content\/uploads\/2024\/02\/jumagro.jpeg","type":"image\/jpeg"}],"author":"La Sentinelle","twitter_card":"summary_large_image","twitter_misc":{"\u00c9crit par":"La Sentinelle","Dur\u00e9e de lecture estim\u00e9e":"3 minutes"},"schema":{"@context":"https:\/\/schema.org","@graph":[{"@type":"Article","@id":"https:\/\/lasentinelle.dz\/index.php\/2024\/02\/15\/usine-jumagro-la-ligne-de-transformation-des-jus-et-confiture-mise-en-service-en-mars\/#article","isPartOf":{"@id":"https:\/\/lasentinelle.dz\/index.php\/2024\/02\/15\/usine-jumagro-la-ligne-de-transformation-des-jus-et-confiture-mise-en-service-en-mars\/"},"author":{"name":"La Sentinelle","@id":"https:\/\/lasentinelle.dz\/#\/schema\/person\/d865044e22e70a75174ce8bcad3acfb3"},"headline":"Usine Jumagro\u00a0: La ligne de transformation des jus et confiture mise en service en mars","datePublished":"2024-02-15T11:21:00+00:00","dateModified":"2024-02-17T11:22:21+00:00","mainEntityOfPage":{"@id":"https:\/\/lasentinelle.dz\/index.php\/2024\/02\/15\/usine-jumagro-la-ligne-de-transformation-des-jus-et-confiture-mise-en-service-en-mars\/"},"wordCount":456,"commentCount":0,"publisher":{"@id":"https:\/\/lasentinelle.dz\/#organization"},"image":{"@id":"https:\/\/lasentinelle.dz\/index.php\/2024\/02\/15\/usine-jumagro-la-ligne-de-transformation-des-jus-et-confiture-mise-en-service-en-mars\/#primaryimage"},"thumbnailUrl":"https:\/\/lasentinelle.dz\/wp-content\/uploads\/2024\/02\/jumagro.jpeg","articleSection":["\u00c9conomie"],"inLanguage":"fr-FR","potentialAction":[{"@type":"CommentAction","name":"Comment","target":["https:\/\/lasentinelle.dz\/index.php\/2024\/02\/15\/usine-jumagro-la-ligne-de-transformation-des-jus-et-confiture-mise-en-service-en-mars\/#respond"]}]},{"@type":"WebPage","@id":"https:\/\/lasentinelle.dz\/index.php\/2024\/02\/15\/usine-jumagro-la-ligne-de-transformation-des-jus-et-confiture-mise-en-service-en-mars\/","url":"https:\/\/lasentinelle.dz\/index.php\/2024\/02\/15\/usine-jumagro-la-ligne-de-transformation-des-jus-et-confiture-mise-en-service-en-mars\/","name":"Usine Jumagro\u00a0: La ligne de transformation des jus et confiture mise en service en mars - La Sentinelle","isPartOf":{"@id":"https:\/\/lasentinelle.dz\/#website"},"primaryImageOfPage":{"@id":"https:\/\/lasentinelle.dz\/index.php\/2024\/02\/15\/usine-jumagro-la-ligne-de-transformation-des-jus-et-confiture-mise-en-service-en-mars\/#primaryimage"},"image":{"@id":"https:\/\/lasentinelle.dz\/index.php\/2024\/02\/15\/usine-jumagro-la-ligne-de-transformation-des-jus-et-confiture-mise-en-service-en-mars\/#primaryimage"},"thumbnailUrl":"https:\/\/lasentinelle.dz\/wp-content\/uploads\/2024\/02\/jumagro.jpeg","datePublished":"2024-02-15T11:21:00+00:00","dateModified":"2024-02-17T11:22:21+00:00","breadcrumb":{"@id":"https:\/\/lasentinelle.dz\/index.php\/2024\/02\/15\/usine-jumagro-la-ligne-de-transformation-des-jus-et-confiture-mise-en-service-en-mars\/#breadcrumb"},"inLanguage":"fr-FR","potentialAction":[{"@type":"ReadAction","target":["https:\/\/lasentinelle.dz\/index.php\/2024\/02\/15\/usine-jumagro-la-ligne-de-transformation-des-jus-et-confiture-mise-en-service-en-mars\/"]}]},{"@type":"ImageObject","inLanguage":"fr-FR","@id":"https:\/\/lasentinelle.dz\/index.php\/2024\/02\/15\/usine-jumagro-la-ligne-de-transformation-des-jus-et-confiture-mise-en-service-en-mars\/#primaryimage","url":"https:\/\/lasentinelle.dz\/wp-content\/uploads\/2024\/02\/jumagro.jpeg","contentUrl":"https:\/\/lasentinelle.dz\/wp-content\/uploads\/2024\/02\/jumagro.jpeg","width":678,"height":451},{"@type":"BreadcrumbList","@id":"https:\/\/lasentinelle.dz\/index.php\/2024\/02\/15\/usine-jumagro-la-ligne-de-transformation-des-jus-et-confiture-mise-en-service-en-mars\/#breadcrumb","itemListElement":[{"@type":"ListItem","position":1,"name":"Accueil","item":"https:\/\/lasentinelle.dz\/"},{"@type":"ListItem","position":2,"name":"Usine Jumagro\u00a0: La ligne de transformation des jus et confiture mise en service en mars"}]},{"@type":"WebSite","@id":"https:\/\/lasentinelle.dz\/#website","url":"https:\/\/lasentinelle.dz\/","name":"La Sentinelle","description":"Quotidien national d&#039;information","publisher":{"@id":"https:\/\/lasentinelle.dz\/#organization"},"potentialAction":[{"@type":"SearchAction","target":{"@type":"EntryPoint","urlTemplate":"https:\/\/lasentinelle.dz\/?s={search_term_string}"},"query-input":{"@type":"PropertyValueSpecification","valueRequired":true,"valueName":"search_term_string"}}],"inLanguage":"fr-FR"},{"@type":"Organization","@id":"https:\/\/lasentinelle.dz\/#organization","name":"Quotidien La Sentinelle","url":"https:\/\/lasentinelle.dz\/","logo":{"@type":"ImageObject","inLanguage":"fr-FR","@id":"https:\/\/lasentinelle.dz\/#\/schema\/logo\/image\/","url":"https:\/\/lasentinelle.dz\/wp-content\/uploads\/2021\/09\/logo-sentinelleSLOGAN-1.png","contentUrl":"https:\/\/lasentinelle.dz\/wp-content\/uploads\/2021\/09\/logo-sentinelleSLOGAN-1.png","width":615,"height":142,"caption":"Quotidien La Sentinelle"},"image":{"@id":"https:\/\/lasentinelle.dz\/#\/schema\/logo\/image\/"},"sameAs":["https:\/\/www.facebook.com\/La-Sentinelle-104059864394773"]},{"@type":"Person","@id":"https:\/\/lasentinelle.dz\/#\/schema\/person\/d865044e22e70a75174ce8bcad3acfb3","name":"La Sentinelle","image":{"@type":"ImageObject","inLanguage":"fr-FR","@id":"https:\/\/secure.gravatar.com\/avatar\/57de8e5d4b15d43fb361a71fbb36338450fe67865b528a43dd10ef7c51a20392?s=96&d=mm&r=g","url":"https:\/\/secure.gravatar.com\/avatar\/57de8e5d4b15d43fb361a71fbb36338450fe67865b528a43dd10ef7c51a20392?s=96&d=mm&r=g","contentUrl":"https:\/\/secure.gravatar.com\/avatar\/57de8e5d4b15d43fb361a71fbb36338450fe67865b528a43dd10ef7c51a20392?s=96&d=mm&r=g","caption":"La Sentinelle"},"sameAs":["http:\/\/www.lasentinelle.dz"],"url":"https:\/\/lasentinelle.dz\/author\/redaction\/"}]}},"_links":{"self":[{"href":"https:\/\/lasentinelle.dz\/index.php\/wp-json\/wp\/v2\/posts\/49540","targetHints":{"allow":["GET"]}}],"collection":[{"href":"https:\/\/lasentinelle.dz\/index.php\/wp-json\/wp\/v2\/posts"}],"about":[{"href":"https:\/\/lasentinelle.dz\/index.php\/wp-json\/wp\/v2\/types\/post"}],"author":[{"embeddable":true,"href":"https:\/\/lasentinelle.dz\/index.php\/wp-json\/wp\/v2\/users\/3"}],"replies":[{"embeddable":true,"href":"https:\/\/lasentinelle.dz\/index.php\/wp-json\/wp\/v2\/comments?post=49540"}],"version-history":[{"count":1,"href":"https:\/\/lasentinelle.dz\/index.php\/wp-json\/wp\/v2\/posts\/49540\/revisions"}],"predecessor-version":[{"id":49542,"href":"https:\/\/lasentinelle.dz\/index.php\/wp-json\/wp\/v2\/posts\/49540\/revisions\/49542"}],"wp:featuredmedia":[{"embeddable":true,"href":"https:\/\/lasentinelle.dz\/index.php\/wp-json\/wp\/v2\/media\/49541"}],"wp:attachment":[{"href":"https:\/\/lasentinelle.dz\/index.php\/wp-json\/wp\/v2\/media?parent=49540"}],"wp:term":[{"taxonomy":"category","embeddable":true,"href":"https:\/\/lasentinelle.dz\/index.php\/wp-json\/wp\/v2\/categories?post=49540"},{"taxonomy":"post_tag","embeddable":true,"href":"https:\/\/lasentinelle.dz\/index.php\/wp-json\/wp\/v2\/tags?post=49540"}],"curies":[{"name":"wp","href":"https:\/\/api.w.org\/{rel}","templated":true}]}}