{"id":49548,"date":"2024-02-15T12:42:00","date_gmt":"2024-02-15T11:42:00","guid":{"rendered":"https:\/\/lasentinelle.dz\/?p=49548"},"modified":"2024-02-17T12:44:27","modified_gmt":"2024-02-17T11:44:27","slug":"obesite-infantile-les-experts-appellent-a-lutter-contre-les-habitudes-alimentaires-malsaines","status":"publish","type":"post","link":"https:\/\/lasentinelle.dz\/index.php\/2024\/02\/15\/obesite-infantile-les-experts-appellent-a-lutter-contre-les-habitudes-alimentaires-malsaines\/","title":{"rendered":"Ob\u00e9sit\u00e9 infantile\u00a0: Les experts appellent \u00e0 lutter contre les habitudes alimentaires malsaines"},"content":{"rendered":"\n<p>L\u2019ob\u00e9sit\u00e9 et particuli\u00e8rement l\u2019ob\u00e9sit\u00e9 infantile est en passe de devenir un v\u00e9ritable probl\u00e8me de sant\u00e9 publique. L\u2019\u00e9volution des habitudes alimentaires ainsi que le manque d\u2019activit\u00e9 physique encourage l\u2019ob\u00e9sit\u00e9, laquelle favorise l\u2019apparition de maladies chroniques, \u00e0 l\u2019image du diab\u00e8te de type 2, \u00e0 un \u00e2ge de plus en plus jeune. La question a d\u2019ailleurs \u00e9t\u00e9 au c\u0153ur d\u2019une rencontre organis\u00e9e hier \u00e0 Alger. Une rencontre au cours de laquelle des conf\u00e9rences th\u00e9matiques ont permis d\u2019aborder la pr\u00e9vention, la prise en charge et les r\u00e9percussions psychologiques de l&rsquo;ob\u00e9sit\u00e9 infantile, son impact sur la sant\u00e9 bucco-dentaire des enfants, la qualit\u00e9 de l&rsquo;alimentation ainsi que l&rsquo;importance de l&rsquo;activit\u00e9 physique. L\u2019occasion d\u2019ailleurs pour le directeur g\u00e9n\u00e9ral de l&rsquo;Institut national de la Sant\u00e9 publique (INSP), Abderrezak Bouamra de souligner la n\u00e9cessit\u00e9 de lutter contre les habitudes alimentaires malsaines chez les enfants a \u00e9t\u00e9 soulign\u00e9e, . \u00ab\u00a0L&rsquo;ob\u00e9sit\u00e9 est consid\u00e9r\u00e9e comme une maladie et constitue l&rsquo;un des facteurs \u00e0 risque pour d&rsquo;autres maladies chroniques, d&rsquo;o\u00f9 la n\u00e9cessit\u00e9 de lutter contre les habitudes alimentaires malsaines chez les enfants qui sont parmi les causes de ce probl\u00e8me de sant\u00e9 publique\u00a0\u00bb, a indiqu\u00e9 M. Bouamra, lors d&rsquo;une rencontre-d\u00e9bat intitul\u00e9e: \u00ab\u00a0L&rsquo;ob\u00e9sit\u00e9 et l&rsquo;enfant, agissons d\u00e9s aujourd&rsquo;hui pour un avenir plus sain\u00a0\u00bb. Il a recommand\u00e9 \u00e0 cet effet, d'\u00a0\u00bbaxer les efforts sur les facteurs comportementaux modifiables\u00a0\u00bb, tels que l&rsquo;alimentation et la s\u00e9dentarit\u00e9, ajoutant que des facteurs comme la g\u00e9n\u00e9tique et l&rsquo;environnement peuvent aussi \u00eatre \u00e0 l&rsquo;origine de cette pathologie. &nbsp;D\u00e9plorant les campagnes publicitaires promouvant des produits alimentaires mena\u00e7ant la sant\u00e9 des enfants, M. Bouamra a relev\u00e9 que la sensibilisation doit cibler particuli\u00e8rement la tranche d&rsquo;\u00e2ge comprise entre 5 et 11 ans, au-del\u00e0 de laquelle il est \u00ab\u00a0plus difficile\u00a0\u00bb d&rsquo;agir, a-t-il expliqu\u00e9. Il a ajout\u00e9 dans le m\u00eame sillage, que la lutte contre ce ph\u00e9nom\u00e8ne mondial impose une \u00ab\u00a0approche multisectorielle et concert\u00e9e ainsi que la mobilisation des acteurs concern\u00e9s\u00a0\u00bb, notamment le corps m\u00e9dical, les&nbsp; enseignant, les parents et les m\u00e9dias. De son c\u00f4t\u00e9, la Sous-directrice en charge des Maladies non transmissibles (MNT) au minist\u00e8re de la Sant\u00e9, Dr Djamila Nadir, a insist\u00e9 sur l&rsquo;imp\u00e9ratif d'\u00a0\u00bbinverser la courbe progressive\u00a0\u00bb de ce probl\u00e8me de sant\u00e9 publique, plaidant pour des actions de sensibilisation en direction des parents mais aussi des professionnels de la sant\u00e9. Ces derniers sont, \u00e0 ce titre, appel\u00e9s \u00e0 \u00ab\u00a0d\u00e9tecter\u00a0\u00bb les enfants susceptibles de basculer vers l&rsquo;ob\u00e9sit\u00e9 et \u00e0 intervenir pour leur prise en charge, a-t-elle ajout\u00e9, soulignant qu'\u00a0\u00bben luttant contre l&rsquo;ob\u00e9sit\u00e9 infantile, on lutte aussi contre d&rsquo;autres maladies chroniques\u00a0\u00bb.<\/p>\n\n\n\n<p>R.N.<\/p>\n","protected":false},"excerpt":{"rendered":"<p>L\u2019ob\u00e9sit\u00e9 et particuli\u00e8rement l\u2019ob\u00e9sit\u00e9 infantile est en passe de devenir un v\u00e9ritable probl\u00e8me de sant\u00e9 publique. L\u2019\u00e9volution des habitudes alimentaires<\/p>\n","protected":false},"author":3,"featured_media":49549,"comment_status":"open","ping_status":"closed","sticky":false,"template":"","format":"standard","meta":{"colormag_page_container_layout":"default_layout","colormag_page_sidebar_layout":"default_layout","om_disable_all_campaigns":false,"_monsterinsights_skip_tracking":false,"_monsterinsights_sitenote_active":false,"_monsterinsights_sitenote_note":"","_monsterinsights_sitenote_category":0,"footnotes":"","_wpscppro_dont_share_socialmedia":false,"_wpscppro_custom_social_share_image":0,"_facebook_share_type":"","_twitter_share_type":"","_linkedin_share_type":"","_pinterest_share_type":"","_linkedin_share_type_page":"","_instagram_share_type":"","_medium_share_type":"","_threads_share_type":"","_google_business_share_type":"","_selected_social_profile":[],"_wpsp_enable_custom_social_template":false,"_wpsp_social_scheduling":{"enabled":false,"datetime":null,"platforms":[],"status":"template_only","dateOption":"today","timeOption":"now","customDays":"","customHours":"","customDate":"","customTime":"","schedulingType":"absolute"},"_wpsp_active_default_template":true},"categories":[27],"tags":[],"class_list":["post-49548","post","type-post","status-publish","format-standard","has-post-thumbnail","hentry","category-actualite"],"aioseo_notices":[],"yoast_head":"<!-- This site is optimized with the Yoast SEO plugin v27.5 - https:\/\/yoast.com\/product\/yoast-seo-wordpress\/ -->\n<title>Ob\u00e9sit\u00e9 infantile\u00a0: Les experts appellent \u00e0 lutter contre les habitudes alimentaires malsaines - La Sentinelle<\/title>\n<meta name=\"robots\" content=\"index, follow, max-snippet:-1, max-image-preview:large, max-video-preview:-1\" \/>\n<link rel=\"canonical\" href=\"https:\/\/lasentinelle.dz\/index.php\/2024\/02\/15\/obesite-infantile-les-experts-appellent-a-lutter-contre-les-habitudes-alimentaires-malsaines\/\" \/>\n<meta property=\"og:locale\" content=\"fr_FR\" \/>\n<meta property=\"og:type\" content=\"article\" \/>\n<meta property=\"og:title\" content=\"Ob\u00e9sit\u00e9 infantile\u00a0: Les experts appellent \u00e0 lutter contre les habitudes alimentaires malsaines - La Sentinelle\" \/>\n<meta property=\"og:description\" content=\"L\u2019ob\u00e9sit\u00e9 et particuli\u00e8rement l\u2019ob\u00e9sit\u00e9 infantile est en passe de devenir un v\u00e9ritable probl\u00e8me de sant\u00e9 publique. L\u2019\u00e9volution des habitudes alimentaires\" \/>\n<meta property=\"og:url\" content=\"https:\/\/lasentinelle.dz\/index.php\/2024\/02\/15\/obesite-infantile-les-experts-appellent-a-lutter-contre-les-habitudes-alimentaires-malsaines\/\" \/>\n<meta property=\"og:site_name\" content=\"La Sentinelle\" \/>\n<meta property=\"article:publisher\" content=\"https:\/\/www.facebook.com\/La-Sentinelle-104059864394773\" \/>\n<meta property=\"article:published_time\" content=\"2024-02-15T11:42:00+00:00\" \/>\n<meta property=\"article:modified_time\" content=\"2024-02-17T11:44:27+00:00\" \/>\n<meta property=\"og:image\" content=\"https:\/\/lasentinelle.dz\/wp-content\/uploads\/2024\/02\/obesite-infantile.webp\" \/>\n\t<meta property=\"og:image:width\" content=\"835\" \/>\n\t<meta property=\"og:image:height\" content=\"430\" \/>\n\t<meta property=\"og:image:type\" content=\"image\/webp\" \/>\n<meta name=\"author\" content=\"La Sentinelle\" \/>\n<meta name=\"twitter:card\" content=\"summary_large_image\" \/>\n<meta name=\"twitter:label1\" content=\"\u00c9crit par\" \/>\n\t<meta name=\"twitter:data1\" content=\"La Sentinelle\" \/>\n\t<meta name=\"twitter:label2\" content=\"Dur\u00e9e de lecture estim\u00e9e\" \/>\n\t<meta name=\"twitter:data2\" content=\"3 minutes\" \/>\n<script type=\"application\/ld+json\" class=\"yoast-schema-graph\">{\"@context\":\"https:\\\/\\\/schema.org\",\"@graph\":[{\"@type\":\"Article\",\"@id\":\"https:\\\/\\\/lasentinelle.dz\\\/index.php\\\/2024\\\/02\\\/15\\\/obesite-infantile-les-experts-appellent-a-lutter-contre-les-habitudes-alimentaires-malsaines\\\/#article\",\"isPartOf\":{\"@id\":\"https:\\\/\\\/lasentinelle.dz\\\/index.php\\\/2024\\\/02\\\/15\\\/obesite-infantile-les-experts-appellent-a-lutter-contre-les-habitudes-alimentaires-malsaines\\\/\"},\"author\":{\"name\":\"La Sentinelle\",\"@id\":\"https:\\\/\\\/lasentinelle.dz\\\/#\\\/schema\\\/person\\\/d865044e22e70a75174ce8bcad3acfb3\"},\"headline\":\"Ob\u00e9sit\u00e9 infantile\u00a0: Les experts appellent \u00e0 lutter contre les habitudes alimentaires malsaines\",\"datePublished\":\"2024-02-15T11:42:00+00:00\",\"dateModified\":\"2024-02-17T11:44:27+00:00\",\"mainEntityOfPage\":{\"@id\":\"https:\\\/\\\/lasentinelle.dz\\\/index.php\\\/2024\\\/02\\\/15\\\/obesite-infantile-les-experts-appellent-a-lutter-contre-les-habitudes-alimentaires-malsaines\\\/\"},\"wordCount\":494,\"commentCount\":0,\"publisher\":{\"@id\":\"https:\\\/\\\/lasentinelle.dz\\\/#organization\"},\"image\":{\"@id\":\"https:\\\/\\\/lasentinelle.dz\\\/index.php\\\/2024\\\/02\\\/15\\\/obesite-infantile-les-experts-appellent-a-lutter-contre-les-habitudes-alimentaires-malsaines\\\/#primaryimage\"},\"thumbnailUrl\":\"https:\\\/\\\/lasentinelle.dz\\\/wp-content\\\/uploads\\\/2024\\\/02\\\/obesite-infantile.webp\",\"articleSection\":[\"Actualit\u00e9\"],\"inLanguage\":\"fr-FR\",\"potentialAction\":[{\"@type\":\"CommentAction\",\"name\":\"Comment\",\"target\":[\"https:\\\/\\\/lasentinelle.dz\\\/index.php\\\/2024\\\/02\\\/15\\\/obesite-infantile-les-experts-appellent-a-lutter-contre-les-habitudes-alimentaires-malsaines\\\/#respond\"]}]},{\"@type\":\"WebPage\",\"@id\":\"https:\\\/\\\/lasentinelle.dz\\\/index.php\\\/2024\\\/02\\\/15\\\/obesite-infantile-les-experts-appellent-a-lutter-contre-les-habitudes-alimentaires-malsaines\\\/\",\"url\":\"https:\\\/\\\/lasentinelle.dz\\\/index.php\\\/2024\\\/02\\\/15\\\/obesite-infantile-les-experts-appellent-a-lutter-contre-les-habitudes-alimentaires-malsaines\\\/\",\"name\":\"Ob\u00e9sit\u00e9 infantile\u00a0: Les experts appellent \u00e0 lutter contre les habitudes alimentaires malsaines - La Sentinelle\",\"isPartOf\":{\"@id\":\"https:\\\/\\\/lasentinelle.dz\\\/#website\"},\"primaryImageOfPage\":{\"@id\":\"https:\\\/\\\/lasentinelle.dz\\\/index.php\\\/2024\\\/02\\\/15\\\/obesite-infantile-les-experts-appellent-a-lutter-contre-les-habitudes-alimentaires-malsaines\\\/#primaryimage\"},\"image\":{\"@id\":\"https:\\\/\\\/lasentinelle.dz\\\/index.php\\\/2024\\\/02\\\/15\\\/obesite-infantile-les-experts-appellent-a-lutter-contre-les-habitudes-alimentaires-malsaines\\\/#primaryimage\"},\"thumbnailUrl\":\"https:\\\/\\\/lasentinelle.dz\\\/wp-content\\\/uploads\\\/2024\\\/02\\\/obesite-infantile.webp\",\"datePublished\":\"2024-02-15T11:42:00+00:00\",\"dateModified\":\"2024-02-17T11:44:27+00:00\",\"breadcrumb\":{\"@id\":\"https:\\\/\\\/lasentinelle.dz\\\/index.php\\\/2024\\\/02\\\/15\\\/obesite-infantile-les-experts-appellent-a-lutter-contre-les-habitudes-alimentaires-malsaines\\\/#breadcrumb\"},\"inLanguage\":\"fr-FR\",\"potentialAction\":[{\"@type\":\"ReadAction\",\"target\":[\"https:\\\/\\\/lasentinelle.dz\\\/index.php\\\/2024\\\/02\\\/15\\\/obesite-infantile-les-experts-appellent-a-lutter-contre-les-habitudes-alimentaires-malsaines\\\/\"]}]},{\"@type\":\"ImageObject\",\"inLanguage\":\"fr-FR\",\"@id\":\"https:\\\/\\\/lasentinelle.dz\\\/index.php\\\/2024\\\/02\\\/15\\\/obesite-infantile-les-experts-appellent-a-lutter-contre-les-habitudes-alimentaires-malsaines\\\/#primaryimage\",\"url\":\"https:\\\/\\\/lasentinelle.dz\\\/wp-content\\\/uploads\\\/2024\\\/02\\\/obesite-infantile.webp\",\"contentUrl\":\"https:\\\/\\\/lasentinelle.dz\\\/wp-content\\\/uploads\\\/2024\\\/02\\\/obesite-infantile.webp\",\"width\":835,\"height\":430},{\"@type\":\"BreadcrumbList\",\"@id\":\"https:\\\/\\\/lasentinelle.dz\\\/index.php\\\/2024\\\/02\\\/15\\\/obesite-infantile-les-experts-appellent-a-lutter-contre-les-habitudes-alimentaires-malsaines\\\/#breadcrumb\",\"itemListElement\":[{\"@type\":\"ListItem\",\"position\":1,\"name\":\"Accueil\",\"item\":\"https:\\\/\\\/lasentinelle.dz\\\/\"},{\"@type\":\"ListItem\",\"position\":2,\"name\":\"Ob\u00e9sit\u00e9 infantile\u00a0: Les experts appellent \u00e0 lutter contre les habitudes alimentaires malsaines\"}]},{\"@type\":\"WebSite\",\"@id\":\"https:\\\/\\\/lasentinelle.dz\\\/#website\",\"url\":\"https:\\\/\\\/lasentinelle.dz\\\/\",\"name\":\"La Sentinelle\",\"description\":\"Quotidien national d&#039;information\",\"publisher\":{\"@id\":\"https:\\\/\\\/lasentinelle.dz\\\/#organization\"},\"potentialAction\":[{\"@type\":\"SearchAction\",\"target\":{\"@type\":\"EntryPoint\",\"urlTemplate\":\"https:\\\/\\\/lasentinelle.dz\\\/?s={search_term_string}\"},\"query-input\":{\"@type\":\"PropertyValueSpecification\",\"valueRequired\":true,\"valueName\":\"search_term_string\"}}],\"inLanguage\":\"fr-FR\"},{\"@type\":\"Organization\",\"@id\":\"https:\\\/\\\/lasentinelle.dz\\\/#organization\",\"name\":\"Quotidien La Sentinelle\",\"url\":\"https:\\\/\\\/lasentinelle.dz\\\/\",\"logo\":{\"@type\":\"ImageObject\",\"inLanguage\":\"fr-FR\",\"@id\":\"https:\\\/\\\/lasentinelle.dz\\\/#\\\/schema\\\/logo\\\/image\\\/\",\"url\":\"https:\\\/\\\/lasentinelle.dz\\\/wp-content\\\/uploads\\\/2021\\\/09\\\/logo-sentinelleSLOGAN-1.png\",\"contentUrl\":\"https:\\\/\\\/lasentinelle.dz\\\/wp-content\\\/uploads\\\/2021\\\/09\\\/logo-sentinelleSLOGAN-1.png\",\"width\":615,\"height\":142,\"caption\":\"Quotidien La Sentinelle\"},\"image\":{\"@id\":\"https:\\\/\\\/lasentinelle.dz\\\/#\\\/schema\\\/logo\\\/image\\\/\"},\"sameAs\":[\"https:\\\/\\\/www.facebook.com\\\/La-Sentinelle-104059864394773\"]},{\"@type\":\"Person\",\"@id\":\"https:\\\/\\\/lasentinelle.dz\\\/#\\\/schema\\\/person\\\/d865044e22e70a75174ce8bcad3acfb3\",\"name\":\"La Sentinelle\",\"image\":{\"@type\":\"ImageObject\",\"inLanguage\":\"fr-FR\",\"@id\":\"https:\\\/\\\/secure.gravatar.com\\\/avatar\\\/57de8e5d4b15d43fb361a71fbb36338450fe67865b528a43dd10ef7c51a20392?s=96&d=mm&r=g\",\"url\":\"https:\\\/\\\/secure.gravatar.com\\\/avatar\\\/57de8e5d4b15d43fb361a71fbb36338450fe67865b528a43dd10ef7c51a20392?s=96&d=mm&r=g\",\"contentUrl\":\"https:\\\/\\\/secure.gravatar.com\\\/avatar\\\/57de8e5d4b15d43fb361a71fbb36338450fe67865b528a43dd10ef7c51a20392?s=96&d=mm&r=g\",\"caption\":\"La Sentinelle\"},\"sameAs\":[\"http:\\\/\\\/www.lasentinelle.dz\"],\"url\":\"https:\\\/\\\/lasentinelle.dz\\\/author\\\/redaction\\\/\"}]}<\/script>\n<!-- \/ Yoast SEO plugin. -->","yoast_head_json":{"title":"Ob\u00e9sit\u00e9 infantile\u00a0: Les experts appellent \u00e0 lutter contre les habitudes alimentaires malsaines - La Sentinelle","robots":{"index":"index","follow":"follow","max-snippet":"max-snippet:-1","max-image-preview":"max-image-preview:large","max-video-preview":"max-video-preview:-1"},"canonical":"https:\/\/lasentinelle.dz\/index.php\/2024\/02\/15\/obesite-infantile-les-experts-appellent-a-lutter-contre-les-habitudes-alimentaires-malsaines\/","og_locale":"fr_FR","og_type":"article","og_title":"Ob\u00e9sit\u00e9 infantile\u00a0: Les experts appellent \u00e0 lutter contre les habitudes alimentaires malsaines - La Sentinelle","og_description":"L\u2019ob\u00e9sit\u00e9 et particuli\u00e8rement l\u2019ob\u00e9sit\u00e9 infantile est en passe de devenir un v\u00e9ritable probl\u00e8me de sant\u00e9 publique. L\u2019\u00e9volution des habitudes alimentaires","og_url":"https:\/\/lasentinelle.dz\/index.php\/2024\/02\/15\/obesite-infantile-les-experts-appellent-a-lutter-contre-les-habitudes-alimentaires-malsaines\/","og_site_name":"La Sentinelle","article_publisher":"https:\/\/www.facebook.com\/La-Sentinelle-104059864394773","article_published_time":"2024-02-15T11:42:00+00:00","article_modified_time":"2024-02-17T11:44:27+00:00","og_image":[{"width":835,"height":430,"url":"https:\/\/lasentinelle.dz\/wp-content\/uploads\/2024\/02\/obesite-infantile.webp","type":"image\/webp"}],"author":"La Sentinelle","twitter_card":"summary_large_image","twitter_misc":{"\u00c9crit par":"La Sentinelle","Dur\u00e9e de lecture estim\u00e9e":"3 minutes"},"schema":{"@context":"https:\/\/schema.org","@graph":[{"@type":"Article","@id":"https:\/\/lasentinelle.dz\/index.php\/2024\/02\/15\/obesite-infantile-les-experts-appellent-a-lutter-contre-les-habitudes-alimentaires-malsaines\/#article","isPartOf":{"@id":"https:\/\/lasentinelle.dz\/index.php\/2024\/02\/15\/obesite-infantile-les-experts-appellent-a-lutter-contre-les-habitudes-alimentaires-malsaines\/"},"author":{"name":"La Sentinelle","@id":"https:\/\/lasentinelle.dz\/#\/schema\/person\/d865044e22e70a75174ce8bcad3acfb3"},"headline":"Ob\u00e9sit\u00e9 infantile\u00a0: Les experts appellent \u00e0 lutter contre les habitudes alimentaires malsaines","datePublished":"2024-02-15T11:42:00+00:00","dateModified":"2024-02-17T11:44:27+00:00","mainEntityOfPage":{"@id":"https:\/\/lasentinelle.dz\/index.php\/2024\/02\/15\/obesite-infantile-les-experts-appellent-a-lutter-contre-les-habitudes-alimentaires-malsaines\/"},"wordCount":494,"commentCount":0,"publisher":{"@id":"https:\/\/lasentinelle.dz\/#organization"},"image":{"@id":"https:\/\/lasentinelle.dz\/index.php\/2024\/02\/15\/obesite-infantile-les-experts-appellent-a-lutter-contre-les-habitudes-alimentaires-malsaines\/#primaryimage"},"thumbnailUrl":"https:\/\/lasentinelle.dz\/wp-content\/uploads\/2024\/02\/obesite-infantile.webp","articleSection":["Actualit\u00e9"],"inLanguage":"fr-FR","potentialAction":[{"@type":"CommentAction","name":"Comment","target":["https:\/\/lasentinelle.dz\/index.php\/2024\/02\/15\/obesite-infantile-les-experts-appellent-a-lutter-contre-les-habitudes-alimentaires-malsaines\/#respond"]}]},{"@type":"WebPage","@id":"https:\/\/lasentinelle.dz\/index.php\/2024\/02\/15\/obesite-infantile-les-experts-appellent-a-lutter-contre-les-habitudes-alimentaires-malsaines\/","url":"https:\/\/lasentinelle.dz\/index.php\/2024\/02\/15\/obesite-infantile-les-experts-appellent-a-lutter-contre-les-habitudes-alimentaires-malsaines\/","name":"Ob\u00e9sit\u00e9 infantile\u00a0: Les experts appellent \u00e0 lutter contre les habitudes alimentaires malsaines - La Sentinelle","isPartOf":{"@id":"https:\/\/lasentinelle.dz\/#website"},"primaryImageOfPage":{"@id":"https:\/\/lasentinelle.dz\/index.php\/2024\/02\/15\/obesite-infantile-les-experts-appellent-a-lutter-contre-les-habitudes-alimentaires-malsaines\/#primaryimage"},"image":{"@id":"https:\/\/lasentinelle.dz\/index.php\/2024\/02\/15\/obesite-infantile-les-experts-appellent-a-lutter-contre-les-habitudes-alimentaires-malsaines\/#primaryimage"},"thumbnailUrl":"https:\/\/lasentinelle.dz\/wp-content\/uploads\/2024\/02\/obesite-infantile.webp","datePublished":"2024-02-15T11:42:00+00:00","dateModified":"2024-02-17T11:44:27+00:00","breadcrumb":{"@id":"https:\/\/lasentinelle.dz\/index.php\/2024\/02\/15\/obesite-infantile-les-experts-appellent-a-lutter-contre-les-habitudes-alimentaires-malsaines\/#breadcrumb"},"inLanguage":"fr-FR","potentialAction":[{"@type":"ReadAction","target":["https:\/\/lasentinelle.dz\/index.php\/2024\/02\/15\/obesite-infantile-les-experts-appellent-a-lutter-contre-les-habitudes-alimentaires-malsaines\/"]}]},{"@type":"ImageObject","inLanguage":"fr-FR","@id":"https:\/\/lasentinelle.dz\/index.php\/2024\/02\/15\/obesite-infantile-les-experts-appellent-a-lutter-contre-les-habitudes-alimentaires-malsaines\/#primaryimage","url":"https:\/\/lasentinelle.dz\/wp-content\/uploads\/2024\/02\/obesite-infantile.webp","contentUrl":"https:\/\/lasentinelle.dz\/wp-content\/uploads\/2024\/02\/obesite-infantile.webp","width":835,"height":430},{"@type":"BreadcrumbList","@id":"https:\/\/lasentinelle.dz\/index.php\/2024\/02\/15\/obesite-infantile-les-experts-appellent-a-lutter-contre-les-habitudes-alimentaires-malsaines\/#breadcrumb","itemListElement":[{"@type":"ListItem","position":1,"name":"Accueil","item":"https:\/\/lasentinelle.dz\/"},{"@type":"ListItem","position":2,"name":"Ob\u00e9sit\u00e9 infantile\u00a0: Les experts appellent \u00e0 lutter contre les habitudes alimentaires malsaines"}]},{"@type":"WebSite","@id":"https:\/\/lasentinelle.dz\/#website","url":"https:\/\/lasentinelle.dz\/","name":"La Sentinelle","description":"Quotidien national d&#039;information","publisher":{"@id":"https:\/\/lasentinelle.dz\/#organization"},"potentialAction":[{"@type":"SearchAction","target":{"@type":"EntryPoint","urlTemplate":"https:\/\/lasentinelle.dz\/?s={search_term_string}"},"query-input":{"@type":"PropertyValueSpecification","valueRequired":true,"valueName":"search_term_string"}}],"inLanguage":"fr-FR"},{"@type":"Organization","@id":"https:\/\/lasentinelle.dz\/#organization","name":"Quotidien La Sentinelle","url":"https:\/\/lasentinelle.dz\/","logo":{"@type":"ImageObject","inLanguage":"fr-FR","@id":"https:\/\/lasentinelle.dz\/#\/schema\/logo\/image\/","url":"https:\/\/lasentinelle.dz\/wp-content\/uploads\/2021\/09\/logo-sentinelleSLOGAN-1.png","contentUrl":"https:\/\/lasentinelle.dz\/wp-content\/uploads\/2021\/09\/logo-sentinelleSLOGAN-1.png","width":615,"height":142,"caption":"Quotidien La Sentinelle"},"image":{"@id":"https:\/\/lasentinelle.dz\/#\/schema\/logo\/image\/"},"sameAs":["https:\/\/www.facebook.com\/La-Sentinelle-104059864394773"]},{"@type":"Person","@id":"https:\/\/lasentinelle.dz\/#\/schema\/person\/d865044e22e70a75174ce8bcad3acfb3","name":"La Sentinelle","image":{"@type":"ImageObject","inLanguage":"fr-FR","@id":"https:\/\/secure.gravatar.com\/avatar\/57de8e5d4b15d43fb361a71fbb36338450fe67865b528a43dd10ef7c51a20392?s=96&d=mm&r=g","url":"https:\/\/secure.gravatar.com\/avatar\/57de8e5d4b15d43fb361a71fbb36338450fe67865b528a43dd10ef7c51a20392?s=96&d=mm&r=g","contentUrl":"https:\/\/secure.gravatar.com\/avatar\/57de8e5d4b15d43fb361a71fbb36338450fe67865b528a43dd10ef7c51a20392?s=96&d=mm&r=g","caption":"La Sentinelle"},"sameAs":["http:\/\/www.lasentinelle.dz"],"url":"https:\/\/lasentinelle.dz\/author\/redaction\/"}]}},"_links":{"self":[{"href":"https:\/\/lasentinelle.dz\/index.php\/wp-json\/wp\/v2\/posts\/49548","targetHints":{"allow":["GET"]}}],"collection":[{"href":"https:\/\/lasentinelle.dz\/index.php\/wp-json\/wp\/v2\/posts"}],"about":[{"href":"https:\/\/lasentinelle.dz\/index.php\/wp-json\/wp\/v2\/types\/post"}],"author":[{"embeddable":true,"href":"https:\/\/lasentinelle.dz\/index.php\/wp-json\/wp\/v2\/users\/3"}],"replies":[{"embeddable":true,"href":"https:\/\/lasentinelle.dz\/index.php\/wp-json\/wp\/v2\/comments?post=49548"}],"version-history":[{"count":1,"href":"https:\/\/lasentinelle.dz\/index.php\/wp-json\/wp\/v2\/posts\/49548\/revisions"}],"predecessor-version":[{"id":49550,"href":"https:\/\/lasentinelle.dz\/index.php\/wp-json\/wp\/v2\/posts\/49548\/revisions\/49550"}],"wp:featuredmedia":[{"embeddable":true,"href":"https:\/\/lasentinelle.dz\/index.php\/wp-json\/wp\/v2\/media\/49549"}],"wp:attachment":[{"href":"https:\/\/lasentinelle.dz\/index.php\/wp-json\/wp\/v2\/media?parent=49548"}],"wp:term":[{"taxonomy":"category","embeddable":true,"href":"https:\/\/lasentinelle.dz\/index.php\/wp-json\/wp\/v2\/categories?post=49548"},{"taxonomy":"post_tag","embeddable":true,"href":"https:\/\/lasentinelle.dz\/index.php\/wp-json\/wp\/v2\/tags?post=49548"}],"curies":[{"name":"wp","href":"https:\/\/api.w.org\/{rel}","templated":true}]}}