{"id":49563,"date":"2024-02-15T13:04:00","date_gmt":"2024-02-15T12:04:00","guid":{"rendered":"https:\/\/lasentinelle.dz\/?p=49563"},"modified":"2024-02-17T13:06:27","modified_gmt":"2024-02-17T12:06:27","slug":"letau-se-resserre-sur-lentite-sioniste","status":"publish","type":"post","link":"https:\/\/lasentinelle.dz\/index.php\/2024\/02\/15\/letau-se-resserre-sur-lentite-sioniste\/","title":{"rendered":"L\u2019\u00e9tau se resserre sur l\u2019entit\u00e9 sioniste"},"content":{"rendered":"\n<p><strong>Appels \u00e0 des enqu\u00eates sur le g\u00e9nocide et ouverture d\u2019une nouvelle proc\u00e9dure \u00e0 la CIJ<\/strong><\/p>\n\n\n\n<p>Le refus de l\u2019entit\u00e9 sioniste de cesser sa guerre g\u00e9nocidaire contre les Palestiniens \u00e0 Ghaza, mais aussi en Cisjordanie occup\u00e9e suscite de vives r\u00e9actions au sein de la communaut\u00e9 internationale. L\u2019ONU qui s\u2019\u00e9tait jusque-l\u00e0 montr\u00e9e pr\u00e9cautionneuse dans la qualification de ce qui se passe \u00e0 Ghaza l\u00e2che le mot g\u00e9nocide. Le Chef de la diplomatie europ\u00e9enne demande \u00e0 ce que des pressions r\u00e9elles soient impos\u00e9es \u00e0 Benyamin Netanyahu et appelle \u00e0 r\u00e9duire les livraisons d\u2019armes \u00e0 l\u2019entit\u00e9 sioniste, tandis que l\u2019Espagne et l\u2019Irlande appellent \u00e0 l\u2019ouverture d\u2019une enqu\u00eate sur les crimes commis \u00e0 Ghaza. Ceci au moment o\u00f9 la Cour international de justice ouvre une nouvelle proc\u00e9dure concernant les \u00ab&nbsp;pratiques&nbsp;\u00bb de l\u2019entit\u00e9 sioniste Cisjordanie occup\u00e9e et \u00e0 Al-Qods Est.<\/p>\n\n\n\n<p>La pression internationale monte sur l\u2019entit\u00e9 sioniste. Alors que le syst\u00e8me des Nations unies avertit contre les cons\u00e9quences d\u2019une offensive sur Rafah, dernier refuge des Palestiniens, \u00e0 la fronti\u00e8re avec l\u2019\u00c9gypte, la Cour international de justice ouvre une nouvelle proc\u00e9dure orale sur ce qui se passe en Palestine occup\u00e9e. Un plus d\u2019un mois apr\u00e8s l\u2019ouverture des premi\u00e8res audiences publiques dans le cadre de la plainte introduite par l\u2019Afrique du Sud contre l\u2019entit\u00e9 occupante pour g\u00e9nocide, la CIJ ouvrira lundi une nouvelle proc\u00e9dure sur les \u00ab&nbsp;Cons\u00e9quences juridiques d\u00e9coulant des politiques et pratiques&nbsp;\u00bb de l\u2019entit\u00e9 sioniste dans les Territoires palestiniens occup\u00e9s, y compris Al Qods-Est. Une proc\u00e9dure qui donnera lieu \u00e0 des audiences publiques du 19 au 26 f\u00e9vrier et au cours desquels 52 \u00c9tats dont l\u2019Alg\u00e9rie et 3 organisations internationales, soit la Ligue des \u00c9tats arabes, l\u2019Organisation de la coop\u00e9ration islamique et l\u2019Union africaine, interviendront. L\u2019\u00c9tat de Palestine pr\u00e9sentera d\u2019ailleurs pour l\u2019occasion un \u00ab\u00a0rapport sur les violations par l&rsquo;entit\u00e9 sioniste de la d\u00e9cision du 26 janvier appelant \u00e0 prendre des mesures pour pr\u00e9venir un g\u00e9nocide \u00e0 Ghaza\u00a0\u00bb.<\/p>\n\n\n\n<p>En effet, le sous-secr\u00e9taire d&rsquo;Etat palestinien aux Nations-unies et de ses organisations sp\u00e9cialis\u00e9es, Omar Awdallah, a fait<\/p>\n\n\n\n<p>savoir dans un communiqu\u00e9 cit\u00e9 hier par l&rsquo;agence de presse Wafa, que lors des prochaines audiences, la CIJ examinera \u00ab\u00a0les effets juridiques caus\u00e9s par la violation sioniste du droit du peuple palestinien \u00e0 l\u2019autod\u00e9termination et l\u2019occupation des territoires palestiniens depuis 1967\u00a0\u00bb, soulignant que la Palestine pr\u00e9sentera pour l\u2019occasion rapport sur les violations par l&rsquo;entit\u00e9 sioniste de la d\u00e9cision du 26 janvier. Rappelons dans ce contexte que le 26 janvier dernier, la CIJ a ordonn\u00e9 \u00e0 l&rsquo;entit\u00e9 sioniste apr\u00e8s avoir examin\u00e9 la plainte d\u00e9pos\u00e9e par l&rsquo;Afrique du Sud contre l&rsquo;occupant sioniste pour g\u00e9nocide \u00e0 Ghaza, de s&rsquo;interdire de cibler des civils palestiniens, de sanctionner les responsables sionistes incitant \u00e0 la violence et d&rsquo;autoriser l&rsquo;entr\u00e9e sans obstacles de l&rsquo;aide humanitaire dans la bande de Ghaza. L&rsquo;entit\u00e9 sioniste a ignor\u00e9 totalement les injonctions de la CIJ et poursuit depuis son acharnement contre les Palestiniens, d\u00e9sirant d\u00e9sormais de s&rsquo;en prendre \u00e9galement \u00e0 la ville de Rafah , o\u00f9 pr\u00e8s d&rsquo;un million et demi de r\u00e9fugi\u00e9s palestiniens vivotent dans une poche de terrain ne d\u00e9passant pas quelques kilom\u00e8tres carr\u00e9s.<\/p>\n\n\n\n<p><strong>Appels \u00e0 cesser la vente d\u2019armes<\/strong><\/p>\n\n\n\n<p>Une d\u00e9cision qui a d\u00e9finitivement d\u00e9montr\u00e9 les intentions g\u00e9nocidaires de l\u2019entit\u00e9 sioniste et sa volont\u00e9 d\u2019expulser les Palestiniens de leur terre au m\u00e9pris du droit international et de l\u2019avis de la communaut\u00e9 international. Ce qui fait r\u00e9agir vivement y compris parmi les alli\u00e9s de l\u2019entit\u00e9 sioniste. De plus en plus de voix s\u2019\u00e9l\u00e8vent pour d\u00e9noncer la complicit\u00e9 des gouvernements occidentaux dans le g\u00e9nocide commis l\u2019occupation isra\u00e9lienne. C\u2019est le cas du chef de la diplomatie europ\u00e9enne Josep Borell qui a sugg\u00e9r\u00e9 lundi aux \u00c9tats-Unis de livrer moins d&rsquo;armes \u00e0 l\u2019entit\u00e9 sioniste en r\u00e9agissant aux propos de Biden lequel a \u00e9voqu\u00e9 \u00ab&nbsp;une riposte disproportionn\u00e9e&nbsp;\u00bb. \u00abSi vous pensez que trop de gens sont tu\u00e9s, peut-\u00eatre devriez-vous fournir moins d&rsquo;armes afin d&#8217;emp\u00eacher que tant de gens soient tu\u00e9s. N&rsquo;est-ce pas logique ?\u00bb, a-t-il affirm\u00e9 devant la presse. \u00ab Tout le monde va \u00e0 Tel-Aviv en suppliant, s\u2019il vous pla\u00eet ne faites pas \u00e7a, prot\u00e9gez les civils, ne tuez pas autant de gens\u00bb, a soulign\u00e9 Josep Borrell, \u00e0 l&rsquo;issue d&rsquo;une rencontre des ministres du D\u00e9veloppement de l&rsquo;UE. Mais Benjamin Netanyahu \u00ab n&rsquo;\u00e9coute personne \u00bb, a-t-il ajout\u00e9. Rappelons dans ce contexte la Cour d&rsquo;appel de La Haye a ordonn\u00e9 lundi aux Pays-Bas d&rsquo;arr\u00eater l&rsquo;exportation de pi\u00e8ces de F-35 \u00e0 l\u2019entit\u00e9 sioniste, jugeant qu&rsquo;il existait \u00abun risque \u00e9vident que de graves violations du droit humanitaire de la guerre soient commises dans la bande de Gaza\u00bb avec les avions de combat F-35 isra\u00e9liens. Borell a \u00e9galement d\u00e9nonc\u00e9 le plan \u00ab&nbsp;d\u2019\u00e9vacuation&nbsp;\u00bb qui s\u2019apparente clairement \u00e0 plan d\u2019expulsion des Palestiniens de Ghaza. \u00abIls vont \u00e9vacuer\u00bb les Palestiniens. \u00ab O\u00f9 ? Sur la lune ?\u00bb, s&rsquo;est-il encore demand\u00e9.<\/p>\n\n\n\n<p>Pour leur part, l&rsquo;Espagne et l\u2019Irlande ont appel\u00e9 hier la commission de l&rsquo;Union europ\u00e9enne \u00e0 enqu\u00eater imm\u00e9diatement sur les violations de l&rsquo;entit\u00e9 sioniste des droits de l\u2019Homme dans la bande de Ghaza. \u00ab\u00a0Compte tenu de la situation critique \u00e0 Rafah, les gouvernements espagnol et irlandais ont envoy\u00e9 une lettre \u00e0 la Commission europ\u00e9enne lui demandant de mener une enqu\u00eate urgente\u00a0\u00bb pour d\u00e9terminer si l&rsquo;entit\u00e9 sioniste remplit ses obligations concernant le respect des les droits de l&rsquo;Homme \u00e0 Ghaza, a \u00e9crit le Premier ministre espagnol, Pedro Sanchez, sur la plateforme X.<\/p>\n\n\n\n<p><strong>L\u2019ONU reconna\u00eet un g\u00e9nocide<\/strong><\/p>\n\n\n\n<p>La communaut\u00e9 internationale a averti contre les risques de g\u00e9nocide dans le sillage d\u2019une offensive isra\u00e9lienne \u00e0 Ghaza. L\u2019ONU pour sa part reconna\u00eet l\u2019existence d\u2019un g\u00e9nocide. Ainsi, le rapporteur sp\u00e9cial de l\u2019Onu sur le droit \u00e0 un logement convenable, Balakrishnan Rajagopal, a d\u00e9clar\u00e9 que les actions de l\u2019entit\u00e9visant \u00e0 cr\u00e9er des conditions qui rendent la bande de Gaza \u2018\u2019inhabitable\u2019\u2019, rel\u00e8vent du \u00ab&nbsp;g\u00e9nocide&nbsp;\u00bb. Dans une d\u00e9claration l\u2019agence de presse turque Anadolu, Rajagopal a expliqu\u00e9 que plus d&rsquo;un million de personnes ont fui diff\u00e9rentes villes et localit\u00e9s de Ghaza vers Rafah, ville du sud de l\u2019enclave palestinienne, qualifiant ce qui s&rsquo;y est pass\u00e9 de \u2018\u2019catastrophe\u2019\u2019. Il a ajout\u00e9 que les Ghazaouis sont priv\u00e9s des besoins vitaux tels que l&rsquo;eau, la nourriture et l&rsquo;assainissement, sans compter le risque de propagation rapide des maladies. Le responsable onusien a soulign\u00e9 que ce qui se passe \u00e0 Ghaza d\u00e9passe ce dont le monde a \u00e9t\u00e9 t\u00e9moin dans les autres conflits ajoutant que l\u2019intensit\u00e9 de la guerre dans l&rsquo;enclave palestinienne est \u2018\u2019sans pr\u00e9c\u00e9dent\u2019\u2019. Il a rappel\u00e9 que de nombreuses d\u00e9clarations isra\u00e9liennes traduisent une volont\u00e9 d\u2019expulser tous les Ghazaouis hors de l\u2019enclave.\u200b\u200b\u200b\u200b\u200b\u200b\u200b<\/p>\n\n\n\n<p>Sur le terrain, l\u2019occupant multiplie les crimes. Au-del\u00e0 du pilonnage permanent de l\u2019enclave, les soldats de l\u2019occupation ex\u00e9cutent de sang-froid les civils qui essaient de fuir ainsi que les r\u00e9fugi\u00e9s. C\u2019est \u00e0 l\u2019image des images choquantes de l\u2019ex\u00e9cution d\u2019un jeune Palestinien ex\u00e9cut\u00e9 par l\u2019occupant apr\u00e8s avoir transmis l\u2019ordre d\u2019\u00e9vacuation de l\u2019h\u00f4pital Nasser \u00e0 Khan Younes. Des t\u00e9moins oculaires ont rapport\u00e9 que les forces isra\u00e9lienne l&rsquo;ont d\u00e9p\u00each\u00e9 aupr\u00e8s des d\u00e9plac\u00e9s pour leur demander d\u2019\u00e9vacuer imp\u00e9rativement l&rsquo;h\u00f4pital. Les t\u00e9moins et les sources m\u00e9dicales ont expliqu\u00e9 que les soldats sionistes ont fait porter au jeune Palestinien une combinaison blanche de protection contre le coronavirus, lui ont attach\u00e9 les mains et lui ont mis une marque jaune distinctive sur la t\u00eate pour pouvoir suivre ses mouvements. Ils ont d\u00e9clar\u00e9 que le jeune homme est revenu vers les forces isra\u00e9liennes apr\u00e8s avoir transmis le message aux d\u00e9plac\u00e9s \u00e0 l&rsquo;int\u00e9rieur de l\u2019h\u00f4pital, \u2018\u2019qui l&rsquo;ont ex\u00e9cut\u00e9 de trois balles avant qu&rsquo;il ne les atteigne\u2019\u2019. Des extraits vid\u00e9o ont circul\u00e9 sur les r\u00e9seaux sociaux montrant le jeune Palestinien portant une combinaison blanche distinctive alors qu&rsquo;il demandait aux personnes d\u00e9plac\u00e9es d&rsquo;\u00e9vacuer l\u2019h\u00f4pital, avant de quitter les lieux dans un second temps.D&rsquo;autres extraits vid\u00e9o montrent le corps sans vie du jeune homme apr\u00e8s avoir \u00e9t\u00e9 abattu par les forces isra\u00e9liennes.<\/p>\n\n\n\n<p>L\u2019occupation demand\u00e9 \u00e0 la direction de l&rsquo;h\u00f4pital Nasser d&rsquo;\u00e9vacuer les d\u00e9plac\u00e9s et de garder les patients et le personnel m\u00e9dical, selon une pr\u00e9c\u00e9dente d\u00e9claration du porte-parole du minist\u00e8re de la Sant\u00e9 de Ghaza, Ashraf al-Qudra.<\/p>\n\n\n\n<p>Plus t\u00f4t mardi, le minist\u00e8re de la Sant\u00e9 de Gaza a fait savoir que des personnes d\u00e9plac\u00e9es ont \u00e9t\u00e9 tu\u00e9es et d\u2019autres bless\u00e9es apr\u00e8s que l\u2019occupation ait a ouvert le feu sur elles au moment o\u00f9 elles quittaient l&rsquo;h\u00f4pital Nasser de Khan Youn\u00e8s. L\u2019ONG M\u00e9decins sans fronti\u00e8res (MSF) a exprim\u00e9 mardi son inqui\u00e9tude face \u00e0 la situation dans l&rsquo;h\u00f4pital assi\u00e9g\u00e9. Elle a soulign\u00e9 que \u2018\u2019Les gens n\u2019osent pas sortir de l\u2019h\u00f4pital de peur d\u2019\u00eatre cibl\u00e9s par des tireurs embusqu\u00e9s\u2019\u2019, ajoutant : \u2018\u2019Toutes les personnes qui veulent quitter l\u2019h\u00f4pital devraient pouvoir le faire en toute s\u00e9curit\u00e9\u2019\u2019.<\/p>\n\n\n\n<p><strong>Lyes Sa\u00efdi<\/strong><\/p>\n\n\n\n<p><strong>Ahmed Attaf re\u00e7oit un appel t\u00e9l\u00e9phonique du Secr\u00e9taire d&rsquo;Etat am\u00e9ricain<\/strong><\/p>\n\n\n\n<p><strong>La situation \u00e0 Ghaza au c\u0153ur de l\u2019entretien<\/strong><\/p>\n\n\n\n<p>Le ministre des Affaires \u00e9trang\u00e8res et de la Communaut\u00e9 nationale \u00e0 l\u2019\u00e9tranger, M. Ahmed Attaf, a re\u00e7u, mercredi, un appel t\u00e9l\u00e9phonique du Secr\u00e9taire d\u2019Etat am\u00e9ricain, M. Antony Blinken, indique un communiqu\u00e9 du minist\u00e8re. \u00ab\u00a0Cet entretien s\u2019inscrit dans le cadre de la concertation r\u00e9guli\u00e8re que les deux ministres se sont engag\u00e9s \u00e0 maintenir entre eux sur les grandes questions internationales et r\u00e9gionales d\u2019int\u00e9r\u00eat commun\u00a0\u00bb, pr\u00e9cise la m\u00eame source. \u00ab\u00a0Les \u00e9changes ont particuli\u00e8rement port\u00e9 sur les derniers d\u00e9veloppements de la situation \u00e0 Ghaza et sur les efforts diplomatiques d\u00e9ploy\u00e9s par l\u2019Alg\u00e9rie au Conseil de s\u00e9curit\u00e9 dans le but de donner un effet ex\u00e9cutoire aux mesures provisoires prononc\u00e9es par la Cour Internationale de Justice\u00a0\u00bb, indique encore le communiqu\u00e9.<\/p>\n\n\n\n<p>APS<\/p>\n","protected":false},"excerpt":{"rendered":"<p>Appels \u00e0 des enqu\u00eates sur le g\u00e9nocide et ouverture d\u2019une nouvelle proc\u00e9dure \u00e0 la CIJ Le refus de l\u2019entit\u00e9 sioniste<\/p>\n","protected":false},"author":3,"featured_media":49564,"comment_status":"open","ping_status":"closed","sticky":false,"template":"","format":"standard","meta":{"colormag_page_container_layout":"default_layout","colormag_page_sidebar_layout":"default_layout","om_disable_all_campaigns":false,"_monsterinsights_skip_tracking":false,"_monsterinsights_sitenote_active":false,"_monsterinsights_sitenote_note":"","_monsterinsights_sitenote_category":0,"footnotes":"","_wpscppro_dont_share_socialmedia":false,"_wpscppro_custom_social_share_image":0,"_facebook_share_type":"","_twitter_share_type":"","_linkedin_share_type":"","_pinterest_share_type":"","_linkedin_share_type_page":"","_instagram_share_type":"","_medium_share_type":"","_threads_share_type":"","_google_business_share_type":"","_selected_social_profile":[],"_wpsp_enable_custom_social_template":false,"_wpsp_social_scheduling":{"enabled":false,"datetime":null,"platforms":[],"status":"template_only","dateOption":"today","timeOption":"now","customDays":"","customHours":"","customDate":"","customTime":"","schedulingType":"absolute"},"_wpsp_active_default_template":true},"categories":[52,27],"tags":[],"class_list":["post-49563","post","type-post","status-publish","format-standard","has-post-thumbnail","hentry","category-a-la-une","category-actualite"],"aioseo_notices":[],"yoast_head":"<!-- This site is optimized with the Yoast SEO plugin v27.5 - https:\/\/yoast.com\/product\/yoast-seo-wordpress\/ -->\n<title>L\u2019\u00e9tau se resserre sur l\u2019entit\u00e9 sioniste - La Sentinelle<\/title>\n<meta name=\"robots\" content=\"index, follow, max-snippet:-1, max-image-preview:large, max-video-preview:-1\" \/>\n<link rel=\"canonical\" href=\"https:\/\/lasentinelle.dz\/index.php\/2024\/02\/15\/letau-se-resserre-sur-lentite-sioniste\/\" \/>\n<meta property=\"og:locale\" content=\"fr_FR\" \/>\n<meta property=\"og:type\" content=\"article\" \/>\n<meta property=\"og:title\" content=\"L\u2019\u00e9tau se resserre sur l\u2019entit\u00e9 sioniste - La Sentinelle\" \/>\n<meta property=\"og:description\" content=\"Appels \u00e0 des enqu\u00eates sur le g\u00e9nocide et ouverture d\u2019une nouvelle proc\u00e9dure \u00e0 la CIJ Le refus de l\u2019entit\u00e9 sioniste\" \/>\n<meta property=\"og:url\" content=\"https:\/\/lasentinelle.dz\/index.php\/2024\/02\/15\/letau-se-resserre-sur-lentite-sioniste\/\" \/>\n<meta property=\"og:site_name\" content=\"La Sentinelle\" \/>\n<meta property=\"article:publisher\" content=\"https:\/\/www.facebook.com\/La-Sentinelle-104059864394773\" \/>\n<meta property=\"article:published_time\" content=\"2024-02-15T12:04:00+00:00\" \/>\n<meta property=\"article:modified_time\" content=\"2024-02-17T12:06:27+00:00\" \/>\n<meta property=\"og:image\" content=\"https:\/\/lasentinelle.dz\/wp-content\/uploads\/2024\/02\/genocide-Ghaza.webp\" \/>\n\t<meta property=\"og:image:width\" content=\"800\" \/>\n\t<meta property=\"og:image:height\" content=\"450\" \/>\n\t<meta property=\"og:image:type\" content=\"image\/webp\" \/>\n<meta name=\"author\" content=\"La Sentinelle\" \/>\n<meta name=\"twitter:card\" content=\"summary_large_image\" \/>\n<meta name=\"twitter:label1\" content=\"\u00c9crit par\" \/>\n\t<meta name=\"twitter:data1\" content=\"La Sentinelle\" \/>\n\t<meta name=\"twitter:label2\" content=\"Dur\u00e9e de lecture estim\u00e9e\" \/>\n\t<meta name=\"twitter:data2\" content=\"8 minutes\" \/>\n<script type=\"application\/ld+json\" class=\"yoast-schema-graph\">{\"@context\":\"https:\\\/\\\/schema.org\",\"@graph\":[{\"@type\":\"Article\",\"@id\":\"https:\\\/\\\/lasentinelle.dz\\\/index.php\\\/2024\\\/02\\\/15\\\/letau-se-resserre-sur-lentite-sioniste\\\/#article\",\"isPartOf\":{\"@id\":\"https:\\\/\\\/lasentinelle.dz\\\/index.php\\\/2024\\\/02\\\/15\\\/letau-se-resserre-sur-lentite-sioniste\\\/\"},\"author\":{\"name\":\"La Sentinelle\",\"@id\":\"https:\\\/\\\/lasentinelle.dz\\\/#\\\/schema\\\/person\\\/d865044e22e70a75174ce8bcad3acfb3\"},\"headline\":\"L\u2019\u00e9tau se resserre sur l\u2019entit\u00e9 sioniste\",\"datePublished\":\"2024-02-15T12:04:00+00:00\",\"dateModified\":\"2024-02-17T12:06:27+00:00\",\"mainEntityOfPage\":{\"@id\":\"https:\\\/\\\/lasentinelle.dz\\\/index.php\\\/2024\\\/02\\\/15\\\/letau-se-resserre-sur-lentite-sioniste\\\/\"},\"wordCount\":1824,\"commentCount\":0,\"publisher\":{\"@id\":\"https:\\\/\\\/lasentinelle.dz\\\/#organization\"},\"image\":{\"@id\":\"https:\\\/\\\/lasentinelle.dz\\\/index.php\\\/2024\\\/02\\\/15\\\/letau-se-resserre-sur-lentite-sioniste\\\/#primaryimage\"},\"thumbnailUrl\":\"https:\\\/\\\/lasentinelle.dz\\\/wp-content\\\/uploads\\\/2024\\\/02\\\/genocide-Ghaza.webp\",\"articleSection\":[\"\u00c0 la Une\",\"Actualit\u00e9\"],\"inLanguage\":\"fr-FR\",\"potentialAction\":[{\"@type\":\"CommentAction\",\"name\":\"Comment\",\"target\":[\"https:\\\/\\\/lasentinelle.dz\\\/index.php\\\/2024\\\/02\\\/15\\\/letau-se-resserre-sur-lentite-sioniste\\\/#respond\"]}]},{\"@type\":\"WebPage\",\"@id\":\"https:\\\/\\\/lasentinelle.dz\\\/index.php\\\/2024\\\/02\\\/15\\\/letau-se-resserre-sur-lentite-sioniste\\\/\",\"url\":\"https:\\\/\\\/lasentinelle.dz\\\/index.php\\\/2024\\\/02\\\/15\\\/letau-se-resserre-sur-lentite-sioniste\\\/\",\"name\":\"L\u2019\u00e9tau se resserre sur l\u2019entit\u00e9 sioniste - La Sentinelle\",\"isPartOf\":{\"@id\":\"https:\\\/\\\/lasentinelle.dz\\\/#website\"},\"primaryImageOfPage\":{\"@id\":\"https:\\\/\\\/lasentinelle.dz\\\/index.php\\\/2024\\\/02\\\/15\\\/letau-se-resserre-sur-lentite-sioniste\\\/#primaryimage\"},\"image\":{\"@id\":\"https:\\\/\\\/lasentinelle.dz\\\/index.php\\\/2024\\\/02\\\/15\\\/letau-se-resserre-sur-lentite-sioniste\\\/#primaryimage\"},\"thumbnailUrl\":\"https:\\\/\\\/lasentinelle.dz\\\/wp-content\\\/uploads\\\/2024\\\/02\\\/genocide-Ghaza.webp\",\"datePublished\":\"2024-02-15T12:04:00+00:00\",\"dateModified\":\"2024-02-17T12:06:27+00:00\",\"breadcrumb\":{\"@id\":\"https:\\\/\\\/lasentinelle.dz\\\/index.php\\\/2024\\\/02\\\/15\\\/letau-se-resserre-sur-lentite-sioniste\\\/#breadcrumb\"},\"inLanguage\":\"fr-FR\",\"potentialAction\":[{\"@type\":\"ReadAction\",\"target\":[\"https:\\\/\\\/lasentinelle.dz\\\/index.php\\\/2024\\\/02\\\/15\\\/letau-se-resserre-sur-lentite-sioniste\\\/\"]}]},{\"@type\":\"ImageObject\",\"inLanguage\":\"fr-FR\",\"@id\":\"https:\\\/\\\/lasentinelle.dz\\\/index.php\\\/2024\\\/02\\\/15\\\/letau-se-resserre-sur-lentite-sioniste\\\/#primaryimage\",\"url\":\"https:\\\/\\\/lasentinelle.dz\\\/wp-content\\\/uploads\\\/2024\\\/02\\\/genocide-Ghaza.webp\",\"contentUrl\":\"https:\\\/\\\/lasentinelle.dz\\\/wp-content\\\/uploads\\\/2024\\\/02\\\/genocide-Ghaza.webp\",\"width\":800,\"height\":450},{\"@type\":\"BreadcrumbList\",\"@id\":\"https:\\\/\\\/lasentinelle.dz\\\/index.php\\\/2024\\\/02\\\/15\\\/letau-se-resserre-sur-lentite-sioniste\\\/#breadcrumb\",\"itemListElement\":[{\"@type\":\"ListItem\",\"position\":1,\"name\":\"Accueil\",\"item\":\"https:\\\/\\\/lasentinelle.dz\\\/\"},{\"@type\":\"ListItem\",\"position\":2,\"name\":\"L\u2019\u00e9tau se resserre sur l\u2019entit\u00e9 sioniste\"}]},{\"@type\":\"WebSite\",\"@id\":\"https:\\\/\\\/lasentinelle.dz\\\/#website\",\"url\":\"https:\\\/\\\/lasentinelle.dz\\\/\",\"name\":\"La Sentinelle\",\"description\":\"Quotidien national d&#039;information\",\"publisher\":{\"@id\":\"https:\\\/\\\/lasentinelle.dz\\\/#organization\"},\"potentialAction\":[{\"@type\":\"SearchAction\",\"target\":{\"@type\":\"EntryPoint\",\"urlTemplate\":\"https:\\\/\\\/lasentinelle.dz\\\/?s={search_term_string}\"},\"query-input\":{\"@type\":\"PropertyValueSpecification\",\"valueRequired\":true,\"valueName\":\"search_term_string\"}}],\"inLanguage\":\"fr-FR\"},{\"@type\":\"Organization\",\"@id\":\"https:\\\/\\\/lasentinelle.dz\\\/#organization\",\"name\":\"Quotidien La Sentinelle\",\"url\":\"https:\\\/\\\/lasentinelle.dz\\\/\",\"logo\":{\"@type\":\"ImageObject\",\"inLanguage\":\"fr-FR\",\"@id\":\"https:\\\/\\\/lasentinelle.dz\\\/#\\\/schema\\\/logo\\\/image\\\/\",\"url\":\"https:\\\/\\\/lasentinelle.dz\\\/wp-content\\\/uploads\\\/2021\\\/09\\\/logo-sentinelleSLOGAN-1.png\",\"contentUrl\":\"https:\\\/\\\/lasentinelle.dz\\\/wp-content\\\/uploads\\\/2021\\\/09\\\/logo-sentinelleSLOGAN-1.png\",\"width\":615,\"height\":142,\"caption\":\"Quotidien La Sentinelle\"},\"image\":{\"@id\":\"https:\\\/\\\/lasentinelle.dz\\\/#\\\/schema\\\/logo\\\/image\\\/\"},\"sameAs\":[\"https:\\\/\\\/www.facebook.com\\\/La-Sentinelle-104059864394773\"]},{\"@type\":\"Person\",\"@id\":\"https:\\\/\\\/lasentinelle.dz\\\/#\\\/schema\\\/person\\\/d865044e22e70a75174ce8bcad3acfb3\",\"name\":\"La Sentinelle\",\"image\":{\"@type\":\"ImageObject\",\"inLanguage\":\"fr-FR\",\"@id\":\"https:\\\/\\\/secure.gravatar.com\\\/avatar\\\/57de8e5d4b15d43fb361a71fbb36338450fe67865b528a43dd10ef7c51a20392?s=96&d=mm&r=g\",\"url\":\"https:\\\/\\\/secure.gravatar.com\\\/avatar\\\/57de8e5d4b15d43fb361a71fbb36338450fe67865b528a43dd10ef7c51a20392?s=96&d=mm&r=g\",\"contentUrl\":\"https:\\\/\\\/secure.gravatar.com\\\/avatar\\\/57de8e5d4b15d43fb361a71fbb36338450fe67865b528a43dd10ef7c51a20392?s=96&d=mm&r=g\",\"caption\":\"La Sentinelle\"},\"sameAs\":[\"http:\\\/\\\/www.lasentinelle.dz\"],\"url\":\"https:\\\/\\\/lasentinelle.dz\\\/author\\\/redaction\\\/\"}]}<\/script>\n<!-- \/ Yoast SEO plugin. -->","yoast_head_json":{"title":"L\u2019\u00e9tau se resserre sur l\u2019entit\u00e9 sioniste - La Sentinelle","robots":{"index":"index","follow":"follow","max-snippet":"max-snippet:-1","max-image-preview":"max-image-preview:large","max-video-preview":"max-video-preview:-1"},"canonical":"https:\/\/lasentinelle.dz\/index.php\/2024\/02\/15\/letau-se-resserre-sur-lentite-sioniste\/","og_locale":"fr_FR","og_type":"article","og_title":"L\u2019\u00e9tau se resserre sur l\u2019entit\u00e9 sioniste - La Sentinelle","og_description":"Appels \u00e0 des enqu\u00eates sur le g\u00e9nocide et ouverture d\u2019une nouvelle proc\u00e9dure \u00e0 la CIJ Le refus de l\u2019entit\u00e9 sioniste","og_url":"https:\/\/lasentinelle.dz\/index.php\/2024\/02\/15\/letau-se-resserre-sur-lentite-sioniste\/","og_site_name":"La Sentinelle","article_publisher":"https:\/\/www.facebook.com\/La-Sentinelle-104059864394773","article_published_time":"2024-02-15T12:04:00+00:00","article_modified_time":"2024-02-17T12:06:27+00:00","og_image":[{"width":800,"height":450,"url":"https:\/\/lasentinelle.dz\/wp-content\/uploads\/2024\/02\/genocide-Ghaza.webp","type":"image\/webp"}],"author":"La Sentinelle","twitter_card":"summary_large_image","twitter_misc":{"\u00c9crit par":"La Sentinelle","Dur\u00e9e de lecture estim\u00e9e":"8 minutes"},"schema":{"@context":"https:\/\/schema.org","@graph":[{"@type":"Article","@id":"https:\/\/lasentinelle.dz\/index.php\/2024\/02\/15\/letau-se-resserre-sur-lentite-sioniste\/#article","isPartOf":{"@id":"https:\/\/lasentinelle.dz\/index.php\/2024\/02\/15\/letau-se-resserre-sur-lentite-sioniste\/"},"author":{"name":"La Sentinelle","@id":"https:\/\/lasentinelle.dz\/#\/schema\/person\/d865044e22e70a75174ce8bcad3acfb3"},"headline":"L\u2019\u00e9tau se resserre sur l\u2019entit\u00e9 sioniste","datePublished":"2024-02-15T12:04:00+00:00","dateModified":"2024-02-17T12:06:27+00:00","mainEntityOfPage":{"@id":"https:\/\/lasentinelle.dz\/index.php\/2024\/02\/15\/letau-se-resserre-sur-lentite-sioniste\/"},"wordCount":1824,"commentCount":0,"publisher":{"@id":"https:\/\/lasentinelle.dz\/#organization"},"image":{"@id":"https:\/\/lasentinelle.dz\/index.php\/2024\/02\/15\/letau-se-resserre-sur-lentite-sioniste\/#primaryimage"},"thumbnailUrl":"https:\/\/lasentinelle.dz\/wp-content\/uploads\/2024\/02\/genocide-Ghaza.webp","articleSection":["\u00c0 la Une","Actualit\u00e9"],"inLanguage":"fr-FR","potentialAction":[{"@type":"CommentAction","name":"Comment","target":["https:\/\/lasentinelle.dz\/index.php\/2024\/02\/15\/letau-se-resserre-sur-lentite-sioniste\/#respond"]}]},{"@type":"WebPage","@id":"https:\/\/lasentinelle.dz\/index.php\/2024\/02\/15\/letau-se-resserre-sur-lentite-sioniste\/","url":"https:\/\/lasentinelle.dz\/index.php\/2024\/02\/15\/letau-se-resserre-sur-lentite-sioniste\/","name":"L\u2019\u00e9tau se resserre sur l\u2019entit\u00e9 sioniste - La Sentinelle","isPartOf":{"@id":"https:\/\/lasentinelle.dz\/#website"},"primaryImageOfPage":{"@id":"https:\/\/lasentinelle.dz\/index.php\/2024\/02\/15\/letau-se-resserre-sur-lentite-sioniste\/#primaryimage"},"image":{"@id":"https:\/\/lasentinelle.dz\/index.php\/2024\/02\/15\/letau-se-resserre-sur-lentite-sioniste\/#primaryimage"},"thumbnailUrl":"https:\/\/lasentinelle.dz\/wp-content\/uploads\/2024\/02\/genocide-Ghaza.webp","datePublished":"2024-02-15T12:04:00+00:00","dateModified":"2024-02-17T12:06:27+00:00","breadcrumb":{"@id":"https:\/\/lasentinelle.dz\/index.php\/2024\/02\/15\/letau-se-resserre-sur-lentite-sioniste\/#breadcrumb"},"inLanguage":"fr-FR","potentialAction":[{"@type":"ReadAction","target":["https:\/\/lasentinelle.dz\/index.php\/2024\/02\/15\/letau-se-resserre-sur-lentite-sioniste\/"]}]},{"@type":"ImageObject","inLanguage":"fr-FR","@id":"https:\/\/lasentinelle.dz\/index.php\/2024\/02\/15\/letau-se-resserre-sur-lentite-sioniste\/#primaryimage","url":"https:\/\/lasentinelle.dz\/wp-content\/uploads\/2024\/02\/genocide-Ghaza.webp","contentUrl":"https:\/\/lasentinelle.dz\/wp-content\/uploads\/2024\/02\/genocide-Ghaza.webp","width":800,"height":450},{"@type":"BreadcrumbList","@id":"https:\/\/lasentinelle.dz\/index.php\/2024\/02\/15\/letau-se-resserre-sur-lentite-sioniste\/#breadcrumb","itemListElement":[{"@type":"ListItem","position":1,"name":"Accueil","item":"https:\/\/lasentinelle.dz\/"},{"@type":"ListItem","position":2,"name":"L\u2019\u00e9tau se resserre sur l\u2019entit\u00e9 sioniste"}]},{"@type":"WebSite","@id":"https:\/\/lasentinelle.dz\/#website","url":"https:\/\/lasentinelle.dz\/","name":"La Sentinelle","description":"Quotidien national d&#039;information","publisher":{"@id":"https:\/\/lasentinelle.dz\/#organization"},"potentialAction":[{"@type":"SearchAction","target":{"@type":"EntryPoint","urlTemplate":"https:\/\/lasentinelle.dz\/?s={search_term_string}"},"query-input":{"@type":"PropertyValueSpecification","valueRequired":true,"valueName":"search_term_string"}}],"inLanguage":"fr-FR"},{"@type":"Organization","@id":"https:\/\/lasentinelle.dz\/#organization","name":"Quotidien La Sentinelle","url":"https:\/\/lasentinelle.dz\/","logo":{"@type":"ImageObject","inLanguage":"fr-FR","@id":"https:\/\/lasentinelle.dz\/#\/schema\/logo\/image\/","url":"https:\/\/lasentinelle.dz\/wp-content\/uploads\/2021\/09\/logo-sentinelleSLOGAN-1.png","contentUrl":"https:\/\/lasentinelle.dz\/wp-content\/uploads\/2021\/09\/logo-sentinelleSLOGAN-1.png","width":615,"height":142,"caption":"Quotidien La Sentinelle"},"image":{"@id":"https:\/\/lasentinelle.dz\/#\/schema\/logo\/image\/"},"sameAs":["https:\/\/www.facebook.com\/La-Sentinelle-104059864394773"]},{"@type":"Person","@id":"https:\/\/lasentinelle.dz\/#\/schema\/person\/d865044e22e70a75174ce8bcad3acfb3","name":"La Sentinelle","image":{"@type":"ImageObject","inLanguage":"fr-FR","@id":"https:\/\/secure.gravatar.com\/avatar\/57de8e5d4b15d43fb361a71fbb36338450fe67865b528a43dd10ef7c51a20392?s=96&d=mm&r=g","url":"https:\/\/secure.gravatar.com\/avatar\/57de8e5d4b15d43fb361a71fbb36338450fe67865b528a43dd10ef7c51a20392?s=96&d=mm&r=g","contentUrl":"https:\/\/secure.gravatar.com\/avatar\/57de8e5d4b15d43fb361a71fbb36338450fe67865b528a43dd10ef7c51a20392?s=96&d=mm&r=g","caption":"La Sentinelle"},"sameAs":["http:\/\/www.lasentinelle.dz"],"url":"https:\/\/lasentinelle.dz\/author\/redaction\/"}]}},"_links":{"self":[{"href":"https:\/\/lasentinelle.dz\/index.php\/wp-json\/wp\/v2\/posts\/49563","targetHints":{"allow":["GET"]}}],"collection":[{"href":"https:\/\/lasentinelle.dz\/index.php\/wp-json\/wp\/v2\/posts"}],"about":[{"href":"https:\/\/lasentinelle.dz\/index.php\/wp-json\/wp\/v2\/types\/post"}],"author":[{"embeddable":true,"href":"https:\/\/lasentinelle.dz\/index.php\/wp-json\/wp\/v2\/users\/3"}],"replies":[{"embeddable":true,"href":"https:\/\/lasentinelle.dz\/index.php\/wp-json\/wp\/v2\/comments?post=49563"}],"version-history":[{"count":1,"href":"https:\/\/lasentinelle.dz\/index.php\/wp-json\/wp\/v2\/posts\/49563\/revisions"}],"predecessor-version":[{"id":49565,"href":"https:\/\/lasentinelle.dz\/index.php\/wp-json\/wp\/v2\/posts\/49563\/revisions\/49565"}],"wp:featuredmedia":[{"embeddable":true,"href":"https:\/\/lasentinelle.dz\/index.php\/wp-json\/wp\/v2\/media\/49564"}],"wp:attachment":[{"href":"https:\/\/lasentinelle.dz\/index.php\/wp-json\/wp\/v2\/media?parent=49563"}],"wp:term":[{"taxonomy":"category","embeddable":true,"href":"https:\/\/lasentinelle.dz\/index.php\/wp-json\/wp\/v2\/categories?post=49563"},{"taxonomy":"post_tag","embeddable":true,"href":"https:\/\/lasentinelle.dz\/index.php\/wp-json\/wp\/v2\/tags?post=49563"}],"curies":[{"name":"wp","href":"https:\/\/api.w.org\/{rel}","templated":true}]}}