{"id":4962,"date":"2021-08-23T00:01:00","date_gmt":"2021-08-22T23:01:00","guid":{"rendered":"https:\/\/lasentinelle.dz\/?p=4962"},"modified":"2021-08-22T18:28:04","modified_gmt":"2021-08-22T17:28:04","slug":"sinistres-des-incendies-le-syndicat-des-architectes-offre-des-expertisesgratuites","status":"publish","type":"post","link":"https:\/\/lasentinelle.dz\/index.php\/2021\/08\/23\/sinistres-des-incendies-le-syndicat-des-architectes-offre-des-expertisesgratuites\/","title":{"rendered":"Sinistr\u00e9s des incendies : Le syndicat des architectes offre des expertisesgratuites"},"content":{"rendered":"\n<p>Le Syndicat des architectes&nbsp; agr\u00e9\u00e9s de la wilaya de B\u00e9ja\u00efa (SYNAA), vient d\u2019installer un comit\u00e9 ad hoc en se disant pr\u00eats \u00e0 effectuer des expertises et \u00e0 pr\u00eater assistance aux sinistr\u00e9s des derniers incendies pour toutes leurs d\u00e9marches administratives et de suivis des travaux de reconstruction, le tout \u00e0 titre gracieux. Hier matin, le SYNAAa lanc\u00e9 un appel aux sinistr\u00e9s \u00e0 travers les 32 communes de B\u00e9ja\u00efa concern\u00e9es les invitant \u00e0 exprimer leurs besoins.<\/p>\n\n\n\n<p>\u00c0 moyen terme, ces architectes agr\u00e9\u00e9, comptent lancer une r\u00e9flexion \u00ab sur les moyens pouvant assurer la pr\u00e9servation de l\u2019espace rural et montagneux que l\u2019exode et l\u2019urbanisation anarchique menacent \u00bb, appelant les chercheurs universitaires, les associations et toutes les personnes int\u00e9ress\u00e9es, en vue de r\u00e9colter des propositions concr\u00e8tes sur la mani\u00e8re d\u2019engager cette r\u00e9flexion \u00bb, a indiqu\u00e9 le bureau de la wilaya de B\u00e9ja\u00cfa du SYNAA.<\/p>\n\n\n\n<p>Sur le terrain, les sorties des services du CTCont recens\u00e9 jusque jusqu\u2019\u00e0 hier matin 147 habitations dont 22 enti\u00e8rement endommag\u00e9es par les flammes qui se sont d\u00e9clench\u00e9es dans la nuit du 9aout et qui ont dur\u00e9 cinq jours et cinq nuits ravageant tout sur leur passage.En plus de ces sorties sur le terrain qu\u2019effectuent les services du CTC, pour recenser le nombre de maisons endommag\u00e9es par les derniers incendies, les services de la CRMA, (mutuelle agricole) ont lanc\u00e9 il ya deux jours un appel aux agriculteurs, dont les biens sont assur\u00e9s afin de se rapprocher de leurs services pour une indemnisation assurant que ces indemnisations seront vers\u00e9es dans les plus brefs d\u00e9lais.<\/p>\n\n\n\n<p>Pour rappel, au total trente deux communes, sur les cinquante deux que compte la wilaya de Bejaia, ont \u00e9t\u00e9 touch\u00e9es par les feux et certaines d\u2019entre elles, comme Berbacha, Toudja, Darguina, Ait Smail, Adekar, Kendira, El Kseur et Boukhlifa ont \u00e9t\u00e9 les plus affect\u00e9es.<\/p>\n\n\n\n<p>Les services de la Conservation des for\u00eats ont enregistr\u00e9 plus de six milles hectares de v\u00e9g\u00e9tations, entre arbres fruitiers et ch\u00eane li\u00e8ge et autres, qui ont \u00e9t\u00e9 ravag\u00e9s par les flammes en plus de six cents ruches, des poulaillers, des \u00e9tables\u2026qui ont \u00e9galement \u00e9t\u00e9 r\u00e9duits en cendre.<\/p>\n\n\n\n<p><strong>Boubekeur Amrani&nbsp;<\/strong><\/p>\n","protected":false},"excerpt":{"rendered":"<p>Le Syndicat des architectes&nbsp; agr\u00e9\u00e9s de la wilaya de B\u00e9ja\u00efa (SYNAA), vient d\u2019installer un comit\u00e9 ad hoc en se disant<\/p>\n","protected":false},"author":3,"featured_media":4983,"comment_status":"open","ping_status":"closed","sticky":false,"template":"","format":"standard","meta":{"colormag_page_container_layout":"default_layout","colormag_page_sidebar_layout":"default_layout","om_disable_all_campaigns":false,"_monsterinsights_skip_tracking":false,"_monsterinsights_sitenote_active":false,"_monsterinsights_sitenote_note":"","_monsterinsights_sitenote_category":0,"footnotes":"","_wpscppro_dont_share_socialmedia":false,"_wpscppro_custom_social_share_image":0,"_facebook_share_type":"","_twitter_share_type":"","_linkedin_share_type":"","_pinterest_share_type":"","_linkedin_share_type_page":"","_instagram_share_type":"","_medium_share_type":"","_threads_share_type":"","_google_business_share_type":"","_selected_social_profile":[],"_wpsp_enable_custom_social_template":false,"_wpsp_social_scheduling":{"enabled":false,"datetime":null,"platforms":[],"status":"template_only","dateOption":"today","timeOption":"now","customDays":"","customHours":"","customDate":"","customTime":"","schedulingType":"absolute"},"_wpsp_active_default_template":true},"categories":[27],"tags":[],"class_list":["post-4962","post","type-post","status-publish","format-standard","has-post-thumbnail","hentry","category-actualite"],"aioseo_notices":[],"yoast_head":"<!-- This site is optimized with the Yoast SEO plugin v27.5 - https:\/\/yoast.com\/product\/yoast-seo-wordpress\/ -->\n<title>Sinistr\u00e9s des incendies : Le syndicat des architectes offre des expertisesgratuites - La Sentinelle<\/title>\n<meta name=\"robots\" content=\"index, follow, max-snippet:-1, max-image-preview:large, max-video-preview:-1\" \/>\n<link rel=\"canonical\" href=\"https:\/\/lasentinelle.dz\/index.php\/2021\/08\/23\/sinistres-des-incendies-le-syndicat-des-architectes-offre-des-expertisesgratuites\/\" \/>\n<meta property=\"og:locale\" content=\"fr_FR\" \/>\n<meta property=\"og:type\" content=\"article\" \/>\n<meta property=\"og:title\" content=\"Sinistr\u00e9s des incendies : Le syndicat des architectes offre des expertisesgratuites - La Sentinelle\" \/>\n<meta property=\"og:description\" content=\"Le Syndicat des architectes&nbsp; agr\u00e9\u00e9s de la wilaya de B\u00e9ja\u00efa (SYNAA), vient d\u2019installer un comit\u00e9 ad hoc en se disant\" \/>\n<meta property=\"og:url\" content=\"https:\/\/lasentinelle.dz\/index.php\/2021\/08\/23\/sinistres-des-incendies-le-syndicat-des-architectes-offre-des-expertisesgratuites\/\" \/>\n<meta property=\"og:site_name\" content=\"La Sentinelle\" \/>\n<meta property=\"article:publisher\" content=\"https:\/\/www.facebook.com\/La-Sentinelle-104059864394773\" \/>\n<meta property=\"article:published_time\" content=\"2021-08-22T23:01:00+00:00\" \/>\n<meta property=\"og:image\" content=\"https:\/\/lasentinelle.dz\/wp-content\/uploads\/2021\/08\/image_2021-08-22_182752.png\" \/>\n\t<meta property=\"og:image:width\" content=\"322\" \/>\n\t<meta property=\"og:image:height\" content=\"223\" \/>\n\t<meta property=\"og:image:type\" content=\"image\/png\" \/>\n<meta name=\"author\" content=\"La Sentinelle\" \/>\n<meta name=\"twitter:card\" content=\"summary_large_image\" \/>\n<meta name=\"twitter:label1\" content=\"\u00c9crit par\" \/>\n\t<meta name=\"twitter:data1\" content=\"La Sentinelle\" \/>\n\t<meta name=\"twitter:label2\" content=\"Dur\u00e9e de lecture estim\u00e9e\" \/>\n\t<meta name=\"twitter:data2\" content=\"2 minutes\" \/>\n<script type=\"application\/ld+json\" class=\"yoast-schema-graph\">{\"@context\":\"https:\\\/\\\/schema.org\",\"@graph\":[{\"@type\":\"Article\",\"@id\":\"https:\\\/\\\/lasentinelle.dz\\\/index.php\\\/2021\\\/08\\\/23\\\/sinistres-des-incendies-le-syndicat-des-architectes-offre-des-expertisesgratuites\\\/#article\",\"isPartOf\":{\"@id\":\"https:\\\/\\\/lasentinelle.dz\\\/index.php\\\/2021\\\/08\\\/23\\\/sinistres-des-incendies-le-syndicat-des-architectes-offre-des-expertisesgratuites\\\/\"},\"author\":{\"name\":\"La Sentinelle\",\"@id\":\"https:\\\/\\\/lasentinelle.dz\\\/#\\\/schema\\\/person\\\/d865044e22e70a75174ce8bcad3acfb3\"},\"headline\":\"Sinistr\u00e9s des incendies : Le syndicat des architectes offre des expertisesgratuites\",\"datePublished\":\"2021-08-22T23:01:00+00:00\",\"mainEntityOfPage\":{\"@id\":\"https:\\\/\\\/lasentinelle.dz\\\/index.php\\\/2021\\\/08\\\/23\\\/sinistres-des-incendies-le-syndicat-des-architectes-offre-des-expertisesgratuites\\\/\"},\"wordCount\":393,\"commentCount\":0,\"publisher\":{\"@id\":\"https:\\\/\\\/lasentinelle.dz\\\/#organization\"},\"image\":{\"@id\":\"https:\\\/\\\/lasentinelle.dz\\\/index.php\\\/2021\\\/08\\\/23\\\/sinistres-des-incendies-le-syndicat-des-architectes-offre-des-expertisesgratuites\\\/#primaryimage\"},\"thumbnailUrl\":\"https:\\\/\\\/lasentinelle.dz\\\/wp-content\\\/uploads\\\/2021\\\/08\\\/image_2021-08-22_182752.png\",\"articleSection\":[\"Actualit\u00e9\"],\"inLanguage\":\"fr-FR\",\"potentialAction\":[{\"@type\":\"CommentAction\",\"name\":\"Comment\",\"target\":[\"https:\\\/\\\/lasentinelle.dz\\\/index.php\\\/2021\\\/08\\\/23\\\/sinistres-des-incendies-le-syndicat-des-architectes-offre-des-expertisesgratuites\\\/#respond\"]}]},{\"@type\":\"WebPage\",\"@id\":\"https:\\\/\\\/lasentinelle.dz\\\/index.php\\\/2021\\\/08\\\/23\\\/sinistres-des-incendies-le-syndicat-des-architectes-offre-des-expertisesgratuites\\\/\",\"url\":\"https:\\\/\\\/lasentinelle.dz\\\/index.php\\\/2021\\\/08\\\/23\\\/sinistres-des-incendies-le-syndicat-des-architectes-offre-des-expertisesgratuites\\\/\",\"name\":\"Sinistr\u00e9s des incendies : Le syndicat des architectes offre des expertisesgratuites - La Sentinelle\",\"isPartOf\":{\"@id\":\"https:\\\/\\\/lasentinelle.dz\\\/#website\"},\"primaryImageOfPage\":{\"@id\":\"https:\\\/\\\/lasentinelle.dz\\\/index.php\\\/2021\\\/08\\\/23\\\/sinistres-des-incendies-le-syndicat-des-architectes-offre-des-expertisesgratuites\\\/#primaryimage\"},\"image\":{\"@id\":\"https:\\\/\\\/lasentinelle.dz\\\/index.php\\\/2021\\\/08\\\/23\\\/sinistres-des-incendies-le-syndicat-des-architectes-offre-des-expertisesgratuites\\\/#primaryimage\"},\"thumbnailUrl\":\"https:\\\/\\\/lasentinelle.dz\\\/wp-content\\\/uploads\\\/2021\\\/08\\\/image_2021-08-22_182752.png\",\"datePublished\":\"2021-08-22T23:01:00+00:00\",\"breadcrumb\":{\"@id\":\"https:\\\/\\\/lasentinelle.dz\\\/index.php\\\/2021\\\/08\\\/23\\\/sinistres-des-incendies-le-syndicat-des-architectes-offre-des-expertisesgratuites\\\/#breadcrumb\"},\"inLanguage\":\"fr-FR\",\"potentialAction\":[{\"@type\":\"ReadAction\",\"target\":[\"https:\\\/\\\/lasentinelle.dz\\\/index.php\\\/2021\\\/08\\\/23\\\/sinistres-des-incendies-le-syndicat-des-architectes-offre-des-expertisesgratuites\\\/\"]}]},{\"@type\":\"ImageObject\",\"inLanguage\":\"fr-FR\",\"@id\":\"https:\\\/\\\/lasentinelle.dz\\\/index.php\\\/2021\\\/08\\\/23\\\/sinistres-des-incendies-le-syndicat-des-architectes-offre-des-expertisesgratuites\\\/#primaryimage\",\"url\":\"https:\\\/\\\/lasentinelle.dz\\\/wp-content\\\/uploads\\\/2021\\\/08\\\/image_2021-08-22_182752.png\",\"contentUrl\":\"https:\\\/\\\/lasentinelle.dz\\\/wp-content\\\/uploads\\\/2021\\\/08\\\/image_2021-08-22_182752.png\",\"width\":322,\"height\":223},{\"@type\":\"BreadcrumbList\",\"@id\":\"https:\\\/\\\/lasentinelle.dz\\\/index.php\\\/2021\\\/08\\\/23\\\/sinistres-des-incendies-le-syndicat-des-architectes-offre-des-expertisesgratuites\\\/#breadcrumb\",\"itemListElement\":[{\"@type\":\"ListItem\",\"position\":1,\"name\":\"Accueil\",\"item\":\"https:\\\/\\\/lasentinelle.dz\\\/\"},{\"@type\":\"ListItem\",\"position\":2,\"name\":\"Sinistr\u00e9s des incendies : Le syndicat des architectes offre des expertisesgratuites\"}]},{\"@type\":\"WebSite\",\"@id\":\"https:\\\/\\\/lasentinelle.dz\\\/#website\",\"url\":\"https:\\\/\\\/lasentinelle.dz\\\/\",\"name\":\"La Sentinelle\",\"description\":\"Quotidien national d&#039;information\",\"publisher\":{\"@id\":\"https:\\\/\\\/lasentinelle.dz\\\/#organization\"},\"potentialAction\":[{\"@type\":\"SearchAction\",\"target\":{\"@type\":\"EntryPoint\",\"urlTemplate\":\"https:\\\/\\\/lasentinelle.dz\\\/?s={search_term_string}\"},\"query-input\":{\"@type\":\"PropertyValueSpecification\",\"valueRequired\":true,\"valueName\":\"search_term_string\"}}],\"inLanguage\":\"fr-FR\"},{\"@type\":\"Organization\",\"@id\":\"https:\\\/\\\/lasentinelle.dz\\\/#organization\",\"name\":\"Quotidien La Sentinelle\",\"url\":\"https:\\\/\\\/lasentinelle.dz\\\/\",\"logo\":{\"@type\":\"ImageObject\",\"inLanguage\":\"fr-FR\",\"@id\":\"https:\\\/\\\/lasentinelle.dz\\\/#\\\/schema\\\/logo\\\/image\\\/\",\"url\":\"https:\\\/\\\/lasentinelle.dz\\\/wp-content\\\/uploads\\\/2021\\\/09\\\/logo-sentinelleSLOGAN-1.png\",\"contentUrl\":\"https:\\\/\\\/lasentinelle.dz\\\/wp-content\\\/uploads\\\/2021\\\/09\\\/logo-sentinelleSLOGAN-1.png\",\"width\":615,\"height\":142,\"caption\":\"Quotidien La Sentinelle\"},\"image\":{\"@id\":\"https:\\\/\\\/lasentinelle.dz\\\/#\\\/schema\\\/logo\\\/image\\\/\"},\"sameAs\":[\"https:\\\/\\\/www.facebook.com\\\/La-Sentinelle-104059864394773\"]},{\"@type\":\"Person\",\"@id\":\"https:\\\/\\\/lasentinelle.dz\\\/#\\\/schema\\\/person\\\/d865044e22e70a75174ce8bcad3acfb3\",\"name\":\"La Sentinelle\",\"image\":{\"@type\":\"ImageObject\",\"inLanguage\":\"fr-FR\",\"@id\":\"https:\\\/\\\/secure.gravatar.com\\\/avatar\\\/57de8e5d4b15d43fb361a71fbb36338450fe67865b528a43dd10ef7c51a20392?s=96&d=mm&r=g\",\"url\":\"https:\\\/\\\/secure.gravatar.com\\\/avatar\\\/57de8e5d4b15d43fb361a71fbb36338450fe67865b528a43dd10ef7c51a20392?s=96&d=mm&r=g\",\"contentUrl\":\"https:\\\/\\\/secure.gravatar.com\\\/avatar\\\/57de8e5d4b15d43fb361a71fbb36338450fe67865b528a43dd10ef7c51a20392?s=96&d=mm&r=g\",\"caption\":\"La Sentinelle\"},\"sameAs\":[\"http:\\\/\\\/www.lasentinelle.dz\"],\"url\":\"https:\\\/\\\/lasentinelle.dz\\\/author\\\/redaction\\\/\"}]}<\/script>\n<!-- \/ Yoast SEO plugin. -->","yoast_head_json":{"title":"Sinistr\u00e9s des incendies : Le syndicat des architectes offre des expertisesgratuites - La Sentinelle","robots":{"index":"index","follow":"follow","max-snippet":"max-snippet:-1","max-image-preview":"max-image-preview:large","max-video-preview":"max-video-preview:-1"},"canonical":"https:\/\/lasentinelle.dz\/index.php\/2021\/08\/23\/sinistres-des-incendies-le-syndicat-des-architectes-offre-des-expertisesgratuites\/","og_locale":"fr_FR","og_type":"article","og_title":"Sinistr\u00e9s des incendies : Le syndicat des architectes offre des expertisesgratuites - La Sentinelle","og_description":"Le Syndicat des architectes&nbsp; agr\u00e9\u00e9s de la wilaya de B\u00e9ja\u00efa (SYNAA), vient d\u2019installer un comit\u00e9 ad hoc en se disant","og_url":"https:\/\/lasentinelle.dz\/index.php\/2021\/08\/23\/sinistres-des-incendies-le-syndicat-des-architectes-offre-des-expertisesgratuites\/","og_site_name":"La Sentinelle","article_publisher":"https:\/\/www.facebook.com\/La-Sentinelle-104059864394773","article_published_time":"2021-08-22T23:01:00+00:00","og_image":[{"width":322,"height":223,"url":"https:\/\/lasentinelle.dz\/wp-content\/uploads\/2021\/08\/image_2021-08-22_182752.png","type":"image\/png"}],"author":"La Sentinelle","twitter_card":"summary_large_image","twitter_misc":{"\u00c9crit par":"La Sentinelle","Dur\u00e9e de lecture estim\u00e9e":"2 minutes"},"schema":{"@context":"https:\/\/schema.org","@graph":[{"@type":"Article","@id":"https:\/\/lasentinelle.dz\/index.php\/2021\/08\/23\/sinistres-des-incendies-le-syndicat-des-architectes-offre-des-expertisesgratuites\/#article","isPartOf":{"@id":"https:\/\/lasentinelle.dz\/index.php\/2021\/08\/23\/sinistres-des-incendies-le-syndicat-des-architectes-offre-des-expertisesgratuites\/"},"author":{"name":"La Sentinelle","@id":"https:\/\/lasentinelle.dz\/#\/schema\/person\/d865044e22e70a75174ce8bcad3acfb3"},"headline":"Sinistr\u00e9s des incendies : Le syndicat des architectes offre des expertisesgratuites","datePublished":"2021-08-22T23:01:00+00:00","mainEntityOfPage":{"@id":"https:\/\/lasentinelle.dz\/index.php\/2021\/08\/23\/sinistres-des-incendies-le-syndicat-des-architectes-offre-des-expertisesgratuites\/"},"wordCount":393,"commentCount":0,"publisher":{"@id":"https:\/\/lasentinelle.dz\/#organization"},"image":{"@id":"https:\/\/lasentinelle.dz\/index.php\/2021\/08\/23\/sinistres-des-incendies-le-syndicat-des-architectes-offre-des-expertisesgratuites\/#primaryimage"},"thumbnailUrl":"https:\/\/lasentinelle.dz\/wp-content\/uploads\/2021\/08\/image_2021-08-22_182752.png","articleSection":["Actualit\u00e9"],"inLanguage":"fr-FR","potentialAction":[{"@type":"CommentAction","name":"Comment","target":["https:\/\/lasentinelle.dz\/index.php\/2021\/08\/23\/sinistres-des-incendies-le-syndicat-des-architectes-offre-des-expertisesgratuites\/#respond"]}]},{"@type":"WebPage","@id":"https:\/\/lasentinelle.dz\/index.php\/2021\/08\/23\/sinistres-des-incendies-le-syndicat-des-architectes-offre-des-expertisesgratuites\/","url":"https:\/\/lasentinelle.dz\/index.php\/2021\/08\/23\/sinistres-des-incendies-le-syndicat-des-architectes-offre-des-expertisesgratuites\/","name":"Sinistr\u00e9s des incendies : Le syndicat des architectes offre des expertisesgratuites - La Sentinelle","isPartOf":{"@id":"https:\/\/lasentinelle.dz\/#website"},"primaryImageOfPage":{"@id":"https:\/\/lasentinelle.dz\/index.php\/2021\/08\/23\/sinistres-des-incendies-le-syndicat-des-architectes-offre-des-expertisesgratuites\/#primaryimage"},"image":{"@id":"https:\/\/lasentinelle.dz\/index.php\/2021\/08\/23\/sinistres-des-incendies-le-syndicat-des-architectes-offre-des-expertisesgratuites\/#primaryimage"},"thumbnailUrl":"https:\/\/lasentinelle.dz\/wp-content\/uploads\/2021\/08\/image_2021-08-22_182752.png","datePublished":"2021-08-22T23:01:00+00:00","breadcrumb":{"@id":"https:\/\/lasentinelle.dz\/index.php\/2021\/08\/23\/sinistres-des-incendies-le-syndicat-des-architectes-offre-des-expertisesgratuites\/#breadcrumb"},"inLanguage":"fr-FR","potentialAction":[{"@type":"ReadAction","target":["https:\/\/lasentinelle.dz\/index.php\/2021\/08\/23\/sinistres-des-incendies-le-syndicat-des-architectes-offre-des-expertisesgratuites\/"]}]},{"@type":"ImageObject","inLanguage":"fr-FR","@id":"https:\/\/lasentinelle.dz\/index.php\/2021\/08\/23\/sinistres-des-incendies-le-syndicat-des-architectes-offre-des-expertisesgratuites\/#primaryimage","url":"https:\/\/lasentinelle.dz\/wp-content\/uploads\/2021\/08\/image_2021-08-22_182752.png","contentUrl":"https:\/\/lasentinelle.dz\/wp-content\/uploads\/2021\/08\/image_2021-08-22_182752.png","width":322,"height":223},{"@type":"BreadcrumbList","@id":"https:\/\/lasentinelle.dz\/index.php\/2021\/08\/23\/sinistres-des-incendies-le-syndicat-des-architectes-offre-des-expertisesgratuites\/#breadcrumb","itemListElement":[{"@type":"ListItem","position":1,"name":"Accueil","item":"https:\/\/lasentinelle.dz\/"},{"@type":"ListItem","position":2,"name":"Sinistr\u00e9s des incendies : Le syndicat des architectes offre des expertisesgratuites"}]},{"@type":"WebSite","@id":"https:\/\/lasentinelle.dz\/#website","url":"https:\/\/lasentinelle.dz\/","name":"La Sentinelle","description":"Quotidien national d&#039;information","publisher":{"@id":"https:\/\/lasentinelle.dz\/#organization"},"potentialAction":[{"@type":"SearchAction","target":{"@type":"EntryPoint","urlTemplate":"https:\/\/lasentinelle.dz\/?s={search_term_string}"},"query-input":{"@type":"PropertyValueSpecification","valueRequired":true,"valueName":"search_term_string"}}],"inLanguage":"fr-FR"},{"@type":"Organization","@id":"https:\/\/lasentinelle.dz\/#organization","name":"Quotidien La Sentinelle","url":"https:\/\/lasentinelle.dz\/","logo":{"@type":"ImageObject","inLanguage":"fr-FR","@id":"https:\/\/lasentinelle.dz\/#\/schema\/logo\/image\/","url":"https:\/\/lasentinelle.dz\/wp-content\/uploads\/2021\/09\/logo-sentinelleSLOGAN-1.png","contentUrl":"https:\/\/lasentinelle.dz\/wp-content\/uploads\/2021\/09\/logo-sentinelleSLOGAN-1.png","width":615,"height":142,"caption":"Quotidien La Sentinelle"},"image":{"@id":"https:\/\/lasentinelle.dz\/#\/schema\/logo\/image\/"},"sameAs":["https:\/\/www.facebook.com\/La-Sentinelle-104059864394773"]},{"@type":"Person","@id":"https:\/\/lasentinelle.dz\/#\/schema\/person\/d865044e22e70a75174ce8bcad3acfb3","name":"La Sentinelle","image":{"@type":"ImageObject","inLanguage":"fr-FR","@id":"https:\/\/secure.gravatar.com\/avatar\/57de8e5d4b15d43fb361a71fbb36338450fe67865b528a43dd10ef7c51a20392?s=96&d=mm&r=g","url":"https:\/\/secure.gravatar.com\/avatar\/57de8e5d4b15d43fb361a71fbb36338450fe67865b528a43dd10ef7c51a20392?s=96&d=mm&r=g","contentUrl":"https:\/\/secure.gravatar.com\/avatar\/57de8e5d4b15d43fb361a71fbb36338450fe67865b528a43dd10ef7c51a20392?s=96&d=mm&r=g","caption":"La Sentinelle"},"sameAs":["http:\/\/www.lasentinelle.dz"],"url":"https:\/\/lasentinelle.dz\/author\/redaction\/"}]}},"_links":{"self":[{"href":"https:\/\/lasentinelle.dz\/index.php\/wp-json\/wp\/v2\/posts\/4962","targetHints":{"allow":["GET"]}}],"collection":[{"href":"https:\/\/lasentinelle.dz\/index.php\/wp-json\/wp\/v2\/posts"}],"about":[{"href":"https:\/\/lasentinelle.dz\/index.php\/wp-json\/wp\/v2\/types\/post"}],"author":[{"embeddable":true,"href":"https:\/\/lasentinelle.dz\/index.php\/wp-json\/wp\/v2\/users\/3"}],"replies":[{"embeddable":true,"href":"https:\/\/lasentinelle.dz\/index.php\/wp-json\/wp\/v2\/comments?post=4962"}],"version-history":[{"count":1,"href":"https:\/\/lasentinelle.dz\/index.php\/wp-json\/wp\/v2\/posts\/4962\/revisions"}],"predecessor-version":[{"id":4984,"href":"https:\/\/lasentinelle.dz\/index.php\/wp-json\/wp\/v2\/posts\/4962\/revisions\/4984"}],"wp:featuredmedia":[{"embeddable":true,"href":"https:\/\/lasentinelle.dz\/index.php\/wp-json\/wp\/v2\/media\/4983"}],"wp:attachment":[{"href":"https:\/\/lasentinelle.dz\/index.php\/wp-json\/wp\/v2\/media?parent=4962"}],"wp:term":[{"taxonomy":"category","embeddable":true,"href":"https:\/\/lasentinelle.dz\/index.php\/wp-json\/wp\/v2\/categories?post=4962"},{"taxonomy":"post_tag","embeddable":true,"href":"https:\/\/lasentinelle.dz\/index.php\/wp-json\/wp\/v2\/tags?post=4962"}],"curies":[{"name":"wp","href":"https:\/\/api.w.org\/{rel}","templated":true}]}}