{"id":49659,"date":"2024-02-20T14:18:53","date_gmt":"2024-02-20T13:18:53","guid":{"rendered":"https:\/\/lasentinelle.dz\/?p=49659"},"modified":"2024-02-20T14:18:55","modified_gmt":"2024-02-20T13:18:55","slug":"logements-inoccupes-a-ahmed-bouguessas-le-wali-dannaba-ordonne-une-enquete","status":"publish","type":"post","link":"https:\/\/lasentinelle.dz\/index.php\/2024\/02\/20\/logements-inoccupes-a-ahmed-bouguessas-le-wali-dannaba-ordonne-une-enquete\/","title":{"rendered":"Logements inoccup\u00e9s \u00e0 Ahmed Bouguessas\u00a0: Le wali d\u2019Annaba ordonne une enqu\u00eate"},"content":{"rendered":"\n<p>Inoccup\u00e9s depuis leur attribution en 2018, des dizaines de logements dans la localit\u00e9 de Bouguessa Ahmed se sont d\u00e9grad\u00e9s au fil du temps<\/p>\n\n\n\n<p>Une situation sur laquelle les habitants de cette localit\u00e9 relevant de la da\u00efra de Berrahal, ont interpell\u00e9 le premier responsable de la wilaya d\u2019Annaba, Abdelkader Djellaoui. Sis \u00e0 la cit\u00e9 480 logements, des dizaines de logements sociaux sont rest\u00e9s inoccup\u00e9s depuis leur attribution en 2018, alors des centaines de demandeurs de logements sont en attente depuis des ann\u00e9es, dans cette localit\u00e9 r\u00e9put\u00e9e pour le nombre d\u2019habitations pr\u00e9caires. Saisissant la pr\u00e9sence du wali \u00e0 l\u2019occasion de la c\u00e9l\u00e9bration de la journ\u00e9e du Chahid, c\u00e9l\u00e9br\u00e9e \u00e0 Berrahal, des citoyens ont pris leur courage \u00e0 deux mains et ont interpell\u00e9 le responsable, en d\u00e9non\u00e7ant cette situation provoquant, eu \u00e9gard leurs conditions de vie d\u00e9plorables alors que ces dizaines de logements vides auraient pu profiter aux moins \u00e0 une partie des ayants droit parmi les demandeurs. Les habitants ont \u00e9voqu\u00e9 la d\u00e9gradation de certains logements et le d\u00e9tournement des autres de leur vocation initiale. Les citoyens ont manifest\u00e9 le souhait que ses unit\u00e9s soient r\u00e9attribu\u00e9es aux vrais postulants de la localit\u00e9 de Bouguessas. N\u2019\u00e9tant pas au courant de cette affaire, du fait qu\u2019il a \u00e9t\u00e9 nomm\u00e9 il y\u2019a quelques mois, Abdelkader Djellaoui a aussit\u00f4t ordonn\u00e9 aux services concern\u00e9s une enqu\u00eate approfondie sur cette situation qu\u2019il a qualifi\u00e9e de scandaleuse. Le wali a exig\u00e9 qu\u2019un \u00e9tat des lieux soit \u00e9tabli et qu\u2019il lui soit remis dans les plus brefs d\u00e9lais. Selon certaines informations, en 2018, les autorit\u00e9s locales de l&rsquo;\u00e9poque avaient accord\u00e9 des permutations aux b\u00e9n\u00e9ficiaires de ces unit\u00e9s sociales vers le p\u00f4le urbain Kalitoussa, en raison de l\u2019incomp\u00e9tence de certaines entreprises charg\u00e9es de la r\u00e9alisation de ce projet. Depuis, toutes les autorit\u00e9s qui se sont succ\u00e9d\u00e9 aux commandes de la wilaya d\u2019Annaba n\u2019ont pas daign\u00e9 prendre les d\u00e9cisions n\u00e9cessaires, d\u2019o\u00f9 cet abandon outrageant de ces unit\u00e9s. Par ailleurs, le wali a exig\u00e9 des responsables des explications sur une assiette fonci\u00e8re situ\u00e9e au centre du p\u00f4le urbain Kalitoussa, destin\u00e9e \u00e0 abriter des \u00e9quipements publics. Or, ces derniers n\u2019ont pas \u00e9t\u00e9 lanc\u00e9s en raison de la pr\u00e9sence de commerces illicites qui squattent le terrain, dans l\u2019indiff\u00e9rence des autorit\u00e9s de la da\u00efra de Berrahal. Notons que la da\u00efra de Berrahal est la plaque tournante des d\u00e9passements sur le foncier relevant du domaine de l&rsquo;\u00c9tat. Des villas de luxe et des b\u00e2tisses \u00e9normes sont \u00e9rig\u00e9es dans l\u2019impunit\u00e9, alors les pouvoirs publics appellent \u00e0 la protection et la pr\u00e9servation des terres domaniales.<\/p>\n\n\n\n<p><strong>Sofia Chahine<\/strong><\/p>\n","protected":false},"excerpt":{"rendered":"<p>Inoccup\u00e9s depuis leur attribution en 2018, des dizaines de logements dans la localit\u00e9 de Bouguessa Ahmed se sont d\u00e9grad\u00e9s au<\/p>\n","protected":false},"author":3,"featured_media":49660,"comment_status":"open","ping_status":"closed","sticky":false,"template":"","format":"standard","meta":{"colormag_page_container_layout":"default_layout","colormag_page_sidebar_layout":"default_layout","om_disable_all_campaigns":false,"_monsterinsights_skip_tracking":false,"_monsterinsights_sitenote_active":false,"_monsterinsights_sitenote_note":"","_monsterinsights_sitenote_category":0,"footnotes":"","_wpscppro_dont_share_socialmedia":false,"_wpscppro_custom_social_share_image":0,"_facebook_share_type":"","_twitter_share_type":"","_linkedin_share_type":"","_pinterest_share_type":"","_linkedin_share_type_page":"","_instagram_share_type":"","_medium_share_type":"","_threads_share_type":"","_google_business_share_type":"","_selected_social_profile":[],"_wpsp_enable_custom_social_template":false,"_wpsp_social_scheduling":{"enabled":false,"datetime":null,"platforms":[],"status":"template_only","dateOption":"today","timeOption":"now","customDays":"","customHours":"","customDate":"","customTime":"","schedulingType":"absolute"},"_wpsp_active_default_template":true},"categories":[31],"tags":[],"class_list":["post-49659","post","type-post","status-publish","format-standard","has-post-thumbnail","hentry","category-regions"],"aioseo_notices":[],"yoast_head":"<!-- This site is optimized with the Yoast SEO plugin v27.5 - https:\/\/yoast.com\/product\/yoast-seo-wordpress\/ -->\n<title>Logements inoccup\u00e9s \u00e0 Ahmed Bouguessas\u00a0: Le wali d\u2019Annaba ordonne une enqu\u00eate - La Sentinelle<\/title>\n<meta name=\"robots\" content=\"index, follow, max-snippet:-1, max-image-preview:large, max-video-preview:-1\" \/>\n<link rel=\"canonical\" href=\"https:\/\/lasentinelle.dz\/index.php\/2024\/02\/20\/logements-inoccupes-a-ahmed-bouguessas-le-wali-dannaba-ordonne-une-enquete\/\" \/>\n<meta property=\"og:locale\" content=\"fr_FR\" \/>\n<meta property=\"og:type\" content=\"article\" \/>\n<meta property=\"og:title\" content=\"Logements inoccup\u00e9s \u00e0 Ahmed Bouguessas\u00a0: Le wali d\u2019Annaba ordonne une enqu\u00eate - La Sentinelle\" \/>\n<meta property=\"og:description\" content=\"Inoccup\u00e9s depuis leur attribution en 2018, des dizaines de logements dans la localit\u00e9 de Bouguessa Ahmed se sont d\u00e9grad\u00e9s au\" \/>\n<meta property=\"og:url\" content=\"https:\/\/lasentinelle.dz\/index.php\/2024\/02\/20\/logements-inoccupes-a-ahmed-bouguessas-le-wali-dannaba-ordonne-une-enquete\/\" \/>\n<meta property=\"og:site_name\" content=\"La Sentinelle\" \/>\n<meta property=\"article:publisher\" content=\"https:\/\/www.facebook.com\/La-Sentinelle-104059864394773\" \/>\n<meta property=\"article:published_time\" content=\"2024-02-20T13:18:53+00:00\" \/>\n<meta property=\"article:modified_time\" content=\"2024-02-20T13:18:55+00:00\" \/>\n<meta property=\"og:image\" content=\"https:\/\/lasentinelle.dz\/wp-content\/uploads\/2024\/02\/wali-annaba.jpeg\" \/>\n\t<meta property=\"og:image:width\" content=\"1800\" \/>\n\t<meta property=\"og:image:height\" content=\"1200\" \/>\n\t<meta property=\"og:image:type\" content=\"image\/jpeg\" \/>\n<meta name=\"author\" content=\"La Sentinelle\" \/>\n<meta name=\"twitter:card\" content=\"summary_large_image\" \/>\n<meta name=\"twitter:label1\" content=\"\u00c9crit par\" \/>\n\t<meta name=\"twitter:data1\" content=\"La Sentinelle\" \/>\n\t<meta name=\"twitter:label2\" content=\"Dur\u00e9e de lecture estim\u00e9e\" \/>\n\t<meta name=\"twitter:data2\" content=\"3 minutes\" \/>\n<script type=\"application\/ld+json\" class=\"yoast-schema-graph\">{\"@context\":\"https:\\\/\\\/schema.org\",\"@graph\":[{\"@type\":\"Article\",\"@id\":\"https:\\\/\\\/lasentinelle.dz\\\/index.php\\\/2024\\\/02\\\/20\\\/logements-inoccupes-a-ahmed-bouguessas-le-wali-dannaba-ordonne-une-enquete\\\/#article\",\"isPartOf\":{\"@id\":\"https:\\\/\\\/lasentinelle.dz\\\/index.php\\\/2024\\\/02\\\/20\\\/logements-inoccupes-a-ahmed-bouguessas-le-wali-dannaba-ordonne-une-enquete\\\/\"},\"author\":{\"name\":\"La Sentinelle\",\"@id\":\"https:\\\/\\\/lasentinelle.dz\\\/#\\\/schema\\\/person\\\/d865044e22e70a75174ce8bcad3acfb3\"},\"headline\":\"Logements inoccup\u00e9s \u00e0 Ahmed Bouguessas\u00a0: Le wali d\u2019Annaba ordonne une enqu\u00eate\",\"datePublished\":\"2024-02-20T13:18:53+00:00\",\"dateModified\":\"2024-02-20T13:18:55+00:00\",\"mainEntityOfPage\":{\"@id\":\"https:\\\/\\\/lasentinelle.dz\\\/index.php\\\/2024\\\/02\\\/20\\\/logements-inoccupes-a-ahmed-bouguessas-le-wali-dannaba-ordonne-une-enquete\\\/\"},\"wordCount\":495,\"commentCount\":0,\"publisher\":{\"@id\":\"https:\\\/\\\/lasentinelle.dz\\\/#organization\"},\"image\":{\"@id\":\"https:\\\/\\\/lasentinelle.dz\\\/index.php\\\/2024\\\/02\\\/20\\\/logements-inoccupes-a-ahmed-bouguessas-le-wali-dannaba-ordonne-une-enquete\\\/#primaryimage\"},\"thumbnailUrl\":\"https:\\\/\\\/lasentinelle.dz\\\/wp-content\\\/uploads\\\/2024\\\/02\\\/wali-annaba.jpeg\",\"articleSection\":[\"R\u00e9gions\"],\"inLanguage\":\"fr-FR\",\"potentialAction\":[{\"@type\":\"CommentAction\",\"name\":\"Comment\",\"target\":[\"https:\\\/\\\/lasentinelle.dz\\\/index.php\\\/2024\\\/02\\\/20\\\/logements-inoccupes-a-ahmed-bouguessas-le-wali-dannaba-ordonne-une-enquete\\\/#respond\"]}]},{\"@type\":\"WebPage\",\"@id\":\"https:\\\/\\\/lasentinelle.dz\\\/index.php\\\/2024\\\/02\\\/20\\\/logements-inoccupes-a-ahmed-bouguessas-le-wali-dannaba-ordonne-une-enquete\\\/\",\"url\":\"https:\\\/\\\/lasentinelle.dz\\\/index.php\\\/2024\\\/02\\\/20\\\/logements-inoccupes-a-ahmed-bouguessas-le-wali-dannaba-ordonne-une-enquete\\\/\",\"name\":\"Logements inoccup\u00e9s \u00e0 Ahmed Bouguessas\u00a0: Le wali d\u2019Annaba ordonne une enqu\u00eate - La Sentinelle\",\"isPartOf\":{\"@id\":\"https:\\\/\\\/lasentinelle.dz\\\/#website\"},\"primaryImageOfPage\":{\"@id\":\"https:\\\/\\\/lasentinelle.dz\\\/index.php\\\/2024\\\/02\\\/20\\\/logements-inoccupes-a-ahmed-bouguessas-le-wali-dannaba-ordonne-une-enquete\\\/#primaryimage\"},\"image\":{\"@id\":\"https:\\\/\\\/lasentinelle.dz\\\/index.php\\\/2024\\\/02\\\/20\\\/logements-inoccupes-a-ahmed-bouguessas-le-wali-dannaba-ordonne-une-enquete\\\/#primaryimage\"},\"thumbnailUrl\":\"https:\\\/\\\/lasentinelle.dz\\\/wp-content\\\/uploads\\\/2024\\\/02\\\/wali-annaba.jpeg\",\"datePublished\":\"2024-02-20T13:18:53+00:00\",\"dateModified\":\"2024-02-20T13:18:55+00:00\",\"breadcrumb\":{\"@id\":\"https:\\\/\\\/lasentinelle.dz\\\/index.php\\\/2024\\\/02\\\/20\\\/logements-inoccupes-a-ahmed-bouguessas-le-wali-dannaba-ordonne-une-enquete\\\/#breadcrumb\"},\"inLanguage\":\"fr-FR\",\"potentialAction\":[{\"@type\":\"ReadAction\",\"target\":[\"https:\\\/\\\/lasentinelle.dz\\\/index.php\\\/2024\\\/02\\\/20\\\/logements-inoccupes-a-ahmed-bouguessas-le-wali-dannaba-ordonne-une-enquete\\\/\"]}]},{\"@type\":\"ImageObject\",\"inLanguage\":\"fr-FR\",\"@id\":\"https:\\\/\\\/lasentinelle.dz\\\/index.php\\\/2024\\\/02\\\/20\\\/logements-inoccupes-a-ahmed-bouguessas-le-wali-dannaba-ordonne-une-enquete\\\/#primaryimage\",\"url\":\"https:\\\/\\\/lasentinelle.dz\\\/wp-content\\\/uploads\\\/2024\\\/02\\\/wali-annaba.jpeg\",\"contentUrl\":\"https:\\\/\\\/lasentinelle.dz\\\/wp-content\\\/uploads\\\/2024\\\/02\\\/wali-annaba.jpeg\",\"width\":1800,\"height\":1200},{\"@type\":\"BreadcrumbList\",\"@id\":\"https:\\\/\\\/lasentinelle.dz\\\/index.php\\\/2024\\\/02\\\/20\\\/logements-inoccupes-a-ahmed-bouguessas-le-wali-dannaba-ordonne-une-enquete\\\/#breadcrumb\",\"itemListElement\":[{\"@type\":\"ListItem\",\"position\":1,\"name\":\"Accueil\",\"item\":\"https:\\\/\\\/lasentinelle.dz\\\/\"},{\"@type\":\"ListItem\",\"position\":2,\"name\":\"Logements inoccup\u00e9s \u00e0 Ahmed Bouguessas\u00a0: Le wali d\u2019Annaba ordonne une enqu\u00eate\"}]},{\"@type\":\"WebSite\",\"@id\":\"https:\\\/\\\/lasentinelle.dz\\\/#website\",\"url\":\"https:\\\/\\\/lasentinelle.dz\\\/\",\"name\":\"La Sentinelle\",\"description\":\"Quotidien national d&#039;information\",\"publisher\":{\"@id\":\"https:\\\/\\\/lasentinelle.dz\\\/#organization\"},\"potentialAction\":[{\"@type\":\"SearchAction\",\"target\":{\"@type\":\"EntryPoint\",\"urlTemplate\":\"https:\\\/\\\/lasentinelle.dz\\\/?s={search_term_string}\"},\"query-input\":{\"@type\":\"PropertyValueSpecification\",\"valueRequired\":true,\"valueName\":\"search_term_string\"}}],\"inLanguage\":\"fr-FR\"},{\"@type\":\"Organization\",\"@id\":\"https:\\\/\\\/lasentinelle.dz\\\/#organization\",\"name\":\"Quotidien La Sentinelle\",\"url\":\"https:\\\/\\\/lasentinelle.dz\\\/\",\"logo\":{\"@type\":\"ImageObject\",\"inLanguage\":\"fr-FR\",\"@id\":\"https:\\\/\\\/lasentinelle.dz\\\/#\\\/schema\\\/logo\\\/image\\\/\",\"url\":\"https:\\\/\\\/lasentinelle.dz\\\/wp-content\\\/uploads\\\/2021\\\/09\\\/logo-sentinelleSLOGAN-1.png\",\"contentUrl\":\"https:\\\/\\\/lasentinelle.dz\\\/wp-content\\\/uploads\\\/2021\\\/09\\\/logo-sentinelleSLOGAN-1.png\",\"width\":615,\"height\":142,\"caption\":\"Quotidien La Sentinelle\"},\"image\":{\"@id\":\"https:\\\/\\\/lasentinelle.dz\\\/#\\\/schema\\\/logo\\\/image\\\/\"},\"sameAs\":[\"https:\\\/\\\/www.facebook.com\\\/La-Sentinelle-104059864394773\"]},{\"@type\":\"Person\",\"@id\":\"https:\\\/\\\/lasentinelle.dz\\\/#\\\/schema\\\/person\\\/d865044e22e70a75174ce8bcad3acfb3\",\"name\":\"La Sentinelle\",\"image\":{\"@type\":\"ImageObject\",\"inLanguage\":\"fr-FR\",\"@id\":\"https:\\\/\\\/secure.gravatar.com\\\/avatar\\\/57de8e5d4b15d43fb361a71fbb36338450fe67865b528a43dd10ef7c51a20392?s=96&d=mm&r=g\",\"url\":\"https:\\\/\\\/secure.gravatar.com\\\/avatar\\\/57de8e5d4b15d43fb361a71fbb36338450fe67865b528a43dd10ef7c51a20392?s=96&d=mm&r=g\",\"contentUrl\":\"https:\\\/\\\/secure.gravatar.com\\\/avatar\\\/57de8e5d4b15d43fb361a71fbb36338450fe67865b528a43dd10ef7c51a20392?s=96&d=mm&r=g\",\"caption\":\"La Sentinelle\"},\"sameAs\":[\"http:\\\/\\\/www.lasentinelle.dz\"],\"url\":\"https:\\\/\\\/lasentinelle.dz\\\/author\\\/redaction\\\/\"}]}<\/script>\n<!-- \/ Yoast SEO plugin. -->","yoast_head_json":{"title":"Logements inoccup\u00e9s \u00e0 Ahmed Bouguessas\u00a0: Le wali d\u2019Annaba ordonne une enqu\u00eate - La Sentinelle","robots":{"index":"index","follow":"follow","max-snippet":"max-snippet:-1","max-image-preview":"max-image-preview:large","max-video-preview":"max-video-preview:-1"},"canonical":"https:\/\/lasentinelle.dz\/index.php\/2024\/02\/20\/logements-inoccupes-a-ahmed-bouguessas-le-wali-dannaba-ordonne-une-enquete\/","og_locale":"fr_FR","og_type":"article","og_title":"Logements inoccup\u00e9s \u00e0 Ahmed Bouguessas\u00a0: Le wali d\u2019Annaba ordonne une enqu\u00eate - La Sentinelle","og_description":"Inoccup\u00e9s depuis leur attribution en 2018, des dizaines de logements dans la localit\u00e9 de Bouguessa Ahmed se sont d\u00e9grad\u00e9s au","og_url":"https:\/\/lasentinelle.dz\/index.php\/2024\/02\/20\/logements-inoccupes-a-ahmed-bouguessas-le-wali-dannaba-ordonne-une-enquete\/","og_site_name":"La Sentinelle","article_publisher":"https:\/\/www.facebook.com\/La-Sentinelle-104059864394773","article_published_time":"2024-02-20T13:18:53+00:00","article_modified_time":"2024-02-20T13:18:55+00:00","og_image":[{"width":1800,"height":1200,"url":"https:\/\/lasentinelle.dz\/wp-content\/uploads\/2024\/02\/wali-annaba.jpeg","type":"image\/jpeg"}],"author":"La Sentinelle","twitter_card":"summary_large_image","twitter_misc":{"\u00c9crit par":"La Sentinelle","Dur\u00e9e de lecture estim\u00e9e":"3 minutes"},"schema":{"@context":"https:\/\/schema.org","@graph":[{"@type":"Article","@id":"https:\/\/lasentinelle.dz\/index.php\/2024\/02\/20\/logements-inoccupes-a-ahmed-bouguessas-le-wali-dannaba-ordonne-une-enquete\/#article","isPartOf":{"@id":"https:\/\/lasentinelle.dz\/index.php\/2024\/02\/20\/logements-inoccupes-a-ahmed-bouguessas-le-wali-dannaba-ordonne-une-enquete\/"},"author":{"name":"La Sentinelle","@id":"https:\/\/lasentinelle.dz\/#\/schema\/person\/d865044e22e70a75174ce8bcad3acfb3"},"headline":"Logements inoccup\u00e9s \u00e0 Ahmed Bouguessas\u00a0: Le wali d\u2019Annaba ordonne une enqu\u00eate","datePublished":"2024-02-20T13:18:53+00:00","dateModified":"2024-02-20T13:18:55+00:00","mainEntityOfPage":{"@id":"https:\/\/lasentinelle.dz\/index.php\/2024\/02\/20\/logements-inoccupes-a-ahmed-bouguessas-le-wali-dannaba-ordonne-une-enquete\/"},"wordCount":495,"commentCount":0,"publisher":{"@id":"https:\/\/lasentinelle.dz\/#organization"},"image":{"@id":"https:\/\/lasentinelle.dz\/index.php\/2024\/02\/20\/logements-inoccupes-a-ahmed-bouguessas-le-wali-dannaba-ordonne-une-enquete\/#primaryimage"},"thumbnailUrl":"https:\/\/lasentinelle.dz\/wp-content\/uploads\/2024\/02\/wali-annaba.jpeg","articleSection":["R\u00e9gions"],"inLanguage":"fr-FR","potentialAction":[{"@type":"CommentAction","name":"Comment","target":["https:\/\/lasentinelle.dz\/index.php\/2024\/02\/20\/logements-inoccupes-a-ahmed-bouguessas-le-wali-dannaba-ordonne-une-enquete\/#respond"]}]},{"@type":"WebPage","@id":"https:\/\/lasentinelle.dz\/index.php\/2024\/02\/20\/logements-inoccupes-a-ahmed-bouguessas-le-wali-dannaba-ordonne-une-enquete\/","url":"https:\/\/lasentinelle.dz\/index.php\/2024\/02\/20\/logements-inoccupes-a-ahmed-bouguessas-le-wali-dannaba-ordonne-une-enquete\/","name":"Logements inoccup\u00e9s \u00e0 Ahmed Bouguessas\u00a0: Le wali d\u2019Annaba ordonne une enqu\u00eate - La Sentinelle","isPartOf":{"@id":"https:\/\/lasentinelle.dz\/#website"},"primaryImageOfPage":{"@id":"https:\/\/lasentinelle.dz\/index.php\/2024\/02\/20\/logements-inoccupes-a-ahmed-bouguessas-le-wali-dannaba-ordonne-une-enquete\/#primaryimage"},"image":{"@id":"https:\/\/lasentinelle.dz\/index.php\/2024\/02\/20\/logements-inoccupes-a-ahmed-bouguessas-le-wali-dannaba-ordonne-une-enquete\/#primaryimage"},"thumbnailUrl":"https:\/\/lasentinelle.dz\/wp-content\/uploads\/2024\/02\/wali-annaba.jpeg","datePublished":"2024-02-20T13:18:53+00:00","dateModified":"2024-02-20T13:18:55+00:00","breadcrumb":{"@id":"https:\/\/lasentinelle.dz\/index.php\/2024\/02\/20\/logements-inoccupes-a-ahmed-bouguessas-le-wali-dannaba-ordonne-une-enquete\/#breadcrumb"},"inLanguage":"fr-FR","potentialAction":[{"@type":"ReadAction","target":["https:\/\/lasentinelle.dz\/index.php\/2024\/02\/20\/logements-inoccupes-a-ahmed-bouguessas-le-wali-dannaba-ordonne-une-enquete\/"]}]},{"@type":"ImageObject","inLanguage":"fr-FR","@id":"https:\/\/lasentinelle.dz\/index.php\/2024\/02\/20\/logements-inoccupes-a-ahmed-bouguessas-le-wali-dannaba-ordonne-une-enquete\/#primaryimage","url":"https:\/\/lasentinelle.dz\/wp-content\/uploads\/2024\/02\/wali-annaba.jpeg","contentUrl":"https:\/\/lasentinelle.dz\/wp-content\/uploads\/2024\/02\/wali-annaba.jpeg","width":1800,"height":1200},{"@type":"BreadcrumbList","@id":"https:\/\/lasentinelle.dz\/index.php\/2024\/02\/20\/logements-inoccupes-a-ahmed-bouguessas-le-wali-dannaba-ordonne-une-enquete\/#breadcrumb","itemListElement":[{"@type":"ListItem","position":1,"name":"Accueil","item":"https:\/\/lasentinelle.dz\/"},{"@type":"ListItem","position":2,"name":"Logements inoccup\u00e9s \u00e0 Ahmed Bouguessas\u00a0: Le wali d\u2019Annaba ordonne une enqu\u00eate"}]},{"@type":"WebSite","@id":"https:\/\/lasentinelle.dz\/#website","url":"https:\/\/lasentinelle.dz\/","name":"La Sentinelle","description":"Quotidien national d&#039;information","publisher":{"@id":"https:\/\/lasentinelle.dz\/#organization"},"potentialAction":[{"@type":"SearchAction","target":{"@type":"EntryPoint","urlTemplate":"https:\/\/lasentinelle.dz\/?s={search_term_string}"},"query-input":{"@type":"PropertyValueSpecification","valueRequired":true,"valueName":"search_term_string"}}],"inLanguage":"fr-FR"},{"@type":"Organization","@id":"https:\/\/lasentinelle.dz\/#organization","name":"Quotidien La Sentinelle","url":"https:\/\/lasentinelle.dz\/","logo":{"@type":"ImageObject","inLanguage":"fr-FR","@id":"https:\/\/lasentinelle.dz\/#\/schema\/logo\/image\/","url":"https:\/\/lasentinelle.dz\/wp-content\/uploads\/2021\/09\/logo-sentinelleSLOGAN-1.png","contentUrl":"https:\/\/lasentinelle.dz\/wp-content\/uploads\/2021\/09\/logo-sentinelleSLOGAN-1.png","width":615,"height":142,"caption":"Quotidien La Sentinelle"},"image":{"@id":"https:\/\/lasentinelle.dz\/#\/schema\/logo\/image\/"},"sameAs":["https:\/\/www.facebook.com\/La-Sentinelle-104059864394773"]},{"@type":"Person","@id":"https:\/\/lasentinelle.dz\/#\/schema\/person\/d865044e22e70a75174ce8bcad3acfb3","name":"La Sentinelle","image":{"@type":"ImageObject","inLanguage":"fr-FR","@id":"https:\/\/secure.gravatar.com\/avatar\/57de8e5d4b15d43fb361a71fbb36338450fe67865b528a43dd10ef7c51a20392?s=96&d=mm&r=g","url":"https:\/\/secure.gravatar.com\/avatar\/57de8e5d4b15d43fb361a71fbb36338450fe67865b528a43dd10ef7c51a20392?s=96&d=mm&r=g","contentUrl":"https:\/\/secure.gravatar.com\/avatar\/57de8e5d4b15d43fb361a71fbb36338450fe67865b528a43dd10ef7c51a20392?s=96&d=mm&r=g","caption":"La Sentinelle"},"sameAs":["http:\/\/www.lasentinelle.dz"],"url":"https:\/\/lasentinelle.dz\/author\/redaction\/"}]}},"_links":{"self":[{"href":"https:\/\/lasentinelle.dz\/index.php\/wp-json\/wp\/v2\/posts\/49659","targetHints":{"allow":["GET"]}}],"collection":[{"href":"https:\/\/lasentinelle.dz\/index.php\/wp-json\/wp\/v2\/posts"}],"about":[{"href":"https:\/\/lasentinelle.dz\/index.php\/wp-json\/wp\/v2\/types\/post"}],"author":[{"embeddable":true,"href":"https:\/\/lasentinelle.dz\/index.php\/wp-json\/wp\/v2\/users\/3"}],"replies":[{"embeddable":true,"href":"https:\/\/lasentinelle.dz\/index.php\/wp-json\/wp\/v2\/comments?post=49659"}],"version-history":[{"count":1,"href":"https:\/\/lasentinelle.dz\/index.php\/wp-json\/wp\/v2\/posts\/49659\/revisions"}],"predecessor-version":[{"id":49661,"href":"https:\/\/lasentinelle.dz\/index.php\/wp-json\/wp\/v2\/posts\/49659\/revisions\/49661"}],"wp:featuredmedia":[{"embeddable":true,"href":"https:\/\/lasentinelle.dz\/index.php\/wp-json\/wp\/v2\/media\/49660"}],"wp:attachment":[{"href":"https:\/\/lasentinelle.dz\/index.php\/wp-json\/wp\/v2\/media?parent=49659"}],"wp:term":[{"taxonomy":"category","embeddable":true,"href":"https:\/\/lasentinelle.dz\/index.php\/wp-json\/wp\/v2\/categories?post=49659"},{"taxonomy":"post_tag","embeddable":true,"href":"https:\/\/lasentinelle.dz\/index.php\/wp-json\/wp\/v2\/tags?post=49659"}],"curies":[{"name":"wp","href":"https:\/\/api.w.org\/{rel}","templated":true}]}}