{"id":49662,"date":"2024-02-20T14:53:39","date_gmt":"2024-02-20T13:53:39","guid":{"rendered":"https:\/\/lasentinelle.dz\/?p=49662"},"modified":"2024-02-20T14:53:44","modified_gmt":"2024-02-20T13:53:44","slug":"7e-sommet-du-gecf-les-experts-appellent-a-la-creation-dun-cadre-similaire-a-une-opep-du-gaz","status":"publish","type":"post","link":"https:\/\/lasentinelle.dz\/index.php\/2024\/02\/20\/7e-sommet-du-gecf-les-experts-appellent-a-la-creation-dun-cadre-similaire-a-une-opep-du-gaz\/","title":{"rendered":"7e Sommet du GECF\u00a0: Les experts appellent \u00e0 la cr\u00e9ation d\u2019un cadre similaire \u00e0 une Opep du gaz"},"content":{"rendered":"\n<p>Le 7<sup>e<\/sup> Sommet du Forum des pays exportateurs de gaz (GECF) pr\u00e9vu \u00e0 la fin du mois \u00e0 Alger rev\u00eat une importance particuli\u00e8re dans la mesure il intervient dans un contexte g\u00e9opolitique qui impose la mise en place d\u2019un cadre de concertation plus approfondi qui puisse garantir les int\u00e9r\u00eats des pays producteurs de gaz et garantir la stabilit\u00e9 du march\u00e9 et des prix. Bien que la cr\u00e9ation d\u2019un organisation assise sur les m\u00eames m\u00e9canismes que l\u2019Opep et sa politique des quotas est \u00e9cart\u00e9e en raison des sp\u00e9cificit\u00e9s du march\u00e9 gazier r\u00e9gionalis\u00e9 et assis sur des contrats \u00e0 long terme, le d\u00e9fi est de mettre en place un cadre similaire qui puisse permettre de se coordonner pour pr\u00e9server les int\u00e9r\u00eats des pays producteurs, d\u2019autant plus que les consommateurs, notamment europ\u00e9ens ont renforc\u00e9 leurs concertations et mis en place des m\u00e9canismes d\u2019achats group\u00e9s de gaz et de plafonnement des prix. Dans ce contexte, et \u00e0 quelques jours du sommet, le docteur Lagha Chegrouche, chercheur en \u00e9conomie et g\u00e9opolitique et directeur du Centre d\u2019\u00e9tudes nord-africaines (CENA), a soulign\u00e9 hier lors d\u2019une intervention sur les ondes de la Radio alg\u00e9rienne a estim\u00e9 qu\u2019il est attendu que le GECF 2024, puisse r\u00e9aliser une premi\u00e8re entente entre ses membres pouvant \u00ab accoucher d\u2019une structure \u00bb de concertation \u00e0 l\u2019image de l\u2019OPEP, \u00ab ce qui constituerait un succ\u00e8s du Forum d\u2019Alger \u00bb. &nbsp;Partant du fait que \u00ab les pays consommateurs se sont de tout temps concert\u00e9s \u00bb, l\u2019expert souligne la n\u00e9cessit\u00e9 de la cr\u00e9ation d\u2019un cadre assimilable \u00e0 une Opep du gaz.&nbsp; \u00ab Ce forum est en mesure d\u2019accoucher d\u2019une entente minimale pouvant constituer une premi\u00e8re plateforme de convergence. Cela veut dire qu\u2019on pourrait, dans deux, cinq ou dix ans, avoir une structure de concertation \u00e0 l\u2019image de l\u2019OPEP, ce qui serait un succ\u00e8s du forum d\u2019Alger \u00bb. L\u2019expert explique qu\u2019\u00ab il n\u2019y a jamais eu autant de d\u00e9sir et d\u2019entente entre des pays membres dont la Russie, l\u2019Iran, l\u2019Alg\u00e9rie et le Qatar \u00bb. Le docteur Chegrouche a indiqu\u00e9 que ce Sommet, qui se tiendra \u00e0 Alger du 29 f\u00e9vrier au 2 mars, rev\u00eat un caract\u00e8re \u00ab\u00a0exceptionnel\u00a0\u00bb, vu qu&rsquo;il regroupera des dirigeants influents sur la sc\u00e8ne internationale et sur le devenir du gaz. Le chercheur a expliqu\u00e9, dans ce sens, que les membres du GECF \u00ab\u00a0ont le pouvoir de changer les conditions du march\u00e9 \u00e0 leur avantage\u00a0\u00bb, au vu de la volont\u00e9 et de l'\u00a0\u00bbentente\u00a0\u00bb qui r\u00e8gne entre eux, pr\u00e9cisant que l'\u00a0\u00bbAlg\u00e9rie est le seul pays capable, au cours de ce Sommet, d&rsquo;assurer cette harmonie\u00a0\u00bb gr\u00e2ce \u00e0 son exp\u00e9rience en mati\u00e8re de n\u00e9gociations. Et afin de garantir leurs int\u00e9r\u00eats et surtout leur souverainet\u00e9, les membres du Forum vont, a-t-il estim\u00e9, d\u00e9fendre les principes du \u00ab\u00a0Take or Pay\u00a0\u00bb (enlever ou payer), ainsi que celui d&rsquo;un prix \u00ab\u00a0\u00e9quitable\u00a0\u00bb, en favorisant les contrats \u00e0 long terme et non pas les march\u00e9s Spot qui \u00ab\u00a0n&rsquo;offrent pas de stabilit\u00e9\u00a0\u00bb, selon lui. Tout en mettant en avant le \u00ab\u00a0r\u00f4le de m\u00e9diateur\u00a0\u00bb pour lequel est connue l&rsquo;Alg\u00e9rie, le chercheur a insist\u00e9 sur le caract\u00e8re \u00ab\u00a0strat\u00e9gique\u00a0\u00bb, du Sommet d&rsquo;Alger, du fait qu&rsquo;il permettra de \u00ab\u00a0d\u00e9finir les r\u00e8gles de concertation technique et strat\u00e9gique entre les pays producteurs-exportateurs\u00a0\u00bb.<\/p>\n\n\n\n<p><strong>Sabrina Aziouez<\/strong><\/p>\n","protected":false},"excerpt":{"rendered":"<p>Le 7e Sommet du Forum des pays exportateurs de gaz (GECF) pr\u00e9vu \u00e0 la fin du mois \u00e0 Alger rev\u00eat<\/p>\n","protected":false},"author":3,"featured_media":46184,"comment_status":"open","ping_status":"closed","sticky":false,"template":"","format":"standard","meta":{"colormag_page_container_layout":"default_layout","colormag_page_sidebar_layout":"default_layout","om_disable_all_campaigns":false,"_monsterinsights_skip_tracking":false,"_monsterinsights_sitenote_active":false,"_monsterinsights_sitenote_note":"","_monsterinsights_sitenote_category":0,"footnotes":"","_wpscppro_dont_share_socialmedia":false,"_wpscppro_custom_social_share_image":0,"_facebook_share_type":"","_twitter_share_type":"","_linkedin_share_type":"","_pinterest_share_type":"","_linkedin_share_type_page":"","_instagram_share_type":"","_medium_share_type":"","_threads_share_type":"","_google_business_share_type":"","_selected_social_profile":[],"_wpsp_enable_custom_social_template":false,"_wpsp_social_scheduling":{"enabled":false,"datetime":null,"platforms":[],"status":"template_only","dateOption":"today","timeOption":"now","customDays":"","customHours":"","customDate":"","customTime":"","schedulingType":"absolute"},"_wpsp_active_default_template":true},"categories":[29],"tags":[],"class_list":["post-49662","post","type-post","status-publish","format-standard","has-post-thumbnail","hentry","category-economie"],"aioseo_notices":[],"yoast_head":"<!-- This site is optimized with the Yoast SEO plugin v27.5 - https:\/\/yoast.com\/product\/yoast-seo-wordpress\/ -->\n<title>7e Sommet du GECF\u00a0: Les experts appellent \u00e0 la cr\u00e9ation d\u2019un cadre similaire \u00e0 une Opep du gaz - La Sentinelle<\/title>\n<meta name=\"robots\" content=\"index, follow, max-snippet:-1, max-image-preview:large, max-video-preview:-1\" \/>\n<link rel=\"canonical\" href=\"https:\/\/lasentinelle.dz\/index.php\/2024\/02\/20\/7e-sommet-du-gecf-les-experts-appellent-a-la-creation-dun-cadre-similaire-a-une-opep-du-gaz\/\" \/>\n<meta property=\"og:locale\" content=\"fr_FR\" \/>\n<meta property=\"og:type\" content=\"article\" \/>\n<meta property=\"og:title\" content=\"7e Sommet du GECF\u00a0: Les experts appellent \u00e0 la cr\u00e9ation d\u2019un cadre similaire \u00e0 une Opep du gaz - La Sentinelle\" \/>\n<meta property=\"og:description\" content=\"Le 7e Sommet du Forum des pays exportateurs de gaz (GECF) pr\u00e9vu \u00e0 la fin du mois \u00e0 Alger rev\u00eat\" \/>\n<meta property=\"og:url\" content=\"https:\/\/lasentinelle.dz\/index.php\/2024\/02\/20\/7e-sommet-du-gecf-les-experts-appellent-a-la-creation-dun-cadre-similaire-a-une-opep-du-gaz\/\" \/>\n<meta property=\"og:site_name\" content=\"La Sentinelle\" \/>\n<meta property=\"article:publisher\" content=\"https:\/\/www.facebook.com\/La-Sentinelle-104059864394773\" \/>\n<meta property=\"article:published_time\" content=\"2024-02-20T13:53:39+00:00\" \/>\n<meta property=\"article:modified_time\" content=\"2024-02-20T13:53:44+00:00\" \/>\n<meta property=\"og:image\" content=\"https:\/\/lasentinelle.dz\/wp-content\/uploads\/2023\/10\/GECF.jpeg\" \/>\n\t<meta property=\"og:image:width\" content=\"340\" \/>\n\t<meta property=\"og:image:height\" content=\"200\" \/>\n\t<meta property=\"og:image:type\" content=\"image\/jpeg\" \/>\n<meta name=\"author\" content=\"La Sentinelle\" \/>\n<meta name=\"twitter:card\" content=\"summary_large_image\" \/>\n<meta name=\"twitter:label1\" content=\"\u00c9crit par\" \/>\n\t<meta name=\"twitter:data1\" content=\"La Sentinelle\" \/>\n\t<meta name=\"twitter:label2\" content=\"Dur\u00e9e de lecture estim\u00e9e\" \/>\n\t<meta name=\"twitter:data2\" content=\"3 minutes\" \/>\n<script type=\"application\/ld+json\" class=\"yoast-schema-graph\">{\"@context\":\"https:\\\/\\\/schema.org\",\"@graph\":[{\"@type\":\"Article\",\"@id\":\"https:\\\/\\\/lasentinelle.dz\\\/index.php\\\/2024\\\/02\\\/20\\\/7e-sommet-du-gecf-les-experts-appellent-a-la-creation-dun-cadre-similaire-a-une-opep-du-gaz\\\/#article\",\"isPartOf\":{\"@id\":\"https:\\\/\\\/lasentinelle.dz\\\/index.php\\\/2024\\\/02\\\/20\\\/7e-sommet-du-gecf-les-experts-appellent-a-la-creation-dun-cadre-similaire-a-une-opep-du-gaz\\\/\"},\"author\":{\"name\":\"La Sentinelle\",\"@id\":\"https:\\\/\\\/lasentinelle.dz\\\/#\\\/schema\\\/person\\\/d865044e22e70a75174ce8bcad3acfb3\"},\"headline\":\"7e Sommet du GECF\u00a0: Les experts appellent \u00e0 la cr\u00e9ation d\u2019un cadre similaire \u00e0 une Opep du gaz\",\"datePublished\":\"2024-02-20T13:53:39+00:00\",\"dateModified\":\"2024-02-20T13:53:44+00:00\",\"mainEntityOfPage\":{\"@id\":\"https:\\\/\\\/lasentinelle.dz\\\/index.php\\\/2024\\\/02\\\/20\\\/7e-sommet-du-gecf-les-experts-appellent-a-la-creation-dun-cadre-similaire-a-une-opep-du-gaz\\\/\"},\"wordCount\":609,\"commentCount\":0,\"publisher\":{\"@id\":\"https:\\\/\\\/lasentinelle.dz\\\/#organization\"},\"image\":{\"@id\":\"https:\\\/\\\/lasentinelle.dz\\\/index.php\\\/2024\\\/02\\\/20\\\/7e-sommet-du-gecf-les-experts-appellent-a-la-creation-dun-cadre-similaire-a-une-opep-du-gaz\\\/#primaryimage\"},\"thumbnailUrl\":\"https:\\\/\\\/lasentinelle.dz\\\/wp-content\\\/uploads\\\/2023\\\/10\\\/GECF.jpeg\",\"articleSection\":[\"\u00c9conomie\"],\"inLanguage\":\"fr-FR\",\"potentialAction\":[{\"@type\":\"CommentAction\",\"name\":\"Comment\",\"target\":[\"https:\\\/\\\/lasentinelle.dz\\\/index.php\\\/2024\\\/02\\\/20\\\/7e-sommet-du-gecf-les-experts-appellent-a-la-creation-dun-cadre-similaire-a-une-opep-du-gaz\\\/#respond\"]}]},{\"@type\":\"WebPage\",\"@id\":\"https:\\\/\\\/lasentinelle.dz\\\/index.php\\\/2024\\\/02\\\/20\\\/7e-sommet-du-gecf-les-experts-appellent-a-la-creation-dun-cadre-similaire-a-une-opep-du-gaz\\\/\",\"url\":\"https:\\\/\\\/lasentinelle.dz\\\/index.php\\\/2024\\\/02\\\/20\\\/7e-sommet-du-gecf-les-experts-appellent-a-la-creation-dun-cadre-similaire-a-une-opep-du-gaz\\\/\",\"name\":\"7e Sommet du GECF\u00a0: Les experts appellent \u00e0 la cr\u00e9ation d\u2019un cadre similaire \u00e0 une Opep du gaz - La Sentinelle\",\"isPartOf\":{\"@id\":\"https:\\\/\\\/lasentinelle.dz\\\/#website\"},\"primaryImageOfPage\":{\"@id\":\"https:\\\/\\\/lasentinelle.dz\\\/index.php\\\/2024\\\/02\\\/20\\\/7e-sommet-du-gecf-les-experts-appellent-a-la-creation-dun-cadre-similaire-a-une-opep-du-gaz\\\/#primaryimage\"},\"image\":{\"@id\":\"https:\\\/\\\/lasentinelle.dz\\\/index.php\\\/2024\\\/02\\\/20\\\/7e-sommet-du-gecf-les-experts-appellent-a-la-creation-dun-cadre-similaire-a-une-opep-du-gaz\\\/#primaryimage\"},\"thumbnailUrl\":\"https:\\\/\\\/lasentinelle.dz\\\/wp-content\\\/uploads\\\/2023\\\/10\\\/GECF.jpeg\",\"datePublished\":\"2024-02-20T13:53:39+00:00\",\"dateModified\":\"2024-02-20T13:53:44+00:00\",\"breadcrumb\":{\"@id\":\"https:\\\/\\\/lasentinelle.dz\\\/index.php\\\/2024\\\/02\\\/20\\\/7e-sommet-du-gecf-les-experts-appellent-a-la-creation-dun-cadre-similaire-a-une-opep-du-gaz\\\/#breadcrumb\"},\"inLanguage\":\"fr-FR\",\"potentialAction\":[{\"@type\":\"ReadAction\",\"target\":[\"https:\\\/\\\/lasentinelle.dz\\\/index.php\\\/2024\\\/02\\\/20\\\/7e-sommet-du-gecf-les-experts-appellent-a-la-creation-dun-cadre-similaire-a-une-opep-du-gaz\\\/\"]}]},{\"@type\":\"ImageObject\",\"inLanguage\":\"fr-FR\",\"@id\":\"https:\\\/\\\/lasentinelle.dz\\\/index.php\\\/2024\\\/02\\\/20\\\/7e-sommet-du-gecf-les-experts-appellent-a-la-creation-dun-cadre-similaire-a-une-opep-du-gaz\\\/#primaryimage\",\"url\":\"https:\\\/\\\/lasentinelle.dz\\\/wp-content\\\/uploads\\\/2023\\\/10\\\/GECF.jpeg\",\"contentUrl\":\"https:\\\/\\\/lasentinelle.dz\\\/wp-content\\\/uploads\\\/2023\\\/10\\\/GECF.jpeg\",\"width\":340,\"height\":200},{\"@type\":\"BreadcrumbList\",\"@id\":\"https:\\\/\\\/lasentinelle.dz\\\/index.php\\\/2024\\\/02\\\/20\\\/7e-sommet-du-gecf-les-experts-appellent-a-la-creation-dun-cadre-similaire-a-une-opep-du-gaz\\\/#breadcrumb\",\"itemListElement\":[{\"@type\":\"ListItem\",\"position\":1,\"name\":\"Accueil\",\"item\":\"https:\\\/\\\/lasentinelle.dz\\\/\"},{\"@type\":\"ListItem\",\"position\":2,\"name\":\"7e Sommet du GECF\u00a0: Les experts appellent \u00e0 la cr\u00e9ation d\u2019un cadre similaire \u00e0 une Opep du gaz\"}]},{\"@type\":\"WebSite\",\"@id\":\"https:\\\/\\\/lasentinelle.dz\\\/#website\",\"url\":\"https:\\\/\\\/lasentinelle.dz\\\/\",\"name\":\"La Sentinelle\",\"description\":\"Quotidien national d&#039;information\",\"publisher\":{\"@id\":\"https:\\\/\\\/lasentinelle.dz\\\/#organization\"},\"potentialAction\":[{\"@type\":\"SearchAction\",\"target\":{\"@type\":\"EntryPoint\",\"urlTemplate\":\"https:\\\/\\\/lasentinelle.dz\\\/?s={search_term_string}\"},\"query-input\":{\"@type\":\"PropertyValueSpecification\",\"valueRequired\":true,\"valueName\":\"search_term_string\"}}],\"inLanguage\":\"fr-FR\"},{\"@type\":\"Organization\",\"@id\":\"https:\\\/\\\/lasentinelle.dz\\\/#organization\",\"name\":\"Quotidien La Sentinelle\",\"url\":\"https:\\\/\\\/lasentinelle.dz\\\/\",\"logo\":{\"@type\":\"ImageObject\",\"inLanguage\":\"fr-FR\",\"@id\":\"https:\\\/\\\/lasentinelle.dz\\\/#\\\/schema\\\/logo\\\/image\\\/\",\"url\":\"https:\\\/\\\/lasentinelle.dz\\\/wp-content\\\/uploads\\\/2021\\\/09\\\/logo-sentinelleSLOGAN-1.png\",\"contentUrl\":\"https:\\\/\\\/lasentinelle.dz\\\/wp-content\\\/uploads\\\/2021\\\/09\\\/logo-sentinelleSLOGAN-1.png\",\"width\":615,\"height\":142,\"caption\":\"Quotidien La Sentinelle\"},\"image\":{\"@id\":\"https:\\\/\\\/lasentinelle.dz\\\/#\\\/schema\\\/logo\\\/image\\\/\"},\"sameAs\":[\"https:\\\/\\\/www.facebook.com\\\/La-Sentinelle-104059864394773\"]},{\"@type\":\"Person\",\"@id\":\"https:\\\/\\\/lasentinelle.dz\\\/#\\\/schema\\\/person\\\/d865044e22e70a75174ce8bcad3acfb3\",\"name\":\"La Sentinelle\",\"image\":{\"@type\":\"ImageObject\",\"inLanguage\":\"fr-FR\",\"@id\":\"https:\\\/\\\/secure.gravatar.com\\\/avatar\\\/57de8e5d4b15d43fb361a71fbb36338450fe67865b528a43dd10ef7c51a20392?s=96&d=mm&r=g\",\"url\":\"https:\\\/\\\/secure.gravatar.com\\\/avatar\\\/57de8e5d4b15d43fb361a71fbb36338450fe67865b528a43dd10ef7c51a20392?s=96&d=mm&r=g\",\"contentUrl\":\"https:\\\/\\\/secure.gravatar.com\\\/avatar\\\/57de8e5d4b15d43fb361a71fbb36338450fe67865b528a43dd10ef7c51a20392?s=96&d=mm&r=g\",\"caption\":\"La Sentinelle\"},\"sameAs\":[\"http:\\\/\\\/www.lasentinelle.dz\"],\"url\":\"https:\\\/\\\/lasentinelle.dz\\\/author\\\/redaction\\\/\"}]}<\/script>\n<!-- \/ Yoast SEO plugin. -->","yoast_head_json":{"title":"7e Sommet du GECF\u00a0: Les experts appellent \u00e0 la cr\u00e9ation d\u2019un cadre similaire \u00e0 une Opep du gaz - La Sentinelle","robots":{"index":"index","follow":"follow","max-snippet":"max-snippet:-1","max-image-preview":"max-image-preview:large","max-video-preview":"max-video-preview:-1"},"canonical":"https:\/\/lasentinelle.dz\/index.php\/2024\/02\/20\/7e-sommet-du-gecf-les-experts-appellent-a-la-creation-dun-cadre-similaire-a-une-opep-du-gaz\/","og_locale":"fr_FR","og_type":"article","og_title":"7e Sommet du GECF\u00a0: Les experts appellent \u00e0 la cr\u00e9ation d\u2019un cadre similaire \u00e0 une Opep du gaz - La Sentinelle","og_description":"Le 7e Sommet du Forum des pays exportateurs de gaz (GECF) pr\u00e9vu \u00e0 la fin du mois \u00e0 Alger rev\u00eat","og_url":"https:\/\/lasentinelle.dz\/index.php\/2024\/02\/20\/7e-sommet-du-gecf-les-experts-appellent-a-la-creation-dun-cadre-similaire-a-une-opep-du-gaz\/","og_site_name":"La Sentinelle","article_publisher":"https:\/\/www.facebook.com\/La-Sentinelle-104059864394773","article_published_time":"2024-02-20T13:53:39+00:00","article_modified_time":"2024-02-20T13:53:44+00:00","og_image":[{"width":340,"height":200,"url":"https:\/\/lasentinelle.dz\/wp-content\/uploads\/2023\/10\/GECF.jpeg","type":"image\/jpeg"}],"author":"La Sentinelle","twitter_card":"summary_large_image","twitter_misc":{"\u00c9crit par":"La Sentinelle","Dur\u00e9e de lecture estim\u00e9e":"3 minutes"},"schema":{"@context":"https:\/\/schema.org","@graph":[{"@type":"Article","@id":"https:\/\/lasentinelle.dz\/index.php\/2024\/02\/20\/7e-sommet-du-gecf-les-experts-appellent-a-la-creation-dun-cadre-similaire-a-une-opep-du-gaz\/#article","isPartOf":{"@id":"https:\/\/lasentinelle.dz\/index.php\/2024\/02\/20\/7e-sommet-du-gecf-les-experts-appellent-a-la-creation-dun-cadre-similaire-a-une-opep-du-gaz\/"},"author":{"name":"La Sentinelle","@id":"https:\/\/lasentinelle.dz\/#\/schema\/person\/d865044e22e70a75174ce8bcad3acfb3"},"headline":"7e Sommet du GECF\u00a0: Les experts appellent \u00e0 la cr\u00e9ation d\u2019un cadre similaire \u00e0 une Opep du gaz","datePublished":"2024-02-20T13:53:39+00:00","dateModified":"2024-02-20T13:53:44+00:00","mainEntityOfPage":{"@id":"https:\/\/lasentinelle.dz\/index.php\/2024\/02\/20\/7e-sommet-du-gecf-les-experts-appellent-a-la-creation-dun-cadre-similaire-a-une-opep-du-gaz\/"},"wordCount":609,"commentCount":0,"publisher":{"@id":"https:\/\/lasentinelle.dz\/#organization"},"image":{"@id":"https:\/\/lasentinelle.dz\/index.php\/2024\/02\/20\/7e-sommet-du-gecf-les-experts-appellent-a-la-creation-dun-cadre-similaire-a-une-opep-du-gaz\/#primaryimage"},"thumbnailUrl":"https:\/\/lasentinelle.dz\/wp-content\/uploads\/2023\/10\/GECF.jpeg","articleSection":["\u00c9conomie"],"inLanguage":"fr-FR","potentialAction":[{"@type":"CommentAction","name":"Comment","target":["https:\/\/lasentinelle.dz\/index.php\/2024\/02\/20\/7e-sommet-du-gecf-les-experts-appellent-a-la-creation-dun-cadre-similaire-a-une-opep-du-gaz\/#respond"]}]},{"@type":"WebPage","@id":"https:\/\/lasentinelle.dz\/index.php\/2024\/02\/20\/7e-sommet-du-gecf-les-experts-appellent-a-la-creation-dun-cadre-similaire-a-une-opep-du-gaz\/","url":"https:\/\/lasentinelle.dz\/index.php\/2024\/02\/20\/7e-sommet-du-gecf-les-experts-appellent-a-la-creation-dun-cadre-similaire-a-une-opep-du-gaz\/","name":"7e Sommet du GECF\u00a0: Les experts appellent \u00e0 la cr\u00e9ation d\u2019un cadre similaire \u00e0 une Opep du gaz - La Sentinelle","isPartOf":{"@id":"https:\/\/lasentinelle.dz\/#website"},"primaryImageOfPage":{"@id":"https:\/\/lasentinelle.dz\/index.php\/2024\/02\/20\/7e-sommet-du-gecf-les-experts-appellent-a-la-creation-dun-cadre-similaire-a-une-opep-du-gaz\/#primaryimage"},"image":{"@id":"https:\/\/lasentinelle.dz\/index.php\/2024\/02\/20\/7e-sommet-du-gecf-les-experts-appellent-a-la-creation-dun-cadre-similaire-a-une-opep-du-gaz\/#primaryimage"},"thumbnailUrl":"https:\/\/lasentinelle.dz\/wp-content\/uploads\/2023\/10\/GECF.jpeg","datePublished":"2024-02-20T13:53:39+00:00","dateModified":"2024-02-20T13:53:44+00:00","breadcrumb":{"@id":"https:\/\/lasentinelle.dz\/index.php\/2024\/02\/20\/7e-sommet-du-gecf-les-experts-appellent-a-la-creation-dun-cadre-similaire-a-une-opep-du-gaz\/#breadcrumb"},"inLanguage":"fr-FR","potentialAction":[{"@type":"ReadAction","target":["https:\/\/lasentinelle.dz\/index.php\/2024\/02\/20\/7e-sommet-du-gecf-les-experts-appellent-a-la-creation-dun-cadre-similaire-a-une-opep-du-gaz\/"]}]},{"@type":"ImageObject","inLanguage":"fr-FR","@id":"https:\/\/lasentinelle.dz\/index.php\/2024\/02\/20\/7e-sommet-du-gecf-les-experts-appellent-a-la-creation-dun-cadre-similaire-a-une-opep-du-gaz\/#primaryimage","url":"https:\/\/lasentinelle.dz\/wp-content\/uploads\/2023\/10\/GECF.jpeg","contentUrl":"https:\/\/lasentinelle.dz\/wp-content\/uploads\/2023\/10\/GECF.jpeg","width":340,"height":200},{"@type":"BreadcrumbList","@id":"https:\/\/lasentinelle.dz\/index.php\/2024\/02\/20\/7e-sommet-du-gecf-les-experts-appellent-a-la-creation-dun-cadre-similaire-a-une-opep-du-gaz\/#breadcrumb","itemListElement":[{"@type":"ListItem","position":1,"name":"Accueil","item":"https:\/\/lasentinelle.dz\/"},{"@type":"ListItem","position":2,"name":"7e Sommet du GECF\u00a0: Les experts appellent \u00e0 la cr\u00e9ation d\u2019un cadre similaire \u00e0 une Opep du gaz"}]},{"@type":"WebSite","@id":"https:\/\/lasentinelle.dz\/#website","url":"https:\/\/lasentinelle.dz\/","name":"La Sentinelle","description":"Quotidien national d&#039;information","publisher":{"@id":"https:\/\/lasentinelle.dz\/#organization"},"potentialAction":[{"@type":"SearchAction","target":{"@type":"EntryPoint","urlTemplate":"https:\/\/lasentinelle.dz\/?s={search_term_string}"},"query-input":{"@type":"PropertyValueSpecification","valueRequired":true,"valueName":"search_term_string"}}],"inLanguage":"fr-FR"},{"@type":"Organization","@id":"https:\/\/lasentinelle.dz\/#organization","name":"Quotidien La Sentinelle","url":"https:\/\/lasentinelle.dz\/","logo":{"@type":"ImageObject","inLanguage":"fr-FR","@id":"https:\/\/lasentinelle.dz\/#\/schema\/logo\/image\/","url":"https:\/\/lasentinelle.dz\/wp-content\/uploads\/2021\/09\/logo-sentinelleSLOGAN-1.png","contentUrl":"https:\/\/lasentinelle.dz\/wp-content\/uploads\/2021\/09\/logo-sentinelleSLOGAN-1.png","width":615,"height":142,"caption":"Quotidien La Sentinelle"},"image":{"@id":"https:\/\/lasentinelle.dz\/#\/schema\/logo\/image\/"},"sameAs":["https:\/\/www.facebook.com\/La-Sentinelle-104059864394773"]},{"@type":"Person","@id":"https:\/\/lasentinelle.dz\/#\/schema\/person\/d865044e22e70a75174ce8bcad3acfb3","name":"La Sentinelle","image":{"@type":"ImageObject","inLanguage":"fr-FR","@id":"https:\/\/secure.gravatar.com\/avatar\/57de8e5d4b15d43fb361a71fbb36338450fe67865b528a43dd10ef7c51a20392?s=96&d=mm&r=g","url":"https:\/\/secure.gravatar.com\/avatar\/57de8e5d4b15d43fb361a71fbb36338450fe67865b528a43dd10ef7c51a20392?s=96&d=mm&r=g","contentUrl":"https:\/\/secure.gravatar.com\/avatar\/57de8e5d4b15d43fb361a71fbb36338450fe67865b528a43dd10ef7c51a20392?s=96&d=mm&r=g","caption":"La Sentinelle"},"sameAs":["http:\/\/www.lasentinelle.dz"],"url":"https:\/\/lasentinelle.dz\/author\/redaction\/"}]}},"_links":{"self":[{"href":"https:\/\/lasentinelle.dz\/index.php\/wp-json\/wp\/v2\/posts\/49662","targetHints":{"allow":["GET"]}}],"collection":[{"href":"https:\/\/lasentinelle.dz\/index.php\/wp-json\/wp\/v2\/posts"}],"about":[{"href":"https:\/\/lasentinelle.dz\/index.php\/wp-json\/wp\/v2\/types\/post"}],"author":[{"embeddable":true,"href":"https:\/\/lasentinelle.dz\/index.php\/wp-json\/wp\/v2\/users\/3"}],"replies":[{"embeddable":true,"href":"https:\/\/lasentinelle.dz\/index.php\/wp-json\/wp\/v2\/comments?post=49662"}],"version-history":[{"count":1,"href":"https:\/\/lasentinelle.dz\/index.php\/wp-json\/wp\/v2\/posts\/49662\/revisions"}],"predecessor-version":[{"id":49663,"href":"https:\/\/lasentinelle.dz\/index.php\/wp-json\/wp\/v2\/posts\/49662\/revisions\/49663"}],"wp:featuredmedia":[{"embeddable":true,"href":"https:\/\/lasentinelle.dz\/index.php\/wp-json\/wp\/v2\/media\/46184"}],"wp:attachment":[{"href":"https:\/\/lasentinelle.dz\/index.php\/wp-json\/wp\/v2\/media?parent=49662"}],"wp:term":[{"taxonomy":"category","embeddable":true,"href":"https:\/\/lasentinelle.dz\/index.php\/wp-json\/wp\/v2\/categories?post=49662"},{"taxonomy":"post_tag","embeddable":true,"href":"https:\/\/lasentinelle.dz\/index.php\/wp-json\/wp\/v2\/tags?post=49662"}],"curies":[{"name":"wp","href":"https:\/\/api.w.org\/{rel}","templated":true}]}}