{"id":49672,"date":"2024-02-20T15:08:08","date_gmt":"2024-02-20T14:08:08","guid":{"rendered":"https:\/\/lasentinelle.dz\/?p=49672"},"modified":"2024-02-20T15:08:12","modified_gmt":"2024-02-20T14:08:12","slug":"amnesty-international-appelle-a-mettre-fin-a-loccupation-sioniste-de-la-palestine","status":"publish","type":"post","link":"https:\/\/lasentinelle.dz\/index.php\/2024\/02\/20\/amnesty-international-appelle-a-mettre-fin-a-loccupation-sioniste-de-la-palestine\/","title":{"rendered":"Amnesty International appelle \u00e0 mettre fin \u00e0 l\u2019occupation sioniste de la Palestine"},"content":{"rendered":"\n<p>L\u2019ONG Amnesty International a r\u00e9it\u00e9r\u00e9 her la n\u00e9cessit\u00e9 de mettre fin \u00e0 l\u2019occupation sioniste de la Palestine et de cesser d\u2019alimenter le r\u00e9gime de l\u2019apartheid et les violations des droits humains. \u00ab Le monde doit comprendre que mettre fin \u00e0 l\u2019occupation est une condition pr\u00e9alable pour mettre un terme aux violations r\u00e9p\u00e9t\u00e9es des droits humains dans les territoires palestiniens occup\u00e9s \u00bb, a d\u00e9clar\u00e9 la secr\u00e9taire g\u00e9n\u00e9rale d\u2019Amnesty International, Agn\u00e8s Callamard, dans un communiqu\u00e9 repris par des m\u00e9dias. Elle a ajout\u00e9 que \u00ab l\u2019occupation sioniste de la Palestine est la plus longue occupation militaire et l\u2019une des plus meurtri\u00e8res au monde \u00bb, notant que \u00ab cela constitue une violation flagrante du droit international \u00bb. Soulignant, dans le m\u00eame contexte, que \u00ab cela ne contribuerait pas \u00e0 la perp\u00e9tuation de l\u2019occupation et du r\u00e9gime de l\u2019apartheid, Mme Callamard a fait observer que \u00ab depuis 56 ans, les Palestiniens des territoires palestiniens occup\u00e9s vivent assi\u00e9g\u00e9s et opprim\u00e9s sous une occupation brutale et soumis \u00e0 une discrimination syst\u00e9matique \u00bb. Amnesty International a rappel\u00e9, enfin, que \u00ab la Cour internationale de Justice (CIJ) a statu\u00e9 qu\u2019il existait un risque r\u00e9el et imminent de g\u00e9nocide \u00bb, mettant en garde contre \u00ab les cons\u00e9quences catastrophiques de permettre \u00e0 l\u2019entit\u00e9 sioniste de poursuivre dans les territoires palestiniens occup\u00e9s ses crimes en toute impunit\u00e9 \u00bb.<\/p>\n\n\n\n<p>Notons que la ministre palestinienne de la Sant\u00e9, Mai Al-kaila, a d\u00e9clar\u00e9 hier lors d&rsquo;une conf\u00e9rence de presse que l\u2019arm\u00e9e sioniste menait une guerre g\u00e9nocidaire contre les h\u00f4pitaux \u00ab\u00a0sous les yeux du monde\u00a0\u00bb. &nbsp;Elle a indiqu\u00e9 qu'\u00a0\u00bbapr\u00e8s 136 jours d&rsquo;agression et de guerre g\u00e9nocidaire, il n&rsquo;y a plus de lieu s\u00fbr \u00e0 Ghaza, m\u00eame dans les h\u00f4pitaux et les centres de soins, car la peur de la mort plane sur les patients, les bless\u00e9s et les personnes d\u00e9plac\u00e9es\u00a0\u00bb. &nbsp;La responsable palestinienne a soulign\u00e9 que les attaques sionistes intenses et continues contre le complexe de l\u2019h\u00f4pital Nasser \u00ab\u00a0ont entra\u00een\u00e9 l\u2019arr\u00eat des g\u00e9n\u00e9rateurs, mettant en danger la vie des patients plac\u00e9s sous respirateur dans l\u2019unit\u00e9 de soins intensifs et celle des nourrissons pr\u00e9matur\u00e9s\u00a0\u00bb. &nbsp;Elle a expliqu\u00e9 que le bombardement de l&rsquo;h\u00f4pital a entra\u00een\u00e9 \u00ab\u00a0la mort d&rsquo;un nombre ind\u00e9termin\u00e9 de membres du personnel de M\u00e9decins sans fronti\u00e8res, ainsi que la disparition d&rsquo;un de ses employ\u00e9s\u00a0\u00bb. Et de poursuivre: \u00ab\u00a0L&rsquo;\u00e9lectricit\u00e9 a \u00e9t\u00e9 coup\u00e9e du complexe m\u00e9dical pendant 3 jours, ce qui a entra\u00een\u00e9 l&rsquo;interruption de l&rsquo;oxyg\u00e8ne pour les patients, provoquant la mort de 8 patients jusqu&rsquo;\u00e0 pr\u00e9sent et ce nombre est susceptible d&rsquo;augmenter au vu de la situation\u00a0\u00bb.Dans ce contexte, Al-Kaila a soulign\u00e9 que le complexe m\u00e9dical Nasser \u00e9tait hors service et transform\u00e9 en \u00ab\u00a0caserne militaire\u00a0\u00bb. &nbsp;D&rsquo;apr\u00e8s la ministre, \u00ab\u00a0il ne reste plus que 25 membres du personnel \u00e0 l&rsquo;h\u00f4pital, et qu&rsquo;ils sont d\u00e9sormais assi\u00e9g\u00e9s, tout comme tout le monde dans le complexe\u00a0\u00bb. A cet \u00e9gard, elle a appel\u00e9 les organisations internationales \u00e0 faire pression sur l&rsquo;occupation pour qu&rsquo;elle mette fin \u00e0 la guerre et \u00e0 agir imm\u00e9diatement et sans condition pour accro\u00eetre l&rsquo;entr\u00e9e de camions de fournitures humanitaires et sanitaires \u00e0 Ghaza et aider \u00e0 \u00e9vacuer les bless\u00e9s ayant besoin de soins \u00e0 l&rsquo;\u00e9tranger.<\/p>\n\n\n\n<p>Notons que le bilan de l&rsquo;agression g\u00e9nocidaire sioniste, lanc\u00e9e le 7 octobre dernier contre la bande de Ghaza, s&rsquo;est alourdi lundi \u00e0 29.092 martyrs et 69.028 bless\u00e9s, en majorit\u00e9 des femmes et des enfants, a indiqu\u00e9 le minist\u00e8re palestinien de la Sant\u00e9. Le minist\u00e8re palestinien de la Sant\u00e9 a, par ailleurs, indiqu\u00e9 qu&rsquo;un certain nombre de victimes palestiniennes se trouvaient encore sous les d\u00e9combres et sur les routes, et que les forces de l&rsquo;occupation emp\u00eachent les ambulances et les \u00e9quipes de la Protection civile de leur porter secours.<\/p>\n\n\n\n<p>R.N.<\/p>\n","protected":false},"excerpt":{"rendered":"<p>L\u2019ONG Amnesty International a r\u00e9it\u00e9r\u00e9 her la n\u00e9cessit\u00e9 de mettre fin \u00e0 l\u2019occupation sioniste de la Palestine et de cesser<\/p>\n","protected":false},"author":3,"featured_media":21683,"comment_status":"open","ping_status":"closed","sticky":false,"template":"","format":"standard","meta":{"colormag_page_container_layout":"default_layout","colormag_page_sidebar_layout":"default_layout","om_disable_all_campaigns":false,"_monsterinsights_skip_tracking":false,"_monsterinsights_sitenote_active":false,"_monsterinsights_sitenote_note":"","_monsterinsights_sitenote_category":0,"footnotes":"","_wpscppro_dont_share_socialmedia":false,"_wpscppro_custom_social_share_image":0,"_facebook_share_type":"","_twitter_share_type":"","_linkedin_share_type":"","_pinterest_share_type":"","_linkedin_share_type_page":"","_instagram_share_type":"","_medium_share_type":"","_threads_share_type":"","_google_business_share_type":"","_selected_social_profile":[],"_wpsp_enable_custom_social_template":false,"_wpsp_social_scheduling":{"enabled":false,"datetime":null,"platforms":[],"status":"template_only","dateOption":"today","timeOption":"now","customDays":"","customHours":"","customDate":"","customTime":"","schedulingType":"absolute"},"_wpsp_active_default_template":true},"categories":[27],"tags":[],"class_list":["post-49672","post","type-post","status-publish","format-standard","has-post-thumbnail","hentry","category-actualite"],"aioseo_notices":[],"yoast_head":"<!-- This site is optimized with the Yoast SEO plugin v27.5 - https:\/\/yoast.com\/product\/yoast-seo-wordpress\/ -->\n<title>Amnesty International appelle \u00e0 mettre fin \u00e0 l\u2019occupation sioniste de la Palestine - La Sentinelle<\/title>\n<meta name=\"robots\" content=\"index, follow, max-snippet:-1, max-image-preview:large, max-video-preview:-1\" \/>\n<link rel=\"canonical\" href=\"https:\/\/lasentinelle.dz\/index.php\/2024\/02\/20\/amnesty-international-appelle-a-mettre-fin-a-loccupation-sioniste-de-la-palestine\/\" \/>\n<meta property=\"og:locale\" content=\"fr_FR\" \/>\n<meta property=\"og:type\" content=\"article\" \/>\n<meta property=\"og:title\" content=\"Amnesty International appelle \u00e0 mettre fin \u00e0 l\u2019occupation sioniste de la Palestine - La Sentinelle\" \/>\n<meta property=\"og:description\" content=\"L\u2019ONG Amnesty International a r\u00e9it\u00e9r\u00e9 her la n\u00e9cessit\u00e9 de mettre fin \u00e0 l\u2019occupation sioniste de la Palestine et de cesser\" \/>\n<meta property=\"og:url\" content=\"https:\/\/lasentinelle.dz\/index.php\/2024\/02\/20\/amnesty-international-appelle-a-mettre-fin-a-loccupation-sioniste-de-la-palestine\/\" \/>\n<meta property=\"og:site_name\" content=\"La Sentinelle\" \/>\n<meta property=\"article:publisher\" content=\"https:\/\/www.facebook.com\/La-Sentinelle-104059864394773\" \/>\n<meta property=\"article:published_time\" content=\"2024-02-20T14:08:08+00:00\" \/>\n<meta property=\"article:modified_time\" content=\"2024-02-20T14:08:12+00:00\" \/>\n<meta property=\"og:image\" content=\"https:\/\/lasentinelle.dz\/wp-content\/uploads\/2022\/05\/Amnesty-International.png\" \/>\n\t<meta property=\"og:image:width\" content=\"1343\" \/>\n\t<meta property=\"og:image:height\" content=\"900\" \/>\n\t<meta property=\"og:image:type\" content=\"image\/png\" \/>\n<meta name=\"author\" content=\"La Sentinelle\" \/>\n<meta name=\"twitter:card\" content=\"summary_large_image\" \/>\n<meta name=\"twitter:label1\" content=\"\u00c9crit par\" \/>\n\t<meta name=\"twitter:data1\" content=\"La Sentinelle\" \/>\n\t<meta name=\"twitter:label2\" content=\"Dur\u00e9e de lecture estim\u00e9e\" \/>\n\t<meta name=\"twitter:data2\" content=\"4 minutes\" \/>\n<script type=\"application\/ld+json\" class=\"yoast-schema-graph\">{\"@context\":\"https:\\\/\\\/schema.org\",\"@graph\":[{\"@type\":\"Article\",\"@id\":\"https:\\\/\\\/lasentinelle.dz\\\/index.php\\\/2024\\\/02\\\/20\\\/amnesty-international-appelle-a-mettre-fin-a-loccupation-sioniste-de-la-palestine\\\/#article\",\"isPartOf\":{\"@id\":\"https:\\\/\\\/lasentinelle.dz\\\/index.php\\\/2024\\\/02\\\/20\\\/amnesty-international-appelle-a-mettre-fin-a-loccupation-sioniste-de-la-palestine\\\/\"},\"author\":{\"name\":\"La Sentinelle\",\"@id\":\"https:\\\/\\\/lasentinelle.dz\\\/#\\\/schema\\\/person\\\/d865044e22e70a75174ce8bcad3acfb3\"},\"headline\":\"Amnesty International appelle \u00e0 mettre fin \u00e0 l\u2019occupation sioniste de la Palestine\",\"datePublished\":\"2024-02-20T14:08:08+00:00\",\"dateModified\":\"2024-02-20T14:08:12+00:00\",\"mainEntityOfPage\":{\"@id\":\"https:\\\/\\\/lasentinelle.dz\\\/index.php\\\/2024\\\/02\\\/20\\\/amnesty-international-appelle-a-mettre-fin-a-loccupation-sioniste-de-la-palestine\\\/\"},\"wordCount\":693,\"commentCount\":0,\"publisher\":{\"@id\":\"https:\\\/\\\/lasentinelle.dz\\\/#organization\"},\"image\":{\"@id\":\"https:\\\/\\\/lasentinelle.dz\\\/index.php\\\/2024\\\/02\\\/20\\\/amnesty-international-appelle-a-mettre-fin-a-loccupation-sioniste-de-la-palestine\\\/#primaryimage\"},\"thumbnailUrl\":\"https:\\\/\\\/lasentinelle.dz\\\/wp-content\\\/uploads\\\/2022\\\/05\\\/Amnesty-International.png\",\"articleSection\":[\"Actualit\u00e9\"],\"inLanguage\":\"fr-FR\",\"potentialAction\":[{\"@type\":\"CommentAction\",\"name\":\"Comment\",\"target\":[\"https:\\\/\\\/lasentinelle.dz\\\/index.php\\\/2024\\\/02\\\/20\\\/amnesty-international-appelle-a-mettre-fin-a-loccupation-sioniste-de-la-palestine\\\/#respond\"]}]},{\"@type\":\"WebPage\",\"@id\":\"https:\\\/\\\/lasentinelle.dz\\\/index.php\\\/2024\\\/02\\\/20\\\/amnesty-international-appelle-a-mettre-fin-a-loccupation-sioniste-de-la-palestine\\\/\",\"url\":\"https:\\\/\\\/lasentinelle.dz\\\/index.php\\\/2024\\\/02\\\/20\\\/amnesty-international-appelle-a-mettre-fin-a-loccupation-sioniste-de-la-palestine\\\/\",\"name\":\"Amnesty International appelle \u00e0 mettre fin \u00e0 l\u2019occupation sioniste de la Palestine - La Sentinelle\",\"isPartOf\":{\"@id\":\"https:\\\/\\\/lasentinelle.dz\\\/#website\"},\"primaryImageOfPage\":{\"@id\":\"https:\\\/\\\/lasentinelle.dz\\\/index.php\\\/2024\\\/02\\\/20\\\/amnesty-international-appelle-a-mettre-fin-a-loccupation-sioniste-de-la-palestine\\\/#primaryimage\"},\"image\":{\"@id\":\"https:\\\/\\\/lasentinelle.dz\\\/index.php\\\/2024\\\/02\\\/20\\\/amnesty-international-appelle-a-mettre-fin-a-loccupation-sioniste-de-la-palestine\\\/#primaryimage\"},\"thumbnailUrl\":\"https:\\\/\\\/lasentinelle.dz\\\/wp-content\\\/uploads\\\/2022\\\/05\\\/Amnesty-International.png\",\"datePublished\":\"2024-02-20T14:08:08+00:00\",\"dateModified\":\"2024-02-20T14:08:12+00:00\",\"breadcrumb\":{\"@id\":\"https:\\\/\\\/lasentinelle.dz\\\/index.php\\\/2024\\\/02\\\/20\\\/amnesty-international-appelle-a-mettre-fin-a-loccupation-sioniste-de-la-palestine\\\/#breadcrumb\"},\"inLanguage\":\"fr-FR\",\"potentialAction\":[{\"@type\":\"ReadAction\",\"target\":[\"https:\\\/\\\/lasentinelle.dz\\\/index.php\\\/2024\\\/02\\\/20\\\/amnesty-international-appelle-a-mettre-fin-a-loccupation-sioniste-de-la-palestine\\\/\"]}]},{\"@type\":\"ImageObject\",\"inLanguage\":\"fr-FR\",\"@id\":\"https:\\\/\\\/lasentinelle.dz\\\/index.php\\\/2024\\\/02\\\/20\\\/amnesty-international-appelle-a-mettre-fin-a-loccupation-sioniste-de-la-palestine\\\/#primaryimage\",\"url\":\"https:\\\/\\\/lasentinelle.dz\\\/wp-content\\\/uploads\\\/2022\\\/05\\\/Amnesty-International.png\",\"contentUrl\":\"https:\\\/\\\/lasentinelle.dz\\\/wp-content\\\/uploads\\\/2022\\\/05\\\/Amnesty-International.png\",\"width\":1343,\"height\":900},{\"@type\":\"BreadcrumbList\",\"@id\":\"https:\\\/\\\/lasentinelle.dz\\\/index.php\\\/2024\\\/02\\\/20\\\/amnesty-international-appelle-a-mettre-fin-a-loccupation-sioniste-de-la-palestine\\\/#breadcrumb\",\"itemListElement\":[{\"@type\":\"ListItem\",\"position\":1,\"name\":\"Accueil\",\"item\":\"https:\\\/\\\/lasentinelle.dz\\\/\"},{\"@type\":\"ListItem\",\"position\":2,\"name\":\"Amnesty International appelle \u00e0 mettre fin \u00e0 l\u2019occupation sioniste de la Palestine\"}]},{\"@type\":\"WebSite\",\"@id\":\"https:\\\/\\\/lasentinelle.dz\\\/#website\",\"url\":\"https:\\\/\\\/lasentinelle.dz\\\/\",\"name\":\"La Sentinelle\",\"description\":\"Quotidien national d&#039;information\",\"publisher\":{\"@id\":\"https:\\\/\\\/lasentinelle.dz\\\/#organization\"},\"potentialAction\":[{\"@type\":\"SearchAction\",\"target\":{\"@type\":\"EntryPoint\",\"urlTemplate\":\"https:\\\/\\\/lasentinelle.dz\\\/?s={search_term_string}\"},\"query-input\":{\"@type\":\"PropertyValueSpecification\",\"valueRequired\":true,\"valueName\":\"search_term_string\"}}],\"inLanguage\":\"fr-FR\"},{\"@type\":\"Organization\",\"@id\":\"https:\\\/\\\/lasentinelle.dz\\\/#organization\",\"name\":\"Quotidien La Sentinelle\",\"url\":\"https:\\\/\\\/lasentinelle.dz\\\/\",\"logo\":{\"@type\":\"ImageObject\",\"inLanguage\":\"fr-FR\",\"@id\":\"https:\\\/\\\/lasentinelle.dz\\\/#\\\/schema\\\/logo\\\/image\\\/\",\"url\":\"https:\\\/\\\/lasentinelle.dz\\\/wp-content\\\/uploads\\\/2021\\\/09\\\/logo-sentinelleSLOGAN-1.png\",\"contentUrl\":\"https:\\\/\\\/lasentinelle.dz\\\/wp-content\\\/uploads\\\/2021\\\/09\\\/logo-sentinelleSLOGAN-1.png\",\"width\":615,\"height\":142,\"caption\":\"Quotidien La Sentinelle\"},\"image\":{\"@id\":\"https:\\\/\\\/lasentinelle.dz\\\/#\\\/schema\\\/logo\\\/image\\\/\"},\"sameAs\":[\"https:\\\/\\\/www.facebook.com\\\/La-Sentinelle-104059864394773\"]},{\"@type\":\"Person\",\"@id\":\"https:\\\/\\\/lasentinelle.dz\\\/#\\\/schema\\\/person\\\/d865044e22e70a75174ce8bcad3acfb3\",\"name\":\"La Sentinelle\",\"image\":{\"@type\":\"ImageObject\",\"inLanguage\":\"fr-FR\",\"@id\":\"https:\\\/\\\/secure.gravatar.com\\\/avatar\\\/57de8e5d4b15d43fb361a71fbb36338450fe67865b528a43dd10ef7c51a20392?s=96&d=mm&r=g\",\"url\":\"https:\\\/\\\/secure.gravatar.com\\\/avatar\\\/57de8e5d4b15d43fb361a71fbb36338450fe67865b528a43dd10ef7c51a20392?s=96&d=mm&r=g\",\"contentUrl\":\"https:\\\/\\\/secure.gravatar.com\\\/avatar\\\/57de8e5d4b15d43fb361a71fbb36338450fe67865b528a43dd10ef7c51a20392?s=96&d=mm&r=g\",\"caption\":\"La Sentinelle\"},\"sameAs\":[\"http:\\\/\\\/www.lasentinelle.dz\"],\"url\":\"https:\\\/\\\/lasentinelle.dz\\\/author\\\/redaction\\\/\"}]}<\/script>\n<!-- \/ Yoast SEO plugin. -->","yoast_head_json":{"title":"Amnesty International appelle \u00e0 mettre fin \u00e0 l\u2019occupation sioniste de la Palestine - La Sentinelle","robots":{"index":"index","follow":"follow","max-snippet":"max-snippet:-1","max-image-preview":"max-image-preview:large","max-video-preview":"max-video-preview:-1"},"canonical":"https:\/\/lasentinelle.dz\/index.php\/2024\/02\/20\/amnesty-international-appelle-a-mettre-fin-a-loccupation-sioniste-de-la-palestine\/","og_locale":"fr_FR","og_type":"article","og_title":"Amnesty International appelle \u00e0 mettre fin \u00e0 l\u2019occupation sioniste de la Palestine - La Sentinelle","og_description":"L\u2019ONG Amnesty International a r\u00e9it\u00e9r\u00e9 her la n\u00e9cessit\u00e9 de mettre fin \u00e0 l\u2019occupation sioniste de la Palestine et de cesser","og_url":"https:\/\/lasentinelle.dz\/index.php\/2024\/02\/20\/amnesty-international-appelle-a-mettre-fin-a-loccupation-sioniste-de-la-palestine\/","og_site_name":"La Sentinelle","article_publisher":"https:\/\/www.facebook.com\/La-Sentinelle-104059864394773","article_published_time":"2024-02-20T14:08:08+00:00","article_modified_time":"2024-02-20T14:08:12+00:00","og_image":[{"width":1343,"height":900,"url":"https:\/\/lasentinelle.dz\/wp-content\/uploads\/2022\/05\/Amnesty-International.png","type":"image\/png"}],"author":"La Sentinelle","twitter_card":"summary_large_image","twitter_misc":{"\u00c9crit par":"La Sentinelle","Dur\u00e9e de lecture estim\u00e9e":"4 minutes"},"schema":{"@context":"https:\/\/schema.org","@graph":[{"@type":"Article","@id":"https:\/\/lasentinelle.dz\/index.php\/2024\/02\/20\/amnesty-international-appelle-a-mettre-fin-a-loccupation-sioniste-de-la-palestine\/#article","isPartOf":{"@id":"https:\/\/lasentinelle.dz\/index.php\/2024\/02\/20\/amnesty-international-appelle-a-mettre-fin-a-loccupation-sioniste-de-la-palestine\/"},"author":{"name":"La Sentinelle","@id":"https:\/\/lasentinelle.dz\/#\/schema\/person\/d865044e22e70a75174ce8bcad3acfb3"},"headline":"Amnesty International appelle \u00e0 mettre fin \u00e0 l\u2019occupation sioniste de la Palestine","datePublished":"2024-02-20T14:08:08+00:00","dateModified":"2024-02-20T14:08:12+00:00","mainEntityOfPage":{"@id":"https:\/\/lasentinelle.dz\/index.php\/2024\/02\/20\/amnesty-international-appelle-a-mettre-fin-a-loccupation-sioniste-de-la-palestine\/"},"wordCount":693,"commentCount":0,"publisher":{"@id":"https:\/\/lasentinelle.dz\/#organization"},"image":{"@id":"https:\/\/lasentinelle.dz\/index.php\/2024\/02\/20\/amnesty-international-appelle-a-mettre-fin-a-loccupation-sioniste-de-la-palestine\/#primaryimage"},"thumbnailUrl":"https:\/\/lasentinelle.dz\/wp-content\/uploads\/2022\/05\/Amnesty-International.png","articleSection":["Actualit\u00e9"],"inLanguage":"fr-FR","potentialAction":[{"@type":"CommentAction","name":"Comment","target":["https:\/\/lasentinelle.dz\/index.php\/2024\/02\/20\/amnesty-international-appelle-a-mettre-fin-a-loccupation-sioniste-de-la-palestine\/#respond"]}]},{"@type":"WebPage","@id":"https:\/\/lasentinelle.dz\/index.php\/2024\/02\/20\/amnesty-international-appelle-a-mettre-fin-a-loccupation-sioniste-de-la-palestine\/","url":"https:\/\/lasentinelle.dz\/index.php\/2024\/02\/20\/amnesty-international-appelle-a-mettre-fin-a-loccupation-sioniste-de-la-palestine\/","name":"Amnesty International appelle \u00e0 mettre fin \u00e0 l\u2019occupation sioniste de la Palestine - La Sentinelle","isPartOf":{"@id":"https:\/\/lasentinelle.dz\/#website"},"primaryImageOfPage":{"@id":"https:\/\/lasentinelle.dz\/index.php\/2024\/02\/20\/amnesty-international-appelle-a-mettre-fin-a-loccupation-sioniste-de-la-palestine\/#primaryimage"},"image":{"@id":"https:\/\/lasentinelle.dz\/index.php\/2024\/02\/20\/amnesty-international-appelle-a-mettre-fin-a-loccupation-sioniste-de-la-palestine\/#primaryimage"},"thumbnailUrl":"https:\/\/lasentinelle.dz\/wp-content\/uploads\/2022\/05\/Amnesty-International.png","datePublished":"2024-02-20T14:08:08+00:00","dateModified":"2024-02-20T14:08:12+00:00","breadcrumb":{"@id":"https:\/\/lasentinelle.dz\/index.php\/2024\/02\/20\/amnesty-international-appelle-a-mettre-fin-a-loccupation-sioniste-de-la-palestine\/#breadcrumb"},"inLanguage":"fr-FR","potentialAction":[{"@type":"ReadAction","target":["https:\/\/lasentinelle.dz\/index.php\/2024\/02\/20\/amnesty-international-appelle-a-mettre-fin-a-loccupation-sioniste-de-la-palestine\/"]}]},{"@type":"ImageObject","inLanguage":"fr-FR","@id":"https:\/\/lasentinelle.dz\/index.php\/2024\/02\/20\/amnesty-international-appelle-a-mettre-fin-a-loccupation-sioniste-de-la-palestine\/#primaryimage","url":"https:\/\/lasentinelle.dz\/wp-content\/uploads\/2022\/05\/Amnesty-International.png","contentUrl":"https:\/\/lasentinelle.dz\/wp-content\/uploads\/2022\/05\/Amnesty-International.png","width":1343,"height":900},{"@type":"BreadcrumbList","@id":"https:\/\/lasentinelle.dz\/index.php\/2024\/02\/20\/amnesty-international-appelle-a-mettre-fin-a-loccupation-sioniste-de-la-palestine\/#breadcrumb","itemListElement":[{"@type":"ListItem","position":1,"name":"Accueil","item":"https:\/\/lasentinelle.dz\/"},{"@type":"ListItem","position":2,"name":"Amnesty International appelle \u00e0 mettre fin \u00e0 l\u2019occupation sioniste de la Palestine"}]},{"@type":"WebSite","@id":"https:\/\/lasentinelle.dz\/#website","url":"https:\/\/lasentinelle.dz\/","name":"La Sentinelle","description":"Quotidien national d&#039;information","publisher":{"@id":"https:\/\/lasentinelle.dz\/#organization"},"potentialAction":[{"@type":"SearchAction","target":{"@type":"EntryPoint","urlTemplate":"https:\/\/lasentinelle.dz\/?s={search_term_string}"},"query-input":{"@type":"PropertyValueSpecification","valueRequired":true,"valueName":"search_term_string"}}],"inLanguage":"fr-FR"},{"@type":"Organization","@id":"https:\/\/lasentinelle.dz\/#organization","name":"Quotidien La Sentinelle","url":"https:\/\/lasentinelle.dz\/","logo":{"@type":"ImageObject","inLanguage":"fr-FR","@id":"https:\/\/lasentinelle.dz\/#\/schema\/logo\/image\/","url":"https:\/\/lasentinelle.dz\/wp-content\/uploads\/2021\/09\/logo-sentinelleSLOGAN-1.png","contentUrl":"https:\/\/lasentinelle.dz\/wp-content\/uploads\/2021\/09\/logo-sentinelleSLOGAN-1.png","width":615,"height":142,"caption":"Quotidien La Sentinelle"},"image":{"@id":"https:\/\/lasentinelle.dz\/#\/schema\/logo\/image\/"},"sameAs":["https:\/\/www.facebook.com\/La-Sentinelle-104059864394773"]},{"@type":"Person","@id":"https:\/\/lasentinelle.dz\/#\/schema\/person\/d865044e22e70a75174ce8bcad3acfb3","name":"La Sentinelle","image":{"@type":"ImageObject","inLanguage":"fr-FR","@id":"https:\/\/secure.gravatar.com\/avatar\/57de8e5d4b15d43fb361a71fbb36338450fe67865b528a43dd10ef7c51a20392?s=96&d=mm&r=g","url":"https:\/\/secure.gravatar.com\/avatar\/57de8e5d4b15d43fb361a71fbb36338450fe67865b528a43dd10ef7c51a20392?s=96&d=mm&r=g","contentUrl":"https:\/\/secure.gravatar.com\/avatar\/57de8e5d4b15d43fb361a71fbb36338450fe67865b528a43dd10ef7c51a20392?s=96&d=mm&r=g","caption":"La Sentinelle"},"sameAs":["http:\/\/www.lasentinelle.dz"],"url":"https:\/\/lasentinelle.dz\/author\/redaction\/"}]}},"_links":{"self":[{"href":"https:\/\/lasentinelle.dz\/index.php\/wp-json\/wp\/v2\/posts\/49672","targetHints":{"allow":["GET"]}}],"collection":[{"href":"https:\/\/lasentinelle.dz\/index.php\/wp-json\/wp\/v2\/posts"}],"about":[{"href":"https:\/\/lasentinelle.dz\/index.php\/wp-json\/wp\/v2\/types\/post"}],"author":[{"embeddable":true,"href":"https:\/\/lasentinelle.dz\/index.php\/wp-json\/wp\/v2\/users\/3"}],"replies":[{"embeddable":true,"href":"https:\/\/lasentinelle.dz\/index.php\/wp-json\/wp\/v2\/comments?post=49672"}],"version-history":[{"count":1,"href":"https:\/\/lasentinelle.dz\/index.php\/wp-json\/wp\/v2\/posts\/49672\/revisions"}],"predecessor-version":[{"id":49673,"href":"https:\/\/lasentinelle.dz\/index.php\/wp-json\/wp\/v2\/posts\/49672\/revisions\/49673"}],"wp:featuredmedia":[{"embeddable":true,"href":"https:\/\/lasentinelle.dz\/index.php\/wp-json\/wp\/v2\/media\/21683"}],"wp:attachment":[{"href":"https:\/\/lasentinelle.dz\/index.php\/wp-json\/wp\/v2\/media?parent=49672"}],"wp:term":[{"taxonomy":"category","embeddable":true,"href":"https:\/\/lasentinelle.dz\/index.php\/wp-json\/wp\/v2\/categories?post=49672"},{"taxonomy":"post_tag","embeddable":true,"href":"https:\/\/lasentinelle.dz\/index.php\/wp-json\/wp\/v2\/tags?post=49672"}],"curies":[{"name":"wp","href":"https:\/\/api.w.org\/{rel}","templated":true}]}}