{"id":49684,"date":"2024-02-20T15:24:49","date_gmt":"2024-02-20T14:24:49","guid":{"rendered":"https:\/\/lasentinelle.dz\/?p=49684"},"modified":"2024-02-20T15:24:59","modified_gmt":"2024-02-20T14:24:59","slug":"une-strategie-nationale-pour-faire-face-a-menaces-cybernetiques-exacerbees-la-cybersecurite-une-priorite","status":"publish","type":"post","link":"https:\/\/lasentinelle.dz\/index.php\/2024\/02\/20\/une-strategie-nationale-pour-faire-face-a-menaces-cybernetiques-exacerbees-la-cybersecurite-une-priorite\/","title":{"rendered":"Une strat\u00e9gie nationale pour faire face \u00e0 menaces cybern\u00e9tiques exacerb\u00e9es\u00a0: La cybers\u00e9curit\u00e9, une priorit\u00e9"},"content":{"rendered":"\n<p>Alors que l\u2019Alg\u00e9rie entend acc\u00e9l\u00e9rer le processus de num\u00e9risation de tous les services publics, l\u2019urgence d\u2019une strat\u00e9gie nationale de cybers\u00e9curit\u00e9 s\u2019impose plus que jamais.<\/p>\n\n\n\n<p>L\u2019Alg\u00e9rie est l\u2019un des pays les plus expos\u00e9es aux cyberattaques. Selon les rapports des leaders mondiaux de la cybers\u00e9curit\u00e9, l\u2019Alg\u00e9rie \u00e9tait en 2023 le sixi\u00e8me pays le plus expos\u00e9 au monde aux cyberattaques. Une menace pesante au regard du hacktivisme aliment\u00e9 par le r\u00e9gime marocain voisin et lequel s\u2019illustre en plus par les cyberattaques contre les institutions et entreprises et qui sont de mieux en mieux d\u00e9jou\u00e9es, par la d\u00e9sinformation massive. Un constat qui souligne la n\u00e9cessit\u00e9 d\u2019une strat\u00e9gie nationale pour faire face aux nouvelles menaces. Dans ce sens, le Directeur g\u00e9n\u00e9ral de l&rsquo;Agence de la s\u00e9curit\u00e9 des syst\u00e8mes d&rsquo;information, le g\u00e9n\u00e9ral Abdeslam Belghoul a affirm\u00e9, hier lors de la rencontre internationale sur la souverainet\u00e9 num\u00e9rique de l&rsquo;Etat, organis\u00e9e par la facult\u00e9 des Sciences politiques de l&rsquo;Universit\u00e9 d&rsquo;Alger 3, que l\u2019instance qu\u2019il dirige \u00ab\u00a0s&rsquo;att\u00e8le actuellement \u00e0 l&rsquo;\u00e9laboration d&rsquo;une strat\u00e9gie nationale de la s\u00e9curit\u00e9 des syst\u00e8mes d&rsquo;information, en coordination avec les diff\u00e9rents organismes concern\u00e9s de l&rsquo;Etat, en plus de l&rsquo;accompagnement des structures de l&rsquo;Etat dans la s\u00e9curisation de leur syst\u00e8mes d&rsquo;information, ainsi que la riposte aux accidents cybern\u00e9tiques \u00e0 travers l&rsquo;investigation, l&rsquo;assistance et la sensibilisation de mani\u00e8re p\u00e9riodique\u00a0\u00bb.<\/p>\n\n\n\n<p>Il a soulign\u00e9 l\u2019importance de la question \u00ab\u00a0du stockage d&rsquo;informations et leur protection, et l&rsquo;objectif de leur utilisation, ainsi que leur relation avec la souverainet\u00e9 num\u00e9rique, outre le piratage et son lien avec la criminalit\u00e9, l&rsquo;espionnage et les actes subversifs\u00a0\u00bb, dans un monde \u00ab\u00a0qui connait une transition num\u00e9rique effr\u00e9n\u00e9e\u00a0\u00bb.<\/p>\n\n\n\n<p>Il a relev\u00e9, \u00e9galement, que les chiffres relay\u00e9s, dans ce sens, \u00ab\u00a0sont effrayants et terrifiants, eu \u00e9gard au grand nombre de menaces relatives \u00e0 la cyber-s\u00e9curit\u00e9 par l&rsquo;usage d&rsquo;outils sophistiqu\u00e9s, des menaces et des attaques qui engendrent des dommages mat\u00e9riels et moraux consid\u00e9rables\u00a0\u00bb.&nbsp;&nbsp; &nbsp;Il a, \u00e9galement, pr\u00e9cis\u00e9 que ces dangers et menaces \u00ab\u00a0interpellent les pays quant \u00e0 l&rsquo;imp\u00e9ratif de s\u00e9curiser leurs syst\u00e8mes d&rsquo;information (SI), en particulier les syst\u00e8mes vitaux. Et d&rsquo;affirmer que \u00ab\u00a0les attaques actuelles sont appuy\u00e9es par certains Etats pour perturber, espionner ou manipuler l&rsquo;opinion publique en diffusant de fausses informations\u00a0\u00bb, notamment au regard de \u00ab\u00a0l&rsquo;\u00e9largissement du champ des attaques, du rapprochement des technologies num\u00e9riques et de l&rsquo;\u00e9mergence de nouvelles technologies comme l&rsquo;intelligence artificielle, le Cloud computing et la technologie 5G\u00a0\u00bb. Il souligne dans ce sens que \u00ab\u00a0les autorit\u00e9s sup\u00e9rieures en Alg\u00e9rie ont accord\u00e9 une importance particuli\u00e8re \u00e0 la num\u00e9risation, qui constitue l&rsquo;un des engagements du pr\u00e9sident de la R\u00e9publique, M. Abdelmadjid Tebboune, une d\u00e9marche \u00e0 laquelle tous les secteurs ont adh\u00e9r\u00e9\u00a0\u00bb. Le g\u00e9n\u00e9ral Belghoul a rappel\u00e9, \u00e0 cette occasion, \u00ab\u00a0les d\u00e9cisions les plus importantes du pr\u00e9sident de la R\u00e9publique concernant la mise en place d&rsquo;un syst\u00e8me national de s\u00e9curit\u00e9 des syst\u00e8mes d&rsquo;information, l&rsquo;importance capitale attach\u00e9e \u00e0 la s\u00e9curit\u00e9 cybern\u00e9tique et la cr\u00e9ation d&rsquo;une \u00e9cole nationale sup\u00e9rieure de s\u00e9curit\u00e9 cybern\u00e9tique\u00a0\u00bb.<\/p>\n\n\n\n<p>De son c\u00f4t\u00e9, e ministre de la Communication, Mohamed Laagab, a soulign\u00e9 que la souverainet\u00e9 num\u00e9rique \u00ab\u00a0est d\u00e9sormais en t\u00eate de l&rsquo;agenda de l&rsquo;Etat alg\u00e9rien, ce qui est positif et honorable\u00a0\u00bb, soulignant que sa concr\u00e9tisation \u00ab\u00a0exige la conjugaison des efforts de tous\u00a0\u00bb, \u00e9tant \u00ab\u00a0un processus rude et co\u00fbteux\u00a0\u00bb. Le ministre a insist\u00e9 dans ce cadre sur la n\u00e9cessit\u00e9 de \u00ab\u00a0faire preuve d&rsquo;initiative et d&rsquo;assiduit\u00e9 pour parvenir \u00e0 la fabrication de l&rsquo;outil num\u00e9rique et \u00e0 la production de contenu, tout en focalisant les efforts sur la protection des citoyens contre les dangers de la d\u00e9sinformation \u00e0 travers l&rsquo;espace num\u00e9rique\u00a0\u00bb. Un avis partag\u00e9 par le pr\u00e9sident de l&rsquo;Autorit\u00e9 nationale de protection des donn\u00e9es \u00e0 caract\u00e8re personnel (ANPDP), Samir Bourehil lequel a indiqu\u00e9 que \u00ab\u00a0l&rsquo;Alg\u00e9rie qui est pleinement consciente de l&rsquo;importance de la souverainet\u00e9 num\u00e9rique, &nbsp;(et) \u0153uvre sans rel\u00e2che \u00e0 la consolider, \u00e0 travers la strat\u00e9gie nationale de transition num\u00e9rique, trac\u00e9e par le pr\u00e9sident de la R\u00e9publique, M. Abdelmadjid Tebboune, en vue de construire une \u00e9conomie num\u00e9rique globale, d&rsquo;am\u00e9liorer les services publics et de consolider l&rsquo;int\u00e9gration num\u00e9rique dans le cadre de la protection et de la s\u00e9curisation des donn\u00e9es \u00e0 caract\u00e8re personnel\u00a0\u00bb. &nbsp;Il a affirm\u00e9 \u00e0 cet \u00e9gard que le pr\u00e9sident de la R\u00e9publique accordait \u00ab\u00a0une importance particuli\u00e8re \u00e0 la protection des personnes physiques en mati\u00e8re de traitement des donn\u00e9es \u00e0 caract\u00e8re personnel\u00a0\u00bb \u00e0 travers \u00ab\u00a0des m\u00e9canismes de promotion et de d\u00e9veloppement des droits de l&rsquo;homme et l&rsquo;adaptation des moyens aux nouveaut\u00e9s dans le domaine de la technologie\u00a0\u00bb.<\/p>\n\n\n\n<p><strong>Hocine Fadheli<\/strong><\/p>\n","protected":false},"excerpt":{"rendered":"<p>Alors que l\u2019Alg\u00e9rie entend acc\u00e9l\u00e9rer le processus de num\u00e9risation de tous les services publics, l\u2019urgence d\u2019une strat\u00e9gie nationale de cybers\u00e9curit\u00e9<\/p>\n","protected":false},"author":3,"featured_media":49685,"comment_status":"open","ping_status":"closed","sticky":false,"template":"","format":"standard","meta":{"colormag_page_container_layout":"default_layout","colormag_page_sidebar_layout":"default_layout","om_disable_all_campaigns":false,"_monsterinsights_skip_tracking":false,"_monsterinsights_sitenote_active":false,"_monsterinsights_sitenote_note":"","_monsterinsights_sitenote_category":0,"footnotes":"","_wpscppro_dont_share_socialmedia":false,"_wpscppro_custom_social_share_image":0,"_facebook_share_type":"","_twitter_share_type":"","_linkedin_share_type":"","_pinterest_share_type":"","_linkedin_share_type_page":"","_instagram_share_type":"","_medium_share_type":"","_threads_share_type":"","_google_business_share_type":"","_selected_social_profile":[],"_wpsp_enable_custom_social_template":false,"_wpsp_social_scheduling":{"enabled":false,"datetime":null,"platforms":[],"status":"template_only","dateOption":"today","timeOption":"now","customDays":"","customHours":"","customDate":"","customTime":"","schedulingType":"absolute"},"_wpsp_active_default_template":true},"categories":[52,27],"tags":[],"class_list":["post-49684","post","type-post","status-publish","format-standard","has-post-thumbnail","hentry","category-a-la-une","category-actualite"],"aioseo_notices":[],"yoast_head":"<!-- This site is optimized with the Yoast SEO plugin v27.5 - https:\/\/yoast.com\/product\/yoast-seo-wordpress\/ -->\n<title>Une strat\u00e9gie nationale pour faire face \u00e0 menaces cybern\u00e9tiques exacerb\u00e9es\u00a0: La cybers\u00e9curit\u00e9, une priorit\u00e9 - La Sentinelle<\/title>\n<meta name=\"robots\" content=\"index, follow, max-snippet:-1, max-image-preview:large, max-video-preview:-1\" \/>\n<link rel=\"canonical\" href=\"https:\/\/lasentinelle.dz\/index.php\/2024\/02\/20\/une-strategie-nationale-pour-faire-face-a-menaces-cybernetiques-exacerbees-la-cybersecurite-une-priorite\/\" \/>\n<meta property=\"og:locale\" content=\"fr_FR\" \/>\n<meta property=\"og:type\" content=\"article\" \/>\n<meta property=\"og:title\" content=\"Une strat\u00e9gie nationale pour faire face \u00e0 menaces cybern\u00e9tiques exacerb\u00e9es\u00a0: La cybers\u00e9curit\u00e9, une priorit\u00e9 - La Sentinelle\" \/>\n<meta property=\"og:description\" content=\"Alors que l\u2019Alg\u00e9rie entend acc\u00e9l\u00e9rer le processus de num\u00e9risation de tous les services publics, l\u2019urgence d\u2019une strat\u00e9gie nationale de cybers\u00e9curit\u00e9\" \/>\n<meta property=\"og:url\" content=\"https:\/\/lasentinelle.dz\/index.php\/2024\/02\/20\/une-strategie-nationale-pour-faire-face-a-menaces-cybernetiques-exacerbees-la-cybersecurite-une-priorite\/\" \/>\n<meta property=\"og:site_name\" content=\"La Sentinelle\" \/>\n<meta property=\"article:publisher\" content=\"https:\/\/www.facebook.com\/La-Sentinelle-104059864394773\" \/>\n<meta property=\"article:published_time\" content=\"2024-02-20T14:24:49+00:00\" \/>\n<meta property=\"article:modified_time\" content=\"2024-02-20T14:24:59+00:00\" \/>\n<meta property=\"og:image\" content=\"https:\/\/lasentinelle.dz\/wp-content\/uploads\/2024\/02\/cybermenace.jpeg\" \/>\n\t<meta property=\"og:image:width\" content=\"2560\" \/>\n\t<meta property=\"og:image:height\" content=\"1708\" \/>\n\t<meta property=\"og:image:type\" content=\"image\/jpeg\" \/>\n<meta name=\"author\" content=\"La Sentinelle\" \/>\n<meta name=\"twitter:card\" content=\"summary_large_image\" \/>\n<meta name=\"twitter:label1\" content=\"\u00c9crit par\" \/>\n\t<meta name=\"twitter:data1\" content=\"La Sentinelle\" \/>\n\t<meta name=\"twitter:label2\" content=\"Dur\u00e9e de lecture estim\u00e9e\" \/>\n\t<meta name=\"twitter:data2\" content=\"4 minutes\" \/>\n<script type=\"application\/ld+json\" class=\"yoast-schema-graph\">{\"@context\":\"https:\\\/\\\/schema.org\",\"@graph\":[{\"@type\":\"Article\",\"@id\":\"https:\\\/\\\/lasentinelle.dz\\\/index.php\\\/2024\\\/02\\\/20\\\/une-strategie-nationale-pour-faire-face-a-menaces-cybernetiques-exacerbees-la-cybersecurite-une-priorite\\\/#article\",\"isPartOf\":{\"@id\":\"https:\\\/\\\/lasentinelle.dz\\\/index.php\\\/2024\\\/02\\\/20\\\/une-strategie-nationale-pour-faire-face-a-menaces-cybernetiques-exacerbees-la-cybersecurite-une-priorite\\\/\"},\"author\":{\"name\":\"La Sentinelle\",\"@id\":\"https:\\\/\\\/lasentinelle.dz\\\/#\\\/schema\\\/person\\\/d865044e22e70a75174ce8bcad3acfb3\"},\"headline\":\"Une strat\u00e9gie nationale pour faire face \u00e0 menaces cybern\u00e9tiques exacerb\u00e9es\u00a0: La cybers\u00e9curit\u00e9, une priorit\u00e9\",\"datePublished\":\"2024-02-20T14:24:49+00:00\",\"dateModified\":\"2024-02-20T14:24:59+00:00\",\"mainEntityOfPage\":{\"@id\":\"https:\\\/\\\/lasentinelle.dz\\\/index.php\\\/2024\\\/02\\\/20\\\/une-strategie-nationale-pour-faire-face-a-menaces-cybernetiques-exacerbees-la-cybersecurite-une-priorite\\\/\"},\"wordCount\":890,\"commentCount\":0,\"publisher\":{\"@id\":\"https:\\\/\\\/lasentinelle.dz\\\/#organization\"},\"image\":{\"@id\":\"https:\\\/\\\/lasentinelle.dz\\\/index.php\\\/2024\\\/02\\\/20\\\/une-strategie-nationale-pour-faire-face-a-menaces-cybernetiques-exacerbees-la-cybersecurite-une-priorite\\\/#primaryimage\"},\"thumbnailUrl\":\"https:\\\/\\\/lasentinelle.dz\\\/wp-content\\\/uploads\\\/2024\\\/02\\\/cybermenace.jpeg\",\"articleSection\":[\"\u00c0 la Une\",\"Actualit\u00e9\"],\"inLanguage\":\"fr-FR\",\"potentialAction\":[{\"@type\":\"CommentAction\",\"name\":\"Comment\",\"target\":[\"https:\\\/\\\/lasentinelle.dz\\\/index.php\\\/2024\\\/02\\\/20\\\/une-strategie-nationale-pour-faire-face-a-menaces-cybernetiques-exacerbees-la-cybersecurite-une-priorite\\\/#respond\"]}]},{\"@type\":\"WebPage\",\"@id\":\"https:\\\/\\\/lasentinelle.dz\\\/index.php\\\/2024\\\/02\\\/20\\\/une-strategie-nationale-pour-faire-face-a-menaces-cybernetiques-exacerbees-la-cybersecurite-une-priorite\\\/\",\"url\":\"https:\\\/\\\/lasentinelle.dz\\\/index.php\\\/2024\\\/02\\\/20\\\/une-strategie-nationale-pour-faire-face-a-menaces-cybernetiques-exacerbees-la-cybersecurite-une-priorite\\\/\",\"name\":\"Une strat\u00e9gie nationale pour faire face \u00e0 menaces cybern\u00e9tiques exacerb\u00e9es\u00a0: La cybers\u00e9curit\u00e9, une priorit\u00e9 - La Sentinelle\",\"isPartOf\":{\"@id\":\"https:\\\/\\\/lasentinelle.dz\\\/#website\"},\"primaryImageOfPage\":{\"@id\":\"https:\\\/\\\/lasentinelle.dz\\\/index.php\\\/2024\\\/02\\\/20\\\/une-strategie-nationale-pour-faire-face-a-menaces-cybernetiques-exacerbees-la-cybersecurite-une-priorite\\\/#primaryimage\"},\"image\":{\"@id\":\"https:\\\/\\\/lasentinelle.dz\\\/index.php\\\/2024\\\/02\\\/20\\\/une-strategie-nationale-pour-faire-face-a-menaces-cybernetiques-exacerbees-la-cybersecurite-une-priorite\\\/#primaryimage\"},\"thumbnailUrl\":\"https:\\\/\\\/lasentinelle.dz\\\/wp-content\\\/uploads\\\/2024\\\/02\\\/cybermenace.jpeg\",\"datePublished\":\"2024-02-20T14:24:49+00:00\",\"dateModified\":\"2024-02-20T14:24:59+00:00\",\"breadcrumb\":{\"@id\":\"https:\\\/\\\/lasentinelle.dz\\\/index.php\\\/2024\\\/02\\\/20\\\/une-strategie-nationale-pour-faire-face-a-menaces-cybernetiques-exacerbees-la-cybersecurite-une-priorite\\\/#breadcrumb\"},\"inLanguage\":\"fr-FR\",\"potentialAction\":[{\"@type\":\"ReadAction\",\"target\":[\"https:\\\/\\\/lasentinelle.dz\\\/index.php\\\/2024\\\/02\\\/20\\\/une-strategie-nationale-pour-faire-face-a-menaces-cybernetiques-exacerbees-la-cybersecurite-une-priorite\\\/\"]}]},{\"@type\":\"ImageObject\",\"inLanguage\":\"fr-FR\",\"@id\":\"https:\\\/\\\/lasentinelle.dz\\\/index.php\\\/2024\\\/02\\\/20\\\/une-strategie-nationale-pour-faire-face-a-menaces-cybernetiques-exacerbees-la-cybersecurite-une-priorite\\\/#primaryimage\",\"url\":\"https:\\\/\\\/lasentinelle.dz\\\/wp-content\\\/uploads\\\/2024\\\/02\\\/cybermenace.jpeg\",\"contentUrl\":\"https:\\\/\\\/lasentinelle.dz\\\/wp-content\\\/uploads\\\/2024\\\/02\\\/cybermenace.jpeg\",\"width\":2560,\"height\":1708},{\"@type\":\"BreadcrumbList\",\"@id\":\"https:\\\/\\\/lasentinelle.dz\\\/index.php\\\/2024\\\/02\\\/20\\\/une-strategie-nationale-pour-faire-face-a-menaces-cybernetiques-exacerbees-la-cybersecurite-une-priorite\\\/#breadcrumb\",\"itemListElement\":[{\"@type\":\"ListItem\",\"position\":1,\"name\":\"Accueil\",\"item\":\"https:\\\/\\\/lasentinelle.dz\\\/\"},{\"@type\":\"ListItem\",\"position\":2,\"name\":\"Une strat\u00e9gie nationale pour faire face \u00e0 menaces cybern\u00e9tiques exacerb\u00e9es\u00a0: La cybers\u00e9curit\u00e9, une priorit\u00e9\"}]},{\"@type\":\"WebSite\",\"@id\":\"https:\\\/\\\/lasentinelle.dz\\\/#website\",\"url\":\"https:\\\/\\\/lasentinelle.dz\\\/\",\"name\":\"La Sentinelle\",\"description\":\"Quotidien national d&#039;information\",\"publisher\":{\"@id\":\"https:\\\/\\\/lasentinelle.dz\\\/#organization\"},\"potentialAction\":[{\"@type\":\"SearchAction\",\"target\":{\"@type\":\"EntryPoint\",\"urlTemplate\":\"https:\\\/\\\/lasentinelle.dz\\\/?s={search_term_string}\"},\"query-input\":{\"@type\":\"PropertyValueSpecification\",\"valueRequired\":true,\"valueName\":\"search_term_string\"}}],\"inLanguage\":\"fr-FR\"},{\"@type\":\"Organization\",\"@id\":\"https:\\\/\\\/lasentinelle.dz\\\/#organization\",\"name\":\"Quotidien La Sentinelle\",\"url\":\"https:\\\/\\\/lasentinelle.dz\\\/\",\"logo\":{\"@type\":\"ImageObject\",\"inLanguage\":\"fr-FR\",\"@id\":\"https:\\\/\\\/lasentinelle.dz\\\/#\\\/schema\\\/logo\\\/image\\\/\",\"url\":\"https:\\\/\\\/lasentinelle.dz\\\/wp-content\\\/uploads\\\/2021\\\/09\\\/logo-sentinelleSLOGAN-1.png\",\"contentUrl\":\"https:\\\/\\\/lasentinelle.dz\\\/wp-content\\\/uploads\\\/2021\\\/09\\\/logo-sentinelleSLOGAN-1.png\",\"width\":615,\"height\":142,\"caption\":\"Quotidien La Sentinelle\"},\"image\":{\"@id\":\"https:\\\/\\\/lasentinelle.dz\\\/#\\\/schema\\\/logo\\\/image\\\/\"},\"sameAs\":[\"https:\\\/\\\/www.facebook.com\\\/La-Sentinelle-104059864394773\"]},{\"@type\":\"Person\",\"@id\":\"https:\\\/\\\/lasentinelle.dz\\\/#\\\/schema\\\/person\\\/d865044e22e70a75174ce8bcad3acfb3\",\"name\":\"La Sentinelle\",\"image\":{\"@type\":\"ImageObject\",\"inLanguage\":\"fr-FR\",\"@id\":\"https:\\\/\\\/secure.gravatar.com\\\/avatar\\\/57de8e5d4b15d43fb361a71fbb36338450fe67865b528a43dd10ef7c51a20392?s=96&d=mm&r=g\",\"url\":\"https:\\\/\\\/secure.gravatar.com\\\/avatar\\\/57de8e5d4b15d43fb361a71fbb36338450fe67865b528a43dd10ef7c51a20392?s=96&d=mm&r=g\",\"contentUrl\":\"https:\\\/\\\/secure.gravatar.com\\\/avatar\\\/57de8e5d4b15d43fb361a71fbb36338450fe67865b528a43dd10ef7c51a20392?s=96&d=mm&r=g\",\"caption\":\"La Sentinelle\"},\"sameAs\":[\"http:\\\/\\\/www.lasentinelle.dz\"],\"url\":\"https:\\\/\\\/lasentinelle.dz\\\/author\\\/redaction\\\/\"}]}<\/script>\n<!-- \/ Yoast SEO plugin. -->","yoast_head_json":{"title":"Une strat\u00e9gie nationale pour faire face \u00e0 menaces cybern\u00e9tiques exacerb\u00e9es\u00a0: La cybers\u00e9curit\u00e9, une priorit\u00e9 - La Sentinelle","robots":{"index":"index","follow":"follow","max-snippet":"max-snippet:-1","max-image-preview":"max-image-preview:large","max-video-preview":"max-video-preview:-1"},"canonical":"https:\/\/lasentinelle.dz\/index.php\/2024\/02\/20\/une-strategie-nationale-pour-faire-face-a-menaces-cybernetiques-exacerbees-la-cybersecurite-une-priorite\/","og_locale":"fr_FR","og_type":"article","og_title":"Une strat\u00e9gie nationale pour faire face \u00e0 menaces cybern\u00e9tiques exacerb\u00e9es\u00a0: La cybers\u00e9curit\u00e9, une priorit\u00e9 - La Sentinelle","og_description":"Alors que l\u2019Alg\u00e9rie entend acc\u00e9l\u00e9rer le processus de num\u00e9risation de tous les services publics, l\u2019urgence d\u2019une strat\u00e9gie nationale de cybers\u00e9curit\u00e9","og_url":"https:\/\/lasentinelle.dz\/index.php\/2024\/02\/20\/une-strategie-nationale-pour-faire-face-a-menaces-cybernetiques-exacerbees-la-cybersecurite-une-priorite\/","og_site_name":"La Sentinelle","article_publisher":"https:\/\/www.facebook.com\/La-Sentinelle-104059864394773","article_published_time":"2024-02-20T14:24:49+00:00","article_modified_time":"2024-02-20T14:24:59+00:00","og_image":[{"width":2560,"height":1708,"url":"https:\/\/lasentinelle.dz\/wp-content\/uploads\/2024\/02\/cybermenace.jpeg","type":"image\/jpeg"}],"author":"La Sentinelle","twitter_card":"summary_large_image","twitter_misc":{"\u00c9crit par":"La Sentinelle","Dur\u00e9e de lecture estim\u00e9e":"4 minutes"},"schema":{"@context":"https:\/\/schema.org","@graph":[{"@type":"Article","@id":"https:\/\/lasentinelle.dz\/index.php\/2024\/02\/20\/une-strategie-nationale-pour-faire-face-a-menaces-cybernetiques-exacerbees-la-cybersecurite-une-priorite\/#article","isPartOf":{"@id":"https:\/\/lasentinelle.dz\/index.php\/2024\/02\/20\/une-strategie-nationale-pour-faire-face-a-menaces-cybernetiques-exacerbees-la-cybersecurite-une-priorite\/"},"author":{"name":"La Sentinelle","@id":"https:\/\/lasentinelle.dz\/#\/schema\/person\/d865044e22e70a75174ce8bcad3acfb3"},"headline":"Une strat\u00e9gie nationale pour faire face \u00e0 menaces cybern\u00e9tiques exacerb\u00e9es\u00a0: La cybers\u00e9curit\u00e9, une priorit\u00e9","datePublished":"2024-02-20T14:24:49+00:00","dateModified":"2024-02-20T14:24:59+00:00","mainEntityOfPage":{"@id":"https:\/\/lasentinelle.dz\/index.php\/2024\/02\/20\/une-strategie-nationale-pour-faire-face-a-menaces-cybernetiques-exacerbees-la-cybersecurite-une-priorite\/"},"wordCount":890,"commentCount":0,"publisher":{"@id":"https:\/\/lasentinelle.dz\/#organization"},"image":{"@id":"https:\/\/lasentinelle.dz\/index.php\/2024\/02\/20\/une-strategie-nationale-pour-faire-face-a-menaces-cybernetiques-exacerbees-la-cybersecurite-une-priorite\/#primaryimage"},"thumbnailUrl":"https:\/\/lasentinelle.dz\/wp-content\/uploads\/2024\/02\/cybermenace.jpeg","articleSection":["\u00c0 la Une","Actualit\u00e9"],"inLanguage":"fr-FR","potentialAction":[{"@type":"CommentAction","name":"Comment","target":["https:\/\/lasentinelle.dz\/index.php\/2024\/02\/20\/une-strategie-nationale-pour-faire-face-a-menaces-cybernetiques-exacerbees-la-cybersecurite-une-priorite\/#respond"]}]},{"@type":"WebPage","@id":"https:\/\/lasentinelle.dz\/index.php\/2024\/02\/20\/une-strategie-nationale-pour-faire-face-a-menaces-cybernetiques-exacerbees-la-cybersecurite-une-priorite\/","url":"https:\/\/lasentinelle.dz\/index.php\/2024\/02\/20\/une-strategie-nationale-pour-faire-face-a-menaces-cybernetiques-exacerbees-la-cybersecurite-une-priorite\/","name":"Une strat\u00e9gie nationale pour faire face \u00e0 menaces cybern\u00e9tiques exacerb\u00e9es\u00a0: La cybers\u00e9curit\u00e9, une priorit\u00e9 - La Sentinelle","isPartOf":{"@id":"https:\/\/lasentinelle.dz\/#website"},"primaryImageOfPage":{"@id":"https:\/\/lasentinelle.dz\/index.php\/2024\/02\/20\/une-strategie-nationale-pour-faire-face-a-menaces-cybernetiques-exacerbees-la-cybersecurite-une-priorite\/#primaryimage"},"image":{"@id":"https:\/\/lasentinelle.dz\/index.php\/2024\/02\/20\/une-strategie-nationale-pour-faire-face-a-menaces-cybernetiques-exacerbees-la-cybersecurite-une-priorite\/#primaryimage"},"thumbnailUrl":"https:\/\/lasentinelle.dz\/wp-content\/uploads\/2024\/02\/cybermenace.jpeg","datePublished":"2024-02-20T14:24:49+00:00","dateModified":"2024-02-20T14:24:59+00:00","breadcrumb":{"@id":"https:\/\/lasentinelle.dz\/index.php\/2024\/02\/20\/une-strategie-nationale-pour-faire-face-a-menaces-cybernetiques-exacerbees-la-cybersecurite-une-priorite\/#breadcrumb"},"inLanguage":"fr-FR","potentialAction":[{"@type":"ReadAction","target":["https:\/\/lasentinelle.dz\/index.php\/2024\/02\/20\/une-strategie-nationale-pour-faire-face-a-menaces-cybernetiques-exacerbees-la-cybersecurite-une-priorite\/"]}]},{"@type":"ImageObject","inLanguage":"fr-FR","@id":"https:\/\/lasentinelle.dz\/index.php\/2024\/02\/20\/une-strategie-nationale-pour-faire-face-a-menaces-cybernetiques-exacerbees-la-cybersecurite-une-priorite\/#primaryimage","url":"https:\/\/lasentinelle.dz\/wp-content\/uploads\/2024\/02\/cybermenace.jpeg","contentUrl":"https:\/\/lasentinelle.dz\/wp-content\/uploads\/2024\/02\/cybermenace.jpeg","width":2560,"height":1708},{"@type":"BreadcrumbList","@id":"https:\/\/lasentinelle.dz\/index.php\/2024\/02\/20\/une-strategie-nationale-pour-faire-face-a-menaces-cybernetiques-exacerbees-la-cybersecurite-une-priorite\/#breadcrumb","itemListElement":[{"@type":"ListItem","position":1,"name":"Accueil","item":"https:\/\/lasentinelle.dz\/"},{"@type":"ListItem","position":2,"name":"Une strat\u00e9gie nationale pour faire face \u00e0 menaces cybern\u00e9tiques exacerb\u00e9es\u00a0: La cybers\u00e9curit\u00e9, une priorit\u00e9"}]},{"@type":"WebSite","@id":"https:\/\/lasentinelle.dz\/#website","url":"https:\/\/lasentinelle.dz\/","name":"La Sentinelle","description":"Quotidien national d&#039;information","publisher":{"@id":"https:\/\/lasentinelle.dz\/#organization"},"potentialAction":[{"@type":"SearchAction","target":{"@type":"EntryPoint","urlTemplate":"https:\/\/lasentinelle.dz\/?s={search_term_string}"},"query-input":{"@type":"PropertyValueSpecification","valueRequired":true,"valueName":"search_term_string"}}],"inLanguage":"fr-FR"},{"@type":"Organization","@id":"https:\/\/lasentinelle.dz\/#organization","name":"Quotidien La Sentinelle","url":"https:\/\/lasentinelle.dz\/","logo":{"@type":"ImageObject","inLanguage":"fr-FR","@id":"https:\/\/lasentinelle.dz\/#\/schema\/logo\/image\/","url":"https:\/\/lasentinelle.dz\/wp-content\/uploads\/2021\/09\/logo-sentinelleSLOGAN-1.png","contentUrl":"https:\/\/lasentinelle.dz\/wp-content\/uploads\/2021\/09\/logo-sentinelleSLOGAN-1.png","width":615,"height":142,"caption":"Quotidien La Sentinelle"},"image":{"@id":"https:\/\/lasentinelle.dz\/#\/schema\/logo\/image\/"},"sameAs":["https:\/\/www.facebook.com\/La-Sentinelle-104059864394773"]},{"@type":"Person","@id":"https:\/\/lasentinelle.dz\/#\/schema\/person\/d865044e22e70a75174ce8bcad3acfb3","name":"La Sentinelle","image":{"@type":"ImageObject","inLanguage":"fr-FR","@id":"https:\/\/secure.gravatar.com\/avatar\/57de8e5d4b15d43fb361a71fbb36338450fe67865b528a43dd10ef7c51a20392?s=96&d=mm&r=g","url":"https:\/\/secure.gravatar.com\/avatar\/57de8e5d4b15d43fb361a71fbb36338450fe67865b528a43dd10ef7c51a20392?s=96&d=mm&r=g","contentUrl":"https:\/\/secure.gravatar.com\/avatar\/57de8e5d4b15d43fb361a71fbb36338450fe67865b528a43dd10ef7c51a20392?s=96&d=mm&r=g","caption":"La Sentinelle"},"sameAs":["http:\/\/www.lasentinelle.dz"],"url":"https:\/\/lasentinelle.dz\/author\/redaction\/"}]}},"_links":{"self":[{"href":"https:\/\/lasentinelle.dz\/index.php\/wp-json\/wp\/v2\/posts\/49684","targetHints":{"allow":["GET"]}}],"collection":[{"href":"https:\/\/lasentinelle.dz\/index.php\/wp-json\/wp\/v2\/posts"}],"about":[{"href":"https:\/\/lasentinelle.dz\/index.php\/wp-json\/wp\/v2\/types\/post"}],"author":[{"embeddable":true,"href":"https:\/\/lasentinelle.dz\/index.php\/wp-json\/wp\/v2\/users\/3"}],"replies":[{"embeddable":true,"href":"https:\/\/lasentinelle.dz\/index.php\/wp-json\/wp\/v2\/comments?post=49684"}],"version-history":[{"count":1,"href":"https:\/\/lasentinelle.dz\/index.php\/wp-json\/wp\/v2\/posts\/49684\/revisions"}],"predecessor-version":[{"id":49686,"href":"https:\/\/lasentinelle.dz\/index.php\/wp-json\/wp\/v2\/posts\/49684\/revisions\/49686"}],"wp:featuredmedia":[{"embeddable":true,"href":"https:\/\/lasentinelle.dz\/index.php\/wp-json\/wp\/v2\/media\/49685"}],"wp:attachment":[{"href":"https:\/\/lasentinelle.dz\/index.php\/wp-json\/wp\/v2\/media?parent=49684"}],"wp:term":[{"taxonomy":"category","embeddable":true,"href":"https:\/\/lasentinelle.dz\/index.php\/wp-json\/wp\/v2\/categories?post=49684"},{"taxonomy":"post_tag","embeddable":true,"href":"https:\/\/lasentinelle.dz\/index.php\/wp-json\/wp\/v2\/tags?post=49684"}],"curies":[{"name":"wp","href":"https:\/\/api.w.org\/{rel}","templated":true}]}}