{"id":49748,"date":"2024-02-22T12:02:33","date_gmt":"2024-02-22T11:02:33","guid":{"rendered":"https:\/\/lasentinelle.dz\/?p=49748"},"modified":"2024-02-24T12:28:51","modified_gmt":"2024-02-24T11:28:51","slug":"reunion-du-gouvernement-la-numerisation-et-securite-routiere-a-lordre-du-jour","status":"publish","type":"post","link":"https:\/\/lasentinelle.dz\/index.php\/2024\/02\/22\/reunion-du-gouvernement-la-numerisation-et-securite-routiere-a-lordre-du-jour\/","title":{"rendered":"R\u00e9union du Gouvernement\u00a0: La num\u00e9risation et s\u00e9curit\u00e9 routi\u00e8re \u00e0 l\u2019ordre du jour"},"content":{"rendered":"\n<p>Le Gouvernement a entendu hier une communication sur l\u2019\u00e9tat d\u2019avancement de l\u2019op\u00e9ration de num\u00e9risation des actes d\u2019urbanisme.<\/p>\n\n\n\n<p>La num\u00e9risation est une priorit\u00e9 pour les pouvoirs publics. Un processus sur lequel le pr\u00e9sident de la R\u00e9publique a insist\u00e9 \u00e0 plusieurs reprises. Le dossier a d\u2019ailleurs \u00e9t\u00e9 \u00e0 l\u2019ordre du jour de la r\u00e9union hebdomadaire du Gouvernement tenue hier sous la pr\u00e9sidence du Premier ministre, Nadir Larbaoui. Selon le communiqu\u00e9 des services du Premier ministre qui a sanctionn\u00e9 la r\u00e9union, le Gouvernement a, \u00ab&nbsp;dans le cadre du suivi de l\u2019ex\u00e9cution des instructions de Monsieur le Pr\u00e9sident de la R\u00e9publique relatives \u00e0 l\u2019acc\u00e9l\u00e9ration de l\u2019op\u00e9ration de num\u00e9risation, une communication sur l\u2019\u00e9tat d\u2019avancement de l\u2019op\u00e9ration de num\u00e9risation des actes d\u2019urbanisme par l\u2019instauration d\u2019un cadre juridique pour accompagner et d\u00e9velopper les supports \u00e9lectroniques d\u00e9di\u00e9s \u00e0 la num\u00e9risation de toutes les \u00e9tapes relatives au d\u00e9p\u00f4t des demandes, instruction et d\u00e9livrance de ces actes&nbsp;\u00bb. Il faut souligner dans ce cadre que la num\u00e9risation est une priorit\u00e9 du programme du pr\u00e9sident de la R\u00e9publique lequel a mis en avant son importance pour l\u2019am\u00e9lioration de l\u2019efficacit\u00e9 des services publics ainsi que pour la moralisation de la vie et l\u2019assainissement de la sph\u00e8re \u00e9conomique. C\u2019est dans ce sens qu\u2019il insist\u00e9 sur la num\u00e9risation rapide des services fiscaux, douaniers et domaniaux en priorit\u00e9. Rappelons que le Pr\u00e9sident Abdelmadjid Tebboune a soulign\u00e9 mardi que la \u00ab num\u00e9risation est in\u00e9vitable \u00bb. soulignons par ailleurs que le Pr\u00e9sident Tebboune donne, \u00e0 chacun des r\u00e9unions du Conseil des ministres, des instructions fermes pour acc\u00e9l\u00e9rer le processus de num\u00e9risation. Lors de la derni\u00e8re r\u00e9union tenue dimanche, le pr\u00e9sident de la R\u00e9publique a, suite \u00e0 la pr\u00e9sentation du rapport d\u2019\u00e9tape sur le processus de num\u00e9risation, a insist\u00e9 sur l\u2019acc\u00e9l\u00e9ration du rythme de travail \u00e0 un niveau maximal jusqu\u2019\u00e0 l\u2019ach\u00e8vement g\u00e9n\u00e9ral de la num\u00e9risation de tous les secteurs\u00bb. Il a ordonn\u00e9 aussi aux membres du gouvernement \u00abd\u2019acc\u00e9l\u00e9rer la num\u00e9risation des donn\u00e9es de chaque secteur en pr\u00e9paration de la plateforme technique et de la domiciliation des donn\u00e9es\u00bb.<\/p>\n\n\n\n<p>Sur un autre registre, la r\u00e9union du Gouvernement a \u00e9t\u00e9 consacr\u00e9e \u00e0 l\u2019examen de l\u2019avant-projet de loi portant code de la route, visant \u00e0 d\u00e9finir les r\u00e8gles relatives \u00e0 l\u2019organisation de la circulation routi\u00e8re et les \u00e9l\u00e9ments de la strat\u00e9gie nationale de s\u00e9curit\u00e9 et de pr\u00e9vention des accidents de la route. Le Gouvernement a \u00e9galement poursuivi l\u2019examen de l\u2019\u00e9tat d\u2019avancement de l\u2019application des dispositions de la loi relative \u00e0 l&rsquo;exercice du droit syndical et des axes de la future strat\u00e9gie propos\u00e9e concernant les d\u00e9tenteurs de dipl\u00f4mes de doctorat, portant sur les m\u00e9canisme n\u00e9cessaires \u00e0 l\u2019organisation de cette formation universitaire hautement qualifi\u00e9e et assurer son adaptation aux besoins de l\u2019\u00e9conomie nationale.<\/p>\n\n\n\n<p><strong>Chokri Hafed<\/strong><\/p>\n","protected":false},"excerpt":{"rendered":"<p>Le Gouvernement a entendu hier une communication sur l\u2019\u00e9tat d\u2019avancement de l\u2019op\u00e9ration de num\u00e9risation des actes d\u2019urbanisme. La num\u00e9risation est<\/p>\n","protected":false},"author":3,"featured_media":48448,"comment_status":"open","ping_status":"closed","sticky":false,"template":"","format":"standard","meta":{"colormag_page_container_layout":"default_layout","colormag_page_sidebar_layout":"default_layout","om_disable_all_campaigns":false,"_monsterinsights_skip_tracking":false,"_monsterinsights_sitenote_active":false,"_monsterinsights_sitenote_note":"","_monsterinsights_sitenote_category":0,"footnotes":"","_wpscppro_dont_share_socialmedia":false,"_wpscppro_custom_social_share_image":0,"_facebook_share_type":"","_twitter_share_type":"","_linkedin_share_type":"","_pinterest_share_type":"","_linkedin_share_type_page":"","_instagram_share_type":"","_medium_share_type":"","_threads_share_type":"","_google_business_share_type":"","_selected_social_profile":[],"_wpsp_enable_custom_social_template":false,"_wpsp_social_scheduling":{"enabled":false,"datetime":null,"platforms":[],"status":"template_only","dateOption":"today","timeOption":"now","customDays":"","customHours":"","customDate":"","customTime":"","schedulingType":"absolute"},"_wpsp_active_default_template":true},"categories":[52,27],"tags":[],"class_list":["post-49748","post","type-post","status-publish","format-standard","has-post-thumbnail","hentry","category-a-la-une","category-actualite"],"aioseo_notices":[],"yoast_head":"<!-- This site is optimized with the Yoast SEO plugin v27.5 - https:\/\/yoast.com\/product\/yoast-seo-wordpress\/ -->\n<title>R\u00e9union du Gouvernement\u00a0: La num\u00e9risation et s\u00e9curit\u00e9 routi\u00e8re \u00e0 l\u2019ordre du jour - La Sentinelle<\/title>\n<meta name=\"robots\" content=\"index, follow, max-snippet:-1, max-image-preview:large, max-video-preview:-1\" \/>\n<link rel=\"canonical\" href=\"https:\/\/lasentinelle.dz\/index.php\/2024\/02\/22\/reunion-du-gouvernement-la-numerisation-et-securite-routiere-a-lordre-du-jour\/\" \/>\n<meta property=\"og:locale\" content=\"fr_FR\" \/>\n<meta property=\"og:type\" content=\"article\" \/>\n<meta property=\"og:title\" content=\"R\u00e9union du Gouvernement\u00a0: La num\u00e9risation et s\u00e9curit\u00e9 routi\u00e8re \u00e0 l\u2019ordre du jour - La Sentinelle\" \/>\n<meta property=\"og:description\" content=\"Le Gouvernement a entendu hier une communication sur l\u2019\u00e9tat d\u2019avancement de l\u2019op\u00e9ration de num\u00e9risation des actes d\u2019urbanisme. La num\u00e9risation est\" \/>\n<meta property=\"og:url\" content=\"https:\/\/lasentinelle.dz\/index.php\/2024\/02\/22\/reunion-du-gouvernement-la-numerisation-et-securite-routiere-a-lordre-du-jour\/\" \/>\n<meta property=\"og:site_name\" content=\"La Sentinelle\" \/>\n<meta property=\"article:publisher\" content=\"https:\/\/www.facebook.com\/La-Sentinelle-104059864394773\" \/>\n<meta property=\"article:published_time\" content=\"2024-02-22T11:02:33+00:00\" \/>\n<meta property=\"article:modified_time\" content=\"2024-02-24T11:28:51+00:00\" \/>\n<meta property=\"og:image\" content=\"https:\/\/lasentinelle.dz\/wp-content\/uploads\/2024\/01\/palais-du-Gouvernement.jpeg\" \/>\n\t<meta property=\"og:image:width\" content=\"580\" \/>\n\t<meta property=\"og:image:height\" content=\"350\" \/>\n\t<meta property=\"og:image:type\" content=\"image\/jpeg\" \/>\n<meta name=\"author\" content=\"La Sentinelle\" \/>\n<meta name=\"twitter:card\" content=\"summary_large_image\" \/>\n<meta name=\"twitter:label1\" content=\"\u00c9crit par\" \/>\n\t<meta name=\"twitter:data1\" content=\"La Sentinelle\" \/>\n\t<meta name=\"twitter:label2\" content=\"Dur\u00e9e de lecture estim\u00e9e\" \/>\n\t<meta name=\"twitter:data2\" content=\"3 minutes\" \/>\n<script type=\"application\/ld+json\" class=\"yoast-schema-graph\">{\"@context\":\"https:\\\/\\\/schema.org\",\"@graph\":[{\"@type\":\"Article\",\"@id\":\"https:\\\/\\\/lasentinelle.dz\\\/index.php\\\/2024\\\/02\\\/22\\\/reunion-du-gouvernement-la-numerisation-et-securite-routiere-a-lordre-du-jour\\\/#article\",\"isPartOf\":{\"@id\":\"https:\\\/\\\/lasentinelle.dz\\\/index.php\\\/2024\\\/02\\\/22\\\/reunion-du-gouvernement-la-numerisation-et-securite-routiere-a-lordre-du-jour\\\/\"},\"author\":{\"name\":\"La Sentinelle\",\"@id\":\"https:\\\/\\\/lasentinelle.dz\\\/#\\\/schema\\\/person\\\/d865044e22e70a75174ce8bcad3acfb3\"},\"headline\":\"R\u00e9union du Gouvernement\u00a0: La num\u00e9risation et s\u00e9curit\u00e9 routi\u00e8re \u00e0 l\u2019ordre du jour\",\"datePublished\":\"2024-02-22T11:02:33+00:00\",\"dateModified\":\"2024-02-24T11:28:51+00:00\",\"mainEntityOfPage\":{\"@id\":\"https:\\\/\\\/lasentinelle.dz\\\/index.php\\\/2024\\\/02\\\/22\\\/reunion-du-gouvernement-la-numerisation-et-securite-routiere-a-lordre-du-jour\\\/\"},\"wordCount\":550,\"commentCount\":0,\"publisher\":{\"@id\":\"https:\\\/\\\/lasentinelle.dz\\\/#organization\"},\"image\":{\"@id\":\"https:\\\/\\\/lasentinelle.dz\\\/index.php\\\/2024\\\/02\\\/22\\\/reunion-du-gouvernement-la-numerisation-et-securite-routiere-a-lordre-du-jour\\\/#primaryimage\"},\"thumbnailUrl\":\"https:\\\/\\\/lasentinelle.dz\\\/wp-content\\\/uploads\\\/2024\\\/01\\\/palais-du-Gouvernement.jpeg\",\"articleSection\":[\"\u00c0 la Une\",\"Actualit\u00e9\"],\"inLanguage\":\"fr-FR\",\"potentialAction\":[{\"@type\":\"CommentAction\",\"name\":\"Comment\",\"target\":[\"https:\\\/\\\/lasentinelle.dz\\\/index.php\\\/2024\\\/02\\\/22\\\/reunion-du-gouvernement-la-numerisation-et-securite-routiere-a-lordre-du-jour\\\/#respond\"]}]},{\"@type\":\"WebPage\",\"@id\":\"https:\\\/\\\/lasentinelle.dz\\\/index.php\\\/2024\\\/02\\\/22\\\/reunion-du-gouvernement-la-numerisation-et-securite-routiere-a-lordre-du-jour\\\/\",\"url\":\"https:\\\/\\\/lasentinelle.dz\\\/index.php\\\/2024\\\/02\\\/22\\\/reunion-du-gouvernement-la-numerisation-et-securite-routiere-a-lordre-du-jour\\\/\",\"name\":\"R\u00e9union du Gouvernement\u00a0: La num\u00e9risation et s\u00e9curit\u00e9 routi\u00e8re \u00e0 l\u2019ordre du jour - La Sentinelle\",\"isPartOf\":{\"@id\":\"https:\\\/\\\/lasentinelle.dz\\\/#website\"},\"primaryImageOfPage\":{\"@id\":\"https:\\\/\\\/lasentinelle.dz\\\/index.php\\\/2024\\\/02\\\/22\\\/reunion-du-gouvernement-la-numerisation-et-securite-routiere-a-lordre-du-jour\\\/#primaryimage\"},\"image\":{\"@id\":\"https:\\\/\\\/lasentinelle.dz\\\/index.php\\\/2024\\\/02\\\/22\\\/reunion-du-gouvernement-la-numerisation-et-securite-routiere-a-lordre-du-jour\\\/#primaryimage\"},\"thumbnailUrl\":\"https:\\\/\\\/lasentinelle.dz\\\/wp-content\\\/uploads\\\/2024\\\/01\\\/palais-du-Gouvernement.jpeg\",\"datePublished\":\"2024-02-22T11:02:33+00:00\",\"dateModified\":\"2024-02-24T11:28:51+00:00\",\"breadcrumb\":{\"@id\":\"https:\\\/\\\/lasentinelle.dz\\\/index.php\\\/2024\\\/02\\\/22\\\/reunion-du-gouvernement-la-numerisation-et-securite-routiere-a-lordre-du-jour\\\/#breadcrumb\"},\"inLanguage\":\"fr-FR\",\"potentialAction\":[{\"@type\":\"ReadAction\",\"target\":[\"https:\\\/\\\/lasentinelle.dz\\\/index.php\\\/2024\\\/02\\\/22\\\/reunion-du-gouvernement-la-numerisation-et-securite-routiere-a-lordre-du-jour\\\/\"]}]},{\"@type\":\"ImageObject\",\"inLanguage\":\"fr-FR\",\"@id\":\"https:\\\/\\\/lasentinelle.dz\\\/index.php\\\/2024\\\/02\\\/22\\\/reunion-du-gouvernement-la-numerisation-et-securite-routiere-a-lordre-du-jour\\\/#primaryimage\",\"url\":\"https:\\\/\\\/lasentinelle.dz\\\/wp-content\\\/uploads\\\/2024\\\/01\\\/palais-du-Gouvernement.jpeg\",\"contentUrl\":\"https:\\\/\\\/lasentinelle.dz\\\/wp-content\\\/uploads\\\/2024\\\/01\\\/palais-du-Gouvernement.jpeg\",\"width\":580,\"height\":350},{\"@type\":\"BreadcrumbList\",\"@id\":\"https:\\\/\\\/lasentinelle.dz\\\/index.php\\\/2024\\\/02\\\/22\\\/reunion-du-gouvernement-la-numerisation-et-securite-routiere-a-lordre-du-jour\\\/#breadcrumb\",\"itemListElement\":[{\"@type\":\"ListItem\",\"position\":1,\"name\":\"Accueil\",\"item\":\"https:\\\/\\\/lasentinelle.dz\\\/\"},{\"@type\":\"ListItem\",\"position\":2,\"name\":\"R\u00e9union du Gouvernement\u00a0: La num\u00e9risation et s\u00e9curit\u00e9 routi\u00e8re \u00e0 l\u2019ordre du jour\"}]},{\"@type\":\"WebSite\",\"@id\":\"https:\\\/\\\/lasentinelle.dz\\\/#website\",\"url\":\"https:\\\/\\\/lasentinelle.dz\\\/\",\"name\":\"La Sentinelle\",\"description\":\"Quotidien national d&#039;information\",\"publisher\":{\"@id\":\"https:\\\/\\\/lasentinelle.dz\\\/#organization\"},\"potentialAction\":[{\"@type\":\"SearchAction\",\"target\":{\"@type\":\"EntryPoint\",\"urlTemplate\":\"https:\\\/\\\/lasentinelle.dz\\\/?s={search_term_string}\"},\"query-input\":{\"@type\":\"PropertyValueSpecification\",\"valueRequired\":true,\"valueName\":\"search_term_string\"}}],\"inLanguage\":\"fr-FR\"},{\"@type\":\"Organization\",\"@id\":\"https:\\\/\\\/lasentinelle.dz\\\/#organization\",\"name\":\"Quotidien La Sentinelle\",\"url\":\"https:\\\/\\\/lasentinelle.dz\\\/\",\"logo\":{\"@type\":\"ImageObject\",\"inLanguage\":\"fr-FR\",\"@id\":\"https:\\\/\\\/lasentinelle.dz\\\/#\\\/schema\\\/logo\\\/image\\\/\",\"url\":\"https:\\\/\\\/lasentinelle.dz\\\/wp-content\\\/uploads\\\/2021\\\/09\\\/logo-sentinelleSLOGAN-1.png\",\"contentUrl\":\"https:\\\/\\\/lasentinelle.dz\\\/wp-content\\\/uploads\\\/2021\\\/09\\\/logo-sentinelleSLOGAN-1.png\",\"width\":615,\"height\":142,\"caption\":\"Quotidien La Sentinelle\"},\"image\":{\"@id\":\"https:\\\/\\\/lasentinelle.dz\\\/#\\\/schema\\\/logo\\\/image\\\/\"},\"sameAs\":[\"https:\\\/\\\/www.facebook.com\\\/La-Sentinelle-104059864394773\"]},{\"@type\":\"Person\",\"@id\":\"https:\\\/\\\/lasentinelle.dz\\\/#\\\/schema\\\/person\\\/d865044e22e70a75174ce8bcad3acfb3\",\"name\":\"La Sentinelle\",\"image\":{\"@type\":\"ImageObject\",\"inLanguage\":\"fr-FR\",\"@id\":\"https:\\\/\\\/secure.gravatar.com\\\/avatar\\\/57de8e5d4b15d43fb361a71fbb36338450fe67865b528a43dd10ef7c51a20392?s=96&d=mm&r=g\",\"url\":\"https:\\\/\\\/secure.gravatar.com\\\/avatar\\\/57de8e5d4b15d43fb361a71fbb36338450fe67865b528a43dd10ef7c51a20392?s=96&d=mm&r=g\",\"contentUrl\":\"https:\\\/\\\/secure.gravatar.com\\\/avatar\\\/57de8e5d4b15d43fb361a71fbb36338450fe67865b528a43dd10ef7c51a20392?s=96&d=mm&r=g\",\"caption\":\"La Sentinelle\"},\"sameAs\":[\"http:\\\/\\\/www.lasentinelle.dz\"],\"url\":\"https:\\\/\\\/lasentinelle.dz\\\/author\\\/redaction\\\/\"}]}<\/script>\n<!-- \/ Yoast SEO plugin. -->","yoast_head_json":{"title":"R\u00e9union du Gouvernement\u00a0: La num\u00e9risation et s\u00e9curit\u00e9 routi\u00e8re \u00e0 l\u2019ordre du jour - La Sentinelle","robots":{"index":"index","follow":"follow","max-snippet":"max-snippet:-1","max-image-preview":"max-image-preview:large","max-video-preview":"max-video-preview:-1"},"canonical":"https:\/\/lasentinelle.dz\/index.php\/2024\/02\/22\/reunion-du-gouvernement-la-numerisation-et-securite-routiere-a-lordre-du-jour\/","og_locale":"fr_FR","og_type":"article","og_title":"R\u00e9union du Gouvernement\u00a0: La num\u00e9risation et s\u00e9curit\u00e9 routi\u00e8re \u00e0 l\u2019ordre du jour - La Sentinelle","og_description":"Le Gouvernement a entendu hier une communication sur l\u2019\u00e9tat d\u2019avancement de l\u2019op\u00e9ration de num\u00e9risation des actes d\u2019urbanisme. La num\u00e9risation est","og_url":"https:\/\/lasentinelle.dz\/index.php\/2024\/02\/22\/reunion-du-gouvernement-la-numerisation-et-securite-routiere-a-lordre-du-jour\/","og_site_name":"La Sentinelle","article_publisher":"https:\/\/www.facebook.com\/La-Sentinelle-104059864394773","article_published_time":"2024-02-22T11:02:33+00:00","article_modified_time":"2024-02-24T11:28:51+00:00","og_image":[{"width":580,"height":350,"url":"https:\/\/lasentinelle.dz\/wp-content\/uploads\/2024\/01\/palais-du-Gouvernement.jpeg","type":"image\/jpeg"}],"author":"La Sentinelle","twitter_card":"summary_large_image","twitter_misc":{"\u00c9crit par":"La Sentinelle","Dur\u00e9e de lecture estim\u00e9e":"3 minutes"},"schema":{"@context":"https:\/\/schema.org","@graph":[{"@type":"Article","@id":"https:\/\/lasentinelle.dz\/index.php\/2024\/02\/22\/reunion-du-gouvernement-la-numerisation-et-securite-routiere-a-lordre-du-jour\/#article","isPartOf":{"@id":"https:\/\/lasentinelle.dz\/index.php\/2024\/02\/22\/reunion-du-gouvernement-la-numerisation-et-securite-routiere-a-lordre-du-jour\/"},"author":{"name":"La Sentinelle","@id":"https:\/\/lasentinelle.dz\/#\/schema\/person\/d865044e22e70a75174ce8bcad3acfb3"},"headline":"R\u00e9union du Gouvernement\u00a0: La num\u00e9risation et s\u00e9curit\u00e9 routi\u00e8re \u00e0 l\u2019ordre du jour","datePublished":"2024-02-22T11:02:33+00:00","dateModified":"2024-02-24T11:28:51+00:00","mainEntityOfPage":{"@id":"https:\/\/lasentinelle.dz\/index.php\/2024\/02\/22\/reunion-du-gouvernement-la-numerisation-et-securite-routiere-a-lordre-du-jour\/"},"wordCount":550,"commentCount":0,"publisher":{"@id":"https:\/\/lasentinelle.dz\/#organization"},"image":{"@id":"https:\/\/lasentinelle.dz\/index.php\/2024\/02\/22\/reunion-du-gouvernement-la-numerisation-et-securite-routiere-a-lordre-du-jour\/#primaryimage"},"thumbnailUrl":"https:\/\/lasentinelle.dz\/wp-content\/uploads\/2024\/01\/palais-du-Gouvernement.jpeg","articleSection":["\u00c0 la Une","Actualit\u00e9"],"inLanguage":"fr-FR","potentialAction":[{"@type":"CommentAction","name":"Comment","target":["https:\/\/lasentinelle.dz\/index.php\/2024\/02\/22\/reunion-du-gouvernement-la-numerisation-et-securite-routiere-a-lordre-du-jour\/#respond"]}]},{"@type":"WebPage","@id":"https:\/\/lasentinelle.dz\/index.php\/2024\/02\/22\/reunion-du-gouvernement-la-numerisation-et-securite-routiere-a-lordre-du-jour\/","url":"https:\/\/lasentinelle.dz\/index.php\/2024\/02\/22\/reunion-du-gouvernement-la-numerisation-et-securite-routiere-a-lordre-du-jour\/","name":"R\u00e9union du Gouvernement\u00a0: La num\u00e9risation et s\u00e9curit\u00e9 routi\u00e8re \u00e0 l\u2019ordre du jour - La Sentinelle","isPartOf":{"@id":"https:\/\/lasentinelle.dz\/#website"},"primaryImageOfPage":{"@id":"https:\/\/lasentinelle.dz\/index.php\/2024\/02\/22\/reunion-du-gouvernement-la-numerisation-et-securite-routiere-a-lordre-du-jour\/#primaryimage"},"image":{"@id":"https:\/\/lasentinelle.dz\/index.php\/2024\/02\/22\/reunion-du-gouvernement-la-numerisation-et-securite-routiere-a-lordre-du-jour\/#primaryimage"},"thumbnailUrl":"https:\/\/lasentinelle.dz\/wp-content\/uploads\/2024\/01\/palais-du-Gouvernement.jpeg","datePublished":"2024-02-22T11:02:33+00:00","dateModified":"2024-02-24T11:28:51+00:00","breadcrumb":{"@id":"https:\/\/lasentinelle.dz\/index.php\/2024\/02\/22\/reunion-du-gouvernement-la-numerisation-et-securite-routiere-a-lordre-du-jour\/#breadcrumb"},"inLanguage":"fr-FR","potentialAction":[{"@type":"ReadAction","target":["https:\/\/lasentinelle.dz\/index.php\/2024\/02\/22\/reunion-du-gouvernement-la-numerisation-et-securite-routiere-a-lordre-du-jour\/"]}]},{"@type":"ImageObject","inLanguage":"fr-FR","@id":"https:\/\/lasentinelle.dz\/index.php\/2024\/02\/22\/reunion-du-gouvernement-la-numerisation-et-securite-routiere-a-lordre-du-jour\/#primaryimage","url":"https:\/\/lasentinelle.dz\/wp-content\/uploads\/2024\/01\/palais-du-Gouvernement.jpeg","contentUrl":"https:\/\/lasentinelle.dz\/wp-content\/uploads\/2024\/01\/palais-du-Gouvernement.jpeg","width":580,"height":350},{"@type":"BreadcrumbList","@id":"https:\/\/lasentinelle.dz\/index.php\/2024\/02\/22\/reunion-du-gouvernement-la-numerisation-et-securite-routiere-a-lordre-du-jour\/#breadcrumb","itemListElement":[{"@type":"ListItem","position":1,"name":"Accueil","item":"https:\/\/lasentinelle.dz\/"},{"@type":"ListItem","position":2,"name":"R\u00e9union du Gouvernement\u00a0: La num\u00e9risation et s\u00e9curit\u00e9 routi\u00e8re \u00e0 l\u2019ordre du jour"}]},{"@type":"WebSite","@id":"https:\/\/lasentinelle.dz\/#website","url":"https:\/\/lasentinelle.dz\/","name":"La Sentinelle","description":"Quotidien national d&#039;information","publisher":{"@id":"https:\/\/lasentinelle.dz\/#organization"},"potentialAction":[{"@type":"SearchAction","target":{"@type":"EntryPoint","urlTemplate":"https:\/\/lasentinelle.dz\/?s={search_term_string}"},"query-input":{"@type":"PropertyValueSpecification","valueRequired":true,"valueName":"search_term_string"}}],"inLanguage":"fr-FR"},{"@type":"Organization","@id":"https:\/\/lasentinelle.dz\/#organization","name":"Quotidien La Sentinelle","url":"https:\/\/lasentinelle.dz\/","logo":{"@type":"ImageObject","inLanguage":"fr-FR","@id":"https:\/\/lasentinelle.dz\/#\/schema\/logo\/image\/","url":"https:\/\/lasentinelle.dz\/wp-content\/uploads\/2021\/09\/logo-sentinelleSLOGAN-1.png","contentUrl":"https:\/\/lasentinelle.dz\/wp-content\/uploads\/2021\/09\/logo-sentinelleSLOGAN-1.png","width":615,"height":142,"caption":"Quotidien La Sentinelle"},"image":{"@id":"https:\/\/lasentinelle.dz\/#\/schema\/logo\/image\/"},"sameAs":["https:\/\/www.facebook.com\/La-Sentinelle-104059864394773"]},{"@type":"Person","@id":"https:\/\/lasentinelle.dz\/#\/schema\/person\/d865044e22e70a75174ce8bcad3acfb3","name":"La Sentinelle","image":{"@type":"ImageObject","inLanguage":"fr-FR","@id":"https:\/\/secure.gravatar.com\/avatar\/57de8e5d4b15d43fb361a71fbb36338450fe67865b528a43dd10ef7c51a20392?s=96&d=mm&r=g","url":"https:\/\/secure.gravatar.com\/avatar\/57de8e5d4b15d43fb361a71fbb36338450fe67865b528a43dd10ef7c51a20392?s=96&d=mm&r=g","contentUrl":"https:\/\/secure.gravatar.com\/avatar\/57de8e5d4b15d43fb361a71fbb36338450fe67865b528a43dd10ef7c51a20392?s=96&d=mm&r=g","caption":"La Sentinelle"},"sameAs":["http:\/\/www.lasentinelle.dz"],"url":"https:\/\/lasentinelle.dz\/author\/redaction\/"}]}},"_links":{"self":[{"href":"https:\/\/lasentinelle.dz\/index.php\/wp-json\/wp\/v2\/posts\/49748","targetHints":{"allow":["GET"]}}],"collection":[{"href":"https:\/\/lasentinelle.dz\/index.php\/wp-json\/wp\/v2\/posts"}],"about":[{"href":"https:\/\/lasentinelle.dz\/index.php\/wp-json\/wp\/v2\/types\/post"}],"author":[{"embeddable":true,"href":"https:\/\/lasentinelle.dz\/index.php\/wp-json\/wp\/v2\/users\/3"}],"replies":[{"embeddable":true,"href":"https:\/\/lasentinelle.dz\/index.php\/wp-json\/wp\/v2\/comments?post=49748"}],"version-history":[{"count":1,"href":"https:\/\/lasentinelle.dz\/index.php\/wp-json\/wp\/v2\/posts\/49748\/revisions"}],"predecessor-version":[{"id":49749,"href":"https:\/\/lasentinelle.dz\/index.php\/wp-json\/wp\/v2\/posts\/49748\/revisions\/49749"}],"wp:featuredmedia":[{"embeddable":true,"href":"https:\/\/lasentinelle.dz\/index.php\/wp-json\/wp\/v2\/media\/48448"}],"wp:attachment":[{"href":"https:\/\/lasentinelle.dz\/index.php\/wp-json\/wp\/v2\/media?parent=49748"}],"wp:term":[{"taxonomy":"category","embeddable":true,"href":"https:\/\/lasentinelle.dz\/index.php\/wp-json\/wp\/v2\/categories?post=49748"},{"taxonomy":"post_tag","embeddable":true,"href":"https:\/\/lasentinelle.dz\/index.php\/wp-json\/wp\/v2\/tags?post=49748"}],"curies":[{"name":"wp","href":"https:\/\/api.w.org\/{rel}","templated":true}]}}