{"id":49755,"date":"2024-02-22T12:11:00","date_gmt":"2024-02-22T11:11:00","guid":{"rendered":"https:\/\/lasentinelle.dz\/?p=49755"},"modified":"2024-02-24T12:23:19","modified_gmt":"2024-02-24T11:23:19","slug":"veto-americain-a-la-resolution-presentee-par-lalgerie-pour-un-cessez-le-feu-une-condamnation-internationale-unanime","status":"publish","type":"post","link":"https:\/\/lasentinelle.dz\/index.php\/2024\/02\/22\/veto-americain-a-la-resolution-presentee-par-lalgerie-pour-un-cessez-le-feu-une-condamnation-internationale-unanime\/","title":{"rendered":"Veto am\u00e9ricain \u00e0 la r\u00e9solution pr\u00e9sent\u00e9e par l\u2019Alg\u00e9rie pour un cessez-le-feu\u00a0: Une condamnation internationale unanime"},"content":{"rendered":"\n<p>Le rejet de la r\u00e9solution pr\u00e9sent\u00e9e par l\u2019Alg\u00e9rie au Conseil de s\u00e9curit\u00e9 de l\u2019ONU en raison du seul veto am\u00e9ricain a suscit\u00e9 de vives condamnations et une consternation unanime au niveau international. Le soutien continu et inconditionnel des Etats-Unis \u00e0 l\u2019occupation isra\u00e9lienne, qui poursuit le massacre des Palestiniens notamment \u00e0 Ghaza, en totale impunit\u00e9, a choqu\u00e9 et a \u00e9t\u00e9 vertement d\u00e9nonc\u00e9&nbsp;; notamment dans le Sud global. &nbsp;<\/p>\n\n\n\n<p>Le Parlement arabe a exprim\u00e9 son profond regret suite au veto am\u00e9ricain, mettant en garde contre la dangereuse escalade de la situation par la machine de guerre sioniste devant l&rsquo;inertie de la Communaut\u00e9 internationale et du Conseil de s\u00e9curit\u00e9. \u00ab\u00a0Ce qui se d\u00e9roule au sein du Conseil de s\u00e9curit\u00e9 confirme que nous sommes face \u00e0 un syst\u00e8me incapable de maintenir la paix et la stabilit\u00e9 internationales\u00a0\u00bb, a d\u00e9nonc\u00e9, mardi, le Parlement arabe dans un communiqu\u00e9, appelant \u00e0 \u00ab\u00a0l&rsquo;imp\u00e9rative r\u00e9forme de cet organe pour lui permettre de s&rsquo;acquitter des missions qui lui sont d\u00e9volues : instaurer la paix et la s\u00e9curit\u00e9 loin des doubles standards\u00a0\u00bb. \u00ab\u00a0La poursuite des massacres barbares dans la bande de Ghaza est une honte pour l&rsquo;humanit\u00e9\u00a0\u00bb, a tanc\u00e9 le Parlement arabe, appelant la Communaut\u00e9 internationale \u00e0 \u00ab\u00a0prendre ses responsabilit\u00e9s pour mettre fin \u00e0 l&rsquo;effusion du sang palestinien\u00a0\u00bb. La Ligue arabe \u00e0 vigoureusement d\u00e9nonc\u00e9, par la voix de son secr\u00e9taire g\u00e9n\u00e9ral, Ahmed Aboul Gheit, le recours des Etats-Unis \u00e0 leur droit de veto pour avorter un projet \u00e0 m\u00eame de mettre un terme au cauchemar des sionistes, affirmant que cette attitude \u00ab\u00a0confirme \u00e0 nouveau la responsabilit\u00e9 politique et morale de Washington dans la poursuite de l&rsquo;agression sioniste contre la bande de Ghaza\u00a0\u00bb.Aboul Gheit a, \u00e0 cet effet, exprim\u00e9 son \u00ab\u00a0profond regret\u00a0\u00bb que ce soit la troisi\u00e8me fois que les Etats-Unis adoptent une telle attitude depuis le d\u00e9but de l&rsquo;agression sioniste, d\u00e9plorant que \u00ab\u00a0les positions am\u00e9ricaines r\u00e9duisent la cr\u00e9dibilit\u00e9 du syst\u00e8me international et renforcent l&rsquo;\u00e9tat de paralysie dont t\u00e9moigne l&rsquo;ONU\u00a0\u00bb. De son c\u00f4t\u00e9, l&rsquo;Organisation de la coop\u00e9ration islamique (OCI) a fait part de ses profonds regrets face \u00e0 l&rsquo;\u00e9ni\u00e8me \u00e9chec du Conseil de s\u00e9curit\u00e9 de l&rsquo;ONU \u00e0 adopter un projet de r\u00e9solution visant \u00e0 mettre fin \u00e0 l&rsquo;agression militaire brutale de l&rsquo;entit\u00e9 sioniste contre la bande de Ghaza, relevant que cet \u00e9chec refl\u00e8te l&rsquo;incapacit\u00e9 du Conseil de s\u00e9curit\u00e9 \u00e0 maintenir la paix et la s\u00e9curit\u00e9 internationales. Le Mouvement des pays non-align\u00e9s (MNA) a r\u00e9it\u00e9r\u00e9 a de nouveau appel\u00e9 \u00e0 un cessez-le-feu imm\u00e9diat \u00e0 Ghaza.Dans une d\u00e9claration au nom du mouvement lors de la r\u00e9union du Comit\u00e9 sp\u00e9cial de la Charte des Nations unies, l\u2019ambassadrice et repr\u00e9sentante adjointe de la R\u00e9publique islamique d\u2019Iran aupr\u00e8s des Nations unies, Zahra Ershadi a r\u00e9it\u00e9r\u00e9 l&rsquo;appel du Mouvement des non-align\u00e9s \u00e0 \u00ab\u00a0un cessez-le-feu imm\u00e9diat et au soutien au peuple palestinien\u00a0\u00bb. Elle a \u00e9galement exprim\u00e9 la profonde pr\u00e9occupation du mouvement par les avertissements des rapporteurs sp\u00e9ciaux de l\u2019ONU concernant le g\u00e9nocide ouvert dans la bande de Ghaza, appelant \u00e0 l\u2019engagement de la communaut\u00e9 internationale, \u00e0 l\u2019arr\u00eat de ce g\u00e9nocide et \u00e0 la prise de toutes les mesures n\u00e9cessaires pour y mettre un terme. Pour sa part, la Chine a vivement condamn\u00e9 le r\u00e9p\u00e9titif veto am\u00e9ricain contre un projet de cessez-le-feu dans la bande de Ghaza, th\u00e9\u00e2tre de massacres ininterrompus depuis pr\u00e8s de cinq mois, affirmant que ce geste \u00ab\u00a0rendrait la situation plus dangereuse \u00a0\u00bb dans l&rsquo;enclave palestinienne. \u00a0\u00bb Les Etats-Unis \u00e9taient encore une fois seuls \u00e0 imposer leur veto, rendant la situation \u00e0 Gaza plus dangereuse\u00a0\u00bb, a soulign\u00e9, au cours d&rsquo;un point de presse, la porte-parole du minist\u00e8re chinois des Affaires \u00e9trang\u00e8res, Mao Ning. Aux Etats-Unis, le s\u00e9nateur ind\u00e9pendant, Bernie Sanders, s&rsquo;est dit \u00ab\u00a0scandalis\u00e9\u00a0\u00bb par l&rsquo;attitude de son pays qui, de par son geste, se place en \u00ab\u00a0complice\u00a0\u00bb avec l&rsquo;entit\u00e9 sioniste dans son agression contre des enfants et des civils sans d\u00e9fense. \u00ab\u00a0Le monde entier nous regarde. Nous ne pouvons pas \u00eatre complices de cette atrocit\u00e9\u00a0\u00bb, a-t-il d\u00e9clar\u00e9, dans un message vid\u00e9o sur la plateforme X. La r\u00e9solution alg\u00e9rienne a obtenu 13 votes favorables sur 15 avec une abstention du Royaume uni et a \u00e9t\u00e9 rejet\u00e9e en raison de l\u2019opposition de Washington qui a us\u00e9 de son veto. A l\u2019issue du vote, l&rsquo;Alg\u00e9rie, par la voix de son repr\u00e9sentant permanent aupr\u00e8s des Nations unies, Amar Bendjama, a r\u00e9affirm\u00e9 qu&rsquo;elle \u00ab\u00a0ne s&rsquo;arr\u00eatera pas jusqu&rsquo;\u00e0 ce que le Conseil de s\u00e9curit\u00e9 assume pleinement ses responsabilit\u00e9s et appelle \u00e0 un cessez-le-feu\u00a0\u00bb. \u00ab\u00a0Ce soir, nous enterrons nos martyrs en Palestine. Demain, l&rsquo;Alg\u00e9rie reviendra au nom de la Nation arabo-musulmane et des hommes libres de par le monde, et avec nous, les \u00e2mes des milliers d&rsquo;innocents assassin\u00e9s par l&rsquo;occupant isra\u00e9lien dans l&rsquo;impunit\u00e9 la plus totale, pour frapper aux portes du Conseil et exiger l&rsquo;arr\u00eat du bain de sang en Palestine\u00a0\u00bb, avait r\u00e9agi M. Bendjama dans son intervention apr\u00e8s le vote.Et d&rsquo;insister: \u00ab\u00a0Nous ne nous arr\u00eaterons pas tant que ce Conseil n&rsquo;aura pas assum\u00e9 son enti\u00e8re responsabilit\u00e9 et appel\u00e9 \u00e0 un cessez-le-feu, car notre volont\u00e9 est de fer et notre d\u00e9termination est in\u00e9puisable\u00a0\u00bb.<\/p>\n\n\n\n<p>R.N.<\/p>\n","protected":false},"excerpt":{"rendered":"<p>Le rejet de la r\u00e9solution pr\u00e9sent\u00e9e par l\u2019Alg\u00e9rie au Conseil de s\u00e9curit\u00e9 de l\u2019ONU en raison du seul veto am\u00e9ricain<\/p>\n","protected":false},"author":3,"featured_media":46712,"comment_status":"open","ping_status":"closed","sticky":false,"template":"","format":"standard","meta":{"colormag_page_container_layout":"default_layout","colormag_page_sidebar_layout":"default_layout","om_disable_all_campaigns":false,"_monsterinsights_skip_tracking":false,"_monsterinsights_sitenote_active":false,"_monsterinsights_sitenote_note":"","_monsterinsights_sitenote_category":0,"footnotes":"","_wpscppro_dont_share_socialmedia":false,"_wpscppro_custom_social_share_image":0,"_facebook_share_type":"","_twitter_share_type":"","_linkedin_share_type":"","_pinterest_share_type":"","_linkedin_share_type_page":"","_instagram_share_type":"","_medium_share_type":"","_threads_share_type":"","_google_business_share_type":"","_selected_social_profile":[],"_wpsp_enable_custom_social_template":false,"_wpsp_social_scheduling":{"enabled":false,"datetime":null,"platforms":[],"status":"template_only","dateOption":"today","timeOption":"now","customDays":"","customHours":"","customDate":"","customTime":"","schedulingType":"absolute"},"_wpsp_active_default_template":true},"categories":[27],"tags":[],"class_list":["post-49755","post","type-post","status-publish","format-standard","has-post-thumbnail","hentry","category-actualite"],"aioseo_notices":[],"yoast_head":"<!-- This site is optimized with the Yoast SEO plugin v27.5 - https:\/\/yoast.com\/product\/yoast-seo-wordpress\/ -->\n<title>Veto am\u00e9ricain \u00e0 la r\u00e9solution pr\u00e9sent\u00e9e par l\u2019Alg\u00e9rie pour un cessez-le-feu\u00a0: Une condamnation internationale unanime - La Sentinelle<\/title>\n<meta name=\"robots\" content=\"index, follow, max-snippet:-1, max-image-preview:large, max-video-preview:-1\" \/>\n<link rel=\"canonical\" href=\"https:\/\/lasentinelle.dz\/index.php\/2024\/02\/22\/veto-americain-a-la-resolution-presentee-par-lalgerie-pour-un-cessez-le-feu-une-condamnation-internationale-unanime\/\" \/>\n<meta property=\"og:locale\" content=\"fr_FR\" \/>\n<meta property=\"og:type\" content=\"article\" \/>\n<meta property=\"og:title\" content=\"Veto am\u00e9ricain \u00e0 la r\u00e9solution pr\u00e9sent\u00e9e par l\u2019Alg\u00e9rie pour un cessez-le-feu\u00a0: Une condamnation internationale unanime - La Sentinelle\" \/>\n<meta property=\"og:description\" content=\"Le rejet de la r\u00e9solution pr\u00e9sent\u00e9e par l\u2019Alg\u00e9rie au Conseil de s\u00e9curit\u00e9 de l\u2019ONU en raison du seul veto am\u00e9ricain\" \/>\n<meta property=\"og:url\" content=\"https:\/\/lasentinelle.dz\/index.php\/2024\/02\/22\/veto-americain-a-la-resolution-presentee-par-lalgerie-pour-un-cessez-le-feu-une-condamnation-internationale-unanime\/\" \/>\n<meta property=\"og:site_name\" content=\"La Sentinelle\" \/>\n<meta property=\"article:publisher\" content=\"https:\/\/www.facebook.com\/La-Sentinelle-104059864394773\" \/>\n<meta property=\"article:published_time\" content=\"2024-02-22T11:11:00+00:00\" \/>\n<meta property=\"article:modified_time\" content=\"2024-02-24T11:23:19+00:00\" \/>\n<meta property=\"og:image\" content=\"https:\/\/lasentinelle.dz\/wp-content\/uploads\/2023\/10\/Conseil-de-securite.webp\" \/>\n\t<meta property=\"og:image:width\" content=\"1656\" \/>\n\t<meta property=\"og:image:height\" content=\"1060\" \/>\n\t<meta property=\"og:image:type\" content=\"image\/webp\" \/>\n<meta name=\"author\" content=\"La Sentinelle\" \/>\n<meta name=\"twitter:card\" content=\"summary_large_image\" \/>\n<meta name=\"twitter:label1\" content=\"\u00c9crit par\" \/>\n\t<meta name=\"twitter:data1\" content=\"La Sentinelle\" \/>\n\t<meta name=\"twitter:label2\" content=\"Dur\u00e9e de lecture estim\u00e9e\" \/>\n\t<meta name=\"twitter:data2\" content=\"5 minutes\" \/>\n<script type=\"application\/ld+json\" class=\"yoast-schema-graph\">{\"@context\":\"https:\\\/\\\/schema.org\",\"@graph\":[{\"@type\":\"Article\",\"@id\":\"https:\\\/\\\/lasentinelle.dz\\\/index.php\\\/2024\\\/02\\\/22\\\/veto-americain-a-la-resolution-presentee-par-lalgerie-pour-un-cessez-le-feu-une-condamnation-internationale-unanime\\\/#article\",\"isPartOf\":{\"@id\":\"https:\\\/\\\/lasentinelle.dz\\\/index.php\\\/2024\\\/02\\\/22\\\/veto-americain-a-la-resolution-presentee-par-lalgerie-pour-un-cessez-le-feu-une-condamnation-internationale-unanime\\\/\"},\"author\":{\"name\":\"La Sentinelle\",\"@id\":\"https:\\\/\\\/lasentinelle.dz\\\/#\\\/schema\\\/person\\\/d865044e22e70a75174ce8bcad3acfb3\"},\"headline\":\"Veto am\u00e9ricain \u00e0 la r\u00e9solution pr\u00e9sent\u00e9e par l\u2019Alg\u00e9rie pour un cessez-le-feu\u00a0: Une condamnation internationale unanime\",\"datePublished\":\"2024-02-22T11:11:00+00:00\",\"dateModified\":\"2024-02-24T11:23:19+00:00\",\"mainEntityOfPage\":{\"@id\":\"https:\\\/\\\/lasentinelle.dz\\\/index.php\\\/2024\\\/02\\\/22\\\/veto-americain-a-la-resolution-presentee-par-lalgerie-pour-un-cessez-le-feu-une-condamnation-internationale-unanime\\\/\"},\"wordCount\":947,\"commentCount\":0,\"publisher\":{\"@id\":\"https:\\\/\\\/lasentinelle.dz\\\/#organization\"},\"image\":{\"@id\":\"https:\\\/\\\/lasentinelle.dz\\\/index.php\\\/2024\\\/02\\\/22\\\/veto-americain-a-la-resolution-presentee-par-lalgerie-pour-un-cessez-le-feu-une-condamnation-internationale-unanime\\\/#primaryimage\"},\"thumbnailUrl\":\"https:\\\/\\\/lasentinelle.dz\\\/wp-content\\\/uploads\\\/2023\\\/10\\\/Conseil-de-securite.webp\",\"articleSection\":[\"Actualit\u00e9\"],\"inLanguage\":\"fr-FR\",\"potentialAction\":[{\"@type\":\"CommentAction\",\"name\":\"Comment\",\"target\":[\"https:\\\/\\\/lasentinelle.dz\\\/index.php\\\/2024\\\/02\\\/22\\\/veto-americain-a-la-resolution-presentee-par-lalgerie-pour-un-cessez-le-feu-une-condamnation-internationale-unanime\\\/#respond\"]}]},{\"@type\":\"WebPage\",\"@id\":\"https:\\\/\\\/lasentinelle.dz\\\/index.php\\\/2024\\\/02\\\/22\\\/veto-americain-a-la-resolution-presentee-par-lalgerie-pour-un-cessez-le-feu-une-condamnation-internationale-unanime\\\/\",\"url\":\"https:\\\/\\\/lasentinelle.dz\\\/index.php\\\/2024\\\/02\\\/22\\\/veto-americain-a-la-resolution-presentee-par-lalgerie-pour-un-cessez-le-feu-une-condamnation-internationale-unanime\\\/\",\"name\":\"Veto am\u00e9ricain \u00e0 la r\u00e9solution pr\u00e9sent\u00e9e par l\u2019Alg\u00e9rie pour un cessez-le-feu\u00a0: Une condamnation internationale unanime - La Sentinelle\",\"isPartOf\":{\"@id\":\"https:\\\/\\\/lasentinelle.dz\\\/#website\"},\"primaryImageOfPage\":{\"@id\":\"https:\\\/\\\/lasentinelle.dz\\\/index.php\\\/2024\\\/02\\\/22\\\/veto-americain-a-la-resolution-presentee-par-lalgerie-pour-un-cessez-le-feu-une-condamnation-internationale-unanime\\\/#primaryimage\"},\"image\":{\"@id\":\"https:\\\/\\\/lasentinelle.dz\\\/index.php\\\/2024\\\/02\\\/22\\\/veto-americain-a-la-resolution-presentee-par-lalgerie-pour-un-cessez-le-feu-une-condamnation-internationale-unanime\\\/#primaryimage\"},\"thumbnailUrl\":\"https:\\\/\\\/lasentinelle.dz\\\/wp-content\\\/uploads\\\/2023\\\/10\\\/Conseil-de-securite.webp\",\"datePublished\":\"2024-02-22T11:11:00+00:00\",\"dateModified\":\"2024-02-24T11:23:19+00:00\",\"breadcrumb\":{\"@id\":\"https:\\\/\\\/lasentinelle.dz\\\/index.php\\\/2024\\\/02\\\/22\\\/veto-americain-a-la-resolution-presentee-par-lalgerie-pour-un-cessez-le-feu-une-condamnation-internationale-unanime\\\/#breadcrumb\"},\"inLanguage\":\"fr-FR\",\"potentialAction\":[{\"@type\":\"ReadAction\",\"target\":[\"https:\\\/\\\/lasentinelle.dz\\\/index.php\\\/2024\\\/02\\\/22\\\/veto-americain-a-la-resolution-presentee-par-lalgerie-pour-un-cessez-le-feu-une-condamnation-internationale-unanime\\\/\"]}]},{\"@type\":\"ImageObject\",\"inLanguage\":\"fr-FR\",\"@id\":\"https:\\\/\\\/lasentinelle.dz\\\/index.php\\\/2024\\\/02\\\/22\\\/veto-americain-a-la-resolution-presentee-par-lalgerie-pour-un-cessez-le-feu-une-condamnation-internationale-unanime\\\/#primaryimage\",\"url\":\"https:\\\/\\\/lasentinelle.dz\\\/wp-content\\\/uploads\\\/2023\\\/10\\\/Conseil-de-securite.webp\",\"contentUrl\":\"https:\\\/\\\/lasentinelle.dz\\\/wp-content\\\/uploads\\\/2023\\\/10\\\/Conseil-de-securite.webp\",\"width\":1656,\"height\":1060},{\"@type\":\"BreadcrumbList\",\"@id\":\"https:\\\/\\\/lasentinelle.dz\\\/index.php\\\/2024\\\/02\\\/22\\\/veto-americain-a-la-resolution-presentee-par-lalgerie-pour-un-cessez-le-feu-une-condamnation-internationale-unanime\\\/#breadcrumb\",\"itemListElement\":[{\"@type\":\"ListItem\",\"position\":1,\"name\":\"Accueil\",\"item\":\"https:\\\/\\\/lasentinelle.dz\\\/\"},{\"@type\":\"ListItem\",\"position\":2,\"name\":\"Veto am\u00e9ricain \u00e0 la r\u00e9solution pr\u00e9sent\u00e9e par l\u2019Alg\u00e9rie pour un cessez-le-feu\u00a0: Une condamnation internationale unanime\"}]},{\"@type\":\"WebSite\",\"@id\":\"https:\\\/\\\/lasentinelle.dz\\\/#website\",\"url\":\"https:\\\/\\\/lasentinelle.dz\\\/\",\"name\":\"La Sentinelle\",\"description\":\"Quotidien national d&#039;information\",\"publisher\":{\"@id\":\"https:\\\/\\\/lasentinelle.dz\\\/#organization\"},\"potentialAction\":[{\"@type\":\"SearchAction\",\"target\":{\"@type\":\"EntryPoint\",\"urlTemplate\":\"https:\\\/\\\/lasentinelle.dz\\\/?s={search_term_string}\"},\"query-input\":{\"@type\":\"PropertyValueSpecification\",\"valueRequired\":true,\"valueName\":\"search_term_string\"}}],\"inLanguage\":\"fr-FR\"},{\"@type\":\"Organization\",\"@id\":\"https:\\\/\\\/lasentinelle.dz\\\/#organization\",\"name\":\"Quotidien La Sentinelle\",\"url\":\"https:\\\/\\\/lasentinelle.dz\\\/\",\"logo\":{\"@type\":\"ImageObject\",\"inLanguage\":\"fr-FR\",\"@id\":\"https:\\\/\\\/lasentinelle.dz\\\/#\\\/schema\\\/logo\\\/image\\\/\",\"url\":\"https:\\\/\\\/lasentinelle.dz\\\/wp-content\\\/uploads\\\/2021\\\/09\\\/logo-sentinelleSLOGAN-1.png\",\"contentUrl\":\"https:\\\/\\\/lasentinelle.dz\\\/wp-content\\\/uploads\\\/2021\\\/09\\\/logo-sentinelleSLOGAN-1.png\",\"width\":615,\"height\":142,\"caption\":\"Quotidien La Sentinelle\"},\"image\":{\"@id\":\"https:\\\/\\\/lasentinelle.dz\\\/#\\\/schema\\\/logo\\\/image\\\/\"},\"sameAs\":[\"https:\\\/\\\/www.facebook.com\\\/La-Sentinelle-104059864394773\"]},{\"@type\":\"Person\",\"@id\":\"https:\\\/\\\/lasentinelle.dz\\\/#\\\/schema\\\/person\\\/d865044e22e70a75174ce8bcad3acfb3\",\"name\":\"La Sentinelle\",\"image\":{\"@type\":\"ImageObject\",\"inLanguage\":\"fr-FR\",\"@id\":\"https:\\\/\\\/secure.gravatar.com\\\/avatar\\\/57de8e5d4b15d43fb361a71fbb36338450fe67865b528a43dd10ef7c51a20392?s=96&d=mm&r=g\",\"url\":\"https:\\\/\\\/secure.gravatar.com\\\/avatar\\\/57de8e5d4b15d43fb361a71fbb36338450fe67865b528a43dd10ef7c51a20392?s=96&d=mm&r=g\",\"contentUrl\":\"https:\\\/\\\/secure.gravatar.com\\\/avatar\\\/57de8e5d4b15d43fb361a71fbb36338450fe67865b528a43dd10ef7c51a20392?s=96&d=mm&r=g\",\"caption\":\"La Sentinelle\"},\"sameAs\":[\"http:\\\/\\\/www.lasentinelle.dz\"],\"url\":\"https:\\\/\\\/lasentinelle.dz\\\/author\\\/redaction\\\/\"}]}<\/script>\n<!-- \/ Yoast SEO plugin. -->","yoast_head_json":{"title":"Veto am\u00e9ricain \u00e0 la r\u00e9solution pr\u00e9sent\u00e9e par l\u2019Alg\u00e9rie pour un cessez-le-feu\u00a0: Une condamnation internationale unanime - La Sentinelle","robots":{"index":"index","follow":"follow","max-snippet":"max-snippet:-1","max-image-preview":"max-image-preview:large","max-video-preview":"max-video-preview:-1"},"canonical":"https:\/\/lasentinelle.dz\/index.php\/2024\/02\/22\/veto-americain-a-la-resolution-presentee-par-lalgerie-pour-un-cessez-le-feu-une-condamnation-internationale-unanime\/","og_locale":"fr_FR","og_type":"article","og_title":"Veto am\u00e9ricain \u00e0 la r\u00e9solution pr\u00e9sent\u00e9e par l\u2019Alg\u00e9rie pour un cessez-le-feu\u00a0: Une condamnation internationale unanime - La Sentinelle","og_description":"Le rejet de la r\u00e9solution pr\u00e9sent\u00e9e par l\u2019Alg\u00e9rie au Conseil de s\u00e9curit\u00e9 de l\u2019ONU en raison du seul veto am\u00e9ricain","og_url":"https:\/\/lasentinelle.dz\/index.php\/2024\/02\/22\/veto-americain-a-la-resolution-presentee-par-lalgerie-pour-un-cessez-le-feu-une-condamnation-internationale-unanime\/","og_site_name":"La Sentinelle","article_publisher":"https:\/\/www.facebook.com\/La-Sentinelle-104059864394773","article_published_time":"2024-02-22T11:11:00+00:00","article_modified_time":"2024-02-24T11:23:19+00:00","og_image":[{"width":1656,"height":1060,"url":"https:\/\/lasentinelle.dz\/wp-content\/uploads\/2023\/10\/Conseil-de-securite.webp","type":"image\/webp"}],"author":"La Sentinelle","twitter_card":"summary_large_image","twitter_misc":{"\u00c9crit par":"La Sentinelle","Dur\u00e9e de lecture estim\u00e9e":"5 minutes"},"schema":{"@context":"https:\/\/schema.org","@graph":[{"@type":"Article","@id":"https:\/\/lasentinelle.dz\/index.php\/2024\/02\/22\/veto-americain-a-la-resolution-presentee-par-lalgerie-pour-un-cessez-le-feu-une-condamnation-internationale-unanime\/#article","isPartOf":{"@id":"https:\/\/lasentinelle.dz\/index.php\/2024\/02\/22\/veto-americain-a-la-resolution-presentee-par-lalgerie-pour-un-cessez-le-feu-une-condamnation-internationale-unanime\/"},"author":{"name":"La Sentinelle","@id":"https:\/\/lasentinelle.dz\/#\/schema\/person\/d865044e22e70a75174ce8bcad3acfb3"},"headline":"Veto am\u00e9ricain \u00e0 la r\u00e9solution pr\u00e9sent\u00e9e par l\u2019Alg\u00e9rie pour un cessez-le-feu\u00a0: Une condamnation internationale unanime","datePublished":"2024-02-22T11:11:00+00:00","dateModified":"2024-02-24T11:23:19+00:00","mainEntityOfPage":{"@id":"https:\/\/lasentinelle.dz\/index.php\/2024\/02\/22\/veto-americain-a-la-resolution-presentee-par-lalgerie-pour-un-cessez-le-feu-une-condamnation-internationale-unanime\/"},"wordCount":947,"commentCount":0,"publisher":{"@id":"https:\/\/lasentinelle.dz\/#organization"},"image":{"@id":"https:\/\/lasentinelle.dz\/index.php\/2024\/02\/22\/veto-americain-a-la-resolution-presentee-par-lalgerie-pour-un-cessez-le-feu-une-condamnation-internationale-unanime\/#primaryimage"},"thumbnailUrl":"https:\/\/lasentinelle.dz\/wp-content\/uploads\/2023\/10\/Conseil-de-securite.webp","articleSection":["Actualit\u00e9"],"inLanguage":"fr-FR","potentialAction":[{"@type":"CommentAction","name":"Comment","target":["https:\/\/lasentinelle.dz\/index.php\/2024\/02\/22\/veto-americain-a-la-resolution-presentee-par-lalgerie-pour-un-cessez-le-feu-une-condamnation-internationale-unanime\/#respond"]}]},{"@type":"WebPage","@id":"https:\/\/lasentinelle.dz\/index.php\/2024\/02\/22\/veto-americain-a-la-resolution-presentee-par-lalgerie-pour-un-cessez-le-feu-une-condamnation-internationale-unanime\/","url":"https:\/\/lasentinelle.dz\/index.php\/2024\/02\/22\/veto-americain-a-la-resolution-presentee-par-lalgerie-pour-un-cessez-le-feu-une-condamnation-internationale-unanime\/","name":"Veto am\u00e9ricain \u00e0 la r\u00e9solution pr\u00e9sent\u00e9e par l\u2019Alg\u00e9rie pour un cessez-le-feu\u00a0: Une condamnation internationale unanime - La Sentinelle","isPartOf":{"@id":"https:\/\/lasentinelle.dz\/#website"},"primaryImageOfPage":{"@id":"https:\/\/lasentinelle.dz\/index.php\/2024\/02\/22\/veto-americain-a-la-resolution-presentee-par-lalgerie-pour-un-cessez-le-feu-une-condamnation-internationale-unanime\/#primaryimage"},"image":{"@id":"https:\/\/lasentinelle.dz\/index.php\/2024\/02\/22\/veto-americain-a-la-resolution-presentee-par-lalgerie-pour-un-cessez-le-feu-une-condamnation-internationale-unanime\/#primaryimage"},"thumbnailUrl":"https:\/\/lasentinelle.dz\/wp-content\/uploads\/2023\/10\/Conseil-de-securite.webp","datePublished":"2024-02-22T11:11:00+00:00","dateModified":"2024-02-24T11:23:19+00:00","breadcrumb":{"@id":"https:\/\/lasentinelle.dz\/index.php\/2024\/02\/22\/veto-americain-a-la-resolution-presentee-par-lalgerie-pour-un-cessez-le-feu-une-condamnation-internationale-unanime\/#breadcrumb"},"inLanguage":"fr-FR","potentialAction":[{"@type":"ReadAction","target":["https:\/\/lasentinelle.dz\/index.php\/2024\/02\/22\/veto-americain-a-la-resolution-presentee-par-lalgerie-pour-un-cessez-le-feu-une-condamnation-internationale-unanime\/"]}]},{"@type":"ImageObject","inLanguage":"fr-FR","@id":"https:\/\/lasentinelle.dz\/index.php\/2024\/02\/22\/veto-americain-a-la-resolution-presentee-par-lalgerie-pour-un-cessez-le-feu-une-condamnation-internationale-unanime\/#primaryimage","url":"https:\/\/lasentinelle.dz\/wp-content\/uploads\/2023\/10\/Conseil-de-securite.webp","contentUrl":"https:\/\/lasentinelle.dz\/wp-content\/uploads\/2023\/10\/Conseil-de-securite.webp","width":1656,"height":1060},{"@type":"BreadcrumbList","@id":"https:\/\/lasentinelle.dz\/index.php\/2024\/02\/22\/veto-americain-a-la-resolution-presentee-par-lalgerie-pour-un-cessez-le-feu-une-condamnation-internationale-unanime\/#breadcrumb","itemListElement":[{"@type":"ListItem","position":1,"name":"Accueil","item":"https:\/\/lasentinelle.dz\/"},{"@type":"ListItem","position":2,"name":"Veto am\u00e9ricain \u00e0 la r\u00e9solution pr\u00e9sent\u00e9e par l\u2019Alg\u00e9rie pour un cessez-le-feu\u00a0: Une condamnation internationale unanime"}]},{"@type":"WebSite","@id":"https:\/\/lasentinelle.dz\/#website","url":"https:\/\/lasentinelle.dz\/","name":"La Sentinelle","description":"Quotidien national d&#039;information","publisher":{"@id":"https:\/\/lasentinelle.dz\/#organization"},"potentialAction":[{"@type":"SearchAction","target":{"@type":"EntryPoint","urlTemplate":"https:\/\/lasentinelle.dz\/?s={search_term_string}"},"query-input":{"@type":"PropertyValueSpecification","valueRequired":true,"valueName":"search_term_string"}}],"inLanguage":"fr-FR"},{"@type":"Organization","@id":"https:\/\/lasentinelle.dz\/#organization","name":"Quotidien La Sentinelle","url":"https:\/\/lasentinelle.dz\/","logo":{"@type":"ImageObject","inLanguage":"fr-FR","@id":"https:\/\/lasentinelle.dz\/#\/schema\/logo\/image\/","url":"https:\/\/lasentinelle.dz\/wp-content\/uploads\/2021\/09\/logo-sentinelleSLOGAN-1.png","contentUrl":"https:\/\/lasentinelle.dz\/wp-content\/uploads\/2021\/09\/logo-sentinelleSLOGAN-1.png","width":615,"height":142,"caption":"Quotidien La Sentinelle"},"image":{"@id":"https:\/\/lasentinelle.dz\/#\/schema\/logo\/image\/"},"sameAs":["https:\/\/www.facebook.com\/La-Sentinelle-104059864394773"]},{"@type":"Person","@id":"https:\/\/lasentinelle.dz\/#\/schema\/person\/d865044e22e70a75174ce8bcad3acfb3","name":"La Sentinelle","image":{"@type":"ImageObject","inLanguage":"fr-FR","@id":"https:\/\/secure.gravatar.com\/avatar\/57de8e5d4b15d43fb361a71fbb36338450fe67865b528a43dd10ef7c51a20392?s=96&d=mm&r=g","url":"https:\/\/secure.gravatar.com\/avatar\/57de8e5d4b15d43fb361a71fbb36338450fe67865b528a43dd10ef7c51a20392?s=96&d=mm&r=g","contentUrl":"https:\/\/secure.gravatar.com\/avatar\/57de8e5d4b15d43fb361a71fbb36338450fe67865b528a43dd10ef7c51a20392?s=96&d=mm&r=g","caption":"La Sentinelle"},"sameAs":["http:\/\/www.lasentinelle.dz"],"url":"https:\/\/lasentinelle.dz\/author\/redaction\/"}]}},"_links":{"self":[{"href":"https:\/\/lasentinelle.dz\/index.php\/wp-json\/wp\/v2\/posts\/49755","targetHints":{"allow":["GET"]}}],"collection":[{"href":"https:\/\/lasentinelle.dz\/index.php\/wp-json\/wp\/v2\/posts"}],"about":[{"href":"https:\/\/lasentinelle.dz\/index.php\/wp-json\/wp\/v2\/types\/post"}],"author":[{"embeddable":true,"href":"https:\/\/lasentinelle.dz\/index.php\/wp-json\/wp\/v2\/users\/3"}],"replies":[{"embeddable":true,"href":"https:\/\/lasentinelle.dz\/index.php\/wp-json\/wp\/v2\/comments?post=49755"}],"version-history":[{"count":1,"href":"https:\/\/lasentinelle.dz\/index.php\/wp-json\/wp\/v2\/posts\/49755\/revisions"}],"predecessor-version":[{"id":49756,"href":"https:\/\/lasentinelle.dz\/index.php\/wp-json\/wp\/v2\/posts\/49755\/revisions\/49756"}],"wp:featuredmedia":[{"embeddable":true,"href":"https:\/\/lasentinelle.dz\/index.php\/wp-json\/wp\/v2\/media\/46712"}],"wp:attachment":[{"href":"https:\/\/lasentinelle.dz\/index.php\/wp-json\/wp\/v2\/media?parent=49755"}],"wp:term":[{"taxonomy":"category","embeddable":true,"href":"https:\/\/lasentinelle.dz\/index.php\/wp-json\/wp\/v2\/categories?post=49755"},{"taxonomy":"post_tag","embeddable":true,"href":"https:\/\/lasentinelle.dz\/index.php\/wp-json\/wp\/v2\/tags?post=49755"}],"curies":[{"name":"wp","href":"https:\/\/api.w.org\/{rel}","templated":true}]}}