{"id":49767,"date":"2024-02-25T12:45:36","date_gmt":"2024-02-25T11:45:36","guid":{"rendered":"https:\/\/lasentinelle.dz\/?p=49767"},"modified":"2024-02-25T12:45:37","modified_gmt":"2024-02-25T11:45:37","slug":"journee-de-la-casbah-la-rehabilitation-des-sites-historiques-avance","status":"publish","type":"post","link":"https:\/\/lasentinelle.dz\/index.php\/2024\/02\/25\/journee-de-la-casbah-la-rehabilitation-des-sites-historiques-avance\/","title":{"rendered":"Journ\u00e9e de la Casbah\u00a0: La r\u00e9habilitation des sites historiques avance"},"content":{"rendered":"\n<p>La livraison du Palais du Dey et celui des Beys est pr\u00e9vue \u00ab\u00a0fin 2024\u00a0\u00bb, tandis que Djama\u00e2 El-Barani, situ\u00e9 \u00e0 l&rsquo;entr\u00e9e de la Citadelle d&rsquo;Alger, sera livr\u00e9 \u00ab\u00a0au mois d&rsquo;ao\u00fbt prochain\u00a0\u00bb.<\/p>\n\n\n\n<p>Les travaux de restauration et de r\u00e9habilitation des sites historiques et arch\u00e9ologiques et des b\u00e2tisses situ\u00e9s dans le secteur sauvegard\u00e9 de la Casbah d&rsquo;Alger, class\u00e9e patrimoine mondial de l&rsquo;UNESCO, progressent en d\u00e9pit de quelques difficult\u00e9s, a indiqu\u00e9 \u00e0 l&rsquo;APS, Said Guelal, conseiller au niveau du cabinet du wali d&rsquo;Alger, charg\u00e9 de la Casbah et du patrimoine. \u00ab\u00a0De nombreux projets de restauration ont \u00e9t\u00e9 r\u00e9ceptionn\u00e9s, dont certains ont \u00e9t\u00e9 ouverts au public, tels que la Mosqu\u00e9e du Dey et Dar El-Baroud au niveau de la Citadelle d&rsquo;Alger, ainsi que des b\u00e2tisses historiques appartenant \u00e0 la famille Bouhired, Dar Bachtarzi, et le Mausol\u00e9e de Sidi Abderrahmane Tha\u00e2libi, a pr\u00e9cis\u00e9 M. Guelal, soulignant que plusieurs autres b\u00e2tisses coloniales dans la basse Casbah ont \u00e9t\u00e9 aussi r\u00e9habilit\u00e9es\u00a0\u00bb. \u00ab\u00a0Les travaux au niveau d&rsquo;autres monuments en cours de restauration vont bon train, tels que le Palais du Dey, le Palais des Beys au niveau de la Citadelle d&rsquo;Alger, le Palais Hassan Pacha dans la basse Casbah, Djama\u00e2 El-Barani dans la haute Casbah, les trois petites mosqu\u00e9es au c\u0153ur de la Casbah (Safir, Sidi Abdallah, Sidi Benali), Dar El Hamra et l&rsquo;ancien si\u00e8ge de la da\u00efra de Bab El Oued, a-t-il fait savoir. La livraison du Palais du Dey dont les travaux ont atteint \u00ab\u00a075 %\u00a0\u00bb, et celui des Beys (70 %), est pr\u00e9vue \u00ab\u00a0fin 2024\u00a0\u00bb. Djama\u00e2 El-Barani, situ\u00e9 \u00e0 l&rsquo;entr\u00e9e de la Citadelle d&rsquo;Alger, sera livr\u00e9 \u00ab\u00a0au mois d&rsquo;ao\u00fbt prochain\u00a0\u00bb. En ce qui concerne les autres travaux de restauration, le m\u00eame responsable a indiqu\u00e9 que \u00ab\u00a0les \u00e9tudes de restauration de quatre palais dans la basse Casbah ont \u00e9t\u00e9 finalis\u00e9es, et les proc\u00e9dures de s\u00e9lection&nbsp; des entreprises de restauration sont en cours\u00a0\u00bb. Il s&rsquo;agit de Dar Khdaoudj El-Amia, Dar Ahmed Pacha, Dar Es-Souf et Dar Essadaka. Des entreprises de restauration ont \u00e9t\u00e9 s\u00e9lectionn\u00e9es pour Djamaa Ben Fares et Djamaa Sidi M&rsquo;hamed Cherif. Un bureau d&rsquo;\u00e9tudes sp\u00e9cialis\u00e9 a lanc\u00e9 des \u00e9tudes de restauration pour les diff\u00e9rents espaces restants au niveau de la Citadelle d&rsquo;Alger, au nombre de sept, a-t-il ajout\u00e9. M. Guellal a en outre indiqu\u00e9 que le secteur sauvegard\u00e9 de la Casbah couvre une superficie de 105 hectares et comprend 1816 b\u00e2tisses, ajoutant que \u00ab\u00a080% d&rsquo;entre elles sont des propri\u00e9t\u00e9s priv\u00e9es dont 35% de propri\u00e9taires inconnus\u00a0\u00bb. Apr\u00e8s avoir soulign\u00e9 que les lois en vigueur, y compris la loi sur le patrimoine 98-04, stipulent que \u00ab\u00a0l&rsquo;Etat ne peut pas intervenir directement dans les b\u00e2timents priv\u00e9s\u00a0\u00bb, le m\u00eame responsable a estim\u00e9 que \u00ab\u00a0ce probl\u00e8me juridique est le principal d\u00e9fi auquel est confront\u00e9e la restauration des propri\u00e9t\u00e9s priv\u00e9es de la Casbah\u00a0\u00bb. Concernant le budget allou\u00e9 \u00e0 la restauration de la Casbah, M. Guellal a fait savoir que \u00ab\u00a024 Mds Da du budget de l&rsquo;Etat, en plus de 5 Mds Da du budget de la wilaya ont \u00e9t\u00e9 consacr\u00e9s pour la mise en \u0153uvre du plan permanent de conservation et de valorisation du secteur sauvegard\u00e9 de la Casbah d&rsquo;Alger, adopt\u00e9 en 2012\u00a0\u00bb. Le m\u00eame intervenant a rappel\u00e9 que la wilaya d&rsquo;Alger supervise l&rsquo;op\u00e9ration de restauration de la Casbah, class\u00e9e patrimoine mondial de l&rsquo;UNESCO en 1992, suite \u00e0 la d\u00e9cision de transfert du dossier de la Casbah de la tutelle du minist\u00e8re de la Culture et des Arts aux services de la wilaya d&rsquo;Alger fin 2016. \u00ab\u00a0Toutes les \u00e9tudes r\u00e9alis\u00e9es dans le cadre de la mise en \u0153uvre du plan sont effectu\u00e9es par des bureaux d&rsquo;\u00e9tudes alg\u00e9riens, compos\u00e9s d&rsquo;architectes agr\u00e9\u00e9s par le minist\u00e8re de la Culture et des Arts et des sp\u00e9cialistes du patrimoine\u00a0\u00bb, a soulign\u00e9 le m\u00eame responsable ajoutant que ces \u00ab\u00a0\u00e9tudes sont approuv\u00e9es par les services du minist\u00e8re, en particulier l&rsquo;Agence nationale des secteurs sauvegard\u00e9s (ANSS)\u00a0\u00bb, et \u00ab\u00a0les entreprises de r\u00e9alisation sont \u00e0 100% alg\u00e9riennes\u00a0\u00bb.<\/p>\n\n\n\n<p>APS<\/p>\n","protected":false},"excerpt":{"rendered":"<p>La livraison du Palais du Dey et celui des Beys est pr\u00e9vue \u00ab\u00a0fin 2024\u00a0\u00bb, tandis que Djama\u00e2 El-Barani, situ\u00e9 \u00e0<\/p>\n","protected":false},"author":3,"featured_media":49768,"comment_status":"open","ping_status":"closed","sticky":false,"template":"","format":"standard","meta":{"colormag_page_container_layout":"default_layout","colormag_page_sidebar_layout":"default_layout","om_disable_all_campaigns":false,"_monsterinsights_skip_tracking":false,"_monsterinsights_sitenote_active":false,"_monsterinsights_sitenote_note":"","_monsterinsights_sitenote_category":0,"footnotes":"","_wpscppro_dont_share_socialmedia":false,"_wpscppro_custom_social_share_image":0,"_facebook_share_type":"","_twitter_share_type":"","_linkedin_share_type":"","_pinterest_share_type":"","_linkedin_share_type_page":"","_instagram_share_type":"","_medium_share_type":"","_threads_share_type":"","_google_business_share_type":"","_selected_social_profile":[],"_wpsp_enable_custom_social_template":false,"_wpsp_social_scheduling":{"enabled":false,"datetime":null,"platforms":[],"status":"template_only","dateOption":"today","timeOption":"now","customDays":"","customHours":"","customDate":"","customTime":"","schedulingType":"absolute"},"_wpsp_active_default_template":true},"categories":[36],"tags":[],"class_list":["post-49767","post","type-post","status-publish","format-standard","has-post-thumbnail","hentry","category-culture"],"aioseo_notices":[],"yoast_head":"<!-- This site is optimized with the Yoast SEO plugin v27.5 - https:\/\/yoast.com\/product\/yoast-seo-wordpress\/ -->\n<title>Journ\u00e9e de la Casbah\u00a0: La r\u00e9habilitation des sites historiques avance - La Sentinelle<\/title>\n<meta name=\"robots\" content=\"index, follow, max-snippet:-1, max-image-preview:large, max-video-preview:-1\" \/>\n<link rel=\"canonical\" href=\"https:\/\/lasentinelle.dz\/index.php\/2024\/02\/25\/journee-de-la-casbah-la-rehabilitation-des-sites-historiques-avance\/\" \/>\n<meta property=\"og:locale\" content=\"fr_FR\" \/>\n<meta property=\"og:type\" content=\"article\" \/>\n<meta property=\"og:title\" content=\"Journ\u00e9e de la Casbah\u00a0: La r\u00e9habilitation des sites historiques avance - La Sentinelle\" \/>\n<meta property=\"og:description\" content=\"La livraison du Palais du Dey et celui des Beys est pr\u00e9vue \u00ab\u00a0fin 2024\u00a0\u00bb, tandis que Djama\u00e2 El-Barani, situ\u00e9 \u00e0\" \/>\n<meta property=\"og:url\" content=\"https:\/\/lasentinelle.dz\/index.php\/2024\/02\/25\/journee-de-la-casbah-la-rehabilitation-des-sites-historiques-avance\/\" \/>\n<meta property=\"og:site_name\" content=\"La Sentinelle\" \/>\n<meta property=\"article:publisher\" content=\"https:\/\/www.facebook.com\/La-Sentinelle-104059864394773\" \/>\n<meta property=\"article:published_time\" content=\"2024-02-25T11:45:36+00:00\" \/>\n<meta property=\"article:modified_time\" content=\"2024-02-25T11:45:37+00:00\" \/>\n<meta property=\"og:image\" content=\"https:\/\/lasentinelle.dz\/wp-content\/uploads\/2024\/02\/citadelle.jpeg\" \/>\n\t<meta property=\"og:image:width\" content=\"1280\" \/>\n\t<meta property=\"og:image:height\" content=\"960\" \/>\n\t<meta property=\"og:image:type\" content=\"image\/jpeg\" \/>\n<meta name=\"author\" content=\"La Sentinelle\" \/>\n<meta name=\"twitter:card\" content=\"summary_large_image\" \/>\n<meta name=\"twitter:label1\" content=\"\u00c9crit par\" \/>\n\t<meta name=\"twitter:data1\" content=\"La Sentinelle\" \/>\n\t<meta name=\"twitter:label2\" content=\"Dur\u00e9e de lecture estim\u00e9e\" \/>\n\t<meta name=\"twitter:data2\" content=\"4 minutes\" \/>\n<script type=\"application\/ld+json\" class=\"yoast-schema-graph\">{\"@context\":\"https:\\\/\\\/schema.org\",\"@graph\":[{\"@type\":\"Article\",\"@id\":\"https:\\\/\\\/lasentinelle.dz\\\/index.php\\\/2024\\\/02\\\/25\\\/journee-de-la-casbah-la-rehabilitation-des-sites-historiques-avance\\\/#article\",\"isPartOf\":{\"@id\":\"https:\\\/\\\/lasentinelle.dz\\\/index.php\\\/2024\\\/02\\\/25\\\/journee-de-la-casbah-la-rehabilitation-des-sites-historiques-avance\\\/\"},\"author\":{\"name\":\"La Sentinelle\",\"@id\":\"https:\\\/\\\/lasentinelle.dz\\\/#\\\/schema\\\/person\\\/d865044e22e70a75174ce8bcad3acfb3\"},\"headline\":\"Journ\u00e9e de la Casbah\u00a0: La r\u00e9habilitation des sites historiques avance\",\"datePublished\":\"2024-02-25T11:45:36+00:00\",\"dateModified\":\"2024-02-25T11:45:37+00:00\",\"mainEntityOfPage\":{\"@id\":\"https:\\\/\\\/lasentinelle.dz\\\/index.php\\\/2024\\\/02\\\/25\\\/journee-de-la-casbah-la-rehabilitation-des-sites-historiques-avance\\\/\"},\"wordCount\":726,\"commentCount\":0,\"publisher\":{\"@id\":\"https:\\\/\\\/lasentinelle.dz\\\/#organization\"},\"image\":{\"@id\":\"https:\\\/\\\/lasentinelle.dz\\\/index.php\\\/2024\\\/02\\\/25\\\/journee-de-la-casbah-la-rehabilitation-des-sites-historiques-avance\\\/#primaryimage\"},\"thumbnailUrl\":\"https:\\\/\\\/lasentinelle.dz\\\/wp-content\\\/uploads\\\/2024\\\/02\\\/citadelle.jpeg\",\"articleSection\":[\"Culture\"],\"inLanguage\":\"fr-FR\",\"potentialAction\":[{\"@type\":\"CommentAction\",\"name\":\"Comment\",\"target\":[\"https:\\\/\\\/lasentinelle.dz\\\/index.php\\\/2024\\\/02\\\/25\\\/journee-de-la-casbah-la-rehabilitation-des-sites-historiques-avance\\\/#respond\"]}]},{\"@type\":\"WebPage\",\"@id\":\"https:\\\/\\\/lasentinelle.dz\\\/index.php\\\/2024\\\/02\\\/25\\\/journee-de-la-casbah-la-rehabilitation-des-sites-historiques-avance\\\/\",\"url\":\"https:\\\/\\\/lasentinelle.dz\\\/index.php\\\/2024\\\/02\\\/25\\\/journee-de-la-casbah-la-rehabilitation-des-sites-historiques-avance\\\/\",\"name\":\"Journ\u00e9e de la Casbah\u00a0: La r\u00e9habilitation des sites historiques avance - La Sentinelle\",\"isPartOf\":{\"@id\":\"https:\\\/\\\/lasentinelle.dz\\\/#website\"},\"primaryImageOfPage\":{\"@id\":\"https:\\\/\\\/lasentinelle.dz\\\/index.php\\\/2024\\\/02\\\/25\\\/journee-de-la-casbah-la-rehabilitation-des-sites-historiques-avance\\\/#primaryimage\"},\"image\":{\"@id\":\"https:\\\/\\\/lasentinelle.dz\\\/index.php\\\/2024\\\/02\\\/25\\\/journee-de-la-casbah-la-rehabilitation-des-sites-historiques-avance\\\/#primaryimage\"},\"thumbnailUrl\":\"https:\\\/\\\/lasentinelle.dz\\\/wp-content\\\/uploads\\\/2024\\\/02\\\/citadelle.jpeg\",\"datePublished\":\"2024-02-25T11:45:36+00:00\",\"dateModified\":\"2024-02-25T11:45:37+00:00\",\"breadcrumb\":{\"@id\":\"https:\\\/\\\/lasentinelle.dz\\\/index.php\\\/2024\\\/02\\\/25\\\/journee-de-la-casbah-la-rehabilitation-des-sites-historiques-avance\\\/#breadcrumb\"},\"inLanguage\":\"fr-FR\",\"potentialAction\":[{\"@type\":\"ReadAction\",\"target\":[\"https:\\\/\\\/lasentinelle.dz\\\/index.php\\\/2024\\\/02\\\/25\\\/journee-de-la-casbah-la-rehabilitation-des-sites-historiques-avance\\\/\"]}]},{\"@type\":\"ImageObject\",\"inLanguage\":\"fr-FR\",\"@id\":\"https:\\\/\\\/lasentinelle.dz\\\/index.php\\\/2024\\\/02\\\/25\\\/journee-de-la-casbah-la-rehabilitation-des-sites-historiques-avance\\\/#primaryimage\",\"url\":\"https:\\\/\\\/lasentinelle.dz\\\/wp-content\\\/uploads\\\/2024\\\/02\\\/citadelle.jpeg\",\"contentUrl\":\"https:\\\/\\\/lasentinelle.dz\\\/wp-content\\\/uploads\\\/2024\\\/02\\\/citadelle.jpeg\",\"width\":1280,\"height\":960},{\"@type\":\"BreadcrumbList\",\"@id\":\"https:\\\/\\\/lasentinelle.dz\\\/index.php\\\/2024\\\/02\\\/25\\\/journee-de-la-casbah-la-rehabilitation-des-sites-historiques-avance\\\/#breadcrumb\",\"itemListElement\":[{\"@type\":\"ListItem\",\"position\":1,\"name\":\"Accueil\",\"item\":\"https:\\\/\\\/lasentinelle.dz\\\/\"},{\"@type\":\"ListItem\",\"position\":2,\"name\":\"Journ\u00e9e de la Casbah\u00a0: La r\u00e9habilitation des sites historiques avance\"}]},{\"@type\":\"WebSite\",\"@id\":\"https:\\\/\\\/lasentinelle.dz\\\/#website\",\"url\":\"https:\\\/\\\/lasentinelle.dz\\\/\",\"name\":\"La Sentinelle\",\"description\":\"Quotidien national d&#039;information\",\"publisher\":{\"@id\":\"https:\\\/\\\/lasentinelle.dz\\\/#organization\"},\"potentialAction\":[{\"@type\":\"SearchAction\",\"target\":{\"@type\":\"EntryPoint\",\"urlTemplate\":\"https:\\\/\\\/lasentinelle.dz\\\/?s={search_term_string}\"},\"query-input\":{\"@type\":\"PropertyValueSpecification\",\"valueRequired\":true,\"valueName\":\"search_term_string\"}}],\"inLanguage\":\"fr-FR\"},{\"@type\":\"Organization\",\"@id\":\"https:\\\/\\\/lasentinelle.dz\\\/#organization\",\"name\":\"Quotidien La Sentinelle\",\"url\":\"https:\\\/\\\/lasentinelle.dz\\\/\",\"logo\":{\"@type\":\"ImageObject\",\"inLanguage\":\"fr-FR\",\"@id\":\"https:\\\/\\\/lasentinelle.dz\\\/#\\\/schema\\\/logo\\\/image\\\/\",\"url\":\"https:\\\/\\\/lasentinelle.dz\\\/wp-content\\\/uploads\\\/2021\\\/09\\\/logo-sentinelleSLOGAN-1.png\",\"contentUrl\":\"https:\\\/\\\/lasentinelle.dz\\\/wp-content\\\/uploads\\\/2021\\\/09\\\/logo-sentinelleSLOGAN-1.png\",\"width\":615,\"height\":142,\"caption\":\"Quotidien La Sentinelle\"},\"image\":{\"@id\":\"https:\\\/\\\/lasentinelle.dz\\\/#\\\/schema\\\/logo\\\/image\\\/\"},\"sameAs\":[\"https:\\\/\\\/www.facebook.com\\\/La-Sentinelle-104059864394773\"]},{\"@type\":\"Person\",\"@id\":\"https:\\\/\\\/lasentinelle.dz\\\/#\\\/schema\\\/person\\\/d865044e22e70a75174ce8bcad3acfb3\",\"name\":\"La Sentinelle\",\"image\":{\"@type\":\"ImageObject\",\"inLanguage\":\"fr-FR\",\"@id\":\"https:\\\/\\\/secure.gravatar.com\\\/avatar\\\/57de8e5d4b15d43fb361a71fbb36338450fe67865b528a43dd10ef7c51a20392?s=96&d=mm&r=g\",\"url\":\"https:\\\/\\\/secure.gravatar.com\\\/avatar\\\/57de8e5d4b15d43fb361a71fbb36338450fe67865b528a43dd10ef7c51a20392?s=96&d=mm&r=g\",\"contentUrl\":\"https:\\\/\\\/secure.gravatar.com\\\/avatar\\\/57de8e5d4b15d43fb361a71fbb36338450fe67865b528a43dd10ef7c51a20392?s=96&d=mm&r=g\",\"caption\":\"La Sentinelle\"},\"sameAs\":[\"http:\\\/\\\/www.lasentinelle.dz\"],\"url\":\"https:\\\/\\\/lasentinelle.dz\\\/author\\\/redaction\\\/\"}]}<\/script>\n<!-- \/ Yoast SEO plugin. -->","yoast_head_json":{"title":"Journ\u00e9e de la Casbah\u00a0: La r\u00e9habilitation des sites historiques avance - La Sentinelle","robots":{"index":"index","follow":"follow","max-snippet":"max-snippet:-1","max-image-preview":"max-image-preview:large","max-video-preview":"max-video-preview:-1"},"canonical":"https:\/\/lasentinelle.dz\/index.php\/2024\/02\/25\/journee-de-la-casbah-la-rehabilitation-des-sites-historiques-avance\/","og_locale":"fr_FR","og_type":"article","og_title":"Journ\u00e9e de la Casbah\u00a0: La r\u00e9habilitation des sites historiques avance - La Sentinelle","og_description":"La livraison du Palais du Dey et celui des Beys est pr\u00e9vue \u00ab\u00a0fin 2024\u00a0\u00bb, tandis que Djama\u00e2 El-Barani, situ\u00e9 \u00e0","og_url":"https:\/\/lasentinelle.dz\/index.php\/2024\/02\/25\/journee-de-la-casbah-la-rehabilitation-des-sites-historiques-avance\/","og_site_name":"La Sentinelle","article_publisher":"https:\/\/www.facebook.com\/La-Sentinelle-104059864394773","article_published_time":"2024-02-25T11:45:36+00:00","article_modified_time":"2024-02-25T11:45:37+00:00","og_image":[{"width":1280,"height":960,"url":"https:\/\/lasentinelle.dz\/wp-content\/uploads\/2024\/02\/citadelle.jpeg","type":"image\/jpeg"}],"author":"La Sentinelle","twitter_card":"summary_large_image","twitter_misc":{"\u00c9crit par":"La Sentinelle","Dur\u00e9e de lecture estim\u00e9e":"4 minutes"},"schema":{"@context":"https:\/\/schema.org","@graph":[{"@type":"Article","@id":"https:\/\/lasentinelle.dz\/index.php\/2024\/02\/25\/journee-de-la-casbah-la-rehabilitation-des-sites-historiques-avance\/#article","isPartOf":{"@id":"https:\/\/lasentinelle.dz\/index.php\/2024\/02\/25\/journee-de-la-casbah-la-rehabilitation-des-sites-historiques-avance\/"},"author":{"name":"La Sentinelle","@id":"https:\/\/lasentinelle.dz\/#\/schema\/person\/d865044e22e70a75174ce8bcad3acfb3"},"headline":"Journ\u00e9e de la Casbah\u00a0: La r\u00e9habilitation des sites historiques avance","datePublished":"2024-02-25T11:45:36+00:00","dateModified":"2024-02-25T11:45:37+00:00","mainEntityOfPage":{"@id":"https:\/\/lasentinelle.dz\/index.php\/2024\/02\/25\/journee-de-la-casbah-la-rehabilitation-des-sites-historiques-avance\/"},"wordCount":726,"commentCount":0,"publisher":{"@id":"https:\/\/lasentinelle.dz\/#organization"},"image":{"@id":"https:\/\/lasentinelle.dz\/index.php\/2024\/02\/25\/journee-de-la-casbah-la-rehabilitation-des-sites-historiques-avance\/#primaryimage"},"thumbnailUrl":"https:\/\/lasentinelle.dz\/wp-content\/uploads\/2024\/02\/citadelle.jpeg","articleSection":["Culture"],"inLanguage":"fr-FR","potentialAction":[{"@type":"CommentAction","name":"Comment","target":["https:\/\/lasentinelle.dz\/index.php\/2024\/02\/25\/journee-de-la-casbah-la-rehabilitation-des-sites-historiques-avance\/#respond"]}]},{"@type":"WebPage","@id":"https:\/\/lasentinelle.dz\/index.php\/2024\/02\/25\/journee-de-la-casbah-la-rehabilitation-des-sites-historiques-avance\/","url":"https:\/\/lasentinelle.dz\/index.php\/2024\/02\/25\/journee-de-la-casbah-la-rehabilitation-des-sites-historiques-avance\/","name":"Journ\u00e9e de la Casbah\u00a0: La r\u00e9habilitation des sites historiques avance - La Sentinelle","isPartOf":{"@id":"https:\/\/lasentinelle.dz\/#website"},"primaryImageOfPage":{"@id":"https:\/\/lasentinelle.dz\/index.php\/2024\/02\/25\/journee-de-la-casbah-la-rehabilitation-des-sites-historiques-avance\/#primaryimage"},"image":{"@id":"https:\/\/lasentinelle.dz\/index.php\/2024\/02\/25\/journee-de-la-casbah-la-rehabilitation-des-sites-historiques-avance\/#primaryimage"},"thumbnailUrl":"https:\/\/lasentinelle.dz\/wp-content\/uploads\/2024\/02\/citadelle.jpeg","datePublished":"2024-02-25T11:45:36+00:00","dateModified":"2024-02-25T11:45:37+00:00","breadcrumb":{"@id":"https:\/\/lasentinelle.dz\/index.php\/2024\/02\/25\/journee-de-la-casbah-la-rehabilitation-des-sites-historiques-avance\/#breadcrumb"},"inLanguage":"fr-FR","potentialAction":[{"@type":"ReadAction","target":["https:\/\/lasentinelle.dz\/index.php\/2024\/02\/25\/journee-de-la-casbah-la-rehabilitation-des-sites-historiques-avance\/"]}]},{"@type":"ImageObject","inLanguage":"fr-FR","@id":"https:\/\/lasentinelle.dz\/index.php\/2024\/02\/25\/journee-de-la-casbah-la-rehabilitation-des-sites-historiques-avance\/#primaryimage","url":"https:\/\/lasentinelle.dz\/wp-content\/uploads\/2024\/02\/citadelle.jpeg","contentUrl":"https:\/\/lasentinelle.dz\/wp-content\/uploads\/2024\/02\/citadelle.jpeg","width":1280,"height":960},{"@type":"BreadcrumbList","@id":"https:\/\/lasentinelle.dz\/index.php\/2024\/02\/25\/journee-de-la-casbah-la-rehabilitation-des-sites-historiques-avance\/#breadcrumb","itemListElement":[{"@type":"ListItem","position":1,"name":"Accueil","item":"https:\/\/lasentinelle.dz\/"},{"@type":"ListItem","position":2,"name":"Journ\u00e9e de la Casbah\u00a0: La r\u00e9habilitation des sites historiques avance"}]},{"@type":"WebSite","@id":"https:\/\/lasentinelle.dz\/#website","url":"https:\/\/lasentinelle.dz\/","name":"La Sentinelle","description":"Quotidien national d&#039;information","publisher":{"@id":"https:\/\/lasentinelle.dz\/#organization"},"potentialAction":[{"@type":"SearchAction","target":{"@type":"EntryPoint","urlTemplate":"https:\/\/lasentinelle.dz\/?s={search_term_string}"},"query-input":{"@type":"PropertyValueSpecification","valueRequired":true,"valueName":"search_term_string"}}],"inLanguage":"fr-FR"},{"@type":"Organization","@id":"https:\/\/lasentinelle.dz\/#organization","name":"Quotidien La Sentinelle","url":"https:\/\/lasentinelle.dz\/","logo":{"@type":"ImageObject","inLanguage":"fr-FR","@id":"https:\/\/lasentinelle.dz\/#\/schema\/logo\/image\/","url":"https:\/\/lasentinelle.dz\/wp-content\/uploads\/2021\/09\/logo-sentinelleSLOGAN-1.png","contentUrl":"https:\/\/lasentinelle.dz\/wp-content\/uploads\/2021\/09\/logo-sentinelleSLOGAN-1.png","width":615,"height":142,"caption":"Quotidien La Sentinelle"},"image":{"@id":"https:\/\/lasentinelle.dz\/#\/schema\/logo\/image\/"},"sameAs":["https:\/\/www.facebook.com\/La-Sentinelle-104059864394773"]},{"@type":"Person","@id":"https:\/\/lasentinelle.dz\/#\/schema\/person\/d865044e22e70a75174ce8bcad3acfb3","name":"La Sentinelle","image":{"@type":"ImageObject","inLanguage":"fr-FR","@id":"https:\/\/secure.gravatar.com\/avatar\/57de8e5d4b15d43fb361a71fbb36338450fe67865b528a43dd10ef7c51a20392?s=96&d=mm&r=g","url":"https:\/\/secure.gravatar.com\/avatar\/57de8e5d4b15d43fb361a71fbb36338450fe67865b528a43dd10ef7c51a20392?s=96&d=mm&r=g","contentUrl":"https:\/\/secure.gravatar.com\/avatar\/57de8e5d4b15d43fb361a71fbb36338450fe67865b528a43dd10ef7c51a20392?s=96&d=mm&r=g","caption":"La Sentinelle"},"sameAs":["http:\/\/www.lasentinelle.dz"],"url":"https:\/\/lasentinelle.dz\/author\/redaction\/"}]}},"_links":{"self":[{"href":"https:\/\/lasentinelle.dz\/index.php\/wp-json\/wp\/v2\/posts\/49767","targetHints":{"allow":["GET"]}}],"collection":[{"href":"https:\/\/lasentinelle.dz\/index.php\/wp-json\/wp\/v2\/posts"}],"about":[{"href":"https:\/\/lasentinelle.dz\/index.php\/wp-json\/wp\/v2\/types\/post"}],"author":[{"embeddable":true,"href":"https:\/\/lasentinelle.dz\/index.php\/wp-json\/wp\/v2\/users\/3"}],"replies":[{"embeddable":true,"href":"https:\/\/lasentinelle.dz\/index.php\/wp-json\/wp\/v2\/comments?post=49767"}],"version-history":[{"count":1,"href":"https:\/\/lasentinelle.dz\/index.php\/wp-json\/wp\/v2\/posts\/49767\/revisions"}],"predecessor-version":[{"id":49769,"href":"https:\/\/lasentinelle.dz\/index.php\/wp-json\/wp\/v2\/posts\/49767\/revisions\/49769"}],"wp:featuredmedia":[{"embeddable":true,"href":"https:\/\/lasentinelle.dz\/index.php\/wp-json\/wp\/v2\/media\/49768"}],"wp:attachment":[{"href":"https:\/\/lasentinelle.dz\/index.php\/wp-json\/wp\/v2\/media?parent=49767"}],"wp:term":[{"taxonomy":"category","embeddable":true,"href":"https:\/\/lasentinelle.dz\/index.php\/wp-json\/wp\/v2\/categories?post=49767"},{"taxonomy":"post_tag","embeddable":true,"href":"https:\/\/lasentinelle.dz\/index.php\/wp-json\/wp\/v2\/tags?post=49767"}],"curies":[{"name":"wp","href":"https:\/\/api.w.org\/{rel}","templated":true}]}}