{"id":49786,"date":"2024-02-25T13:37:52","date_gmt":"2024-02-25T12:37:52","guid":{"rendered":"https:\/\/lasentinelle.dz\/?p=49786"},"modified":"2024-02-25T13:37:54","modified_gmt":"2024-02-25T12:37:54","slug":"letat-suit-de-pres-ses-biens-a-letranger","status":"publish","type":"post","link":"https:\/\/lasentinelle.dz\/index.php\/2024\/02\/25\/letat-suit-de-pres-ses-biens-a-letranger\/","title":{"rendered":"L\u2019\u00c9tat suit de pr\u00e8s ses biens \u00e0 l\u2019\u00e9tranger"},"content":{"rendered":"\n<p>Le ministre des Affaires \u00e9trang\u00e8res et de la Communaut\u00e9 nationale \u00e0 l&rsquo;\u00e9tranger, Ahmed Attaf, a mis en avant hier l&rsquo;inventaire des biens de l&rsquo;Etat \u00e0 l&rsquo;\u00e9tranger sous-entend trois cat\u00e9gories principales de biens, soit les si\u00e8ges des missions diplomatiques, les \u00e9coles alg\u00e9riennes \u00e0 l\u2019\u00e9trangers, et les biens acquis par le FLN et le GPRA durant la r\u00e9volution.<\/p>\n\n\n\n<p>L\u2019\u00c9tat est bien d\u00e9cid\u00e9 \u00e0 surveiller de tr\u00e8s pr\u00e8s ses deniers. Et bien que la gestion des biens de l\u2019\u00c9tat \u00e0 l\u2019\u00e9tranger ait constitu\u00e9 une probl\u00e9matique souvent point\u00e9e du doigt par la Cour du compte, le gouvernement entend revoir sa copie et s\u2019aider de nouveaux outils num\u00e9riques afin de d\u2019abord inventorier ces biens de mani\u00e8re pr\u00e9cise et d\u2019en assurer le suivi et le contr\u00f4le. C\u2019est dans cet objectif qu\u2019un accord de coop\u00e9ration et d&rsquo;\u00e9change d&rsquo;informations et de donn\u00e9es a \u00e9t\u00e9 sign\u00e9, hier, \u00e0 Alger, entre le minist\u00e8re des Finances et le minist\u00e8re des Affaires \u00e9trang\u00e8res et de la Communaut\u00e9 nationale \u00e0 l&rsquo;\u00e9tranger, avec a pour objectif la num\u00e9risation de l&rsquo;inventaire des biens immobiliers relevant du domaine de l&rsquo;Etat qui se trouvent en dehors du territoire national, et le suivi de leur situation. Cet accord permettra une coordination continue entre les deux minist\u00e8res, pour inventorier et suivre la situation des biens immobiliers relevant du domaine de l&rsquo;Etat \u00e0 l&rsquo;\u00e9tranger, \u00e0 travers une application num\u00e9rique, \u00ab\u00a0Patrimoine DZ\u00a0\u00bb, qui facilite le suivi de la situation des repr\u00e9sentations diplomatiques alg\u00e9riennes, ainsi que l&rsquo;inventaire, en sus du suivi de tous ce qui rel\u00e8ve du bien immobilier et les actualisations y aff\u00e9rents.<\/p>\n\n\n\n<p>Une d\u00e9marche salu\u00e9e par le ministre des Affaires \u00e9trang\u00e8res et de la Communaut\u00e9 nationale \u00e0 l&rsquo;\u00e9tranger, Ahmed Attaf, qui soulign\u00e9 l\u2019importance de cette d\u00e9marche pour garantir la transparence de la gestion de ces biens et rompre avec les pratiques du pass\u00e9 \u00e0 ce propos. Il a qualifi\u00e9 l\u2019accord \u00ab\u00a0d&rsquo;\u00e9tape importante et d\u00e9cisive vers l&rsquo;exploitation de la technologie au service de l&rsquo;int\u00e9r\u00eat g\u00e9n\u00e9ral, de mani\u00e8re \u00e0 assurer une gestion responsable des ressources financi\u00e8res et mat\u00e9rielles\u00a0\u00bb. L&rsquo;op\u00e9ration se veut \u00e9galement \u00ab\u00a0le d\u00e9but d&rsquo;une nouvelle \u00e8re de transparence et d&rsquo;efficacit\u00e9, en ce qu&rsquo;elle permet de recenser et de contr\u00f4ler de mani\u00e8re minutieuse les biens de l&rsquo;Etat et r\u00e9duit les d\u00e9g\u00e2ts et les p\u00e9rils de la gestion conventionnelle qui n&rsquo;a pas \u00e9t\u00e9 \u00e0 la hauteur de l&rsquo;efficience et de la rentabilit\u00e9 attendues d&rsquo;un service public de cette importance et de cette sensibilit\u00e9, a affirm\u00e9 M. Attaf. &nbsp;Selon le ministre, l&rsquo;op\u00e9ration d&rsquo;inventaire des biens de l&rsquo;Etat \u00e0 l&rsquo;\u00e9tranger sous-entend trois cat\u00e9gories principales de biens. La premi\u00e8re cat\u00e9gorie englobe \u00a0\u00bb les si\u00e8ges des missions diplomatiques et consulaires alg\u00e9riennes \u00e0 l&rsquo;\u00e9tranger\u00a0\u00bb. La 2e cat\u00e9gorie \u00ab\u00a0concerne les \u00e9difices des \u00e9tablissements \u00e9ducatifs et des centres culturels et m\u00e9diatiques alg\u00e9riens \u00e0 l&rsquo;\u00e9tranger\u00a0\u00bb. Quant \u00e0 la 3e cat\u00e9gorie, elle \u00ab\u00a0est relative&nbsp; aux si\u00e8ges des amicales des Alg\u00e9riens en Europe anciennement, des \u00e9difices de nombre de soci\u00e9t\u00e9s nationales qui activaient par le pass\u00e9 \u00e0 l&rsquo;\u00e9tranger, en sus des si\u00e8ges et des \u00e9difices acquis par le Front de lib\u00e9ration nationale (FLN), ensuite par le Gouvernement provisoire de la R\u00e9publique alg\u00e9rienne (GPRA), \u00e0 l&rsquo;\u00e8re de la R\u00e9volution alg\u00e9rienne\u00a0\u00bb. Evoquant le projet inclusif de num\u00e9risation, le ministre a affirm\u00e9 qu'\u00a0\u00bbil contribuera \u00e0 \u00e9radiquer les vieilles pratiques qui ont depuis toujours nuit \u00e0 l&rsquo;efficience et \u00e0 l&rsquo;efficacit\u00e9 de gestion du service public et dont le citoyen a toujours p\u00e2tit\u00a0\u00bb. Ce projet op\u00e9rera, selon lui, \u00ab\u00a0un \u00e9norme saut qualitatif, \u00e0 m\u00eame d&rsquo;accorder l&rsquo;attention au service public en termes de gestion, de suivi et d&rsquo;am\u00e9lioration, autant que le requi\u00e8rent les imp\u00e9ratifs de suivi des \u00e9volutions, d&rsquo;autant qu&rsquo;il fera entrer le service public dans le monde de la modernit\u00e9 par la grande porte, de m\u00eame qu&rsquo;il d\u00e9veloppera et am\u00e9liorera ses performance au service du citoyen\u00a0\u00bb.<\/p>\n\n\n\n<p>De son c\u00f4t\u00e9, le ministre des Finances&nbsp;; La\u00e2ziz Fa\u00efd a affirm\u00e9 que l\u2019application Patrimoine DZ contient une base de donn\u00e9es s\u00e9curis\u00e9e qui regroupe toutes les donn\u00e9es des biens immobiliers de l&rsquo;Etat \u00e0 l&rsquo;\u00e9tranger, con\u00e7ue sur la base d&rsquo;un fichier cr\u00e9\u00e9 au niveau de la Direction g\u00e9n\u00e9rale des Domaines au titre de ces biens. L&rsquo;application + vise \u00e0 d\u00e9mat\u00e9rialiser l&rsquo;op\u00e9ration de gestion classique, \u00e0 travers un nouveau mode num\u00e9rique qui permettra de cr\u00e9er des cartes num\u00e9riques pour chaque bien immobilier, lesquelles seront conserv\u00e9es dans une base de donn\u00e9es con\u00e7ue \u00e0 des fins de consultation, de localisation, d&rsquo;inventaire et d&rsquo;actualisation de la valeur commerciale\u00a0\u00bb, a ajout\u00e9 le ministre. Par ailleurs, un int\u00e9r\u00eat extr\u00eame a \u00e9t\u00e9 accord\u00e9 \u00e0 la s\u00e9curisation de l&rsquo;acc\u00e8s \u00e0 l&rsquo;application \u00e0 travers une v\u00e9rification stricte de l&rsquo;identit\u00e9 de l&rsquo;utilisateur, qui reste limit\u00e9e \u00e0 un nombre limit\u00e9 de services\u00a0\u00bb, a-t-il pr\u00e9cis\u00e9. Pour M. Faid, le minist\u00e8re des Finances s&#8217;emploie \u00e0 \u00ab\u00a0signer des accords de coop\u00e9ration et d&rsquo;\u00e9change d&rsquo;informations avec d&rsquo;autres secteurs minist\u00e9riels, notamment ceux ayant trait \u00e0 l&rsquo;immobilier, dans le but de cr\u00e9er une base de donn\u00e9es nationale comprenant toutes les informations et donn\u00e9es li\u00e9es aux aspects de l&rsquo;immobilier\u00a0\u00bb, laquelle sera utilis\u00e9e comme r\u00e9f\u00e9rence de base par les autorit\u00e9s publiques dans la prise de d\u00e9cisions dans le domaine du b\u00e2timent, des travaux publics et de l&rsquo;hydraulique (BTPH), de l&rsquo;am\u00e9nagement et de la reconstruction\u00a0\u00bb.<\/p>\n\n\n\n<p>Sabrina Aziouez<\/p>\n","protected":false},"excerpt":{"rendered":"<p>Le ministre des Affaires \u00e9trang\u00e8res et de la Communaut\u00e9 nationale \u00e0 l&rsquo;\u00e9tranger, Ahmed Attaf, a mis en avant hier l&rsquo;inventaire<\/p>\n","protected":false},"author":3,"featured_media":49787,"comment_status":"open","ping_status":"closed","sticky":false,"template":"","format":"standard","meta":{"colormag_page_container_layout":"default_layout","colormag_page_sidebar_layout":"default_layout","om_disable_all_campaigns":false,"_monsterinsights_skip_tracking":false,"_monsterinsights_sitenote_active":false,"_monsterinsights_sitenote_note":"","_monsterinsights_sitenote_category":0,"footnotes":"","_wpscppro_dont_share_socialmedia":false,"_wpscppro_custom_social_share_image":0,"_facebook_share_type":"","_twitter_share_type":"","_linkedin_share_type":"","_pinterest_share_type":"","_linkedin_share_type_page":"","_instagram_share_type":"","_medium_share_type":"","_threads_share_type":"","_google_business_share_type":"","_selected_social_profile":[],"_wpsp_enable_custom_social_template":false,"_wpsp_social_scheduling":{"enabled":false,"datetime":null,"platforms":[],"status":"template_only","dateOption":"today","timeOption":"now","customDays":"","customHours":"","customDate":"","customTime":"","schedulingType":"absolute"},"_wpsp_active_default_template":true},"categories":[52,27],"tags":[],"class_list":["post-49786","post","type-post","status-publish","format-standard","has-post-thumbnail","hentry","category-a-la-une","category-actualite"],"aioseo_notices":[],"yoast_head":"<!-- This site is optimized with the Yoast SEO plugin v27.4 - https:\/\/yoast.com\/product\/yoast-seo-wordpress\/ -->\n<title>L\u2019\u00c9tat suit de pr\u00e8s ses biens \u00e0 l\u2019\u00e9tranger - La Sentinelle<\/title>\n<meta name=\"robots\" content=\"index, follow, max-snippet:-1, max-image-preview:large, max-video-preview:-1\" \/>\n<link rel=\"canonical\" href=\"https:\/\/lasentinelle.dz\/index.php\/2024\/02\/25\/letat-suit-de-pres-ses-biens-a-letranger\/\" \/>\n<meta property=\"og:locale\" content=\"fr_FR\" \/>\n<meta property=\"og:type\" content=\"article\" \/>\n<meta property=\"og:title\" content=\"L\u2019\u00c9tat suit de pr\u00e8s ses biens \u00e0 l\u2019\u00e9tranger - La Sentinelle\" \/>\n<meta property=\"og:description\" content=\"Le ministre des Affaires \u00e9trang\u00e8res et de la Communaut\u00e9 nationale \u00e0 l&rsquo;\u00e9tranger, Ahmed Attaf, a mis en avant hier l&rsquo;inventaire\" \/>\n<meta property=\"og:url\" content=\"https:\/\/lasentinelle.dz\/index.php\/2024\/02\/25\/letat-suit-de-pres-ses-biens-a-letranger\/\" \/>\n<meta property=\"og:site_name\" content=\"La Sentinelle\" \/>\n<meta property=\"article:publisher\" content=\"https:\/\/www.facebook.com\/La-Sentinelle-104059864394773\" \/>\n<meta property=\"article:published_time\" content=\"2024-02-25T12:37:52+00:00\" \/>\n<meta property=\"article:modified_time\" content=\"2024-02-25T12:37:54+00:00\" \/>\n<meta property=\"og:image\" content=\"https:\/\/lasentinelle.dz\/wp-content\/uploads\/2024\/02\/accord.jpeg\" \/>\n\t<meta property=\"og:image:width\" content=\"1080\" \/>\n\t<meta property=\"og:image:height\" content=\"720\" \/>\n\t<meta property=\"og:image:type\" content=\"image\/jpeg\" \/>\n<meta name=\"author\" content=\"La Sentinelle\" \/>\n<meta name=\"twitter:card\" content=\"summary_large_image\" \/>\n<meta name=\"twitter:label1\" content=\"\u00c9crit par\" \/>\n\t<meta name=\"twitter:data1\" content=\"La Sentinelle\" \/>\n\t<meta name=\"twitter:label2\" content=\"Dur\u00e9e de lecture estim\u00e9e\" \/>\n\t<meta name=\"twitter:data2\" content=\"5 minutes\" \/>\n<script type=\"application\/ld+json\" class=\"yoast-schema-graph\">{\"@context\":\"https:\\\/\\\/schema.org\",\"@graph\":[{\"@type\":\"Article\",\"@id\":\"https:\\\/\\\/lasentinelle.dz\\\/index.php\\\/2024\\\/02\\\/25\\\/letat-suit-de-pres-ses-biens-a-letranger\\\/#article\",\"isPartOf\":{\"@id\":\"https:\\\/\\\/lasentinelle.dz\\\/index.php\\\/2024\\\/02\\\/25\\\/letat-suit-de-pres-ses-biens-a-letranger\\\/\"},\"author\":{\"name\":\"La Sentinelle\",\"@id\":\"https:\\\/\\\/lasentinelle.dz\\\/#\\\/schema\\\/person\\\/d865044e22e70a75174ce8bcad3acfb3\"},\"headline\":\"L\u2019\u00c9tat suit de pr\u00e8s ses biens \u00e0 l\u2019\u00e9tranger\",\"datePublished\":\"2024-02-25T12:37:52+00:00\",\"dateModified\":\"2024-02-25T12:37:54+00:00\",\"mainEntityOfPage\":{\"@id\":\"https:\\\/\\\/lasentinelle.dz\\\/index.php\\\/2024\\\/02\\\/25\\\/letat-suit-de-pres-ses-biens-a-letranger\\\/\"},\"wordCount\":1000,\"commentCount\":0,\"publisher\":{\"@id\":\"https:\\\/\\\/lasentinelle.dz\\\/#organization\"},\"image\":{\"@id\":\"https:\\\/\\\/lasentinelle.dz\\\/index.php\\\/2024\\\/02\\\/25\\\/letat-suit-de-pres-ses-biens-a-letranger\\\/#primaryimage\"},\"thumbnailUrl\":\"https:\\\/\\\/lasentinelle.dz\\\/wp-content\\\/uploads\\\/2024\\\/02\\\/accord.jpeg\",\"articleSection\":[\"\u00c0 la Une\",\"Actualit\u00e9\"],\"inLanguage\":\"fr-FR\",\"potentialAction\":[{\"@type\":\"CommentAction\",\"name\":\"Comment\",\"target\":[\"https:\\\/\\\/lasentinelle.dz\\\/index.php\\\/2024\\\/02\\\/25\\\/letat-suit-de-pres-ses-biens-a-letranger\\\/#respond\"]}]},{\"@type\":\"WebPage\",\"@id\":\"https:\\\/\\\/lasentinelle.dz\\\/index.php\\\/2024\\\/02\\\/25\\\/letat-suit-de-pres-ses-biens-a-letranger\\\/\",\"url\":\"https:\\\/\\\/lasentinelle.dz\\\/index.php\\\/2024\\\/02\\\/25\\\/letat-suit-de-pres-ses-biens-a-letranger\\\/\",\"name\":\"L\u2019\u00c9tat suit de pr\u00e8s ses biens \u00e0 l\u2019\u00e9tranger - La Sentinelle\",\"isPartOf\":{\"@id\":\"https:\\\/\\\/lasentinelle.dz\\\/#website\"},\"primaryImageOfPage\":{\"@id\":\"https:\\\/\\\/lasentinelle.dz\\\/index.php\\\/2024\\\/02\\\/25\\\/letat-suit-de-pres-ses-biens-a-letranger\\\/#primaryimage\"},\"image\":{\"@id\":\"https:\\\/\\\/lasentinelle.dz\\\/index.php\\\/2024\\\/02\\\/25\\\/letat-suit-de-pres-ses-biens-a-letranger\\\/#primaryimage\"},\"thumbnailUrl\":\"https:\\\/\\\/lasentinelle.dz\\\/wp-content\\\/uploads\\\/2024\\\/02\\\/accord.jpeg\",\"datePublished\":\"2024-02-25T12:37:52+00:00\",\"dateModified\":\"2024-02-25T12:37:54+00:00\",\"breadcrumb\":{\"@id\":\"https:\\\/\\\/lasentinelle.dz\\\/index.php\\\/2024\\\/02\\\/25\\\/letat-suit-de-pres-ses-biens-a-letranger\\\/#breadcrumb\"},\"inLanguage\":\"fr-FR\",\"potentialAction\":[{\"@type\":\"ReadAction\",\"target\":[\"https:\\\/\\\/lasentinelle.dz\\\/index.php\\\/2024\\\/02\\\/25\\\/letat-suit-de-pres-ses-biens-a-letranger\\\/\"]}]},{\"@type\":\"ImageObject\",\"inLanguage\":\"fr-FR\",\"@id\":\"https:\\\/\\\/lasentinelle.dz\\\/index.php\\\/2024\\\/02\\\/25\\\/letat-suit-de-pres-ses-biens-a-letranger\\\/#primaryimage\",\"url\":\"https:\\\/\\\/lasentinelle.dz\\\/wp-content\\\/uploads\\\/2024\\\/02\\\/accord.jpeg\",\"contentUrl\":\"https:\\\/\\\/lasentinelle.dz\\\/wp-content\\\/uploads\\\/2024\\\/02\\\/accord.jpeg\",\"width\":1080,\"height\":720},{\"@type\":\"BreadcrumbList\",\"@id\":\"https:\\\/\\\/lasentinelle.dz\\\/index.php\\\/2024\\\/02\\\/25\\\/letat-suit-de-pres-ses-biens-a-letranger\\\/#breadcrumb\",\"itemListElement\":[{\"@type\":\"ListItem\",\"position\":1,\"name\":\"Accueil\",\"item\":\"https:\\\/\\\/lasentinelle.dz\\\/\"},{\"@type\":\"ListItem\",\"position\":2,\"name\":\"L\u2019\u00c9tat suit de pr\u00e8s ses biens \u00e0 l\u2019\u00e9tranger\"}]},{\"@type\":\"WebSite\",\"@id\":\"https:\\\/\\\/lasentinelle.dz\\\/#website\",\"url\":\"https:\\\/\\\/lasentinelle.dz\\\/\",\"name\":\"La Sentinelle\",\"description\":\"Quotidien national d&#039;information\",\"publisher\":{\"@id\":\"https:\\\/\\\/lasentinelle.dz\\\/#organization\"},\"potentialAction\":[{\"@type\":\"SearchAction\",\"target\":{\"@type\":\"EntryPoint\",\"urlTemplate\":\"https:\\\/\\\/lasentinelle.dz\\\/?s={search_term_string}\"},\"query-input\":{\"@type\":\"PropertyValueSpecification\",\"valueRequired\":true,\"valueName\":\"search_term_string\"}}],\"inLanguage\":\"fr-FR\"},{\"@type\":\"Organization\",\"@id\":\"https:\\\/\\\/lasentinelle.dz\\\/#organization\",\"name\":\"Quotidien La Sentinelle\",\"url\":\"https:\\\/\\\/lasentinelle.dz\\\/\",\"logo\":{\"@type\":\"ImageObject\",\"inLanguage\":\"fr-FR\",\"@id\":\"https:\\\/\\\/lasentinelle.dz\\\/#\\\/schema\\\/logo\\\/image\\\/\",\"url\":\"https:\\\/\\\/lasentinelle.dz\\\/wp-content\\\/uploads\\\/2021\\\/09\\\/logo-sentinelleSLOGAN-1.png\",\"contentUrl\":\"https:\\\/\\\/lasentinelle.dz\\\/wp-content\\\/uploads\\\/2021\\\/09\\\/logo-sentinelleSLOGAN-1.png\",\"width\":615,\"height\":142,\"caption\":\"Quotidien La Sentinelle\"},\"image\":{\"@id\":\"https:\\\/\\\/lasentinelle.dz\\\/#\\\/schema\\\/logo\\\/image\\\/\"},\"sameAs\":[\"https:\\\/\\\/www.facebook.com\\\/La-Sentinelle-104059864394773\"]},{\"@type\":\"Person\",\"@id\":\"https:\\\/\\\/lasentinelle.dz\\\/#\\\/schema\\\/person\\\/d865044e22e70a75174ce8bcad3acfb3\",\"name\":\"La Sentinelle\",\"image\":{\"@type\":\"ImageObject\",\"inLanguage\":\"fr-FR\",\"@id\":\"https:\\\/\\\/secure.gravatar.com\\\/avatar\\\/57de8e5d4b15d43fb361a71fbb36338450fe67865b528a43dd10ef7c51a20392?s=96&d=mm&r=g\",\"url\":\"https:\\\/\\\/secure.gravatar.com\\\/avatar\\\/57de8e5d4b15d43fb361a71fbb36338450fe67865b528a43dd10ef7c51a20392?s=96&d=mm&r=g\",\"contentUrl\":\"https:\\\/\\\/secure.gravatar.com\\\/avatar\\\/57de8e5d4b15d43fb361a71fbb36338450fe67865b528a43dd10ef7c51a20392?s=96&d=mm&r=g\",\"caption\":\"La Sentinelle\"},\"sameAs\":[\"http:\\\/\\\/www.lasentinelle.dz\"],\"url\":\"https:\\\/\\\/lasentinelle.dz\\\/author\\\/redaction\\\/\"}]}<\/script>\n<!-- \/ Yoast SEO plugin. -->","yoast_head_json":{"title":"L\u2019\u00c9tat suit de pr\u00e8s ses biens \u00e0 l\u2019\u00e9tranger - La Sentinelle","robots":{"index":"index","follow":"follow","max-snippet":"max-snippet:-1","max-image-preview":"max-image-preview:large","max-video-preview":"max-video-preview:-1"},"canonical":"https:\/\/lasentinelle.dz\/index.php\/2024\/02\/25\/letat-suit-de-pres-ses-biens-a-letranger\/","og_locale":"fr_FR","og_type":"article","og_title":"L\u2019\u00c9tat suit de pr\u00e8s ses biens \u00e0 l\u2019\u00e9tranger - La Sentinelle","og_description":"Le ministre des Affaires \u00e9trang\u00e8res et de la Communaut\u00e9 nationale \u00e0 l&rsquo;\u00e9tranger, Ahmed Attaf, a mis en avant hier l&rsquo;inventaire","og_url":"https:\/\/lasentinelle.dz\/index.php\/2024\/02\/25\/letat-suit-de-pres-ses-biens-a-letranger\/","og_site_name":"La Sentinelle","article_publisher":"https:\/\/www.facebook.com\/La-Sentinelle-104059864394773","article_published_time":"2024-02-25T12:37:52+00:00","article_modified_time":"2024-02-25T12:37:54+00:00","og_image":[{"width":1080,"height":720,"url":"https:\/\/lasentinelle.dz\/wp-content\/uploads\/2024\/02\/accord.jpeg","type":"image\/jpeg"}],"author":"La Sentinelle","twitter_card":"summary_large_image","twitter_misc":{"\u00c9crit par":"La Sentinelle","Dur\u00e9e de lecture estim\u00e9e":"5 minutes"},"schema":{"@context":"https:\/\/schema.org","@graph":[{"@type":"Article","@id":"https:\/\/lasentinelle.dz\/index.php\/2024\/02\/25\/letat-suit-de-pres-ses-biens-a-letranger\/#article","isPartOf":{"@id":"https:\/\/lasentinelle.dz\/index.php\/2024\/02\/25\/letat-suit-de-pres-ses-biens-a-letranger\/"},"author":{"name":"La Sentinelle","@id":"https:\/\/lasentinelle.dz\/#\/schema\/person\/d865044e22e70a75174ce8bcad3acfb3"},"headline":"L\u2019\u00c9tat suit de pr\u00e8s ses biens \u00e0 l\u2019\u00e9tranger","datePublished":"2024-02-25T12:37:52+00:00","dateModified":"2024-02-25T12:37:54+00:00","mainEntityOfPage":{"@id":"https:\/\/lasentinelle.dz\/index.php\/2024\/02\/25\/letat-suit-de-pres-ses-biens-a-letranger\/"},"wordCount":1000,"commentCount":0,"publisher":{"@id":"https:\/\/lasentinelle.dz\/#organization"},"image":{"@id":"https:\/\/lasentinelle.dz\/index.php\/2024\/02\/25\/letat-suit-de-pres-ses-biens-a-letranger\/#primaryimage"},"thumbnailUrl":"https:\/\/lasentinelle.dz\/wp-content\/uploads\/2024\/02\/accord.jpeg","articleSection":["\u00c0 la Une","Actualit\u00e9"],"inLanguage":"fr-FR","potentialAction":[{"@type":"CommentAction","name":"Comment","target":["https:\/\/lasentinelle.dz\/index.php\/2024\/02\/25\/letat-suit-de-pres-ses-biens-a-letranger\/#respond"]}]},{"@type":"WebPage","@id":"https:\/\/lasentinelle.dz\/index.php\/2024\/02\/25\/letat-suit-de-pres-ses-biens-a-letranger\/","url":"https:\/\/lasentinelle.dz\/index.php\/2024\/02\/25\/letat-suit-de-pres-ses-biens-a-letranger\/","name":"L\u2019\u00c9tat suit de pr\u00e8s ses biens \u00e0 l\u2019\u00e9tranger - La Sentinelle","isPartOf":{"@id":"https:\/\/lasentinelle.dz\/#website"},"primaryImageOfPage":{"@id":"https:\/\/lasentinelle.dz\/index.php\/2024\/02\/25\/letat-suit-de-pres-ses-biens-a-letranger\/#primaryimage"},"image":{"@id":"https:\/\/lasentinelle.dz\/index.php\/2024\/02\/25\/letat-suit-de-pres-ses-biens-a-letranger\/#primaryimage"},"thumbnailUrl":"https:\/\/lasentinelle.dz\/wp-content\/uploads\/2024\/02\/accord.jpeg","datePublished":"2024-02-25T12:37:52+00:00","dateModified":"2024-02-25T12:37:54+00:00","breadcrumb":{"@id":"https:\/\/lasentinelle.dz\/index.php\/2024\/02\/25\/letat-suit-de-pres-ses-biens-a-letranger\/#breadcrumb"},"inLanguage":"fr-FR","potentialAction":[{"@type":"ReadAction","target":["https:\/\/lasentinelle.dz\/index.php\/2024\/02\/25\/letat-suit-de-pres-ses-biens-a-letranger\/"]}]},{"@type":"ImageObject","inLanguage":"fr-FR","@id":"https:\/\/lasentinelle.dz\/index.php\/2024\/02\/25\/letat-suit-de-pres-ses-biens-a-letranger\/#primaryimage","url":"https:\/\/lasentinelle.dz\/wp-content\/uploads\/2024\/02\/accord.jpeg","contentUrl":"https:\/\/lasentinelle.dz\/wp-content\/uploads\/2024\/02\/accord.jpeg","width":1080,"height":720},{"@type":"BreadcrumbList","@id":"https:\/\/lasentinelle.dz\/index.php\/2024\/02\/25\/letat-suit-de-pres-ses-biens-a-letranger\/#breadcrumb","itemListElement":[{"@type":"ListItem","position":1,"name":"Accueil","item":"https:\/\/lasentinelle.dz\/"},{"@type":"ListItem","position":2,"name":"L\u2019\u00c9tat suit de pr\u00e8s ses biens \u00e0 l\u2019\u00e9tranger"}]},{"@type":"WebSite","@id":"https:\/\/lasentinelle.dz\/#website","url":"https:\/\/lasentinelle.dz\/","name":"La Sentinelle","description":"Quotidien national d&#039;information","publisher":{"@id":"https:\/\/lasentinelle.dz\/#organization"},"potentialAction":[{"@type":"SearchAction","target":{"@type":"EntryPoint","urlTemplate":"https:\/\/lasentinelle.dz\/?s={search_term_string}"},"query-input":{"@type":"PropertyValueSpecification","valueRequired":true,"valueName":"search_term_string"}}],"inLanguage":"fr-FR"},{"@type":"Organization","@id":"https:\/\/lasentinelle.dz\/#organization","name":"Quotidien La Sentinelle","url":"https:\/\/lasentinelle.dz\/","logo":{"@type":"ImageObject","inLanguage":"fr-FR","@id":"https:\/\/lasentinelle.dz\/#\/schema\/logo\/image\/","url":"https:\/\/lasentinelle.dz\/wp-content\/uploads\/2021\/09\/logo-sentinelleSLOGAN-1.png","contentUrl":"https:\/\/lasentinelle.dz\/wp-content\/uploads\/2021\/09\/logo-sentinelleSLOGAN-1.png","width":615,"height":142,"caption":"Quotidien La Sentinelle"},"image":{"@id":"https:\/\/lasentinelle.dz\/#\/schema\/logo\/image\/"},"sameAs":["https:\/\/www.facebook.com\/La-Sentinelle-104059864394773"]},{"@type":"Person","@id":"https:\/\/lasentinelle.dz\/#\/schema\/person\/d865044e22e70a75174ce8bcad3acfb3","name":"La Sentinelle","image":{"@type":"ImageObject","inLanguage":"fr-FR","@id":"https:\/\/secure.gravatar.com\/avatar\/57de8e5d4b15d43fb361a71fbb36338450fe67865b528a43dd10ef7c51a20392?s=96&d=mm&r=g","url":"https:\/\/secure.gravatar.com\/avatar\/57de8e5d4b15d43fb361a71fbb36338450fe67865b528a43dd10ef7c51a20392?s=96&d=mm&r=g","contentUrl":"https:\/\/secure.gravatar.com\/avatar\/57de8e5d4b15d43fb361a71fbb36338450fe67865b528a43dd10ef7c51a20392?s=96&d=mm&r=g","caption":"La Sentinelle"},"sameAs":["http:\/\/www.lasentinelle.dz"],"url":"https:\/\/lasentinelle.dz\/author\/redaction\/"}]}},"_links":{"self":[{"href":"https:\/\/lasentinelle.dz\/index.php\/wp-json\/wp\/v2\/posts\/49786","targetHints":{"allow":["GET"]}}],"collection":[{"href":"https:\/\/lasentinelle.dz\/index.php\/wp-json\/wp\/v2\/posts"}],"about":[{"href":"https:\/\/lasentinelle.dz\/index.php\/wp-json\/wp\/v2\/types\/post"}],"author":[{"embeddable":true,"href":"https:\/\/lasentinelle.dz\/index.php\/wp-json\/wp\/v2\/users\/3"}],"replies":[{"embeddable":true,"href":"https:\/\/lasentinelle.dz\/index.php\/wp-json\/wp\/v2\/comments?post=49786"}],"version-history":[{"count":1,"href":"https:\/\/lasentinelle.dz\/index.php\/wp-json\/wp\/v2\/posts\/49786\/revisions"}],"predecessor-version":[{"id":49788,"href":"https:\/\/lasentinelle.dz\/index.php\/wp-json\/wp\/v2\/posts\/49786\/revisions\/49788"}],"wp:featuredmedia":[{"embeddable":true,"href":"https:\/\/lasentinelle.dz\/index.php\/wp-json\/wp\/v2\/media\/49787"}],"wp:attachment":[{"href":"https:\/\/lasentinelle.dz\/index.php\/wp-json\/wp\/v2\/media?parent=49786"}],"wp:term":[{"taxonomy":"category","embeddable":true,"href":"https:\/\/lasentinelle.dz\/index.php\/wp-json\/wp\/v2\/categories?post=49786"},{"taxonomy":"post_tag","embeddable":true,"href":"https:\/\/lasentinelle.dz\/index.php\/wp-json\/wp\/v2\/tags?post=49786"}],"curies":[{"name":"wp","href":"https:\/\/api.w.org\/{rel}","templated":true}]}}