{"id":49797,"date":"2024-02-25T14:05:42","date_gmt":"2024-02-25T13:05:42","guid":{"rendered":"https:\/\/lasentinelle.dz\/?p=49797"},"modified":"2024-02-25T14:05:44","modified_gmt":"2024-02-25T13:05:44","slug":"lappel-a-la-mobilisation","status":"publish","type":"post","link":"https:\/\/lasentinelle.dz\/index.php\/2024\/02\/25\/lappel-a-la-mobilisation\/","title":{"rendered":"L\u2019appel \u00e0 la mobilisation"},"content":{"rendered":"\n<p>Le pr\u00e9sident de la R\u00e9publique, Abdelmadjid Tebboune a appel\u00e9, hier, au maintien de l&rsquo;unit\u00e9 des rangs afin de faire face aux tentatives hostiles ciblant le pays.<\/p>\n\n\n\n<p>Le 24 f\u00e9vrier est une date charni\u00e8re dans l\u2019histoire nationale. Une date symbole pour le processus de recouvrement de la souverainet\u00e9 politique et \u00e9conomique et qui refl\u00e8te la mobilisation des travailleurs \u00e0 ce processus en c\u00e9l\u00e9brant \u00e0 la fois la cr\u00e9ation de l\u2019Union g\u00e9n\u00e9rale des travailleurs alg\u00e9riens en 1956 et la nationalisation des hydrocarbures en 1971. Un double anniversaire au cours duquel, le pr\u00e9sident de la R\u00e9publique, Abdelmadjid Tebboune, a lanc\u00e9 un nouvel appel \u00e0 la mobilisation du monde du travail pour faire face aux nouveaux d\u00e9fis auxquels fait face notre pays et pr\u00e9server cette souverainet\u00e9 ch\u00e8rement acquise. Ainsi, dans un message lu en son nom par le Premier ministre, Nadir Larbaoui, lors des c\u00e9l\u00e9brations officielles tenues \u00e0 Timimoun, le pr\u00e9sident de la R\u00e9publique a appel\u00e9 les travailleurs \u00e0 adh\u00e9rer le processus des r\u00e9formes engag\u00e9es, pour consolider les acquis sociaux et diversifier l\u2019\u00e9conomie nationale afin d\u2019assurer la p\u00e9rennit\u00e9 du caract\u00e8re social de l\u2019\u00c9tat et faire face aux actes hostiles visant la Nation. Une occasion aussi de faire un bilan d\u2019\u00e9tape des r\u00e9alisations en ce qui concerne la consolidation du pouvoir d\u2019achat et de la diversification de l\u2019\u00e9conomie nationale, mais aussi de se projeter sur les chantiers \u00e0 venir notamment ce qui concerne le d\u00e9veloppement minier et la valorisation des richesses de la Nation, ainsi que le red\u00e9ploiement de l\u2019Alg\u00e9rie sur les march\u00e9s \u00e9nerg\u00e9tiques, notamment gazier.<\/p>\n\n\n\n<p><strong>Promouvoir le dialogue<\/strong><\/p>\n\n\n\n<p>A cet effet, le Pr\u00e9sident Tebboune a lanc\u00e9, dans son message, un appel &nbsp;au maintien de l&rsquo;unit\u00e9 des rangs dans un monde instable et en perp\u00e9tuelle mutation, aux niveaux r\u00e9gional et international, afin de faire face aux tentatives hostiles ciblant le pays, outre l&rsquo;adh\u00e9sion de tous au processus de r\u00e9formes pour l&rsquo;\u00e9dification de l&rsquo;Alg\u00e9rie nouvelle et la contribution positive au parach\u00e8vement des chantiers lanc\u00e9s dans le but de diversifier l&rsquo;\u00e9conomie nationale, renforcer les efforts de d\u00e9veloppement, atteindre le bien-\u00eatre social des citoyens et consolider les acquis d\u00e9j\u00e0 r\u00e9alis\u00e9s. Parmi ces acquis, le pr\u00e9sident de la R\u00e9publique a \u00e9voqu\u00e9 les conditions socio-professionnelles des travailleurs et a affirm\u00e9 avoir donn\u00e9 un int\u00e9r\u00eat particulier \u00e0 la r\u00e9union des meilleures conditions au profit des travailleurs pour leur permettre de s&rsquo;acquitter au mieux de leurs devoirs professionnels et am\u00e9liorer leurs conditions sociales en continuant \u00e0 mettre l&rsquo;accent sur la cons\u00e9cration du caract\u00e8re social de l&rsquo;Etat et l&rsquo;engagement en faveur de la Justice sociale.<\/p>\n\n\n\n<p>Il a ainsi rappel\u00e9 la hausse du niveau et du volume des transferts sociaux et \u00e0 une r\u00e9forme du syst\u00e8me fiscal en vue de consacrer les principes d&rsquo;\u00e9quit\u00e9 et de justice \u00e0 travers l&rsquo;\u00e9largissement des exon\u00e9rations et des r\u00e9ductions fiscales au profit des personnes \u00e0 faible et moyen revenus, et l&rsquo;augmentation progressive des salaires pour maintenir le pouvoir d&rsquo;achat de plus de 2.800.000 salari\u00e9s et contractuels, ainsi que la valorisation des allocations et pensions de retraite et l&rsquo;ach\u00e8vement d&rsquo;int\u00e9gration de plus de 500.000 b\u00e9n\u00e9ficiaires des dispositifs d&rsquo;aide \u00e0 l&rsquo;insertion professionnelle et sociale dans des postes d&#8217;emploi permanents. Apr\u00e8s avoir soulign\u00e9 sa conviction quant au r\u00f4le vital des partenaires sociaux, le pr\u00e9sident de la R\u00e9publique a exprim\u00e9 son souci d&rsquo;instaurer une culture de dialogue,estimant que la participation des organisations syndicales au dialogue social \u00e0 tous les niveaux est un acquis d\u00e9mocratique et une base essentielle pour soutenir la croissance et la stabilit\u00e9 sociale.<\/p>\n\n\n\n<p>Le pr\u00e9sident de la R\u00e9publique a rappel\u00e9, dans ce cadre, la r\u00e9forme profonde de la loi relative \u00e0 l&rsquo;exercice du droit syndical \u00e0 la lumi\u00e8re des acquis obtenus au titre de la Constitution de 2020, en ce qui concerne la promotion des libert\u00e9s fondamentales, ce qui a permis de renforcer les garanties d&rsquo;exercice du droit syndical et de mettre en place de nombreuses mesures et m\u00e9canismes visant \u00e0 garantir l&rsquo;ind\u00e9pendance et l&rsquo;impartialit\u00e9 des syndicats et \u00e0 les prot\u00e9ger contre les tiraillements politiciens et partisans.<\/p>\n\n\n\n<p><strong>Mines, gaz et p\u00e9trochimie<\/strong><\/p>\n\n\n\n<p>Sur le plan \u00e9conomique, le Pr\u00e9sident Tebboune a affirm\u00e9 que l&rsquo;Alg\u00e9rie connaissait une profonde mutation \u00e0 tous les niveaux et avan\u00e7ait \u00e0 pas s\u00fbrs vers l&rsquo;\u00e9dification d&rsquo;une \u00e9conomie forte et diversifi\u00e9e apr\u00e8s les r\u00e9formes globales ayant permis d&rsquo;asseoir un nouveau syst\u00e8me garantissant la libert\u00e9 d&rsquo;initiative, favorisant l&rsquo;investissement et consacrant les principes de transparence et d&rsquo;\u00e9galit\u00e9 entre les op\u00e9rateurs \u00e9conomiques. Dans ce cadre, il a mis, \u00e0 cette occasion en avant, le programme de d\u00e9veloppement minier, lequel occupe une place centrale dans le programme de diversification de l\u2019\u00e9conomie nationale et de promotion des industries de transformation. Il a ainsi \u00e9voqu\u00e9 les grandes \u00e9tapes franchies dans la mise en \u0153uvre de ce programme notamment en ce qui concerne les trois projets structurants du secteur, \u00e0 savoir l&rsquo;exploitation de la mine de fer de Gara Djebilet, le projet int\u00e9gr\u00e9 du phosphate \u00e0 Bled El Hadba et le projet zinc-plomb d\u2019Oued Amizour. Le pr\u00e9sident de la R\u00e9publique a pr\u00e9cis\u00e9 que ces projets, en sus de leur contribution \u00e0 la diversification de l&rsquo;\u00e9conomie nationale, constitueront une locomotive de d\u00e9veloppement dans les r\u00e9gions qui les abritent, \u00e0 travers la cr\u00e9ation de postes d&#8217;emploi et le d\u00e9veloppement de l&rsquo;infrastructure, \u00e0 l&rsquo;instar du r\u00e9seau ferroviaire. Le pr\u00e9sident de la R\u00e9publique s&rsquo;est, \u00e9galement, dit confiant que la dynamique que connait le secteur se consolidera apr\u00e8s r\u00e9vision de la loi mini\u00e8re pr\u00e9vue prochainement, pour l&rsquo;adapter aux nouveaut\u00e9s que connait cette activit\u00e9 et am\u00e9liorer son attractivit\u00e9 pour les investisseurs avec pr\u00e9servation des int\u00e9r\u00eats nationaux.<\/p>\n\n\n\n<p>Le secteur des hydrocarbures qui demeure la locomotive de l\u2019\u00e9conomie nationale depuis la nationalisation d\u00e9cid\u00e9e par le d\u00e9funt Pr\u00e9sident Houari Boumediene, n\u2019est pas en reste, la diversification et la transition n\u2019\u00e9tant pas synonyme de d\u00e9sengagement du secteur. Le Pr\u00e9sident Tebboune a ainsi affirm\u00e9 que l&rsquo;Alg\u00e9rie poursuivra ses efforts pour augmenter ses capacit\u00e9s de production des hydrocarbures, \u00e0 travers un plan d&rsquo;investissement ambitieux qui permettra d&rsquo;augmenter la production primaire d&rsquo;hydrocarbures en Alg\u00e9rie, de l&rsquo;ordre de 2% annuellement, durant la p\u00e9riode allant de 2023 \u00e0 2027, pour atteindre environ 209 millions de tonnes \u00e9quivalant p\u00e9trole (TEP) \u00e0 l&rsquo;horizon 2027. Il a pr\u00e9cis\u00e9 que \u00ab\u00a0l&rsquo;Alg\u00e9rie poursuivra ses investissements pour la d\u00e9couverte de nouveaux champs et l&rsquo;am\u00e9lioration des champs existants, en sus de l&rsquo;intensification des efforts en vue d&rsquo;acc\u00e9l\u00e9rer la cadence de mise en \u0153uvre du programme de valorisation des hydrocarbures. &nbsp;Ce programme, a-t-il ajout\u00e9, vise \u00e0 conf\u00e9rer une nouvelle dynamique au domaine de la p\u00e9trochimie, et ce dans le cadre de la concr\u00e9tisation de son engagement \u00e0 encourager la production et l&rsquo;exportation de l&rsquo;\u00e9nergie, \u00e0 travers l&rsquo;intensification de la production des \u00e9nergies fossiles. Il a dans ce sens mis en avant les plus importants projets gaziers lanc\u00e9s dans la wilaya de Timimoun, indiquant que cette wilaya occupe une importante place au titre de la strat\u00e9gie de consolidation de l&rsquo;amont p\u00e9trolier pour la production du gaz naturel, \u00e0 travers trois importants projets gaziers, \u00e0 savoir le d\u00e9veloppement des champs de Hassi Ba Hamou, de Hassi Tidjerane et de Tinerkouk, d&rsquo;une capacit\u00e9 de production estim\u00e9e \u00e0 14 millions de m3 par jour.<\/p>\n\n\n\n<p>Abdelmadjd Tebboune a aussi mis en avant les ambitions de l\u2019Alg\u00e9rie qui s\u2019impose comme un acteur majeur du march\u00e9 et qui accueille \u00e0 la fin de la semaine le 7<sup>e<\/sup> Sommet du Forum des pays exportateurs de p\u00e9trole. A ce propos il dit compter \u00a0\u00bb sur la tenue du 7e Sommet du GECF \u00e0 Alger pour le d\u00e9veloppement d&rsquo;une exploitation optimale de cette ressource\u00a0\u00bb. Le pr\u00e9sident de la R\u00e9publique a \u00e9galement souhait\u00e9 que le 7e Sommet du GECF permette d&rsquo;approfondir le dialogue sur la place du gaz dans le processus de transition \u00e9nerg\u00e9tique et les moyens de renforcer la coop\u00e9ration et le partenariat en faveur d&rsquo;une exploitation optimale de cette ressource.<\/p>\n\n\n\n<p>Samir Benisid<\/p>\n","protected":false},"excerpt":{"rendered":"<p>Le pr\u00e9sident de la R\u00e9publique, Abdelmadjid Tebboune a appel\u00e9, hier, au maintien de l&rsquo;unit\u00e9 des rangs afin de faire face<\/p>\n","protected":false},"author":3,"featured_media":49798,"comment_status":"open","ping_status":"closed","sticky":false,"template":"","format":"standard","meta":{"colormag_page_container_layout":"default_layout","colormag_page_sidebar_layout":"default_layout","om_disable_all_campaigns":false,"_monsterinsights_skip_tracking":false,"_monsterinsights_sitenote_active":false,"_monsterinsights_sitenote_note":"","_monsterinsights_sitenote_category":0,"footnotes":"","_wpscppro_dont_share_socialmedia":false,"_wpscppro_custom_social_share_image":0,"_facebook_share_type":"","_twitter_share_type":"","_linkedin_share_type":"","_pinterest_share_type":"","_linkedin_share_type_page":"","_instagram_share_type":"","_medium_share_type":"","_threads_share_type":"","_google_business_share_type":"","_selected_social_profile":[],"_wpsp_enable_custom_social_template":false,"_wpsp_social_scheduling":{"enabled":false,"datetime":null,"platforms":[],"status":"template_only","dateOption":"today","timeOption":"now","customDays":"","customHours":"","customDate":"","customTime":"","schedulingType":"absolute"},"_wpsp_active_default_template":true},"categories":[52,27],"tags":[],"class_list":["post-49797","post","type-post","status-publish","format-standard","has-post-thumbnail","hentry","category-a-la-une","category-actualite"],"aioseo_notices":[],"yoast_head":"<!-- This site is optimized with the Yoast SEO plugin v27.5 - https:\/\/yoast.com\/product\/yoast-seo-wordpress\/ -->\n<title>L\u2019appel \u00e0 la mobilisation - La Sentinelle<\/title>\n<meta name=\"robots\" content=\"index, follow, max-snippet:-1, max-image-preview:large, max-video-preview:-1\" \/>\n<link rel=\"canonical\" href=\"https:\/\/lasentinelle.dz\/index.php\/2024\/02\/25\/lappel-a-la-mobilisation\/\" \/>\n<meta property=\"og:locale\" content=\"fr_FR\" \/>\n<meta property=\"og:type\" content=\"article\" \/>\n<meta property=\"og:title\" content=\"L\u2019appel \u00e0 la mobilisation - La Sentinelle\" \/>\n<meta property=\"og:description\" content=\"Le pr\u00e9sident de la R\u00e9publique, Abdelmadjid Tebboune a appel\u00e9, hier, au maintien de l&rsquo;unit\u00e9 des rangs afin de faire face\" \/>\n<meta property=\"og:url\" content=\"https:\/\/lasentinelle.dz\/index.php\/2024\/02\/25\/lappel-a-la-mobilisation\/\" \/>\n<meta property=\"og:site_name\" content=\"La Sentinelle\" \/>\n<meta property=\"article:publisher\" content=\"https:\/\/www.facebook.com\/La-Sentinelle-104059864394773\" \/>\n<meta property=\"article:published_time\" content=\"2024-02-25T13:05:42+00:00\" \/>\n<meta property=\"article:modified_time\" content=\"2024-02-25T13:05:44+00:00\" \/>\n<meta property=\"og:image\" content=\"https:\/\/lasentinelle.dz\/wp-content\/uploads\/2024\/02\/tebboune-3.jpeg\" \/>\n\t<meta property=\"og:image:width\" content=\"1078\" \/>\n\t<meta property=\"og:image:height\" content=\"573\" \/>\n\t<meta property=\"og:image:type\" content=\"image\/jpeg\" \/>\n<meta name=\"author\" content=\"La Sentinelle\" \/>\n<meta name=\"twitter:card\" content=\"summary_large_image\" \/>\n<meta name=\"twitter:label1\" content=\"\u00c9crit par\" \/>\n\t<meta name=\"twitter:data1\" content=\"La Sentinelle\" \/>\n\t<meta name=\"twitter:label2\" content=\"Dur\u00e9e de lecture estim\u00e9e\" \/>\n\t<meta name=\"twitter:data2\" content=\"7 minutes\" \/>\n<script type=\"application\/ld+json\" class=\"yoast-schema-graph\">{\"@context\":\"https:\\\/\\\/schema.org\",\"@graph\":[{\"@type\":\"Article\",\"@id\":\"https:\\\/\\\/lasentinelle.dz\\\/index.php\\\/2024\\\/02\\\/25\\\/lappel-a-la-mobilisation\\\/#article\",\"isPartOf\":{\"@id\":\"https:\\\/\\\/lasentinelle.dz\\\/index.php\\\/2024\\\/02\\\/25\\\/lappel-a-la-mobilisation\\\/\"},\"author\":{\"name\":\"La Sentinelle\",\"@id\":\"https:\\\/\\\/lasentinelle.dz\\\/#\\\/schema\\\/person\\\/d865044e22e70a75174ce8bcad3acfb3\"},\"headline\":\"L\u2019appel \u00e0 la mobilisation\",\"datePublished\":\"2024-02-25T13:05:42+00:00\",\"dateModified\":\"2024-02-25T13:05:44+00:00\",\"mainEntityOfPage\":{\"@id\":\"https:\\\/\\\/lasentinelle.dz\\\/index.php\\\/2024\\\/02\\\/25\\\/lappel-a-la-mobilisation\\\/\"},\"wordCount\":1432,\"commentCount\":0,\"publisher\":{\"@id\":\"https:\\\/\\\/lasentinelle.dz\\\/#organization\"},\"image\":{\"@id\":\"https:\\\/\\\/lasentinelle.dz\\\/index.php\\\/2024\\\/02\\\/25\\\/lappel-a-la-mobilisation\\\/#primaryimage\"},\"thumbnailUrl\":\"https:\\\/\\\/lasentinelle.dz\\\/wp-content\\\/uploads\\\/2024\\\/02\\\/tebboune-3.jpeg\",\"articleSection\":[\"\u00c0 la Une\",\"Actualit\u00e9\"],\"inLanguage\":\"fr-FR\",\"potentialAction\":[{\"@type\":\"CommentAction\",\"name\":\"Comment\",\"target\":[\"https:\\\/\\\/lasentinelle.dz\\\/index.php\\\/2024\\\/02\\\/25\\\/lappel-a-la-mobilisation\\\/#respond\"]}]},{\"@type\":\"WebPage\",\"@id\":\"https:\\\/\\\/lasentinelle.dz\\\/index.php\\\/2024\\\/02\\\/25\\\/lappel-a-la-mobilisation\\\/\",\"url\":\"https:\\\/\\\/lasentinelle.dz\\\/index.php\\\/2024\\\/02\\\/25\\\/lappel-a-la-mobilisation\\\/\",\"name\":\"L\u2019appel \u00e0 la mobilisation - La Sentinelle\",\"isPartOf\":{\"@id\":\"https:\\\/\\\/lasentinelle.dz\\\/#website\"},\"primaryImageOfPage\":{\"@id\":\"https:\\\/\\\/lasentinelle.dz\\\/index.php\\\/2024\\\/02\\\/25\\\/lappel-a-la-mobilisation\\\/#primaryimage\"},\"image\":{\"@id\":\"https:\\\/\\\/lasentinelle.dz\\\/index.php\\\/2024\\\/02\\\/25\\\/lappel-a-la-mobilisation\\\/#primaryimage\"},\"thumbnailUrl\":\"https:\\\/\\\/lasentinelle.dz\\\/wp-content\\\/uploads\\\/2024\\\/02\\\/tebboune-3.jpeg\",\"datePublished\":\"2024-02-25T13:05:42+00:00\",\"dateModified\":\"2024-02-25T13:05:44+00:00\",\"breadcrumb\":{\"@id\":\"https:\\\/\\\/lasentinelle.dz\\\/index.php\\\/2024\\\/02\\\/25\\\/lappel-a-la-mobilisation\\\/#breadcrumb\"},\"inLanguage\":\"fr-FR\",\"potentialAction\":[{\"@type\":\"ReadAction\",\"target\":[\"https:\\\/\\\/lasentinelle.dz\\\/index.php\\\/2024\\\/02\\\/25\\\/lappel-a-la-mobilisation\\\/\"]}]},{\"@type\":\"ImageObject\",\"inLanguage\":\"fr-FR\",\"@id\":\"https:\\\/\\\/lasentinelle.dz\\\/index.php\\\/2024\\\/02\\\/25\\\/lappel-a-la-mobilisation\\\/#primaryimage\",\"url\":\"https:\\\/\\\/lasentinelle.dz\\\/wp-content\\\/uploads\\\/2024\\\/02\\\/tebboune-3.jpeg\",\"contentUrl\":\"https:\\\/\\\/lasentinelle.dz\\\/wp-content\\\/uploads\\\/2024\\\/02\\\/tebboune-3.jpeg\",\"width\":1078,\"height\":573},{\"@type\":\"BreadcrumbList\",\"@id\":\"https:\\\/\\\/lasentinelle.dz\\\/index.php\\\/2024\\\/02\\\/25\\\/lappel-a-la-mobilisation\\\/#breadcrumb\",\"itemListElement\":[{\"@type\":\"ListItem\",\"position\":1,\"name\":\"Accueil\",\"item\":\"https:\\\/\\\/lasentinelle.dz\\\/\"},{\"@type\":\"ListItem\",\"position\":2,\"name\":\"L\u2019appel \u00e0 la mobilisation\"}]},{\"@type\":\"WebSite\",\"@id\":\"https:\\\/\\\/lasentinelle.dz\\\/#website\",\"url\":\"https:\\\/\\\/lasentinelle.dz\\\/\",\"name\":\"La Sentinelle\",\"description\":\"Quotidien national d&#039;information\",\"publisher\":{\"@id\":\"https:\\\/\\\/lasentinelle.dz\\\/#organization\"},\"potentialAction\":[{\"@type\":\"SearchAction\",\"target\":{\"@type\":\"EntryPoint\",\"urlTemplate\":\"https:\\\/\\\/lasentinelle.dz\\\/?s={search_term_string}\"},\"query-input\":{\"@type\":\"PropertyValueSpecification\",\"valueRequired\":true,\"valueName\":\"search_term_string\"}}],\"inLanguage\":\"fr-FR\"},{\"@type\":\"Organization\",\"@id\":\"https:\\\/\\\/lasentinelle.dz\\\/#organization\",\"name\":\"Quotidien La Sentinelle\",\"url\":\"https:\\\/\\\/lasentinelle.dz\\\/\",\"logo\":{\"@type\":\"ImageObject\",\"inLanguage\":\"fr-FR\",\"@id\":\"https:\\\/\\\/lasentinelle.dz\\\/#\\\/schema\\\/logo\\\/image\\\/\",\"url\":\"https:\\\/\\\/lasentinelle.dz\\\/wp-content\\\/uploads\\\/2021\\\/09\\\/logo-sentinelleSLOGAN-1.png\",\"contentUrl\":\"https:\\\/\\\/lasentinelle.dz\\\/wp-content\\\/uploads\\\/2021\\\/09\\\/logo-sentinelleSLOGAN-1.png\",\"width\":615,\"height\":142,\"caption\":\"Quotidien La Sentinelle\"},\"image\":{\"@id\":\"https:\\\/\\\/lasentinelle.dz\\\/#\\\/schema\\\/logo\\\/image\\\/\"},\"sameAs\":[\"https:\\\/\\\/www.facebook.com\\\/La-Sentinelle-104059864394773\"]},{\"@type\":\"Person\",\"@id\":\"https:\\\/\\\/lasentinelle.dz\\\/#\\\/schema\\\/person\\\/d865044e22e70a75174ce8bcad3acfb3\",\"name\":\"La Sentinelle\",\"image\":{\"@type\":\"ImageObject\",\"inLanguage\":\"fr-FR\",\"@id\":\"https:\\\/\\\/secure.gravatar.com\\\/avatar\\\/57de8e5d4b15d43fb361a71fbb36338450fe67865b528a43dd10ef7c51a20392?s=96&d=mm&r=g\",\"url\":\"https:\\\/\\\/secure.gravatar.com\\\/avatar\\\/57de8e5d4b15d43fb361a71fbb36338450fe67865b528a43dd10ef7c51a20392?s=96&d=mm&r=g\",\"contentUrl\":\"https:\\\/\\\/secure.gravatar.com\\\/avatar\\\/57de8e5d4b15d43fb361a71fbb36338450fe67865b528a43dd10ef7c51a20392?s=96&d=mm&r=g\",\"caption\":\"La Sentinelle\"},\"sameAs\":[\"http:\\\/\\\/www.lasentinelle.dz\"],\"url\":\"https:\\\/\\\/lasentinelle.dz\\\/author\\\/redaction\\\/\"}]}<\/script>\n<!-- \/ Yoast SEO plugin. -->","yoast_head_json":{"title":"L\u2019appel \u00e0 la mobilisation - La Sentinelle","robots":{"index":"index","follow":"follow","max-snippet":"max-snippet:-1","max-image-preview":"max-image-preview:large","max-video-preview":"max-video-preview:-1"},"canonical":"https:\/\/lasentinelle.dz\/index.php\/2024\/02\/25\/lappel-a-la-mobilisation\/","og_locale":"fr_FR","og_type":"article","og_title":"L\u2019appel \u00e0 la mobilisation - La Sentinelle","og_description":"Le pr\u00e9sident de la R\u00e9publique, Abdelmadjid Tebboune a appel\u00e9, hier, au maintien de l&rsquo;unit\u00e9 des rangs afin de faire face","og_url":"https:\/\/lasentinelle.dz\/index.php\/2024\/02\/25\/lappel-a-la-mobilisation\/","og_site_name":"La Sentinelle","article_publisher":"https:\/\/www.facebook.com\/La-Sentinelle-104059864394773","article_published_time":"2024-02-25T13:05:42+00:00","article_modified_time":"2024-02-25T13:05:44+00:00","og_image":[{"width":1078,"height":573,"url":"https:\/\/lasentinelle.dz\/wp-content\/uploads\/2024\/02\/tebboune-3.jpeg","type":"image\/jpeg"}],"author":"La Sentinelle","twitter_card":"summary_large_image","twitter_misc":{"\u00c9crit par":"La Sentinelle","Dur\u00e9e de lecture estim\u00e9e":"7 minutes"},"schema":{"@context":"https:\/\/schema.org","@graph":[{"@type":"Article","@id":"https:\/\/lasentinelle.dz\/index.php\/2024\/02\/25\/lappel-a-la-mobilisation\/#article","isPartOf":{"@id":"https:\/\/lasentinelle.dz\/index.php\/2024\/02\/25\/lappel-a-la-mobilisation\/"},"author":{"name":"La Sentinelle","@id":"https:\/\/lasentinelle.dz\/#\/schema\/person\/d865044e22e70a75174ce8bcad3acfb3"},"headline":"L\u2019appel \u00e0 la mobilisation","datePublished":"2024-02-25T13:05:42+00:00","dateModified":"2024-02-25T13:05:44+00:00","mainEntityOfPage":{"@id":"https:\/\/lasentinelle.dz\/index.php\/2024\/02\/25\/lappel-a-la-mobilisation\/"},"wordCount":1432,"commentCount":0,"publisher":{"@id":"https:\/\/lasentinelle.dz\/#organization"},"image":{"@id":"https:\/\/lasentinelle.dz\/index.php\/2024\/02\/25\/lappel-a-la-mobilisation\/#primaryimage"},"thumbnailUrl":"https:\/\/lasentinelle.dz\/wp-content\/uploads\/2024\/02\/tebboune-3.jpeg","articleSection":["\u00c0 la Une","Actualit\u00e9"],"inLanguage":"fr-FR","potentialAction":[{"@type":"CommentAction","name":"Comment","target":["https:\/\/lasentinelle.dz\/index.php\/2024\/02\/25\/lappel-a-la-mobilisation\/#respond"]}]},{"@type":"WebPage","@id":"https:\/\/lasentinelle.dz\/index.php\/2024\/02\/25\/lappel-a-la-mobilisation\/","url":"https:\/\/lasentinelle.dz\/index.php\/2024\/02\/25\/lappel-a-la-mobilisation\/","name":"L\u2019appel \u00e0 la mobilisation - La Sentinelle","isPartOf":{"@id":"https:\/\/lasentinelle.dz\/#website"},"primaryImageOfPage":{"@id":"https:\/\/lasentinelle.dz\/index.php\/2024\/02\/25\/lappel-a-la-mobilisation\/#primaryimage"},"image":{"@id":"https:\/\/lasentinelle.dz\/index.php\/2024\/02\/25\/lappel-a-la-mobilisation\/#primaryimage"},"thumbnailUrl":"https:\/\/lasentinelle.dz\/wp-content\/uploads\/2024\/02\/tebboune-3.jpeg","datePublished":"2024-02-25T13:05:42+00:00","dateModified":"2024-02-25T13:05:44+00:00","breadcrumb":{"@id":"https:\/\/lasentinelle.dz\/index.php\/2024\/02\/25\/lappel-a-la-mobilisation\/#breadcrumb"},"inLanguage":"fr-FR","potentialAction":[{"@type":"ReadAction","target":["https:\/\/lasentinelle.dz\/index.php\/2024\/02\/25\/lappel-a-la-mobilisation\/"]}]},{"@type":"ImageObject","inLanguage":"fr-FR","@id":"https:\/\/lasentinelle.dz\/index.php\/2024\/02\/25\/lappel-a-la-mobilisation\/#primaryimage","url":"https:\/\/lasentinelle.dz\/wp-content\/uploads\/2024\/02\/tebboune-3.jpeg","contentUrl":"https:\/\/lasentinelle.dz\/wp-content\/uploads\/2024\/02\/tebboune-3.jpeg","width":1078,"height":573},{"@type":"BreadcrumbList","@id":"https:\/\/lasentinelle.dz\/index.php\/2024\/02\/25\/lappel-a-la-mobilisation\/#breadcrumb","itemListElement":[{"@type":"ListItem","position":1,"name":"Accueil","item":"https:\/\/lasentinelle.dz\/"},{"@type":"ListItem","position":2,"name":"L\u2019appel \u00e0 la mobilisation"}]},{"@type":"WebSite","@id":"https:\/\/lasentinelle.dz\/#website","url":"https:\/\/lasentinelle.dz\/","name":"La Sentinelle","description":"Quotidien national d&#039;information","publisher":{"@id":"https:\/\/lasentinelle.dz\/#organization"},"potentialAction":[{"@type":"SearchAction","target":{"@type":"EntryPoint","urlTemplate":"https:\/\/lasentinelle.dz\/?s={search_term_string}"},"query-input":{"@type":"PropertyValueSpecification","valueRequired":true,"valueName":"search_term_string"}}],"inLanguage":"fr-FR"},{"@type":"Organization","@id":"https:\/\/lasentinelle.dz\/#organization","name":"Quotidien La Sentinelle","url":"https:\/\/lasentinelle.dz\/","logo":{"@type":"ImageObject","inLanguage":"fr-FR","@id":"https:\/\/lasentinelle.dz\/#\/schema\/logo\/image\/","url":"https:\/\/lasentinelle.dz\/wp-content\/uploads\/2021\/09\/logo-sentinelleSLOGAN-1.png","contentUrl":"https:\/\/lasentinelle.dz\/wp-content\/uploads\/2021\/09\/logo-sentinelleSLOGAN-1.png","width":615,"height":142,"caption":"Quotidien La Sentinelle"},"image":{"@id":"https:\/\/lasentinelle.dz\/#\/schema\/logo\/image\/"},"sameAs":["https:\/\/www.facebook.com\/La-Sentinelle-104059864394773"]},{"@type":"Person","@id":"https:\/\/lasentinelle.dz\/#\/schema\/person\/d865044e22e70a75174ce8bcad3acfb3","name":"La Sentinelle","image":{"@type":"ImageObject","inLanguage":"fr-FR","@id":"https:\/\/secure.gravatar.com\/avatar\/57de8e5d4b15d43fb361a71fbb36338450fe67865b528a43dd10ef7c51a20392?s=96&d=mm&r=g","url":"https:\/\/secure.gravatar.com\/avatar\/57de8e5d4b15d43fb361a71fbb36338450fe67865b528a43dd10ef7c51a20392?s=96&d=mm&r=g","contentUrl":"https:\/\/secure.gravatar.com\/avatar\/57de8e5d4b15d43fb361a71fbb36338450fe67865b528a43dd10ef7c51a20392?s=96&d=mm&r=g","caption":"La Sentinelle"},"sameAs":["http:\/\/www.lasentinelle.dz"],"url":"https:\/\/lasentinelle.dz\/author\/redaction\/"}]}},"_links":{"self":[{"href":"https:\/\/lasentinelle.dz\/index.php\/wp-json\/wp\/v2\/posts\/49797","targetHints":{"allow":["GET"]}}],"collection":[{"href":"https:\/\/lasentinelle.dz\/index.php\/wp-json\/wp\/v2\/posts"}],"about":[{"href":"https:\/\/lasentinelle.dz\/index.php\/wp-json\/wp\/v2\/types\/post"}],"author":[{"embeddable":true,"href":"https:\/\/lasentinelle.dz\/index.php\/wp-json\/wp\/v2\/users\/3"}],"replies":[{"embeddable":true,"href":"https:\/\/lasentinelle.dz\/index.php\/wp-json\/wp\/v2\/comments?post=49797"}],"version-history":[{"count":1,"href":"https:\/\/lasentinelle.dz\/index.php\/wp-json\/wp\/v2\/posts\/49797\/revisions"}],"predecessor-version":[{"id":49799,"href":"https:\/\/lasentinelle.dz\/index.php\/wp-json\/wp\/v2\/posts\/49797\/revisions\/49799"}],"wp:featuredmedia":[{"embeddable":true,"href":"https:\/\/lasentinelle.dz\/index.php\/wp-json\/wp\/v2\/media\/49798"}],"wp:attachment":[{"href":"https:\/\/lasentinelle.dz\/index.php\/wp-json\/wp\/v2\/media?parent=49797"}],"wp:term":[{"taxonomy":"category","embeddable":true,"href":"https:\/\/lasentinelle.dz\/index.php\/wp-json\/wp\/v2\/categories?post=49797"},{"taxonomy":"post_tag","embeddable":true,"href":"https:\/\/lasentinelle.dz\/index.php\/wp-json\/wp\/v2\/tags?post=49797"}],"curies":[{"name":"wp","href":"https:\/\/api.w.org\/{rel}","templated":true}]}}