{"id":49809,"date":"2024-02-26T12:35:01","date_gmt":"2024-02-26T11:35:01","guid":{"rendered":"https:\/\/lasentinelle.dz\/?p=49809"},"modified":"2024-02-26T12:35:07","modified_gmt":"2024-02-26T11:35:07","slug":"recours-a-la-var-la-coupe-avant-la-ligue-1","status":"publish","type":"post","link":"https:\/\/lasentinelle.dz\/index.php\/2024\/02\/26\/recours-a-la-var-la-coupe-avant-la-ligue-1\/","title":{"rendered":"Recours \u00e0 la VAR\u00a0: La Coupe avant la Ligue 1"},"content":{"rendered":"\n<p>Le football alg\u00e9rien reste en d\u00e9calage par rapport \u00e0 ce qui se fait dans d\u2019autres pays en ce qui concerne le recours \u00e0 l\u2019assistance \u00e0 l\u2019arbitrage par vid\u00e9o (VAR). La majorit\u00e9 des stades ne sont pas \u00e9quip\u00e9s par cette technologie. Pourtant l\u2019introduction de la VAR s\u2019impose de plus en plus, au regard des crit\u00e8re de respect de transparence et d\u2019\u00e9thique de plus en plus exig\u00e9s par la F\u00e9d\u00e9ration alg\u00e9rienne de football et les probl\u00e8mes plus nombreux li\u00e9s aux probl\u00e9matiques d\u2019arbitrage.<\/p>\n\n\n\n<p>L\u2019introduction de la VAR est d\u2019ailleurs d\u2019un des principaux chantiers sur lesquels entend travailler la nouvelle direction de la FAF en 2024, bien que le projet ait \u00e9t\u00e9 \u00e9voqu\u00e9 depuis quelques mois d\u00e9j\u00e0 sans ses concr\u00e9tiser. &nbsp;Dans ce sens le vice-pr\u00e9sident de la F\u00e9d\u00e9ration alg\u00e9rienne de football (FAF), Mohamed Amine Mesloug, a annonc\u00e9 samedi soir lors d&rsquo;une \u00e9mission sportive \u00e0 la<\/p>\n\n\n\n<p>t\u00e9l\u00e9vision nationale, l&rsquo;utilisation de l&rsquo;assistance vid\u00e9o \u00e0 l&rsquo;arbitrage (VAR) cette saison \u00ab\u00a0\u00e0 partir des quarts de finale de la Coupe d&rsquo;Alg\u00e9rie\u00a0\u00bb. \u00ab\u00a0Nous avons d\u00e9cid\u00e9 d&rsquo;utiliser la VAR cette saison \u00e0 partir des quarts de finale de la Coupe d&rsquo;Alg\u00e9rie, dans des stades qui r\u00e9pondent aux normes internationales, soit d&rsquo;une capacit\u00e9 d&rsquo;au moins 12.000 places, dot\u00e9s d&rsquo;une salle de presse, et surtout d&rsquo;un emplacement destin\u00e9 \u00e0 l&rsquo;installation des stations de la VAR\u00a0\u00bb, a-t-il pr\u00e9cis\u00e9.<\/p>\n\n\n\n<p>Lors de la derni\u00e8re r\u00e9union du bureau f\u00e9d\u00e9ral de la FAF, le premier responsable de l\u2019instance, Walid Sadi, a r\u00e9v\u00e9l\u00e9 que l\u2019assistance vid\u00e9o \u00e0 l\u2019arbitrage (VAR) sera utilis\u00e9e d\u00e8s la saison prochaine. \u00ab Nous commencerons \u00e0 introduire la technologie de la VAR d\u00e8s la saison prochaine \u00bb, a-t-il d\u00e9clar\u00e9, et d\u2019ajouter : \u00ab Dans la phase retour, l\u2019esprit sportif et l\u2019int\u00e9grit\u00e9 doivent \u00eatre respect\u00e9s par le corps arbitral. \u00bb<\/p>\n\n\n\n<p>Le Bureau f\u00e9d\u00e9ral de la FAF, r\u00e9uni mercredi au Centre technique national (CTN) de Sidi Moussa, a approuv\u00e9 le cadre strat\u00e9gique du programme For Word 2023-2026, qui comprend notamment l&rsquo;acquisition des stations VAR. \u00ab\u00a0La commission d&rsquo;organisation de la Coupe d&rsquo;Alg\u00e9rie va d\u00e9signer les stades devant abriter les quarts de finale de l&rsquo;\u00e9preuve, en prenant en compte bien \u00e9videmment l&rsquo;installation de la VAR et la retransmission t\u00e9l\u00e9visuelle\u00a0\u00bb, a ajout\u00e9 Mesloug, \u00e9galement charg\u00e9 de la gestion de la Ligue de football professionnel (LFP). Et d&rsquo;encha\u00eener : \u00ab\u00a0le pr\u00e9sident de la FAF (Walid Sadi, NDLR) est en train de finaliser ce dossier de la VAR. La FAF va acqu\u00e9rir quatre stations de la VAR mobiles qui vont couvrir l&rsquo;ensemble des matchs du championnat \u00e0 partir de la saison prochaine 2024-2025. Notre objectif est d&rsquo;\u00e9lever le niveau de notre championnat, cela passera par la n\u00e9cessit\u00e9 de jouer dans des stades de classe A. Il y a un cahier des charges qui sera \u00e9labor\u00e9 pour fixer les conditions des stades devant \u00eatre dot\u00e9s de cette technologie.La VAR avait d\u00e9j\u00e0 \u00e9t\u00e9 utilis\u00e9e la saison derni\u00e8re en \u00ab\u00a0Dame Coupe\u00a0\u00bb \u00e0 partir des demi-finales, disput\u00e9es au stade Miloud-Hadefi d&rsquo;Oran.<\/p>\n\n\n\n<p>R.S.<\/p>\n","protected":false},"excerpt":{"rendered":"<p>Le football alg\u00e9rien reste en d\u00e9calage par rapport \u00e0 ce qui se fait dans d\u2019autres pays en ce qui concerne<\/p>\n","protected":false},"author":3,"featured_media":49810,"comment_status":"open","ping_status":"closed","sticky":false,"template":"","format":"standard","meta":{"colormag_page_container_layout":"default_layout","colormag_page_sidebar_layout":"default_layout","om_disable_all_campaigns":false,"_monsterinsights_skip_tracking":false,"_monsterinsights_sitenote_active":false,"_monsterinsights_sitenote_note":"","_monsterinsights_sitenote_category":0,"footnotes":"","_wpscppro_dont_share_socialmedia":false,"_wpscppro_custom_social_share_image":0,"_facebook_share_type":"","_twitter_share_type":"","_linkedin_share_type":"","_pinterest_share_type":"","_linkedin_share_type_page":"","_instagram_share_type":"","_medium_share_type":"","_threads_share_type":"","_google_business_share_type":"","_selected_social_profile":[],"_wpsp_enable_custom_social_template":false,"_wpsp_social_scheduling":{"enabled":false,"datetime":null,"platforms":[],"status":"template_only","dateOption":"today","timeOption":"now","customDays":"","customHours":"","customDate":"","customTime":"","schedulingType":"absolute"},"_wpsp_active_default_template":true},"categories":[52,33],"tags":[],"class_list":["post-49809","post","type-post","status-publish","format-standard","has-post-thumbnail","hentry","category-a-la-une","category-sports"],"aioseo_notices":[],"yoast_head":"<!-- This site is optimized with the Yoast SEO plugin v27.5 - https:\/\/yoast.com\/product\/yoast-seo-wordpress\/ -->\n<title>Recours \u00e0 la VAR\u00a0: La Coupe avant la Ligue 1 - La Sentinelle<\/title>\n<meta name=\"robots\" content=\"index, follow, max-snippet:-1, max-image-preview:large, max-video-preview:-1\" \/>\n<link rel=\"canonical\" href=\"https:\/\/lasentinelle.dz\/index.php\/2024\/02\/26\/recours-a-la-var-la-coupe-avant-la-ligue-1\/\" \/>\n<meta property=\"og:locale\" content=\"fr_FR\" \/>\n<meta property=\"og:type\" content=\"article\" \/>\n<meta property=\"og:title\" content=\"Recours \u00e0 la VAR\u00a0: La Coupe avant la Ligue 1 - La Sentinelle\" \/>\n<meta property=\"og:description\" content=\"Le football alg\u00e9rien reste en d\u00e9calage par rapport \u00e0 ce qui se fait dans d\u2019autres pays en ce qui concerne\" \/>\n<meta property=\"og:url\" content=\"https:\/\/lasentinelle.dz\/index.php\/2024\/02\/26\/recours-a-la-var-la-coupe-avant-la-ligue-1\/\" \/>\n<meta property=\"og:site_name\" content=\"La Sentinelle\" \/>\n<meta property=\"article:publisher\" content=\"https:\/\/www.facebook.com\/La-Sentinelle-104059864394773\" \/>\n<meta property=\"article:published_time\" content=\"2024-02-26T11:35:01+00:00\" \/>\n<meta property=\"article:modified_time\" content=\"2024-02-26T11:35:07+00:00\" \/>\n<meta property=\"og:image\" content=\"https:\/\/lasentinelle.dz\/wp-content\/uploads\/2024\/02\/VAR.jpeg\" \/>\n\t<meta property=\"og:image:width\" content=\"966\" \/>\n\t<meta property=\"og:image:height\" content=\"545\" \/>\n\t<meta property=\"og:image:type\" content=\"image\/jpeg\" \/>\n<meta name=\"author\" content=\"La Sentinelle\" \/>\n<meta name=\"twitter:card\" content=\"summary_large_image\" \/>\n<meta name=\"twitter:label1\" content=\"\u00c9crit par\" \/>\n\t<meta name=\"twitter:data1\" content=\"La Sentinelle\" \/>\n\t<meta name=\"twitter:label2\" content=\"Dur\u00e9e de lecture estim\u00e9e\" \/>\n\t<meta name=\"twitter:data2\" content=\"3 minutes\" \/>\n<script type=\"application\/ld+json\" class=\"yoast-schema-graph\">{\"@context\":\"https:\\\/\\\/schema.org\",\"@graph\":[{\"@type\":\"Article\",\"@id\":\"https:\\\/\\\/lasentinelle.dz\\\/index.php\\\/2024\\\/02\\\/26\\\/recours-a-la-var-la-coupe-avant-la-ligue-1\\\/#article\",\"isPartOf\":{\"@id\":\"https:\\\/\\\/lasentinelle.dz\\\/index.php\\\/2024\\\/02\\\/26\\\/recours-a-la-var-la-coupe-avant-la-ligue-1\\\/\"},\"author\":{\"name\":\"La Sentinelle\",\"@id\":\"https:\\\/\\\/lasentinelle.dz\\\/#\\\/schema\\\/person\\\/d865044e22e70a75174ce8bcad3acfb3\"},\"headline\":\"Recours \u00e0 la VAR\u00a0: La Coupe avant la Ligue 1\",\"datePublished\":\"2024-02-26T11:35:01+00:00\",\"dateModified\":\"2024-02-26T11:35:07+00:00\",\"mainEntityOfPage\":{\"@id\":\"https:\\\/\\\/lasentinelle.dz\\\/index.php\\\/2024\\\/02\\\/26\\\/recours-a-la-var-la-coupe-avant-la-ligue-1\\\/\"},\"wordCount\":560,\"commentCount\":0,\"publisher\":{\"@id\":\"https:\\\/\\\/lasentinelle.dz\\\/#organization\"},\"image\":{\"@id\":\"https:\\\/\\\/lasentinelle.dz\\\/index.php\\\/2024\\\/02\\\/26\\\/recours-a-la-var-la-coupe-avant-la-ligue-1\\\/#primaryimage\"},\"thumbnailUrl\":\"https:\\\/\\\/lasentinelle.dz\\\/wp-content\\\/uploads\\\/2024\\\/02\\\/VAR.jpeg\",\"articleSection\":[\"\u00c0 la Une\",\"Sports\"],\"inLanguage\":\"fr-FR\",\"potentialAction\":[{\"@type\":\"CommentAction\",\"name\":\"Comment\",\"target\":[\"https:\\\/\\\/lasentinelle.dz\\\/index.php\\\/2024\\\/02\\\/26\\\/recours-a-la-var-la-coupe-avant-la-ligue-1\\\/#respond\"]}]},{\"@type\":\"WebPage\",\"@id\":\"https:\\\/\\\/lasentinelle.dz\\\/index.php\\\/2024\\\/02\\\/26\\\/recours-a-la-var-la-coupe-avant-la-ligue-1\\\/\",\"url\":\"https:\\\/\\\/lasentinelle.dz\\\/index.php\\\/2024\\\/02\\\/26\\\/recours-a-la-var-la-coupe-avant-la-ligue-1\\\/\",\"name\":\"Recours \u00e0 la VAR\u00a0: La Coupe avant la Ligue 1 - La Sentinelle\",\"isPartOf\":{\"@id\":\"https:\\\/\\\/lasentinelle.dz\\\/#website\"},\"primaryImageOfPage\":{\"@id\":\"https:\\\/\\\/lasentinelle.dz\\\/index.php\\\/2024\\\/02\\\/26\\\/recours-a-la-var-la-coupe-avant-la-ligue-1\\\/#primaryimage\"},\"image\":{\"@id\":\"https:\\\/\\\/lasentinelle.dz\\\/index.php\\\/2024\\\/02\\\/26\\\/recours-a-la-var-la-coupe-avant-la-ligue-1\\\/#primaryimage\"},\"thumbnailUrl\":\"https:\\\/\\\/lasentinelle.dz\\\/wp-content\\\/uploads\\\/2024\\\/02\\\/VAR.jpeg\",\"datePublished\":\"2024-02-26T11:35:01+00:00\",\"dateModified\":\"2024-02-26T11:35:07+00:00\",\"breadcrumb\":{\"@id\":\"https:\\\/\\\/lasentinelle.dz\\\/index.php\\\/2024\\\/02\\\/26\\\/recours-a-la-var-la-coupe-avant-la-ligue-1\\\/#breadcrumb\"},\"inLanguage\":\"fr-FR\",\"potentialAction\":[{\"@type\":\"ReadAction\",\"target\":[\"https:\\\/\\\/lasentinelle.dz\\\/index.php\\\/2024\\\/02\\\/26\\\/recours-a-la-var-la-coupe-avant-la-ligue-1\\\/\"]}]},{\"@type\":\"ImageObject\",\"inLanguage\":\"fr-FR\",\"@id\":\"https:\\\/\\\/lasentinelle.dz\\\/index.php\\\/2024\\\/02\\\/26\\\/recours-a-la-var-la-coupe-avant-la-ligue-1\\\/#primaryimage\",\"url\":\"https:\\\/\\\/lasentinelle.dz\\\/wp-content\\\/uploads\\\/2024\\\/02\\\/VAR.jpeg\",\"contentUrl\":\"https:\\\/\\\/lasentinelle.dz\\\/wp-content\\\/uploads\\\/2024\\\/02\\\/VAR.jpeg\",\"width\":966,\"height\":545},{\"@type\":\"BreadcrumbList\",\"@id\":\"https:\\\/\\\/lasentinelle.dz\\\/index.php\\\/2024\\\/02\\\/26\\\/recours-a-la-var-la-coupe-avant-la-ligue-1\\\/#breadcrumb\",\"itemListElement\":[{\"@type\":\"ListItem\",\"position\":1,\"name\":\"Accueil\",\"item\":\"https:\\\/\\\/lasentinelle.dz\\\/\"},{\"@type\":\"ListItem\",\"position\":2,\"name\":\"Recours \u00e0 la VAR\u00a0: La Coupe avant la Ligue 1\"}]},{\"@type\":\"WebSite\",\"@id\":\"https:\\\/\\\/lasentinelle.dz\\\/#website\",\"url\":\"https:\\\/\\\/lasentinelle.dz\\\/\",\"name\":\"La Sentinelle\",\"description\":\"Quotidien national d&#039;information\",\"publisher\":{\"@id\":\"https:\\\/\\\/lasentinelle.dz\\\/#organization\"},\"potentialAction\":[{\"@type\":\"SearchAction\",\"target\":{\"@type\":\"EntryPoint\",\"urlTemplate\":\"https:\\\/\\\/lasentinelle.dz\\\/?s={search_term_string}\"},\"query-input\":{\"@type\":\"PropertyValueSpecification\",\"valueRequired\":true,\"valueName\":\"search_term_string\"}}],\"inLanguage\":\"fr-FR\"},{\"@type\":\"Organization\",\"@id\":\"https:\\\/\\\/lasentinelle.dz\\\/#organization\",\"name\":\"Quotidien La Sentinelle\",\"url\":\"https:\\\/\\\/lasentinelle.dz\\\/\",\"logo\":{\"@type\":\"ImageObject\",\"inLanguage\":\"fr-FR\",\"@id\":\"https:\\\/\\\/lasentinelle.dz\\\/#\\\/schema\\\/logo\\\/image\\\/\",\"url\":\"https:\\\/\\\/lasentinelle.dz\\\/wp-content\\\/uploads\\\/2021\\\/09\\\/logo-sentinelleSLOGAN-1.png\",\"contentUrl\":\"https:\\\/\\\/lasentinelle.dz\\\/wp-content\\\/uploads\\\/2021\\\/09\\\/logo-sentinelleSLOGAN-1.png\",\"width\":615,\"height\":142,\"caption\":\"Quotidien La Sentinelle\"},\"image\":{\"@id\":\"https:\\\/\\\/lasentinelle.dz\\\/#\\\/schema\\\/logo\\\/image\\\/\"},\"sameAs\":[\"https:\\\/\\\/www.facebook.com\\\/La-Sentinelle-104059864394773\"]},{\"@type\":\"Person\",\"@id\":\"https:\\\/\\\/lasentinelle.dz\\\/#\\\/schema\\\/person\\\/d865044e22e70a75174ce8bcad3acfb3\",\"name\":\"La Sentinelle\",\"image\":{\"@type\":\"ImageObject\",\"inLanguage\":\"fr-FR\",\"@id\":\"https:\\\/\\\/secure.gravatar.com\\\/avatar\\\/57de8e5d4b15d43fb361a71fbb36338450fe67865b528a43dd10ef7c51a20392?s=96&d=mm&r=g\",\"url\":\"https:\\\/\\\/secure.gravatar.com\\\/avatar\\\/57de8e5d4b15d43fb361a71fbb36338450fe67865b528a43dd10ef7c51a20392?s=96&d=mm&r=g\",\"contentUrl\":\"https:\\\/\\\/secure.gravatar.com\\\/avatar\\\/57de8e5d4b15d43fb361a71fbb36338450fe67865b528a43dd10ef7c51a20392?s=96&d=mm&r=g\",\"caption\":\"La Sentinelle\"},\"sameAs\":[\"http:\\\/\\\/www.lasentinelle.dz\"],\"url\":\"https:\\\/\\\/lasentinelle.dz\\\/author\\\/redaction\\\/\"}]}<\/script>\n<!-- \/ Yoast SEO plugin. -->","yoast_head_json":{"title":"Recours \u00e0 la VAR\u00a0: La Coupe avant la Ligue 1 - La Sentinelle","robots":{"index":"index","follow":"follow","max-snippet":"max-snippet:-1","max-image-preview":"max-image-preview:large","max-video-preview":"max-video-preview:-1"},"canonical":"https:\/\/lasentinelle.dz\/index.php\/2024\/02\/26\/recours-a-la-var-la-coupe-avant-la-ligue-1\/","og_locale":"fr_FR","og_type":"article","og_title":"Recours \u00e0 la VAR\u00a0: La Coupe avant la Ligue 1 - La Sentinelle","og_description":"Le football alg\u00e9rien reste en d\u00e9calage par rapport \u00e0 ce qui se fait dans d\u2019autres pays en ce qui concerne","og_url":"https:\/\/lasentinelle.dz\/index.php\/2024\/02\/26\/recours-a-la-var-la-coupe-avant-la-ligue-1\/","og_site_name":"La Sentinelle","article_publisher":"https:\/\/www.facebook.com\/La-Sentinelle-104059864394773","article_published_time":"2024-02-26T11:35:01+00:00","article_modified_time":"2024-02-26T11:35:07+00:00","og_image":[{"width":966,"height":545,"url":"https:\/\/lasentinelle.dz\/wp-content\/uploads\/2024\/02\/VAR.jpeg","type":"image\/jpeg"}],"author":"La Sentinelle","twitter_card":"summary_large_image","twitter_misc":{"\u00c9crit par":"La Sentinelle","Dur\u00e9e de lecture estim\u00e9e":"3 minutes"},"schema":{"@context":"https:\/\/schema.org","@graph":[{"@type":"Article","@id":"https:\/\/lasentinelle.dz\/index.php\/2024\/02\/26\/recours-a-la-var-la-coupe-avant-la-ligue-1\/#article","isPartOf":{"@id":"https:\/\/lasentinelle.dz\/index.php\/2024\/02\/26\/recours-a-la-var-la-coupe-avant-la-ligue-1\/"},"author":{"name":"La Sentinelle","@id":"https:\/\/lasentinelle.dz\/#\/schema\/person\/d865044e22e70a75174ce8bcad3acfb3"},"headline":"Recours \u00e0 la VAR\u00a0: La Coupe avant la Ligue 1","datePublished":"2024-02-26T11:35:01+00:00","dateModified":"2024-02-26T11:35:07+00:00","mainEntityOfPage":{"@id":"https:\/\/lasentinelle.dz\/index.php\/2024\/02\/26\/recours-a-la-var-la-coupe-avant-la-ligue-1\/"},"wordCount":560,"commentCount":0,"publisher":{"@id":"https:\/\/lasentinelle.dz\/#organization"},"image":{"@id":"https:\/\/lasentinelle.dz\/index.php\/2024\/02\/26\/recours-a-la-var-la-coupe-avant-la-ligue-1\/#primaryimage"},"thumbnailUrl":"https:\/\/lasentinelle.dz\/wp-content\/uploads\/2024\/02\/VAR.jpeg","articleSection":["\u00c0 la Une","Sports"],"inLanguage":"fr-FR","potentialAction":[{"@type":"CommentAction","name":"Comment","target":["https:\/\/lasentinelle.dz\/index.php\/2024\/02\/26\/recours-a-la-var-la-coupe-avant-la-ligue-1\/#respond"]}]},{"@type":"WebPage","@id":"https:\/\/lasentinelle.dz\/index.php\/2024\/02\/26\/recours-a-la-var-la-coupe-avant-la-ligue-1\/","url":"https:\/\/lasentinelle.dz\/index.php\/2024\/02\/26\/recours-a-la-var-la-coupe-avant-la-ligue-1\/","name":"Recours \u00e0 la VAR\u00a0: La Coupe avant la Ligue 1 - La Sentinelle","isPartOf":{"@id":"https:\/\/lasentinelle.dz\/#website"},"primaryImageOfPage":{"@id":"https:\/\/lasentinelle.dz\/index.php\/2024\/02\/26\/recours-a-la-var-la-coupe-avant-la-ligue-1\/#primaryimage"},"image":{"@id":"https:\/\/lasentinelle.dz\/index.php\/2024\/02\/26\/recours-a-la-var-la-coupe-avant-la-ligue-1\/#primaryimage"},"thumbnailUrl":"https:\/\/lasentinelle.dz\/wp-content\/uploads\/2024\/02\/VAR.jpeg","datePublished":"2024-02-26T11:35:01+00:00","dateModified":"2024-02-26T11:35:07+00:00","breadcrumb":{"@id":"https:\/\/lasentinelle.dz\/index.php\/2024\/02\/26\/recours-a-la-var-la-coupe-avant-la-ligue-1\/#breadcrumb"},"inLanguage":"fr-FR","potentialAction":[{"@type":"ReadAction","target":["https:\/\/lasentinelle.dz\/index.php\/2024\/02\/26\/recours-a-la-var-la-coupe-avant-la-ligue-1\/"]}]},{"@type":"ImageObject","inLanguage":"fr-FR","@id":"https:\/\/lasentinelle.dz\/index.php\/2024\/02\/26\/recours-a-la-var-la-coupe-avant-la-ligue-1\/#primaryimage","url":"https:\/\/lasentinelle.dz\/wp-content\/uploads\/2024\/02\/VAR.jpeg","contentUrl":"https:\/\/lasentinelle.dz\/wp-content\/uploads\/2024\/02\/VAR.jpeg","width":966,"height":545},{"@type":"BreadcrumbList","@id":"https:\/\/lasentinelle.dz\/index.php\/2024\/02\/26\/recours-a-la-var-la-coupe-avant-la-ligue-1\/#breadcrumb","itemListElement":[{"@type":"ListItem","position":1,"name":"Accueil","item":"https:\/\/lasentinelle.dz\/"},{"@type":"ListItem","position":2,"name":"Recours \u00e0 la VAR\u00a0: La Coupe avant la Ligue 1"}]},{"@type":"WebSite","@id":"https:\/\/lasentinelle.dz\/#website","url":"https:\/\/lasentinelle.dz\/","name":"La Sentinelle","description":"Quotidien national d&#039;information","publisher":{"@id":"https:\/\/lasentinelle.dz\/#organization"},"potentialAction":[{"@type":"SearchAction","target":{"@type":"EntryPoint","urlTemplate":"https:\/\/lasentinelle.dz\/?s={search_term_string}"},"query-input":{"@type":"PropertyValueSpecification","valueRequired":true,"valueName":"search_term_string"}}],"inLanguage":"fr-FR"},{"@type":"Organization","@id":"https:\/\/lasentinelle.dz\/#organization","name":"Quotidien La Sentinelle","url":"https:\/\/lasentinelle.dz\/","logo":{"@type":"ImageObject","inLanguage":"fr-FR","@id":"https:\/\/lasentinelle.dz\/#\/schema\/logo\/image\/","url":"https:\/\/lasentinelle.dz\/wp-content\/uploads\/2021\/09\/logo-sentinelleSLOGAN-1.png","contentUrl":"https:\/\/lasentinelle.dz\/wp-content\/uploads\/2021\/09\/logo-sentinelleSLOGAN-1.png","width":615,"height":142,"caption":"Quotidien La Sentinelle"},"image":{"@id":"https:\/\/lasentinelle.dz\/#\/schema\/logo\/image\/"},"sameAs":["https:\/\/www.facebook.com\/La-Sentinelle-104059864394773"]},{"@type":"Person","@id":"https:\/\/lasentinelle.dz\/#\/schema\/person\/d865044e22e70a75174ce8bcad3acfb3","name":"La Sentinelle","image":{"@type":"ImageObject","inLanguage":"fr-FR","@id":"https:\/\/secure.gravatar.com\/avatar\/57de8e5d4b15d43fb361a71fbb36338450fe67865b528a43dd10ef7c51a20392?s=96&d=mm&r=g","url":"https:\/\/secure.gravatar.com\/avatar\/57de8e5d4b15d43fb361a71fbb36338450fe67865b528a43dd10ef7c51a20392?s=96&d=mm&r=g","contentUrl":"https:\/\/secure.gravatar.com\/avatar\/57de8e5d4b15d43fb361a71fbb36338450fe67865b528a43dd10ef7c51a20392?s=96&d=mm&r=g","caption":"La Sentinelle"},"sameAs":["http:\/\/www.lasentinelle.dz"],"url":"https:\/\/lasentinelle.dz\/author\/redaction\/"}]}},"_links":{"self":[{"href":"https:\/\/lasentinelle.dz\/index.php\/wp-json\/wp\/v2\/posts\/49809","targetHints":{"allow":["GET"]}}],"collection":[{"href":"https:\/\/lasentinelle.dz\/index.php\/wp-json\/wp\/v2\/posts"}],"about":[{"href":"https:\/\/lasentinelle.dz\/index.php\/wp-json\/wp\/v2\/types\/post"}],"author":[{"embeddable":true,"href":"https:\/\/lasentinelle.dz\/index.php\/wp-json\/wp\/v2\/users\/3"}],"replies":[{"embeddable":true,"href":"https:\/\/lasentinelle.dz\/index.php\/wp-json\/wp\/v2\/comments?post=49809"}],"version-history":[{"count":1,"href":"https:\/\/lasentinelle.dz\/index.php\/wp-json\/wp\/v2\/posts\/49809\/revisions"}],"predecessor-version":[{"id":49811,"href":"https:\/\/lasentinelle.dz\/index.php\/wp-json\/wp\/v2\/posts\/49809\/revisions\/49811"}],"wp:featuredmedia":[{"embeddable":true,"href":"https:\/\/lasentinelle.dz\/index.php\/wp-json\/wp\/v2\/media\/49810"}],"wp:attachment":[{"href":"https:\/\/lasentinelle.dz\/index.php\/wp-json\/wp\/v2\/media?parent=49809"}],"wp:term":[{"taxonomy":"category","embeddable":true,"href":"https:\/\/lasentinelle.dz\/index.php\/wp-json\/wp\/v2\/categories?post=49809"},{"taxonomy":"post_tag","embeddable":true,"href":"https:\/\/lasentinelle.dz\/index.php\/wp-json\/wp\/v2\/tags?post=49809"}],"curies":[{"name":"wp","href":"https:\/\/api.w.org\/{rel}","templated":true}]}}