{"id":49827,"date":"2024-02-26T14:50:24","date_gmt":"2024-02-26T13:50:24","guid":{"rendered":"https:\/\/lasentinelle.dz\/?p=49827"},"modified":"2024-02-26T14:50:28","modified_gmt":"2024-02-26T13:50:28","slug":"formation-professionnelle-le-statut-particulier-du-secteur-fin-pret","status":"publish","type":"post","link":"https:\/\/lasentinelle.dz\/index.php\/2024\/02\/26\/formation-professionnelle-le-statut-particulier-du-secteur-fin-pret\/","title":{"rendered":"Formation professionnelle\u00a0: Le statut particulier du secteur fin-pr\u00eat"},"content":{"rendered":"\n<p>Le ministre de la Formation et de l&rsquo;Enseignement professionnels, Yacine Merabi, a annonc\u00e9, hier, lors du coup d\u2019envoie de la rentr\u00e9e professionnelle session f\u00e9vrier 2024 \u00e0 l&rsquo;Institut national sp\u00e9cialis\u00e9 de la formation professionnelle (INSFP) de Bordj El-Bahri &nbsp;que \u00ab\u00a0la mouture du statut relatif au secteur de la formation et de l&rsquo;enseignement professionnels, dont la teneur a \u00e9t\u00e9 actualis\u00e9e et r\u00e9vis\u00e9e, a \u00e9t\u00e9 soumise aux services comp\u00e9tents\u00a0\u00bb<\/p>\n\n\n\n<p>En ce qui concerne les nouveaut\u00e9s de cette rentr\u00e9e, le ministre a soulign\u00e9, pour l\u2019occasion, \u00ab\u00a0la mobilisation de tous les moyens\u00a0\u00bb \u00e0 l&rsquo;effet de r\u00e9ussir cette rentr\u00e9e, citant, entre autres, les sp\u00e9cialit\u00e9s, l&rsquo;encadrement et les places p\u00e9dagogiques dans les diff\u00e9rents types de formation y compris la formation par apprentissage, la formation en pr\u00e9sentiel et la formation des personnes aux besoins sp\u00e9cifiques en sus de la formation des b\u00e9n\u00e9ficiaires de l&rsquo;allocation du ch\u00f4mage.Rappelant les moyens d&rsquo;encadrement et les structures disponibles au niveau du secteur, le ministre a indiqu\u00e9 qu&rsquo;en sus des \u00e9tablissements de formation existants, cette rentr\u00e9e se d\u00e9marque par la mis en service de 15 \u00e9tablissements de formation dont 4 instituts nationaux sp\u00e9cialis\u00e9s dans la formation professionnelle et 11 centres de formation professionnelle et d&rsquo;apprentissage dans plusieurs wilayas du pays. Le ministre a cit\u00e9 plusieurs nouvelles formations inscrites aux programmes de formation de cette rentr\u00e9e, dont des sp\u00e9cialit\u00e9s dans la formation qualifiante comme l&rsquo;aquaculture, l&rsquo;installation, la maintenance et la r\u00e9paration des chambres froides commerciales.Par ailleurs, M. Merabi a mis en avant les efforts du secteur dans le d\u00e9veloppement des outils de la gestion technique, p\u00e9dagogique et administrative, \u00e0 travers l&rsquo;exploitation optimale de la num\u00e9risation en tant qu&rsquo;outil efficace pour l&rsquo;accompagnement de la formation des apprenants, la modernisation du contenu p\u00e9dagogique et la promotion des comp\u00e9tences, et ce, par la mis en service de la plateforme num\u00e9rique dite +Tasyir+ (gestion).Il a fait \u00e9tat du partenariat avec les diff\u00e9rents op\u00e9rateurs, \u00e0 travers la signature de 51 accords de partenariat et de coop\u00e9ration ramifi\u00e9s en accords locaux, visant notamment \u00e0 renforcer les opportunit\u00e9s de formation par apprentissage au profit des stagiaires et apprentis. Dans le m\u00eame contexte, le ministre a exhort\u00e9 \u00e0 lier la formation et l&rsquo;enseignement professionnels au secteur \u00e9conomique, \u00e0 travers l&rsquo;intensification des op\u00e9rations de partenariat avec les diff\u00e9rents op\u00e9rateurs socio-\u00e9conomiques.<\/p>\n\n\n\n<p>R.N.<\/p>\n","protected":false},"excerpt":{"rendered":"<p>Le ministre de la Formation et de l&rsquo;Enseignement professionnels, Yacine Merabi, a annonc\u00e9, hier, lors du coup d\u2019envoie de la<\/p>\n","protected":false},"author":3,"featured_media":28748,"comment_status":"open","ping_status":"closed","sticky":false,"template":"","format":"standard","meta":{"colormag_page_container_layout":"default_layout","colormag_page_sidebar_layout":"default_layout","om_disable_all_campaigns":false,"_monsterinsights_skip_tracking":false,"_monsterinsights_sitenote_active":false,"_monsterinsights_sitenote_note":"","_monsterinsights_sitenote_category":0,"footnotes":"","_wpscppro_dont_share_socialmedia":false,"_wpscppro_custom_social_share_image":0,"_facebook_share_type":"","_twitter_share_type":"","_linkedin_share_type":"","_pinterest_share_type":"","_linkedin_share_type_page":"","_instagram_share_type":"","_medium_share_type":"","_threads_share_type":"","_google_business_share_type":"","_selected_social_profile":[],"_wpsp_enable_custom_social_template":false,"_wpsp_social_scheduling":{"enabled":false,"datetime":null,"platforms":[],"status":"template_only","dateOption":"today","timeOption":"now","customDays":"","customHours":"","customDate":"","customTime":"","schedulingType":"absolute"},"_wpsp_active_default_template":true},"categories":[27],"tags":[],"class_list":["post-49827","post","type-post","status-publish","format-standard","has-post-thumbnail","hentry","category-actualite"],"aioseo_notices":[],"yoast_head":"<!-- This site is optimized with the Yoast SEO plugin v27.5 - https:\/\/yoast.com\/product\/yoast-seo-wordpress\/ -->\n<title>Formation professionnelle\u00a0: Le statut particulier du secteur fin-pr\u00eat - La Sentinelle<\/title>\n<meta name=\"robots\" content=\"index, follow, max-snippet:-1, max-image-preview:large, max-video-preview:-1\" \/>\n<link rel=\"canonical\" href=\"https:\/\/lasentinelle.dz\/index.php\/2024\/02\/26\/formation-professionnelle-le-statut-particulier-du-secteur-fin-pret\/\" \/>\n<meta property=\"og:locale\" content=\"fr_FR\" \/>\n<meta property=\"og:type\" content=\"article\" \/>\n<meta property=\"og:title\" content=\"Formation professionnelle\u00a0: Le statut particulier du secteur fin-pr\u00eat - La Sentinelle\" \/>\n<meta property=\"og:description\" content=\"Le ministre de la Formation et de l&rsquo;Enseignement professionnels, Yacine Merabi, a annonc\u00e9, hier, lors du coup d\u2019envoie de la\" \/>\n<meta property=\"og:url\" content=\"https:\/\/lasentinelle.dz\/index.php\/2024\/02\/26\/formation-professionnelle-le-statut-particulier-du-secteur-fin-pret\/\" \/>\n<meta property=\"og:site_name\" content=\"La Sentinelle\" \/>\n<meta property=\"article:publisher\" content=\"https:\/\/www.facebook.com\/La-Sentinelle-104059864394773\" \/>\n<meta property=\"article:published_time\" content=\"2024-02-26T13:50:24+00:00\" \/>\n<meta property=\"article:modified_time\" content=\"2024-02-26T13:50:28+00:00\" \/>\n<meta property=\"og:image\" content=\"https:\/\/lasentinelle.dz\/wp-content\/uploads\/2022\/10\/yacine-merabi.png\" \/>\n\t<meta property=\"og:image:width\" content=\"1603\" \/>\n\t<meta property=\"og:image:height\" content=\"900\" \/>\n\t<meta property=\"og:image:type\" content=\"image\/png\" \/>\n<meta name=\"author\" content=\"La Sentinelle\" \/>\n<meta name=\"twitter:card\" content=\"summary_large_image\" \/>\n<meta name=\"twitter:label1\" content=\"\u00c9crit par\" \/>\n\t<meta name=\"twitter:data1\" content=\"La Sentinelle\" \/>\n\t<meta name=\"twitter:label2\" content=\"Dur\u00e9e de lecture estim\u00e9e\" \/>\n\t<meta name=\"twitter:data2\" content=\"3 minutes\" \/>\n<script type=\"application\/ld+json\" class=\"yoast-schema-graph\">{\"@context\":\"https:\\\/\\\/schema.org\",\"@graph\":[{\"@type\":\"Article\",\"@id\":\"https:\\\/\\\/lasentinelle.dz\\\/index.php\\\/2024\\\/02\\\/26\\\/formation-professionnelle-le-statut-particulier-du-secteur-fin-pret\\\/#article\",\"isPartOf\":{\"@id\":\"https:\\\/\\\/lasentinelle.dz\\\/index.php\\\/2024\\\/02\\\/26\\\/formation-professionnelle-le-statut-particulier-du-secteur-fin-pret\\\/\"},\"author\":{\"name\":\"La Sentinelle\",\"@id\":\"https:\\\/\\\/lasentinelle.dz\\\/#\\\/schema\\\/person\\\/d865044e22e70a75174ce8bcad3acfb3\"},\"headline\":\"Formation professionnelle\u00a0: Le statut particulier du secteur fin-pr\u00eat\",\"datePublished\":\"2024-02-26T13:50:24+00:00\",\"dateModified\":\"2024-02-26T13:50:28+00:00\",\"mainEntityOfPage\":{\"@id\":\"https:\\\/\\\/lasentinelle.dz\\\/index.php\\\/2024\\\/02\\\/26\\\/formation-professionnelle-le-statut-particulier-du-secteur-fin-pret\\\/\"},\"wordCount\":431,\"commentCount\":0,\"publisher\":{\"@id\":\"https:\\\/\\\/lasentinelle.dz\\\/#organization\"},\"image\":{\"@id\":\"https:\\\/\\\/lasentinelle.dz\\\/index.php\\\/2024\\\/02\\\/26\\\/formation-professionnelle-le-statut-particulier-du-secteur-fin-pret\\\/#primaryimage\"},\"thumbnailUrl\":\"https:\\\/\\\/lasentinelle.dz\\\/wp-content\\\/uploads\\\/2022\\\/10\\\/yacine-merabi.png\",\"articleSection\":[\"Actualit\u00e9\"],\"inLanguage\":\"fr-FR\",\"potentialAction\":[{\"@type\":\"CommentAction\",\"name\":\"Comment\",\"target\":[\"https:\\\/\\\/lasentinelle.dz\\\/index.php\\\/2024\\\/02\\\/26\\\/formation-professionnelle-le-statut-particulier-du-secteur-fin-pret\\\/#respond\"]}]},{\"@type\":\"WebPage\",\"@id\":\"https:\\\/\\\/lasentinelle.dz\\\/index.php\\\/2024\\\/02\\\/26\\\/formation-professionnelle-le-statut-particulier-du-secteur-fin-pret\\\/\",\"url\":\"https:\\\/\\\/lasentinelle.dz\\\/index.php\\\/2024\\\/02\\\/26\\\/formation-professionnelle-le-statut-particulier-du-secteur-fin-pret\\\/\",\"name\":\"Formation professionnelle\u00a0: Le statut particulier du secteur fin-pr\u00eat - La Sentinelle\",\"isPartOf\":{\"@id\":\"https:\\\/\\\/lasentinelle.dz\\\/#website\"},\"primaryImageOfPage\":{\"@id\":\"https:\\\/\\\/lasentinelle.dz\\\/index.php\\\/2024\\\/02\\\/26\\\/formation-professionnelle-le-statut-particulier-du-secteur-fin-pret\\\/#primaryimage\"},\"image\":{\"@id\":\"https:\\\/\\\/lasentinelle.dz\\\/index.php\\\/2024\\\/02\\\/26\\\/formation-professionnelle-le-statut-particulier-du-secteur-fin-pret\\\/#primaryimage\"},\"thumbnailUrl\":\"https:\\\/\\\/lasentinelle.dz\\\/wp-content\\\/uploads\\\/2022\\\/10\\\/yacine-merabi.png\",\"datePublished\":\"2024-02-26T13:50:24+00:00\",\"dateModified\":\"2024-02-26T13:50:28+00:00\",\"breadcrumb\":{\"@id\":\"https:\\\/\\\/lasentinelle.dz\\\/index.php\\\/2024\\\/02\\\/26\\\/formation-professionnelle-le-statut-particulier-du-secteur-fin-pret\\\/#breadcrumb\"},\"inLanguage\":\"fr-FR\",\"potentialAction\":[{\"@type\":\"ReadAction\",\"target\":[\"https:\\\/\\\/lasentinelle.dz\\\/index.php\\\/2024\\\/02\\\/26\\\/formation-professionnelle-le-statut-particulier-du-secteur-fin-pret\\\/\"]}]},{\"@type\":\"ImageObject\",\"inLanguage\":\"fr-FR\",\"@id\":\"https:\\\/\\\/lasentinelle.dz\\\/index.php\\\/2024\\\/02\\\/26\\\/formation-professionnelle-le-statut-particulier-du-secteur-fin-pret\\\/#primaryimage\",\"url\":\"https:\\\/\\\/lasentinelle.dz\\\/wp-content\\\/uploads\\\/2022\\\/10\\\/yacine-merabi.png\",\"contentUrl\":\"https:\\\/\\\/lasentinelle.dz\\\/wp-content\\\/uploads\\\/2022\\\/10\\\/yacine-merabi.png\",\"width\":1603,\"height\":900},{\"@type\":\"BreadcrumbList\",\"@id\":\"https:\\\/\\\/lasentinelle.dz\\\/index.php\\\/2024\\\/02\\\/26\\\/formation-professionnelle-le-statut-particulier-du-secteur-fin-pret\\\/#breadcrumb\",\"itemListElement\":[{\"@type\":\"ListItem\",\"position\":1,\"name\":\"Accueil\",\"item\":\"https:\\\/\\\/lasentinelle.dz\\\/\"},{\"@type\":\"ListItem\",\"position\":2,\"name\":\"Formation professionnelle\u00a0: Le statut particulier du secteur fin-pr\u00eat\"}]},{\"@type\":\"WebSite\",\"@id\":\"https:\\\/\\\/lasentinelle.dz\\\/#website\",\"url\":\"https:\\\/\\\/lasentinelle.dz\\\/\",\"name\":\"La Sentinelle\",\"description\":\"Quotidien national d&#039;information\",\"publisher\":{\"@id\":\"https:\\\/\\\/lasentinelle.dz\\\/#organization\"},\"potentialAction\":[{\"@type\":\"SearchAction\",\"target\":{\"@type\":\"EntryPoint\",\"urlTemplate\":\"https:\\\/\\\/lasentinelle.dz\\\/?s={search_term_string}\"},\"query-input\":{\"@type\":\"PropertyValueSpecification\",\"valueRequired\":true,\"valueName\":\"search_term_string\"}}],\"inLanguage\":\"fr-FR\"},{\"@type\":\"Organization\",\"@id\":\"https:\\\/\\\/lasentinelle.dz\\\/#organization\",\"name\":\"Quotidien La Sentinelle\",\"url\":\"https:\\\/\\\/lasentinelle.dz\\\/\",\"logo\":{\"@type\":\"ImageObject\",\"inLanguage\":\"fr-FR\",\"@id\":\"https:\\\/\\\/lasentinelle.dz\\\/#\\\/schema\\\/logo\\\/image\\\/\",\"url\":\"https:\\\/\\\/lasentinelle.dz\\\/wp-content\\\/uploads\\\/2021\\\/09\\\/logo-sentinelleSLOGAN-1.png\",\"contentUrl\":\"https:\\\/\\\/lasentinelle.dz\\\/wp-content\\\/uploads\\\/2021\\\/09\\\/logo-sentinelleSLOGAN-1.png\",\"width\":615,\"height\":142,\"caption\":\"Quotidien La Sentinelle\"},\"image\":{\"@id\":\"https:\\\/\\\/lasentinelle.dz\\\/#\\\/schema\\\/logo\\\/image\\\/\"},\"sameAs\":[\"https:\\\/\\\/www.facebook.com\\\/La-Sentinelle-104059864394773\"]},{\"@type\":\"Person\",\"@id\":\"https:\\\/\\\/lasentinelle.dz\\\/#\\\/schema\\\/person\\\/d865044e22e70a75174ce8bcad3acfb3\",\"name\":\"La Sentinelle\",\"image\":{\"@type\":\"ImageObject\",\"inLanguage\":\"fr-FR\",\"@id\":\"https:\\\/\\\/secure.gravatar.com\\\/avatar\\\/57de8e5d4b15d43fb361a71fbb36338450fe67865b528a43dd10ef7c51a20392?s=96&d=mm&r=g\",\"url\":\"https:\\\/\\\/secure.gravatar.com\\\/avatar\\\/57de8e5d4b15d43fb361a71fbb36338450fe67865b528a43dd10ef7c51a20392?s=96&d=mm&r=g\",\"contentUrl\":\"https:\\\/\\\/secure.gravatar.com\\\/avatar\\\/57de8e5d4b15d43fb361a71fbb36338450fe67865b528a43dd10ef7c51a20392?s=96&d=mm&r=g\",\"caption\":\"La Sentinelle\"},\"sameAs\":[\"http:\\\/\\\/www.lasentinelle.dz\"],\"url\":\"https:\\\/\\\/lasentinelle.dz\\\/author\\\/redaction\\\/\"}]}<\/script>\n<!-- \/ Yoast SEO plugin. -->","yoast_head_json":{"title":"Formation professionnelle\u00a0: Le statut particulier du secteur fin-pr\u00eat - La Sentinelle","robots":{"index":"index","follow":"follow","max-snippet":"max-snippet:-1","max-image-preview":"max-image-preview:large","max-video-preview":"max-video-preview:-1"},"canonical":"https:\/\/lasentinelle.dz\/index.php\/2024\/02\/26\/formation-professionnelle-le-statut-particulier-du-secteur-fin-pret\/","og_locale":"fr_FR","og_type":"article","og_title":"Formation professionnelle\u00a0: Le statut particulier du secteur fin-pr\u00eat - La Sentinelle","og_description":"Le ministre de la Formation et de l&rsquo;Enseignement professionnels, Yacine Merabi, a annonc\u00e9, hier, lors du coup d\u2019envoie de la","og_url":"https:\/\/lasentinelle.dz\/index.php\/2024\/02\/26\/formation-professionnelle-le-statut-particulier-du-secteur-fin-pret\/","og_site_name":"La Sentinelle","article_publisher":"https:\/\/www.facebook.com\/La-Sentinelle-104059864394773","article_published_time":"2024-02-26T13:50:24+00:00","article_modified_time":"2024-02-26T13:50:28+00:00","og_image":[{"width":1603,"height":900,"url":"https:\/\/lasentinelle.dz\/wp-content\/uploads\/2022\/10\/yacine-merabi.png","type":"image\/png"}],"author":"La Sentinelle","twitter_card":"summary_large_image","twitter_misc":{"\u00c9crit par":"La Sentinelle","Dur\u00e9e de lecture estim\u00e9e":"3 minutes"},"schema":{"@context":"https:\/\/schema.org","@graph":[{"@type":"Article","@id":"https:\/\/lasentinelle.dz\/index.php\/2024\/02\/26\/formation-professionnelle-le-statut-particulier-du-secteur-fin-pret\/#article","isPartOf":{"@id":"https:\/\/lasentinelle.dz\/index.php\/2024\/02\/26\/formation-professionnelle-le-statut-particulier-du-secteur-fin-pret\/"},"author":{"name":"La Sentinelle","@id":"https:\/\/lasentinelle.dz\/#\/schema\/person\/d865044e22e70a75174ce8bcad3acfb3"},"headline":"Formation professionnelle\u00a0: Le statut particulier du secteur fin-pr\u00eat","datePublished":"2024-02-26T13:50:24+00:00","dateModified":"2024-02-26T13:50:28+00:00","mainEntityOfPage":{"@id":"https:\/\/lasentinelle.dz\/index.php\/2024\/02\/26\/formation-professionnelle-le-statut-particulier-du-secteur-fin-pret\/"},"wordCount":431,"commentCount":0,"publisher":{"@id":"https:\/\/lasentinelle.dz\/#organization"},"image":{"@id":"https:\/\/lasentinelle.dz\/index.php\/2024\/02\/26\/formation-professionnelle-le-statut-particulier-du-secteur-fin-pret\/#primaryimage"},"thumbnailUrl":"https:\/\/lasentinelle.dz\/wp-content\/uploads\/2022\/10\/yacine-merabi.png","articleSection":["Actualit\u00e9"],"inLanguage":"fr-FR","potentialAction":[{"@type":"CommentAction","name":"Comment","target":["https:\/\/lasentinelle.dz\/index.php\/2024\/02\/26\/formation-professionnelle-le-statut-particulier-du-secteur-fin-pret\/#respond"]}]},{"@type":"WebPage","@id":"https:\/\/lasentinelle.dz\/index.php\/2024\/02\/26\/formation-professionnelle-le-statut-particulier-du-secteur-fin-pret\/","url":"https:\/\/lasentinelle.dz\/index.php\/2024\/02\/26\/formation-professionnelle-le-statut-particulier-du-secteur-fin-pret\/","name":"Formation professionnelle\u00a0: Le statut particulier du secteur fin-pr\u00eat - La Sentinelle","isPartOf":{"@id":"https:\/\/lasentinelle.dz\/#website"},"primaryImageOfPage":{"@id":"https:\/\/lasentinelle.dz\/index.php\/2024\/02\/26\/formation-professionnelle-le-statut-particulier-du-secteur-fin-pret\/#primaryimage"},"image":{"@id":"https:\/\/lasentinelle.dz\/index.php\/2024\/02\/26\/formation-professionnelle-le-statut-particulier-du-secteur-fin-pret\/#primaryimage"},"thumbnailUrl":"https:\/\/lasentinelle.dz\/wp-content\/uploads\/2022\/10\/yacine-merabi.png","datePublished":"2024-02-26T13:50:24+00:00","dateModified":"2024-02-26T13:50:28+00:00","breadcrumb":{"@id":"https:\/\/lasentinelle.dz\/index.php\/2024\/02\/26\/formation-professionnelle-le-statut-particulier-du-secteur-fin-pret\/#breadcrumb"},"inLanguage":"fr-FR","potentialAction":[{"@type":"ReadAction","target":["https:\/\/lasentinelle.dz\/index.php\/2024\/02\/26\/formation-professionnelle-le-statut-particulier-du-secteur-fin-pret\/"]}]},{"@type":"ImageObject","inLanguage":"fr-FR","@id":"https:\/\/lasentinelle.dz\/index.php\/2024\/02\/26\/formation-professionnelle-le-statut-particulier-du-secteur-fin-pret\/#primaryimage","url":"https:\/\/lasentinelle.dz\/wp-content\/uploads\/2022\/10\/yacine-merabi.png","contentUrl":"https:\/\/lasentinelle.dz\/wp-content\/uploads\/2022\/10\/yacine-merabi.png","width":1603,"height":900},{"@type":"BreadcrumbList","@id":"https:\/\/lasentinelle.dz\/index.php\/2024\/02\/26\/formation-professionnelle-le-statut-particulier-du-secteur-fin-pret\/#breadcrumb","itemListElement":[{"@type":"ListItem","position":1,"name":"Accueil","item":"https:\/\/lasentinelle.dz\/"},{"@type":"ListItem","position":2,"name":"Formation professionnelle\u00a0: Le statut particulier du secteur fin-pr\u00eat"}]},{"@type":"WebSite","@id":"https:\/\/lasentinelle.dz\/#website","url":"https:\/\/lasentinelle.dz\/","name":"La Sentinelle","description":"Quotidien national d&#039;information","publisher":{"@id":"https:\/\/lasentinelle.dz\/#organization"},"potentialAction":[{"@type":"SearchAction","target":{"@type":"EntryPoint","urlTemplate":"https:\/\/lasentinelle.dz\/?s={search_term_string}"},"query-input":{"@type":"PropertyValueSpecification","valueRequired":true,"valueName":"search_term_string"}}],"inLanguage":"fr-FR"},{"@type":"Organization","@id":"https:\/\/lasentinelle.dz\/#organization","name":"Quotidien La Sentinelle","url":"https:\/\/lasentinelle.dz\/","logo":{"@type":"ImageObject","inLanguage":"fr-FR","@id":"https:\/\/lasentinelle.dz\/#\/schema\/logo\/image\/","url":"https:\/\/lasentinelle.dz\/wp-content\/uploads\/2021\/09\/logo-sentinelleSLOGAN-1.png","contentUrl":"https:\/\/lasentinelle.dz\/wp-content\/uploads\/2021\/09\/logo-sentinelleSLOGAN-1.png","width":615,"height":142,"caption":"Quotidien La Sentinelle"},"image":{"@id":"https:\/\/lasentinelle.dz\/#\/schema\/logo\/image\/"},"sameAs":["https:\/\/www.facebook.com\/La-Sentinelle-104059864394773"]},{"@type":"Person","@id":"https:\/\/lasentinelle.dz\/#\/schema\/person\/d865044e22e70a75174ce8bcad3acfb3","name":"La Sentinelle","image":{"@type":"ImageObject","inLanguage":"fr-FR","@id":"https:\/\/secure.gravatar.com\/avatar\/57de8e5d4b15d43fb361a71fbb36338450fe67865b528a43dd10ef7c51a20392?s=96&d=mm&r=g","url":"https:\/\/secure.gravatar.com\/avatar\/57de8e5d4b15d43fb361a71fbb36338450fe67865b528a43dd10ef7c51a20392?s=96&d=mm&r=g","contentUrl":"https:\/\/secure.gravatar.com\/avatar\/57de8e5d4b15d43fb361a71fbb36338450fe67865b528a43dd10ef7c51a20392?s=96&d=mm&r=g","caption":"La Sentinelle"},"sameAs":["http:\/\/www.lasentinelle.dz"],"url":"https:\/\/lasentinelle.dz\/author\/redaction\/"}]}},"_links":{"self":[{"href":"https:\/\/lasentinelle.dz\/index.php\/wp-json\/wp\/v2\/posts\/49827","targetHints":{"allow":["GET"]}}],"collection":[{"href":"https:\/\/lasentinelle.dz\/index.php\/wp-json\/wp\/v2\/posts"}],"about":[{"href":"https:\/\/lasentinelle.dz\/index.php\/wp-json\/wp\/v2\/types\/post"}],"author":[{"embeddable":true,"href":"https:\/\/lasentinelle.dz\/index.php\/wp-json\/wp\/v2\/users\/3"}],"replies":[{"embeddable":true,"href":"https:\/\/lasentinelle.dz\/index.php\/wp-json\/wp\/v2\/comments?post=49827"}],"version-history":[{"count":1,"href":"https:\/\/lasentinelle.dz\/index.php\/wp-json\/wp\/v2\/posts\/49827\/revisions"}],"predecessor-version":[{"id":49828,"href":"https:\/\/lasentinelle.dz\/index.php\/wp-json\/wp\/v2\/posts\/49827\/revisions\/49828"}],"wp:featuredmedia":[{"embeddable":true,"href":"https:\/\/lasentinelle.dz\/index.php\/wp-json\/wp\/v2\/media\/28748"}],"wp:attachment":[{"href":"https:\/\/lasentinelle.dz\/index.php\/wp-json\/wp\/v2\/media?parent=49827"}],"wp:term":[{"taxonomy":"category","embeddable":true,"href":"https:\/\/lasentinelle.dz\/index.php\/wp-json\/wp\/v2\/categories?post=49827"},{"taxonomy":"post_tag","embeddable":true,"href":"https:\/\/lasentinelle.dz\/index.php\/wp-json\/wp\/v2\/tags?post=49827"}],"curies":[{"name":"wp","href":"https:\/\/api.w.org\/{rel}","templated":true}]}}