{"id":49859,"date":"2024-02-27T14:33:15","date_gmt":"2024-02-27T13:33:15","guid":{"rendered":"https:\/\/lasentinelle.dz\/?p=49859"},"modified":"2024-02-27T14:33:19","modified_gmt":"2024-02-27T13:33:19","slug":"annaba-12-marches-de-proximites-ouverts-en-prevision-du-ramadhan","status":"publish","type":"post","link":"https:\/\/lasentinelle.dz\/index.php\/2024\/02\/27\/annaba-12-marches-de-proximites-ouverts-en-prevision-du-ramadhan\/","title":{"rendered":"Annaba\u00a0: 12 march\u00e9s de proximit\u00e9s ouverts en pr\u00e9vision du Ramadhan"},"content":{"rendered":"\n<p>La direction du commerce et de la promotion des exportations de la wilaya d\u2019Annaba a proc\u00e9d\u00e9, hier lundi, \u00e0 l\u2019ouverture des march\u00e9s de proximit\u00e9, \u00e0 travers les 12 communes de la wilaya d\u2019Annaba en pr\u00e9vision du mois de Ramadhan.<\/p>\n\n\n\n<p>\u00c0 cet effet, et afin d\u2019assurer la disponibilit\u00e9 des produits de large consommation et surtout pour couper l\u2019herbe sous les pieds des commer\u00e7ants sp\u00e9culateurs, la direction du commerce, en coordination avec la direction de l\u2019agriculture et l\u2019Office interprofessionnel des l\u00e9gumes et des viandes, a lanc\u00e9 l\u2019op\u00e9ration d\u2019approvisionnement de ces march\u00e9s en tous produits de large consommation, notamment durant le mois de Ramadhan. Au fil des ans, ce dispositif de commerces initi\u00e9s par les pouvoirs publics, pour lutter contre la hausse des prix et la sp\u00e9culation en p\u00e9riode Ramadhan\u00e8sque, enregistre encore et toujours autant de succ\u00e8s. Lorsqu\u2019on connait le prix des produits alimentaires de base au niveau des commerces, et la sp\u00e9culation exerc\u00e9e par de nombreux commer\u00e7ants \u00e0 quelques jours du mois sacr\u00e9, l\u2019engouement pour ces souks est plus que compr\u00e9hensible. La majorit\u00e9 des m\u00e9nages annabis confient avoir attendu l\u2019ouverture des march\u00e9s pour faire leurs emplettes et s\u2019approvisionner en produits alimentaires pour le mois de Ramadhan. Il faut noter que la concurrence est rude face \u00e0 ce concept qui attire toutes les couches de la soci\u00e9t\u00e9 pendant le mois de je\u00fbne. Si les prix sont plus bas au niveau de ces march\u00e9s, c\u2019est surtout parce que le produit passe par le circuit le plus court, du producteur au consommateur. En d\u2019autres termes, ce sont les producteurs qui occupent les stands de vente. Une mani\u00e8re directe pour contourner l\u2019interm\u00e9diaire, et surtout permettre au producteur d\u2019\u00e9couler son produit, en maintenant son prix de vente initiale. Si cela repr\u00e9sente un avantage au producteur, c\u2019est aussi le cas pour les familles aux faibles revenus. L\u2019ouverture des march\u00e9s de proximit\u00e9 cette ann\u00e9e dans la wilaya d\u2019Annaba, est marqu\u00e9e par la pr\u00e9sence d\u2019un grand nombre de producteurs et op\u00e9rateurs \u00e9conomiques, proposant une diversit\u00e9 des produits, au grand bonheur des consommateurs en ce Ramadhan qui, outre le choix et la qualit\u00e9 des produits propos\u00e9s, tirent avantage des prix plus que concurrentiels.<\/p>\n\n\n\n<p><strong>Sofia Chahine<\/strong><\/p>\n","protected":false},"excerpt":{"rendered":"<p>La direction du commerce et de la promotion des exportations de la wilaya d\u2019Annaba a proc\u00e9d\u00e9, hier lundi, \u00e0 l\u2019ouverture<\/p>\n","protected":false},"author":3,"featured_media":38186,"comment_status":"open","ping_status":"closed","sticky":false,"template":"","format":"standard","meta":{"colormag_page_container_layout":"default_layout","colormag_page_sidebar_layout":"default_layout","om_disable_all_campaigns":false,"_monsterinsights_skip_tracking":false,"_monsterinsights_sitenote_active":false,"_monsterinsights_sitenote_note":"","_monsterinsights_sitenote_category":0,"footnotes":"","_wpscppro_dont_share_socialmedia":false,"_wpscppro_custom_social_share_image":0,"_facebook_share_type":"","_twitter_share_type":"","_linkedin_share_type":"","_pinterest_share_type":"","_linkedin_share_type_page":"","_instagram_share_type":"","_medium_share_type":"","_threads_share_type":"","_google_business_share_type":"","_selected_social_profile":[],"_wpsp_enable_custom_social_template":false,"_wpsp_social_scheduling":{"enabled":false,"datetime":null,"platforms":[],"status":"template_only","dateOption":"today","timeOption":"now","customDays":"","customHours":"","customDate":"","customTime":"","schedulingType":"absolute"},"_wpsp_active_default_template":true},"categories":[31],"tags":[],"class_list":["post-49859","post","type-post","status-publish","format-standard","has-post-thumbnail","hentry","category-regions"],"aioseo_notices":[],"yoast_head":"<!-- This site is optimized with the Yoast SEO plugin v27.5 - https:\/\/yoast.com\/product\/yoast-seo-wordpress\/ -->\n<title>Annaba\u00a0: 12 march\u00e9s de proximit\u00e9s ouverts en pr\u00e9vision du Ramadhan - La Sentinelle<\/title>\n<meta name=\"robots\" content=\"index, follow, max-snippet:-1, max-image-preview:large, max-video-preview:-1\" \/>\n<link rel=\"canonical\" href=\"https:\/\/lasentinelle.dz\/index.php\/2024\/02\/27\/annaba-12-marches-de-proximites-ouverts-en-prevision-du-ramadhan\/\" \/>\n<meta property=\"og:locale\" content=\"fr_FR\" \/>\n<meta property=\"og:type\" content=\"article\" \/>\n<meta property=\"og:title\" content=\"Annaba\u00a0: 12 march\u00e9s de proximit\u00e9s ouverts en pr\u00e9vision du Ramadhan - La Sentinelle\" \/>\n<meta property=\"og:description\" content=\"La direction du commerce et de la promotion des exportations de la wilaya d\u2019Annaba a proc\u00e9d\u00e9, hier lundi, \u00e0 l\u2019ouverture\" \/>\n<meta property=\"og:url\" content=\"https:\/\/lasentinelle.dz\/index.php\/2024\/02\/27\/annaba-12-marches-de-proximites-ouverts-en-prevision-du-ramadhan\/\" \/>\n<meta property=\"og:site_name\" content=\"La Sentinelle\" \/>\n<meta property=\"article:publisher\" content=\"https:\/\/www.facebook.com\/La-Sentinelle-104059864394773\" \/>\n<meta property=\"article:published_time\" content=\"2024-02-27T13:33:15+00:00\" \/>\n<meta property=\"article:modified_time\" content=\"2024-02-27T13:33:19+00:00\" \/>\n<meta property=\"og:image\" content=\"https:\/\/lasentinelle.dz\/wp-content\/uploads\/2023\/03\/marche.png\" \/>\n\t<meta property=\"og:image:width\" content=\"1555\" \/>\n\t<meta property=\"og:image:height\" content=\"900\" \/>\n\t<meta property=\"og:image:type\" content=\"image\/png\" \/>\n<meta name=\"author\" content=\"La Sentinelle\" \/>\n<meta name=\"twitter:card\" content=\"summary_large_image\" \/>\n<meta name=\"twitter:label1\" content=\"\u00c9crit par\" \/>\n\t<meta name=\"twitter:data1\" content=\"La Sentinelle\" \/>\n\t<meta name=\"twitter:label2\" content=\"Dur\u00e9e de lecture estim\u00e9e\" \/>\n\t<meta name=\"twitter:data2\" content=\"3 minutes\" \/>\n<script type=\"application\/ld+json\" class=\"yoast-schema-graph\">{\"@context\":\"https:\\\/\\\/schema.org\",\"@graph\":[{\"@type\":\"Article\",\"@id\":\"https:\\\/\\\/lasentinelle.dz\\\/index.php\\\/2024\\\/02\\\/27\\\/annaba-12-marches-de-proximites-ouverts-en-prevision-du-ramadhan\\\/#article\",\"isPartOf\":{\"@id\":\"https:\\\/\\\/lasentinelle.dz\\\/index.php\\\/2024\\\/02\\\/27\\\/annaba-12-marches-de-proximites-ouverts-en-prevision-du-ramadhan\\\/\"},\"author\":{\"name\":\"La Sentinelle\",\"@id\":\"https:\\\/\\\/lasentinelle.dz\\\/#\\\/schema\\\/person\\\/d865044e22e70a75174ce8bcad3acfb3\"},\"headline\":\"Annaba\u00a0: 12 march\u00e9s de proximit\u00e9s ouverts en pr\u00e9vision du Ramadhan\",\"datePublished\":\"2024-02-27T13:33:15+00:00\",\"dateModified\":\"2024-02-27T13:33:19+00:00\",\"mainEntityOfPage\":{\"@id\":\"https:\\\/\\\/lasentinelle.dz\\\/index.php\\\/2024\\\/02\\\/27\\\/annaba-12-marches-de-proximites-ouverts-en-prevision-du-ramadhan\\\/\"},\"wordCount\":412,\"commentCount\":0,\"publisher\":{\"@id\":\"https:\\\/\\\/lasentinelle.dz\\\/#organization\"},\"image\":{\"@id\":\"https:\\\/\\\/lasentinelle.dz\\\/index.php\\\/2024\\\/02\\\/27\\\/annaba-12-marches-de-proximites-ouverts-en-prevision-du-ramadhan\\\/#primaryimage\"},\"thumbnailUrl\":\"https:\\\/\\\/lasentinelle.dz\\\/wp-content\\\/uploads\\\/2023\\\/03\\\/marche.png\",\"articleSection\":[\"R\u00e9gions\"],\"inLanguage\":\"fr-FR\",\"potentialAction\":[{\"@type\":\"CommentAction\",\"name\":\"Comment\",\"target\":[\"https:\\\/\\\/lasentinelle.dz\\\/index.php\\\/2024\\\/02\\\/27\\\/annaba-12-marches-de-proximites-ouverts-en-prevision-du-ramadhan\\\/#respond\"]}]},{\"@type\":\"WebPage\",\"@id\":\"https:\\\/\\\/lasentinelle.dz\\\/index.php\\\/2024\\\/02\\\/27\\\/annaba-12-marches-de-proximites-ouverts-en-prevision-du-ramadhan\\\/\",\"url\":\"https:\\\/\\\/lasentinelle.dz\\\/index.php\\\/2024\\\/02\\\/27\\\/annaba-12-marches-de-proximites-ouverts-en-prevision-du-ramadhan\\\/\",\"name\":\"Annaba\u00a0: 12 march\u00e9s de proximit\u00e9s ouverts en pr\u00e9vision du Ramadhan - La Sentinelle\",\"isPartOf\":{\"@id\":\"https:\\\/\\\/lasentinelle.dz\\\/#website\"},\"primaryImageOfPage\":{\"@id\":\"https:\\\/\\\/lasentinelle.dz\\\/index.php\\\/2024\\\/02\\\/27\\\/annaba-12-marches-de-proximites-ouverts-en-prevision-du-ramadhan\\\/#primaryimage\"},\"image\":{\"@id\":\"https:\\\/\\\/lasentinelle.dz\\\/index.php\\\/2024\\\/02\\\/27\\\/annaba-12-marches-de-proximites-ouverts-en-prevision-du-ramadhan\\\/#primaryimage\"},\"thumbnailUrl\":\"https:\\\/\\\/lasentinelle.dz\\\/wp-content\\\/uploads\\\/2023\\\/03\\\/marche.png\",\"datePublished\":\"2024-02-27T13:33:15+00:00\",\"dateModified\":\"2024-02-27T13:33:19+00:00\",\"breadcrumb\":{\"@id\":\"https:\\\/\\\/lasentinelle.dz\\\/index.php\\\/2024\\\/02\\\/27\\\/annaba-12-marches-de-proximites-ouverts-en-prevision-du-ramadhan\\\/#breadcrumb\"},\"inLanguage\":\"fr-FR\",\"potentialAction\":[{\"@type\":\"ReadAction\",\"target\":[\"https:\\\/\\\/lasentinelle.dz\\\/index.php\\\/2024\\\/02\\\/27\\\/annaba-12-marches-de-proximites-ouverts-en-prevision-du-ramadhan\\\/\"]}]},{\"@type\":\"ImageObject\",\"inLanguage\":\"fr-FR\",\"@id\":\"https:\\\/\\\/lasentinelle.dz\\\/index.php\\\/2024\\\/02\\\/27\\\/annaba-12-marches-de-proximites-ouverts-en-prevision-du-ramadhan\\\/#primaryimage\",\"url\":\"https:\\\/\\\/lasentinelle.dz\\\/wp-content\\\/uploads\\\/2023\\\/03\\\/marche.png\",\"contentUrl\":\"https:\\\/\\\/lasentinelle.dz\\\/wp-content\\\/uploads\\\/2023\\\/03\\\/marche.png\",\"width\":1555,\"height\":900},{\"@type\":\"BreadcrumbList\",\"@id\":\"https:\\\/\\\/lasentinelle.dz\\\/index.php\\\/2024\\\/02\\\/27\\\/annaba-12-marches-de-proximites-ouverts-en-prevision-du-ramadhan\\\/#breadcrumb\",\"itemListElement\":[{\"@type\":\"ListItem\",\"position\":1,\"name\":\"Accueil\",\"item\":\"https:\\\/\\\/lasentinelle.dz\\\/\"},{\"@type\":\"ListItem\",\"position\":2,\"name\":\"Annaba\u00a0: 12 march\u00e9s de proximit\u00e9s ouverts en pr\u00e9vision du Ramadhan\"}]},{\"@type\":\"WebSite\",\"@id\":\"https:\\\/\\\/lasentinelle.dz\\\/#website\",\"url\":\"https:\\\/\\\/lasentinelle.dz\\\/\",\"name\":\"La Sentinelle\",\"description\":\"Quotidien national d&#039;information\",\"publisher\":{\"@id\":\"https:\\\/\\\/lasentinelle.dz\\\/#organization\"},\"potentialAction\":[{\"@type\":\"SearchAction\",\"target\":{\"@type\":\"EntryPoint\",\"urlTemplate\":\"https:\\\/\\\/lasentinelle.dz\\\/?s={search_term_string}\"},\"query-input\":{\"@type\":\"PropertyValueSpecification\",\"valueRequired\":true,\"valueName\":\"search_term_string\"}}],\"inLanguage\":\"fr-FR\"},{\"@type\":\"Organization\",\"@id\":\"https:\\\/\\\/lasentinelle.dz\\\/#organization\",\"name\":\"Quotidien La Sentinelle\",\"url\":\"https:\\\/\\\/lasentinelle.dz\\\/\",\"logo\":{\"@type\":\"ImageObject\",\"inLanguage\":\"fr-FR\",\"@id\":\"https:\\\/\\\/lasentinelle.dz\\\/#\\\/schema\\\/logo\\\/image\\\/\",\"url\":\"https:\\\/\\\/lasentinelle.dz\\\/wp-content\\\/uploads\\\/2021\\\/09\\\/logo-sentinelleSLOGAN-1.png\",\"contentUrl\":\"https:\\\/\\\/lasentinelle.dz\\\/wp-content\\\/uploads\\\/2021\\\/09\\\/logo-sentinelleSLOGAN-1.png\",\"width\":615,\"height\":142,\"caption\":\"Quotidien La Sentinelle\"},\"image\":{\"@id\":\"https:\\\/\\\/lasentinelle.dz\\\/#\\\/schema\\\/logo\\\/image\\\/\"},\"sameAs\":[\"https:\\\/\\\/www.facebook.com\\\/La-Sentinelle-104059864394773\"]},{\"@type\":\"Person\",\"@id\":\"https:\\\/\\\/lasentinelle.dz\\\/#\\\/schema\\\/person\\\/d865044e22e70a75174ce8bcad3acfb3\",\"name\":\"La Sentinelle\",\"image\":{\"@type\":\"ImageObject\",\"inLanguage\":\"fr-FR\",\"@id\":\"https:\\\/\\\/secure.gravatar.com\\\/avatar\\\/57de8e5d4b15d43fb361a71fbb36338450fe67865b528a43dd10ef7c51a20392?s=96&d=mm&r=g\",\"url\":\"https:\\\/\\\/secure.gravatar.com\\\/avatar\\\/57de8e5d4b15d43fb361a71fbb36338450fe67865b528a43dd10ef7c51a20392?s=96&d=mm&r=g\",\"contentUrl\":\"https:\\\/\\\/secure.gravatar.com\\\/avatar\\\/57de8e5d4b15d43fb361a71fbb36338450fe67865b528a43dd10ef7c51a20392?s=96&d=mm&r=g\",\"caption\":\"La Sentinelle\"},\"sameAs\":[\"http:\\\/\\\/www.lasentinelle.dz\"],\"url\":\"https:\\\/\\\/lasentinelle.dz\\\/author\\\/redaction\\\/\"}]}<\/script>\n<!-- \/ Yoast SEO plugin. -->","yoast_head_json":{"title":"Annaba\u00a0: 12 march\u00e9s de proximit\u00e9s ouverts en pr\u00e9vision du Ramadhan - La Sentinelle","robots":{"index":"index","follow":"follow","max-snippet":"max-snippet:-1","max-image-preview":"max-image-preview:large","max-video-preview":"max-video-preview:-1"},"canonical":"https:\/\/lasentinelle.dz\/index.php\/2024\/02\/27\/annaba-12-marches-de-proximites-ouverts-en-prevision-du-ramadhan\/","og_locale":"fr_FR","og_type":"article","og_title":"Annaba\u00a0: 12 march\u00e9s de proximit\u00e9s ouverts en pr\u00e9vision du Ramadhan - La Sentinelle","og_description":"La direction du commerce et de la promotion des exportations de la wilaya d\u2019Annaba a proc\u00e9d\u00e9, hier lundi, \u00e0 l\u2019ouverture","og_url":"https:\/\/lasentinelle.dz\/index.php\/2024\/02\/27\/annaba-12-marches-de-proximites-ouverts-en-prevision-du-ramadhan\/","og_site_name":"La Sentinelle","article_publisher":"https:\/\/www.facebook.com\/La-Sentinelle-104059864394773","article_published_time":"2024-02-27T13:33:15+00:00","article_modified_time":"2024-02-27T13:33:19+00:00","og_image":[{"width":1555,"height":900,"url":"https:\/\/lasentinelle.dz\/wp-content\/uploads\/2023\/03\/marche.png","type":"image\/png"}],"author":"La Sentinelle","twitter_card":"summary_large_image","twitter_misc":{"\u00c9crit par":"La Sentinelle","Dur\u00e9e de lecture estim\u00e9e":"3 minutes"},"schema":{"@context":"https:\/\/schema.org","@graph":[{"@type":"Article","@id":"https:\/\/lasentinelle.dz\/index.php\/2024\/02\/27\/annaba-12-marches-de-proximites-ouverts-en-prevision-du-ramadhan\/#article","isPartOf":{"@id":"https:\/\/lasentinelle.dz\/index.php\/2024\/02\/27\/annaba-12-marches-de-proximites-ouverts-en-prevision-du-ramadhan\/"},"author":{"name":"La Sentinelle","@id":"https:\/\/lasentinelle.dz\/#\/schema\/person\/d865044e22e70a75174ce8bcad3acfb3"},"headline":"Annaba\u00a0: 12 march\u00e9s de proximit\u00e9s ouverts en pr\u00e9vision du Ramadhan","datePublished":"2024-02-27T13:33:15+00:00","dateModified":"2024-02-27T13:33:19+00:00","mainEntityOfPage":{"@id":"https:\/\/lasentinelle.dz\/index.php\/2024\/02\/27\/annaba-12-marches-de-proximites-ouverts-en-prevision-du-ramadhan\/"},"wordCount":412,"commentCount":0,"publisher":{"@id":"https:\/\/lasentinelle.dz\/#organization"},"image":{"@id":"https:\/\/lasentinelle.dz\/index.php\/2024\/02\/27\/annaba-12-marches-de-proximites-ouverts-en-prevision-du-ramadhan\/#primaryimage"},"thumbnailUrl":"https:\/\/lasentinelle.dz\/wp-content\/uploads\/2023\/03\/marche.png","articleSection":["R\u00e9gions"],"inLanguage":"fr-FR","potentialAction":[{"@type":"CommentAction","name":"Comment","target":["https:\/\/lasentinelle.dz\/index.php\/2024\/02\/27\/annaba-12-marches-de-proximites-ouverts-en-prevision-du-ramadhan\/#respond"]}]},{"@type":"WebPage","@id":"https:\/\/lasentinelle.dz\/index.php\/2024\/02\/27\/annaba-12-marches-de-proximites-ouverts-en-prevision-du-ramadhan\/","url":"https:\/\/lasentinelle.dz\/index.php\/2024\/02\/27\/annaba-12-marches-de-proximites-ouverts-en-prevision-du-ramadhan\/","name":"Annaba\u00a0: 12 march\u00e9s de proximit\u00e9s ouverts en pr\u00e9vision du Ramadhan - La Sentinelle","isPartOf":{"@id":"https:\/\/lasentinelle.dz\/#website"},"primaryImageOfPage":{"@id":"https:\/\/lasentinelle.dz\/index.php\/2024\/02\/27\/annaba-12-marches-de-proximites-ouverts-en-prevision-du-ramadhan\/#primaryimage"},"image":{"@id":"https:\/\/lasentinelle.dz\/index.php\/2024\/02\/27\/annaba-12-marches-de-proximites-ouverts-en-prevision-du-ramadhan\/#primaryimage"},"thumbnailUrl":"https:\/\/lasentinelle.dz\/wp-content\/uploads\/2023\/03\/marche.png","datePublished":"2024-02-27T13:33:15+00:00","dateModified":"2024-02-27T13:33:19+00:00","breadcrumb":{"@id":"https:\/\/lasentinelle.dz\/index.php\/2024\/02\/27\/annaba-12-marches-de-proximites-ouverts-en-prevision-du-ramadhan\/#breadcrumb"},"inLanguage":"fr-FR","potentialAction":[{"@type":"ReadAction","target":["https:\/\/lasentinelle.dz\/index.php\/2024\/02\/27\/annaba-12-marches-de-proximites-ouverts-en-prevision-du-ramadhan\/"]}]},{"@type":"ImageObject","inLanguage":"fr-FR","@id":"https:\/\/lasentinelle.dz\/index.php\/2024\/02\/27\/annaba-12-marches-de-proximites-ouverts-en-prevision-du-ramadhan\/#primaryimage","url":"https:\/\/lasentinelle.dz\/wp-content\/uploads\/2023\/03\/marche.png","contentUrl":"https:\/\/lasentinelle.dz\/wp-content\/uploads\/2023\/03\/marche.png","width":1555,"height":900},{"@type":"BreadcrumbList","@id":"https:\/\/lasentinelle.dz\/index.php\/2024\/02\/27\/annaba-12-marches-de-proximites-ouverts-en-prevision-du-ramadhan\/#breadcrumb","itemListElement":[{"@type":"ListItem","position":1,"name":"Accueil","item":"https:\/\/lasentinelle.dz\/"},{"@type":"ListItem","position":2,"name":"Annaba\u00a0: 12 march\u00e9s de proximit\u00e9s ouverts en pr\u00e9vision du Ramadhan"}]},{"@type":"WebSite","@id":"https:\/\/lasentinelle.dz\/#website","url":"https:\/\/lasentinelle.dz\/","name":"La Sentinelle","description":"Quotidien national d&#039;information","publisher":{"@id":"https:\/\/lasentinelle.dz\/#organization"},"potentialAction":[{"@type":"SearchAction","target":{"@type":"EntryPoint","urlTemplate":"https:\/\/lasentinelle.dz\/?s={search_term_string}"},"query-input":{"@type":"PropertyValueSpecification","valueRequired":true,"valueName":"search_term_string"}}],"inLanguage":"fr-FR"},{"@type":"Organization","@id":"https:\/\/lasentinelle.dz\/#organization","name":"Quotidien La Sentinelle","url":"https:\/\/lasentinelle.dz\/","logo":{"@type":"ImageObject","inLanguage":"fr-FR","@id":"https:\/\/lasentinelle.dz\/#\/schema\/logo\/image\/","url":"https:\/\/lasentinelle.dz\/wp-content\/uploads\/2021\/09\/logo-sentinelleSLOGAN-1.png","contentUrl":"https:\/\/lasentinelle.dz\/wp-content\/uploads\/2021\/09\/logo-sentinelleSLOGAN-1.png","width":615,"height":142,"caption":"Quotidien La Sentinelle"},"image":{"@id":"https:\/\/lasentinelle.dz\/#\/schema\/logo\/image\/"},"sameAs":["https:\/\/www.facebook.com\/La-Sentinelle-104059864394773"]},{"@type":"Person","@id":"https:\/\/lasentinelle.dz\/#\/schema\/person\/d865044e22e70a75174ce8bcad3acfb3","name":"La Sentinelle","image":{"@type":"ImageObject","inLanguage":"fr-FR","@id":"https:\/\/secure.gravatar.com\/avatar\/57de8e5d4b15d43fb361a71fbb36338450fe67865b528a43dd10ef7c51a20392?s=96&d=mm&r=g","url":"https:\/\/secure.gravatar.com\/avatar\/57de8e5d4b15d43fb361a71fbb36338450fe67865b528a43dd10ef7c51a20392?s=96&d=mm&r=g","contentUrl":"https:\/\/secure.gravatar.com\/avatar\/57de8e5d4b15d43fb361a71fbb36338450fe67865b528a43dd10ef7c51a20392?s=96&d=mm&r=g","caption":"La Sentinelle"},"sameAs":["http:\/\/www.lasentinelle.dz"],"url":"https:\/\/lasentinelle.dz\/author\/redaction\/"}]}},"_links":{"self":[{"href":"https:\/\/lasentinelle.dz\/index.php\/wp-json\/wp\/v2\/posts\/49859","targetHints":{"allow":["GET"]}}],"collection":[{"href":"https:\/\/lasentinelle.dz\/index.php\/wp-json\/wp\/v2\/posts"}],"about":[{"href":"https:\/\/lasentinelle.dz\/index.php\/wp-json\/wp\/v2\/types\/post"}],"author":[{"embeddable":true,"href":"https:\/\/lasentinelle.dz\/index.php\/wp-json\/wp\/v2\/users\/3"}],"replies":[{"embeddable":true,"href":"https:\/\/lasentinelle.dz\/index.php\/wp-json\/wp\/v2\/comments?post=49859"}],"version-history":[{"count":1,"href":"https:\/\/lasentinelle.dz\/index.php\/wp-json\/wp\/v2\/posts\/49859\/revisions"}],"predecessor-version":[{"id":49860,"href":"https:\/\/lasentinelle.dz\/index.php\/wp-json\/wp\/v2\/posts\/49859\/revisions\/49860"}],"wp:featuredmedia":[{"embeddable":true,"href":"https:\/\/lasentinelle.dz\/index.php\/wp-json\/wp\/v2\/media\/38186"}],"wp:attachment":[{"href":"https:\/\/lasentinelle.dz\/index.php\/wp-json\/wp\/v2\/media?parent=49859"}],"wp:term":[{"taxonomy":"category","embeddable":true,"href":"https:\/\/lasentinelle.dz\/index.php\/wp-json\/wp\/v2\/categories?post=49859"},{"taxonomy":"post_tag","embeddable":true,"href":"https:\/\/lasentinelle.dz\/index.php\/wp-json\/wp\/v2\/tags?post=49859"}],"curies":[{"name":"wp","href":"https:\/\/api.w.org\/{rel}","templated":true}]}}