{"id":49874,"date":"2024-02-27T15:15:03","date_gmt":"2024-02-27T14:15:03","guid":{"rendered":"https:\/\/lasentinelle.dz\/?p=49874"},"modified":"2024-02-27T15:25:17","modified_gmt":"2024-02-27T14:25:17","slug":"le-gouvernement-shtayyeh-demissionne","status":"publish","type":"post","link":"https:\/\/lasentinelle.dz\/index.php\/2024\/02\/27\/le-gouvernement-shtayyeh-demissionne\/","title":{"rendered":"Le gouvernement Shtayyeh d\u00e9missionne"},"content":{"rendered":"\n<p>Le pr\u00e9sident de l&rsquo;Etat de Palestine, Mahmoud Abbas, a accept\u00e9 herla d\u00e9mission du gouvernement du Premier ministre Mohammed Shtayyeh, a indiqu\u00e9 la pr\u00e9sidence dans un communiqu\u00e9.\u00a0\u00bbLe pr\u00e9sident a publi\u00e9 un d\u00e9cret acceptant cette d\u00e9mission et a charg\u00e9 Mohammed Shtayyeh et son gouvernement de rester temporairement en poste jusqu&rsquo;\u00e0 ce qu&rsquo;un nouveau gouvernement soit form\u00e9\u00a0\u00bb, souligne la pr\u00e9sidence.<\/p>\n\n\n\n<p>Mohammed Shtayyeh a remis lundi sa d\u00e9mission au pr\u00e9sident Mahmoud Abbas. \u00ab\u00a0J&rsquo;ai mis la d\u00e9mission du gouvernement \u00e0 la disposition de M. le pr\u00e9sident Mahmoud Abbas, mardi dernier et aujourd&rsquo;hui (lundi) je la soumets par \u00e9crit\u00a0\u00bb, avait annonc\u00e9 plut\u00f4t le chef du gouvernement palestinien. Celui-ci a expliqu\u00e9, lors de l&rsquo;ouverture de la session gouvernementale hier dans la ville de Ramallah que cette d\u00e9cision \u00ab\u00a0intervient \u00e0 la lumi\u00e8re des d\u00e9veloppements politiques, s\u00e9curitaires et \u00e9conomiques li\u00e9s \u00e0 l&rsquo;agression contre notre peuple dans la bande de Ghaza, et l\u2019escalade sans pr\u00e9c\u00e9dent en Cisjordanie, y compris dans la ville d&rsquo;El-Qods\u00a0\u00bb. Et d&rsquo;ajouter: \u00ab\u00a0Cela vient \u00e0 la lumi\u00e8re de ce \u00e0 quoi notre peuple, notre cause palestinienne et notre syst\u00e8me politique sont confront\u00e9s: une attaque f\u00e9roce et sans pr\u00e9c\u00e9dent, un g\u00e9nocide, des tentatives de d\u00e9placement forc\u00e9, la famine \u00e0 Ghaza, l&rsquo;intensification du colonialisme, le terrorisme des colonisateurs et les violences r\u00e9p\u00e9t\u00e9es, les invasions de camps et de villages \u00e0 El-Qods et en Cisjordanie, ainsi qu&rsquo;un \u00e9tranglement financier sans pr\u00e9c\u00e9dent, et les tentatives de liquider l&rsquo;Office de secours et de travaux des Nations Unies pour les r\u00e9fugi\u00e9s (UNRWA)&#8230;\u00a0\u00bb.<\/p>\n\n\n\n<p>\u00a0\u00bb Il a \u00e9galement soulign\u00e9 que cette d\u00e9cision r\u00e9sultait de \u201cl&rsquo;intensification de la colonisation et du terrorisme des colons (isra\u00e9liens), des invasions et des r\u00e9occupations r\u00e9p\u00e9t\u00e9es des camps, des villages et des villes de J\u00e9rusalem et de Cisjordanie, ainsi que des restrictions financi\u00e8res in\u00e9dites\u201c (impos\u00e9es \u00e0 l&rsquo;Autorit\u00e9 palestinienne par Isra\u00ebl).\u201cLe gouvernement a travaill\u00e9 dans des circonstances complexes et a d\u00fb faire face aux batailles qui lui ont \u00e9t\u00e9 impos\u00e9es sur fond d&rsquo;agression isra\u00e9lienne contre la bande de Gaza\u201c, a expliqu\u00e9 le Premier ministre palestinien. Et de fustiger, \u201cNous demeurons oppos\u00e9s \u00e0 l&rsquo;occupation, et l&rsquo;Autorit\u00e9 nationale continuera \u00e0 lutter pour \u00e9tablir l&rsquo;\u00c9tat sur les terres de Palestine, contre leur volont\u00e9 (des Isra\u00e9liens)\u201c. Pour le Premier ministre palestinien, \u00ab\u00a0la prochaine \u00e9tape et ses d\u00e9fis n\u00e9cessitent de nouveaux arrangements gouvernementaux et politiques qui prennent en compte la nouvelle r\u00e9alit\u00e9 dans la bande de Ghaza, les pourparlers d&rsquo;unit\u00e9 nationale et le besoin urgent d&rsquo;un consensus inter-palestinien, bas\u00e9 notamment sur l&rsquo;unit\u00e9 des rangs\u00a0\u00bb.<\/p>\n\n\n\n<p>R.N.<\/p>\n","protected":false},"excerpt":{"rendered":"<p>Le pr\u00e9sident de l&rsquo;Etat de Palestine, Mahmoud Abbas, a accept\u00e9 herla d\u00e9mission du gouvernement du Premier ministre Mohammed Shtayyeh, a<\/p>\n","protected":false},"author":3,"featured_media":44870,"comment_status":"open","ping_status":"closed","sticky":false,"template":"","format":"standard","meta":{"colormag_page_container_layout":"default_layout","colormag_page_sidebar_layout":"default_layout","om_disable_all_campaigns":false,"_monsterinsights_skip_tracking":false,"_monsterinsights_sitenote_active":false,"_monsterinsights_sitenote_note":"","_monsterinsights_sitenote_category":0,"footnotes":"","_wpscppro_dont_share_socialmedia":false,"_wpscppro_custom_social_share_image":0,"_facebook_share_type":"","_twitter_share_type":"","_linkedin_share_type":"","_pinterest_share_type":"","_linkedin_share_type_page":"","_instagram_share_type":"","_medium_share_type":"","_threads_share_type":"","_google_business_share_type":"","_selected_social_profile":[],"_wpsp_enable_custom_social_template":false,"_wpsp_social_scheduling":{"enabled":false,"datetime":null,"platforms":[],"status":"template_only","dateOption":"today","timeOption":"now","customDays":"","customHours":"","customDate":"","customTime":"","schedulingType":"absolute"},"_wpsp_active_default_template":true},"categories":[52,27],"tags":[],"class_list":["post-49874","post","type-post","status-publish","format-standard","has-post-thumbnail","hentry","category-a-la-une","category-actualite"],"aioseo_notices":[],"yoast_head":"<!-- This site is optimized with the Yoast SEO plugin v27.5 - https:\/\/yoast.com\/product\/yoast-seo-wordpress\/ -->\n<title>Le gouvernement Shtayyeh d\u00e9missionne - La Sentinelle<\/title>\n<meta name=\"robots\" content=\"index, follow, max-snippet:-1, max-image-preview:large, max-video-preview:-1\" \/>\n<link rel=\"canonical\" href=\"https:\/\/lasentinelle.dz\/index.php\/2024\/02\/27\/le-gouvernement-shtayyeh-demissionne\/\" \/>\n<meta property=\"og:locale\" content=\"fr_FR\" \/>\n<meta property=\"og:type\" content=\"article\" \/>\n<meta property=\"og:title\" content=\"Le gouvernement Shtayyeh d\u00e9missionne - La Sentinelle\" \/>\n<meta property=\"og:description\" content=\"Le pr\u00e9sident de l&rsquo;Etat de Palestine, Mahmoud Abbas, a accept\u00e9 herla d\u00e9mission du gouvernement du Premier ministre Mohammed Shtayyeh, a\" \/>\n<meta property=\"og:url\" content=\"https:\/\/lasentinelle.dz\/index.php\/2024\/02\/27\/le-gouvernement-shtayyeh-demissionne\/\" \/>\n<meta property=\"og:site_name\" content=\"La Sentinelle\" \/>\n<meta property=\"article:publisher\" content=\"https:\/\/www.facebook.com\/La-Sentinelle-104059864394773\" \/>\n<meta property=\"article:published_time\" content=\"2024-02-27T14:15:03+00:00\" \/>\n<meta property=\"article:modified_time\" content=\"2024-02-27T14:25:17+00:00\" \/>\n<meta property=\"og:image\" content=\"https:\/\/lasentinelle.dz\/wp-content\/uploads\/2023\/08\/Shtayyeh.jpeg\" \/>\n\t<meta property=\"og:image:width\" content=\"1016\" \/>\n\t<meta property=\"og:image:height\" content=\"637\" \/>\n\t<meta property=\"og:image:type\" content=\"image\/jpeg\" \/>\n<meta name=\"author\" content=\"La Sentinelle\" \/>\n<meta name=\"twitter:card\" content=\"summary_large_image\" \/>\n<meta name=\"twitter:label1\" content=\"\u00c9crit par\" \/>\n\t<meta name=\"twitter:data1\" content=\"La Sentinelle\" \/>\n\t<meta name=\"twitter:label2\" content=\"Dur\u00e9e de lecture estim\u00e9e\" \/>\n\t<meta name=\"twitter:data2\" content=\"3 minutes\" \/>\n<script type=\"application\/ld+json\" class=\"yoast-schema-graph\">{\"@context\":\"https:\\\/\\\/schema.org\",\"@graph\":[{\"@type\":\"Article\",\"@id\":\"https:\\\/\\\/lasentinelle.dz\\\/index.php\\\/2024\\\/02\\\/27\\\/le-gouvernement-shtayyeh-demissionne\\\/#article\",\"isPartOf\":{\"@id\":\"https:\\\/\\\/lasentinelle.dz\\\/index.php\\\/2024\\\/02\\\/27\\\/le-gouvernement-shtayyeh-demissionne\\\/\"},\"author\":{\"name\":\"La Sentinelle\",\"@id\":\"https:\\\/\\\/lasentinelle.dz\\\/#\\\/schema\\\/person\\\/d865044e22e70a75174ce8bcad3acfb3\"},\"headline\":\"Le gouvernement Shtayyeh d\u00e9missionne\",\"datePublished\":\"2024-02-27T14:15:03+00:00\",\"dateModified\":\"2024-02-27T14:25:17+00:00\",\"mainEntityOfPage\":{\"@id\":\"https:\\\/\\\/lasentinelle.dz\\\/index.php\\\/2024\\\/02\\\/27\\\/le-gouvernement-shtayyeh-demissionne\\\/\"},\"wordCount\":469,\"commentCount\":0,\"publisher\":{\"@id\":\"https:\\\/\\\/lasentinelle.dz\\\/#organization\"},\"image\":{\"@id\":\"https:\\\/\\\/lasentinelle.dz\\\/index.php\\\/2024\\\/02\\\/27\\\/le-gouvernement-shtayyeh-demissionne\\\/#primaryimage\"},\"thumbnailUrl\":\"https:\\\/\\\/lasentinelle.dz\\\/wp-content\\\/uploads\\\/2023\\\/08\\\/Shtayyeh.jpeg\",\"articleSection\":[\"\u00c0 la Une\",\"Actualit\u00e9\"],\"inLanguage\":\"fr-FR\",\"potentialAction\":[{\"@type\":\"CommentAction\",\"name\":\"Comment\",\"target\":[\"https:\\\/\\\/lasentinelle.dz\\\/index.php\\\/2024\\\/02\\\/27\\\/le-gouvernement-shtayyeh-demissionne\\\/#respond\"]}]},{\"@type\":\"WebPage\",\"@id\":\"https:\\\/\\\/lasentinelle.dz\\\/index.php\\\/2024\\\/02\\\/27\\\/le-gouvernement-shtayyeh-demissionne\\\/\",\"url\":\"https:\\\/\\\/lasentinelle.dz\\\/index.php\\\/2024\\\/02\\\/27\\\/le-gouvernement-shtayyeh-demissionne\\\/\",\"name\":\"Le gouvernement Shtayyeh d\u00e9missionne - La Sentinelle\",\"isPartOf\":{\"@id\":\"https:\\\/\\\/lasentinelle.dz\\\/#website\"},\"primaryImageOfPage\":{\"@id\":\"https:\\\/\\\/lasentinelle.dz\\\/index.php\\\/2024\\\/02\\\/27\\\/le-gouvernement-shtayyeh-demissionne\\\/#primaryimage\"},\"image\":{\"@id\":\"https:\\\/\\\/lasentinelle.dz\\\/index.php\\\/2024\\\/02\\\/27\\\/le-gouvernement-shtayyeh-demissionne\\\/#primaryimage\"},\"thumbnailUrl\":\"https:\\\/\\\/lasentinelle.dz\\\/wp-content\\\/uploads\\\/2023\\\/08\\\/Shtayyeh.jpeg\",\"datePublished\":\"2024-02-27T14:15:03+00:00\",\"dateModified\":\"2024-02-27T14:25:17+00:00\",\"breadcrumb\":{\"@id\":\"https:\\\/\\\/lasentinelle.dz\\\/index.php\\\/2024\\\/02\\\/27\\\/le-gouvernement-shtayyeh-demissionne\\\/#breadcrumb\"},\"inLanguage\":\"fr-FR\",\"potentialAction\":[{\"@type\":\"ReadAction\",\"target\":[\"https:\\\/\\\/lasentinelle.dz\\\/index.php\\\/2024\\\/02\\\/27\\\/le-gouvernement-shtayyeh-demissionne\\\/\"]}]},{\"@type\":\"ImageObject\",\"inLanguage\":\"fr-FR\",\"@id\":\"https:\\\/\\\/lasentinelle.dz\\\/index.php\\\/2024\\\/02\\\/27\\\/le-gouvernement-shtayyeh-demissionne\\\/#primaryimage\",\"url\":\"https:\\\/\\\/lasentinelle.dz\\\/wp-content\\\/uploads\\\/2023\\\/08\\\/Shtayyeh.jpeg\",\"contentUrl\":\"https:\\\/\\\/lasentinelle.dz\\\/wp-content\\\/uploads\\\/2023\\\/08\\\/Shtayyeh.jpeg\",\"width\":1016,\"height\":637},{\"@type\":\"BreadcrumbList\",\"@id\":\"https:\\\/\\\/lasentinelle.dz\\\/index.php\\\/2024\\\/02\\\/27\\\/le-gouvernement-shtayyeh-demissionne\\\/#breadcrumb\",\"itemListElement\":[{\"@type\":\"ListItem\",\"position\":1,\"name\":\"Accueil\",\"item\":\"https:\\\/\\\/lasentinelle.dz\\\/\"},{\"@type\":\"ListItem\",\"position\":2,\"name\":\"Le gouvernement Shtayyeh d\u00e9missionne\"}]},{\"@type\":\"WebSite\",\"@id\":\"https:\\\/\\\/lasentinelle.dz\\\/#website\",\"url\":\"https:\\\/\\\/lasentinelle.dz\\\/\",\"name\":\"La Sentinelle\",\"description\":\"Quotidien national d&#039;information\",\"publisher\":{\"@id\":\"https:\\\/\\\/lasentinelle.dz\\\/#organization\"},\"potentialAction\":[{\"@type\":\"SearchAction\",\"target\":{\"@type\":\"EntryPoint\",\"urlTemplate\":\"https:\\\/\\\/lasentinelle.dz\\\/?s={search_term_string}\"},\"query-input\":{\"@type\":\"PropertyValueSpecification\",\"valueRequired\":true,\"valueName\":\"search_term_string\"}}],\"inLanguage\":\"fr-FR\"},{\"@type\":\"Organization\",\"@id\":\"https:\\\/\\\/lasentinelle.dz\\\/#organization\",\"name\":\"Quotidien La Sentinelle\",\"url\":\"https:\\\/\\\/lasentinelle.dz\\\/\",\"logo\":{\"@type\":\"ImageObject\",\"inLanguage\":\"fr-FR\",\"@id\":\"https:\\\/\\\/lasentinelle.dz\\\/#\\\/schema\\\/logo\\\/image\\\/\",\"url\":\"https:\\\/\\\/lasentinelle.dz\\\/wp-content\\\/uploads\\\/2021\\\/09\\\/logo-sentinelleSLOGAN-1.png\",\"contentUrl\":\"https:\\\/\\\/lasentinelle.dz\\\/wp-content\\\/uploads\\\/2021\\\/09\\\/logo-sentinelleSLOGAN-1.png\",\"width\":615,\"height\":142,\"caption\":\"Quotidien La Sentinelle\"},\"image\":{\"@id\":\"https:\\\/\\\/lasentinelle.dz\\\/#\\\/schema\\\/logo\\\/image\\\/\"},\"sameAs\":[\"https:\\\/\\\/www.facebook.com\\\/La-Sentinelle-104059864394773\"]},{\"@type\":\"Person\",\"@id\":\"https:\\\/\\\/lasentinelle.dz\\\/#\\\/schema\\\/person\\\/d865044e22e70a75174ce8bcad3acfb3\",\"name\":\"La Sentinelle\",\"image\":{\"@type\":\"ImageObject\",\"inLanguage\":\"fr-FR\",\"@id\":\"https:\\\/\\\/secure.gravatar.com\\\/avatar\\\/57de8e5d4b15d43fb361a71fbb36338450fe67865b528a43dd10ef7c51a20392?s=96&d=mm&r=g\",\"url\":\"https:\\\/\\\/secure.gravatar.com\\\/avatar\\\/57de8e5d4b15d43fb361a71fbb36338450fe67865b528a43dd10ef7c51a20392?s=96&d=mm&r=g\",\"contentUrl\":\"https:\\\/\\\/secure.gravatar.com\\\/avatar\\\/57de8e5d4b15d43fb361a71fbb36338450fe67865b528a43dd10ef7c51a20392?s=96&d=mm&r=g\",\"caption\":\"La Sentinelle\"},\"sameAs\":[\"http:\\\/\\\/www.lasentinelle.dz\"],\"url\":\"https:\\\/\\\/lasentinelle.dz\\\/author\\\/redaction\\\/\"}]}<\/script>\n<!-- \/ Yoast SEO plugin. -->","yoast_head_json":{"title":"Le gouvernement Shtayyeh d\u00e9missionne - La Sentinelle","robots":{"index":"index","follow":"follow","max-snippet":"max-snippet:-1","max-image-preview":"max-image-preview:large","max-video-preview":"max-video-preview:-1"},"canonical":"https:\/\/lasentinelle.dz\/index.php\/2024\/02\/27\/le-gouvernement-shtayyeh-demissionne\/","og_locale":"fr_FR","og_type":"article","og_title":"Le gouvernement Shtayyeh d\u00e9missionne - La Sentinelle","og_description":"Le pr\u00e9sident de l&rsquo;Etat de Palestine, Mahmoud Abbas, a accept\u00e9 herla d\u00e9mission du gouvernement du Premier ministre Mohammed Shtayyeh, a","og_url":"https:\/\/lasentinelle.dz\/index.php\/2024\/02\/27\/le-gouvernement-shtayyeh-demissionne\/","og_site_name":"La Sentinelle","article_publisher":"https:\/\/www.facebook.com\/La-Sentinelle-104059864394773","article_published_time":"2024-02-27T14:15:03+00:00","article_modified_time":"2024-02-27T14:25:17+00:00","og_image":[{"width":1016,"height":637,"url":"https:\/\/lasentinelle.dz\/wp-content\/uploads\/2023\/08\/Shtayyeh.jpeg","type":"image\/jpeg"}],"author":"La Sentinelle","twitter_card":"summary_large_image","twitter_misc":{"\u00c9crit par":"La Sentinelle","Dur\u00e9e de lecture estim\u00e9e":"3 minutes"},"schema":{"@context":"https:\/\/schema.org","@graph":[{"@type":"Article","@id":"https:\/\/lasentinelle.dz\/index.php\/2024\/02\/27\/le-gouvernement-shtayyeh-demissionne\/#article","isPartOf":{"@id":"https:\/\/lasentinelle.dz\/index.php\/2024\/02\/27\/le-gouvernement-shtayyeh-demissionne\/"},"author":{"name":"La Sentinelle","@id":"https:\/\/lasentinelle.dz\/#\/schema\/person\/d865044e22e70a75174ce8bcad3acfb3"},"headline":"Le gouvernement Shtayyeh d\u00e9missionne","datePublished":"2024-02-27T14:15:03+00:00","dateModified":"2024-02-27T14:25:17+00:00","mainEntityOfPage":{"@id":"https:\/\/lasentinelle.dz\/index.php\/2024\/02\/27\/le-gouvernement-shtayyeh-demissionne\/"},"wordCount":469,"commentCount":0,"publisher":{"@id":"https:\/\/lasentinelle.dz\/#organization"},"image":{"@id":"https:\/\/lasentinelle.dz\/index.php\/2024\/02\/27\/le-gouvernement-shtayyeh-demissionne\/#primaryimage"},"thumbnailUrl":"https:\/\/lasentinelle.dz\/wp-content\/uploads\/2023\/08\/Shtayyeh.jpeg","articleSection":["\u00c0 la Une","Actualit\u00e9"],"inLanguage":"fr-FR","potentialAction":[{"@type":"CommentAction","name":"Comment","target":["https:\/\/lasentinelle.dz\/index.php\/2024\/02\/27\/le-gouvernement-shtayyeh-demissionne\/#respond"]}]},{"@type":"WebPage","@id":"https:\/\/lasentinelle.dz\/index.php\/2024\/02\/27\/le-gouvernement-shtayyeh-demissionne\/","url":"https:\/\/lasentinelle.dz\/index.php\/2024\/02\/27\/le-gouvernement-shtayyeh-demissionne\/","name":"Le gouvernement Shtayyeh d\u00e9missionne - La Sentinelle","isPartOf":{"@id":"https:\/\/lasentinelle.dz\/#website"},"primaryImageOfPage":{"@id":"https:\/\/lasentinelle.dz\/index.php\/2024\/02\/27\/le-gouvernement-shtayyeh-demissionne\/#primaryimage"},"image":{"@id":"https:\/\/lasentinelle.dz\/index.php\/2024\/02\/27\/le-gouvernement-shtayyeh-demissionne\/#primaryimage"},"thumbnailUrl":"https:\/\/lasentinelle.dz\/wp-content\/uploads\/2023\/08\/Shtayyeh.jpeg","datePublished":"2024-02-27T14:15:03+00:00","dateModified":"2024-02-27T14:25:17+00:00","breadcrumb":{"@id":"https:\/\/lasentinelle.dz\/index.php\/2024\/02\/27\/le-gouvernement-shtayyeh-demissionne\/#breadcrumb"},"inLanguage":"fr-FR","potentialAction":[{"@type":"ReadAction","target":["https:\/\/lasentinelle.dz\/index.php\/2024\/02\/27\/le-gouvernement-shtayyeh-demissionne\/"]}]},{"@type":"ImageObject","inLanguage":"fr-FR","@id":"https:\/\/lasentinelle.dz\/index.php\/2024\/02\/27\/le-gouvernement-shtayyeh-demissionne\/#primaryimage","url":"https:\/\/lasentinelle.dz\/wp-content\/uploads\/2023\/08\/Shtayyeh.jpeg","contentUrl":"https:\/\/lasentinelle.dz\/wp-content\/uploads\/2023\/08\/Shtayyeh.jpeg","width":1016,"height":637},{"@type":"BreadcrumbList","@id":"https:\/\/lasentinelle.dz\/index.php\/2024\/02\/27\/le-gouvernement-shtayyeh-demissionne\/#breadcrumb","itemListElement":[{"@type":"ListItem","position":1,"name":"Accueil","item":"https:\/\/lasentinelle.dz\/"},{"@type":"ListItem","position":2,"name":"Le gouvernement Shtayyeh d\u00e9missionne"}]},{"@type":"WebSite","@id":"https:\/\/lasentinelle.dz\/#website","url":"https:\/\/lasentinelle.dz\/","name":"La Sentinelle","description":"Quotidien national d&#039;information","publisher":{"@id":"https:\/\/lasentinelle.dz\/#organization"},"potentialAction":[{"@type":"SearchAction","target":{"@type":"EntryPoint","urlTemplate":"https:\/\/lasentinelle.dz\/?s={search_term_string}"},"query-input":{"@type":"PropertyValueSpecification","valueRequired":true,"valueName":"search_term_string"}}],"inLanguage":"fr-FR"},{"@type":"Organization","@id":"https:\/\/lasentinelle.dz\/#organization","name":"Quotidien La Sentinelle","url":"https:\/\/lasentinelle.dz\/","logo":{"@type":"ImageObject","inLanguage":"fr-FR","@id":"https:\/\/lasentinelle.dz\/#\/schema\/logo\/image\/","url":"https:\/\/lasentinelle.dz\/wp-content\/uploads\/2021\/09\/logo-sentinelleSLOGAN-1.png","contentUrl":"https:\/\/lasentinelle.dz\/wp-content\/uploads\/2021\/09\/logo-sentinelleSLOGAN-1.png","width":615,"height":142,"caption":"Quotidien La Sentinelle"},"image":{"@id":"https:\/\/lasentinelle.dz\/#\/schema\/logo\/image\/"},"sameAs":["https:\/\/www.facebook.com\/La-Sentinelle-104059864394773"]},{"@type":"Person","@id":"https:\/\/lasentinelle.dz\/#\/schema\/person\/d865044e22e70a75174ce8bcad3acfb3","name":"La Sentinelle","image":{"@type":"ImageObject","inLanguage":"fr-FR","@id":"https:\/\/secure.gravatar.com\/avatar\/57de8e5d4b15d43fb361a71fbb36338450fe67865b528a43dd10ef7c51a20392?s=96&d=mm&r=g","url":"https:\/\/secure.gravatar.com\/avatar\/57de8e5d4b15d43fb361a71fbb36338450fe67865b528a43dd10ef7c51a20392?s=96&d=mm&r=g","contentUrl":"https:\/\/secure.gravatar.com\/avatar\/57de8e5d4b15d43fb361a71fbb36338450fe67865b528a43dd10ef7c51a20392?s=96&d=mm&r=g","caption":"La Sentinelle"},"sameAs":["http:\/\/www.lasentinelle.dz"],"url":"https:\/\/lasentinelle.dz\/author\/redaction\/"}]}},"_links":{"self":[{"href":"https:\/\/lasentinelle.dz\/index.php\/wp-json\/wp\/v2\/posts\/49874","targetHints":{"allow":["GET"]}}],"collection":[{"href":"https:\/\/lasentinelle.dz\/index.php\/wp-json\/wp\/v2\/posts"}],"about":[{"href":"https:\/\/lasentinelle.dz\/index.php\/wp-json\/wp\/v2\/types\/post"}],"author":[{"embeddable":true,"href":"https:\/\/lasentinelle.dz\/index.php\/wp-json\/wp\/v2\/users\/3"}],"replies":[{"embeddable":true,"href":"https:\/\/lasentinelle.dz\/index.php\/wp-json\/wp\/v2\/comments?post=49874"}],"version-history":[{"count":1,"href":"https:\/\/lasentinelle.dz\/index.php\/wp-json\/wp\/v2\/posts\/49874\/revisions"}],"predecessor-version":[{"id":49875,"href":"https:\/\/lasentinelle.dz\/index.php\/wp-json\/wp\/v2\/posts\/49874\/revisions\/49875"}],"wp:featuredmedia":[{"embeddable":true,"href":"https:\/\/lasentinelle.dz\/index.php\/wp-json\/wp\/v2\/media\/44870"}],"wp:attachment":[{"href":"https:\/\/lasentinelle.dz\/index.php\/wp-json\/wp\/v2\/media?parent=49874"}],"wp:term":[{"taxonomy":"category","embeddable":true,"href":"https:\/\/lasentinelle.dz\/index.php\/wp-json\/wp\/v2\/categories?post=49874"},{"taxonomy":"post_tag","embeddable":true,"href":"https:\/\/lasentinelle.dz\/index.php\/wp-json\/wp\/v2\/tags?post=49874"}],"curies":[{"name":"wp","href":"https:\/\/api.w.org\/{rel}","templated":true}]}}