{"id":49876,"date":"2024-02-27T15:19:07","date_gmt":"2024-02-27T14:19:07","guid":{"rendered":"https:\/\/lasentinelle.dz\/?p=49876"},"modified":"2024-02-27T15:19:25","modified_gmt":"2024-02-27T14:19:25","slug":"genocide-a-ghaza-et-acceleration-de-la-colonisation-en-cisjordanie-un-affront-pour-la-communaute-internationale","status":"publish","type":"post","link":"https:\/\/lasentinelle.dz\/index.php\/2024\/02\/27\/genocide-a-ghaza-et-acceleration-de-la-colonisation-en-cisjordanie-un-affront-pour-la-communaute-internationale\/","title":{"rendered":"G\u00e9nocide \u00e0 Ghaza et acc\u00e9l\u00e9ration de la colonisation en Cisjordanie\u00a0: Un affront pour la communaut\u00e9 internationale"},"content":{"rendered":"\n<p>La Cour international de Justice a clos hier une semaine d&rsquo;audiences sur les cons\u00e9quences juridiques de l&rsquo;occupation par l&rsquo;entit\u00e9 sioniste des territoires palestiniens depuis 1967, avec un nombre in\u00e9dit de 52 pays appel\u00e9s \u00e0 t\u00e9moigner, en plus des trois organisations r\u00e9gionales que sont la Ligue des \u00c9tats arabes, l\u2019Union africaine et l\u2019organisation.<\/p>\n\n\n\n<p>Des audiences qui ont r\u00e9it\u00e9r\u00e9 une r\u00e9alit\u00e9&nbsp;: le m\u00e9pris total de l\u2019occupation isra\u00e9lienne pour le droit international et les instances internationales de justice, et le d\u00e9fi \u00e0 l\u2019ensemble de la communaut\u00e9 internationale. Un m\u00e9pris qui se refl\u00e8te par la poursuite du g\u00e9nocide \u00e0 Ghaza par les meurtres de masse et l\u2019instrumentalisation de la famine, malgr\u00e9 l\u2019arr\u00eat de la CIJ du 26 janvier dernier exigeant de l\u2019entit\u00e9 de sioniste d\u2019emp\u00eacher tout acte de g\u00e9nocide et de faciliter l\u2019acc\u00e8s \u00e0 l\u2019aide humanitaire. Un d\u00e9fi aussi affich\u00e9 par la d\u00e9cision d\u2019acc\u00e9l\u00e9rer la colonisation et de construire de nouvelles colonies, au moment o\u00f9 la CIJ se penche sur les cons\u00e9quences des politiques et pratiques isra\u00e9liennes dans les territoires occup\u00e9s y compris \u00e0 El Qods, notamment sur les chances de parvenir \u00e0 une paix durable dans la r\u00e9gion. Des audiences qui ont mis en lumi\u00e8re toutes les pratiques isra\u00e9liennes en Palestine occup\u00e9e, au m\u00e9pris du droit et des r\u00e9solutions de l\u2019ONU, avec la multiplication des expulsions et de la spoliation des biens des Palestiniens, les attaques et raids r\u00e9p\u00e9t\u00e9s, les assassinats et arrestations arbitraires, l\u2019acc\u00e9l\u00e9ration de la colonisation, ainsi que toute les man\u0153uvres visant \u00e0 changer la composante d\u00e9mographique dans les territoires occup\u00e9s et particuli\u00e8rement \u00e0 El-Qods.&nbsp; Dans ce contexte, la Ligue des Etats arabes a qualifi\u00e9 hier devant la CIJl&rsquo;occupation des territoires palestiniens par l&rsquo;entit\u00e9 sioniste d'\u00a0\u00bbaffront \u00e0 la justice internationale\u00a0\u00bb, affirmant que ne pas y mettre fin \u00e9quivalait \u00e0 un g\u00e9nocide. \u00ab\u00a0Cette occupation prolong\u00e9e est un affront \u00e0 la justice internationale\u00a0\u00bb, a d\u00e9clar\u00e9 devant les magistrats le repr\u00e9sentant de la Ligue arabe.\u00a0\u00bbL&rsquo;incapacit\u00e9 \u00e0 y mettre fin a conduit aux horreurs actuelles perp\u00e9tr\u00e9es contre le peuple palestinien, \u00e9quivalant \u00e0 un g\u00e9nocide\u00a0\u00bb, a affirm\u00e9 Abdel Hakim El-Rifai. Rappelons que ces audiences ont \u00e9t\u00e9 ouvertes apr\u00e8s une r\u00e9solution de l\u2019AG de l&rsquo;ONU a demand\u00e9 \u00e0 la CIJ de rendre un avis consultatif sur les cons\u00e9quences juridiques d\u00e9coulant des politiques et pratiques sionistes en Palestine occup\u00e9e, y compris El Qods-Est.La cour devrait rendre son avis avant la fin de l&rsquo;ann\u00e9e. En janvier, la CIJ a ordonn\u00e9 \u00e0 l&rsquo;entit\u00e9 sioniste de garantir en urgence, l&rsquo;acheminement des aides humanitaires sans obstacles aux habitants de Ghaza, en proie \u00e0 des agressions sauvages, de sanctionner les responsables sionistes incitant \u00e0 des actes de g\u00e9nocide et de cesser de cibler des civils et des infrastructures de base. Un arr\u00eat que l\u2019occupation a totalement ignor\u00e9. Dans ce sens,l&rsquo;ONG Human Rights Watch(HRW) a critiqu\u00e9 le m\u00e9pris affich\u00e9 par l&rsquo;entit\u00e9 sioniste \u00e0 l&rsquo;ordonnance de la Cour internationale de justice (CIJ) du 26 janvier dernier, affirmant qu'\u00a0\u00bbaucune des injonctions \u00e9mises par la Cour p\u00e9nale n&rsquo;a \u00e9t\u00e9 respect\u00e9e par l&rsquo;occupant\u00a0\u00bb. \u00ab\u00a0L&rsquo;entit\u00e9 sioniste n\u2019a pas respect\u00e9 ne serait-ce qu&rsquo;une mesure cit\u00e9e dans l\u2019ordonnance juridiquement contraignante qu\u2019a \u00e9mise la Cour internationale de Justice (CIJ) suite \u00e0 la plainte pour g\u00e9nocide port\u00e9e par l\u2019Afrique du Sud\u00a0\u00bb, a indiqu\u00e9, lundi, Omar Sakhir, directeur r\u00e9gional \u00e0 HRW pour la Palestine dans une d\u00e9claration publi\u00e9e sur le blog de l&rsquo;ONG. L&rsquo;entit\u00e9 sioniste continue d&rsquo;entraver la fourniture de services de base \u00e0 Ghaza, ainsi que l&rsquo;entr\u00e9e et la distribution de carburant et d&rsquo;aide vitale\u00a0\u00bb, a relev\u00e9 M.Sakhir. Il a ajout\u00e9 que \u00ab\u00a0ces actes repr\u00e9sentent une forme de punition collective et constituent des crimes de guerre, y compris le recours \u00e0 la famine des civils comme arme de guerre\u00a0\u00bb, faisant remarquer que l&rsquo;occupant sioniste est en train d\u2019affamer les 2,3 millions de Palestiniens qui se trouvent dans la bande de Ghaza, les mettant encore plus en danger qu\u2019avant l\u2019ordonnance contraignante de la CIJ\u00a0\u00bb. A ce sujet, il a soulign\u00e9 que \u00ab\u00a0les autres pays devraient utiliser divers outils, y compris des sanctions et des embargos, pour faire pression sur l&rsquo;occupant sioniste, afin qu\u2019il respecte toute ordonnance contraignante \u00e9mise par la Cour dans le cadre de la plainte pour g\u00e9nocide\u00a0\u00bb.<\/p>\n\n\n\n<p>De son c\u00f4t\u00e9, le ministre palestinien des Affaires \u00e9trang\u00e8res et des Expatri\u00e9s, Riyad Al-Maliki, a d\u00e9clar\u00e9 au cours d&rsquo;une intervention \u00e0 la 55\u00e8me session ordinaire du Conseil des droits de l&rsquo;homme des Nations-Unies \u00e0 Gen\u00e8ve que l&rsquo;entit\u00e9 sioniste a \u00ab\u00a0\u00e9cras\u00e9\u00a0\u00bb le droit international \u00e0 Ghaza, o\u00f9 ses atrocit\u00e9s contre le peuple palestinien se poursuivent impun\u00e9ment pour le 143 jour. Al-Maliki a d\u00e9plor\u00e9 qu'\u00a0\u00bben d\u00e9pit de +la destruction + des droits de l\u2019homme par l&rsquo;entit\u00e9 sioniste \u00e0 Ghaza, cette derni\u00e8re b\u00e9n\u00e9ficie de l\u2019impunit\u00e9, de veto et d\u2019armes\u00a0\u00bb, relevant que \u00ab\u00a0cela n&rsquo;a \u00e9t\u00e9 rendu possible que gr\u00e2ce \u00e0 la logique de deux poids, deux mesures et une s\u00e9lectivit\u00e9 dans l\u2019application du droit international\u00a0\u00bb. Al Maliki a ajout\u00e9 que \u00ab\u00a0la machine de guerre sioniste a d\u00e9lib\u00e9r\u00e9ment bombard\u00e9 des infrastructures, des maisons, des h\u00f4pitaux et des \u00e9tablissements d&rsquo;enseignement, pour provoquer des dommages et cr\u00e9er des conditions de vie d\u00e9sastreuses pour le peuple palestinien\u00a0\u00bb.Appelant \u00ab\u00a0\u00e0 la n\u00e9cessit\u00e9 d&rsquo;adopter une position internationale ferme pour rejeter les plans des responsables sionistes\u00a0\u00bb, Al-Maliki a affirm\u00e9 qu'\u00a0\u00bbil n&rsquo;y a pas d&rsquo;alternative \u00e0 l&rsquo;office des Nations-unies pour les r\u00e9fugi\u00e9s palestiniens (UNRWA) et \u00e0 son r\u00f4le, jusqu&rsquo;\u00e0 ce que les droits des r\u00e9fugi\u00e9s palestiniens au retour soient r\u00e9alis\u00e9s, sur la base de la r\u00e9solution 194&Prime;.<\/p>\n\n\n\n<p>L\u2019avertissement de Guterres<\/p>\n\n\n\n<p>B\u00e9n\u00e9ficiant de l\u2019impunit\u00e9 garantie par son alli\u00e9 am\u00e9ricain, l\u2019entit\u00e9 sioniste nourrit le projet de lancer une offensive sur Rafah, malgr\u00e9 l\u2019oppostion de la communaut\u00e9 internationale.&nbsp; Le secr\u00e9taire g\u00e9n\u00e9ral de l&rsquo;ONU, Ant\u00f3nio Guterres, a d\u2019ailleurs averti hier qu&rsquo;une offensive isra\u00e9lienne totale contre Rafah, o\u00f9 sont r\u00e9fugi\u00e9s des centaines de milliers de d\u00e9plac\u00e9s palestiniens, mettrait fin aux programmes d&rsquo;assistance de l&rsquo;ONU.<\/p>\n\n\n\n<p>&nbsp;\u00ab\u00a0Une offensive isra\u00e9lienne totale contre la ville ne serait pas seulement terrifiante pour plus d&rsquo;un million de civils palestiniens qui y ont trouv\u00e9 refuge, elle enfoncerait le dernier clou dans le cercueil de nos programmes d&rsquo;aide\u00a0\u00bb, a alert\u00e9 Guterres. Il faut dire que la situation humanitaire est d\u00e9sesp\u00e9r\u00e9e \u00e0 Ghaza et il est clair aujourd\u2019hui que l\u2019occupant utilise la famine comme arme de guerre contre les civils \u00e0 Ghaza. Le Programme alimentaire mondial des Nations Unies (PAM) a ainsi mis en garde, dimanche, que la malnutrition s&rsquo;est fortement aggrav\u00e9e dans la bande de Ghaza, en proie \u00e0 une agression sioniste d\u00e9vastatrice depuis pr\u00e8s de cinq mois. Il a soulign\u00e9 que \u00ab\u00a0les donn\u00e9es r\u00e9centes montrent une rapide \u00e9volution des causes de la malnutrition aigu\u00eb\u00a0\u00bb dans l&rsquo;enclave palestinienne assi\u00e9g\u00e9e. L&rsquo;organisme onusien a indiqu\u00e9 aussi que \u00ab\u00a0les donn\u00e9es provenant du nord de la bande de Ghaza montrent que la malnutrition chez les enfants a atteint des niveaux critiques\u00a0\u00bb. &nbsp;Le Fonds des Nations unies pour l&rsquo;enfance (UNICEF) a d\u00e9clar\u00e9 dans ce sens que l&rsquo;acheminement de l&rsquo;aide humanitaire est \u00ab\u00a0une question de vie ou de mort\u00a0\u00bb pour les enfants de Ghaza.L\u2019organisation a soulign\u00e9 que \u00ab\u00a0les besoins imm\u00e9diats en eau, en nourriture, en m\u00e9dicaments et en carburant\u00a0\u00bb dans la bande de Ghaza \u00ab\u00a0sont \u00e9normes\u00a0\u00bb, soulignant qu'\u00a0\u00bbun cessez-le-feu humanitaire imm\u00e9diat offre la meilleure opportunit\u00e9 de sauver des vies et de mettre fin aux souffrances\u00a0\u00bb \u00e0 Ghaza.<\/p>\n\n\n\n<p>Lyes Sa\u00efdi<\/p>\n","protected":false},"excerpt":{"rendered":"<p>La Cour international de Justice a clos hier une semaine d&rsquo;audiences sur les cons\u00e9quences juridiques de l&rsquo;occupation par l&rsquo;entit\u00e9 sioniste<\/p>\n","protected":false},"author":3,"featured_media":49877,"comment_status":"open","ping_status":"closed","sticky":false,"template":"","format":"standard","meta":{"colormag_page_container_layout":"default_layout","colormag_page_sidebar_layout":"default_layout","om_disable_all_campaigns":false,"_monsterinsights_skip_tracking":false,"_monsterinsights_sitenote_active":false,"_monsterinsights_sitenote_note":"","_monsterinsights_sitenote_category":0,"footnotes":"","_wpscppro_dont_share_socialmedia":false,"_wpscppro_custom_social_share_image":0,"_facebook_share_type":"","_twitter_share_type":"","_linkedin_share_type":"","_pinterest_share_type":"","_linkedin_share_type_page":"","_instagram_share_type":"","_medium_share_type":"","_threads_share_type":"","_google_business_share_type":"","_selected_social_profile":[],"_wpsp_enable_custom_social_template":false,"_wpsp_social_scheduling":{"enabled":false,"datetime":null,"platforms":[],"status":"template_only","dateOption":"today","timeOption":"now","customDays":"","customHours":"","customDate":"","customTime":"","schedulingType":"absolute"},"_wpsp_active_default_template":true},"categories":[52,27],"tags":[],"class_list":["post-49876","post","type-post","status-publish","format-standard","has-post-thumbnail","hentry","category-a-la-une","category-actualite"],"aioseo_notices":[],"yoast_head":"<!-- This site is optimized with the Yoast SEO plugin v27.5 - https:\/\/yoast.com\/product\/yoast-seo-wordpress\/ -->\n<title>G\u00e9nocide \u00e0 Ghaza et acc\u00e9l\u00e9ration de la colonisation en Cisjordanie\u00a0: Un affront pour la communaut\u00e9 internationale - La Sentinelle<\/title>\n<meta name=\"robots\" content=\"index, follow, max-snippet:-1, max-image-preview:large, max-video-preview:-1\" \/>\n<link rel=\"canonical\" href=\"https:\/\/lasentinelle.dz\/index.php\/2024\/02\/27\/genocide-a-ghaza-et-acceleration-de-la-colonisation-en-cisjordanie-un-affront-pour-la-communaute-internationale\/\" \/>\n<meta property=\"og:locale\" content=\"fr_FR\" \/>\n<meta property=\"og:type\" content=\"article\" \/>\n<meta property=\"og:title\" content=\"G\u00e9nocide \u00e0 Ghaza et acc\u00e9l\u00e9ration de la colonisation en Cisjordanie\u00a0: Un affront pour la communaut\u00e9 internationale - La Sentinelle\" \/>\n<meta property=\"og:description\" content=\"La Cour international de Justice a clos hier une semaine d&rsquo;audiences sur les cons\u00e9quences juridiques de l&rsquo;occupation par l&rsquo;entit\u00e9 sioniste\" \/>\n<meta property=\"og:url\" content=\"https:\/\/lasentinelle.dz\/index.php\/2024\/02\/27\/genocide-a-ghaza-et-acceleration-de-la-colonisation-en-cisjordanie-un-affront-pour-la-communaute-internationale\/\" \/>\n<meta property=\"og:site_name\" content=\"La Sentinelle\" \/>\n<meta property=\"article:publisher\" content=\"https:\/\/www.facebook.com\/La-Sentinelle-104059864394773\" \/>\n<meta property=\"article:published_time\" content=\"2024-02-27T14:19:07+00:00\" \/>\n<meta property=\"article:modified_time\" content=\"2024-02-27T14:19:25+00:00\" \/>\n<meta property=\"og:image\" content=\"https:\/\/lasentinelle.dz\/wp-content\/uploads\/2024\/02\/CIJ-1.jpeg\" \/>\n\t<meta property=\"og:image:width\" content=\"2048\" \/>\n\t<meta property=\"og:image:height\" content=\"1365\" \/>\n\t<meta property=\"og:image:type\" content=\"image\/jpeg\" \/>\n<meta name=\"author\" content=\"La Sentinelle\" \/>\n<meta name=\"twitter:card\" content=\"summary_large_image\" \/>\n<meta name=\"twitter:label1\" content=\"\u00c9crit par\" \/>\n\t<meta name=\"twitter:data1\" content=\"La Sentinelle\" \/>\n\t<meta name=\"twitter:label2\" content=\"Dur\u00e9e de lecture estim\u00e9e\" \/>\n\t<meta name=\"twitter:data2\" content=\"7 minutes\" \/>\n<script type=\"application\/ld+json\" class=\"yoast-schema-graph\">{\"@context\":\"https:\\\/\\\/schema.org\",\"@graph\":[{\"@type\":\"Article\",\"@id\":\"https:\\\/\\\/lasentinelle.dz\\\/index.php\\\/2024\\\/02\\\/27\\\/genocide-a-ghaza-et-acceleration-de-la-colonisation-en-cisjordanie-un-affront-pour-la-communaute-internationale\\\/#article\",\"isPartOf\":{\"@id\":\"https:\\\/\\\/lasentinelle.dz\\\/index.php\\\/2024\\\/02\\\/27\\\/genocide-a-ghaza-et-acceleration-de-la-colonisation-en-cisjordanie-un-affront-pour-la-communaute-internationale\\\/\"},\"author\":{\"name\":\"La Sentinelle\",\"@id\":\"https:\\\/\\\/lasentinelle.dz\\\/#\\\/schema\\\/person\\\/d865044e22e70a75174ce8bcad3acfb3\"},\"headline\":\"G\u00e9nocide \u00e0 Ghaza et acc\u00e9l\u00e9ration de la colonisation en Cisjordanie\u00a0: Un affront pour la communaut\u00e9 internationale\",\"datePublished\":\"2024-02-27T14:19:07+00:00\",\"dateModified\":\"2024-02-27T14:19:25+00:00\",\"mainEntityOfPage\":{\"@id\":\"https:\\\/\\\/lasentinelle.dz\\\/index.php\\\/2024\\\/02\\\/27\\\/genocide-a-ghaza-et-acceleration-de-la-colonisation-en-cisjordanie-un-affront-pour-la-communaute-internationale\\\/\"},\"wordCount\":1371,\"commentCount\":0,\"publisher\":{\"@id\":\"https:\\\/\\\/lasentinelle.dz\\\/#organization\"},\"image\":{\"@id\":\"https:\\\/\\\/lasentinelle.dz\\\/index.php\\\/2024\\\/02\\\/27\\\/genocide-a-ghaza-et-acceleration-de-la-colonisation-en-cisjordanie-un-affront-pour-la-communaute-internationale\\\/#primaryimage\"},\"thumbnailUrl\":\"https:\\\/\\\/lasentinelle.dz\\\/wp-content\\\/uploads\\\/2024\\\/02\\\/CIJ-1.jpeg\",\"articleSection\":[\"\u00c0 la Une\",\"Actualit\u00e9\"],\"inLanguage\":\"fr-FR\",\"potentialAction\":[{\"@type\":\"CommentAction\",\"name\":\"Comment\",\"target\":[\"https:\\\/\\\/lasentinelle.dz\\\/index.php\\\/2024\\\/02\\\/27\\\/genocide-a-ghaza-et-acceleration-de-la-colonisation-en-cisjordanie-un-affront-pour-la-communaute-internationale\\\/#respond\"]}]},{\"@type\":\"WebPage\",\"@id\":\"https:\\\/\\\/lasentinelle.dz\\\/index.php\\\/2024\\\/02\\\/27\\\/genocide-a-ghaza-et-acceleration-de-la-colonisation-en-cisjordanie-un-affront-pour-la-communaute-internationale\\\/\",\"url\":\"https:\\\/\\\/lasentinelle.dz\\\/index.php\\\/2024\\\/02\\\/27\\\/genocide-a-ghaza-et-acceleration-de-la-colonisation-en-cisjordanie-un-affront-pour-la-communaute-internationale\\\/\",\"name\":\"G\u00e9nocide \u00e0 Ghaza et acc\u00e9l\u00e9ration de la colonisation en Cisjordanie\u00a0: Un affront pour la communaut\u00e9 internationale - La Sentinelle\",\"isPartOf\":{\"@id\":\"https:\\\/\\\/lasentinelle.dz\\\/#website\"},\"primaryImageOfPage\":{\"@id\":\"https:\\\/\\\/lasentinelle.dz\\\/index.php\\\/2024\\\/02\\\/27\\\/genocide-a-ghaza-et-acceleration-de-la-colonisation-en-cisjordanie-un-affront-pour-la-communaute-internationale\\\/#primaryimage\"},\"image\":{\"@id\":\"https:\\\/\\\/lasentinelle.dz\\\/index.php\\\/2024\\\/02\\\/27\\\/genocide-a-ghaza-et-acceleration-de-la-colonisation-en-cisjordanie-un-affront-pour-la-communaute-internationale\\\/#primaryimage\"},\"thumbnailUrl\":\"https:\\\/\\\/lasentinelle.dz\\\/wp-content\\\/uploads\\\/2024\\\/02\\\/CIJ-1.jpeg\",\"datePublished\":\"2024-02-27T14:19:07+00:00\",\"dateModified\":\"2024-02-27T14:19:25+00:00\",\"breadcrumb\":{\"@id\":\"https:\\\/\\\/lasentinelle.dz\\\/index.php\\\/2024\\\/02\\\/27\\\/genocide-a-ghaza-et-acceleration-de-la-colonisation-en-cisjordanie-un-affront-pour-la-communaute-internationale\\\/#breadcrumb\"},\"inLanguage\":\"fr-FR\",\"potentialAction\":[{\"@type\":\"ReadAction\",\"target\":[\"https:\\\/\\\/lasentinelle.dz\\\/index.php\\\/2024\\\/02\\\/27\\\/genocide-a-ghaza-et-acceleration-de-la-colonisation-en-cisjordanie-un-affront-pour-la-communaute-internationale\\\/\"]}]},{\"@type\":\"ImageObject\",\"inLanguage\":\"fr-FR\",\"@id\":\"https:\\\/\\\/lasentinelle.dz\\\/index.php\\\/2024\\\/02\\\/27\\\/genocide-a-ghaza-et-acceleration-de-la-colonisation-en-cisjordanie-un-affront-pour-la-communaute-internationale\\\/#primaryimage\",\"url\":\"https:\\\/\\\/lasentinelle.dz\\\/wp-content\\\/uploads\\\/2024\\\/02\\\/CIJ-1.jpeg\",\"contentUrl\":\"https:\\\/\\\/lasentinelle.dz\\\/wp-content\\\/uploads\\\/2024\\\/02\\\/CIJ-1.jpeg\",\"width\":2048,\"height\":1365},{\"@type\":\"BreadcrumbList\",\"@id\":\"https:\\\/\\\/lasentinelle.dz\\\/index.php\\\/2024\\\/02\\\/27\\\/genocide-a-ghaza-et-acceleration-de-la-colonisation-en-cisjordanie-un-affront-pour-la-communaute-internationale\\\/#breadcrumb\",\"itemListElement\":[{\"@type\":\"ListItem\",\"position\":1,\"name\":\"Accueil\",\"item\":\"https:\\\/\\\/lasentinelle.dz\\\/\"},{\"@type\":\"ListItem\",\"position\":2,\"name\":\"G\u00e9nocide \u00e0 Ghaza et acc\u00e9l\u00e9ration de la colonisation en Cisjordanie\u00a0: Un affront pour la communaut\u00e9 internationale\"}]},{\"@type\":\"WebSite\",\"@id\":\"https:\\\/\\\/lasentinelle.dz\\\/#website\",\"url\":\"https:\\\/\\\/lasentinelle.dz\\\/\",\"name\":\"La Sentinelle\",\"description\":\"Quotidien national d&#039;information\",\"publisher\":{\"@id\":\"https:\\\/\\\/lasentinelle.dz\\\/#organization\"},\"potentialAction\":[{\"@type\":\"SearchAction\",\"target\":{\"@type\":\"EntryPoint\",\"urlTemplate\":\"https:\\\/\\\/lasentinelle.dz\\\/?s={search_term_string}\"},\"query-input\":{\"@type\":\"PropertyValueSpecification\",\"valueRequired\":true,\"valueName\":\"search_term_string\"}}],\"inLanguage\":\"fr-FR\"},{\"@type\":\"Organization\",\"@id\":\"https:\\\/\\\/lasentinelle.dz\\\/#organization\",\"name\":\"Quotidien La Sentinelle\",\"url\":\"https:\\\/\\\/lasentinelle.dz\\\/\",\"logo\":{\"@type\":\"ImageObject\",\"inLanguage\":\"fr-FR\",\"@id\":\"https:\\\/\\\/lasentinelle.dz\\\/#\\\/schema\\\/logo\\\/image\\\/\",\"url\":\"https:\\\/\\\/lasentinelle.dz\\\/wp-content\\\/uploads\\\/2021\\\/09\\\/logo-sentinelleSLOGAN-1.png\",\"contentUrl\":\"https:\\\/\\\/lasentinelle.dz\\\/wp-content\\\/uploads\\\/2021\\\/09\\\/logo-sentinelleSLOGAN-1.png\",\"width\":615,\"height\":142,\"caption\":\"Quotidien La Sentinelle\"},\"image\":{\"@id\":\"https:\\\/\\\/lasentinelle.dz\\\/#\\\/schema\\\/logo\\\/image\\\/\"},\"sameAs\":[\"https:\\\/\\\/www.facebook.com\\\/La-Sentinelle-104059864394773\"]},{\"@type\":\"Person\",\"@id\":\"https:\\\/\\\/lasentinelle.dz\\\/#\\\/schema\\\/person\\\/d865044e22e70a75174ce8bcad3acfb3\",\"name\":\"La Sentinelle\",\"image\":{\"@type\":\"ImageObject\",\"inLanguage\":\"fr-FR\",\"@id\":\"https:\\\/\\\/secure.gravatar.com\\\/avatar\\\/57de8e5d4b15d43fb361a71fbb36338450fe67865b528a43dd10ef7c51a20392?s=96&d=mm&r=g\",\"url\":\"https:\\\/\\\/secure.gravatar.com\\\/avatar\\\/57de8e5d4b15d43fb361a71fbb36338450fe67865b528a43dd10ef7c51a20392?s=96&d=mm&r=g\",\"contentUrl\":\"https:\\\/\\\/secure.gravatar.com\\\/avatar\\\/57de8e5d4b15d43fb361a71fbb36338450fe67865b528a43dd10ef7c51a20392?s=96&d=mm&r=g\",\"caption\":\"La Sentinelle\"},\"sameAs\":[\"http:\\\/\\\/www.lasentinelle.dz\"],\"url\":\"https:\\\/\\\/lasentinelle.dz\\\/author\\\/redaction\\\/\"}]}<\/script>\n<!-- \/ Yoast SEO plugin. -->","yoast_head_json":{"title":"G\u00e9nocide \u00e0 Ghaza et acc\u00e9l\u00e9ration de la colonisation en Cisjordanie\u00a0: Un affront pour la communaut\u00e9 internationale - La Sentinelle","robots":{"index":"index","follow":"follow","max-snippet":"max-snippet:-1","max-image-preview":"max-image-preview:large","max-video-preview":"max-video-preview:-1"},"canonical":"https:\/\/lasentinelle.dz\/index.php\/2024\/02\/27\/genocide-a-ghaza-et-acceleration-de-la-colonisation-en-cisjordanie-un-affront-pour-la-communaute-internationale\/","og_locale":"fr_FR","og_type":"article","og_title":"G\u00e9nocide \u00e0 Ghaza et acc\u00e9l\u00e9ration de la colonisation en Cisjordanie\u00a0: Un affront pour la communaut\u00e9 internationale - La Sentinelle","og_description":"La Cour international de Justice a clos hier une semaine d&rsquo;audiences sur les cons\u00e9quences juridiques de l&rsquo;occupation par l&rsquo;entit\u00e9 sioniste","og_url":"https:\/\/lasentinelle.dz\/index.php\/2024\/02\/27\/genocide-a-ghaza-et-acceleration-de-la-colonisation-en-cisjordanie-un-affront-pour-la-communaute-internationale\/","og_site_name":"La Sentinelle","article_publisher":"https:\/\/www.facebook.com\/La-Sentinelle-104059864394773","article_published_time":"2024-02-27T14:19:07+00:00","article_modified_time":"2024-02-27T14:19:25+00:00","og_image":[{"width":2048,"height":1365,"url":"https:\/\/lasentinelle.dz\/wp-content\/uploads\/2024\/02\/CIJ-1.jpeg","type":"image\/jpeg"}],"author":"La Sentinelle","twitter_card":"summary_large_image","twitter_misc":{"\u00c9crit par":"La Sentinelle","Dur\u00e9e de lecture estim\u00e9e":"7 minutes"},"schema":{"@context":"https:\/\/schema.org","@graph":[{"@type":"Article","@id":"https:\/\/lasentinelle.dz\/index.php\/2024\/02\/27\/genocide-a-ghaza-et-acceleration-de-la-colonisation-en-cisjordanie-un-affront-pour-la-communaute-internationale\/#article","isPartOf":{"@id":"https:\/\/lasentinelle.dz\/index.php\/2024\/02\/27\/genocide-a-ghaza-et-acceleration-de-la-colonisation-en-cisjordanie-un-affront-pour-la-communaute-internationale\/"},"author":{"name":"La Sentinelle","@id":"https:\/\/lasentinelle.dz\/#\/schema\/person\/d865044e22e70a75174ce8bcad3acfb3"},"headline":"G\u00e9nocide \u00e0 Ghaza et acc\u00e9l\u00e9ration de la colonisation en Cisjordanie\u00a0: Un affront pour la communaut\u00e9 internationale","datePublished":"2024-02-27T14:19:07+00:00","dateModified":"2024-02-27T14:19:25+00:00","mainEntityOfPage":{"@id":"https:\/\/lasentinelle.dz\/index.php\/2024\/02\/27\/genocide-a-ghaza-et-acceleration-de-la-colonisation-en-cisjordanie-un-affront-pour-la-communaute-internationale\/"},"wordCount":1371,"commentCount":0,"publisher":{"@id":"https:\/\/lasentinelle.dz\/#organization"},"image":{"@id":"https:\/\/lasentinelle.dz\/index.php\/2024\/02\/27\/genocide-a-ghaza-et-acceleration-de-la-colonisation-en-cisjordanie-un-affront-pour-la-communaute-internationale\/#primaryimage"},"thumbnailUrl":"https:\/\/lasentinelle.dz\/wp-content\/uploads\/2024\/02\/CIJ-1.jpeg","articleSection":["\u00c0 la Une","Actualit\u00e9"],"inLanguage":"fr-FR","potentialAction":[{"@type":"CommentAction","name":"Comment","target":["https:\/\/lasentinelle.dz\/index.php\/2024\/02\/27\/genocide-a-ghaza-et-acceleration-de-la-colonisation-en-cisjordanie-un-affront-pour-la-communaute-internationale\/#respond"]}]},{"@type":"WebPage","@id":"https:\/\/lasentinelle.dz\/index.php\/2024\/02\/27\/genocide-a-ghaza-et-acceleration-de-la-colonisation-en-cisjordanie-un-affront-pour-la-communaute-internationale\/","url":"https:\/\/lasentinelle.dz\/index.php\/2024\/02\/27\/genocide-a-ghaza-et-acceleration-de-la-colonisation-en-cisjordanie-un-affront-pour-la-communaute-internationale\/","name":"G\u00e9nocide \u00e0 Ghaza et acc\u00e9l\u00e9ration de la colonisation en Cisjordanie\u00a0: Un affront pour la communaut\u00e9 internationale - La Sentinelle","isPartOf":{"@id":"https:\/\/lasentinelle.dz\/#website"},"primaryImageOfPage":{"@id":"https:\/\/lasentinelle.dz\/index.php\/2024\/02\/27\/genocide-a-ghaza-et-acceleration-de-la-colonisation-en-cisjordanie-un-affront-pour-la-communaute-internationale\/#primaryimage"},"image":{"@id":"https:\/\/lasentinelle.dz\/index.php\/2024\/02\/27\/genocide-a-ghaza-et-acceleration-de-la-colonisation-en-cisjordanie-un-affront-pour-la-communaute-internationale\/#primaryimage"},"thumbnailUrl":"https:\/\/lasentinelle.dz\/wp-content\/uploads\/2024\/02\/CIJ-1.jpeg","datePublished":"2024-02-27T14:19:07+00:00","dateModified":"2024-02-27T14:19:25+00:00","breadcrumb":{"@id":"https:\/\/lasentinelle.dz\/index.php\/2024\/02\/27\/genocide-a-ghaza-et-acceleration-de-la-colonisation-en-cisjordanie-un-affront-pour-la-communaute-internationale\/#breadcrumb"},"inLanguage":"fr-FR","potentialAction":[{"@type":"ReadAction","target":["https:\/\/lasentinelle.dz\/index.php\/2024\/02\/27\/genocide-a-ghaza-et-acceleration-de-la-colonisation-en-cisjordanie-un-affront-pour-la-communaute-internationale\/"]}]},{"@type":"ImageObject","inLanguage":"fr-FR","@id":"https:\/\/lasentinelle.dz\/index.php\/2024\/02\/27\/genocide-a-ghaza-et-acceleration-de-la-colonisation-en-cisjordanie-un-affront-pour-la-communaute-internationale\/#primaryimage","url":"https:\/\/lasentinelle.dz\/wp-content\/uploads\/2024\/02\/CIJ-1.jpeg","contentUrl":"https:\/\/lasentinelle.dz\/wp-content\/uploads\/2024\/02\/CIJ-1.jpeg","width":2048,"height":1365},{"@type":"BreadcrumbList","@id":"https:\/\/lasentinelle.dz\/index.php\/2024\/02\/27\/genocide-a-ghaza-et-acceleration-de-la-colonisation-en-cisjordanie-un-affront-pour-la-communaute-internationale\/#breadcrumb","itemListElement":[{"@type":"ListItem","position":1,"name":"Accueil","item":"https:\/\/lasentinelle.dz\/"},{"@type":"ListItem","position":2,"name":"G\u00e9nocide \u00e0 Ghaza et acc\u00e9l\u00e9ration de la colonisation en Cisjordanie\u00a0: Un affront pour la communaut\u00e9 internationale"}]},{"@type":"WebSite","@id":"https:\/\/lasentinelle.dz\/#website","url":"https:\/\/lasentinelle.dz\/","name":"La Sentinelle","description":"Quotidien national d&#039;information","publisher":{"@id":"https:\/\/lasentinelle.dz\/#organization"},"potentialAction":[{"@type":"SearchAction","target":{"@type":"EntryPoint","urlTemplate":"https:\/\/lasentinelle.dz\/?s={search_term_string}"},"query-input":{"@type":"PropertyValueSpecification","valueRequired":true,"valueName":"search_term_string"}}],"inLanguage":"fr-FR"},{"@type":"Organization","@id":"https:\/\/lasentinelle.dz\/#organization","name":"Quotidien La Sentinelle","url":"https:\/\/lasentinelle.dz\/","logo":{"@type":"ImageObject","inLanguage":"fr-FR","@id":"https:\/\/lasentinelle.dz\/#\/schema\/logo\/image\/","url":"https:\/\/lasentinelle.dz\/wp-content\/uploads\/2021\/09\/logo-sentinelleSLOGAN-1.png","contentUrl":"https:\/\/lasentinelle.dz\/wp-content\/uploads\/2021\/09\/logo-sentinelleSLOGAN-1.png","width":615,"height":142,"caption":"Quotidien La Sentinelle"},"image":{"@id":"https:\/\/lasentinelle.dz\/#\/schema\/logo\/image\/"},"sameAs":["https:\/\/www.facebook.com\/La-Sentinelle-104059864394773"]},{"@type":"Person","@id":"https:\/\/lasentinelle.dz\/#\/schema\/person\/d865044e22e70a75174ce8bcad3acfb3","name":"La Sentinelle","image":{"@type":"ImageObject","inLanguage":"fr-FR","@id":"https:\/\/secure.gravatar.com\/avatar\/57de8e5d4b15d43fb361a71fbb36338450fe67865b528a43dd10ef7c51a20392?s=96&d=mm&r=g","url":"https:\/\/secure.gravatar.com\/avatar\/57de8e5d4b15d43fb361a71fbb36338450fe67865b528a43dd10ef7c51a20392?s=96&d=mm&r=g","contentUrl":"https:\/\/secure.gravatar.com\/avatar\/57de8e5d4b15d43fb361a71fbb36338450fe67865b528a43dd10ef7c51a20392?s=96&d=mm&r=g","caption":"La Sentinelle"},"sameAs":["http:\/\/www.lasentinelle.dz"],"url":"https:\/\/lasentinelle.dz\/author\/redaction\/"}]}},"_links":{"self":[{"href":"https:\/\/lasentinelle.dz\/index.php\/wp-json\/wp\/v2\/posts\/49876","targetHints":{"allow":["GET"]}}],"collection":[{"href":"https:\/\/lasentinelle.dz\/index.php\/wp-json\/wp\/v2\/posts"}],"about":[{"href":"https:\/\/lasentinelle.dz\/index.php\/wp-json\/wp\/v2\/types\/post"}],"author":[{"embeddable":true,"href":"https:\/\/lasentinelle.dz\/index.php\/wp-json\/wp\/v2\/users\/3"}],"replies":[{"embeddable":true,"href":"https:\/\/lasentinelle.dz\/index.php\/wp-json\/wp\/v2\/comments?post=49876"}],"version-history":[{"count":1,"href":"https:\/\/lasentinelle.dz\/index.php\/wp-json\/wp\/v2\/posts\/49876\/revisions"}],"predecessor-version":[{"id":49878,"href":"https:\/\/lasentinelle.dz\/index.php\/wp-json\/wp\/v2\/posts\/49876\/revisions\/49878"}],"wp:featuredmedia":[{"embeddable":true,"href":"https:\/\/lasentinelle.dz\/index.php\/wp-json\/wp\/v2\/media\/49877"}],"wp:attachment":[{"href":"https:\/\/lasentinelle.dz\/index.php\/wp-json\/wp\/v2\/media?parent=49876"}],"wp:term":[{"taxonomy":"category","embeddable":true,"href":"https:\/\/lasentinelle.dz\/index.php\/wp-json\/wp\/v2\/categories?post=49876"},{"taxonomy":"post_tag","embeddable":true,"href":"https:\/\/lasentinelle.dz\/index.php\/wp-json\/wp\/v2\/tags?post=49876"}],"curies":[{"name":"wp","href":"https:\/\/api.w.org\/{rel}","templated":true}]}}